{"id":52786,"date":"2024-05-25T14:44:55","date_gmt":"2024-05-25T13:44:55","guid":{"rendered":"https:\/\/lasentinelle.dz\/?p=52786"},"modified":"2024-05-25T14:44:58","modified_gmt":"2024-05-25T13:44:58","slug":"en-u20-les-verts-sinclinent-face-aux-ivoiriens","status":"publish","type":"post","link":"https:\/\/lasentinelle.dz\/index.php\/2024\/05\/25\/en-u20-les-verts-sinclinent-face-aux-ivoiriens\/","title":{"rendered":"EN (U20)\u00a0: Les Verts s&rsquo;inclinent face aux Ivoiriens"},"content":{"rendered":"\n<p>La s\u00e9lection alg\u00e9rienne de football des moins de 20 ans (U20), s&rsquo;est inclin\u00e9e devant son homologue ivoirienne 2-0, en match amical disput\u00e9 jeudi au complexe sportif de Bingerville d&rsquo;Abidjan, en vue des prochaines \u00e9ch\u00e9ances.<\/p>\n\n\n\n<p>Les deux buts de la partie ont \u00e9t\u00e9 inscrits par Ciss\u00e9 Isaac Isma\u00ebl (40e) et Sanogo Ibrahim (46e). Les deux \u00e9quipes se rencontreront \u00e0 nouveau demain sur la m\u00eame pelouse \u00e0 17h00 (heure alg\u00e9rienne). &nbsp;A l\u2019issue du match, le s\u00e9lectionneur national, Yacine Mana\u00e2, a estim\u00e9 que cette rencontre reste une belle exp\u00e9rience pour ses joueurs. \u00ab\u00a0Nous avons encaiss\u00e9 deux buts dans des moments difficiles. Apr\u00e8s, on a malheureusement eu une expulsion qui nous a fait du mal. Mais c\u2019est une belle exp\u00e9rience pour nos joueurs. Le plus important c&rsquo;est de permettre aux joueurs de vivre de telles exp\u00e9riences\u00a0\u00bb, a d\u00e9clar\u00e9 Mana\u00e2 au site officiel de la F\u00e9d\u00e9ration ivoirienne (FIF). \u00ab\u00a0Maintenant pour le second match pr\u00e9vu ce dimanche, nous allons travailler et rem\u00e9dier \u00e0 nos faiblesses\u00a0\u00bb, a-t-il ajout\u00e9. De son c\u00f4t\u00e9, le s\u00e9lectionneur ivoirien, Lassina Dao, a estim\u00e9 que le fait de terminer le match avec une sup\u00e9riorit\u00e9 num\u00e9rique avait \u00ab\u00a0favoris\u00e9 notre domination\u00a0\u00bb. \u00ab\u00a0La premi\u00e8re mi-temps a \u00e9t\u00e9 tr\u00e8s bien engag\u00e9e avec beaucoup d\u2019intensit\u00e9 dans le jeu, ce qui nous a permis de marquer le premier but. En seconde p\u00e9riode, nous avons marqu\u00e9 tr\u00e8s t\u00f4t, et \u00e0 partir de l\u00e0, le match \u00e9tait quelque peu facile pour nous. L\u2019expulsion du joueur alg\u00e9rien a aussi favoris\u00e9 notre domination. Nous sommes satisfaits de la performance de nos joueurs. Nous allons bien r\u00e9cup\u00e9rer pour attaquer le deuxi\u00e8me match pr\u00e9vu dimanche.\u00a0\u00bb En vue de ces deux matchs de pr\u00e9paration, Mana\u00e2 a fait appel \u00e0 22 joueurs, dont deux \u00e9voluant \u00e0 l&rsquo;\u00e9tranger : le portier Mastias Hammache (CF Montr\u00e9al\/ Canada) et le d\u00e9fenseur Anis Fatahine (Paris FC\/ France). Les co\u00e9quipiers du milieu de terrain, Kelaleche Abdelmalek, (MC Alger) pr\u00e9parent le tournoi de l&rsquo;Union nord-africaine (UNAF), pr\u00e9vu en Tunisie en octobre prochain, qualificatif pour la phase finale de la CAN-2025 de la cat\u00e9gorie. L&rsquo;\u00e9quipe nationale a pris part en mars dernier \u00e0 un tournoi international disput\u00e9 \u00e0 Alger, au cours duquel les \u00ab\u00a0Verts\u00a0\u00bb se sont impos\u00e9s face \u00e0 l&rsquo;Egypte (2-1) et la Mauritanie (3-1), contre une d\u00e9faite devant la Tunisie (2-3). &nbsp;Install\u00e9 \u00e0 la t\u00eate des U20 le 18 octobre 2023, en remplacement de Mohamed Lacete, limog\u00e9, Yacine Mana\u00e2 a pris ses fonctions en dirigeant en novembre son premier stage effectu\u00e9 au CTN de Sidi Moussa et au stade de Baraki.<\/p>\n\n\n\n<p>R.S.<\/p>\n","protected":false},"excerpt":{"rendered":"<p>La s\u00e9lection alg\u00e9rienne de football des moins de 20 ans (U20), s&rsquo;est inclin\u00e9e devant son homologue ivoirienne 2-0, en match<\/p>\n","protected":false},"author":3,"featured_media":52688,"comment_status":"open","ping_status":"closed","sticky":false,"template":"","format":"standard","meta":{"colormag_page_container_layout":"default_layout","colormag_page_sidebar_layout":"default_layout","om_disable_all_campaigns":false,"_monsterinsights_skip_tracking":false,"_monsterinsights_sitenote_active":false,"_monsterinsights_sitenote_note":"","_monsterinsights_sitenote_category":0,"footnotes":"","_wpscppro_dont_share_socialmedia":false,"_wpscppro_custom_social_share_image":0,"_facebook_share_type":"default","_twitter_share_type":"default","_linkedin_share_type":"default","_pinterest_share_type":"default","_linkedin_share_type_page":"","_instagram_share_type":"default","_medium_share_type":"","_threads_share_type":"","_google_business_share_type":"","_selected_social_profile":[],"_wpsp_enable_custom_social_template":false,"_wpsp_social_scheduling":{"enabled":false,"datetime":null,"platforms":[],"status":"template_only","dateOption":"today","timeOption":"now","customDays":"","customHours":"","customDate":"","customTime":"","schedulingType":"absolute"},"_wpsp_active_default_template":true},"categories":[33],"tags":[],"class_list":["post-52786","post","type-post","status-publish","format-standard","has-post-thumbnail","hentry","category-sports"],"aioseo_notices":[],"yoast_head":"<!-- This site is optimized with the Yoast SEO plugin v27.5 - https:\/\/yoast.com\/product\/yoast-seo-wordpress\/ -->\n<title>EN (U20)\u00a0: Les Verts s&rsquo;inclinent face aux Ivoiriens - La Sentinelle<\/title>\n<meta name=\"robots\" content=\"index, follow, max-snippet:-1, max-image-preview:large, max-video-preview:-1\" \/>\n<link rel=\"canonical\" href=\"https:\/\/lasentinelle.dz\/index.php\/2024\/05\/25\/en-u20-les-verts-sinclinent-face-aux-ivoiriens\/\" \/>\n<meta property=\"og:locale\" content=\"fr_FR\" \/>\n<meta property=\"og:type\" content=\"article\" \/>\n<meta property=\"og:title\" content=\"EN (U20)\u00a0: Les Verts s&rsquo;inclinent face aux Ivoiriens - La Sentinelle\" \/>\n<meta property=\"og:description\" content=\"La s\u00e9lection alg\u00e9rienne de football des moins de 20 ans (U20), s&rsquo;est inclin\u00e9e devant son homologue ivoirienne 2-0, en match\" \/>\n<meta property=\"og:url\" content=\"https:\/\/lasentinelle.dz\/index.php\/2024\/05\/25\/en-u20-les-verts-sinclinent-face-aux-ivoiriens\/\" \/>\n<meta property=\"og:site_name\" content=\"La Sentinelle\" \/>\n<meta property=\"article:publisher\" content=\"https:\/\/www.facebook.com\/La-Sentinelle-104059864394773\" \/>\n<meta property=\"article:published_time\" content=\"2024-05-25T13:44:55+00:00\" \/>\n<meta property=\"article:modified_time\" content=\"2024-05-25T13:44:58+00:00\" \/>\n<meta property=\"og:image\" content=\"https:\/\/lasentinelle.dz\/wp-content\/uploads\/2024\/05\/U20-2.jpeg\" \/>\n\t<meta property=\"og:image:width\" content=\"2400\" \/>\n\t<meta property=\"og:image:height\" content=\"1600\" \/>\n\t<meta property=\"og:image:type\" content=\"image\/jpeg\" \/>\n<meta name=\"author\" content=\"La Sentinelle\" \/>\n<meta name=\"twitter:card\" content=\"summary_large_image\" \/>\n<meta name=\"twitter:label1\" content=\"\u00c9crit par\" \/>\n\t<meta name=\"twitter:data1\" content=\"La Sentinelle\" \/>\n\t<meta name=\"twitter:label2\" content=\"Dur\u00e9e de lecture estim\u00e9e\" \/>\n\t<meta name=\"twitter:data2\" content=\"3 minutes\" \/>\n<script type=\"application\/ld+json\" class=\"yoast-schema-graph\">{\"@context\":\"https:\\\/\\\/schema.org\",\"@graph\":[{\"@type\":\"Article\",\"@id\":\"https:\\\/\\\/lasentinelle.dz\\\/index.php\\\/2024\\\/05\\\/25\\\/en-u20-les-verts-sinclinent-face-aux-ivoiriens\\\/#article\",\"isPartOf\":{\"@id\":\"https:\\\/\\\/lasentinelle.dz\\\/index.php\\\/2024\\\/05\\\/25\\\/en-u20-les-verts-sinclinent-face-aux-ivoiriens\\\/\"},\"author\":{\"name\":\"La Sentinelle\",\"@id\":\"https:\\\/\\\/lasentinelle.dz\\\/#\\\/schema\\\/person\\\/d865044e22e70a75174ce8bcad3acfb3\"},\"headline\":\"EN (U20)\u00a0: Les Verts s&rsquo;inclinent face aux Ivoiriens\",\"datePublished\":\"2024-05-25T13:44:55+00:00\",\"dateModified\":\"2024-05-25T13:44:58+00:00\",\"mainEntityOfPage\":{\"@id\":\"https:\\\/\\\/lasentinelle.dz\\\/index.php\\\/2024\\\/05\\\/25\\\/en-u20-les-verts-sinclinent-face-aux-ivoiriens\\\/\"},\"wordCount\":460,\"commentCount\":0,\"publisher\":{\"@id\":\"https:\\\/\\\/lasentinelle.dz\\\/#organization\"},\"image\":{\"@id\":\"https:\\\/\\\/lasentinelle.dz\\\/index.php\\\/2024\\\/05\\\/25\\\/en-u20-les-verts-sinclinent-face-aux-ivoiriens\\\/#primaryimage\"},\"thumbnailUrl\":\"https:\\\/\\\/lasentinelle.dz\\\/wp-content\\\/uploads\\\/2024\\\/05\\\/U20-2.jpeg\",\"articleSection\":[\"Sports\"],\"inLanguage\":\"fr-FR\",\"potentialAction\":[{\"@type\":\"CommentAction\",\"name\":\"Comment\",\"target\":[\"https:\\\/\\\/lasentinelle.dz\\\/index.php\\\/2024\\\/05\\\/25\\\/en-u20-les-verts-sinclinent-face-aux-ivoiriens\\\/#respond\"]}]},{\"@type\":\"WebPage\",\"@id\":\"https:\\\/\\\/lasentinelle.dz\\\/index.php\\\/2024\\\/05\\\/25\\\/en-u20-les-verts-sinclinent-face-aux-ivoiriens\\\/\",\"url\":\"https:\\\/\\\/lasentinelle.dz\\\/index.php\\\/2024\\\/05\\\/25\\\/en-u20-les-verts-sinclinent-face-aux-ivoiriens\\\/\",\"name\":\"EN (U20)\u00a0: Les Verts s&rsquo;inclinent face aux Ivoiriens - La Sentinelle\",\"isPartOf\":{\"@id\":\"https:\\\/\\\/lasentinelle.dz\\\/#website\"},\"primaryImageOfPage\":{\"@id\":\"https:\\\/\\\/lasentinelle.dz\\\/index.php\\\/2024\\\/05\\\/25\\\/en-u20-les-verts-sinclinent-face-aux-ivoiriens\\\/#primaryimage\"},\"image\":{\"@id\":\"https:\\\/\\\/lasentinelle.dz\\\/index.php\\\/2024\\\/05\\\/25\\\/en-u20-les-verts-sinclinent-face-aux-ivoiriens\\\/#primaryimage\"},\"thumbnailUrl\":\"https:\\\/\\\/lasentinelle.dz\\\/wp-content\\\/uploads\\\/2024\\\/05\\\/U20-2.jpeg\",\"datePublished\":\"2024-05-25T13:44:55+00:00\",\"dateModified\":\"2024-05-25T13:44:58+00:00\",\"breadcrumb\":{\"@id\":\"https:\\\/\\\/lasentinelle.dz\\\/index.php\\\/2024\\\/05\\\/25\\\/en-u20-les-verts-sinclinent-face-aux-ivoiriens\\\/#breadcrumb\"},\"inLanguage\":\"fr-FR\",\"potentialAction\":[{\"@type\":\"ReadAction\",\"target\":[\"https:\\\/\\\/lasentinelle.dz\\\/index.php\\\/2024\\\/05\\\/25\\\/en-u20-les-verts-sinclinent-face-aux-ivoiriens\\\/\"]}]},{\"@type\":\"ImageObject\",\"inLanguage\":\"fr-FR\",\"@id\":\"https:\\\/\\\/lasentinelle.dz\\\/index.php\\\/2024\\\/05\\\/25\\\/en-u20-les-verts-sinclinent-face-aux-ivoiriens\\\/#primaryimage\",\"url\":\"https:\\\/\\\/lasentinelle.dz\\\/wp-content\\\/uploads\\\/2024\\\/05\\\/U20-2.jpeg\",\"contentUrl\":\"https:\\\/\\\/lasentinelle.dz\\\/wp-content\\\/uploads\\\/2024\\\/05\\\/U20-2.jpeg\",\"width\":2400,\"height\":1600},{\"@type\":\"BreadcrumbList\",\"@id\":\"https:\\\/\\\/lasentinelle.dz\\\/index.php\\\/2024\\\/05\\\/25\\\/en-u20-les-verts-sinclinent-face-aux-ivoiriens\\\/#breadcrumb\",\"itemListElement\":[{\"@type\":\"ListItem\",\"position\":1,\"name\":\"Accueil\",\"item\":\"https:\\\/\\\/lasentinelle.dz\\\/\"},{\"@type\":\"ListItem\",\"position\":2,\"name\":\"EN (U20)\u00a0: Les Verts s&rsquo;inclinent face aux Ivoiriens\"}]},{\"@type\":\"WebSite\",\"@id\":\"https:\\\/\\\/lasentinelle.dz\\\/#website\",\"url\":\"https:\\\/\\\/lasentinelle.dz\\\/\",\"name\":\"La Sentinelle\",\"description\":\"Quotidien national d&#039;information\",\"publisher\":{\"@id\":\"https:\\\/\\\/lasentinelle.dz\\\/#organization\"},\"potentialAction\":[{\"@type\":\"SearchAction\",\"target\":{\"@type\":\"EntryPoint\",\"urlTemplate\":\"https:\\\/\\\/lasentinelle.dz\\\/?s={search_term_string}\"},\"query-input\":{\"@type\":\"PropertyValueSpecification\",\"valueRequired\":true,\"valueName\":\"search_term_string\"}}],\"inLanguage\":\"fr-FR\"},{\"@type\":\"Organization\",\"@id\":\"https:\\\/\\\/lasentinelle.dz\\\/#organization\",\"name\":\"Quotidien La Sentinelle\",\"url\":\"https:\\\/\\\/lasentinelle.dz\\\/\",\"logo\":{\"@type\":\"ImageObject\",\"inLanguage\":\"fr-FR\",\"@id\":\"https:\\\/\\\/lasentinelle.dz\\\/#\\\/schema\\\/logo\\\/image\\\/\",\"url\":\"https:\\\/\\\/lasentinelle.dz\\\/wp-content\\\/uploads\\\/2021\\\/09\\\/logo-sentinelleSLOGAN-1.png\",\"contentUrl\":\"https:\\\/\\\/lasentinelle.dz\\\/wp-content\\\/uploads\\\/2021\\\/09\\\/logo-sentinelleSLOGAN-1.png\",\"width\":615,\"height\":142,\"caption\":\"Quotidien La Sentinelle\"},\"image\":{\"@id\":\"https:\\\/\\\/lasentinelle.dz\\\/#\\\/schema\\\/logo\\\/image\\\/\"},\"sameAs\":[\"https:\\\/\\\/www.facebook.com\\\/La-Sentinelle-104059864394773\"]},{\"@type\":\"Person\",\"@id\":\"https:\\\/\\\/lasentinelle.dz\\\/#\\\/schema\\\/person\\\/d865044e22e70a75174ce8bcad3acfb3\",\"name\":\"La Sentinelle\",\"image\":{\"@type\":\"ImageObject\",\"inLanguage\":\"fr-FR\",\"@id\":\"https:\\\/\\\/secure.gravatar.com\\\/avatar\\\/57de8e5d4b15d43fb361a71fbb36338450fe67865b528a43dd10ef7c51a20392?s=96&d=mm&r=g\",\"url\":\"https:\\\/\\\/secure.gravatar.com\\\/avatar\\\/57de8e5d4b15d43fb361a71fbb36338450fe67865b528a43dd10ef7c51a20392?s=96&d=mm&r=g\",\"contentUrl\":\"https:\\\/\\\/secure.gravatar.com\\\/avatar\\\/57de8e5d4b15d43fb361a71fbb36338450fe67865b528a43dd10ef7c51a20392?s=96&d=mm&r=g\",\"caption\":\"La Sentinelle\"},\"sameAs\":[\"http:\\\/\\\/www.lasentinelle.dz\"],\"url\":\"https:\\\/\\\/lasentinelle.dz\\\/author\\\/redaction\\\/\"}]}<\/script>\n<!-- \/ Yoast SEO plugin. -->","yoast_head_json":{"title":"EN (U20)\u00a0: Les Verts s&rsquo;inclinent face aux Ivoiriens - La Sentinelle","robots":{"index":"index","follow":"follow","max-snippet":"max-snippet:-1","max-image-preview":"max-image-preview:large","max-video-preview":"max-video-preview:-1"},"canonical":"https:\/\/lasentinelle.dz\/index.php\/2024\/05\/25\/en-u20-les-verts-sinclinent-face-aux-ivoiriens\/","og_locale":"fr_FR","og_type":"article","og_title":"EN (U20)\u00a0: Les Verts s&rsquo;inclinent face aux Ivoiriens - La Sentinelle","og_description":"La s\u00e9lection alg\u00e9rienne de football des moins de 20 ans (U20), s&rsquo;est inclin\u00e9e devant son homologue ivoirienne 2-0, en match","og_url":"https:\/\/lasentinelle.dz\/index.php\/2024\/05\/25\/en-u20-les-verts-sinclinent-face-aux-ivoiriens\/","og_site_name":"La Sentinelle","article_publisher":"https:\/\/www.facebook.com\/La-Sentinelle-104059864394773","article_published_time":"2024-05-25T13:44:55+00:00","article_modified_time":"2024-05-25T13:44:58+00:00","og_image":[{"width":2400,"height":1600,"url":"https:\/\/lasentinelle.dz\/wp-content\/uploads\/2024\/05\/U20-2.jpeg","type":"image\/jpeg"}],"author":"La Sentinelle","twitter_card":"summary_large_image","twitter_misc":{"\u00c9crit par":"La Sentinelle","Dur\u00e9e de lecture estim\u00e9e":"3 minutes"},"schema":{"@context":"https:\/\/schema.org","@graph":[{"@type":"Article","@id":"https:\/\/lasentinelle.dz\/index.php\/2024\/05\/25\/en-u20-les-verts-sinclinent-face-aux-ivoiriens\/#article","isPartOf":{"@id":"https:\/\/lasentinelle.dz\/index.php\/2024\/05\/25\/en-u20-les-verts-sinclinent-face-aux-ivoiriens\/"},"author":{"name":"La Sentinelle","@id":"https:\/\/lasentinelle.dz\/#\/schema\/person\/d865044e22e70a75174ce8bcad3acfb3"},"headline":"EN (U20)\u00a0: Les Verts s&rsquo;inclinent face aux Ivoiriens","datePublished":"2024-05-25T13:44:55+00:00","dateModified":"2024-05-25T13:44:58+00:00","mainEntityOfPage":{"@id":"https:\/\/lasentinelle.dz\/index.php\/2024\/05\/25\/en-u20-les-verts-sinclinent-face-aux-ivoiriens\/"},"wordCount":460,"commentCount":0,"publisher":{"@id":"https:\/\/lasentinelle.dz\/#organization"},"image":{"@id":"https:\/\/lasentinelle.dz\/index.php\/2024\/05\/25\/en-u20-les-verts-sinclinent-face-aux-ivoiriens\/#primaryimage"},"thumbnailUrl":"https:\/\/lasentinelle.dz\/wp-content\/uploads\/2024\/05\/U20-2.jpeg","articleSection":["Sports"],"inLanguage":"fr-FR","potentialAction":[{"@type":"CommentAction","name":"Comment","target":["https:\/\/lasentinelle.dz\/index.php\/2024\/05\/25\/en-u20-les-verts-sinclinent-face-aux-ivoiriens\/#respond"]}]},{"@type":"WebPage","@id":"https:\/\/lasentinelle.dz\/index.php\/2024\/05\/25\/en-u20-les-verts-sinclinent-face-aux-ivoiriens\/","url":"https:\/\/lasentinelle.dz\/index.php\/2024\/05\/25\/en-u20-les-verts-sinclinent-face-aux-ivoiriens\/","name":"EN (U20)\u00a0: Les Verts s&rsquo;inclinent face aux Ivoiriens - La Sentinelle","isPartOf":{"@id":"https:\/\/lasentinelle.dz\/#website"},"primaryImageOfPage":{"@id":"https:\/\/lasentinelle.dz\/index.php\/2024\/05\/25\/en-u20-les-verts-sinclinent-face-aux-ivoiriens\/#primaryimage"},"image":{"@id":"https:\/\/lasentinelle.dz\/index.php\/2024\/05\/25\/en-u20-les-verts-sinclinent-face-aux-ivoiriens\/#primaryimage"},"thumbnailUrl":"https:\/\/lasentinelle.dz\/wp-content\/uploads\/2024\/05\/U20-2.jpeg","datePublished":"2024-05-25T13:44:55+00:00","dateModified":"2024-05-25T13:44:58+00:00","breadcrumb":{"@id":"https:\/\/lasentinelle.dz\/index.php\/2024\/05\/25\/en-u20-les-verts-sinclinent-face-aux-ivoiriens\/#breadcrumb"},"inLanguage":"fr-FR","potentialAction":[{"@type":"ReadAction","target":["https:\/\/lasentinelle.dz\/index.php\/2024\/05\/25\/en-u20-les-verts-sinclinent-face-aux-ivoiriens\/"]}]},{"@type":"ImageObject","inLanguage":"fr-FR","@id":"https:\/\/lasentinelle.dz\/index.php\/2024\/05\/25\/en-u20-les-verts-sinclinent-face-aux-ivoiriens\/#primaryimage","url":"https:\/\/lasentinelle.dz\/wp-content\/uploads\/2024\/05\/U20-2.jpeg","contentUrl":"https:\/\/lasentinelle.dz\/wp-content\/uploads\/2024\/05\/U20-2.jpeg","width":2400,"height":1600},{"@type":"BreadcrumbList","@id":"https:\/\/lasentinelle.dz\/index.php\/2024\/05\/25\/en-u20-les-verts-sinclinent-face-aux-ivoiriens\/#breadcrumb","itemListElement":[{"@type":"ListItem","position":1,"name":"Accueil","item":"https:\/\/lasentinelle.dz\/"},{"@type":"ListItem","position":2,"name":"EN (U20)\u00a0: Les Verts s&rsquo;inclinent face aux Ivoiriens"}]},{"@type":"WebSite","@id":"https:\/\/lasentinelle.dz\/#website","url":"https:\/\/lasentinelle.dz\/","name":"La Sentinelle","description":"Quotidien national d&#039;information","publisher":{"@id":"https:\/\/lasentinelle.dz\/#organization"},"potentialAction":[{"@type":"SearchAction","target":{"@type":"EntryPoint","urlTemplate":"https:\/\/lasentinelle.dz\/?s={search_term_string}"},"query-input":{"@type":"PropertyValueSpecification","valueRequired":true,"valueName":"search_term_string"}}],"inLanguage":"fr-FR"},{"@type":"Organization","@id":"https:\/\/lasentinelle.dz\/#organization","name":"Quotidien La Sentinelle","url":"https:\/\/lasentinelle.dz\/","logo":{"@type":"ImageObject","inLanguage":"fr-FR","@id":"https:\/\/lasentinelle.dz\/#\/schema\/logo\/image\/","url":"https:\/\/lasentinelle.dz\/wp-content\/uploads\/2021\/09\/logo-sentinelleSLOGAN-1.png","contentUrl":"https:\/\/lasentinelle.dz\/wp-content\/uploads\/2021\/09\/logo-sentinelleSLOGAN-1.png","width":615,"height":142,"caption":"Quotidien La Sentinelle"},"image":{"@id":"https:\/\/lasentinelle.dz\/#\/schema\/logo\/image\/"},"sameAs":["https:\/\/www.facebook.com\/La-Sentinelle-104059864394773"]},{"@type":"Person","@id":"https:\/\/lasentinelle.dz\/#\/schema\/person\/d865044e22e70a75174ce8bcad3acfb3","name":"La Sentinelle","image":{"@type":"ImageObject","inLanguage":"fr-FR","@id":"https:\/\/secure.gravatar.com\/avatar\/57de8e5d4b15d43fb361a71fbb36338450fe67865b528a43dd10ef7c51a20392?s=96&d=mm&r=g","url":"https:\/\/secure.gravatar.com\/avatar\/57de8e5d4b15d43fb361a71fbb36338450fe67865b528a43dd10ef7c51a20392?s=96&d=mm&r=g","contentUrl":"https:\/\/secure.gravatar.com\/avatar\/57de8e5d4b15d43fb361a71fbb36338450fe67865b528a43dd10ef7c51a20392?s=96&d=mm&r=g","caption":"La Sentinelle"},"sameAs":["http:\/\/www.lasentinelle.dz"],"url":"https:\/\/lasentinelle.dz\/author\/redaction\/"}]}},"_links":{"self":[{"href":"https:\/\/lasentinelle.dz\/index.php\/wp-json\/wp\/v2\/posts\/52786","targetHints":{"allow":["GET"]}}],"collection":[{"href":"https:\/\/lasentinelle.dz\/index.php\/wp-json\/wp\/v2\/posts"}],"about":[{"href":"https:\/\/lasentinelle.dz\/index.php\/wp-json\/wp\/v2\/types\/post"}],"author":[{"embeddable":true,"href":"https:\/\/lasentinelle.dz\/index.php\/wp-json\/wp\/v2\/users\/3"}],"replies":[{"embeddable":true,"href":"https:\/\/lasentinelle.dz\/index.php\/wp-json\/wp\/v2\/comments?post=52786"}],"version-history":[{"count":2,"href":"https:\/\/lasentinelle.dz\/index.php\/wp-json\/wp\/v2\/posts\/52786\/revisions"}],"predecessor-version":[{"id":52788,"href":"https:\/\/lasentinelle.dz\/index.php\/wp-json\/wp\/v2\/posts\/52786\/revisions\/52788"}],"wp:featuredmedia":[{"embeddable":true,"href":"https:\/\/lasentinelle.dz\/index.php\/wp-json\/wp\/v2\/media\/52688"}],"wp:attachment":[{"href":"https:\/\/lasentinelle.dz\/index.php\/wp-json\/wp\/v2\/media?parent=52786"}],"wp:term":[{"taxonomy":"category","embeddable":true,"href":"https:\/\/lasentinelle.dz\/index.php\/wp-json\/wp\/v2\/categories?post=52786"},{"taxonomy":"post_tag","embeddable":true,"href":"https:\/\/lasentinelle.dz\/index.php\/wp-json\/wp\/v2\/tags?post=52786"}],"curies":[{"name":"wp","href":"https:\/\/api.w.org\/{rel}","templated":true}]}}