{"id":52791,"date":"2024-05-25T14:55:23","date_gmt":"2024-05-25T13:55:23","guid":{"rendered":"https:\/\/lasentinelle.dz\/?p=52791"},"modified":"2024-05-25T14:55:27","modified_gmt":"2024-05-25T13:55:27","slug":"biskra-une-production-cerealiere-record-attendue","status":"publish","type":"post","link":"https:\/\/lasentinelle.dz\/index.php\/2024\/05\/25\/biskra-une-production-cerealiere-record-attendue\/","title":{"rendered":"Biskra: Une production c\u00e9r\u00e9ali\u00e8re record attendue"},"content":{"rendered":"\n<p>\u00c0 l\u2019instar de plusieurs wilayas du sud qui ont enregistr\u00e9 des r\u00e9coltes c\u00e9r\u00e9ali\u00e8res record, la capitale des Ziban annonce, elle aussi, une excellente moisson pour la saison 2023-2024.<\/p>\n\n\n\n<p>Les services agricoles de la wilaya de Biskra pr\u00e9voient une r\u00e9colte pr\u00e9visionnelle de plus d\u2019un million de quintaux de c\u00e9r\u00e9ales, sur quelque 30.000 hectares emblav\u00e9s, dont 70 % sont irrigu\u00e9s. Dans la r\u00e9gion des Ziban-est, en particulier dans les communes respectives de Sidi Okba et Zeribet El Oued, les moissonneuses-batteuses tournent \u00e0 plein r\u00e9gime pour moissonner le bl\u00e9 dur et tendre, l\u2019orge et l\u2019avoine qui est notamment destin\u00e9e \u00e0 la production de fourrage. Cette performance \u00e0 Biskra, connue pour \u00eatre un p\u00f4le de production de dattes et de produits mara\u00eechers, est le r\u00e9sultat des orientations du minist\u00e8re de l\u2019Agriculture et du D\u00e9veloppement rural. Celui-ci qui ambitionne d\u2019augmenter dans les wilayas du Sud les superficies arables destin\u00e9es aux cultures strat\u00e9giques, dont les c\u00e9r\u00e9ales entre autres. Cela s&rsquo;inscrit \u00e9galement dans le cadre des efforts consentis par la direction des services agricoles (DSA) qui a encourag\u00e9 les agriculteurs \u00e0 s\u2019investir dans les cultures c\u00e9r\u00e9ali\u00e8res, les a accompagn\u00e9 et conseill\u00e9s, mais aussi, a mis \u00e0 leur disposition tous les moyens, \u00e0 savoir les \u00e9quipements n\u00e9cessaires \u00e0 l\u2019op\u00e9ration de laboure, semence, l\u2019irrigation, accompagnement des cultures tout au long du processus, jusqu\u2019\u00e0 la phase de la r\u00e9colte et la commercialisation de leurs c\u00e9r\u00e9ales. Ainsi, la conjugaison des efforts de l\u2019administration locale et des instituts de recherches en botanique saharienne, de la chambre de l\u2019agriculture, de l&rsquo;office alg\u00e9rien interprofessionnel des C\u00e9r\u00e9ales (OAIC), de l\u2019Institut National de la Protection des V\u00e9g\u00e9taux (INPV) et des agriculteurs donne des r\u00e9sultats probants en mati\u00e8re de production c\u00e9r\u00e9ali\u00e8re dans cette wilaya du sud, est-il mis en avant par tous les services concern\u00e9s. Il est \u00e0 noter que les autorit\u00e9s locales de la wilaya de Biskra pr\u00eatent une attention particuli\u00e8re au secteur de l\u2019agriculture, notamment la fili\u00e8re c\u00e9r\u00e9ali\u00e8re, dont les professionnels de la culture des c\u00e9r\u00e9ales b\u00e9n\u00e9ficient d\u2019aides pour le choix et l\u2019acquisition des semences, de facilit\u00e9s pour l\u2019acc\u00e8s aux sources hydriques et d\u2019un soutien financier pour l\u2019achat des engrais et des produits phytosanitaires ainsi que d\u2019un accompagnement technique.<\/p>\n\n\n\n<p><strong>Sofia Chahine&nbsp;<\/strong><\/p>\n","protected":false},"excerpt":{"rendered":"<p>\u00c0 l\u2019instar de plusieurs wilayas du sud qui ont enregistr\u00e9 des r\u00e9coltes c\u00e9r\u00e9ali\u00e8res record, la capitale des Ziban annonce, elle<\/p>\n","protected":false},"author":3,"featured_media":37092,"comment_status":"open","ping_status":"closed","sticky":false,"template":"","format":"standard","meta":{"colormag_page_container_layout":"default_layout","colormag_page_sidebar_layout":"default_layout","om_disable_all_campaigns":false,"_monsterinsights_skip_tracking":false,"_monsterinsights_sitenote_active":false,"_monsterinsights_sitenote_note":"","_monsterinsights_sitenote_category":0,"footnotes":"","_wpscppro_dont_share_socialmedia":false,"_wpscppro_custom_social_share_image":0,"_facebook_share_type":"default","_twitter_share_type":"default","_linkedin_share_type":"default","_pinterest_share_type":"default","_linkedin_share_type_page":"","_instagram_share_type":"default","_medium_share_type":"","_threads_share_type":"","_google_business_share_type":"","_selected_social_profile":[],"_wpsp_enable_custom_social_template":false,"_wpsp_social_scheduling":{"enabled":false,"datetime":null,"platforms":[],"status":"template_only","dateOption":"today","timeOption":"now","customDays":"","customHours":"","customDate":"","customTime":"","schedulingType":"absolute"},"_wpsp_active_default_template":true},"categories":[31],"tags":[],"class_list":["post-52791","post","type-post","status-publish","format-standard","has-post-thumbnail","hentry","category-regions"],"aioseo_notices":[],"yoast_head":"<!-- This site is optimized with the Yoast SEO plugin v27.5 - https:\/\/yoast.com\/product\/yoast-seo-wordpress\/ -->\n<title>Biskra: Une production c\u00e9r\u00e9ali\u00e8re record attendue - La Sentinelle<\/title>\n<meta name=\"robots\" content=\"index, follow, max-snippet:-1, max-image-preview:large, max-video-preview:-1\" \/>\n<link rel=\"canonical\" href=\"https:\/\/lasentinelle.dz\/index.php\/2024\/05\/25\/biskra-une-production-cerealiere-record-attendue\/\" \/>\n<meta property=\"og:locale\" content=\"fr_FR\" \/>\n<meta property=\"og:type\" content=\"article\" \/>\n<meta property=\"og:title\" content=\"Biskra: Une production c\u00e9r\u00e9ali\u00e8re record attendue - La Sentinelle\" \/>\n<meta property=\"og:description\" content=\"\u00c0 l\u2019instar de plusieurs wilayas du sud qui ont enregistr\u00e9 des r\u00e9coltes c\u00e9r\u00e9ali\u00e8res record, la capitale des Ziban annonce, elle\" \/>\n<meta property=\"og:url\" content=\"https:\/\/lasentinelle.dz\/index.php\/2024\/05\/25\/biskra-une-production-cerealiere-record-attendue\/\" \/>\n<meta property=\"og:site_name\" content=\"La Sentinelle\" \/>\n<meta property=\"article:publisher\" content=\"https:\/\/www.facebook.com\/La-Sentinelle-104059864394773\" \/>\n<meta property=\"article:published_time\" content=\"2024-05-25T13:55:23+00:00\" \/>\n<meta property=\"article:modified_time\" content=\"2024-05-25T13:55:27+00:00\" \/>\n<meta property=\"og:image\" content=\"https:\/\/lasentinelle.dz\/wp-content\/uploads\/2023\/02\/cerealiculture-1024x680.png\" \/>\n\t<meta property=\"og:image:width\" content=\"1024\" \/>\n\t<meta property=\"og:image:height\" content=\"680\" \/>\n\t<meta property=\"og:image:type\" content=\"image\/png\" \/>\n<meta name=\"author\" content=\"La Sentinelle\" \/>\n<meta name=\"twitter:card\" content=\"summary_large_image\" \/>\n<meta name=\"twitter:label1\" content=\"\u00c9crit par\" \/>\n\t<meta name=\"twitter:data1\" content=\"La Sentinelle\" \/>\n\t<meta name=\"twitter:label2\" content=\"Dur\u00e9e de lecture estim\u00e9e\" \/>\n\t<meta name=\"twitter:data2\" content=\"3 minutes\" \/>\n<script type=\"application\/ld+json\" class=\"yoast-schema-graph\">{\"@context\":\"https:\\\/\\\/schema.org\",\"@graph\":[{\"@type\":\"Article\",\"@id\":\"https:\\\/\\\/lasentinelle.dz\\\/index.php\\\/2024\\\/05\\\/25\\\/biskra-une-production-cerealiere-record-attendue\\\/#article\",\"isPartOf\":{\"@id\":\"https:\\\/\\\/lasentinelle.dz\\\/index.php\\\/2024\\\/05\\\/25\\\/biskra-une-production-cerealiere-record-attendue\\\/\"},\"author\":{\"name\":\"La Sentinelle\",\"@id\":\"https:\\\/\\\/lasentinelle.dz\\\/#\\\/schema\\\/person\\\/d865044e22e70a75174ce8bcad3acfb3\"},\"headline\":\"Biskra: Une production c\u00e9r\u00e9ali\u00e8re record attendue\",\"datePublished\":\"2024-05-25T13:55:23+00:00\",\"dateModified\":\"2024-05-25T13:55:27+00:00\",\"mainEntityOfPage\":{\"@id\":\"https:\\\/\\\/lasentinelle.dz\\\/index.php\\\/2024\\\/05\\\/25\\\/biskra-une-production-cerealiere-record-attendue\\\/\"},\"wordCount\":431,\"commentCount\":0,\"publisher\":{\"@id\":\"https:\\\/\\\/lasentinelle.dz\\\/#organization\"},\"image\":{\"@id\":\"https:\\\/\\\/lasentinelle.dz\\\/index.php\\\/2024\\\/05\\\/25\\\/biskra-une-production-cerealiere-record-attendue\\\/#primaryimage\"},\"thumbnailUrl\":\"https:\\\/\\\/lasentinelle.dz\\\/wp-content\\\/uploads\\\/2023\\\/02\\\/cerealiculture.png\",\"articleSection\":[\"R\u00e9gions\"],\"inLanguage\":\"fr-FR\",\"potentialAction\":[{\"@type\":\"CommentAction\",\"name\":\"Comment\",\"target\":[\"https:\\\/\\\/lasentinelle.dz\\\/index.php\\\/2024\\\/05\\\/25\\\/biskra-une-production-cerealiere-record-attendue\\\/#respond\"]}]},{\"@type\":\"WebPage\",\"@id\":\"https:\\\/\\\/lasentinelle.dz\\\/index.php\\\/2024\\\/05\\\/25\\\/biskra-une-production-cerealiere-record-attendue\\\/\",\"url\":\"https:\\\/\\\/lasentinelle.dz\\\/index.php\\\/2024\\\/05\\\/25\\\/biskra-une-production-cerealiere-record-attendue\\\/\",\"name\":\"Biskra: Une production c\u00e9r\u00e9ali\u00e8re record attendue - La Sentinelle\",\"isPartOf\":{\"@id\":\"https:\\\/\\\/lasentinelle.dz\\\/#website\"},\"primaryImageOfPage\":{\"@id\":\"https:\\\/\\\/lasentinelle.dz\\\/index.php\\\/2024\\\/05\\\/25\\\/biskra-une-production-cerealiere-record-attendue\\\/#primaryimage\"},\"image\":{\"@id\":\"https:\\\/\\\/lasentinelle.dz\\\/index.php\\\/2024\\\/05\\\/25\\\/biskra-une-production-cerealiere-record-attendue\\\/#primaryimage\"},\"thumbnailUrl\":\"https:\\\/\\\/lasentinelle.dz\\\/wp-content\\\/uploads\\\/2023\\\/02\\\/cerealiculture.png\",\"datePublished\":\"2024-05-25T13:55:23+00:00\",\"dateModified\":\"2024-05-25T13:55:27+00:00\",\"breadcrumb\":{\"@id\":\"https:\\\/\\\/lasentinelle.dz\\\/index.php\\\/2024\\\/05\\\/25\\\/biskra-une-production-cerealiere-record-attendue\\\/#breadcrumb\"},\"inLanguage\":\"fr-FR\",\"potentialAction\":[{\"@type\":\"ReadAction\",\"target\":[\"https:\\\/\\\/lasentinelle.dz\\\/index.php\\\/2024\\\/05\\\/25\\\/biskra-une-production-cerealiere-record-attendue\\\/\"]}]},{\"@type\":\"ImageObject\",\"inLanguage\":\"fr-FR\",\"@id\":\"https:\\\/\\\/lasentinelle.dz\\\/index.php\\\/2024\\\/05\\\/25\\\/biskra-une-production-cerealiere-record-attendue\\\/#primaryimage\",\"url\":\"https:\\\/\\\/lasentinelle.dz\\\/wp-content\\\/uploads\\\/2023\\\/02\\\/cerealiculture.png\",\"contentUrl\":\"https:\\\/\\\/lasentinelle.dz\\\/wp-content\\\/uploads\\\/2023\\\/02\\\/cerealiculture.png\",\"width\":1355,\"height\":900},{\"@type\":\"BreadcrumbList\",\"@id\":\"https:\\\/\\\/lasentinelle.dz\\\/index.php\\\/2024\\\/05\\\/25\\\/biskra-une-production-cerealiere-record-attendue\\\/#breadcrumb\",\"itemListElement\":[{\"@type\":\"ListItem\",\"position\":1,\"name\":\"Accueil\",\"item\":\"https:\\\/\\\/lasentinelle.dz\\\/\"},{\"@type\":\"ListItem\",\"position\":2,\"name\":\"Biskra: Une production c\u00e9r\u00e9ali\u00e8re record attendue\"}]},{\"@type\":\"WebSite\",\"@id\":\"https:\\\/\\\/lasentinelle.dz\\\/#website\",\"url\":\"https:\\\/\\\/lasentinelle.dz\\\/\",\"name\":\"La Sentinelle\",\"description\":\"Quotidien national d&#039;information\",\"publisher\":{\"@id\":\"https:\\\/\\\/lasentinelle.dz\\\/#organization\"},\"potentialAction\":[{\"@type\":\"SearchAction\",\"target\":{\"@type\":\"EntryPoint\",\"urlTemplate\":\"https:\\\/\\\/lasentinelle.dz\\\/?s={search_term_string}\"},\"query-input\":{\"@type\":\"PropertyValueSpecification\",\"valueRequired\":true,\"valueName\":\"search_term_string\"}}],\"inLanguage\":\"fr-FR\"},{\"@type\":\"Organization\",\"@id\":\"https:\\\/\\\/lasentinelle.dz\\\/#organization\",\"name\":\"Quotidien La Sentinelle\",\"url\":\"https:\\\/\\\/lasentinelle.dz\\\/\",\"logo\":{\"@type\":\"ImageObject\",\"inLanguage\":\"fr-FR\",\"@id\":\"https:\\\/\\\/lasentinelle.dz\\\/#\\\/schema\\\/logo\\\/image\\\/\",\"url\":\"https:\\\/\\\/lasentinelle.dz\\\/wp-content\\\/uploads\\\/2021\\\/09\\\/logo-sentinelleSLOGAN-1.png\",\"contentUrl\":\"https:\\\/\\\/lasentinelle.dz\\\/wp-content\\\/uploads\\\/2021\\\/09\\\/logo-sentinelleSLOGAN-1.png\",\"width\":615,\"height\":142,\"caption\":\"Quotidien La Sentinelle\"},\"image\":{\"@id\":\"https:\\\/\\\/lasentinelle.dz\\\/#\\\/schema\\\/logo\\\/image\\\/\"},\"sameAs\":[\"https:\\\/\\\/www.facebook.com\\\/La-Sentinelle-104059864394773\"]},{\"@type\":\"Person\",\"@id\":\"https:\\\/\\\/lasentinelle.dz\\\/#\\\/schema\\\/person\\\/d865044e22e70a75174ce8bcad3acfb3\",\"name\":\"La Sentinelle\",\"image\":{\"@type\":\"ImageObject\",\"inLanguage\":\"fr-FR\",\"@id\":\"https:\\\/\\\/secure.gravatar.com\\\/avatar\\\/57de8e5d4b15d43fb361a71fbb36338450fe67865b528a43dd10ef7c51a20392?s=96&d=mm&r=g\",\"url\":\"https:\\\/\\\/secure.gravatar.com\\\/avatar\\\/57de8e5d4b15d43fb361a71fbb36338450fe67865b528a43dd10ef7c51a20392?s=96&d=mm&r=g\",\"contentUrl\":\"https:\\\/\\\/secure.gravatar.com\\\/avatar\\\/57de8e5d4b15d43fb361a71fbb36338450fe67865b528a43dd10ef7c51a20392?s=96&d=mm&r=g\",\"caption\":\"La Sentinelle\"},\"sameAs\":[\"http:\\\/\\\/www.lasentinelle.dz\"],\"url\":\"https:\\\/\\\/lasentinelle.dz\\\/author\\\/redaction\\\/\"}]}<\/script>\n<!-- \/ Yoast SEO plugin. -->","yoast_head_json":{"title":"Biskra: Une production c\u00e9r\u00e9ali\u00e8re record attendue - La Sentinelle","robots":{"index":"index","follow":"follow","max-snippet":"max-snippet:-1","max-image-preview":"max-image-preview:large","max-video-preview":"max-video-preview:-1"},"canonical":"https:\/\/lasentinelle.dz\/index.php\/2024\/05\/25\/biskra-une-production-cerealiere-record-attendue\/","og_locale":"fr_FR","og_type":"article","og_title":"Biskra: Une production c\u00e9r\u00e9ali\u00e8re record attendue - La Sentinelle","og_description":"\u00c0 l\u2019instar de plusieurs wilayas du sud qui ont enregistr\u00e9 des r\u00e9coltes c\u00e9r\u00e9ali\u00e8res record, la capitale des Ziban annonce, elle","og_url":"https:\/\/lasentinelle.dz\/index.php\/2024\/05\/25\/biskra-une-production-cerealiere-record-attendue\/","og_site_name":"La Sentinelle","article_publisher":"https:\/\/www.facebook.com\/La-Sentinelle-104059864394773","article_published_time":"2024-05-25T13:55:23+00:00","article_modified_time":"2024-05-25T13:55:27+00:00","og_image":[{"width":1024,"height":680,"url":"https:\/\/lasentinelle.dz\/wp-content\/uploads\/2023\/02\/cerealiculture-1024x680.png","type":"image\/png"}],"author":"La Sentinelle","twitter_card":"summary_large_image","twitter_misc":{"\u00c9crit par":"La Sentinelle","Dur\u00e9e de lecture estim\u00e9e":"3 minutes"},"schema":{"@context":"https:\/\/schema.org","@graph":[{"@type":"Article","@id":"https:\/\/lasentinelle.dz\/index.php\/2024\/05\/25\/biskra-une-production-cerealiere-record-attendue\/#article","isPartOf":{"@id":"https:\/\/lasentinelle.dz\/index.php\/2024\/05\/25\/biskra-une-production-cerealiere-record-attendue\/"},"author":{"name":"La Sentinelle","@id":"https:\/\/lasentinelle.dz\/#\/schema\/person\/d865044e22e70a75174ce8bcad3acfb3"},"headline":"Biskra: Une production c\u00e9r\u00e9ali\u00e8re record attendue","datePublished":"2024-05-25T13:55:23+00:00","dateModified":"2024-05-25T13:55:27+00:00","mainEntityOfPage":{"@id":"https:\/\/lasentinelle.dz\/index.php\/2024\/05\/25\/biskra-une-production-cerealiere-record-attendue\/"},"wordCount":431,"commentCount":0,"publisher":{"@id":"https:\/\/lasentinelle.dz\/#organization"},"image":{"@id":"https:\/\/lasentinelle.dz\/index.php\/2024\/05\/25\/biskra-une-production-cerealiere-record-attendue\/#primaryimage"},"thumbnailUrl":"https:\/\/lasentinelle.dz\/wp-content\/uploads\/2023\/02\/cerealiculture.png","articleSection":["R\u00e9gions"],"inLanguage":"fr-FR","potentialAction":[{"@type":"CommentAction","name":"Comment","target":["https:\/\/lasentinelle.dz\/index.php\/2024\/05\/25\/biskra-une-production-cerealiere-record-attendue\/#respond"]}]},{"@type":"WebPage","@id":"https:\/\/lasentinelle.dz\/index.php\/2024\/05\/25\/biskra-une-production-cerealiere-record-attendue\/","url":"https:\/\/lasentinelle.dz\/index.php\/2024\/05\/25\/biskra-une-production-cerealiere-record-attendue\/","name":"Biskra: Une production c\u00e9r\u00e9ali\u00e8re record attendue - La Sentinelle","isPartOf":{"@id":"https:\/\/lasentinelle.dz\/#website"},"primaryImageOfPage":{"@id":"https:\/\/lasentinelle.dz\/index.php\/2024\/05\/25\/biskra-une-production-cerealiere-record-attendue\/#primaryimage"},"image":{"@id":"https:\/\/lasentinelle.dz\/index.php\/2024\/05\/25\/biskra-une-production-cerealiere-record-attendue\/#primaryimage"},"thumbnailUrl":"https:\/\/lasentinelle.dz\/wp-content\/uploads\/2023\/02\/cerealiculture.png","datePublished":"2024-05-25T13:55:23+00:00","dateModified":"2024-05-25T13:55:27+00:00","breadcrumb":{"@id":"https:\/\/lasentinelle.dz\/index.php\/2024\/05\/25\/biskra-une-production-cerealiere-record-attendue\/#breadcrumb"},"inLanguage":"fr-FR","potentialAction":[{"@type":"ReadAction","target":["https:\/\/lasentinelle.dz\/index.php\/2024\/05\/25\/biskra-une-production-cerealiere-record-attendue\/"]}]},{"@type":"ImageObject","inLanguage":"fr-FR","@id":"https:\/\/lasentinelle.dz\/index.php\/2024\/05\/25\/biskra-une-production-cerealiere-record-attendue\/#primaryimage","url":"https:\/\/lasentinelle.dz\/wp-content\/uploads\/2023\/02\/cerealiculture.png","contentUrl":"https:\/\/lasentinelle.dz\/wp-content\/uploads\/2023\/02\/cerealiculture.png","width":1355,"height":900},{"@type":"BreadcrumbList","@id":"https:\/\/lasentinelle.dz\/index.php\/2024\/05\/25\/biskra-une-production-cerealiere-record-attendue\/#breadcrumb","itemListElement":[{"@type":"ListItem","position":1,"name":"Accueil","item":"https:\/\/lasentinelle.dz\/"},{"@type":"ListItem","position":2,"name":"Biskra: Une production c\u00e9r\u00e9ali\u00e8re record attendue"}]},{"@type":"WebSite","@id":"https:\/\/lasentinelle.dz\/#website","url":"https:\/\/lasentinelle.dz\/","name":"La Sentinelle","description":"Quotidien national d&#039;information","publisher":{"@id":"https:\/\/lasentinelle.dz\/#organization"},"potentialAction":[{"@type":"SearchAction","target":{"@type":"EntryPoint","urlTemplate":"https:\/\/lasentinelle.dz\/?s={search_term_string}"},"query-input":{"@type":"PropertyValueSpecification","valueRequired":true,"valueName":"search_term_string"}}],"inLanguage":"fr-FR"},{"@type":"Organization","@id":"https:\/\/lasentinelle.dz\/#organization","name":"Quotidien La Sentinelle","url":"https:\/\/lasentinelle.dz\/","logo":{"@type":"ImageObject","inLanguage":"fr-FR","@id":"https:\/\/lasentinelle.dz\/#\/schema\/logo\/image\/","url":"https:\/\/lasentinelle.dz\/wp-content\/uploads\/2021\/09\/logo-sentinelleSLOGAN-1.png","contentUrl":"https:\/\/lasentinelle.dz\/wp-content\/uploads\/2021\/09\/logo-sentinelleSLOGAN-1.png","width":615,"height":142,"caption":"Quotidien La Sentinelle"},"image":{"@id":"https:\/\/lasentinelle.dz\/#\/schema\/logo\/image\/"},"sameAs":["https:\/\/www.facebook.com\/La-Sentinelle-104059864394773"]},{"@type":"Person","@id":"https:\/\/lasentinelle.dz\/#\/schema\/person\/d865044e22e70a75174ce8bcad3acfb3","name":"La Sentinelle","image":{"@type":"ImageObject","inLanguage":"fr-FR","@id":"https:\/\/secure.gravatar.com\/avatar\/57de8e5d4b15d43fb361a71fbb36338450fe67865b528a43dd10ef7c51a20392?s=96&d=mm&r=g","url":"https:\/\/secure.gravatar.com\/avatar\/57de8e5d4b15d43fb361a71fbb36338450fe67865b528a43dd10ef7c51a20392?s=96&d=mm&r=g","contentUrl":"https:\/\/secure.gravatar.com\/avatar\/57de8e5d4b15d43fb361a71fbb36338450fe67865b528a43dd10ef7c51a20392?s=96&d=mm&r=g","caption":"La Sentinelle"},"sameAs":["http:\/\/www.lasentinelle.dz"],"url":"https:\/\/lasentinelle.dz\/author\/redaction\/"}]}},"_links":{"self":[{"href":"https:\/\/lasentinelle.dz\/index.php\/wp-json\/wp\/v2\/posts\/52791","targetHints":{"allow":["GET"]}}],"collection":[{"href":"https:\/\/lasentinelle.dz\/index.php\/wp-json\/wp\/v2\/posts"}],"about":[{"href":"https:\/\/lasentinelle.dz\/index.php\/wp-json\/wp\/v2\/types\/post"}],"author":[{"embeddable":true,"href":"https:\/\/lasentinelle.dz\/index.php\/wp-json\/wp\/v2\/users\/3"}],"replies":[{"embeddable":true,"href":"https:\/\/lasentinelle.dz\/index.php\/wp-json\/wp\/v2\/comments?post=52791"}],"version-history":[{"count":1,"href":"https:\/\/lasentinelle.dz\/index.php\/wp-json\/wp\/v2\/posts\/52791\/revisions"}],"predecessor-version":[{"id":52792,"href":"https:\/\/lasentinelle.dz\/index.php\/wp-json\/wp\/v2\/posts\/52791\/revisions\/52792"}],"wp:featuredmedia":[{"embeddable":true,"href":"https:\/\/lasentinelle.dz\/index.php\/wp-json\/wp\/v2\/media\/37092"}],"wp:attachment":[{"href":"https:\/\/lasentinelle.dz\/index.php\/wp-json\/wp\/v2\/media?parent=52791"}],"wp:term":[{"taxonomy":"category","embeddable":true,"href":"https:\/\/lasentinelle.dz\/index.php\/wp-json\/wp\/v2\/categories?post=52791"},{"taxonomy":"post_tag","embeddable":true,"href":"https:\/\/lasentinelle.dz\/index.php\/wp-json\/wp\/v2\/tags?post=52791"}],"curies":[{"name":"wp","href":"https:\/\/api.w.org\/{rel}","templated":true}]}}