{"id":52807,"date":"2024-05-25T15:06:32","date_gmt":"2024-05-25T14:06:32","guid":{"rendered":"https:\/\/lasentinelle.dz\/?p=52807"},"modified":"2024-05-25T15:06:34","modified_gmt":"2024-05-25T14:06:34","slug":"il-sera-dedie-a-lingenierie-et-la-realisation-des-chemins-de-fer-un-grand-groupe-ferroviaire-cree","status":"publish","type":"post","link":"https:\/\/lasentinelle.dz\/index.php\/2024\/05\/25\/il-sera-dedie-a-lingenierie-et-la-realisation-des-chemins-de-fer-un-grand-groupe-ferroviaire-cree\/","title":{"rendered":"Il sera d\u00e9di\u00e9 \u00e0 l\u2019ing\u00e9nierie et la r\u00e9alisation des chemins de fer\u00a0: Un grand groupe ferroviaire cr\u00e9\u00e9"},"content":{"rendered":"\n<p>Un grand groupe d\u00e9di\u00e9 \u00e0 l\u2019ing\u00e9nierie et \u00e0 la r\u00e9alisation des projets ferroviaires, r\u00e9unissant trois grandes entreprises publiques du secteur ferroviaire, a \u00e9t\u00e9 cr\u00e9\u00e9 sur d\u00e9cision du Conseil des participations de l\u2019\u00c9tat. Ce nouveau groupe public permettre de mettre en synergie l\u2019ensemble des capacit\u00e9s de r\u00e9alisation et d\u2019ing\u00e9nierie en vue d\u2019accompagner les programmes de r\u00e9alisation des grandes infrastructures ferroviaires notamment dans le sud du pays.<\/p>\n\n\n\n<p>Relier le Nord au Sud et l\u2019Est \u00e0 l\u2019Ouest par le rail, telle est l\u2019ambition du pr\u00e9sident de la R\u00e9publique Abdelmadjid Tebboune qui compte sur la r\u00e9alisation d\u2019un maillage du territoire national par les chemins de fer pour accompagner les projets de d\u00e9veloppement local et de d\u00e9senclavement de l\u2019ensemble des r\u00e9gions du pays, les grands projets miniers, industriels et agro-industriels projet\u00e9s, notamment dans le Sud, en sus de stimuler le commerce notamment dans les r\u00e9gions frontali\u00e8res dans la perspective de la cr\u00e9ation de 5 grandes zones franches aux fronti\u00e8res avec la Mauritanie, la Tunisie, la Libye, le Niger et le Mali afin de stimuler l\u2019investissement et r\u00e9aliser l\u2019int\u00e9gration \u00e9conomique et commerciale r\u00e9gionale. Un programme important qui n\u00e9cessit\u00e9 la mobilisation d\u2019importantes ressources publiques et leur optimisation pour le concr\u00e9tiser. C\u2019est dans cet objectif que les pouvoirs publics ont d\u00e9cid\u00e9 de la cr\u00e9ation d\u2019un grand groupe public devant mettre en synergie les capacit\u00e9s de quatre entreprises du secteur ferroviaire \u00e0 savoir Setirail Spa, Infrarail Spa, Railelect Spa, Infrafer Spa pour accompagner la r\u00e9alisation du programme de d\u00e9veloppement du rail. Une d\u00e9cision act\u00e9e par le Conseil des participations de l\u2019\u00c9tat jeudi.<\/p>\n\n\n\n<p>\u00ab&nbsp; S\u2019inscrivant dans la vision strat\u00e9gique \u00e9conomique du Pr\u00e9sident de la R\u00e9publique M. Abdelmadjid Tebboune et en application de ses directives, le Conseil de Participation de l\u2019Etat (CPE) qui vient de tenir, sous la pr\u00e9sidence du Premier Ministre Nadir Larbaoui, sa 184e session, ce jeudi 23 mai 2024, a act\u00e9 la cr\u00e9ation d\u2019un grand groupe public d\u00e9di\u00e9 \u00e0 l\u2019ing\u00e9nierie et \u00e0 la r\u00e9alisation des projets ferroviaires, \u00e0 travers la reconfiguration du secteur public des infrastructures ferroviaires&nbsp;\u00bb, a annonc\u00e9 un communiqu\u00e9 des services du Premier ministre. \u00ab&nbsp;L\u2019approche retenue vise \u00e0 mettre \u00e0 profit l\u2019important programme ferroviaire d\u00e9cid\u00e9 \u060c pour mettre en synergie les capacit\u00e9s d\u2019ing\u00e9nierie et de r\u00e9alisation des entreprises publiques sp\u00e9cialis\u00e9es dans le domaine de la construction ferroviaire, dans le cadre d\u2019un regroupement coh\u00e9rent de leurs capacit\u00e9s et de leur savoir-faire&nbsp;\u00bb, ajoute la m\u00eame source. Et de pr\u00e9ciser que \u00ab&nbsp;dans ce cadre, le mod\u00e8le organisationnel projet\u00e9 est ax\u00e9 sur la constitution d\u2019un grand Groupe form\u00e9 par une soci\u00e9t\u00e9 m\u00e8re EPE\/SPA, \u00e0 laquelle sont rattach\u00e9es quatre filiales sp\u00e9cialis\u00e9es dans le ferroviaire \u00e0 savoir, les entreprises publiques \u00e9conomiques suivantes : Setirail Spa, sp\u00e9cialis\u00e9e dans l\u2019ing\u00e9nierie ferroviaire ( \u00e9tudes et suivi des travaux) Infrarail Spa, sp\u00e9cialis\u00e9e dans les travaux d\u2019infrastructures ferroviaires, Railelect Spa, sp\u00e9cialis\u00e9e dans l\u2019\u00e9lectrification ferroviaire et Infrafer Spa en charge des infrastructures et de production d\u2019agr\u00e9gats&nbsp;\u00bb. Les services du Premier ministre soulignent que l\u2019objectif est de doter notre pays \u00ab&nbsp;d\u2019une entit\u00e9 d\u2019envergue, d\u2019ing\u00e9nierie et de r\u00e9alisation dans le domaine ferroviaire, \u00e0 m\u00eame de r\u00e9pondre aux grands projets ferroviaires structurants, d\u00e9cid\u00e9s par Monsieur le Pr\u00e9sident de la R\u00e9publique dans l\u2019optique d\u2019un maillage ferroviaire du territoire, par la densification du r\u00e9seau, ce qui qui requiert une mobilisation cons\u00e9quente des capacit\u00e9s nationales d\u2019ing\u00e9nierie et de r\u00e9alisation&nbsp;\u00bb. Selon la m\u00eame source la cr\u00e9ation de ce groupe poursuit plusieurs objectifs, notamment celui de conforter l\u2019autonomie technologique du pays et de renforcer la position des entreprises nationales face \u00e0 la rude concurrence \u00e9trang\u00e8re, en augmentant les capacit\u00e9s de n\u00e9gociation face ou avec les groupes \u00e9trangers. Il s\u2019agi t aussi d\u2019am\u00e9liorer la maitrise du management, par une mutualisation des ressources et une \u00e9conomie d\u2019\u00e9chelle, notamment, en mati\u00e8re d\u2019approvisionnement. Enfin, l\u2019objectif est d\u2019induire des effets d\u2019entra\u00eenement sur les entreprises nationales hors portefeuille, notamment les sous-traitantes, en amont et en aval de la cha\u00eene de valeur. Il faut rappeler dans ce contexte qu\u2019un programme important de r\u00e9alisation d\u2019infrastructures ferroviaires est en cours. Un programme qui pr\u00e9voit la r\u00e9alisation d\u2019une Alger-Tamanrasset devant relier le Nord au Sud par le rail, et la cr\u00e9ation de 5 couloirs ferroviaires vers le Sud, en sus des lignes mini\u00e8res en cours de r\u00e9alisation. Dans ce contexte, le directeur g\u00e9n\u00e9ral de l\u2019Agence nationale d\u2019\u00e9tudes et de suivi de la r\u00e9alisation des investissements ferroviaires (ANESRIF), a indiqu\u00e9 au mois de f\u00e9vrier dernier dans un expos\u00e9 \u00e0 l\u2019Assembl\u00e9e populaire nationale que la r\u00e9alisation de plus de 5.600 km de lignes de chemins de fer est en cours d\u2019\u00e9tude au niveau de l\u2019Agence alors qu\u2019une quinzaine de lignes est en cours de r\u00e9alisation sur un lin\u00e9aire total de 2773 km, dont 727 km relatifs au d\u00e9doublement des lignes actuelles. &nbsp;. Il a pr\u00e9cis\u00e9 que ce vaste programme de d\u00e9veloppement du rail qui permettra de porter l\u2019\u00e9tendue du r\u00e9seau ferroviaire nationale de 4737 km actuellement exploit\u00e9s \u00e0 plus de 15.000 km \u00e0 la fin du programme. Il a ainsi a \u00e9voqu\u00e9 le raccordement de diff\u00e9rentes zones industrielles, des ports, des zones d\u2019activit\u00e9s et des villes nouvelles, en sus de l\u2019intensification du r\u00e9seau ferroviaire, en vue de permettre le d\u00e9veloppement r\u00e9gional \u00e9quilibr\u00e9 dans les r\u00e9gions de l\u2019int\u00e9rieur du pays (Nord, Hauts-Plateaux, Sud et Grand Sud) au plan socio-\u00e9conomique.<\/p>\n\n\n\n<p>Rappelons aussi que d\u2019importants moyens financiers ont \u00e9t\u00e9 mobilis\u00e9s par les pouvoirs publics dans le cadre du programme de d\u00e9veloppement du rail. Le minist\u00e8re des Travaux publics et des infrastructures de base a b\u00e9n\u00e9fici\u00e9 d\u2019une rallonge budg\u00e9taire, au titre de l\u2019exercice 2023 pour mener ce programme. Un d\u00e9cret pr\u00e9sidentiel dat\u00e9 du 26 d\u00e9cembre 2023 et publi\u00e9 dans le Journal officiel du 10 janvier acte le transfert d\u2019un cr\u00e9dit de plus de 481 milliards de dinars -l\u2019\u00e9quivalent de plus de 3,5 milliards de dollars- du chapitre \u00ab D\u00e9penses impr\u00e9vues \u00bb au titre de la Loi de finances compl\u00e9mentaire 2023 vers le d\u00e9partement de Lakhdar Rakhroukh. Cette enveloppe est destin\u00e9e aux programmes de D\u00e9veloppement des infrastructures routi\u00e8res, maritimes et ferroviaires. Cependant, c\u2019est le rail qui se taille la part du lion dans ce programme exceptionnelle. Selon l\u2019annexe du d\u00e9cret, plus de 432 milliards de dinars, soit l\u2019\u00e9quivalent de plus de 3,2 milliards de dollars au taux de change actuel, sont mobilis\u00e9s en faveur du programme de d\u00e9veloppement des infrastructures ferroviaires.<\/p>\n\n\n\n<p>Samir Benisid<\/p>\n","protected":false},"excerpt":{"rendered":"<p>Un grand groupe d\u00e9di\u00e9 \u00e0 l\u2019ing\u00e9nierie et \u00e0 la r\u00e9alisation des projets ferroviaires, r\u00e9unissant trois grandes entreprises publiques du secteur<\/p>\n","protected":false},"author":3,"featured_media":52808,"comment_status":"open","ping_status":"closed","sticky":false,"template":"","format":"standard","meta":{"colormag_page_container_layout":"default_layout","colormag_page_sidebar_layout":"default_layout","om_disable_all_campaigns":false,"_monsterinsights_skip_tracking":false,"_monsterinsights_sitenote_active":false,"_monsterinsights_sitenote_note":"","_monsterinsights_sitenote_category":0,"footnotes":"","_wpscppro_dont_share_socialmedia":false,"_wpscppro_custom_social_share_image":0,"_facebook_share_type":"default","_twitter_share_type":"default","_linkedin_share_type":"default","_pinterest_share_type":"default","_linkedin_share_type_page":"","_instagram_share_type":"default","_medium_share_type":"","_threads_share_type":"","_google_business_share_type":"","_selected_social_profile":[],"_wpsp_enable_custom_social_template":false,"_wpsp_social_scheduling":{"enabled":false,"datetime":null,"platforms":[],"status":"template_only","dateOption":"today","timeOption":"now","customDays":"","customHours":"","customDate":"","customTime":"","schedulingType":"absolute"},"_wpsp_active_default_template":true},"categories":[52,29],"tags":[],"class_list":["post-52807","post","type-post","status-publish","format-standard","has-post-thumbnail","hentry","category-a-la-une","category-economie"],"aioseo_notices":[],"yoast_head":"<!-- This site is optimized with the Yoast SEO plugin v27.4 - https:\/\/yoast.com\/product\/yoast-seo-wordpress\/ -->\n<title>Il sera d\u00e9di\u00e9 \u00e0 l\u2019ing\u00e9nierie et la r\u00e9alisation des chemins de fer\u00a0: Un grand groupe ferroviaire cr\u00e9\u00e9 - La Sentinelle<\/title>\n<meta name=\"robots\" content=\"index, follow, max-snippet:-1, max-image-preview:large, max-video-preview:-1\" \/>\n<link rel=\"canonical\" href=\"https:\/\/lasentinelle.dz\/index.php\/2024\/05\/25\/il-sera-dedie-a-lingenierie-et-la-realisation-des-chemins-de-fer-un-grand-groupe-ferroviaire-cree\/\" \/>\n<meta property=\"og:locale\" content=\"fr_FR\" \/>\n<meta property=\"og:type\" content=\"article\" \/>\n<meta property=\"og:title\" content=\"Il sera d\u00e9di\u00e9 \u00e0 l\u2019ing\u00e9nierie et la r\u00e9alisation des chemins de fer\u00a0: Un grand groupe ferroviaire cr\u00e9\u00e9 - La Sentinelle\" \/>\n<meta property=\"og:description\" content=\"Un grand groupe d\u00e9di\u00e9 \u00e0 l\u2019ing\u00e9nierie et \u00e0 la r\u00e9alisation des projets ferroviaires, r\u00e9unissant trois grandes entreprises publiques du secteur\" \/>\n<meta property=\"og:url\" content=\"https:\/\/lasentinelle.dz\/index.php\/2024\/05\/25\/il-sera-dedie-a-lingenierie-et-la-realisation-des-chemins-de-fer-un-grand-groupe-ferroviaire-cree\/\" \/>\n<meta property=\"og:site_name\" content=\"La Sentinelle\" \/>\n<meta property=\"article:publisher\" content=\"https:\/\/www.facebook.com\/La-Sentinelle-104059864394773\" \/>\n<meta property=\"article:published_time\" content=\"2024-05-25T14:06:32+00:00\" \/>\n<meta property=\"article:modified_time\" content=\"2024-05-25T14:06:34+00:00\" \/>\n<meta property=\"og:image\" content=\"https:\/\/lasentinelle.dz\/wp-content\/uploads\/2024\/05\/rail.jpeg\" \/>\n\t<meta property=\"og:image:width\" content=\"700\" \/>\n\t<meta property=\"og:image:height\" content=\"455\" \/>\n\t<meta property=\"og:image:type\" content=\"image\/jpeg\" \/>\n<meta name=\"author\" content=\"La Sentinelle\" \/>\n<meta name=\"twitter:card\" content=\"summary_large_image\" \/>\n<meta name=\"twitter:label1\" content=\"\u00c9crit par\" \/>\n\t<meta name=\"twitter:data1\" content=\"La Sentinelle\" \/>\n\t<meta name=\"twitter:label2\" content=\"Dur\u00e9e de lecture estim\u00e9e\" \/>\n\t<meta name=\"twitter:data2\" content=\"6 minutes\" \/>\n<script type=\"application\/ld+json\" class=\"yoast-schema-graph\">{\"@context\":\"https:\\\/\\\/schema.org\",\"@graph\":[{\"@type\":\"Article\",\"@id\":\"https:\\\/\\\/lasentinelle.dz\\\/index.php\\\/2024\\\/05\\\/25\\\/il-sera-dedie-a-lingenierie-et-la-realisation-des-chemins-de-fer-un-grand-groupe-ferroviaire-cree\\\/#article\",\"isPartOf\":{\"@id\":\"https:\\\/\\\/lasentinelle.dz\\\/index.php\\\/2024\\\/05\\\/25\\\/il-sera-dedie-a-lingenierie-et-la-realisation-des-chemins-de-fer-un-grand-groupe-ferroviaire-cree\\\/\"},\"author\":{\"name\":\"La Sentinelle\",\"@id\":\"https:\\\/\\\/lasentinelle.dz\\\/#\\\/schema\\\/person\\\/d865044e22e70a75174ce8bcad3acfb3\"},\"headline\":\"Il sera d\u00e9di\u00e9 \u00e0 l\u2019ing\u00e9nierie et la r\u00e9alisation des chemins de fer\u00a0: Un grand groupe ferroviaire cr\u00e9\u00e9\",\"datePublished\":\"2024-05-25T14:06:32+00:00\",\"dateModified\":\"2024-05-25T14:06:34+00:00\",\"mainEntityOfPage\":{\"@id\":\"https:\\\/\\\/lasentinelle.dz\\\/index.php\\\/2024\\\/05\\\/25\\\/il-sera-dedie-a-lingenierie-et-la-realisation-des-chemins-de-fer-un-grand-groupe-ferroviaire-cree\\\/\"},\"wordCount\":1207,\"commentCount\":0,\"publisher\":{\"@id\":\"https:\\\/\\\/lasentinelle.dz\\\/#organization\"},\"image\":{\"@id\":\"https:\\\/\\\/lasentinelle.dz\\\/index.php\\\/2024\\\/05\\\/25\\\/il-sera-dedie-a-lingenierie-et-la-realisation-des-chemins-de-fer-un-grand-groupe-ferroviaire-cree\\\/#primaryimage\"},\"thumbnailUrl\":\"https:\\\/\\\/lasentinelle.dz\\\/wp-content\\\/uploads\\\/2024\\\/05\\\/rail.jpeg\",\"articleSection\":[\"\u00c0 la Une\",\"\u00c9conomie\"],\"inLanguage\":\"fr-FR\",\"potentialAction\":[{\"@type\":\"CommentAction\",\"name\":\"Comment\",\"target\":[\"https:\\\/\\\/lasentinelle.dz\\\/index.php\\\/2024\\\/05\\\/25\\\/il-sera-dedie-a-lingenierie-et-la-realisation-des-chemins-de-fer-un-grand-groupe-ferroviaire-cree\\\/#respond\"]}]},{\"@type\":\"WebPage\",\"@id\":\"https:\\\/\\\/lasentinelle.dz\\\/index.php\\\/2024\\\/05\\\/25\\\/il-sera-dedie-a-lingenierie-et-la-realisation-des-chemins-de-fer-un-grand-groupe-ferroviaire-cree\\\/\",\"url\":\"https:\\\/\\\/lasentinelle.dz\\\/index.php\\\/2024\\\/05\\\/25\\\/il-sera-dedie-a-lingenierie-et-la-realisation-des-chemins-de-fer-un-grand-groupe-ferroviaire-cree\\\/\",\"name\":\"Il sera d\u00e9di\u00e9 \u00e0 l\u2019ing\u00e9nierie et la r\u00e9alisation des chemins de fer\u00a0: Un grand groupe ferroviaire cr\u00e9\u00e9 - La Sentinelle\",\"isPartOf\":{\"@id\":\"https:\\\/\\\/lasentinelle.dz\\\/#website\"},\"primaryImageOfPage\":{\"@id\":\"https:\\\/\\\/lasentinelle.dz\\\/index.php\\\/2024\\\/05\\\/25\\\/il-sera-dedie-a-lingenierie-et-la-realisation-des-chemins-de-fer-un-grand-groupe-ferroviaire-cree\\\/#primaryimage\"},\"image\":{\"@id\":\"https:\\\/\\\/lasentinelle.dz\\\/index.php\\\/2024\\\/05\\\/25\\\/il-sera-dedie-a-lingenierie-et-la-realisation-des-chemins-de-fer-un-grand-groupe-ferroviaire-cree\\\/#primaryimage\"},\"thumbnailUrl\":\"https:\\\/\\\/lasentinelle.dz\\\/wp-content\\\/uploads\\\/2024\\\/05\\\/rail.jpeg\",\"datePublished\":\"2024-05-25T14:06:32+00:00\",\"dateModified\":\"2024-05-25T14:06:34+00:00\",\"breadcrumb\":{\"@id\":\"https:\\\/\\\/lasentinelle.dz\\\/index.php\\\/2024\\\/05\\\/25\\\/il-sera-dedie-a-lingenierie-et-la-realisation-des-chemins-de-fer-un-grand-groupe-ferroviaire-cree\\\/#breadcrumb\"},\"inLanguage\":\"fr-FR\",\"potentialAction\":[{\"@type\":\"ReadAction\",\"target\":[\"https:\\\/\\\/lasentinelle.dz\\\/index.php\\\/2024\\\/05\\\/25\\\/il-sera-dedie-a-lingenierie-et-la-realisation-des-chemins-de-fer-un-grand-groupe-ferroviaire-cree\\\/\"]}]},{\"@type\":\"ImageObject\",\"inLanguage\":\"fr-FR\",\"@id\":\"https:\\\/\\\/lasentinelle.dz\\\/index.php\\\/2024\\\/05\\\/25\\\/il-sera-dedie-a-lingenierie-et-la-realisation-des-chemins-de-fer-un-grand-groupe-ferroviaire-cree\\\/#primaryimage\",\"url\":\"https:\\\/\\\/lasentinelle.dz\\\/wp-content\\\/uploads\\\/2024\\\/05\\\/rail.jpeg\",\"contentUrl\":\"https:\\\/\\\/lasentinelle.dz\\\/wp-content\\\/uploads\\\/2024\\\/05\\\/rail.jpeg\",\"width\":700,\"height\":455},{\"@type\":\"BreadcrumbList\",\"@id\":\"https:\\\/\\\/lasentinelle.dz\\\/index.php\\\/2024\\\/05\\\/25\\\/il-sera-dedie-a-lingenierie-et-la-realisation-des-chemins-de-fer-un-grand-groupe-ferroviaire-cree\\\/#breadcrumb\",\"itemListElement\":[{\"@type\":\"ListItem\",\"position\":1,\"name\":\"Accueil\",\"item\":\"https:\\\/\\\/lasentinelle.dz\\\/\"},{\"@type\":\"ListItem\",\"position\":2,\"name\":\"Il sera d\u00e9di\u00e9 \u00e0 l\u2019ing\u00e9nierie et la r\u00e9alisation des chemins de fer\u00a0: Un grand groupe ferroviaire cr\u00e9\u00e9\"}]},{\"@type\":\"WebSite\",\"@id\":\"https:\\\/\\\/lasentinelle.dz\\\/#website\",\"url\":\"https:\\\/\\\/lasentinelle.dz\\\/\",\"name\":\"La Sentinelle\",\"description\":\"Quotidien national d&#039;information\",\"publisher\":{\"@id\":\"https:\\\/\\\/lasentinelle.dz\\\/#organization\"},\"potentialAction\":[{\"@type\":\"SearchAction\",\"target\":{\"@type\":\"EntryPoint\",\"urlTemplate\":\"https:\\\/\\\/lasentinelle.dz\\\/?s={search_term_string}\"},\"query-input\":{\"@type\":\"PropertyValueSpecification\",\"valueRequired\":true,\"valueName\":\"search_term_string\"}}],\"inLanguage\":\"fr-FR\"},{\"@type\":\"Organization\",\"@id\":\"https:\\\/\\\/lasentinelle.dz\\\/#organization\",\"name\":\"Quotidien La Sentinelle\",\"url\":\"https:\\\/\\\/lasentinelle.dz\\\/\",\"logo\":{\"@type\":\"ImageObject\",\"inLanguage\":\"fr-FR\",\"@id\":\"https:\\\/\\\/lasentinelle.dz\\\/#\\\/schema\\\/logo\\\/image\\\/\",\"url\":\"https:\\\/\\\/lasentinelle.dz\\\/wp-content\\\/uploads\\\/2021\\\/09\\\/logo-sentinelleSLOGAN-1.png\",\"contentUrl\":\"https:\\\/\\\/lasentinelle.dz\\\/wp-content\\\/uploads\\\/2021\\\/09\\\/logo-sentinelleSLOGAN-1.png\",\"width\":615,\"height\":142,\"caption\":\"Quotidien La Sentinelle\"},\"image\":{\"@id\":\"https:\\\/\\\/lasentinelle.dz\\\/#\\\/schema\\\/logo\\\/image\\\/\"},\"sameAs\":[\"https:\\\/\\\/www.facebook.com\\\/La-Sentinelle-104059864394773\"]},{\"@type\":\"Person\",\"@id\":\"https:\\\/\\\/lasentinelle.dz\\\/#\\\/schema\\\/person\\\/d865044e22e70a75174ce8bcad3acfb3\",\"name\":\"La Sentinelle\",\"image\":{\"@type\":\"ImageObject\",\"inLanguage\":\"fr-FR\",\"@id\":\"https:\\\/\\\/secure.gravatar.com\\\/avatar\\\/57de8e5d4b15d43fb361a71fbb36338450fe67865b528a43dd10ef7c51a20392?s=96&d=mm&r=g\",\"url\":\"https:\\\/\\\/secure.gravatar.com\\\/avatar\\\/57de8e5d4b15d43fb361a71fbb36338450fe67865b528a43dd10ef7c51a20392?s=96&d=mm&r=g\",\"contentUrl\":\"https:\\\/\\\/secure.gravatar.com\\\/avatar\\\/57de8e5d4b15d43fb361a71fbb36338450fe67865b528a43dd10ef7c51a20392?s=96&d=mm&r=g\",\"caption\":\"La Sentinelle\"},\"sameAs\":[\"http:\\\/\\\/www.lasentinelle.dz\"],\"url\":\"https:\\\/\\\/lasentinelle.dz\\\/author\\\/redaction\\\/\"}]}<\/script>\n<!-- \/ Yoast SEO plugin. -->","yoast_head_json":{"title":"Il sera d\u00e9di\u00e9 \u00e0 l\u2019ing\u00e9nierie et la r\u00e9alisation des chemins de fer\u00a0: Un grand groupe ferroviaire cr\u00e9\u00e9 - La Sentinelle","robots":{"index":"index","follow":"follow","max-snippet":"max-snippet:-1","max-image-preview":"max-image-preview:large","max-video-preview":"max-video-preview:-1"},"canonical":"https:\/\/lasentinelle.dz\/index.php\/2024\/05\/25\/il-sera-dedie-a-lingenierie-et-la-realisation-des-chemins-de-fer-un-grand-groupe-ferroviaire-cree\/","og_locale":"fr_FR","og_type":"article","og_title":"Il sera d\u00e9di\u00e9 \u00e0 l\u2019ing\u00e9nierie et la r\u00e9alisation des chemins de fer\u00a0: Un grand groupe ferroviaire cr\u00e9\u00e9 - La Sentinelle","og_description":"Un grand groupe d\u00e9di\u00e9 \u00e0 l\u2019ing\u00e9nierie et \u00e0 la r\u00e9alisation des projets ferroviaires, r\u00e9unissant trois grandes entreprises publiques du secteur","og_url":"https:\/\/lasentinelle.dz\/index.php\/2024\/05\/25\/il-sera-dedie-a-lingenierie-et-la-realisation-des-chemins-de-fer-un-grand-groupe-ferroviaire-cree\/","og_site_name":"La Sentinelle","article_publisher":"https:\/\/www.facebook.com\/La-Sentinelle-104059864394773","article_published_time":"2024-05-25T14:06:32+00:00","article_modified_time":"2024-05-25T14:06:34+00:00","og_image":[{"width":700,"height":455,"url":"https:\/\/lasentinelle.dz\/wp-content\/uploads\/2024\/05\/rail.jpeg","type":"image\/jpeg"}],"author":"La Sentinelle","twitter_card":"summary_large_image","twitter_misc":{"\u00c9crit par":"La Sentinelle","Dur\u00e9e de lecture estim\u00e9e":"6 minutes"},"schema":{"@context":"https:\/\/schema.org","@graph":[{"@type":"Article","@id":"https:\/\/lasentinelle.dz\/index.php\/2024\/05\/25\/il-sera-dedie-a-lingenierie-et-la-realisation-des-chemins-de-fer-un-grand-groupe-ferroviaire-cree\/#article","isPartOf":{"@id":"https:\/\/lasentinelle.dz\/index.php\/2024\/05\/25\/il-sera-dedie-a-lingenierie-et-la-realisation-des-chemins-de-fer-un-grand-groupe-ferroviaire-cree\/"},"author":{"name":"La Sentinelle","@id":"https:\/\/lasentinelle.dz\/#\/schema\/person\/d865044e22e70a75174ce8bcad3acfb3"},"headline":"Il sera d\u00e9di\u00e9 \u00e0 l\u2019ing\u00e9nierie et la r\u00e9alisation des chemins de fer\u00a0: Un grand groupe ferroviaire cr\u00e9\u00e9","datePublished":"2024-05-25T14:06:32+00:00","dateModified":"2024-05-25T14:06:34+00:00","mainEntityOfPage":{"@id":"https:\/\/lasentinelle.dz\/index.php\/2024\/05\/25\/il-sera-dedie-a-lingenierie-et-la-realisation-des-chemins-de-fer-un-grand-groupe-ferroviaire-cree\/"},"wordCount":1207,"commentCount":0,"publisher":{"@id":"https:\/\/lasentinelle.dz\/#organization"},"image":{"@id":"https:\/\/lasentinelle.dz\/index.php\/2024\/05\/25\/il-sera-dedie-a-lingenierie-et-la-realisation-des-chemins-de-fer-un-grand-groupe-ferroviaire-cree\/#primaryimage"},"thumbnailUrl":"https:\/\/lasentinelle.dz\/wp-content\/uploads\/2024\/05\/rail.jpeg","articleSection":["\u00c0 la Une","\u00c9conomie"],"inLanguage":"fr-FR","potentialAction":[{"@type":"CommentAction","name":"Comment","target":["https:\/\/lasentinelle.dz\/index.php\/2024\/05\/25\/il-sera-dedie-a-lingenierie-et-la-realisation-des-chemins-de-fer-un-grand-groupe-ferroviaire-cree\/#respond"]}]},{"@type":"WebPage","@id":"https:\/\/lasentinelle.dz\/index.php\/2024\/05\/25\/il-sera-dedie-a-lingenierie-et-la-realisation-des-chemins-de-fer-un-grand-groupe-ferroviaire-cree\/","url":"https:\/\/lasentinelle.dz\/index.php\/2024\/05\/25\/il-sera-dedie-a-lingenierie-et-la-realisation-des-chemins-de-fer-un-grand-groupe-ferroviaire-cree\/","name":"Il sera d\u00e9di\u00e9 \u00e0 l\u2019ing\u00e9nierie et la r\u00e9alisation des chemins de fer\u00a0: Un grand groupe ferroviaire cr\u00e9\u00e9 - La Sentinelle","isPartOf":{"@id":"https:\/\/lasentinelle.dz\/#website"},"primaryImageOfPage":{"@id":"https:\/\/lasentinelle.dz\/index.php\/2024\/05\/25\/il-sera-dedie-a-lingenierie-et-la-realisation-des-chemins-de-fer-un-grand-groupe-ferroviaire-cree\/#primaryimage"},"image":{"@id":"https:\/\/lasentinelle.dz\/index.php\/2024\/05\/25\/il-sera-dedie-a-lingenierie-et-la-realisation-des-chemins-de-fer-un-grand-groupe-ferroviaire-cree\/#primaryimage"},"thumbnailUrl":"https:\/\/lasentinelle.dz\/wp-content\/uploads\/2024\/05\/rail.jpeg","datePublished":"2024-05-25T14:06:32+00:00","dateModified":"2024-05-25T14:06:34+00:00","breadcrumb":{"@id":"https:\/\/lasentinelle.dz\/index.php\/2024\/05\/25\/il-sera-dedie-a-lingenierie-et-la-realisation-des-chemins-de-fer-un-grand-groupe-ferroviaire-cree\/#breadcrumb"},"inLanguage":"fr-FR","potentialAction":[{"@type":"ReadAction","target":["https:\/\/lasentinelle.dz\/index.php\/2024\/05\/25\/il-sera-dedie-a-lingenierie-et-la-realisation-des-chemins-de-fer-un-grand-groupe-ferroviaire-cree\/"]}]},{"@type":"ImageObject","inLanguage":"fr-FR","@id":"https:\/\/lasentinelle.dz\/index.php\/2024\/05\/25\/il-sera-dedie-a-lingenierie-et-la-realisation-des-chemins-de-fer-un-grand-groupe-ferroviaire-cree\/#primaryimage","url":"https:\/\/lasentinelle.dz\/wp-content\/uploads\/2024\/05\/rail.jpeg","contentUrl":"https:\/\/lasentinelle.dz\/wp-content\/uploads\/2024\/05\/rail.jpeg","width":700,"height":455},{"@type":"BreadcrumbList","@id":"https:\/\/lasentinelle.dz\/index.php\/2024\/05\/25\/il-sera-dedie-a-lingenierie-et-la-realisation-des-chemins-de-fer-un-grand-groupe-ferroviaire-cree\/#breadcrumb","itemListElement":[{"@type":"ListItem","position":1,"name":"Accueil","item":"https:\/\/lasentinelle.dz\/"},{"@type":"ListItem","position":2,"name":"Il sera d\u00e9di\u00e9 \u00e0 l\u2019ing\u00e9nierie et la r\u00e9alisation des chemins de fer\u00a0: Un grand groupe ferroviaire cr\u00e9\u00e9"}]},{"@type":"WebSite","@id":"https:\/\/lasentinelle.dz\/#website","url":"https:\/\/lasentinelle.dz\/","name":"La Sentinelle","description":"Quotidien national d&#039;information","publisher":{"@id":"https:\/\/lasentinelle.dz\/#organization"},"potentialAction":[{"@type":"SearchAction","target":{"@type":"EntryPoint","urlTemplate":"https:\/\/lasentinelle.dz\/?s={search_term_string}"},"query-input":{"@type":"PropertyValueSpecification","valueRequired":true,"valueName":"search_term_string"}}],"inLanguage":"fr-FR"},{"@type":"Organization","@id":"https:\/\/lasentinelle.dz\/#organization","name":"Quotidien La Sentinelle","url":"https:\/\/lasentinelle.dz\/","logo":{"@type":"ImageObject","inLanguage":"fr-FR","@id":"https:\/\/lasentinelle.dz\/#\/schema\/logo\/image\/","url":"https:\/\/lasentinelle.dz\/wp-content\/uploads\/2021\/09\/logo-sentinelleSLOGAN-1.png","contentUrl":"https:\/\/lasentinelle.dz\/wp-content\/uploads\/2021\/09\/logo-sentinelleSLOGAN-1.png","width":615,"height":142,"caption":"Quotidien La Sentinelle"},"image":{"@id":"https:\/\/lasentinelle.dz\/#\/schema\/logo\/image\/"},"sameAs":["https:\/\/www.facebook.com\/La-Sentinelle-104059864394773"]},{"@type":"Person","@id":"https:\/\/lasentinelle.dz\/#\/schema\/person\/d865044e22e70a75174ce8bcad3acfb3","name":"La Sentinelle","image":{"@type":"ImageObject","inLanguage":"fr-FR","@id":"https:\/\/secure.gravatar.com\/avatar\/57de8e5d4b15d43fb361a71fbb36338450fe67865b528a43dd10ef7c51a20392?s=96&d=mm&r=g","url":"https:\/\/secure.gravatar.com\/avatar\/57de8e5d4b15d43fb361a71fbb36338450fe67865b528a43dd10ef7c51a20392?s=96&d=mm&r=g","contentUrl":"https:\/\/secure.gravatar.com\/avatar\/57de8e5d4b15d43fb361a71fbb36338450fe67865b528a43dd10ef7c51a20392?s=96&d=mm&r=g","caption":"La Sentinelle"},"sameAs":["http:\/\/www.lasentinelle.dz"],"url":"https:\/\/lasentinelle.dz\/author\/redaction\/"}]}},"_links":{"self":[{"href":"https:\/\/lasentinelle.dz\/index.php\/wp-json\/wp\/v2\/posts\/52807","targetHints":{"allow":["GET"]}}],"collection":[{"href":"https:\/\/lasentinelle.dz\/index.php\/wp-json\/wp\/v2\/posts"}],"about":[{"href":"https:\/\/lasentinelle.dz\/index.php\/wp-json\/wp\/v2\/types\/post"}],"author":[{"embeddable":true,"href":"https:\/\/lasentinelle.dz\/index.php\/wp-json\/wp\/v2\/users\/3"}],"replies":[{"embeddable":true,"href":"https:\/\/lasentinelle.dz\/index.php\/wp-json\/wp\/v2\/comments?post=52807"}],"version-history":[{"count":1,"href":"https:\/\/lasentinelle.dz\/index.php\/wp-json\/wp\/v2\/posts\/52807\/revisions"}],"predecessor-version":[{"id":52809,"href":"https:\/\/lasentinelle.dz\/index.php\/wp-json\/wp\/v2\/posts\/52807\/revisions\/52809"}],"wp:featuredmedia":[{"embeddable":true,"href":"https:\/\/lasentinelle.dz\/index.php\/wp-json\/wp\/v2\/media\/52808"}],"wp:attachment":[{"href":"https:\/\/lasentinelle.dz\/index.php\/wp-json\/wp\/v2\/media?parent=52807"}],"wp:term":[{"taxonomy":"category","embeddable":true,"href":"https:\/\/lasentinelle.dz\/index.php\/wp-json\/wp\/v2\/categories?post=52807"},{"taxonomy":"post_tag","embeddable":true,"href":"https:\/\/lasentinelle.dz\/index.php\/wp-json\/wp\/v2\/tags?post=52807"}],"curies":[{"name":"wp","href":"https:\/\/api.w.org\/{rel}","templated":true}]}}