{"id":52882,"date":"2024-05-27T12:44:14","date_gmt":"2024-05-27T11:44:14","guid":{"rendered":"https:\/\/lasentinelle.dz\/?p=52882"},"modified":"2024-05-27T12:44:18","modified_gmt":"2024-05-27T11:44:18","slug":"51e-anniversaire-du-declenchement-de-la-lutte-armee-le-peuple-sahraoui-lutte-pour-recouvrer-ses-droits-legitimes","status":"publish","type":"post","link":"https:\/\/lasentinelle.dz\/index.php\/2024\/05\/27\/51e-anniversaire-du-declenchement-de-la-lutte-armee-le-peuple-sahraoui-lutte-pour-recouvrer-ses-droits-legitimes\/","title":{"rendered":"51e anniversaire du d\u00e9clenchement de la lutte arm\u00e9e\u00a0: Le peuple sahraoui lutte pour recouvrer ses droits l\u00e9gitimes"},"content":{"rendered":"\n<p>Des participants \u00e0 la Conf\u00e9rence organis\u00e9e samedi \u00e0 Alger, par le Forum des juristes alg\u00e9riens, \u00e0 l&rsquo;occasion du 51e anniversaire du d\u00e9clenchement de la lutte arm\u00e9e \u00e0 Sakia El Hamra et Oued Dahab, ainsi que la cl\u00f4ture d&rsquo;une session de formation au profit de juristes sahraouis, ont affirm\u00e9 que le peuple sahraoui luttait pour recouvrer ses droits l\u00e9gitimes et qu&rsquo;il b\u00e9n\u00e9ficiait toujours du soutien des hommes \u00e9pris de libert\u00e9 \u00e0 travers le monde. Dans une allocution prononc\u00e9e lors de cette Conf\u00e9rence, l&rsquo;ambassadeur de la R\u00e9publique arabe sahraouie d\u00e9mocratique (RASD) en Alg\u00e9rie, Abdelkader Taleb Omar, a indiqu\u00e9 que \u00ab\u00a0le conflit au Sahara Occidental est la lutte du bien contre le mal, une force brutale transgresse les droits des Sahraouis, appuy\u00e9e par les forces de colonisation\u00a0\u00bb, relevant que le peuple sahraoui \u00ab\u00a0lutte pour recouvrer ses droits, appuy\u00e9 par les hommes \u00e9pris de libert\u00e9 \u00e0 travers le monde, \u00e0 leur t\u00eate l&rsquo;Etat alg\u00e9rien\u00a0\u00bb. \u00ab\u00a0La cause sahraouie entame une nouvelle phase de la forte exp\u00e9rience dans le domaine juridique, tandis que la Maroc fait recours aux m\u00e9thodes insidieuses qui doivent \u00eatre d\u00e9nonc\u00e9es afin de parachever la d\u00e9colonisation\u00a0\u00bb, a-t-il ajout\u00e9, estimant que la cause sahraouie \u00ab\u00a0est l&rsquo;une des plus fortes justes causes, d&rsquo;autant qu&rsquo;elle s&rsquo;aligne aux m\u00e9thodes l\u00e9gitimes et l\u00e9gales, contrairement \u00e0 l&rsquo;occupant marocain qui commet des crimes contre les Sahraouis\u00a0\u00bb. Pour sa part, le repr\u00e9sentant du pr\u00e9sident du Conseil de la nation, pr\u00e9sident de la Commission des Affaires \u00e9trang\u00e8res au Conseil, Mohamed Amroune a soulign\u00e9 que la cause sahraouie avait toujours \u00e9t\u00e9 appuy\u00e9e par les positions de l&rsquo;Etat alg\u00e9rien, et ces positions sont claires concernant cette question, relevant que l&rsquo;occupant marocain s&rsquo;est employ\u00e9 depuis son occupation des territoires du Sahara occidental \u00e0 ali\u00e9ner le caract\u00e8re l\u00e9gal dans ce conflit, mais sans succ\u00e8s, car le titre l\u00e9gal de cette question est \u00e9vident, d&rsquo;autant qu&rsquo;il s&rsquo;appuie sur la Charte de l&rsquo;ONU qui reconnait le droit du peuple sahraoui \u00e0 l&rsquo;autod\u00e9termination. Dans le m\u00eame contexte, le vice-pr\u00e9sident du Groupe parlementaire d&rsquo;amiti\u00e9 \u00ab\u00a0Alg\u00e9rie-Sahara occidental\u00a0\u00bb, Kamal Benkhelouf a indiqu\u00e9 que \u00ab\u00a0l&rsquo;occupant marocain ne rate aucune occasion pour entraver l&rsquo;application des instruments et pactes internationaux, \u00e0 leur t\u00eate le principe d&rsquo;autod\u00e9termination promulgu\u00e9 par les Nations unies pla\u00e7ant le Sahara occidental dans ce cadre\u00a0\u00bb, ajoutant que \u00ab\u00a0le Maroc est pass\u00e9 de l&rsquo;occupation \u00e0 l&rsquo;instauration de l&rsquo;occupation ce qui n\u00e9cessite un ensemble de m\u00e9canismes que les juristes devraient prendre en consid\u00e9ration\u00a0\u00bb. De son c\u00f4t\u00e9, la pr\u00e9sidente du Forum des juristes alg\u00e9riens, Me Faizi Amina, a pr\u00e9cis\u00e9 que cette rencontre visait \u00e0 \u00ab\u00a0rappeler les sacrifices des chouhada et affirmer le militantisme des jeunes Sahraouis pour recouvrer leurs territoires spoli\u00e9s\u00a0\u00bb. Le pr\u00e9sident de l&rsquo;Union des juristes sahraouis, Moulay Lebhida a, quant \u00e0 lui, estim\u00e9 que \u00ab\u00a0la lutte arm\u00e9e d\u00e9clench\u00e9e le 20 mai 1973 \u00e9tait un pas courageux de la part du peuple sahraoui qui veut se lib\u00e9rer du joug colonial et recouvrer ses droits\u00a0\u00bb, rappelant le r\u00f4le de l&rsquo;Alg\u00e9rie qui a toujours soutenu la cause sahraouie juste, ce qui refl\u00e8te la profondeur des relations fraternelles et solidaires des deux peuples alg\u00e9rien et sahraoui\u00a0\u00bb. Au terme de la rencontre qui a vu la pr\u00e9sence d&rsquo;enseignants et d&rsquo;experts en droit, des personnalit\u00e9s juridiques nationales et sahraouies ont \u00e9t\u00e9 distingu\u00e9es.<\/p>\n\n\n\n<p>APS<\/p>\n","protected":false},"excerpt":{"rendered":"<p>Des participants \u00e0 la Conf\u00e9rence organis\u00e9e samedi \u00e0 Alger, par le Forum des juristes alg\u00e9riens, \u00e0 l&rsquo;occasion du 51e anniversaire<\/p>\n","protected":false},"author":3,"featured_media":52232,"comment_status":"open","ping_status":"closed","sticky":false,"template":"","format":"standard","meta":{"colormag_page_container_layout":"default_layout","colormag_page_sidebar_layout":"default_layout","om_disable_all_campaigns":false,"_monsterinsights_skip_tracking":false,"_monsterinsights_sitenote_active":false,"_monsterinsights_sitenote_note":"","_monsterinsights_sitenote_category":0,"footnotes":"","_wpscppro_dont_share_socialmedia":false,"_wpscppro_custom_social_share_image":0,"_facebook_share_type":"default","_twitter_share_type":"default","_linkedin_share_type":"default","_pinterest_share_type":"default","_linkedin_share_type_page":"","_instagram_share_type":"default","_medium_share_type":"","_threads_share_type":"","_google_business_share_type":"","_selected_social_profile":[],"_wpsp_enable_custom_social_template":false,"_wpsp_social_scheduling":{"enabled":false,"datetime":null,"platforms":[],"status":"template_only","dateOption":"today","timeOption":"now","customDays":"","customHours":"","customDate":"","customTime":"","schedulingType":"absolute"},"_wpsp_active_default_template":true},"categories":[37],"tags":[],"class_list":["post-52882","post","type-post","status-publish","format-standard","has-post-thumbnail","hentry","category-monde"],"aioseo_notices":[],"yoast_head":"<!-- This site is optimized with the Yoast SEO plugin v27.5 - https:\/\/yoast.com\/product\/yoast-seo-wordpress\/ -->\n<title>51e anniversaire du d\u00e9clenchement de la lutte arm\u00e9e\u00a0: Le peuple sahraoui lutte pour recouvrer ses droits l\u00e9gitimes - La Sentinelle<\/title>\n<meta name=\"robots\" content=\"index, follow, max-snippet:-1, max-image-preview:large, max-video-preview:-1\" \/>\n<link rel=\"canonical\" href=\"https:\/\/lasentinelle.dz\/index.php\/2024\/05\/27\/51e-anniversaire-du-declenchement-de-la-lutte-armee-le-peuple-sahraoui-lutte-pour-recouvrer-ses-droits-legitimes\/\" \/>\n<meta property=\"og:locale\" content=\"fr_FR\" \/>\n<meta property=\"og:type\" content=\"article\" \/>\n<meta property=\"og:title\" content=\"51e anniversaire du d\u00e9clenchement de la lutte arm\u00e9e\u00a0: Le peuple sahraoui lutte pour recouvrer ses droits l\u00e9gitimes - La Sentinelle\" \/>\n<meta property=\"og:description\" content=\"Des participants \u00e0 la Conf\u00e9rence organis\u00e9e samedi \u00e0 Alger, par le Forum des juristes alg\u00e9riens, \u00e0 l&rsquo;occasion du 51e anniversaire\" \/>\n<meta property=\"og:url\" content=\"https:\/\/lasentinelle.dz\/index.php\/2024\/05\/27\/51e-anniversaire-du-declenchement-de-la-lutte-armee-le-peuple-sahraoui-lutte-pour-recouvrer-ses-droits-legitimes\/\" \/>\n<meta property=\"og:site_name\" content=\"La Sentinelle\" \/>\n<meta property=\"article:publisher\" content=\"https:\/\/www.facebook.com\/La-Sentinelle-104059864394773\" \/>\n<meta property=\"article:published_time\" content=\"2024-05-27T11:44:14+00:00\" \/>\n<meta property=\"article:modified_time\" content=\"2024-05-27T11:44:18+00:00\" \/>\n<meta property=\"og:image\" content=\"https:\/\/lasentinelle.dz\/wp-content\/uploads\/2024\/05\/Front-Polisario.jpeg\" \/>\n\t<meta property=\"og:image:width\" content=\"664\" \/>\n\t<meta property=\"og:image:height\" content=\"443\" \/>\n\t<meta property=\"og:image:type\" content=\"image\/jpeg\" \/>\n<meta name=\"author\" content=\"La Sentinelle\" \/>\n<meta name=\"twitter:card\" content=\"summary_large_image\" \/>\n<meta name=\"twitter:label1\" content=\"\u00c9crit par\" \/>\n\t<meta name=\"twitter:data1\" content=\"La Sentinelle\" \/>\n\t<meta name=\"twitter:label2\" content=\"Dur\u00e9e de lecture estim\u00e9e\" \/>\n\t<meta name=\"twitter:data2\" content=\"3 minutes\" \/>\n<script type=\"application\/ld+json\" class=\"yoast-schema-graph\">{\"@context\":\"https:\\\/\\\/schema.org\",\"@graph\":[{\"@type\":\"Article\",\"@id\":\"https:\\\/\\\/lasentinelle.dz\\\/index.php\\\/2024\\\/05\\\/27\\\/51e-anniversaire-du-declenchement-de-la-lutte-armee-le-peuple-sahraoui-lutte-pour-recouvrer-ses-droits-legitimes\\\/#article\",\"isPartOf\":{\"@id\":\"https:\\\/\\\/lasentinelle.dz\\\/index.php\\\/2024\\\/05\\\/27\\\/51e-anniversaire-du-declenchement-de-la-lutte-armee-le-peuple-sahraoui-lutte-pour-recouvrer-ses-droits-legitimes\\\/\"},\"author\":{\"name\":\"La Sentinelle\",\"@id\":\"https:\\\/\\\/lasentinelle.dz\\\/#\\\/schema\\\/person\\\/d865044e22e70a75174ce8bcad3acfb3\"},\"headline\":\"51e anniversaire du d\u00e9clenchement de la lutte arm\u00e9e\u00a0: Le peuple sahraoui lutte pour recouvrer ses droits l\u00e9gitimes\",\"datePublished\":\"2024-05-27T11:44:14+00:00\",\"dateModified\":\"2024-05-27T11:44:18+00:00\",\"mainEntityOfPage\":{\"@id\":\"https:\\\/\\\/lasentinelle.dz\\\/index.php\\\/2024\\\/05\\\/27\\\/51e-anniversaire-du-declenchement-de-la-lutte-armee-le-peuple-sahraoui-lutte-pour-recouvrer-ses-droits-legitimes\\\/\"},\"wordCount\":620,\"commentCount\":0,\"publisher\":{\"@id\":\"https:\\\/\\\/lasentinelle.dz\\\/#organization\"},\"image\":{\"@id\":\"https:\\\/\\\/lasentinelle.dz\\\/index.php\\\/2024\\\/05\\\/27\\\/51e-anniversaire-du-declenchement-de-la-lutte-armee-le-peuple-sahraoui-lutte-pour-recouvrer-ses-droits-legitimes\\\/#primaryimage\"},\"thumbnailUrl\":\"https:\\\/\\\/lasentinelle.dz\\\/wp-content\\\/uploads\\\/2024\\\/05\\\/Front-Polisario.jpeg\",\"articleSection\":[\"Monde\"],\"inLanguage\":\"fr-FR\",\"potentialAction\":[{\"@type\":\"CommentAction\",\"name\":\"Comment\",\"target\":[\"https:\\\/\\\/lasentinelle.dz\\\/index.php\\\/2024\\\/05\\\/27\\\/51e-anniversaire-du-declenchement-de-la-lutte-armee-le-peuple-sahraoui-lutte-pour-recouvrer-ses-droits-legitimes\\\/#respond\"]}]},{\"@type\":\"WebPage\",\"@id\":\"https:\\\/\\\/lasentinelle.dz\\\/index.php\\\/2024\\\/05\\\/27\\\/51e-anniversaire-du-declenchement-de-la-lutte-armee-le-peuple-sahraoui-lutte-pour-recouvrer-ses-droits-legitimes\\\/\",\"url\":\"https:\\\/\\\/lasentinelle.dz\\\/index.php\\\/2024\\\/05\\\/27\\\/51e-anniversaire-du-declenchement-de-la-lutte-armee-le-peuple-sahraoui-lutte-pour-recouvrer-ses-droits-legitimes\\\/\",\"name\":\"51e anniversaire du d\u00e9clenchement de la lutte arm\u00e9e\u00a0: Le peuple sahraoui lutte pour recouvrer ses droits l\u00e9gitimes - La Sentinelle\",\"isPartOf\":{\"@id\":\"https:\\\/\\\/lasentinelle.dz\\\/#website\"},\"primaryImageOfPage\":{\"@id\":\"https:\\\/\\\/lasentinelle.dz\\\/index.php\\\/2024\\\/05\\\/27\\\/51e-anniversaire-du-declenchement-de-la-lutte-armee-le-peuple-sahraoui-lutte-pour-recouvrer-ses-droits-legitimes\\\/#primaryimage\"},\"image\":{\"@id\":\"https:\\\/\\\/lasentinelle.dz\\\/index.php\\\/2024\\\/05\\\/27\\\/51e-anniversaire-du-declenchement-de-la-lutte-armee-le-peuple-sahraoui-lutte-pour-recouvrer-ses-droits-legitimes\\\/#primaryimage\"},\"thumbnailUrl\":\"https:\\\/\\\/lasentinelle.dz\\\/wp-content\\\/uploads\\\/2024\\\/05\\\/Front-Polisario.jpeg\",\"datePublished\":\"2024-05-27T11:44:14+00:00\",\"dateModified\":\"2024-05-27T11:44:18+00:00\",\"breadcrumb\":{\"@id\":\"https:\\\/\\\/lasentinelle.dz\\\/index.php\\\/2024\\\/05\\\/27\\\/51e-anniversaire-du-declenchement-de-la-lutte-armee-le-peuple-sahraoui-lutte-pour-recouvrer-ses-droits-legitimes\\\/#breadcrumb\"},\"inLanguage\":\"fr-FR\",\"potentialAction\":[{\"@type\":\"ReadAction\",\"target\":[\"https:\\\/\\\/lasentinelle.dz\\\/index.php\\\/2024\\\/05\\\/27\\\/51e-anniversaire-du-declenchement-de-la-lutte-armee-le-peuple-sahraoui-lutte-pour-recouvrer-ses-droits-legitimes\\\/\"]}]},{\"@type\":\"ImageObject\",\"inLanguage\":\"fr-FR\",\"@id\":\"https:\\\/\\\/lasentinelle.dz\\\/index.php\\\/2024\\\/05\\\/27\\\/51e-anniversaire-du-declenchement-de-la-lutte-armee-le-peuple-sahraoui-lutte-pour-recouvrer-ses-droits-legitimes\\\/#primaryimage\",\"url\":\"https:\\\/\\\/lasentinelle.dz\\\/wp-content\\\/uploads\\\/2024\\\/05\\\/Front-Polisario.jpeg\",\"contentUrl\":\"https:\\\/\\\/lasentinelle.dz\\\/wp-content\\\/uploads\\\/2024\\\/05\\\/Front-Polisario.jpeg\",\"width\":664,\"height\":443,\"caption\":\"Polisario Front soldiers take part in a parade for the 35th anniversary celebrations of their independence movement for Western Sahara from Morocco, in Tifariti, southwestern Algeria February 27, 2011. REUTERS\\\/Juan Medina (ALGERIA - Tags: CIVIL UNREST POLITICS MILITARY) - RTR2J6W7\"},{\"@type\":\"BreadcrumbList\",\"@id\":\"https:\\\/\\\/lasentinelle.dz\\\/index.php\\\/2024\\\/05\\\/27\\\/51e-anniversaire-du-declenchement-de-la-lutte-armee-le-peuple-sahraoui-lutte-pour-recouvrer-ses-droits-legitimes\\\/#breadcrumb\",\"itemListElement\":[{\"@type\":\"ListItem\",\"position\":1,\"name\":\"Accueil\",\"item\":\"https:\\\/\\\/lasentinelle.dz\\\/\"},{\"@type\":\"ListItem\",\"position\":2,\"name\":\"51e anniversaire du d\u00e9clenchement de la lutte arm\u00e9e\u00a0: Le peuple sahraoui lutte pour recouvrer ses droits l\u00e9gitimes\"}]},{\"@type\":\"WebSite\",\"@id\":\"https:\\\/\\\/lasentinelle.dz\\\/#website\",\"url\":\"https:\\\/\\\/lasentinelle.dz\\\/\",\"name\":\"La Sentinelle\",\"description\":\"Quotidien national d&#039;information\",\"publisher\":{\"@id\":\"https:\\\/\\\/lasentinelle.dz\\\/#organization\"},\"potentialAction\":[{\"@type\":\"SearchAction\",\"target\":{\"@type\":\"EntryPoint\",\"urlTemplate\":\"https:\\\/\\\/lasentinelle.dz\\\/?s={search_term_string}\"},\"query-input\":{\"@type\":\"PropertyValueSpecification\",\"valueRequired\":true,\"valueName\":\"search_term_string\"}}],\"inLanguage\":\"fr-FR\"},{\"@type\":\"Organization\",\"@id\":\"https:\\\/\\\/lasentinelle.dz\\\/#organization\",\"name\":\"Quotidien La Sentinelle\",\"url\":\"https:\\\/\\\/lasentinelle.dz\\\/\",\"logo\":{\"@type\":\"ImageObject\",\"inLanguage\":\"fr-FR\",\"@id\":\"https:\\\/\\\/lasentinelle.dz\\\/#\\\/schema\\\/logo\\\/image\\\/\",\"url\":\"https:\\\/\\\/lasentinelle.dz\\\/wp-content\\\/uploads\\\/2021\\\/09\\\/logo-sentinelleSLOGAN-1.png\",\"contentUrl\":\"https:\\\/\\\/lasentinelle.dz\\\/wp-content\\\/uploads\\\/2021\\\/09\\\/logo-sentinelleSLOGAN-1.png\",\"width\":615,\"height\":142,\"caption\":\"Quotidien La Sentinelle\"},\"image\":{\"@id\":\"https:\\\/\\\/lasentinelle.dz\\\/#\\\/schema\\\/logo\\\/image\\\/\"},\"sameAs\":[\"https:\\\/\\\/www.facebook.com\\\/La-Sentinelle-104059864394773\"]},{\"@type\":\"Person\",\"@id\":\"https:\\\/\\\/lasentinelle.dz\\\/#\\\/schema\\\/person\\\/d865044e22e70a75174ce8bcad3acfb3\",\"name\":\"La Sentinelle\",\"image\":{\"@type\":\"ImageObject\",\"inLanguage\":\"fr-FR\",\"@id\":\"https:\\\/\\\/secure.gravatar.com\\\/avatar\\\/57de8e5d4b15d43fb361a71fbb36338450fe67865b528a43dd10ef7c51a20392?s=96&d=mm&r=g\",\"url\":\"https:\\\/\\\/secure.gravatar.com\\\/avatar\\\/57de8e5d4b15d43fb361a71fbb36338450fe67865b528a43dd10ef7c51a20392?s=96&d=mm&r=g\",\"contentUrl\":\"https:\\\/\\\/secure.gravatar.com\\\/avatar\\\/57de8e5d4b15d43fb361a71fbb36338450fe67865b528a43dd10ef7c51a20392?s=96&d=mm&r=g\",\"caption\":\"La Sentinelle\"},\"sameAs\":[\"http:\\\/\\\/www.lasentinelle.dz\"],\"url\":\"https:\\\/\\\/lasentinelle.dz\\\/author\\\/redaction\\\/\"}]}<\/script>\n<!-- \/ Yoast SEO plugin. -->","yoast_head_json":{"title":"51e anniversaire du d\u00e9clenchement de la lutte arm\u00e9e\u00a0: Le peuple sahraoui lutte pour recouvrer ses droits l\u00e9gitimes - La Sentinelle","robots":{"index":"index","follow":"follow","max-snippet":"max-snippet:-1","max-image-preview":"max-image-preview:large","max-video-preview":"max-video-preview:-1"},"canonical":"https:\/\/lasentinelle.dz\/index.php\/2024\/05\/27\/51e-anniversaire-du-declenchement-de-la-lutte-armee-le-peuple-sahraoui-lutte-pour-recouvrer-ses-droits-legitimes\/","og_locale":"fr_FR","og_type":"article","og_title":"51e anniversaire du d\u00e9clenchement de la lutte arm\u00e9e\u00a0: Le peuple sahraoui lutte pour recouvrer ses droits l\u00e9gitimes - La Sentinelle","og_description":"Des participants \u00e0 la Conf\u00e9rence organis\u00e9e samedi \u00e0 Alger, par le Forum des juristes alg\u00e9riens, \u00e0 l&rsquo;occasion du 51e anniversaire","og_url":"https:\/\/lasentinelle.dz\/index.php\/2024\/05\/27\/51e-anniversaire-du-declenchement-de-la-lutte-armee-le-peuple-sahraoui-lutte-pour-recouvrer-ses-droits-legitimes\/","og_site_name":"La Sentinelle","article_publisher":"https:\/\/www.facebook.com\/La-Sentinelle-104059864394773","article_published_time":"2024-05-27T11:44:14+00:00","article_modified_time":"2024-05-27T11:44:18+00:00","og_image":[{"width":664,"height":443,"url":"https:\/\/lasentinelle.dz\/wp-content\/uploads\/2024\/05\/Front-Polisario.jpeg","type":"image\/jpeg"}],"author":"La Sentinelle","twitter_card":"summary_large_image","twitter_misc":{"\u00c9crit par":"La Sentinelle","Dur\u00e9e de lecture estim\u00e9e":"3 minutes"},"schema":{"@context":"https:\/\/schema.org","@graph":[{"@type":"Article","@id":"https:\/\/lasentinelle.dz\/index.php\/2024\/05\/27\/51e-anniversaire-du-declenchement-de-la-lutte-armee-le-peuple-sahraoui-lutte-pour-recouvrer-ses-droits-legitimes\/#article","isPartOf":{"@id":"https:\/\/lasentinelle.dz\/index.php\/2024\/05\/27\/51e-anniversaire-du-declenchement-de-la-lutte-armee-le-peuple-sahraoui-lutte-pour-recouvrer-ses-droits-legitimes\/"},"author":{"name":"La Sentinelle","@id":"https:\/\/lasentinelle.dz\/#\/schema\/person\/d865044e22e70a75174ce8bcad3acfb3"},"headline":"51e anniversaire du d\u00e9clenchement de la lutte arm\u00e9e\u00a0: Le peuple sahraoui lutte pour recouvrer ses droits l\u00e9gitimes","datePublished":"2024-05-27T11:44:14+00:00","dateModified":"2024-05-27T11:44:18+00:00","mainEntityOfPage":{"@id":"https:\/\/lasentinelle.dz\/index.php\/2024\/05\/27\/51e-anniversaire-du-declenchement-de-la-lutte-armee-le-peuple-sahraoui-lutte-pour-recouvrer-ses-droits-legitimes\/"},"wordCount":620,"commentCount":0,"publisher":{"@id":"https:\/\/lasentinelle.dz\/#organization"},"image":{"@id":"https:\/\/lasentinelle.dz\/index.php\/2024\/05\/27\/51e-anniversaire-du-declenchement-de-la-lutte-armee-le-peuple-sahraoui-lutte-pour-recouvrer-ses-droits-legitimes\/#primaryimage"},"thumbnailUrl":"https:\/\/lasentinelle.dz\/wp-content\/uploads\/2024\/05\/Front-Polisario.jpeg","articleSection":["Monde"],"inLanguage":"fr-FR","potentialAction":[{"@type":"CommentAction","name":"Comment","target":["https:\/\/lasentinelle.dz\/index.php\/2024\/05\/27\/51e-anniversaire-du-declenchement-de-la-lutte-armee-le-peuple-sahraoui-lutte-pour-recouvrer-ses-droits-legitimes\/#respond"]}]},{"@type":"WebPage","@id":"https:\/\/lasentinelle.dz\/index.php\/2024\/05\/27\/51e-anniversaire-du-declenchement-de-la-lutte-armee-le-peuple-sahraoui-lutte-pour-recouvrer-ses-droits-legitimes\/","url":"https:\/\/lasentinelle.dz\/index.php\/2024\/05\/27\/51e-anniversaire-du-declenchement-de-la-lutte-armee-le-peuple-sahraoui-lutte-pour-recouvrer-ses-droits-legitimes\/","name":"51e anniversaire du d\u00e9clenchement de la lutte arm\u00e9e\u00a0: Le peuple sahraoui lutte pour recouvrer ses droits l\u00e9gitimes - La Sentinelle","isPartOf":{"@id":"https:\/\/lasentinelle.dz\/#website"},"primaryImageOfPage":{"@id":"https:\/\/lasentinelle.dz\/index.php\/2024\/05\/27\/51e-anniversaire-du-declenchement-de-la-lutte-armee-le-peuple-sahraoui-lutte-pour-recouvrer-ses-droits-legitimes\/#primaryimage"},"image":{"@id":"https:\/\/lasentinelle.dz\/index.php\/2024\/05\/27\/51e-anniversaire-du-declenchement-de-la-lutte-armee-le-peuple-sahraoui-lutte-pour-recouvrer-ses-droits-legitimes\/#primaryimage"},"thumbnailUrl":"https:\/\/lasentinelle.dz\/wp-content\/uploads\/2024\/05\/Front-Polisario.jpeg","datePublished":"2024-05-27T11:44:14+00:00","dateModified":"2024-05-27T11:44:18+00:00","breadcrumb":{"@id":"https:\/\/lasentinelle.dz\/index.php\/2024\/05\/27\/51e-anniversaire-du-declenchement-de-la-lutte-armee-le-peuple-sahraoui-lutte-pour-recouvrer-ses-droits-legitimes\/#breadcrumb"},"inLanguage":"fr-FR","potentialAction":[{"@type":"ReadAction","target":["https:\/\/lasentinelle.dz\/index.php\/2024\/05\/27\/51e-anniversaire-du-declenchement-de-la-lutte-armee-le-peuple-sahraoui-lutte-pour-recouvrer-ses-droits-legitimes\/"]}]},{"@type":"ImageObject","inLanguage":"fr-FR","@id":"https:\/\/lasentinelle.dz\/index.php\/2024\/05\/27\/51e-anniversaire-du-declenchement-de-la-lutte-armee-le-peuple-sahraoui-lutte-pour-recouvrer-ses-droits-legitimes\/#primaryimage","url":"https:\/\/lasentinelle.dz\/wp-content\/uploads\/2024\/05\/Front-Polisario.jpeg","contentUrl":"https:\/\/lasentinelle.dz\/wp-content\/uploads\/2024\/05\/Front-Polisario.jpeg","width":664,"height":443,"caption":"Polisario Front soldiers take part in a parade for the 35th anniversary celebrations of their independence movement for Western Sahara from Morocco, in Tifariti, southwestern Algeria February 27, 2011. REUTERS\/Juan Medina (ALGERIA - Tags: CIVIL UNREST POLITICS MILITARY) - RTR2J6W7"},{"@type":"BreadcrumbList","@id":"https:\/\/lasentinelle.dz\/index.php\/2024\/05\/27\/51e-anniversaire-du-declenchement-de-la-lutte-armee-le-peuple-sahraoui-lutte-pour-recouvrer-ses-droits-legitimes\/#breadcrumb","itemListElement":[{"@type":"ListItem","position":1,"name":"Accueil","item":"https:\/\/lasentinelle.dz\/"},{"@type":"ListItem","position":2,"name":"51e anniversaire du d\u00e9clenchement de la lutte arm\u00e9e\u00a0: Le peuple sahraoui lutte pour recouvrer ses droits l\u00e9gitimes"}]},{"@type":"WebSite","@id":"https:\/\/lasentinelle.dz\/#website","url":"https:\/\/lasentinelle.dz\/","name":"La Sentinelle","description":"Quotidien national d&#039;information","publisher":{"@id":"https:\/\/lasentinelle.dz\/#organization"},"potentialAction":[{"@type":"SearchAction","target":{"@type":"EntryPoint","urlTemplate":"https:\/\/lasentinelle.dz\/?s={search_term_string}"},"query-input":{"@type":"PropertyValueSpecification","valueRequired":true,"valueName":"search_term_string"}}],"inLanguage":"fr-FR"},{"@type":"Organization","@id":"https:\/\/lasentinelle.dz\/#organization","name":"Quotidien La Sentinelle","url":"https:\/\/lasentinelle.dz\/","logo":{"@type":"ImageObject","inLanguage":"fr-FR","@id":"https:\/\/lasentinelle.dz\/#\/schema\/logo\/image\/","url":"https:\/\/lasentinelle.dz\/wp-content\/uploads\/2021\/09\/logo-sentinelleSLOGAN-1.png","contentUrl":"https:\/\/lasentinelle.dz\/wp-content\/uploads\/2021\/09\/logo-sentinelleSLOGAN-1.png","width":615,"height":142,"caption":"Quotidien La Sentinelle"},"image":{"@id":"https:\/\/lasentinelle.dz\/#\/schema\/logo\/image\/"},"sameAs":["https:\/\/www.facebook.com\/La-Sentinelle-104059864394773"]},{"@type":"Person","@id":"https:\/\/lasentinelle.dz\/#\/schema\/person\/d865044e22e70a75174ce8bcad3acfb3","name":"La Sentinelle","image":{"@type":"ImageObject","inLanguage":"fr-FR","@id":"https:\/\/secure.gravatar.com\/avatar\/57de8e5d4b15d43fb361a71fbb36338450fe67865b528a43dd10ef7c51a20392?s=96&d=mm&r=g","url":"https:\/\/secure.gravatar.com\/avatar\/57de8e5d4b15d43fb361a71fbb36338450fe67865b528a43dd10ef7c51a20392?s=96&d=mm&r=g","contentUrl":"https:\/\/secure.gravatar.com\/avatar\/57de8e5d4b15d43fb361a71fbb36338450fe67865b528a43dd10ef7c51a20392?s=96&d=mm&r=g","caption":"La Sentinelle"},"sameAs":["http:\/\/www.lasentinelle.dz"],"url":"https:\/\/lasentinelle.dz\/author\/redaction\/"}]}},"_links":{"self":[{"href":"https:\/\/lasentinelle.dz\/index.php\/wp-json\/wp\/v2\/posts\/52882","targetHints":{"allow":["GET"]}}],"collection":[{"href":"https:\/\/lasentinelle.dz\/index.php\/wp-json\/wp\/v2\/posts"}],"about":[{"href":"https:\/\/lasentinelle.dz\/index.php\/wp-json\/wp\/v2\/types\/post"}],"author":[{"embeddable":true,"href":"https:\/\/lasentinelle.dz\/index.php\/wp-json\/wp\/v2\/users\/3"}],"replies":[{"embeddable":true,"href":"https:\/\/lasentinelle.dz\/index.php\/wp-json\/wp\/v2\/comments?post=52882"}],"version-history":[{"count":1,"href":"https:\/\/lasentinelle.dz\/index.php\/wp-json\/wp\/v2\/posts\/52882\/revisions"}],"predecessor-version":[{"id":52883,"href":"https:\/\/lasentinelle.dz\/index.php\/wp-json\/wp\/v2\/posts\/52882\/revisions\/52883"}],"wp:featuredmedia":[{"embeddable":true,"href":"https:\/\/lasentinelle.dz\/index.php\/wp-json\/wp\/v2\/media\/52232"}],"wp:attachment":[{"href":"https:\/\/lasentinelle.dz\/index.php\/wp-json\/wp\/v2\/media?parent=52882"}],"wp:term":[{"taxonomy":"category","embeddable":true,"href":"https:\/\/lasentinelle.dz\/index.php\/wp-json\/wp\/v2\/categories?post=52882"},{"taxonomy":"post_tag","embeddable":true,"href":"https:\/\/lasentinelle.dz\/index.php\/wp-json\/wp\/v2\/tags?post=52882"}],"curies":[{"name":"wp","href":"https:\/\/api.w.org\/{rel}","templated":true}]}}