{"id":52884,"date":"2024-05-27T12:45:42","date_gmt":"2024-05-27T11:45:42","guid":{"rendered":"https:\/\/lasentinelle.dz\/?p=52884"},"modified":"2024-05-27T12:45:44","modified_gmt":"2024-05-27T11:45:44","slug":"soudan-134-morts-dans-les-combats-a-el-facher","status":"publish","type":"post","link":"https:\/\/lasentinelle.dz\/index.php\/2024\/05\/27\/soudan-134-morts-dans-les-combats-a-el-facher\/","title":{"rendered":"Soudan\u00a0: 134 morts dans les combats \u00e0 El-Facher"},"content":{"rendered":"\n<p>Au moins 134 personnes ont p\u00e9ri au Soudan dans les combats qui font rage depuis plus de deux semaines dans la ville d&rsquo;El-Facher, selon un bilan actualis\u00e9 fourni dimanche par l&rsquo;ONG M\u00e9decins sans Fronti\u00e8res (MSF), qui rapporte la mort d&rsquo;un de ses employ\u00e9s.<\/p>\n\n\n\n<p>Depuis avril 2023, le Soudan est le th\u00e9\u00e2tre d&rsquo;une guerre opposant l&rsquo;arm\u00e9e du g\u00e9n\u00e9ral Abdel Fattah al-Burhane aux Forces de soutien rapide (FSR), sous le commandement du g\u00e9n\u00e9ral Mohamed Hamdane Daglo. Seule capitale des cinq Etats du Darfour \u00e0 \u00e9chapper au contr\u00f4le des FSR, El-Facher avait longtemps \u00e9t\u00e9 relativement \u00e9pargn\u00e9e par les combats. La ville, accueillant de nombreux r\u00e9fugi\u00e9s, faisait office de hub humanitaire pour cette vaste r\u00e9gion de l&rsquo;Ouest du Soudan menac\u00e9e par la famine. Le 10 mai, des combats intenses y ont \u00e9clat\u00e9, faisant craindre un nouveau tournant \u00ab\u00a0alarmant\u00a0\u00bb dans le conflit, selon le secr\u00e9taire g\u00e9n\u00e9ral de l&rsquo;ONU Antonio Guterres. Dimanche, MSF a annonc\u00e9 la mort d&rsquo;un des \u00ab\u00a0gardiens\u00a0\u00bb affect\u00e9s \u00e0 sa pharmacie, tu\u00e9 la veille \u00ab\u00a0quand les bombardements ont touch\u00e9 sa maison\u00a0\u00bb. Transport\u00e9 au Southern Hospital, seul \u00e9tablissement hospitalier op\u00e9rationnel \u00e0 El-Facher, il a succomb\u00e9 a ses blessures. C&rsquo;est dans cet h\u00f4pital b\u00e9n\u00e9ficiant du soutien de MSF que \u00ab\u00a0979 bless\u00e9s ont \u00e9t\u00e9 soign\u00e9s depuis le d\u00e9but des combats il y a plus de deux semaines\u00a0\u00bb, indique l&rsquo;organisation dans un communiqu\u00e9. \u00ab\u00a0Le bilan des d\u00e9c\u00e8s a atteint les 134, signe de la violente intensit\u00e9 des combats\u00a0\u00bb, poursuit MSF. Mais ce bilan pourrait en r\u00e9alit\u00e9 s&rsquo;av\u00e9rer bien plus \u00e9lev\u00e9: les habitants sont dans l&rsquo;incapacit\u00e9 de se d\u00e9placer pour des soins d&rsquo;urgence en raison des affrontements, frappes d&rsquo;artillerie et bombardements a\u00e9riens de l&rsquo;arm\u00e9e. Selon l&rsquo;ONU, la ville est de fait soumise \u00e0 un si\u00e8ge avec des routes bloqu\u00e9es et une circulation dangereuse ou faisant l&rsquo;objet de restrictions. Les organisations humanitaires ont appel\u00e9 \u00e0 autoriser de nouvelles entr\u00e9es d&rsquo;aides humanitaires, l&rsquo;ONU craignant que les stocks disponibles au Southern Hospital ne permettent de couvrir que les besoins de la semaine \u00e0 venir. Par ailleurs, au Kordofan-Nord, autre r\u00e9gion soudanaise en proie \u00e0 des combats, un volontaire du Croissant-Rouge a \u00e9t\u00e9 tu\u00e9 vendredi par balle alors qu&rsquo;il \u00e9tait en mission, selon le Comit\u00e9 international de la Croix-Rouge. Le conflit au Soudan a d\u00e9j\u00e0 fait des dizaines de milliers de morts. A el-Geneina, capitale du Darfour-Ouest, 10.000 \u00e0 15.000 personnes ont \u00e9t\u00e9 tu\u00e9es, selon l&rsquo;ONU, et pr\u00e8s de neuf millions de personnes ont \u00e9t\u00e9 d\u00e9plac\u00e9es par les violences.<\/p>\n\n\n\n<p>APS<\/p>\n","protected":false},"excerpt":{"rendered":"<p>Au moins 134 personnes ont p\u00e9ri au Soudan dans les combats qui font rage depuis plus de deux semaines dans<\/p>\n","protected":false},"author":3,"featured_media":52835,"comment_status":"open","ping_status":"closed","sticky":false,"template":"","format":"standard","meta":{"colormag_page_container_layout":"default_layout","colormag_page_sidebar_layout":"default_layout","om_disable_all_campaigns":false,"_monsterinsights_skip_tracking":false,"_monsterinsights_sitenote_active":false,"_monsterinsights_sitenote_note":"","_monsterinsights_sitenote_category":0,"footnotes":"","_wpscppro_dont_share_socialmedia":false,"_wpscppro_custom_social_share_image":0,"_facebook_share_type":"default","_twitter_share_type":"default","_linkedin_share_type":"default","_pinterest_share_type":"default","_linkedin_share_type_page":"","_instagram_share_type":"default","_medium_share_type":"","_threads_share_type":"","_google_business_share_type":"","_selected_social_profile":[],"_wpsp_enable_custom_social_template":false,"_wpsp_social_scheduling":{"enabled":false,"datetime":null,"platforms":[],"status":"template_only","dateOption":"today","timeOption":"now","customDays":"","customHours":"","customDate":"","customTime":"","schedulingType":"absolute"},"_wpsp_active_default_template":true},"categories":[37],"tags":[],"class_list":["post-52884","post","type-post","status-publish","format-standard","has-post-thumbnail","hentry","category-monde"],"aioseo_notices":[],"yoast_head":"<!-- This site is optimized with the Yoast SEO plugin v27.5 - https:\/\/yoast.com\/product\/yoast-seo-wordpress\/ -->\n<title>Soudan\u00a0: 134 morts dans les combats \u00e0 El-Facher - La Sentinelle<\/title>\n<meta name=\"robots\" content=\"index, follow, max-snippet:-1, max-image-preview:large, max-video-preview:-1\" \/>\n<link rel=\"canonical\" href=\"https:\/\/lasentinelle.dz\/index.php\/2024\/05\/27\/soudan-134-morts-dans-les-combats-a-el-facher\/\" \/>\n<meta property=\"og:locale\" content=\"fr_FR\" \/>\n<meta property=\"og:type\" content=\"article\" \/>\n<meta property=\"og:title\" content=\"Soudan\u00a0: 134 morts dans les combats \u00e0 El-Facher - La Sentinelle\" \/>\n<meta property=\"og:description\" content=\"Au moins 134 personnes ont p\u00e9ri au Soudan dans les combats qui font rage depuis plus de deux semaines dans\" \/>\n<meta property=\"og:url\" content=\"https:\/\/lasentinelle.dz\/index.php\/2024\/05\/27\/soudan-134-morts-dans-les-combats-a-el-facher\/\" \/>\n<meta property=\"og:site_name\" content=\"La Sentinelle\" \/>\n<meta property=\"article:publisher\" content=\"https:\/\/www.facebook.com\/La-Sentinelle-104059864394773\" \/>\n<meta property=\"article:published_time\" content=\"2024-05-27T11:45:42+00:00\" \/>\n<meta property=\"article:modified_time\" content=\"2024-05-27T11:45:44+00:00\" \/>\n<meta property=\"og:image\" content=\"https:\/\/lasentinelle.dz\/wp-content\/uploads\/2024\/05\/soudan.jpeg\" \/>\n\t<meta property=\"og:image:width\" content=\"664\" \/>\n\t<meta property=\"og:image:height\" content=\"443\" \/>\n\t<meta property=\"og:image:type\" content=\"image\/jpeg\" \/>\n<meta name=\"author\" content=\"La Sentinelle\" \/>\n<meta name=\"twitter:card\" content=\"summary_large_image\" \/>\n<meta name=\"twitter:label1\" content=\"\u00c9crit par\" \/>\n\t<meta name=\"twitter:data1\" content=\"La Sentinelle\" \/>\n\t<meta name=\"twitter:label2\" content=\"Dur\u00e9e de lecture estim\u00e9e\" \/>\n\t<meta name=\"twitter:data2\" content=\"3 minutes\" \/>\n<script type=\"application\/ld+json\" class=\"yoast-schema-graph\">{\"@context\":\"https:\\\/\\\/schema.org\",\"@graph\":[{\"@type\":\"Article\",\"@id\":\"https:\\\/\\\/lasentinelle.dz\\\/index.php\\\/2024\\\/05\\\/27\\\/soudan-134-morts-dans-les-combats-a-el-facher\\\/#article\",\"isPartOf\":{\"@id\":\"https:\\\/\\\/lasentinelle.dz\\\/index.php\\\/2024\\\/05\\\/27\\\/soudan-134-morts-dans-les-combats-a-el-facher\\\/\"},\"author\":{\"name\":\"La Sentinelle\",\"@id\":\"https:\\\/\\\/lasentinelle.dz\\\/#\\\/schema\\\/person\\\/d865044e22e70a75174ce8bcad3acfb3\"},\"headline\":\"Soudan\u00a0: 134 morts dans les combats \u00e0 El-Facher\",\"datePublished\":\"2024-05-27T11:45:42+00:00\",\"dateModified\":\"2024-05-27T11:45:44+00:00\",\"mainEntityOfPage\":{\"@id\":\"https:\\\/\\\/lasentinelle.dz\\\/index.php\\\/2024\\\/05\\\/27\\\/soudan-134-morts-dans-les-combats-a-el-facher\\\/\"},\"wordCount\":453,\"commentCount\":0,\"publisher\":{\"@id\":\"https:\\\/\\\/lasentinelle.dz\\\/#organization\"},\"image\":{\"@id\":\"https:\\\/\\\/lasentinelle.dz\\\/index.php\\\/2024\\\/05\\\/27\\\/soudan-134-morts-dans-les-combats-a-el-facher\\\/#primaryimage\"},\"thumbnailUrl\":\"https:\\\/\\\/lasentinelle.dz\\\/wp-content\\\/uploads\\\/2024\\\/05\\\/soudan.jpeg\",\"articleSection\":[\"Monde\"],\"inLanguage\":\"fr-FR\",\"potentialAction\":[{\"@type\":\"CommentAction\",\"name\":\"Comment\",\"target\":[\"https:\\\/\\\/lasentinelle.dz\\\/index.php\\\/2024\\\/05\\\/27\\\/soudan-134-morts-dans-les-combats-a-el-facher\\\/#respond\"]}]},{\"@type\":\"WebPage\",\"@id\":\"https:\\\/\\\/lasentinelle.dz\\\/index.php\\\/2024\\\/05\\\/27\\\/soudan-134-morts-dans-les-combats-a-el-facher\\\/\",\"url\":\"https:\\\/\\\/lasentinelle.dz\\\/index.php\\\/2024\\\/05\\\/27\\\/soudan-134-morts-dans-les-combats-a-el-facher\\\/\",\"name\":\"Soudan\u00a0: 134 morts dans les combats \u00e0 El-Facher - La Sentinelle\",\"isPartOf\":{\"@id\":\"https:\\\/\\\/lasentinelle.dz\\\/#website\"},\"primaryImageOfPage\":{\"@id\":\"https:\\\/\\\/lasentinelle.dz\\\/index.php\\\/2024\\\/05\\\/27\\\/soudan-134-morts-dans-les-combats-a-el-facher\\\/#primaryimage\"},\"image\":{\"@id\":\"https:\\\/\\\/lasentinelle.dz\\\/index.php\\\/2024\\\/05\\\/27\\\/soudan-134-morts-dans-les-combats-a-el-facher\\\/#primaryimage\"},\"thumbnailUrl\":\"https:\\\/\\\/lasentinelle.dz\\\/wp-content\\\/uploads\\\/2024\\\/05\\\/soudan.jpeg\",\"datePublished\":\"2024-05-27T11:45:42+00:00\",\"dateModified\":\"2024-05-27T11:45:44+00:00\",\"breadcrumb\":{\"@id\":\"https:\\\/\\\/lasentinelle.dz\\\/index.php\\\/2024\\\/05\\\/27\\\/soudan-134-morts-dans-les-combats-a-el-facher\\\/#breadcrumb\"},\"inLanguage\":\"fr-FR\",\"potentialAction\":[{\"@type\":\"ReadAction\",\"target\":[\"https:\\\/\\\/lasentinelle.dz\\\/index.php\\\/2024\\\/05\\\/27\\\/soudan-134-morts-dans-les-combats-a-el-facher\\\/\"]}]},{\"@type\":\"ImageObject\",\"inLanguage\":\"fr-FR\",\"@id\":\"https:\\\/\\\/lasentinelle.dz\\\/index.php\\\/2024\\\/05\\\/27\\\/soudan-134-morts-dans-les-combats-a-el-facher\\\/#primaryimage\",\"url\":\"https:\\\/\\\/lasentinelle.dz\\\/wp-content\\\/uploads\\\/2024\\\/05\\\/soudan.jpeg\",\"contentUrl\":\"https:\\\/\\\/lasentinelle.dz\\\/wp-content\\\/uploads\\\/2024\\\/05\\\/soudan.jpeg\",\"width\":664,\"height\":443,\"caption\":\"A man stands by as a fire rages in a livestock market area in al-Fasher, the capital of Sudan's North Darfur state, on September 1, 2023, in the aftermath of bombardment by the paramilitary Rapid Support Forces (RSF). The conflict between Sudan's army under General Abdel Fattah al-Burhan and the RSF commanded by Mohamed Hamdan Daglo spread in late August 2023 to North Darfur state, with at least 27 localities burned down by the RSF and allied Arab militias, according to the Humanitarian Research Lab at the Yale School of Public Health. (Photo by AFP)\"},{\"@type\":\"BreadcrumbList\",\"@id\":\"https:\\\/\\\/lasentinelle.dz\\\/index.php\\\/2024\\\/05\\\/27\\\/soudan-134-morts-dans-les-combats-a-el-facher\\\/#breadcrumb\",\"itemListElement\":[{\"@type\":\"ListItem\",\"position\":1,\"name\":\"Accueil\",\"item\":\"https:\\\/\\\/lasentinelle.dz\\\/\"},{\"@type\":\"ListItem\",\"position\":2,\"name\":\"Soudan\u00a0: 134 morts dans les combats \u00e0 El-Facher\"}]},{\"@type\":\"WebSite\",\"@id\":\"https:\\\/\\\/lasentinelle.dz\\\/#website\",\"url\":\"https:\\\/\\\/lasentinelle.dz\\\/\",\"name\":\"La Sentinelle\",\"description\":\"Quotidien national d&#039;information\",\"publisher\":{\"@id\":\"https:\\\/\\\/lasentinelle.dz\\\/#organization\"},\"potentialAction\":[{\"@type\":\"SearchAction\",\"target\":{\"@type\":\"EntryPoint\",\"urlTemplate\":\"https:\\\/\\\/lasentinelle.dz\\\/?s={search_term_string}\"},\"query-input\":{\"@type\":\"PropertyValueSpecification\",\"valueRequired\":true,\"valueName\":\"search_term_string\"}}],\"inLanguage\":\"fr-FR\"},{\"@type\":\"Organization\",\"@id\":\"https:\\\/\\\/lasentinelle.dz\\\/#organization\",\"name\":\"Quotidien La Sentinelle\",\"url\":\"https:\\\/\\\/lasentinelle.dz\\\/\",\"logo\":{\"@type\":\"ImageObject\",\"inLanguage\":\"fr-FR\",\"@id\":\"https:\\\/\\\/lasentinelle.dz\\\/#\\\/schema\\\/logo\\\/image\\\/\",\"url\":\"https:\\\/\\\/lasentinelle.dz\\\/wp-content\\\/uploads\\\/2021\\\/09\\\/logo-sentinelleSLOGAN-1.png\",\"contentUrl\":\"https:\\\/\\\/lasentinelle.dz\\\/wp-content\\\/uploads\\\/2021\\\/09\\\/logo-sentinelleSLOGAN-1.png\",\"width\":615,\"height\":142,\"caption\":\"Quotidien La Sentinelle\"},\"image\":{\"@id\":\"https:\\\/\\\/lasentinelle.dz\\\/#\\\/schema\\\/logo\\\/image\\\/\"},\"sameAs\":[\"https:\\\/\\\/www.facebook.com\\\/La-Sentinelle-104059864394773\"]},{\"@type\":\"Person\",\"@id\":\"https:\\\/\\\/lasentinelle.dz\\\/#\\\/schema\\\/person\\\/d865044e22e70a75174ce8bcad3acfb3\",\"name\":\"La Sentinelle\",\"image\":{\"@type\":\"ImageObject\",\"inLanguage\":\"fr-FR\",\"@id\":\"https:\\\/\\\/secure.gravatar.com\\\/avatar\\\/57de8e5d4b15d43fb361a71fbb36338450fe67865b528a43dd10ef7c51a20392?s=96&d=mm&r=g\",\"url\":\"https:\\\/\\\/secure.gravatar.com\\\/avatar\\\/57de8e5d4b15d43fb361a71fbb36338450fe67865b528a43dd10ef7c51a20392?s=96&d=mm&r=g\",\"contentUrl\":\"https:\\\/\\\/secure.gravatar.com\\\/avatar\\\/57de8e5d4b15d43fb361a71fbb36338450fe67865b528a43dd10ef7c51a20392?s=96&d=mm&r=g\",\"caption\":\"La Sentinelle\"},\"sameAs\":[\"http:\\\/\\\/www.lasentinelle.dz\"],\"url\":\"https:\\\/\\\/lasentinelle.dz\\\/author\\\/redaction\\\/\"}]}<\/script>\n<!-- \/ Yoast SEO plugin. -->","yoast_head_json":{"title":"Soudan\u00a0: 134 morts dans les combats \u00e0 El-Facher - La Sentinelle","robots":{"index":"index","follow":"follow","max-snippet":"max-snippet:-1","max-image-preview":"max-image-preview:large","max-video-preview":"max-video-preview:-1"},"canonical":"https:\/\/lasentinelle.dz\/index.php\/2024\/05\/27\/soudan-134-morts-dans-les-combats-a-el-facher\/","og_locale":"fr_FR","og_type":"article","og_title":"Soudan\u00a0: 134 morts dans les combats \u00e0 El-Facher - La Sentinelle","og_description":"Au moins 134 personnes ont p\u00e9ri au Soudan dans les combats qui font rage depuis plus de deux semaines dans","og_url":"https:\/\/lasentinelle.dz\/index.php\/2024\/05\/27\/soudan-134-morts-dans-les-combats-a-el-facher\/","og_site_name":"La Sentinelle","article_publisher":"https:\/\/www.facebook.com\/La-Sentinelle-104059864394773","article_published_time":"2024-05-27T11:45:42+00:00","article_modified_time":"2024-05-27T11:45:44+00:00","og_image":[{"width":664,"height":443,"url":"https:\/\/lasentinelle.dz\/wp-content\/uploads\/2024\/05\/soudan.jpeg","type":"image\/jpeg"}],"author":"La Sentinelle","twitter_card":"summary_large_image","twitter_misc":{"\u00c9crit par":"La Sentinelle","Dur\u00e9e de lecture estim\u00e9e":"3 minutes"},"schema":{"@context":"https:\/\/schema.org","@graph":[{"@type":"Article","@id":"https:\/\/lasentinelle.dz\/index.php\/2024\/05\/27\/soudan-134-morts-dans-les-combats-a-el-facher\/#article","isPartOf":{"@id":"https:\/\/lasentinelle.dz\/index.php\/2024\/05\/27\/soudan-134-morts-dans-les-combats-a-el-facher\/"},"author":{"name":"La Sentinelle","@id":"https:\/\/lasentinelle.dz\/#\/schema\/person\/d865044e22e70a75174ce8bcad3acfb3"},"headline":"Soudan\u00a0: 134 morts dans les combats \u00e0 El-Facher","datePublished":"2024-05-27T11:45:42+00:00","dateModified":"2024-05-27T11:45:44+00:00","mainEntityOfPage":{"@id":"https:\/\/lasentinelle.dz\/index.php\/2024\/05\/27\/soudan-134-morts-dans-les-combats-a-el-facher\/"},"wordCount":453,"commentCount":0,"publisher":{"@id":"https:\/\/lasentinelle.dz\/#organization"},"image":{"@id":"https:\/\/lasentinelle.dz\/index.php\/2024\/05\/27\/soudan-134-morts-dans-les-combats-a-el-facher\/#primaryimage"},"thumbnailUrl":"https:\/\/lasentinelle.dz\/wp-content\/uploads\/2024\/05\/soudan.jpeg","articleSection":["Monde"],"inLanguage":"fr-FR","potentialAction":[{"@type":"CommentAction","name":"Comment","target":["https:\/\/lasentinelle.dz\/index.php\/2024\/05\/27\/soudan-134-morts-dans-les-combats-a-el-facher\/#respond"]}]},{"@type":"WebPage","@id":"https:\/\/lasentinelle.dz\/index.php\/2024\/05\/27\/soudan-134-morts-dans-les-combats-a-el-facher\/","url":"https:\/\/lasentinelle.dz\/index.php\/2024\/05\/27\/soudan-134-morts-dans-les-combats-a-el-facher\/","name":"Soudan\u00a0: 134 morts dans les combats \u00e0 El-Facher - La Sentinelle","isPartOf":{"@id":"https:\/\/lasentinelle.dz\/#website"},"primaryImageOfPage":{"@id":"https:\/\/lasentinelle.dz\/index.php\/2024\/05\/27\/soudan-134-morts-dans-les-combats-a-el-facher\/#primaryimage"},"image":{"@id":"https:\/\/lasentinelle.dz\/index.php\/2024\/05\/27\/soudan-134-morts-dans-les-combats-a-el-facher\/#primaryimage"},"thumbnailUrl":"https:\/\/lasentinelle.dz\/wp-content\/uploads\/2024\/05\/soudan.jpeg","datePublished":"2024-05-27T11:45:42+00:00","dateModified":"2024-05-27T11:45:44+00:00","breadcrumb":{"@id":"https:\/\/lasentinelle.dz\/index.php\/2024\/05\/27\/soudan-134-morts-dans-les-combats-a-el-facher\/#breadcrumb"},"inLanguage":"fr-FR","potentialAction":[{"@type":"ReadAction","target":["https:\/\/lasentinelle.dz\/index.php\/2024\/05\/27\/soudan-134-morts-dans-les-combats-a-el-facher\/"]}]},{"@type":"ImageObject","inLanguage":"fr-FR","@id":"https:\/\/lasentinelle.dz\/index.php\/2024\/05\/27\/soudan-134-morts-dans-les-combats-a-el-facher\/#primaryimage","url":"https:\/\/lasentinelle.dz\/wp-content\/uploads\/2024\/05\/soudan.jpeg","contentUrl":"https:\/\/lasentinelle.dz\/wp-content\/uploads\/2024\/05\/soudan.jpeg","width":664,"height":443,"caption":"A man stands by as a fire rages in a livestock market area in al-Fasher, the capital of Sudan's North Darfur state, on September 1, 2023, in the aftermath of bombardment by the paramilitary Rapid Support Forces (RSF). The conflict between Sudan's army under General Abdel Fattah al-Burhan and the RSF commanded by Mohamed Hamdan Daglo spread in late August 2023 to North Darfur state, with at least 27 localities burned down by the RSF and allied Arab militias, according to the Humanitarian Research Lab at the Yale School of Public Health. (Photo by AFP)"},{"@type":"BreadcrumbList","@id":"https:\/\/lasentinelle.dz\/index.php\/2024\/05\/27\/soudan-134-morts-dans-les-combats-a-el-facher\/#breadcrumb","itemListElement":[{"@type":"ListItem","position":1,"name":"Accueil","item":"https:\/\/lasentinelle.dz\/"},{"@type":"ListItem","position":2,"name":"Soudan\u00a0: 134 morts dans les combats \u00e0 El-Facher"}]},{"@type":"WebSite","@id":"https:\/\/lasentinelle.dz\/#website","url":"https:\/\/lasentinelle.dz\/","name":"La Sentinelle","description":"Quotidien national d&#039;information","publisher":{"@id":"https:\/\/lasentinelle.dz\/#organization"},"potentialAction":[{"@type":"SearchAction","target":{"@type":"EntryPoint","urlTemplate":"https:\/\/lasentinelle.dz\/?s={search_term_string}"},"query-input":{"@type":"PropertyValueSpecification","valueRequired":true,"valueName":"search_term_string"}}],"inLanguage":"fr-FR"},{"@type":"Organization","@id":"https:\/\/lasentinelle.dz\/#organization","name":"Quotidien La Sentinelle","url":"https:\/\/lasentinelle.dz\/","logo":{"@type":"ImageObject","inLanguage":"fr-FR","@id":"https:\/\/lasentinelle.dz\/#\/schema\/logo\/image\/","url":"https:\/\/lasentinelle.dz\/wp-content\/uploads\/2021\/09\/logo-sentinelleSLOGAN-1.png","contentUrl":"https:\/\/lasentinelle.dz\/wp-content\/uploads\/2021\/09\/logo-sentinelleSLOGAN-1.png","width":615,"height":142,"caption":"Quotidien La Sentinelle"},"image":{"@id":"https:\/\/lasentinelle.dz\/#\/schema\/logo\/image\/"},"sameAs":["https:\/\/www.facebook.com\/La-Sentinelle-104059864394773"]},{"@type":"Person","@id":"https:\/\/lasentinelle.dz\/#\/schema\/person\/d865044e22e70a75174ce8bcad3acfb3","name":"La Sentinelle","image":{"@type":"ImageObject","inLanguage":"fr-FR","@id":"https:\/\/secure.gravatar.com\/avatar\/57de8e5d4b15d43fb361a71fbb36338450fe67865b528a43dd10ef7c51a20392?s=96&d=mm&r=g","url":"https:\/\/secure.gravatar.com\/avatar\/57de8e5d4b15d43fb361a71fbb36338450fe67865b528a43dd10ef7c51a20392?s=96&d=mm&r=g","contentUrl":"https:\/\/secure.gravatar.com\/avatar\/57de8e5d4b15d43fb361a71fbb36338450fe67865b528a43dd10ef7c51a20392?s=96&d=mm&r=g","caption":"La Sentinelle"},"sameAs":["http:\/\/www.lasentinelle.dz"],"url":"https:\/\/lasentinelle.dz\/author\/redaction\/"}]}},"_links":{"self":[{"href":"https:\/\/lasentinelle.dz\/index.php\/wp-json\/wp\/v2\/posts\/52884","targetHints":{"allow":["GET"]}}],"collection":[{"href":"https:\/\/lasentinelle.dz\/index.php\/wp-json\/wp\/v2\/posts"}],"about":[{"href":"https:\/\/lasentinelle.dz\/index.php\/wp-json\/wp\/v2\/types\/post"}],"author":[{"embeddable":true,"href":"https:\/\/lasentinelle.dz\/index.php\/wp-json\/wp\/v2\/users\/3"}],"replies":[{"embeddable":true,"href":"https:\/\/lasentinelle.dz\/index.php\/wp-json\/wp\/v2\/comments?post=52884"}],"version-history":[{"count":1,"href":"https:\/\/lasentinelle.dz\/index.php\/wp-json\/wp\/v2\/posts\/52884\/revisions"}],"predecessor-version":[{"id":52885,"href":"https:\/\/lasentinelle.dz\/index.php\/wp-json\/wp\/v2\/posts\/52884\/revisions\/52885"}],"wp:featuredmedia":[{"embeddable":true,"href":"https:\/\/lasentinelle.dz\/index.php\/wp-json\/wp\/v2\/media\/52835"}],"wp:attachment":[{"href":"https:\/\/lasentinelle.dz\/index.php\/wp-json\/wp\/v2\/media?parent=52884"}],"wp:term":[{"taxonomy":"category","embeddable":true,"href":"https:\/\/lasentinelle.dz\/index.php\/wp-json\/wp\/v2\/categories?post=52884"},{"taxonomy":"post_tag","embeddable":true,"href":"https:\/\/lasentinelle.dz\/index.php\/wp-json\/wp\/v2\/tags?post=52884"}],"curies":[{"name":"wp","href":"https:\/\/api.w.org\/{rel}","templated":true}]}}