{"id":5290,"date":"2021-08-25T00:02:00","date_gmt":"2021-08-24T23:02:00","guid":{"rendered":"https:\/\/lasentinelle.dz\/?p=5290"},"modified":"2021-08-24T20:03:23","modified_gmt":"2021-08-24T19:03:23","slug":"ouverture-des-mieux-de-plaisance-et-amenagement-des-horaires-le-dispositif-de-confinement-allege","status":"publish","type":"post","link":"https:\/\/lasentinelle.dz\/index.php\/2021\/08\/25\/ouverture-des-mieux-de-plaisance-et-amenagement-des-horaires-le-dispositif-de-confinement-allege\/","title":{"rendered":"Ouverture des lieux de plaisance et am\u00e9nagement des horaires : Le dispositif de confinement all\u00e9g\u00e9"},"content":{"rendered":"\n<p>L\u2019am\u00e9lioration de la situation \u00e9pid\u00e9miologique permet un assouplissement du dispositif de confinement. Les horaires de confinement partiel \u00e0 domicile passent ainsi de la plage horaire 20h00-6h00 \u00e0 22h00-6h00. Les plages et les lieux de loisirs seront \u00e9galement rouverts.<\/p>\n\n\n\n<p>Conform\u00e9ment aux derni\u00e8res instructions du pr\u00e9sident de la R\u00e9publique et apr\u00e8s le constat de l\u2019am\u00e9lioration de la situation \u00e9pid\u00e9miologique, le Premier ministre a, d\u00e9cid\u00e9,&nbsp; d\u2019assouplir le dispositif de confinement \u00e0 domicile. Selon un communiqu\u00e9 des services du Premier ministre, les horaires de confinement partiel \u00e0 domicile passent ainsi \u00e0 22h00 jusqu\u2019\u00e0 6h00 le lendemain dans les 40 wilayas concern\u00e9es le dispositif de confinement. Selon la m\u00eame source, il \u00e9galement \u00e9t\u00e9 d\u00e9cid\u00e9 de la lev\u00e9e de la mesure de fermeture des plages, des espaces r\u00e9cr\u00e9atifs de loisirs et de d\u00e9tente, des lieux de plaisance, avec le strict maintien des mesures de pr\u00e9vention. Selon le m\u00eame communiqu\u00e9, ces mesures de r\u00e9am\u00e9nagement entrent en vigueur \u00e0 partir d\u2019aujourd\u2019hui. Ces mesures concernent les wilayas d\u2019Adrar, Laghouat, Oum el Bouaghi, Batna, B\u00e9ja\u00efa, Biskra, B\u00e9char, Blida, Bouira, T\u00e9bessa, Tlemcen, Tizi-Ouzou, Alger, Jijel, S\u00e9tif, Sa\u00efda, Skikda, Sidi Bel Abb\u00e9s, Annaba, Guelma, Constantine, Mostaganem, M\u2019Sila, Mascara, Ouargla, Oran, El-Bayadh, Boumerd\u00e8s, El Tarf, Tindouf, Tissemsilt, El Oued, Khenchela, Souk Ahras, Tipaza, Na\u00e2ma, Ain Temouchent, Gharda\u00efa, Relizane et Ouled Djellel, a pr\u00e9cis\u00e9 le communiqu\u00e9. Pour rappel, ces m\u00eames wilayas ont fait l\u2019objet d\u2019une reconduction du confinement,&nbsp; pour deux semaines \u00e0 partir du 15 ao\u00fbt dernier. Par ailleurs, selon la m\u00eame source,&nbsp; 18 wilayas ne sont pas concern\u00e9es par le confinement partiel \u00e0 domicile, \u00e0 savoir : Chlef, Tamanrasset, Tiaret, Djelfa, M\u00e9d\u00e9a, Illizi, Bordj Bou Arreridj, Mila, Ain Defla, Timimoune, Bordj Badji Mokhtar, B\u00e9ni Abb\u00e9s, In Salah, In Guezzam, Touggourt, Djanet, El Meghaeir et El Menia\u00e2. Par ailleurs, et selon le m\u00eame communiqu\u00e9,&nbsp; le gouvernement n\u2019a pas omis de&nbsp; rappeler, le risque important de circulation du virus, li\u00e9 au variant Delta. \u00c0 cet effet, il a, une fois de plus \u00ab&nbsp;invit\u00e9&nbsp; les citoyens \u00e0 se conformer, de mani\u00e8re rigoureuse, au respect des gestes barri\u00e8res et des diff\u00e9rents protocoles sanitaires adopt\u00e9s par le comit\u00e9 scientifique de suivi de l\u2019\u00e9volution de la pand\u00e9mie du Coronavirus (COVID-19) et d\u00e9di\u00e9s aux diff\u00e9rentes activit\u00e9s \u00e9conomiques, commerciales et sociales&nbsp;\u00bb.<\/p>\n\n\n\n<p><strong>Sofia Chahine<\/strong><\/p>\n","protected":false},"excerpt":{"rendered":"<p>L\u2019am\u00e9lioration de la situation \u00e9pid\u00e9miologique permet un assouplissement du dispositif de confinement. Les horaires de confinement partiel \u00e0 domicile passent<\/p>\n","protected":false},"author":3,"featured_media":5298,"comment_status":"open","ping_status":"closed","sticky":false,"template":"","format":"standard","meta":{"colormag_page_container_layout":"default_layout","colormag_page_sidebar_layout":"default_layout","om_disable_all_campaigns":false,"_monsterinsights_skip_tracking":false,"_monsterinsights_sitenote_active":false,"_monsterinsights_sitenote_note":"","_monsterinsights_sitenote_category":0,"footnotes":"","_wpscppro_dont_share_socialmedia":false,"_wpscppro_custom_social_share_image":0,"_facebook_share_type":"","_twitter_share_type":"","_linkedin_share_type":"","_pinterest_share_type":"","_linkedin_share_type_page":"","_instagram_share_type":"","_medium_share_type":"","_threads_share_type":"","_google_business_share_type":"","_selected_social_profile":[],"_wpsp_enable_custom_social_template":false,"_wpsp_social_scheduling":{"enabled":false,"datetime":null,"platforms":[],"status":"template_only","dateOption":"today","timeOption":"now","customDays":"","customHours":"","customDate":"","customTime":"","schedulingType":"absolute"},"_wpsp_active_default_template":true},"categories":[52,27],"tags":[],"class_list":["post-5290","post","type-post","status-publish","format-standard","has-post-thumbnail","hentry","category-a-la-une","category-actualite"],"aioseo_notices":[],"yoast_head":"<!-- This site is optimized with the Yoast SEO plugin v27.5 - https:\/\/yoast.com\/product\/yoast-seo-wordpress\/ -->\n<title>Ouverture des lieux de plaisance et am\u00e9nagement des horaires : Le dispositif de confinement all\u00e9g\u00e9 - La Sentinelle<\/title>\n<meta name=\"robots\" content=\"index, follow, max-snippet:-1, max-image-preview:large, max-video-preview:-1\" \/>\n<link rel=\"canonical\" href=\"https:\/\/lasentinelle.dz\/index.php\/2021\/08\/25\/ouverture-des-mieux-de-plaisance-et-amenagement-des-horaires-le-dispositif-de-confinement-allege\/\" \/>\n<meta property=\"og:locale\" content=\"fr_FR\" \/>\n<meta property=\"og:type\" content=\"article\" \/>\n<meta property=\"og:title\" content=\"Ouverture des lieux de plaisance et am\u00e9nagement des horaires : Le dispositif de confinement all\u00e9g\u00e9 - La Sentinelle\" \/>\n<meta property=\"og:description\" content=\"L\u2019am\u00e9lioration de la situation \u00e9pid\u00e9miologique permet un assouplissement du dispositif de confinement. Les horaires de confinement partiel \u00e0 domicile passent\" \/>\n<meta property=\"og:url\" content=\"https:\/\/lasentinelle.dz\/index.php\/2021\/08\/25\/ouverture-des-mieux-de-plaisance-et-amenagement-des-horaires-le-dispositif-de-confinement-allege\/\" \/>\n<meta property=\"og:site_name\" content=\"La Sentinelle\" \/>\n<meta property=\"article:publisher\" content=\"https:\/\/www.facebook.com\/La-Sentinelle-104059864394773\" \/>\n<meta property=\"article:published_time\" content=\"2021-08-24T23:02:00+00:00\" \/>\n<meta property=\"og:image\" content=\"https:\/\/lasentinelle.dz\/wp-content\/uploads\/2021\/08\/deconfinement-00-8.png\" \/>\n\t<meta property=\"og:image:width\" content=\"1344\" \/>\n\t<meta property=\"og:image:height\" content=\"900\" \/>\n\t<meta property=\"og:image:type\" content=\"image\/png\" \/>\n<meta name=\"author\" content=\"La Sentinelle\" \/>\n<meta name=\"twitter:card\" content=\"summary_large_image\" \/>\n<meta name=\"twitter:label1\" content=\"\u00c9crit par\" \/>\n\t<meta name=\"twitter:data1\" content=\"La Sentinelle\" \/>\n\t<meta name=\"twitter:label2\" content=\"Dur\u00e9e de lecture estim\u00e9e\" \/>\n\t<meta name=\"twitter:data2\" content=\"2 minutes\" \/>\n<script type=\"application\/ld+json\" class=\"yoast-schema-graph\">{\"@context\":\"https:\\\/\\\/schema.org\",\"@graph\":[{\"@type\":\"Article\",\"@id\":\"https:\\\/\\\/lasentinelle.dz\\\/index.php\\\/2021\\\/08\\\/25\\\/ouverture-des-mieux-de-plaisance-et-amenagement-des-horaires-le-dispositif-de-confinement-allege\\\/#article\",\"isPartOf\":{\"@id\":\"https:\\\/\\\/lasentinelle.dz\\\/index.php\\\/2021\\\/08\\\/25\\\/ouverture-des-mieux-de-plaisance-et-amenagement-des-horaires-le-dispositif-de-confinement-allege\\\/\"},\"author\":{\"name\":\"La Sentinelle\",\"@id\":\"https:\\\/\\\/lasentinelle.dz\\\/#\\\/schema\\\/person\\\/d865044e22e70a75174ce8bcad3acfb3\"},\"headline\":\"Ouverture des lieux de plaisance et am\u00e9nagement des horaires : Le dispositif de confinement all\u00e9g\u00e9\",\"datePublished\":\"2021-08-24T23:02:00+00:00\",\"mainEntityOfPage\":{\"@id\":\"https:\\\/\\\/lasentinelle.dz\\\/index.php\\\/2021\\\/08\\\/25\\\/ouverture-des-mieux-de-plaisance-et-amenagement-des-horaires-le-dispositif-de-confinement-allege\\\/\"},\"wordCount\":436,\"commentCount\":0,\"publisher\":{\"@id\":\"https:\\\/\\\/lasentinelle.dz\\\/#organization\"},\"image\":{\"@id\":\"https:\\\/\\\/lasentinelle.dz\\\/index.php\\\/2021\\\/08\\\/25\\\/ouverture-des-mieux-de-plaisance-et-amenagement-des-horaires-le-dispositif-de-confinement-allege\\\/#primaryimage\"},\"thumbnailUrl\":\"https:\\\/\\\/lasentinelle.dz\\\/wp-content\\\/uploads\\\/2021\\\/08\\\/deconfinement-00-8.png\",\"articleSection\":[\"\u00c0 la Une\",\"Actualit\u00e9\"],\"inLanguage\":\"fr-FR\",\"potentialAction\":[{\"@type\":\"CommentAction\",\"name\":\"Comment\",\"target\":[\"https:\\\/\\\/lasentinelle.dz\\\/index.php\\\/2021\\\/08\\\/25\\\/ouverture-des-mieux-de-plaisance-et-amenagement-des-horaires-le-dispositif-de-confinement-allege\\\/#respond\"]}]},{\"@type\":\"WebPage\",\"@id\":\"https:\\\/\\\/lasentinelle.dz\\\/index.php\\\/2021\\\/08\\\/25\\\/ouverture-des-mieux-de-plaisance-et-amenagement-des-horaires-le-dispositif-de-confinement-allege\\\/\",\"url\":\"https:\\\/\\\/lasentinelle.dz\\\/index.php\\\/2021\\\/08\\\/25\\\/ouverture-des-mieux-de-plaisance-et-amenagement-des-horaires-le-dispositif-de-confinement-allege\\\/\",\"name\":\"Ouverture des lieux de plaisance et am\u00e9nagement des horaires : Le dispositif de confinement all\u00e9g\u00e9 - La Sentinelle\",\"isPartOf\":{\"@id\":\"https:\\\/\\\/lasentinelle.dz\\\/#website\"},\"primaryImageOfPage\":{\"@id\":\"https:\\\/\\\/lasentinelle.dz\\\/index.php\\\/2021\\\/08\\\/25\\\/ouverture-des-mieux-de-plaisance-et-amenagement-des-horaires-le-dispositif-de-confinement-allege\\\/#primaryimage\"},\"image\":{\"@id\":\"https:\\\/\\\/lasentinelle.dz\\\/index.php\\\/2021\\\/08\\\/25\\\/ouverture-des-mieux-de-plaisance-et-amenagement-des-horaires-le-dispositif-de-confinement-allege\\\/#primaryimage\"},\"thumbnailUrl\":\"https:\\\/\\\/lasentinelle.dz\\\/wp-content\\\/uploads\\\/2021\\\/08\\\/deconfinement-00-8.png\",\"datePublished\":\"2021-08-24T23:02:00+00:00\",\"breadcrumb\":{\"@id\":\"https:\\\/\\\/lasentinelle.dz\\\/index.php\\\/2021\\\/08\\\/25\\\/ouverture-des-mieux-de-plaisance-et-amenagement-des-horaires-le-dispositif-de-confinement-allege\\\/#breadcrumb\"},\"inLanguage\":\"fr-FR\",\"potentialAction\":[{\"@type\":\"ReadAction\",\"target\":[\"https:\\\/\\\/lasentinelle.dz\\\/index.php\\\/2021\\\/08\\\/25\\\/ouverture-des-mieux-de-plaisance-et-amenagement-des-horaires-le-dispositif-de-confinement-allege\\\/\"]}]},{\"@type\":\"ImageObject\",\"inLanguage\":\"fr-FR\",\"@id\":\"https:\\\/\\\/lasentinelle.dz\\\/index.php\\\/2021\\\/08\\\/25\\\/ouverture-des-mieux-de-plaisance-et-amenagement-des-horaires-le-dispositif-de-confinement-allege\\\/#primaryimage\",\"url\":\"https:\\\/\\\/lasentinelle.dz\\\/wp-content\\\/uploads\\\/2021\\\/08\\\/deconfinement-00-8.png\",\"contentUrl\":\"https:\\\/\\\/lasentinelle.dz\\\/wp-content\\\/uploads\\\/2021\\\/08\\\/deconfinement-00-8.png\",\"width\":1344,\"height\":900},{\"@type\":\"BreadcrumbList\",\"@id\":\"https:\\\/\\\/lasentinelle.dz\\\/index.php\\\/2021\\\/08\\\/25\\\/ouverture-des-mieux-de-plaisance-et-amenagement-des-horaires-le-dispositif-de-confinement-allege\\\/#breadcrumb\",\"itemListElement\":[{\"@type\":\"ListItem\",\"position\":1,\"name\":\"Accueil\",\"item\":\"https:\\\/\\\/lasentinelle.dz\\\/\"},{\"@type\":\"ListItem\",\"position\":2,\"name\":\"Ouverture des lieux de plaisance et am\u00e9nagement des horaires : Le dispositif de confinement all\u00e9g\u00e9\"}]},{\"@type\":\"WebSite\",\"@id\":\"https:\\\/\\\/lasentinelle.dz\\\/#website\",\"url\":\"https:\\\/\\\/lasentinelle.dz\\\/\",\"name\":\"La Sentinelle\",\"description\":\"Quotidien national d&#039;information\",\"publisher\":{\"@id\":\"https:\\\/\\\/lasentinelle.dz\\\/#organization\"},\"potentialAction\":[{\"@type\":\"SearchAction\",\"target\":{\"@type\":\"EntryPoint\",\"urlTemplate\":\"https:\\\/\\\/lasentinelle.dz\\\/?s={search_term_string}\"},\"query-input\":{\"@type\":\"PropertyValueSpecification\",\"valueRequired\":true,\"valueName\":\"search_term_string\"}}],\"inLanguage\":\"fr-FR\"},{\"@type\":\"Organization\",\"@id\":\"https:\\\/\\\/lasentinelle.dz\\\/#organization\",\"name\":\"Quotidien La Sentinelle\",\"url\":\"https:\\\/\\\/lasentinelle.dz\\\/\",\"logo\":{\"@type\":\"ImageObject\",\"inLanguage\":\"fr-FR\",\"@id\":\"https:\\\/\\\/lasentinelle.dz\\\/#\\\/schema\\\/logo\\\/image\\\/\",\"url\":\"https:\\\/\\\/lasentinelle.dz\\\/wp-content\\\/uploads\\\/2021\\\/09\\\/logo-sentinelleSLOGAN-1.png\",\"contentUrl\":\"https:\\\/\\\/lasentinelle.dz\\\/wp-content\\\/uploads\\\/2021\\\/09\\\/logo-sentinelleSLOGAN-1.png\",\"width\":615,\"height\":142,\"caption\":\"Quotidien La Sentinelle\"},\"image\":{\"@id\":\"https:\\\/\\\/lasentinelle.dz\\\/#\\\/schema\\\/logo\\\/image\\\/\"},\"sameAs\":[\"https:\\\/\\\/www.facebook.com\\\/La-Sentinelle-104059864394773\"]},{\"@type\":\"Person\",\"@id\":\"https:\\\/\\\/lasentinelle.dz\\\/#\\\/schema\\\/person\\\/d865044e22e70a75174ce8bcad3acfb3\",\"name\":\"La Sentinelle\",\"image\":{\"@type\":\"ImageObject\",\"inLanguage\":\"fr-FR\",\"@id\":\"https:\\\/\\\/secure.gravatar.com\\\/avatar\\\/57de8e5d4b15d43fb361a71fbb36338450fe67865b528a43dd10ef7c51a20392?s=96&d=mm&r=g\",\"url\":\"https:\\\/\\\/secure.gravatar.com\\\/avatar\\\/57de8e5d4b15d43fb361a71fbb36338450fe67865b528a43dd10ef7c51a20392?s=96&d=mm&r=g\",\"contentUrl\":\"https:\\\/\\\/secure.gravatar.com\\\/avatar\\\/57de8e5d4b15d43fb361a71fbb36338450fe67865b528a43dd10ef7c51a20392?s=96&d=mm&r=g\",\"caption\":\"La Sentinelle\"},\"sameAs\":[\"http:\\\/\\\/www.lasentinelle.dz\"],\"url\":\"https:\\\/\\\/lasentinelle.dz\\\/author\\\/redaction\\\/\"}]}<\/script>\n<!-- \/ Yoast SEO plugin. -->","yoast_head_json":{"title":"Ouverture des lieux de plaisance et am\u00e9nagement des horaires : Le dispositif de confinement all\u00e9g\u00e9 - La Sentinelle","robots":{"index":"index","follow":"follow","max-snippet":"max-snippet:-1","max-image-preview":"max-image-preview:large","max-video-preview":"max-video-preview:-1"},"canonical":"https:\/\/lasentinelle.dz\/index.php\/2021\/08\/25\/ouverture-des-mieux-de-plaisance-et-amenagement-des-horaires-le-dispositif-de-confinement-allege\/","og_locale":"fr_FR","og_type":"article","og_title":"Ouverture des lieux de plaisance et am\u00e9nagement des horaires : Le dispositif de confinement all\u00e9g\u00e9 - La Sentinelle","og_description":"L\u2019am\u00e9lioration de la situation \u00e9pid\u00e9miologique permet un assouplissement du dispositif de confinement. Les horaires de confinement partiel \u00e0 domicile passent","og_url":"https:\/\/lasentinelle.dz\/index.php\/2021\/08\/25\/ouverture-des-mieux-de-plaisance-et-amenagement-des-horaires-le-dispositif-de-confinement-allege\/","og_site_name":"La Sentinelle","article_publisher":"https:\/\/www.facebook.com\/La-Sentinelle-104059864394773","article_published_time":"2021-08-24T23:02:00+00:00","og_image":[{"width":1344,"height":900,"url":"https:\/\/lasentinelle.dz\/wp-content\/uploads\/2021\/08\/deconfinement-00-8.png","type":"image\/png"}],"author":"La Sentinelle","twitter_card":"summary_large_image","twitter_misc":{"\u00c9crit par":"La Sentinelle","Dur\u00e9e de lecture estim\u00e9e":"2 minutes"},"schema":{"@context":"https:\/\/schema.org","@graph":[{"@type":"Article","@id":"https:\/\/lasentinelle.dz\/index.php\/2021\/08\/25\/ouverture-des-mieux-de-plaisance-et-amenagement-des-horaires-le-dispositif-de-confinement-allege\/#article","isPartOf":{"@id":"https:\/\/lasentinelle.dz\/index.php\/2021\/08\/25\/ouverture-des-mieux-de-plaisance-et-amenagement-des-horaires-le-dispositif-de-confinement-allege\/"},"author":{"name":"La Sentinelle","@id":"https:\/\/lasentinelle.dz\/#\/schema\/person\/d865044e22e70a75174ce8bcad3acfb3"},"headline":"Ouverture des lieux de plaisance et am\u00e9nagement des horaires : Le dispositif de confinement all\u00e9g\u00e9","datePublished":"2021-08-24T23:02:00+00:00","mainEntityOfPage":{"@id":"https:\/\/lasentinelle.dz\/index.php\/2021\/08\/25\/ouverture-des-mieux-de-plaisance-et-amenagement-des-horaires-le-dispositif-de-confinement-allege\/"},"wordCount":436,"commentCount":0,"publisher":{"@id":"https:\/\/lasentinelle.dz\/#organization"},"image":{"@id":"https:\/\/lasentinelle.dz\/index.php\/2021\/08\/25\/ouverture-des-mieux-de-plaisance-et-amenagement-des-horaires-le-dispositif-de-confinement-allege\/#primaryimage"},"thumbnailUrl":"https:\/\/lasentinelle.dz\/wp-content\/uploads\/2021\/08\/deconfinement-00-8.png","articleSection":["\u00c0 la Une","Actualit\u00e9"],"inLanguage":"fr-FR","potentialAction":[{"@type":"CommentAction","name":"Comment","target":["https:\/\/lasentinelle.dz\/index.php\/2021\/08\/25\/ouverture-des-mieux-de-plaisance-et-amenagement-des-horaires-le-dispositif-de-confinement-allege\/#respond"]}]},{"@type":"WebPage","@id":"https:\/\/lasentinelle.dz\/index.php\/2021\/08\/25\/ouverture-des-mieux-de-plaisance-et-amenagement-des-horaires-le-dispositif-de-confinement-allege\/","url":"https:\/\/lasentinelle.dz\/index.php\/2021\/08\/25\/ouverture-des-mieux-de-plaisance-et-amenagement-des-horaires-le-dispositif-de-confinement-allege\/","name":"Ouverture des lieux de plaisance et am\u00e9nagement des horaires : Le dispositif de confinement all\u00e9g\u00e9 - La Sentinelle","isPartOf":{"@id":"https:\/\/lasentinelle.dz\/#website"},"primaryImageOfPage":{"@id":"https:\/\/lasentinelle.dz\/index.php\/2021\/08\/25\/ouverture-des-mieux-de-plaisance-et-amenagement-des-horaires-le-dispositif-de-confinement-allege\/#primaryimage"},"image":{"@id":"https:\/\/lasentinelle.dz\/index.php\/2021\/08\/25\/ouverture-des-mieux-de-plaisance-et-amenagement-des-horaires-le-dispositif-de-confinement-allege\/#primaryimage"},"thumbnailUrl":"https:\/\/lasentinelle.dz\/wp-content\/uploads\/2021\/08\/deconfinement-00-8.png","datePublished":"2021-08-24T23:02:00+00:00","breadcrumb":{"@id":"https:\/\/lasentinelle.dz\/index.php\/2021\/08\/25\/ouverture-des-mieux-de-plaisance-et-amenagement-des-horaires-le-dispositif-de-confinement-allege\/#breadcrumb"},"inLanguage":"fr-FR","potentialAction":[{"@type":"ReadAction","target":["https:\/\/lasentinelle.dz\/index.php\/2021\/08\/25\/ouverture-des-mieux-de-plaisance-et-amenagement-des-horaires-le-dispositif-de-confinement-allege\/"]}]},{"@type":"ImageObject","inLanguage":"fr-FR","@id":"https:\/\/lasentinelle.dz\/index.php\/2021\/08\/25\/ouverture-des-mieux-de-plaisance-et-amenagement-des-horaires-le-dispositif-de-confinement-allege\/#primaryimage","url":"https:\/\/lasentinelle.dz\/wp-content\/uploads\/2021\/08\/deconfinement-00-8.png","contentUrl":"https:\/\/lasentinelle.dz\/wp-content\/uploads\/2021\/08\/deconfinement-00-8.png","width":1344,"height":900},{"@type":"BreadcrumbList","@id":"https:\/\/lasentinelle.dz\/index.php\/2021\/08\/25\/ouverture-des-mieux-de-plaisance-et-amenagement-des-horaires-le-dispositif-de-confinement-allege\/#breadcrumb","itemListElement":[{"@type":"ListItem","position":1,"name":"Accueil","item":"https:\/\/lasentinelle.dz\/"},{"@type":"ListItem","position":2,"name":"Ouverture des lieux de plaisance et am\u00e9nagement des horaires : Le dispositif de confinement all\u00e9g\u00e9"}]},{"@type":"WebSite","@id":"https:\/\/lasentinelle.dz\/#website","url":"https:\/\/lasentinelle.dz\/","name":"La Sentinelle","description":"Quotidien national d&#039;information","publisher":{"@id":"https:\/\/lasentinelle.dz\/#organization"},"potentialAction":[{"@type":"SearchAction","target":{"@type":"EntryPoint","urlTemplate":"https:\/\/lasentinelle.dz\/?s={search_term_string}"},"query-input":{"@type":"PropertyValueSpecification","valueRequired":true,"valueName":"search_term_string"}}],"inLanguage":"fr-FR"},{"@type":"Organization","@id":"https:\/\/lasentinelle.dz\/#organization","name":"Quotidien La Sentinelle","url":"https:\/\/lasentinelle.dz\/","logo":{"@type":"ImageObject","inLanguage":"fr-FR","@id":"https:\/\/lasentinelle.dz\/#\/schema\/logo\/image\/","url":"https:\/\/lasentinelle.dz\/wp-content\/uploads\/2021\/09\/logo-sentinelleSLOGAN-1.png","contentUrl":"https:\/\/lasentinelle.dz\/wp-content\/uploads\/2021\/09\/logo-sentinelleSLOGAN-1.png","width":615,"height":142,"caption":"Quotidien La Sentinelle"},"image":{"@id":"https:\/\/lasentinelle.dz\/#\/schema\/logo\/image\/"},"sameAs":["https:\/\/www.facebook.com\/La-Sentinelle-104059864394773"]},{"@type":"Person","@id":"https:\/\/lasentinelle.dz\/#\/schema\/person\/d865044e22e70a75174ce8bcad3acfb3","name":"La Sentinelle","image":{"@type":"ImageObject","inLanguage":"fr-FR","@id":"https:\/\/secure.gravatar.com\/avatar\/57de8e5d4b15d43fb361a71fbb36338450fe67865b528a43dd10ef7c51a20392?s=96&d=mm&r=g","url":"https:\/\/secure.gravatar.com\/avatar\/57de8e5d4b15d43fb361a71fbb36338450fe67865b528a43dd10ef7c51a20392?s=96&d=mm&r=g","contentUrl":"https:\/\/secure.gravatar.com\/avatar\/57de8e5d4b15d43fb361a71fbb36338450fe67865b528a43dd10ef7c51a20392?s=96&d=mm&r=g","caption":"La Sentinelle"},"sameAs":["http:\/\/www.lasentinelle.dz"],"url":"https:\/\/lasentinelle.dz\/author\/redaction\/"}]}},"_links":{"self":[{"href":"https:\/\/lasentinelle.dz\/index.php\/wp-json\/wp\/v2\/posts\/5290","targetHints":{"allow":["GET"]}}],"collection":[{"href":"https:\/\/lasentinelle.dz\/index.php\/wp-json\/wp\/v2\/posts"}],"about":[{"href":"https:\/\/lasentinelle.dz\/index.php\/wp-json\/wp\/v2\/types\/post"}],"author":[{"embeddable":true,"href":"https:\/\/lasentinelle.dz\/index.php\/wp-json\/wp\/v2\/users\/3"}],"replies":[{"embeddable":true,"href":"https:\/\/lasentinelle.dz\/index.php\/wp-json\/wp\/v2\/comments?post=5290"}],"version-history":[{"count":2,"href":"https:\/\/lasentinelle.dz\/index.php\/wp-json\/wp\/v2\/posts\/5290\/revisions"}],"predecessor-version":[{"id":5300,"href":"https:\/\/lasentinelle.dz\/index.php\/wp-json\/wp\/v2\/posts\/5290\/revisions\/5300"}],"wp:featuredmedia":[{"embeddable":true,"href":"https:\/\/lasentinelle.dz\/index.php\/wp-json\/wp\/v2\/media\/5298"}],"wp:attachment":[{"href":"https:\/\/lasentinelle.dz\/index.php\/wp-json\/wp\/v2\/media?parent=5290"}],"wp:term":[{"taxonomy":"category","embeddable":true,"href":"https:\/\/lasentinelle.dz\/index.php\/wp-json\/wp\/v2\/categories?post=5290"},{"taxonomy":"post_tag","embeddable":true,"href":"https:\/\/lasentinelle.dz\/index.php\/wp-json\/wp\/v2\/tags?post=5290"}],"curies":[{"name":"wp","href":"https:\/\/api.w.org\/{rel}","templated":true}]}}