{"id":52942,"date":"2024-05-28T13:03:59","date_gmt":"2024-05-28T12:03:59","guid":{"rendered":"https:\/\/lasentinelle.dz\/?p=52942"},"modified":"2024-05-28T13:04:06","modified_gmt":"2024-05-28T12:04:06","slug":"preparation-des-u20-les-algeriens-simposent-face-a-la-cote-divoire","status":"publish","type":"post","link":"https:\/\/lasentinelle.dz\/index.php\/2024\/05\/28\/preparation-des-u20-les-algeriens-simposent-face-a-la-cote-divoire\/","title":{"rendered":"Pr\u00e9paration des U20\u00a0: Les Alg\u00e9riens s&rsquo;imposent face \u00e0 la C\u00f4te d&rsquo;Ivoire"},"content":{"rendered":"\n<p>Les jeunes footballeurs alg\u00e9riens semblent d\u00e9cid\u00e9s \u00e0 aller loin. Dans un match amical de pr\u00e9paration pour les prochaines \u00e9ch\u00e9ances africaines, ils ont r\u00e9ussi \u00e0 gagner l\u2019\u00e9quipe de C\u00f4te d\u2019ivoire par le score de 3 buts \u00e0 1.<\/p>\n\n\n\n<p>La s\u00e9lection alg\u00e9rienne de football des moins de 20 ans (U20), a pris sa revanche en s\u2019imposant devant son homologue ivoirienne 3-1 (mi-temps : 2-1), en match amical disput\u00e9 dimanche au complexe sportif de Bingerville d&rsquo;Abidjan, en vue des prochaines \u00e9ch\u00e9ances. Les buts de l&rsquo;\u00e9quipe alg\u00e9rienne ont \u00e9t\u00e9 marqu\u00e9s par les jeunes Na\u00efm Abdelhamid (8e), Anis Fatahine (19e), et Lahlou Akhrib (81e), alors que l&rsquo;unique but ivoirien a \u00e9t\u00e9 l&rsquo;\u0153uvre d&rsquo;Ibrahim Camara (37e). Lors du premier match amical disput\u00e9 entre les deux \u00e9quipes jeudi, sur la m\u00eame pelouse, la C\u00f4te d&rsquo;Ivoire s&rsquo;est impos\u00e9e sur le score de 2-0, gr\u00e2ce \u00e0 deux buts sign\u00e9s Ciss\u00e9 Isaac Isma\u00ebl (40e) et Sanogo Ibrahim (46e). En vue de ces deux matchs de pr\u00e9paration, le s\u00e9lectionneur national Yacine Mana\u00e2 a fait appel \u00e0 22 joueurs, dont deux \u00e9voluant \u00e0 l&rsquo;\u00e9tranger : le portier Mastias Hammache (CF Montr\u00e9al\/ Canada) et le d\u00e9fenseur Anis Fatahine (Paris FC\/ France). Les co\u00e9quipiers du milieu de terrain, Kelaleche Abdelmalek, (MC Alger) pr\u00e9parent le tournoi de l&rsquo;Union nord-africaine (UNAF), pr\u00e9vu en Tunisie en octobre prochain, qualificatif pour la phase finale de la CAN-2025 de la cat\u00e9gorie. L&rsquo;\u00e9quipe nationale a pris part en mars dernier \u00e0 un tournoi international disput\u00e9 \u00e0 Alger, au cours duquel les \u00ab\u00a0Verts\u00a0\u00bb se sont impos\u00e9s face \u00e0 l&rsquo;Egypte (2-1) et la Mauritanie (3-1), contre une d\u00e9faite devant la Tunisie (2-3). Install\u00e9 \u00e0 la t\u00eate des U20 le 18 octobre 2023, en remplacement de Mohamed Lacete, limog\u00e9, Yacine Mana\u00e2 a pris ses fonctions en dirigeant en novembre dernier son premier stage effectu\u00e9 au CTN de Sidi Moussa et au stade de Baraki.<\/p>\n\n\n\n<p><strong>Des jeunes \u00e0 encourager<\/strong><\/p>\n\n\n\n<p>Il semble que le travail de cet entraineur et la volont\u00e9 des jeunes joueurs commence \u00e0 donner ses fruits. Les deux&nbsp; joueurs \u00e9voluant \u00e0 l\u2019\u00e9tranger (France et Canada) se sont int\u00e9gr\u00e9s dans l\u2019\u00e9quipe et lors de ce match de pr\u00e9paration, on a senti une coh\u00e9rence dans le jeu. Apr\u00e8s le premier match o\u00f9 ils ont perdu la partie, les jeunes alg\u00e9riens ont repris leur force pour se rattraper et prendre une petite revanche face \u00e0 l\u2019\u00e9quipe ivoirienne, pourtant bien organis\u00e9e. Bien qu\u2019il y ait encore du travail \u00e0 faire, le s\u00e9lectionneur national finira bient\u00f4t son plan de travail pour choisir les meilleurs parmi les 22 joueurs. Lors de ce match de pr\u00e9paration les prot\u00e9g\u00e9s de Yacine Man\u00e2a ont montr\u00e9 leurs capacit\u00e9s techniques et une grande volont\u00e9 \u00e0 aller loin lors des prochaines \u00e9ch\u00e9ances africaine mais aussi \u00e0 obtenir, dans le futur, une place en \u00e9quipe nationale senior. Ils sont jeunes et ont un bel avenir. On doit les encourager.<\/p>\n\n\n\n<p>R.S<\/p>\n","protected":false},"excerpt":{"rendered":"<p>Les jeunes footballeurs alg\u00e9riens semblent d\u00e9cid\u00e9s \u00e0 aller loin. Dans un match amical de pr\u00e9paration pour les prochaines \u00e9ch\u00e9ances africaines,<\/p>\n","protected":false},"author":3,"featured_media":52943,"comment_status":"open","ping_status":"closed","sticky":false,"template":"","format":"standard","meta":{"colormag_page_container_layout":"default_layout","colormag_page_sidebar_layout":"default_layout","om_disable_all_campaigns":false,"_monsterinsights_skip_tracking":false,"_monsterinsights_sitenote_active":false,"_monsterinsights_sitenote_note":"","_monsterinsights_sitenote_category":0,"footnotes":"","_wpscppro_dont_share_socialmedia":false,"_wpscppro_custom_social_share_image":0,"_facebook_share_type":"default","_twitter_share_type":"default","_linkedin_share_type":"default","_pinterest_share_type":"default","_linkedin_share_type_page":"","_instagram_share_type":"default","_medium_share_type":"","_threads_share_type":"","_google_business_share_type":"","_selected_social_profile":[],"_wpsp_enable_custom_social_template":false,"_wpsp_social_scheduling":{"enabled":false,"datetime":null,"platforms":[],"status":"template_only","dateOption":"today","timeOption":"now","customDays":"","customHours":"","customDate":"","customTime":"","schedulingType":"absolute"},"_wpsp_active_default_template":true},"categories":[52,33],"tags":[],"class_list":["post-52942","post","type-post","status-publish","format-standard","has-post-thumbnail","hentry","category-a-la-une","category-sports"],"aioseo_notices":[],"yoast_head":"<!-- This site is optimized with the Yoast SEO plugin v27.5 - https:\/\/yoast.com\/product\/yoast-seo-wordpress\/ -->\n<title>Pr\u00e9paration des U20\u00a0: Les Alg\u00e9riens s&rsquo;imposent face \u00e0 la C\u00f4te d&rsquo;Ivoire - La Sentinelle<\/title>\n<meta name=\"robots\" content=\"index, follow, max-snippet:-1, max-image-preview:large, max-video-preview:-1\" \/>\n<link rel=\"canonical\" href=\"https:\/\/lasentinelle.dz\/index.php\/2024\/05\/28\/preparation-des-u20-les-algeriens-simposent-face-a-la-cote-divoire\/\" \/>\n<meta property=\"og:locale\" content=\"fr_FR\" \/>\n<meta property=\"og:type\" content=\"article\" \/>\n<meta property=\"og:title\" content=\"Pr\u00e9paration des U20\u00a0: Les Alg\u00e9riens s&rsquo;imposent face \u00e0 la C\u00f4te d&rsquo;Ivoire - La Sentinelle\" \/>\n<meta property=\"og:description\" content=\"Les jeunes footballeurs alg\u00e9riens semblent d\u00e9cid\u00e9s \u00e0 aller loin. Dans un match amical de pr\u00e9paration pour les prochaines \u00e9ch\u00e9ances africaines,\" \/>\n<meta property=\"og:url\" content=\"https:\/\/lasentinelle.dz\/index.php\/2024\/05\/28\/preparation-des-u20-les-algeriens-simposent-face-a-la-cote-divoire\/\" \/>\n<meta property=\"og:site_name\" content=\"La Sentinelle\" \/>\n<meta property=\"article:publisher\" content=\"https:\/\/www.facebook.com\/La-Sentinelle-104059864394773\" \/>\n<meta property=\"article:published_time\" content=\"2024-05-28T12:03:59+00:00\" \/>\n<meta property=\"article:modified_time\" content=\"2024-05-28T12:04:06+00:00\" \/>\n<meta property=\"og:image\" content=\"https:\/\/lasentinelle.dz\/wp-content\/uploads\/2024\/05\/U20-3.jpeg\" \/>\n\t<meta property=\"og:image:width\" content=\"2400\" \/>\n\t<meta property=\"og:image:height\" content=\"1600\" \/>\n\t<meta property=\"og:image:type\" content=\"image\/jpeg\" \/>\n<meta name=\"author\" content=\"La Sentinelle\" \/>\n<meta name=\"twitter:card\" content=\"summary_large_image\" \/>\n<meta name=\"twitter:label1\" content=\"\u00c9crit par\" \/>\n\t<meta name=\"twitter:data1\" content=\"La Sentinelle\" \/>\n\t<meta name=\"twitter:label2\" content=\"Dur\u00e9e de lecture estim\u00e9e\" \/>\n\t<meta name=\"twitter:data2\" content=\"3 minutes\" \/>\n<script type=\"application\/ld+json\" class=\"yoast-schema-graph\">{\"@context\":\"https:\\\/\\\/schema.org\",\"@graph\":[{\"@type\":\"Article\",\"@id\":\"https:\\\/\\\/lasentinelle.dz\\\/index.php\\\/2024\\\/05\\\/28\\\/preparation-des-u20-les-algeriens-simposent-face-a-la-cote-divoire\\\/#article\",\"isPartOf\":{\"@id\":\"https:\\\/\\\/lasentinelle.dz\\\/index.php\\\/2024\\\/05\\\/28\\\/preparation-des-u20-les-algeriens-simposent-face-a-la-cote-divoire\\\/\"},\"author\":{\"name\":\"La Sentinelle\",\"@id\":\"https:\\\/\\\/lasentinelle.dz\\\/#\\\/schema\\\/person\\\/d865044e22e70a75174ce8bcad3acfb3\"},\"headline\":\"Pr\u00e9paration des U20\u00a0: Les Alg\u00e9riens s&rsquo;imposent face \u00e0 la C\u00f4te d&rsquo;Ivoire\",\"datePublished\":\"2024-05-28T12:03:59+00:00\",\"dateModified\":\"2024-05-28T12:04:06+00:00\",\"mainEntityOfPage\":{\"@id\":\"https:\\\/\\\/lasentinelle.dz\\\/index.php\\\/2024\\\/05\\\/28\\\/preparation-des-u20-les-algeriens-simposent-face-a-la-cote-divoire\\\/\"},\"wordCount\":521,\"commentCount\":0,\"publisher\":{\"@id\":\"https:\\\/\\\/lasentinelle.dz\\\/#organization\"},\"image\":{\"@id\":\"https:\\\/\\\/lasentinelle.dz\\\/index.php\\\/2024\\\/05\\\/28\\\/preparation-des-u20-les-algeriens-simposent-face-a-la-cote-divoire\\\/#primaryimage\"},\"thumbnailUrl\":\"https:\\\/\\\/lasentinelle.dz\\\/wp-content\\\/uploads\\\/2024\\\/05\\\/U20-3.jpeg\",\"articleSection\":[\"\u00c0 la Une\",\"Sports\"],\"inLanguage\":\"fr-FR\",\"potentialAction\":[{\"@type\":\"CommentAction\",\"name\":\"Comment\",\"target\":[\"https:\\\/\\\/lasentinelle.dz\\\/index.php\\\/2024\\\/05\\\/28\\\/preparation-des-u20-les-algeriens-simposent-face-a-la-cote-divoire\\\/#respond\"]}]},{\"@type\":\"WebPage\",\"@id\":\"https:\\\/\\\/lasentinelle.dz\\\/index.php\\\/2024\\\/05\\\/28\\\/preparation-des-u20-les-algeriens-simposent-face-a-la-cote-divoire\\\/\",\"url\":\"https:\\\/\\\/lasentinelle.dz\\\/index.php\\\/2024\\\/05\\\/28\\\/preparation-des-u20-les-algeriens-simposent-face-a-la-cote-divoire\\\/\",\"name\":\"Pr\u00e9paration des U20\u00a0: Les Alg\u00e9riens s&rsquo;imposent face \u00e0 la C\u00f4te d&rsquo;Ivoire - La Sentinelle\",\"isPartOf\":{\"@id\":\"https:\\\/\\\/lasentinelle.dz\\\/#website\"},\"primaryImageOfPage\":{\"@id\":\"https:\\\/\\\/lasentinelle.dz\\\/index.php\\\/2024\\\/05\\\/28\\\/preparation-des-u20-les-algeriens-simposent-face-a-la-cote-divoire\\\/#primaryimage\"},\"image\":{\"@id\":\"https:\\\/\\\/lasentinelle.dz\\\/index.php\\\/2024\\\/05\\\/28\\\/preparation-des-u20-les-algeriens-simposent-face-a-la-cote-divoire\\\/#primaryimage\"},\"thumbnailUrl\":\"https:\\\/\\\/lasentinelle.dz\\\/wp-content\\\/uploads\\\/2024\\\/05\\\/U20-3.jpeg\",\"datePublished\":\"2024-05-28T12:03:59+00:00\",\"dateModified\":\"2024-05-28T12:04:06+00:00\",\"breadcrumb\":{\"@id\":\"https:\\\/\\\/lasentinelle.dz\\\/index.php\\\/2024\\\/05\\\/28\\\/preparation-des-u20-les-algeriens-simposent-face-a-la-cote-divoire\\\/#breadcrumb\"},\"inLanguage\":\"fr-FR\",\"potentialAction\":[{\"@type\":\"ReadAction\",\"target\":[\"https:\\\/\\\/lasentinelle.dz\\\/index.php\\\/2024\\\/05\\\/28\\\/preparation-des-u20-les-algeriens-simposent-face-a-la-cote-divoire\\\/\"]}]},{\"@type\":\"ImageObject\",\"inLanguage\":\"fr-FR\",\"@id\":\"https:\\\/\\\/lasentinelle.dz\\\/index.php\\\/2024\\\/05\\\/28\\\/preparation-des-u20-les-algeriens-simposent-face-a-la-cote-divoire\\\/#primaryimage\",\"url\":\"https:\\\/\\\/lasentinelle.dz\\\/wp-content\\\/uploads\\\/2024\\\/05\\\/U20-3.jpeg\",\"contentUrl\":\"https:\\\/\\\/lasentinelle.dz\\\/wp-content\\\/uploads\\\/2024\\\/05\\\/U20-3.jpeg\",\"width\":2400,\"height\":1600},{\"@type\":\"BreadcrumbList\",\"@id\":\"https:\\\/\\\/lasentinelle.dz\\\/index.php\\\/2024\\\/05\\\/28\\\/preparation-des-u20-les-algeriens-simposent-face-a-la-cote-divoire\\\/#breadcrumb\",\"itemListElement\":[{\"@type\":\"ListItem\",\"position\":1,\"name\":\"Accueil\",\"item\":\"https:\\\/\\\/lasentinelle.dz\\\/\"},{\"@type\":\"ListItem\",\"position\":2,\"name\":\"Pr\u00e9paration des U20\u00a0: Les Alg\u00e9riens s&rsquo;imposent face \u00e0 la C\u00f4te d&rsquo;Ivoire\"}]},{\"@type\":\"WebSite\",\"@id\":\"https:\\\/\\\/lasentinelle.dz\\\/#website\",\"url\":\"https:\\\/\\\/lasentinelle.dz\\\/\",\"name\":\"La Sentinelle\",\"description\":\"Quotidien national d&#039;information\",\"publisher\":{\"@id\":\"https:\\\/\\\/lasentinelle.dz\\\/#organization\"},\"potentialAction\":[{\"@type\":\"SearchAction\",\"target\":{\"@type\":\"EntryPoint\",\"urlTemplate\":\"https:\\\/\\\/lasentinelle.dz\\\/?s={search_term_string}\"},\"query-input\":{\"@type\":\"PropertyValueSpecification\",\"valueRequired\":true,\"valueName\":\"search_term_string\"}}],\"inLanguage\":\"fr-FR\"},{\"@type\":\"Organization\",\"@id\":\"https:\\\/\\\/lasentinelle.dz\\\/#organization\",\"name\":\"Quotidien La Sentinelle\",\"url\":\"https:\\\/\\\/lasentinelle.dz\\\/\",\"logo\":{\"@type\":\"ImageObject\",\"inLanguage\":\"fr-FR\",\"@id\":\"https:\\\/\\\/lasentinelle.dz\\\/#\\\/schema\\\/logo\\\/image\\\/\",\"url\":\"https:\\\/\\\/lasentinelle.dz\\\/wp-content\\\/uploads\\\/2021\\\/09\\\/logo-sentinelleSLOGAN-1.png\",\"contentUrl\":\"https:\\\/\\\/lasentinelle.dz\\\/wp-content\\\/uploads\\\/2021\\\/09\\\/logo-sentinelleSLOGAN-1.png\",\"width\":615,\"height\":142,\"caption\":\"Quotidien La Sentinelle\"},\"image\":{\"@id\":\"https:\\\/\\\/lasentinelle.dz\\\/#\\\/schema\\\/logo\\\/image\\\/\"},\"sameAs\":[\"https:\\\/\\\/www.facebook.com\\\/La-Sentinelle-104059864394773\"]},{\"@type\":\"Person\",\"@id\":\"https:\\\/\\\/lasentinelle.dz\\\/#\\\/schema\\\/person\\\/d865044e22e70a75174ce8bcad3acfb3\",\"name\":\"La Sentinelle\",\"image\":{\"@type\":\"ImageObject\",\"inLanguage\":\"fr-FR\",\"@id\":\"https:\\\/\\\/secure.gravatar.com\\\/avatar\\\/57de8e5d4b15d43fb361a71fbb36338450fe67865b528a43dd10ef7c51a20392?s=96&d=mm&r=g\",\"url\":\"https:\\\/\\\/secure.gravatar.com\\\/avatar\\\/57de8e5d4b15d43fb361a71fbb36338450fe67865b528a43dd10ef7c51a20392?s=96&d=mm&r=g\",\"contentUrl\":\"https:\\\/\\\/secure.gravatar.com\\\/avatar\\\/57de8e5d4b15d43fb361a71fbb36338450fe67865b528a43dd10ef7c51a20392?s=96&d=mm&r=g\",\"caption\":\"La Sentinelle\"},\"sameAs\":[\"http:\\\/\\\/www.lasentinelle.dz\"],\"url\":\"https:\\\/\\\/lasentinelle.dz\\\/author\\\/redaction\\\/\"}]}<\/script>\n<!-- \/ Yoast SEO plugin. -->","yoast_head_json":{"title":"Pr\u00e9paration des U20\u00a0: Les Alg\u00e9riens s&rsquo;imposent face \u00e0 la C\u00f4te d&rsquo;Ivoire - La Sentinelle","robots":{"index":"index","follow":"follow","max-snippet":"max-snippet:-1","max-image-preview":"max-image-preview:large","max-video-preview":"max-video-preview:-1"},"canonical":"https:\/\/lasentinelle.dz\/index.php\/2024\/05\/28\/preparation-des-u20-les-algeriens-simposent-face-a-la-cote-divoire\/","og_locale":"fr_FR","og_type":"article","og_title":"Pr\u00e9paration des U20\u00a0: Les Alg\u00e9riens s&rsquo;imposent face \u00e0 la C\u00f4te d&rsquo;Ivoire - La Sentinelle","og_description":"Les jeunes footballeurs alg\u00e9riens semblent d\u00e9cid\u00e9s \u00e0 aller loin. Dans un match amical de pr\u00e9paration pour les prochaines \u00e9ch\u00e9ances africaines,","og_url":"https:\/\/lasentinelle.dz\/index.php\/2024\/05\/28\/preparation-des-u20-les-algeriens-simposent-face-a-la-cote-divoire\/","og_site_name":"La Sentinelle","article_publisher":"https:\/\/www.facebook.com\/La-Sentinelle-104059864394773","article_published_time":"2024-05-28T12:03:59+00:00","article_modified_time":"2024-05-28T12:04:06+00:00","og_image":[{"width":2400,"height":1600,"url":"https:\/\/lasentinelle.dz\/wp-content\/uploads\/2024\/05\/U20-3.jpeg","type":"image\/jpeg"}],"author":"La Sentinelle","twitter_card":"summary_large_image","twitter_misc":{"\u00c9crit par":"La Sentinelle","Dur\u00e9e de lecture estim\u00e9e":"3 minutes"},"schema":{"@context":"https:\/\/schema.org","@graph":[{"@type":"Article","@id":"https:\/\/lasentinelle.dz\/index.php\/2024\/05\/28\/preparation-des-u20-les-algeriens-simposent-face-a-la-cote-divoire\/#article","isPartOf":{"@id":"https:\/\/lasentinelle.dz\/index.php\/2024\/05\/28\/preparation-des-u20-les-algeriens-simposent-face-a-la-cote-divoire\/"},"author":{"name":"La Sentinelle","@id":"https:\/\/lasentinelle.dz\/#\/schema\/person\/d865044e22e70a75174ce8bcad3acfb3"},"headline":"Pr\u00e9paration des U20\u00a0: Les Alg\u00e9riens s&rsquo;imposent face \u00e0 la C\u00f4te d&rsquo;Ivoire","datePublished":"2024-05-28T12:03:59+00:00","dateModified":"2024-05-28T12:04:06+00:00","mainEntityOfPage":{"@id":"https:\/\/lasentinelle.dz\/index.php\/2024\/05\/28\/preparation-des-u20-les-algeriens-simposent-face-a-la-cote-divoire\/"},"wordCount":521,"commentCount":0,"publisher":{"@id":"https:\/\/lasentinelle.dz\/#organization"},"image":{"@id":"https:\/\/lasentinelle.dz\/index.php\/2024\/05\/28\/preparation-des-u20-les-algeriens-simposent-face-a-la-cote-divoire\/#primaryimage"},"thumbnailUrl":"https:\/\/lasentinelle.dz\/wp-content\/uploads\/2024\/05\/U20-3.jpeg","articleSection":["\u00c0 la Une","Sports"],"inLanguage":"fr-FR","potentialAction":[{"@type":"CommentAction","name":"Comment","target":["https:\/\/lasentinelle.dz\/index.php\/2024\/05\/28\/preparation-des-u20-les-algeriens-simposent-face-a-la-cote-divoire\/#respond"]}]},{"@type":"WebPage","@id":"https:\/\/lasentinelle.dz\/index.php\/2024\/05\/28\/preparation-des-u20-les-algeriens-simposent-face-a-la-cote-divoire\/","url":"https:\/\/lasentinelle.dz\/index.php\/2024\/05\/28\/preparation-des-u20-les-algeriens-simposent-face-a-la-cote-divoire\/","name":"Pr\u00e9paration des U20\u00a0: Les Alg\u00e9riens s&rsquo;imposent face \u00e0 la C\u00f4te d&rsquo;Ivoire - La Sentinelle","isPartOf":{"@id":"https:\/\/lasentinelle.dz\/#website"},"primaryImageOfPage":{"@id":"https:\/\/lasentinelle.dz\/index.php\/2024\/05\/28\/preparation-des-u20-les-algeriens-simposent-face-a-la-cote-divoire\/#primaryimage"},"image":{"@id":"https:\/\/lasentinelle.dz\/index.php\/2024\/05\/28\/preparation-des-u20-les-algeriens-simposent-face-a-la-cote-divoire\/#primaryimage"},"thumbnailUrl":"https:\/\/lasentinelle.dz\/wp-content\/uploads\/2024\/05\/U20-3.jpeg","datePublished":"2024-05-28T12:03:59+00:00","dateModified":"2024-05-28T12:04:06+00:00","breadcrumb":{"@id":"https:\/\/lasentinelle.dz\/index.php\/2024\/05\/28\/preparation-des-u20-les-algeriens-simposent-face-a-la-cote-divoire\/#breadcrumb"},"inLanguage":"fr-FR","potentialAction":[{"@type":"ReadAction","target":["https:\/\/lasentinelle.dz\/index.php\/2024\/05\/28\/preparation-des-u20-les-algeriens-simposent-face-a-la-cote-divoire\/"]}]},{"@type":"ImageObject","inLanguage":"fr-FR","@id":"https:\/\/lasentinelle.dz\/index.php\/2024\/05\/28\/preparation-des-u20-les-algeriens-simposent-face-a-la-cote-divoire\/#primaryimage","url":"https:\/\/lasentinelle.dz\/wp-content\/uploads\/2024\/05\/U20-3.jpeg","contentUrl":"https:\/\/lasentinelle.dz\/wp-content\/uploads\/2024\/05\/U20-3.jpeg","width":2400,"height":1600},{"@type":"BreadcrumbList","@id":"https:\/\/lasentinelle.dz\/index.php\/2024\/05\/28\/preparation-des-u20-les-algeriens-simposent-face-a-la-cote-divoire\/#breadcrumb","itemListElement":[{"@type":"ListItem","position":1,"name":"Accueil","item":"https:\/\/lasentinelle.dz\/"},{"@type":"ListItem","position":2,"name":"Pr\u00e9paration des U20\u00a0: Les Alg\u00e9riens s&rsquo;imposent face \u00e0 la C\u00f4te d&rsquo;Ivoire"}]},{"@type":"WebSite","@id":"https:\/\/lasentinelle.dz\/#website","url":"https:\/\/lasentinelle.dz\/","name":"La Sentinelle","description":"Quotidien national d&#039;information","publisher":{"@id":"https:\/\/lasentinelle.dz\/#organization"},"potentialAction":[{"@type":"SearchAction","target":{"@type":"EntryPoint","urlTemplate":"https:\/\/lasentinelle.dz\/?s={search_term_string}"},"query-input":{"@type":"PropertyValueSpecification","valueRequired":true,"valueName":"search_term_string"}}],"inLanguage":"fr-FR"},{"@type":"Organization","@id":"https:\/\/lasentinelle.dz\/#organization","name":"Quotidien La Sentinelle","url":"https:\/\/lasentinelle.dz\/","logo":{"@type":"ImageObject","inLanguage":"fr-FR","@id":"https:\/\/lasentinelle.dz\/#\/schema\/logo\/image\/","url":"https:\/\/lasentinelle.dz\/wp-content\/uploads\/2021\/09\/logo-sentinelleSLOGAN-1.png","contentUrl":"https:\/\/lasentinelle.dz\/wp-content\/uploads\/2021\/09\/logo-sentinelleSLOGAN-1.png","width":615,"height":142,"caption":"Quotidien La Sentinelle"},"image":{"@id":"https:\/\/lasentinelle.dz\/#\/schema\/logo\/image\/"},"sameAs":["https:\/\/www.facebook.com\/La-Sentinelle-104059864394773"]},{"@type":"Person","@id":"https:\/\/lasentinelle.dz\/#\/schema\/person\/d865044e22e70a75174ce8bcad3acfb3","name":"La Sentinelle","image":{"@type":"ImageObject","inLanguage":"fr-FR","@id":"https:\/\/secure.gravatar.com\/avatar\/57de8e5d4b15d43fb361a71fbb36338450fe67865b528a43dd10ef7c51a20392?s=96&d=mm&r=g","url":"https:\/\/secure.gravatar.com\/avatar\/57de8e5d4b15d43fb361a71fbb36338450fe67865b528a43dd10ef7c51a20392?s=96&d=mm&r=g","contentUrl":"https:\/\/secure.gravatar.com\/avatar\/57de8e5d4b15d43fb361a71fbb36338450fe67865b528a43dd10ef7c51a20392?s=96&d=mm&r=g","caption":"La Sentinelle"},"sameAs":["http:\/\/www.lasentinelle.dz"],"url":"https:\/\/lasentinelle.dz\/author\/redaction\/"}]}},"_links":{"self":[{"href":"https:\/\/lasentinelle.dz\/index.php\/wp-json\/wp\/v2\/posts\/52942","targetHints":{"allow":["GET"]}}],"collection":[{"href":"https:\/\/lasentinelle.dz\/index.php\/wp-json\/wp\/v2\/posts"}],"about":[{"href":"https:\/\/lasentinelle.dz\/index.php\/wp-json\/wp\/v2\/types\/post"}],"author":[{"embeddable":true,"href":"https:\/\/lasentinelle.dz\/index.php\/wp-json\/wp\/v2\/users\/3"}],"replies":[{"embeddable":true,"href":"https:\/\/lasentinelle.dz\/index.php\/wp-json\/wp\/v2\/comments?post=52942"}],"version-history":[{"count":2,"href":"https:\/\/lasentinelle.dz\/index.php\/wp-json\/wp\/v2\/posts\/52942\/revisions"}],"predecessor-version":[{"id":52945,"href":"https:\/\/lasentinelle.dz\/index.php\/wp-json\/wp\/v2\/posts\/52942\/revisions\/52945"}],"wp:featuredmedia":[{"embeddable":true,"href":"https:\/\/lasentinelle.dz\/index.php\/wp-json\/wp\/v2\/media\/52943"}],"wp:attachment":[{"href":"https:\/\/lasentinelle.dz\/index.php\/wp-json\/wp\/v2\/media?parent=52942"}],"wp:term":[{"taxonomy":"category","embeddable":true,"href":"https:\/\/lasentinelle.dz\/index.php\/wp-json\/wp\/v2\/categories?post=52942"},{"taxonomy":"post_tag","embeddable":true,"href":"https:\/\/lasentinelle.dz\/index.php\/wp-json\/wp\/v2\/tags?post=52942"}],"curies":[{"name":"wp","href":"https:\/\/api.w.org\/{rel}","templated":true}]}}