{"id":5295,"date":"2021-08-25T00:01:00","date_gmt":"2021-08-24T23:01:00","guid":{"rendered":"https:\/\/lasentinelle.dz\/?p=5295"},"modified":"2021-08-24T20:00:06","modified_gmt":"2021-08-24T19:00:06","slug":"algeriens-installes-a-letranger-coupables-dattaques-contre-lalgerie-un-travail-est-mene-pour-lextradition","status":"publish","type":"post","link":"https:\/\/lasentinelle.dz\/index.php\/2021\/08\/25\/algeriens-installes-a-letranger-coupables-dattaques-contre-lalgerie-un-travail-est-mene-pour-lextradition\/","title":{"rendered":"Alg\u00e9riens install\u00e9s \u00e0 l\u2019\u00e9tranger coupables d\u2019attaques contre l\u2019Alg\u00e9rie : Un travail est men\u00e9 pour  leur extradition"},"content":{"rendered":"\n<p>Le chef de la diplomatie alg\u00e9rienne a affirm\u00e9 que \u00ab le pr\u00e9sident de la R\u00e9publique attache une grande importance \u00e0 notre communaut\u00e9 nationale \u00e0 l\u2019\u00e9tranger \u00bb, pr\u00e9cisant toutefois que les membres de cette communaut\u00e9 sont des citoyens alg\u00e9riens \u00e0 part enti\u00e8re appel\u00e9s au respect des lois de la R\u00e9publique avant de lancer un avertissement \u00e0 l\u2019\u00e9gard de \u00ab tous ceux qui commettent des actes hostiles \u00e0 la patrie \u00e0 partir de l\u2019\u00e9tranger&nbsp;\u00bb, lesquels seront soumis \u00ab&nbsp;aux lois et conventions internationales interdisant tout acte pouvant engendrer la violence ou et l\u2019instabilit\u00e9 \u00bb.<\/p>\n\n\n\n<p>Il expliquera en ce sens que la diplomatie alg\u00e9rienne \u00ab&nbsp;est veille \u00e0 travailler avec les pays d\u2019accueil pour l\u2019application des lois sur tous, notamment en ce qui concerne les lois conventions internationales dans le respect de la souverainet\u00e9 des pays et l\u2019int\u00e9grit\u00e9 de leur territoire pour se prot\u00e9ger contre le terrorisme et son \u00e9radication \u00bb.<\/p>\n\n\n\n<p>A la question de savoir si un travail diplomatique est \u00e0 l\u2019\u0153uvre concernant les dirigeants de certaines organisations classifi\u00e9es comme organisations terroristes dans le but de leur extradition, le chef de la diplomatie alg\u00e9rienne r\u00e9pond par l\u2019affirmative ajoutant qu\u2019 \u00ab il existe aussi un travail juridique et s\u00e9curitaire ayantpour objectifs l\u2019application des lois contre tous les individus coupables d\u2019actes&nbsp; consid\u00e9r\u00e9s comme d\u00e9lictueux en Alg\u00e9rie et en dehors du pays \u00bb. Il estime que \u00ab le travail judiciaire et s\u00e9curitaire, commence \u00e0 r\u00e9aliser les r\u00e9sultats escompt\u00e9s \u00bb,<\/p>\n\n\n\n<p>BA<\/p>\n","protected":false},"excerpt":{"rendered":"<p>Le chef de la diplomatie alg\u00e9rienne a affirm\u00e9 que \u00ab le pr\u00e9sident de la R\u00e9publique attache une grande importance \u00e0<\/p>\n","protected":false},"author":3,"featured_media":0,"comment_status":"open","ping_status":"closed","sticky":false,"template":"","format":"standard","meta":{"colormag_page_container_layout":"default_layout","colormag_page_sidebar_layout":"default_layout","om_disable_all_campaigns":false,"_monsterinsights_skip_tracking":false,"_monsterinsights_sitenote_active":false,"_monsterinsights_sitenote_note":"","_monsterinsights_sitenote_category":0,"footnotes":"","_wpscppro_dont_share_socialmedia":false,"_wpscppro_custom_social_share_image":0,"_facebook_share_type":"","_twitter_share_type":"","_linkedin_share_type":"","_pinterest_share_type":"","_linkedin_share_type_page":"","_instagram_share_type":"","_medium_share_type":"","_threads_share_type":"","_google_business_share_type":"","_selected_social_profile":[],"_wpsp_enable_custom_social_template":false,"_wpsp_social_scheduling":{"enabled":false,"datetime":null,"platforms":[],"status":"template_only","dateOption":"today","timeOption":"now","customDays":"","customHours":"","customDate":"","customTime":"","schedulingType":"absolute"},"_wpsp_active_default_template":true},"categories":[27],"tags":[],"class_list":["post-5295","post","type-post","status-publish","format-standard","hentry","category-actualite"],"aioseo_notices":[],"yoast_head":"<!-- This site is optimized with the Yoast SEO plugin v27.5 - https:\/\/yoast.com\/product\/yoast-seo-wordpress\/ -->\n<title>Alg\u00e9riens install\u00e9s \u00e0 l\u2019\u00e9tranger coupables d\u2019attaques contre l\u2019Alg\u00e9rie : Un travail est men\u00e9 pour leur extradition - La Sentinelle<\/title>\n<meta name=\"robots\" content=\"index, follow, max-snippet:-1, max-image-preview:large, max-video-preview:-1\" \/>\n<link rel=\"canonical\" href=\"https:\/\/lasentinelle.dz\/index.php\/2021\/08\/25\/algeriens-installes-a-letranger-coupables-dattaques-contre-lalgerie-un-travail-est-mene-pour-lextradition\/\" \/>\n<meta property=\"og:locale\" content=\"fr_FR\" \/>\n<meta property=\"og:type\" content=\"article\" \/>\n<meta property=\"og:title\" content=\"Alg\u00e9riens install\u00e9s \u00e0 l\u2019\u00e9tranger coupables d\u2019attaques contre l\u2019Alg\u00e9rie : Un travail est men\u00e9 pour leur extradition - La Sentinelle\" \/>\n<meta property=\"og:description\" content=\"Le chef de la diplomatie alg\u00e9rienne a affirm\u00e9 que \u00ab le pr\u00e9sident de la R\u00e9publique attache une grande importance \u00e0\" \/>\n<meta property=\"og:url\" content=\"https:\/\/lasentinelle.dz\/index.php\/2021\/08\/25\/algeriens-installes-a-letranger-coupables-dattaques-contre-lalgerie-un-travail-est-mene-pour-lextradition\/\" \/>\n<meta property=\"og:site_name\" content=\"La Sentinelle\" \/>\n<meta property=\"article:publisher\" content=\"https:\/\/www.facebook.com\/La-Sentinelle-104059864394773\" \/>\n<meta property=\"article:published_time\" content=\"2021-08-24T23:01:00+00:00\" \/>\n<meta name=\"author\" content=\"La Sentinelle\" \/>\n<meta name=\"twitter:card\" content=\"summary_large_image\" \/>\n<meta name=\"twitter:label1\" content=\"\u00c9crit par\" \/>\n\t<meta name=\"twitter:data1\" content=\"La Sentinelle\" \/>\n\t<meta name=\"twitter:label2\" content=\"Dur\u00e9e de lecture estim\u00e9e\" \/>\n\t<meta name=\"twitter:data2\" content=\"1 minute\" \/>\n<script type=\"application\/ld+json\" class=\"yoast-schema-graph\">{\"@context\":\"https:\\\/\\\/schema.org\",\"@graph\":[{\"@type\":\"Article\",\"@id\":\"https:\\\/\\\/lasentinelle.dz\\\/index.php\\\/2021\\\/08\\\/25\\\/algeriens-installes-a-letranger-coupables-dattaques-contre-lalgerie-un-travail-est-mene-pour-lextradition\\\/#article\",\"isPartOf\":{\"@id\":\"https:\\\/\\\/lasentinelle.dz\\\/index.php\\\/2021\\\/08\\\/25\\\/algeriens-installes-a-letranger-coupables-dattaques-contre-lalgerie-un-travail-est-mene-pour-lextradition\\\/\"},\"author\":{\"name\":\"La Sentinelle\",\"@id\":\"https:\\\/\\\/lasentinelle.dz\\\/#\\\/schema\\\/person\\\/d865044e22e70a75174ce8bcad3acfb3\"},\"headline\":\"Alg\u00e9riens install\u00e9s \u00e0 l\u2019\u00e9tranger coupables d\u2019attaques contre l\u2019Alg\u00e9rie : Un travail est men\u00e9 pour leur extradition\",\"datePublished\":\"2021-08-24T23:01:00+00:00\",\"mainEntityOfPage\":{\"@id\":\"https:\\\/\\\/lasentinelle.dz\\\/index.php\\\/2021\\\/08\\\/25\\\/algeriens-installes-a-letranger-coupables-dattaques-contre-lalgerie-un-travail-est-mene-pour-lextradition\\\/\"},\"wordCount\":273,\"commentCount\":0,\"publisher\":{\"@id\":\"https:\\\/\\\/lasentinelle.dz\\\/#organization\"},\"articleSection\":[\"Actualit\u00e9\"],\"inLanguage\":\"fr-FR\",\"potentialAction\":[{\"@type\":\"CommentAction\",\"name\":\"Comment\",\"target\":[\"https:\\\/\\\/lasentinelle.dz\\\/index.php\\\/2021\\\/08\\\/25\\\/algeriens-installes-a-letranger-coupables-dattaques-contre-lalgerie-un-travail-est-mene-pour-lextradition\\\/#respond\"]}]},{\"@type\":\"WebPage\",\"@id\":\"https:\\\/\\\/lasentinelle.dz\\\/index.php\\\/2021\\\/08\\\/25\\\/algeriens-installes-a-letranger-coupables-dattaques-contre-lalgerie-un-travail-est-mene-pour-lextradition\\\/\",\"url\":\"https:\\\/\\\/lasentinelle.dz\\\/index.php\\\/2021\\\/08\\\/25\\\/algeriens-installes-a-letranger-coupables-dattaques-contre-lalgerie-un-travail-est-mene-pour-lextradition\\\/\",\"name\":\"Alg\u00e9riens install\u00e9s \u00e0 l\u2019\u00e9tranger coupables d\u2019attaques contre l\u2019Alg\u00e9rie : Un travail est men\u00e9 pour leur extradition - La Sentinelle\",\"isPartOf\":{\"@id\":\"https:\\\/\\\/lasentinelle.dz\\\/#website\"},\"datePublished\":\"2021-08-24T23:01:00+00:00\",\"breadcrumb\":{\"@id\":\"https:\\\/\\\/lasentinelle.dz\\\/index.php\\\/2021\\\/08\\\/25\\\/algeriens-installes-a-letranger-coupables-dattaques-contre-lalgerie-un-travail-est-mene-pour-lextradition\\\/#breadcrumb\"},\"inLanguage\":\"fr-FR\",\"potentialAction\":[{\"@type\":\"ReadAction\",\"target\":[\"https:\\\/\\\/lasentinelle.dz\\\/index.php\\\/2021\\\/08\\\/25\\\/algeriens-installes-a-letranger-coupables-dattaques-contre-lalgerie-un-travail-est-mene-pour-lextradition\\\/\"]}]},{\"@type\":\"BreadcrumbList\",\"@id\":\"https:\\\/\\\/lasentinelle.dz\\\/index.php\\\/2021\\\/08\\\/25\\\/algeriens-installes-a-letranger-coupables-dattaques-contre-lalgerie-un-travail-est-mene-pour-lextradition\\\/#breadcrumb\",\"itemListElement\":[{\"@type\":\"ListItem\",\"position\":1,\"name\":\"Accueil\",\"item\":\"https:\\\/\\\/lasentinelle.dz\\\/\"},{\"@type\":\"ListItem\",\"position\":2,\"name\":\"Alg\u00e9riens install\u00e9s \u00e0 l\u2019\u00e9tranger coupables d\u2019attaques contre l\u2019Alg\u00e9rie : Un travail est men\u00e9 pour leur extradition\"}]},{\"@type\":\"WebSite\",\"@id\":\"https:\\\/\\\/lasentinelle.dz\\\/#website\",\"url\":\"https:\\\/\\\/lasentinelle.dz\\\/\",\"name\":\"La Sentinelle\",\"description\":\"Quotidien national d&#039;information\",\"publisher\":{\"@id\":\"https:\\\/\\\/lasentinelle.dz\\\/#organization\"},\"potentialAction\":[{\"@type\":\"SearchAction\",\"target\":{\"@type\":\"EntryPoint\",\"urlTemplate\":\"https:\\\/\\\/lasentinelle.dz\\\/?s={search_term_string}\"},\"query-input\":{\"@type\":\"PropertyValueSpecification\",\"valueRequired\":true,\"valueName\":\"search_term_string\"}}],\"inLanguage\":\"fr-FR\"},{\"@type\":\"Organization\",\"@id\":\"https:\\\/\\\/lasentinelle.dz\\\/#organization\",\"name\":\"Quotidien La Sentinelle\",\"url\":\"https:\\\/\\\/lasentinelle.dz\\\/\",\"logo\":{\"@type\":\"ImageObject\",\"inLanguage\":\"fr-FR\",\"@id\":\"https:\\\/\\\/lasentinelle.dz\\\/#\\\/schema\\\/logo\\\/image\\\/\",\"url\":\"https:\\\/\\\/lasentinelle.dz\\\/wp-content\\\/uploads\\\/2021\\\/09\\\/logo-sentinelleSLOGAN-1.png\",\"contentUrl\":\"https:\\\/\\\/lasentinelle.dz\\\/wp-content\\\/uploads\\\/2021\\\/09\\\/logo-sentinelleSLOGAN-1.png\",\"width\":615,\"height\":142,\"caption\":\"Quotidien La Sentinelle\"},\"image\":{\"@id\":\"https:\\\/\\\/lasentinelle.dz\\\/#\\\/schema\\\/logo\\\/image\\\/\"},\"sameAs\":[\"https:\\\/\\\/www.facebook.com\\\/La-Sentinelle-104059864394773\"]},{\"@type\":\"Person\",\"@id\":\"https:\\\/\\\/lasentinelle.dz\\\/#\\\/schema\\\/person\\\/d865044e22e70a75174ce8bcad3acfb3\",\"name\":\"La Sentinelle\",\"image\":{\"@type\":\"ImageObject\",\"inLanguage\":\"fr-FR\",\"@id\":\"https:\\\/\\\/secure.gravatar.com\\\/avatar\\\/57de8e5d4b15d43fb361a71fbb36338450fe67865b528a43dd10ef7c51a20392?s=96&d=mm&r=g\",\"url\":\"https:\\\/\\\/secure.gravatar.com\\\/avatar\\\/57de8e5d4b15d43fb361a71fbb36338450fe67865b528a43dd10ef7c51a20392?s=96&d=mm&r=g\",\"contentUrl\":\"https:\\\/\\\/secure.gravatar.com\\\/avatar\\\/57de8e5d4b15d43fb361a71fbb36338450fe67865b528a43dd10ef7c51a20392?s=96&d=mm&r=g\",\"caption\":\"La Sentinelle\"},\"sameAs\":[\"http:\\\/\\\/www.lasentinelle.dz\"],\"url\":\"https:\\\/\\\/lasentinelle.dz\\\/author\\\/redaction\\\/\"}]}<\/script>\n<!-- \/ Yoast SEO plugin. -->","yoast_head_json":{"title":"Alg\u00e9riens install\u00e9s \u00e0 l\u2019\u00e9tranger coupables d\u2019attaques contre l\u2019Alg\u00e9rie : Un travail est men\u00e9 pour leur extradition - La Sentinelle","robots":{"index":"index","follow":"follow","max-snippet":"max-snippet:-1","max-image-preview":"max-image-preview:large","max-video-preview":"max-video-preview:-1"},"canonical":"https:\/\/lasentinelle.dz\/index.php\/2021\/08\/25\/algeriens-installes-a-letranger-coupables-dattaques-contre-lalgerie-un-travail-est-mene-pour-lextradition\/","og_locale":"fr_FR","og_type":"article","og_title":"Alg\u00e9riens install\u00e9s \u00e0 l\u2019\u00e9tranger coupables d\u2019attaques contre l\u2019Alg\u00e9rie : Un travail est men\u00e9 pour leur extradition - La Sentinelle","og_description":"Le chef de la diplomatie alg\u00e9rienne a affirm\u00e9 que \u00ab le pr\u00e9sident de la R\u00e9publique attache une grande importance \u00e0","og_url":"https:\/\/lasentinelle.dz\/index.php\/2021\/08\/25\/algeriens-installes-a-letranger-coupables-dattaques-contre-lalgerie-un-travail-est-mene-pour-lextradition\/","og_site_name":"La Sentinelle","article_publisher":"https:\/\/www.facebook.com\/La-Sentinelle-104059864394773","article_published_time":"2021-08-24T23:01:00+00:00","author":"La Sentinelle","twitter_card":"summary_large_image","twitter_misc":{"\u00c9crit par":"La Sentinelle","Dur\u00e9e de lecture estim\u00e9e":"1 minute"},"schema":{"@context":"https:\/\/schema.org","@graph":[{"@type":"Article","@id":"https:\/\/lasentinelle.dz\/index.php\/2021\/08\/25\/algeriens-installes-a-letranger-coupables-dattaques-contre-lalgerie-un-travail-est-mene-pour-lextradition\/#article","isPartOf":{"@id":"https:\/\/lasentinelle.dz\/index.php\/2021\/08\/25\/algeriens-installes-a-letranger-coupables-dattaques-contre-lalgerie-un-travail-est-mene-pour-lextradition\/"},"author":{"name":"La Sentinelle","@id":"https:\/\/lasentinelle.dz\/#\/schema\/person\/d865044e22e70a75174ce8bcad3acfb3"},"headline":"Alg\u00e9riens install\u00e9s \u00e0 l\u2019\u00e9tranger coupables d\u2019attaques contre l\u2019Alg\u00e9rie : Un travail est men\u00e9 pour leur extradition","datePublished":"2021-08-24T23:01:00+00:00","mainEntityOfPage":{"@id":"https:\/\/lasentinelle.dz\/index.php\/2021\/08\/25\/algeriens-installes-a-letranger-coupables-dattaques-contre-lalgerie-un-travail-est-mene-pour-lextradition\/"},"wordCount":273,"commentCount":0,"publisher":{"@id":"https:\/\/lasentinelle.dz\/#organization"},"articleSection":["Actualit\u00e9"],"inLanguage":"fr-FR","potentialAction":[{"@type":"CommentAction","name":"Comment","target":["https:\/\/lasentinelle.dz\/index.php\/2021\/08\/25\/algeriens-installes-a-letranger-coupables-dattaques-contre-lalgerie-un-travail-est-mene-pour-lextradition\/#respond"]}]},{"@type":"WebPage","@id":"https:\/\/lasentinelle.dz\/index.php\/2021\/08\/25\/algeriens-installes-a-letranger-coupables-dattaques-contre-lalgerie-un-travail-est-mene-pour-lextradition\/","url":"https:\/\/lasentinelle.dz\/index.php\/2021\/08\/25\/algeriens-installes-a-letranger-coupables-dattaques-contre-lalgerie-un-travail-est-mene-pour-lextradition\/","name":"Alg\u00e9riens install\u00e9s \u00e0 l\u2019\u00e9tranger coupables d\u2019attaques contre l\u2019Alg\u00e9rie : Un travail est men\u00e9 pour leur extradition - La Sentinelle","isPartOf":{"@id":"https:\/\/lasentinelle.dz\/#website"},"datePublished":"2021-08-24T23:01:00+00:00","breadcrumb":{"@id":"https:\/\/lasentinelle.dz\/index.php\/2021\/08\/25\/algeriens-installes-a-letranger-coupables-dattaques-contre-lalgerie-un-travail-est-mene-pour-lextradition\/#breadcrumb"},"inLanguage":"fr-FR","potentialAction":[{"@type":"ReadAction","target":["https:\/\/lasentinelle.dz\/index.php\/2021\/08\/25\/algeriens-installes-a-letranger-coupables-dattaques-contre-lalgerie-un-travail-est-mene-pour-lextradition\/"]}]},{"@type":"BreadcrumbList","@id":"https:\/\/lasentinelle.dz\/index.php\/2021\/08\/25\/algeriens-installes-a-letranger-coupables-dattaques-contre-lalgerie-un-travail-est-mene-pour-lextradition\/#breadcrumb","itemListElement":[{"@type":"ListItem","position":1,"name":"Accueil","item":"https:\/\/lasentinelle.dz\/"},{"@type":"ListItem","position":2,"name":"Alg\u00e9riens install\u00e9s \u00e0 l\u2019\u00e9tranger coupables d\u2019attaques contre l\u2019Alg\u00e9rie : Un travail est men\u00e9 pour leur extradition"}]},{"@type":"WebSite","@id":"https:\/\/lasentinelle.dz\/#website","url":"https:\/\/lasentinelle.dz\/","name":"La Sentinelle","description":"Quotidien national d&#039;information","publisher":{"@id":"https:\/\/lasentinelle.dz\/#organization"},"potentialAction":[{"@type":"SearchAction","target":{"@type":"EntryPoint","urlTemplate":"https:\/\/lasentinelle.dz\/?s={search_term_string}"},"query-input":{"@type":"PropertyValueSpecification","valueRequired":true,"valueName":"search_term_string"}}],"inLanguage":"fr-FR"},{"@type":"Organization","@id":"https:\/\/lasentinelle.dz\/#organization","name":"Quotidien La Sentinelle","url":"https:\/\/lasentinelle.dz\/","logo":{"@type":"ImageObject","inLanguage":"fr-FR","@id":"https:\/\/lasentinelle.dz\/#\/schema\/logo\/image\/","url":"https:\/\/lasentinelle.dz\/wp-content\/uploads\/2021\/09\/logo-sentinelleSLOGAN-1.png","contentUrl":"https:\/\/lasentinelle.dz\/wp-content\/uploads\/2021\/09\/logo-sentinelleSLOGAN-1.png","width":615,"height":142,"caption":"Quotidien La Sentinelle"},"image":{"@id":"https:\/\/lasentinelle.dz\/#\/schema\/logo\/image\/"},"sameAs":["https:\/\/www.facebook.com\/La-Sentinelle-104059864394773"]},{"@type":"Person","@id":"https:\/\/lasentinelle.dz\/#\/schema\/person\/d865044e22e70a75174ce8bcad3acfb3","name":"La Sentinelle","image":{"@type":"ImageObject","inLanguage":"fr-FR","@id":"https:\/\/secure.gravatar.com\/avatar\/57de8e5d4b15d43fb361a71fbb36338450fe67865b528a43dd10ef7c51a20392?s=96&d=mm&r=g","url":"https:\/\/secure.gravatar.com\/avatar\/57de8e5d4b15d43fb361a71fbb36338450fe67865b528a43dd10ef7c51a20392?s=96&d=mm&r=g","contentUrl":"https:\/\/secure.gravatar.com\/avatar\/57de8e5d4b15d43fb361a71fbb36338450fe67865b528a43dd10ef7c51a20392?s=96&d=mm&r=g","caption":"La Sentinelle"},"sameAs":["http:\/\/www.lasentinelle.dz"],"url":"https:\/\/lasentinelle.dz\/author\/redaction\/"}]}},"_links":{"self":[{"href":"https:\/\/lasentinelle.dz\/index.php\/wp-json\/wp\/v2\/posts\/5295","targetHints":{"allow":["GET"]}}],"collection":[{"href":"https:\/\/lasentinelle.dz\/index.php\/wp-json\/wp\/v2\/posts"}],"about":[{"href":"https:\/\/lasentinelle.dz\/index.php\/wp-json\/wp\/v2\/types\/post"}],"author":[{"embeddable":true,"href":"https:\/\/lasentinelle.dz\/index.php\/wp-json\/wp\/v2\/users\/3"}],"replies":[{"embeddable":true,"href":"https:\/\/lasentinelle.dz\/index.php\/wp-json\/wp\/v2\/comments?post=5295"}],"version-history":[{"count":2,"href":"https:\/\/lasentinelle.dz\/index.php\/wp-json\/wp\/v2\/posts\/5295\/revisions"}],"predecessor-version":[{"id":5315,"href":"https:\/\/lasentinelle.dz\/index.php\/wp-json\/wp\/v2\/posts\/5295\/revisions\/5315"}],"wp:attachment":[{"href":"https:\/\/lasentinelle.dz\/index.php\/wp-json\/wp\/v2\/media?parent=5295"}],"wp:term":[{"taxonomy":"category","embeddable":true,"href":"https:\/\/lasentinelle.dz\/index.php\/wp-json\/wp\/v2\/categories?post=5295"},{"taxonomy":"post_tag","embeddable":true,"href":"https:\/\/lasentinelle.dz\/index.php\/wp-json\/wp\/v2\/tags?post=5295"}],"curies":[{"name":"wp","href":"https:\/\/api.w.org\/{rel}","templated":true}]}}