{"id":52951,"date":"2024-05-28T13:33:44","date_gmt":"2024-05-28T12:33:44","guid":{"rendered":"https:\/\/lasentinelle.dz\/?p=52951"},"modified":"2024-05-28T13:33:48","modified_gmt":"2024-05-28T12:33:48","slug":"sonatrach-exxonmobil-un-accord-qui-contribuera-a-promouvoir-le-partenariat-entre-les-compagnies-internationales-et-lafrique","status":"publish","type":"post","link":"https:\/\/lasentinelle.dz\/index.php\/2024\/05\/28\/sonatrach-exxonmobil-un-accord-qui-contribuera-a-promouvoir-le-partenariat-entre-les-compagnies-internationales-et-lafrique\/","title":{"rendered":"Sonatrach-ExxonMobil\u00a0: Un accord qui contribuera \u00e0 promouvoir le partenariat entre les compagnies internationales et l&rsquo;Afrique"},"content":{"rendered":"\n<p>La Chambre africaine de l&rsquo;\u00e9nergie a salu\u00e9 le protocole d&rsquo;accord, conclu jeudi dernier, entre Sonatrach et la compagnie am\u00e9ricaine ExxonMobil portant sur le d\u00e9veloppement en partenariat des ressources en hydrocarbures des bassin d&rsquo;Ahnet et du Gourara, soulignant l&rsquo;importance d&rsquo;un tel partenariat dans la promotion de la collaboration entre les compagnies p\u00e9troli\u00e8res internationales et les pays africains. Sign\u00e9 \u00e0 Alger en pr\u00e9sence du Pdg du groupe, Rachid Hachichi, et des cadres du groupe et d&rsquo;une d\u00e9l\u00e9gation de la compagnie am\u00e9ricaine ExxonMobil, cet accord \u00ab\u00a0repr\u00e9sente une \u00e9tape importante dans le secteur \u00e9nerg\u00e9tique alg\u00e9rien, mettant en \u00e9vidence des progr\u00e8s substantiels et de nouvelles opportunit\u00e9s d&rsquo;investissement. Les deux parties donneront la priorit\u00e9 aux avanc\u00e9es technologiques et \u00e0 l&rsquo;adoption des meilleures pratiques en mati\u00e8re de d\u00e9veloppement durable et de protection de l&rsquo;environnement\u00a0\u00bb, indique cette association bas\u00e9e \u00e0 Johannesburg (Afrique du Sud). Ces partenariats \u00ab\u00a0sont essentiels pour lib\u00e9rer le vaste potentiel \u00e9nerg\u00e9tique de l&rsquo;Afrique\u00a0\u00bb affirme encore la Chambre, notant que l&rsquo;accord qualifi\u00e9 d'\u00a0\u00bbhistorique\u00a0\u00bb entre les deux compagnies permettra \u00ab\u00a0d&rsquo;am\u00e9liorer l&rsquo;efficacit\u00e9 de l&rsquo;exploration, d&rsquo;optimiser les processus de production, de garantir des pratiques d&rsquo;utilisation durable des ressources et de tirer parti de la vaste exp\u00e9rience de la soci\u00e9t\u00e9 et de ses ant\u00e9c\u00e9dents en mati\u00e8re de gestion de projets \u00e9nerg\u00e9tiques complexes dans toute l&rsquo;Afrique\u00a0\u00bb. \u00ab\u00a0Le partenariat entre l&rsquo;Alg\u00e9rie et ExxonMobil marque un tournant dans le paysage \u00e9nerg\u00e9tique du pays. Cela souligne le potentiel de collaboration entre les nations africaines et les soci\u00e9t\u00e9s p\u00e9troli\u00e8res internationales pour d\u00e9bloquer les ressources \u00e9nerg\u00e9tiques et, en fin de compte, favoriser le d\u00e9veloppement durable et \u00e9liminer la pauvret\u00e9 \u00e9nerg\u00e9tique sur le continent\u00a0\u00bb, a d\u00e9clar\u00e9 NJ Ayuk, pr\u00e9sident ex\u00e9cutif de la Chambre, cit\u00e9 dans un communiqu\u00e9. \u00ab\u00a0En forgeant de tels partenariats, l&rsquo;Alg\u00e9rie s&rsquo;assure non seulement l&rsquo;acc\u00e8s \u00e0 des technologies et \u00e0 une expertise de pointe, mais se positionne \u00e9galement en tant qu&rsquo;exportateur r\u00e9gional de gaz vers les pays europ\u00e9ens\u00a0\u00bb, a-t-il ajout\u00e9.<\/p>\n\n\n\n<p>APS<\/p>\n","protected":false},"excerpt":{"rendered":"<p>La Chambre africaine de l&rsquo;\u00e9nergie a salu\u00e9 le protocole d&rsquo;accord, conclu jeudi dernier, entre Sonatrach et la compagnie am\u00e9ricaine ExxonMobil<\/p>\n","protected":false},"author":3,"featured_media":52805,"comment_status":"open","ping_status":"closed","sticky":false,"template":"","format":"standard","meta":{"colormag_page_container_layout":"default_layout","colormag_page_sidebar_layout":"default_layout","om_disable_all_campaigns":false,"_monsterinsights_skip_tracking":false,"_monsterinsights_sitenote_active":false,"_monsterinsights_sitenote_note":"","_monsterinsights_sitenote_category":0,"footnotes":"","_wpscppro_dont_share_socialmedia":false,"_wpscppro_custom_social_share_image":0,"_facebook_share_type":"default","_twitter_share_type":"default","_linkedin_share_type":"default","_pinterest_share_type":"default","_linkedin_share_type_page":"","_instagram_share_type":"default","_medium_share_type":"","_threads_share_type":"","_google_business_share_type":"","_selected_social_profile":[],"_wpsp_enable_custom_social_template":false,"_wpsp_social_scheduling":{"enabled":false,"datetime":null,"platforms":[],"status":"template_only","dateOption":"today","timeOption":"now","customDays":"","customHours":"","customDate":"","customTime":"","schedulingType":"absolute"},"_wpsp_active_default_template":true},"categories":[29],"tags":[],"class_list":["post-52951","post","type-post","status-publish","format-standard","has-post-thumbnail","hentry","category-economie"],"aioseo_notices":[],"yoast_head":"<!-- This site is optimized with the Yoast SEO plugin v27.5 - https:\/\/yoast.com\/product\/yoast-seo-wordpress\/ -->\n<title>Sonatrach-ExxonMobil\u00a0: Un accord qui contribuera \u00e0 promouvoir le partenariat entre les compagnies internationales et l&rsquo;Afrique - La Sentinelle<\/title>\n<meta name=\"robots\" content=\"index, follow, max-snippet:-1, max-image-preview:large, max-video-preview:-1\" \/>\n<link rel=\"canonical\" href=\"https:\/\/lasentinelle.dz\/index.php\/2024\/05\/28\/sonatrach-exxonmobil-un-accord-qui-contribuera-a-promouvoir-le-partenariat-entre-les-compagnies-internationales-et-lafrique\/\" \/>\n<meta property=\"og:locale\" content=\"fr_FR\" \/>\n<meta property=\"og:type\" content=\"article\" \/>\n<meta property=\"og:title\" content=\"Sonatrach-ExxonMobil\u00a0: Un accord qui contribuera \u00e0 promouvoir le partenariat entre les compagnies internationales et l&rsquo;Afrique - La Sentinelle\" \/>\n<meta property=\"og:description\" content=\"La Chambre africaine de l&rsquo;\u00e9nergie a salu\u00e9 le protocole d&rsquo;accord, conclu jeudi dernier, entre Sonatrach et la compagnie am\u00e9ricaine ExxonMobil\" \/>\n<meta property=\"og:url\" content=\"https:\/\/lasentinelle.dz\/index.php\/2024\/05\/28\/sonatrach-exxonmobil-un-accord-qui-contribuera-a-promouvoir-le-partenariat-entre-les-compagnies-internationales-et-lafrique\/\" \/>\n<meta property=\"og:site_name\" content=\"La Sentinelle\" \/>\n<meta property=\"article:publisher\" content=\"https:\/\/www.facebook.com\/La-Sentinelle-104059864394773\" \/>\n<meta property=\"article:published_time\" content=\"2024-05-28T12:33:44+00:00\" \/>\n<meta property=\"article:modified_time\" content=\"2024-05-28T12:33:48+00:00\" \/>\n<meta property=\"og:image\" content=\"https:\/\/lasentinelle.dz\/wp-content\/uploads\/2024\/05\/sonatrach-exxon.jpeg\" \/>\n\t<meta property=\"og:image:width\" content=\"2048\" \/>\n\t<meta property=\"og:image:height\" content=\"1434\" \/>\n\t<meta property=\"og:image:type\" content=\"image\/jpeg\" \/>\n<meta name=\"author\" content=\"La Sentinelle\" \/>\n<meta name=\"twitter:card\" content=\"summary_large_image\" \/>\n<meta name=\"twitter:label1\" content=\"\u00c9crit par\" \/>\n\t<meta name=\"twitter:data1\" content=\"La Sentinelle\" \/>\n\t<meta name=\"twitter:label2\" content=\"Dur\u00e9e de lecture estim\u00e9e\" \/>\n\t<meta name=\"twitter:data2\" content=\"2 minutes\" \/>\n<script type=\"application\/ld+json\" class=\"yoast-schema-graph\">{\"@context\":\"https:\\\/\\\/schema.org\",\"@graph\":[{\"@type\":\"Article\",\"@id\":\"https:\\\/\\\/lasentinelle.dz\\\/index.php\\\/2024\\\/05\\\/28\\\/sonatrach-exxonmobil-un-accord-qui-contribuera-a-promouvoir-le-partenariat-entre-les-compagnies-internationales-et-lafrique\\\/#article\",\"isPartOf\":{\"@id\":\"https:\\\/\\\/lasentinelle.dz\\\/index.php\\\/2024\\\/05\\\/28\\\/sonatrach-exxonmobil-un-accord-qui-contribuera-a-promouvoir-le-partenariat-entre-les-compagnies-internationales-et-lafrique\\\/\"},\"author\":{\"name\":\"La Sentinelle\",\"@id\":\"https:\\\/\\\/lasentinelle.dz\\\/#\\\/schema\\\/person\\\/d865044e22e70a75174ce8bcad3acfb3\"},\"headline\":\"Sonatrach-ExxonMobil\u00a0: Un accord qui contribuera \u00e0 promouvoir le partenariat entre les compagnies internationales et l&rsquo;Afrique\",\"datePublished\":\"2024-05-28T12:33:44+00:00\",\"dateModified\":\"2024-05-28T12:33:48+00:00\",\"mainEntityOfPage\":{\"@id\":\"https:\\\/\\\/lasentinelle.dz\\\/index.php\\\/2024\\\/05\\\/28\\\/sonatrach-exxonmobil-un-accord-qui-contribuera-a-promouvoir-le-partenariat-entre-les-compagnies-internationales-et-lafrique\\\/\"},\"wordCount\":383,\"commentCount\":0,\"publisher\":{\"@id\":\"https:\\\/\\\/lasentinelle.dz\\\/#organization\"},\"image\":{\"@id\":\"https:\\\/\\\/lasentinelle.dz\\\/index.php\\\/2024\\\/05\\\/28\\\/sonatrach-exxonmobil-un-accord-qui-contribuera-a-promouvoir-le-partenariat-entre-les-compagnies-internationales-et-lafrique\\\/#primaryimage\"},\"thumbnailUrl\":\"https:\\\/\\\/lasentinelle.dz\\\/wp-content\\\/uploads\\\/2024\\\/05\\\/sonatrach-exxon.jpeg\",\"articleSection\":[\"\u00c9conomie\"],\"inLanguage\":\"fr-FR\",\"potentialAction\":[{\"@type\":\"CommentAction\",\"name\":\"Comment\",\"target\":[\"https:\\\/\\\/lasentinelle.dz\\\/index.php\\\/2024\\\/05\\\/28\\\/sonatrach-exxonmobil-un-accord-qui-contribuera-a-promouvoir-le-partenariat-entre-les-compagnies-internationales-et-lafrique\\\/#respond\"]}]},{\"@type\":\"WebPage\",\"@id\":\"https:\\\/\\\/lasentinelle.dz\\\/index.php\\\/2024\\\/05\\\/28\\\/sonatrach-exxonmobil-un-accord-qui-contribuera-a-promouvoir-le-partenariat-entre-les-compagnies-internationales-et-lafrique\\\/\",\"url\":\"https:\\\/\\\/lasentinelle.dz\\\/index.php\\\/2024\\\/05\\\/28\\\/sonatrach-exxonmobil-un-accord-qui-contribuera-a-promouvoir-le-partenariat-entre-les-compagnies-internationales-et-lafrique\\\/\",\"name\":\"Sonatrach-ExxonMobil\u00a0: Un accord qui contribuera \u00e0 promouvoir le partenariat entre les compagnies internationales et l&rsquo;Afrique - La Sentinelle\",\"isPartOf\":{\"@id\":\"https:\\\/\\\/lasentinelle.dz\\\/#website\"},\"primaryImageOfPage\":{\"@id\":\"https:\\\/\\\/lasentinelle.dz\\\/index.php\\\/2024\\\/05\\\/28\\\/sonatrach-exxonmobil-un-accord-qui-contribuera-a-promouvoir-le-partenariat-entre-les-compagnies-internationales-et-lafrique\\\/#primaryimage\"},\"image\":{\"@id\":\"https:\\\/\\\/lasentinelle.dz\\\/index.php\\\/2024\\\/05\\\/28\\\/sonatrach-exxonmobil-un-accord-qui-contribuera-a-promouvoir-le-partenariat-entre-les-compagnies-internationales-et-lafrique\\\/#primaryimage\"},\"thumbnailUrl\":\"https:\\\/\\\/lasentinelle.dz\\\/wp-content\\\/uploads\\\/2024\\\/05\\\/sonatrach-exxon.jpeg\",\"datePublished\":\"2024-05-28T12:33:44+00:00\",\"dateModified\":\"2024-05-28T12:33:48+00:00\",\"breadcrumb\":{\"@id\":\"https:\\\/\\\/lasentinelle.dz\\\/index.php\\\/2024\\\/05\\\/28\\\/sonatrach-exxonmobil-un-accord-qui-contribuera-a-promouvoir-le-partenariat-entre-les-compagnies-internationales-et-lafrique\\\/#breadcrumb\"},\"inLanguage\":\"fr-FR\",\"potentialAction\":[{\"@type\":\"ReadAction\",\"target\":[\"https:\\\/\\\/lasentinelle.dz\\\/index.php\\\/2024\\\/05\\\/28\\\/sonatrach-exxonmobil-un-accord-qui-contribuera-a-promouvoir-le-partenariat-entre-les-compagnies-internationales-et-lafrique\\\/\"]}]},{\"@type\":\"ImageObject\",\"inLanguage\":\"fr-FR\",\"@id\":\"https:\\\/\\\/lasentinelle.dz\\\/index.php\\\/2024\\\/05\\\/28\\\/sonatrach-exxonmobil-un-accord-qui-contribuera-a-promouvoir-le-partenariat-entre-les-compagnies-internationales-et-lafrique\\\/#primaryimage\",\"url\":\"https:\\\/\\\/lasentinelle.dz\\\/wp-content\\\/uploads\\\/2024\\\/05\\\/sonatrach-exxon.jpeg\",\"contentUrl\":\"https:\\\/\\\/lasentinelle.dz\\\/wp-content\\\/uploads\\\/2024\\\/05\\\/sonatrach-exxon.jpeg\",\"width\":2048,\"height\":1434},{\"@type\":\"BreadcrumbList\",\"@id\":\"https:\\\/\\\/lasentinelle.dz\\\/index.php\\\/2024\\\/05\\\/28\\\/sonatrach-exxonmobil-un-accord-qui-contribuera-a-promouvoir-le-partenariat-entre-les-compagnies-internationales-et-lafrique\\\/#breadcrumb\",\"itemListElement\":[{\"@type\":\"ListItem\",\"position\":1,\"name\":\"Accueil\",\"item\":\"https:\\\/\\\/lasentinelle.dz\\\/\"},{\"@type\":\"ListItem\",\"position\":2,\"name\":\"Sonatrach-ExxonMobil\u00a0: Un accord qui contribuera \u00e0 promouvoir le partenariat entre les compagnies internationales et l&rsquo;Afrique\"}]},{\"@type\":\"WebSite\",\"@id\":\"https:\\\/\\\/lasentinelle.dz\\\/#website\",\"url\":\"https:\\\/\\\/lasentinelle.dz\\\/\",\"name\":\"La Sentinelle\",\"description\":\"Quotidien national d&#039;information\",\"publisher\":{\"@id\":\"https:\\\/\\\/lasentinelle.dz\\\/#organization\"},\"potentialAction\":[{\"@type\":\"SearchAction\",\"target\":{\"@type\":\"EntryPoint\",\"urlTemplate\":\"https:\\\/\\\/lasentinelle.dz\\\/?s={search_term_string}\"},\"query-input\":{\"@type\":\"PropertyValueSpecification\",\"valueRequired\":true,\"valueName\":\"search_term_string\"}}],\"inLanguage\":\"fr-FR\"},{\"@type\":\"Organization\",\"@id\":\"https:\\\/\\\/lasentinelle.dz\\\/#organization\",\"name\":\"Quotidien La Sentinelle\",\"url\":\"https:\\\/\\\/lasentinelle.dz\\\/\",\"logo\":{\"@type\":\"ImageObject\",\"inLanguage\":\"fr-FR\",\"@id\":\"https:\\\/\\\/lasentinelle.dz\\\/#\\\/schema\\\/logo\\\/image\\\/\",\"url\":\"https:\\\/\\\/lasentinelle.dz\\\/wp-content\\\/uploads\\\/2021\\\/09\\\/logo-sentinelleSLOGAN-1.png\",\"contentUrl\":\"https:\\\/\\\/lasentinelle.dz\\\/wp-content\\\/uploads\\\/2021\\\/09\\\/logo-sentinelleSLOGAN-1.png\",\"width\":615,\"height\":142,\"caption\":\"Quotidien La Sentinelle\"},\"image\":{\"@id\":\"https:\\\/\\\/lasentinelle.dz\\\/#\\\/schema\\\/logo\\\/image\\\/\"},\"sameAs\":[\"https:\\\/\\\/www.facebook.com\\\/La-Sentinelle-104059864394773\"]},{\"@type\":\"Person\",\"@id\":\"https:\\\/\\\/lasentinelle.dz\\\/#\\\/schema\\\/person\\\/d865044e22e70a75174ce8bcad3acfb3\",\"name\":\"La Sentinelle\",\"image\":{\"@type\":\"ImageObject\",\"inLanguage\":\"fr-FR\",\"@id\":\"https:\\\/\\\/secure.gravatar.com\\\/avatar\\\/57de8e5d4b15d43fb361a71fbb36338450fe67865b528a43dd10ef7c51a20392?s=96&d=mm&r=g\",\"url\":\"https:\\\/\\\/secure.gravatar.com\\\/avatar\\\/57de8e5d4b15d43fb361a71fbb36338450fe67865b528a43dd10ef7c51a20392?s=96&d=mm&r=g\",\"contentUrl\":\"https:\\\/\\\/secure.gravatar.com\\\/avatar\\\/57de8e5d4b15d43fb361a71fbb36338450fe67865b528a43dd10ef7c51a20392?s=96&d=mm&r=g\",\"caption\":\"La Sentinelle\"},\"sameAs\":[\"http:\\\/\\\/www.lasentinelle.dz\"],\"url\":\"https:\\\/\\\/lasentinelle.dz\\\/author\\\/redaction\\\/\"}]}<\/script>\n<!-- \/ Yoast SEO plugin. -->","yoast_head_json":{"title":"Sonatrach-ExxonMobil\u00a0: Un accord qui contribuera \u00e0 promouvoir le partenariat entre les compagnies internationales et l&rsquo;Afrique - La Sentinelle","robots":{"index":"index","follow":"follow","max-snippet":"max-snippet:-1","max-image-preview":"max-image-preview:large","max-video-preview":"max-video-preview:-1"},"canonical":"https:\/\/lasentinelle.dz\/index.php\/2024\/05\/28\/sonatrach-exxonmobil-un-accord-qui-contribuera-a-promouvoir-le-partenariat-entre-les-compagnies-internationales-et-lafrique\/","og_locale":"fr_FR","og_type":"article","og_title":"Sonatrach-ExxonMobil\u00a0: Un accord qui contribuera \u00e0 promouvoir le partenariat entre les compagnies internationales et l&rsquo;Afrique - La Sentinelle","og_description":"La Chambre africaine de l&rsquo;\u00e9nergie a salu\u00e9 le protocole d&rsquo;accord, conclu jeudi dernier, entre Sonatrach et la compagnie am\u00e9ricaine ExxonMobil","og_url":"https:\/\/lasentinelle.dz\/index.php\/2024\/05\/28\/sonatrach-exxonmobil-un-accord-qui-contribuera-a-promouvoir-le-partenariat-entre-les-compagnies-internationales-et-lafrique\/","og_site_name":"La Sentinelle","article_publisher":"https:\/\/www.facebook.com\/La-Sentinelle-104059864394773","article_published_time":"2024-05-28T12:33:44+00:00","article_modified_time":"2024-05-28T12:33:48+00:00","og_image":[{"width":2048,"height":1434,"url":"https:\/\/lasentinelle.dz\/wp-content\/uploads\/2024\/05\/sonatrach-exxon.jpeg","type":"image\/jpeg"}],"author":"La Sentinelle","twitter_card":"summary_large_image","twitter_misc":{"\u00c9crit par":"La Sentinelle","Dur\u00e9e de lecture estim\u00e9e":"2 minutes"},"schema":{"@context":"https:\/\/schema.org","@graph":[{"@type":"Article","@id":"https:\/\/lasentinelle.dz\/index.php\/2024\/05\/28\/sonatrach-exxonmobil-un-accord-qui-contribuera-a-promouvoir-le-partenariat-entre-les-compagnies-internationales-et-lafrique\/#article","isPartOf":{"@id":"https:\/\/lasentinelle.dz\/index.php\/2024\/05\/28\/sonatrach-exxonmobil-un-accord-qui-contribuera-a-promouvoir-le-partenariat-entre-les-compagnies-internationales-et-lafrique\/"},"author":{"name":"La Sentinelle","@id":"https:\/\/lasentinelle.dz\/#\/schema\/person\/d865044e22e70a75174ce8bcad3acfb3"},"headline":"Sonatrach-ExxonMobil\u00a0: Un accord qui contribuera \u00e0 promouvoir le partenariat entre les compagnies internationales et l&rsquo;Afrique","datePublished":"2024-05-28T12:33:44+00:00","dateModified":"2024-05-28T12:33:48+00:00","mainEntityOfPage":{"@id":"https:\/\/lasentinelle.dz\/index.php\/2024\/05\/28\/sonatrach-exxonmobil-un-accord-qui-contribuera-a-promouvoir-le-partenariat-entre-les-compagnies-internationales-et-lafrique\/"},"wordCount":383,"commentCount":0,"publisher":{"@id":"https:\/\/lasentinelle.dz\/#organization"},"image":{"@id":"https:\/\/lasentinelle.dz\/index.php\/2024\/05\/28\/sonatrach-exxonmobil-un-accord-qui-contribuera-a-promouvoir-le-partenariat-entre-les-compagnies-internationales-et-lafrique\/#primaryimage"},"thumbnailUrl":"https:\/\/lasentinelle.dz\/wp-content\/uploads\/2024\/05\/sonatrach-exxon.jpeg","articleSection":["\u00c9conomie"],"inLanguage":"fr-FR","potentialAction":[{"@type":"CommentAction","name":"Comment","target":["https:\/\/lasentinelle.dz\/index.php\/2024\/05\/28\/sonatrach-exxonmobil-un-accord-qui-contribuera-a-promouvoir-le-partenariat-entre-les-compagnies-internationales-et-lafrique\/#respond"]}]},{"@type":"WebPage","@id":"https:\/\/lasentinelle.dz\/index.php\/2024\/05\/28\/sonatrach-exxonmobil-un-accord-qui-contribuera-a-promouvoir-le-partenariat-entre-les-compagnies-internationales-et-lafrique\/","url":"https:\/\/lasentinelle.dz\/index.php\/2024\/05\/28\/sonatrach-exxonmobil-un-accord-qui-contribuera-a-promouvoir-le-partenariat-entre-les-compagnies-internationales-et-lafrique\/","name":"Sonatrach-ExxonMobil\u00a0: Un accord qui contribuera \u00e0 promouvoir le partenariat entre les compagnies internationales et l&rsquo;Afrique - La Sentinelle","isPartOf":{"@id":"https:\/\/lasentinelle.dz\/#website"},"primaryImageOfPage":{"@id":"https:\/\/lasentinelle.dz\/index.php\/2024\/05\/28\/sonatrach-exxonmobil-un-accord-qui-contribuera-a-promouvoir-le-partenariat-entre-les-compagnies-internationales-et-lafrique\/#primaryimage"},"image":{"@id":"https:\/\/lasentinelle.dz\/index.php\/2024\/05\/28\/sonatrach-exxonmobil-un-accord-qui-contribuera-a-promouvoir-le-partenariat-entre-les-compagnies-internationales-et-lafrique\/#primaryimage"},"thumbnailUrl":"https:\/\/lasentinelle.dz\/wp-content\/uploads\/2024\/05\/sonatrach-exxon.jpeg","datePublished":"2024-05-28T12:33:44+00:00","dateModified":"2024-05-28T12:33:48+00:00","breadcrumb":{"@id":"https:\/\/lasentinelle.dz\/index.php\/2024\/05\/28\/sonatrach-exxonmobil-un-accord-qui-contribuera-a-promouvoir-le-partenariat-entre-les-compagnies-internationales-et-lafrique\/#breadcrumb"},"inLanguage":"fr-FR","potentialAction":[{"@type":"ReadAction","target":["https:\/\/lasentinelle.dz\/index.php\/2024\/05\/28\/sonatrach-exxonmobil-un-accord-qui-contribuera-a-promouvoir-le-partenariat-entre-les-compagnies-internationales-et-lafrique\/"]}]},{"@type":"ImageObject","inLanguage":"fr-FR","@id":"https:\/\/lasentinelle.dz\/index.php\/2024\/05\/28\/sonatrach-exxonmobil-un-accord-qui-contribuera-a-promouvoir-le-partenariat-entre-les-compagnies-internationales-et-lafrique\/#primaryimage","url":"https:\/\/lasentinelle.dz\/wp-content\/uploads\/2024\/05\/sonatrach-exxon.jpeg","contentUrl":"https:\/\/lasentinelle.dz\/wp-content\/uploads\/2024\/05\/sonatrach-exxon.jpeg","width":2048,"height":1434},{"@type":"BreadcrumbList","@id":"https:\/\/lasentinelle.dz\/index.php\/2024\/05\/28\/sonatrach-exxonmobil-un-accord-qui-contribuera-a-promouvoir-le-partenariat-entre-les-compagnies-internationales-et-lafrique\/#breadcrumb","itemListElement":[{"@type":"ListItem","position":1,"name":"Accueil","item":"https:\/\/lasentinelle.dz\/"},{"@type":"ListItem","position":2,"name":"Sonatrach-ExxonMobil\u00a0: Un accord qui contribuera \u00e0 promouvoir le partenariat entre les compagnies internationales et l&rsquo;Afrique"}]},{"@type":"WebSite","@id":"https:\/\/lasentinelle.dz\/#website","url":"https:\/\/lasentinelle.dz\/","name":"La Sentinelle","description":"Quotidien national d&#039;information","publisher":{"@id":"https:\/\/lasentinelle.dz\/#organization"},"potentialAction":[{"@type":"SearchAction","target":{"@type":"EntryPoint","urlTemplate":"https:\/\/lasentinelle.dz\/?s={search_term_string}"},"query-input":{"@type":"PropertyValueSpecification","valueRequired":true,"valueName":"search_term_string"}}],"inLanguage":"fr-FR"},{"@type":"Organization","@id":"https:\/\/lasentinelle.dz\/#organization","name":"Quotidien La Sentinelle","url":"https:\/\/lasentinelle.dz\/","logo":{"@type":"ImageObject","inLanguage":"fr-FR","@id":"https:\/\/lasentinelle.dz\/#\/schema\/logo\/image\/","url":"https:\/\/lasentinelle.dz\/wp-content\/uploads\/2021\/09\/logo-sentinelleSLOGAN-1.png","contentUrl":"https:\/\/lasentinelle.dz\/wp-content\/uploads\/2021\/09\/logo-sentinelleSLOGAN-1.png","width":615,"height":142,"caption":"Quotidien La Sentinelle"},"image":{"@id":"https:\/\/lasentinelle.dz\/#\/schema\/logo\/image\/"},"sameAs":["https:\/\/www.facebook.com\/La-Sentinelle-104059864394773"]},{"@type":"Person","@id":"https:\/\/lasentinelle.dz\/#\/schema\/person\/d865044e22e70a75174ce8bcad3acfb3","name":"La Sentinelle","image":{"@type":"ImageObject","inLanguage":"fr-FR","@id":"https:\/\/secure.gravatar.com\/avatar\/57de8e5d4b15d43fb361a71fbb36338450fe67865b528a43dd10ef7c51a20392?s=96&d=mm&r=g","url":"https:\/\/secure.gravatar.com\/avatar\/57de8e5d4b15d43fb361a71fbb36338450fe67865b528a43dd10ef7c51a20392?s=96&d=mm&r=g","contentUrl":"https:\/\/secure.gravatar.com\/avatar\/57de8e5d4b15d43fb361a71fbb36338450fe67865b528a43dd10ef7c51a20392?s=96&d=mm&r=g","caption":"La Sentinelle"},"sameAs":["http:\/\/www.lasentinelle.dz"],"url":"https:\/\/lasentinelle.dz\/author\/redaction\/"}]}},"_links":{"self":[{"href":"https:\/\/lasentinelle.dz\/index.php\/wp-json\/wp\/v2\/posts\/52951","targetHints":{"allow":["GET"]}}],"collection":[{"href":"https:\/\/lasentinelle.dz\/index.php\/wp-json\/wp\/v2\/posts"}],"about":[{"href":"https:\/\/lasentinelle.dz\/index.php\/wp-json\/wp\/v2\/types\/post"}],"author":[{"embeddable":true,"href":"https:\/\/lasentinelle.dz\/index.php\/wp-json\/wp\/v2\/users\/3"}],"replies":[{"embeddable":true,"href":"https:\/\/lasentinelle.dz\/index.php\/wp-json\/wp\/v2\/comments?post=52951"}],"version-history":[{"count":2,"href":"https:\/\/lasentinelle.dz\/index.php\/wp-json\/wp\/v2\/posts\/52951\/revisions"}],"predecessor-version":[{"id":52953,"href":"https:\/\/lasentinelle.dz\/index.php\/wp-json\/wp\/v2\/posts\/52951\/revisions\/52953"}],"wp:featuredmedia":[{"embeddable":true,"href":"https:\/\/lasentinelle.dz\/index.php\/wp-json\/wp\/v2\/media\/52805"}],"wp:attachment":[{"href":"https:\/\/lasentinelle.dz\/index.php\/wp-json\/wp\/v2\/media?parent=52951"}],"wp:term":[{"taxonomy":"category","embeddable":true,"href":"https:\/\/lasentinelle.dz\/index.php\/wp-json\/wp\/v2\/categories?post=52951"},{"taxonomy":"post_tag","embeddable":true,"href":"https:\/\/lasentinelle.dz\/index.php\/wp-json\/wp\/v2\/tags?post=52951"}],"curies":[{"name":"wp","href":"https:\/\/api.w.org\/{rel}","templated":true}]}}