{"id":53022,"date":"2024-05-29T14:10:48","date_gmt":"2024-05-29T13:10:48","guid":{"rendered":"https:\/\/lasentinelle.dz\/?p=53022"},"modified":"2024-05-29T14:10:50","modified_gmt":"2024-05-29T13:10:50","slug":"commerce-exterieur-zitouni-appelle-a-la-rationalisation-des-importations","status":"publish","type":"post","link":"https:\/\/lasentinelle.dz\/index.php\/2024\/05\/29\/commerce-exterieur-zitouni-appelle-a-la-rationalisation-des-importations\/","title":{"rendered":"Commerce ext\u00e9rieur\u00a0: Zitouni appelle \u00e0 la rationalisation des importations"},"content":{"rendered":"\n<p>Le ministre du Commerce et de la Promotion des exportations a indiqu\u00e9 hier que la facture \u00e0 l\u2019import a d\u00e9pass\u00e9 les 40 milliards de dollars en 2023, appelant dans ce sens \u00e0 leur rationalisation. Il a assur\u00e9 que l\u2019importation ne sera pas interdite, mais qu\u2019il s\u2019agit de les r\u00e9guler afin d\u2019encourager la production locale.<\/p>\n\n\n\n<p>Le ministre du Commerce et de la Promotion des exportations, Tayeb Zitouni, a effectu\u00e9, hier, une visite de travail et d\u2019inspection dans la wilaya d\u2019Annaba o\u00f9, il s\u2019est rendu au port pour superviser une op\u00e9ration d\u2019exportation d\u2019 une cargaison de ciment produite par l\u2019entreprise CILAS \u00e0 destination des \u00c9tats-Unis. Cette op\u00e9ration d\u2019exportation de 46.000 tonnes de ciment marque une nouvelle \u00e9tape importante dans la strat\u00e9gie du gouvernement alg\u00e9rien visant \u00e0 diversifier ses exportations et \u00e0 renforcer sa pr\u00e9sence sur le march\u00e9 mondial. Car comme soulign\u00e9 par le ministre, \u00ab&nbsp;exporter vers les \u00c9tats-Unis t\u00e9moigne de la qualit\u00e9 et de la comp\u00e9titivit\u00e9 du ciment produit en Alg\u00e9rie&nbsp;\u00bb. Lors de sa visite au port de Annaba, Zitouni accompagn\u00e9 du wali Abdelkader Djellaoui et de plusieurs responsables du secteur du commerce et de l\u2019industrie, a constat\u00e9 de visu les installations portuaires mises en place et les proc\u00e9dures d\u2019embarquement du ciment. En outre, une pr\u00e9sentation sur le processus d\u2019exportation du ciment&nbsp;a \u00e9t\u00e9 pr\u00e9sent\u00e9e au ministre qui a expliqu\u00e9 que cette op\u00e9ration d&rsquo;exportation s&rsquo;inscrit dans le cadre d\u2019un plan strat\u00e9gique visant \u00e0 augmenter le volume des exportations alg\u00e9riennes dans le secteur des mat\u00e9riaux de construction. Dans ce sillage, Tayeb Zitouni a tenu \u00e0 souligner que le gouvernement alg\u00e9rien accorde la priorit\u00e9 au renforcement du secteur industriel et au d\u00e9veloppement de ses capacit\u00e9s d\u2019exportation. Le ministre a d\u2019ailleurs mis l\u2019accent hier la simplification des proc\u00e9dures entravant le processus d\u2019exportation du ciment, afin de cr\u00e9er de la valeur ajout\u00e9e.<\/p>\n\n\n\n<p>Au cours de son p\u00e9riple, le ministre s\u2019est rendu dans plusieurs zones industrielles de la wilaya d\u2019Annaba o\u00f9 il a visit\u00e9 plusieurs unit\u00e9s de productions dans divers domaines \u00e0 Berrahal, El Bouni et Sidi Amar. Des unit\u00e9s qui ont permis au premier responsable du secteur du commerce de se faire une id\u00e9e sur le tissu \u00e9conomique de la wilaya d\u2019Annaba o\u00f9, convient-il de souligner, il a donn\u00e9 le coup d\u2019envoi d\u2019une op\u00e9ration d\u2019exportation de boissons gazeuses vers la France. L\u2019action s\u2019inscrit dans le cadre de la promotion du commerce ext\u00e9rieur et de la promotion des exportations alg\u00e9riennes. Intervenant dans un point de presse, le ministre du commerce et de la promotion des exportations s\u2019est dit satisfait quant au d\u00e9veloppement du tissu \u00e9conomique dont dispose la wilaya d\u2019Annaba \u00ab&nbsp;susceptibles de permettre \u00e0 Annaba de devenir un p\u00f4le en mati\u00e8re d\u2019industrialisation en divers domaines et d\u2019exportations&nbsp;\u00bb. Pour l\u2019occasion le ministre a soulign\u00e9 l\u2019importance des directives et instructions du pr\u00e9sident de la R\u00e9publique concernant la rationalisation des importations notamment des mati\u00e8res premi\u00e8res. Le ministre du Commerce s\u2019est dit satisfait des activit\u00e9s d\u00e9velopp\u00e9es \u00e0 Annaba. \u00ab Nous avons commenc\u00e9 la production d\u2019intrants dans plusieurs domaines, dont entres les intrants pour la production des fournitures scolaires et de l\u2019\u00e9lectrom\u00e9nager ou encore dans la production des boissons gazeuses ainsi que pour la transformation des produits concentr\u00e9s\u2026&nbsp;\u00bb. Dans ce contexte, Zitouni a fait savoir que la facture des importations a d\u00e9pass\u00e9 en 2023 les 40 milliards de dollars. \u00ab&nbsp;Les importations seront maintenues, mais seront rationnalis\u00e9es dans la mesure o\u00f9 nous nous dirigeons vers leur substitution avec la production nationale&nbsp;\u00bb. Par ailleurs, le ministre du Commerce et de la Promotion des exportations a donn\u00e9 le coup de d\u00e9part \u00e0 une op\u00e9ration d\u2019exportation de boissons gazeuses vers la France depuis son unit\u00e9 de production dans la zone de Berrahal.<\/p>\n\n\n\n<p><strong>Sofia Chahine<\/strong><\/p>\n","protected":false},"excerpt":{"rendered":"<p>Le ministre du Commerce et de la Promotion des exportations a indiqu\u00e9 hier que la facture \u00e0 l\u2019import a d\u00e9pass\u00e9<\/p>\n","protected":false},"author":3,"featured_media":50928,"comment_status":"open","ping_status":"closed","sticky":false,"template":"","format":"standard","meta":{"colormag_page_container_layout":"default_layout","colormag_page_sidebar_layout":"default_layout","om_disable_all_campaigns":false,"_monsterinsights_skip_tracking":false,"_monsterinsights_sitenote_active":false,"_monsterinsights_sitenote_note":"","_monsterinsights_sitenote_category":0,"footnotes":"","_wpscppro_dont_share_socialmedia":false,"_wpscppro_custom_social_share_image":0,"_facebook_share_type":"default","_twitter_share_type":"default","_linkedin_share_type":"default","_pinterest_share_type":"default","_linkedin_share_type_page":"","_instagram_share_type":"default","_medium_share_type":"","_threads_share_type":"","_google_business_share_type":"","_selected_social_profile":[],"_wpsp_enable_custom_social_template":false,"_wpsp_social_scheduling":{"enabled":false,"datetime":null,"platforms":[],"status":"template_only","dateOption":"today","timeOption":"now","customDays":"","customHours":"","customDate":"","customTime":"","schedulingType":"absolute"},"_wpsp_active_default_template":true},"categories":[52,29],"tags":[],"class_list":["post-53022","post","type-post","status-publish","format-standard","has-post-thumbnail","hentry","category-a-la-une","category-economie"],"aioseo_notices":[],"yoast_head":"<!-- This site is optimized with the Yoast SEO plugin v27.5 - https:\/\/yoast.com\/product\/yoast-seo-wordpress\/ -->\n<title>Commerce ext\u00e9rieur\u00a0: Zitouni appelle \u00e0 la rationalisation des importations - La Sentinelle<\/title>\n<meta name=\"robots\" content=\"index, follow, max-snippet:-1, max-image-preview:large, max-video-preview:-1\" \/>\n<link rel=\"canonical\" href=\"https:\/\/lasentinelle.dz\/index.php\/2024\/05\/29\/commerce-exterieur-zitouni-appelle-a-la-rationalisation-des-importations\/\" \/>\n<meta property=\"og:locale\" content=\"fr_FR\" \/>\n<meta property=\"og:type\" content=\"article\" \/>\n<meta property=\"og:title\" content=\"Commerce ext\u00e9rieur\u00a0: Zitouni appelle \u00e0 la rationalisation des importations - La Sentinelle\" \/>\n<meta property=\"og:description\" content=\"Le ministre du Commerce et de la Promotion des exportations a indiqu\u00e9 hier que la facture \u00e0 l\u2019import a d\u00e9pass\u00e9\" \/>\n<meta property=\"og:url\" content=\"https:\/\/lasentinelle.dz\/index.php\/2024\/05\/29\/commerce-exterieur-zitouni-appelle-a-la-rationalisation-des-importations\/\" \/>\n<meta property=\"og:site_name\" content=\"La Sentinelle\" \/>\n<meta property=\"article:publisher\" content=\"https:\/\/www.facebook.com\/La-Sentinelle-104059864394773\" \/>\n<meta property=\"article:published_time\" content=\"2024-05-29T13:10:48+00:00\" \/>\n<meta property=\"article:modified_time\" content=\"2024-05-29T13:10:50+00:00\" \/>\n<meta property=\"og:image\" content=\"https:\/\/lasentinelle.dz\/wp-content\/uploads\/2024\/04\/port-copie.jpeg\" \/>\n\t<meta property=\"og:image:width\" content=\"1080\" \/>\n\t<meta property=\"og:image:height\" content=\"719\" \/>\n\t<meta property=\"og:image:type\" content=\"image\/jpeg\" \/>\n<meta name=\"author\" content=\"La Sentinelle\" \/>\n<meta name=\"twitter:card\" content=\"summary_large_image\" \/>\n<meta name=\"twitter:label1\" content=\"\u00c9crit par\" \/>\n\t<meta name=\"twitter:data1\" content=\"La Sentinelle\" \/>\n\t<meta name=\"twitter:label2\" content=\"Dur\u00e9e de lecture estim\u00e9e\" \/>\n\t<meta name=\"twitter:data2\" content=\"4 minutes\" \/>\n<script type=\"application\/ld+json\" class=\"yoast-schema-graph\">{\"@context\":\"https:\\\/\\\/schema.org\",\"@graph\":[{\"@type\":\"Article\",\"@id\":\"https:\\\/\\\/lasentinelle.dz\\\/index.php\\\/2024\\\/05\\\/29\\\/commerce-exterieur-zitouni-appelle-a-la-rationalisation-des-importations\\\/#article\",\"isPartOf\":{\"@id\":\"https:\\\/\\\/lasentinelle.dz\\\/index.php\\\/2024\\\/05\\\/29\\\/commerce-exterieur-zitouni-appelle-a-la-rationalisation-des-importations\\\/\"},\"author\":{\"name\":\"La Sentinelle\",\"@id\":\"https:\\\/\\\/lasentinelle.dz\\\/#\\\/schema\\\/person\\\/d865044e22e70a75174ce8bcad3acfb3\"},\"headline\":\"Commerce ext\u00e9rieur\u00a0: Zitouni appelle \u00e0 la rationalisation des importations\",\"datePublished\":\"2024-05-29T13:10:48+00:00\",\"dateModified\":\"2024-05-29T13:10:50+00:00\",\"mainEntityOfPage\":{\"@id\":\"https:\\\/\\\/lasentinelle.dz\\\/index.php\\\/2024\\\/05\\\/29\\\/commerce-exterieur-zitouni-appelle-a-la-rationalisation-des-importations\\\/\"},\"wordCount\":684,\"commentCount\":0,\"publisher\":{\"@id\":\"https:\\\/\\\/lasentinelle.dz\\\/#organization\"},\"image\":{\"@id\":\"https:\\\/\\\/lasentinelle.dz\\\/index.php\\\/2024\\\/05\\\/29\\\/commerce-exterieur-zitouni-appelle-a-la-rationalisation-des-importations\\\/#primaryimage\"},\"thumbnailUrl\":\"https:\\\/\\\/lasentinelle.dz\\\/wp-content\\\/uploads\\\/2024\\\/04\\\/port-copie.jpeg\",\"articleSection\":[\"\u00c0 la Une\",\"\u00c9conomie\"],\"inLanguage\":\"fr-FR\",\"potentialAction\":[{\"@type\":\"CommentAction\",\"name\":\"Comment\",\"target\":[\"https:\\\/\\\/lasentinelle.dz\\\/index.php\\\/2024\\\/05\\\/29\\\/commerce-exterieur-zitouni-appelle-a-la-rationalisation-des-importations\\\/#respond\"]}]},{\"@type\":\"WebPage\",\"@id\":\"https:\\\/\\\/lasentinelle.dz\\\/index.php\\\/2024\\\/05\\\/29\\\/commerce-exterieur-zitouni-appelle-a-la-rationalisation-des-importations\\\/\",\"url\":\"https:\\\/\\\/lasentinelle.dz\\\/index.php\\\/2024\\\/05\\\/29\\\/commerce-exterieur-zitouni-appelle-a-la-rationalisation-des-importations\\\/\",\"name\":\"Commerce ext\u00e9rieur\u00a0: Zitouni appelle \u00e0 la rationalisation des importations - La Sentinelle\",\"isPartOf\":{\"@id\":\"https:\\\/\\\/lasentinelle.dz\\\/#website\"},\"primaryImageOfPage\":{\"@id\":\"https:\\\/\\\/lasentinelle.dz\\\/index.php\\\/2024\\\/05\\\/29\\\/commerce-exterieur-zitouni-appelle-a-la-rationalisation-des-importations\\\/#primaryimage\"},\"image\":{\"@id\":\"https:\\\/\\\/lasentinelle.dz\\\/index.php\\\/2024\\\/05\\\/29\\\/commerce-exterieur-zitouni-appelle-a-la-rationalisation-des-importations\\\/#primaryimage\"},\"thumbnailUrl\":\"https:\\\/\\\/lasentinelle.dz\\\/wp-content\\\/uploads\\\/2024\\\/04\\\/port-copie.jpeg\",\"datePublished\":\"2024-05-29T13:10:48+00:00\",\"dateModified\":\"2024-05-29T13:10:50+00:00\",\"breadcrumb\":{\"@id\":\"https:\\\/\\\/lasentinelle.dz\\\/index.php\\\/2024\\\/05\\\/29\\\/commerce-exterieur-zitouni-appelle-a-la-rationalisation-des-importations\\\/#breadcrumb\"},\"inLanguage\":\"fr-FR\",\"potentialAction\":[{\"@type\":\"ReadAction\",\"target\":[\"https:\\\/\\\/lasentinelle.dz\\\/index.php\\\/2024\\\/05\\\/29\\\/commerce-exterieur-zitouni-appelle-a-la-rationalisation-des-importations\\\/\"]}]},{\"@type\":\"ImageObject\",\"inLanguage\":\"fr-FR\",\"@id\":\"https:\\\/\\\/lasentinelle.dz\\\/index.php\\\/2024\\\/05\\\/29\\\/commerce-exterieur-zitouni-appelle-a-la-rationalisation-des-importations\\\/#primaryimage\",\"url\":\"https:\\\/\\\/lasentinelle.dz\\\/wp-content\\\/uploads\\\/2024\\\/04\\\/port-copie.jpeg\",\"contentUrl\":\"https:\\\/\\\/lasentinelle.dz\\\/wp-content\\\/uploads\\\/2024\\\/04\\\/port-copie.jpeg\",\"width\":1080,\"height\":719},{\"@type\":\"BreadcrumbList\",\"@id\":\"https:\\\/\\\/lasentinelle.dz\\\/index.php\\\/2024\\\/05\\\/29\\\/commerce-exterieur-zitouni-appelle-a-la-rationalisation-des-importations\\\/#breadcrumb\",\"itemListElement\":[{\"@type\":\"ListItem\",\"position\":1,\"name\":\"Accueil\",\"item\":\"https:\\\/\\\/lasentinelle.dz\\\/\"},{\"@type\":\"ListItem\",\"position\":2,\"name\":\"Commerce ext\u00e9rieur\u00a0: Zitouni appelle \u00e0 la rationalisation des importations\"}]},{\"@type\":\"WebSite\",\"@id\":\"https:\\\/\\\/lasentinelle.dz\\\/#website\",\"url\":\"https:\\\/\\\/lasentinelle.dz\\\/\",\"name\":\"La Sentinelle\",\"description\":\"Quotidien national d&#039;information\",\"publisher\":{\"@id\":\"https:\\\/\\\/lasentinelle.dz\\\/#organization\"},\"potentialAction\":[{\"@type\":\"SearchAction\",\"target\":{\"@type\":\"EntryPoint\",\"urlTemplate\":\"https:\\\/\\\/lasentinelle.dz\\\/?s={search_term_string}\"},\"query-input\":{\"@type\":\"PropertyValueSpecification\",\"valueRequired\":true,\"valueName\":\"search_term_string\"}}],\"inLanguage\":\"fr-FR\"},{\"@type\":\"Organization\",\"@id\":\"https:\\\/\\\/lasentinelle.dz\\\/#organization\",\"name\":\"Quotidien La Sentinelle\",\"url\":\"https:\\\/\\\/lasentinelle.dz\\\/\",\"logo\":{\"@type\":\"ImageObject\",\"inLanguage\":\"fr-FR\",\"@id\":\"https:\\\/\\\/lasentinelle.dz\\\/#\\\/schema\\\/logo\\\/image\\\/\",\"url\":\"https:\\\/\\\/lasentinelle.dz\\\/wp-content\\\/uploads\\\/2021\\\/09\\\/logo-sentinelleSLOGAN-1.png\",\"contentUrl\":\"https:\\\/\\\/lasentinelle.dz\\\/wp-content\\\/uploads\\\/2021\\\/09\\\/logo-sentinelleSLOGAN-1.png\",\"width\":615,\"height\":142,\"caption\":\"Quotidien La Sentinelle\"},\"image\":{\"@id\":\"https:\\\/\\\/lasentinelle.dz\\\/#\\\/schema\\\/logo\\\/image\\\/\"},\"sameAs\":[\"https:\\\/\\\/www.facebook.com\\\/La-Sentinelle-104059864394773\"]},{\"@type\":\"Person\",\"@id\":\"https:\\\/\\\/lasentinelle.dz\\\/#\\\/schema\\\/person\\\/d865044e22e70a75174ce8bcad3acfb3\",\"name\":\"La Sentinelle\",\"image\":{\"@type\":\"ImageObject\",\"inLanguage\":\"fr-FR\",\"@id\":\"https:\\\/\\\/secure.gravatar.com\\\/avatar\\\/57de8e5d4b15d43fb361a71fbb36338450fe67865b528a43dd10ef7c51a20392?s=96&d=mm&r=g\",\"url\":\"https:\\\/\\\/secure.gravatar.com\\\/avatar\\\/57de8e5d4b15d43fb361a71fbb36338450fe67865b528a43dd10ef7c51a20392?s=96&d=mm&r=g\",\"contentUrl\":\"https:\\\/\\\/secure.gravatar.com\\\/avatar\\\/57de8e5d4b15d43fb361a71fbb36338450fe67865b528a43dd10ef7c51a20392?s=96&d=mm&r=g\",\"caption\":\"La Sentinelle\"},\"sameAs\":[\"http:\\\/\\\/www.lasentinelle.dz\"],\"url\":\"https:\\\/\\\/lasentinelle.dz\\\/author\\\/redaction\\\/\"}]}<\/script>\n<!-- \/ Yoast SEO plugin. -->","yoast_head_json":{"title":"Commerce ext\u00e9rieur\u00a0: Zitouni appelle \u00e0 la rationalisation des importations - La Sentinelle","robots":{"index":"index","follow":"follow","max-snippet":"max-snippet:-1","max-image-preview":"max-image-preview:large","max-video-preview":"max-video-preview:-1"},"canonical":"https:\/\/lasentinelle.dz\/index.php\/2024\/05\/29\/commerce-exterieur-zitouni-appelle-a-la-rationalisation-des-importations\/","og_locale":"fr_FR","og_type":"article","og_title":"Commerce ext\u00e9rieur\u00a0: Zitouni appelle \u00e0 la rationalisation des importations - La Sentinelle","og_description":"Le ministre du Commerce et de la Promotion des exportations a indiqu\u00e9 hier que la facture \u00e0 l\u2019import a d\u00e9pass\u00e9","og_url":"https:\/\/lasentinelle.dz\/index.php\/2024\/05\/29\/commerce-exterieur-zitouni-appelle-a-la-rationalisation-des-importations\/","og_site_name":"La Sentinelle","article_publisher":"https:\/\/www.facebook.com\/La-Sentinelle-104059864394773","article_published_time":"2024-05-29T13:10:48+00:00","article_modified_time":"2024-05-29T13:10:50+00:00","og_image":[{"width":1080,"height":719,"url":"https:\/\/lasentinelle.dz\/wp-content\/uploads\/2024\/04\/port-copie.jpeg","type":"image\/jpeg"}],"author":"La Sentinelle","twitter_card":"summary_large_image","twitter_misc":{"\u00c9crit par":"La Sentinelle","Dur\u00e9e de lecture estim\u00e9e":"4 minutes"},"schema":{"@context":"https:\/\/schema.org","@graph":[{"@type":"Article","@id":"https:\/\/lasentinelle.dz\/index.php\/2024\/05\/29\/commerce-exterieur-zitouni-appelle-a-la-rationalisation-des-importations\/#article","isPartOf":{"@id":"https:\/\/lasentinelle.dz\/index.php\/2024\/05\/29\/commerce-exterieur-zitouni-appelle-a-la-rationalisation-des-importations\/"},"author":{"name":"La Sentinelle","@id":"https:\/\/lasentinelle.dz\/#\/schema\/person\/d865044e22e70a75174ce8bcad3acfb3"},"headline":"Commerce ext\u00e9rieur\u00a0: Zitouni appelle \u00e0 la rationalisation des importations","datePublished":"2024-05-29T13:10:48+00:00","dateModified":"2024-05-29T13:10:50+00:00","mainEntityOfPage":{"@id":"https:\/\/lasentinelle.dz\/index.php\/2024\/05\/29\/commerce-exterieur-zitouni-appelle-a-la-rationalisation-des-importations\/"},"wordCount":684,"commentCount":0,"publisher":{"@id":"https:\/\/lasentinelle.dz\/#organization"},"image":{"@id":"https:\/\/lasentinelle.dz\/index.php\/2024\/05\/29\/commerce-exterieur-zitouni-appelle-a-la-rationalisation-des-importations\/#primaryimage"},"thumbnailUrl":"https:\/\/lasentinelle.dz\/wp-content\/uploads\/2024\/04\/port-copie.jpeg","articleSection":["\u00c0 la Une","\u00c9conomie"],"inLanguage":"fr-FR","potentialAction":[{"@type":"CommentAction","name":"Comment","target":["https:\/\/lasentinelle.dz\/index.php\/2024\/05\/29\/commerce-exterieur-zitouni-appelle-a-la-rationalisation-des-importations\/#respond"]}]},{"@type":"WebPage","@id":"https:\/\/lasentinelle.dz\/index.php\/2024\/05\/29\/commerce-exterieur-zitouni-appelle-a-la-rationalisation-des-importations\/","url":"https:\/\/lasentinelle.dz\/index.php\/2024\/05\/29\/commerce-exterieur-zitouni-appelle-a-la-rationalisation-des-importations\/","name":"Commerce ext\u00e9rieur\u00a0: Zitouni appelle \u00e0 la rationalisation des importations - La Sentinelle","isPartOf":{"@id":"https:\/\/lasentinelle.dz\/#website"},"primaryImageOfPage":{"@id":"https:\/\/lasentinelle.dz\/index.php\/2024\/05\/29\/commerce-exterieur-zitouni-appelle-a-la-rationalisation-des-importations\/#primaryimage"},"image":{"@id":"https:\/\/lasentinelle.dz\/index.php\/2024\/05\/29\/commerce-exterieur-zitouni-appelle-a-la-rationalisation-des-importations\/#primaryimage"},"thumbnailUrl":"https:\/\/lasentinelle.dz\/wp-content\/uploads\/2024\/04\/port-copie.jpeg","datePublished":"2024-05-29T13:10:48+00:00","dateModified":"2024-05-29T13:10:50+00:00","breadcrumb":{"@id":"https:\/\/lasentinelle.dz\/index.php\/2024\/05\/29\/commerce-exterieur-zitouni-appelle-a-la-rationalisation-des-importations\/#breadcrumb"},"inLanguage":"fr-FR","potentialAction":[{"@type":"ReadAction","target":["https:\/\/lasentinelle.dz\/index.php\/2024\/05\/29\/commerce-exterieur-zitouni-appelle-a-la-rationalisation-des-importations\/"]}]},{"@type":"ImageObject","inLanguage":"fr-FR","@id":"https:\/\/lasentinelle.dz\/index.php\/2024\/05\/29\/commerce-exterieur-zitouni-appelle-a-la-rationalisation-des-importations\/#primaryimage","url":"https:\/\/lasentinelle.dz\/wp-content\/uploads\/2024\/04\/port-copie.jpeg","contentUrl":"https:\/\/lasentinelle.dz\/wp-content\/uploads\/2024\/04\/port-copie.jpeg","width":1080,"height":719},{"@type":"BreadcrumbList","@id":"https:\/\/lasentinelle.dz\/index.php\/2024\/05\/29\/commerce-exterieur-zitouni-appelle-a-la-rationalisation-des-importations\/#breadcrumb","itemListElement":[{"@type":"ListItem","position":1,"name":"Accueil","item":"https:\/\/lasentinelle.dz\/"},{"@type":"ListItem","position":2,"name":"Commerce ext\u00e9rieur\u00a0: Zitouni appelle \u00e0 la rationalisation des importations"}]},{"@type":"WebSite","@id":"https:\/\/lasentinelle.dz\/#website","url":"https:\/\/lasentinelle.dz\/","name":"La Sentinelle","description":"Quotidien national d&#039;information","publisher":{"@id":"https:\/\/lasentinelle.dz\/#organization"},"potentialAction":[{"@type":"SearchAction","target":{"@type":"EntryPoint","urlTemplate":"https:\/\/lasentinelle.dz\/?s={search_term_string}"},"query-input":{"@type":"PropertyValueSpecification","valueRequired":true,"valueName":"search_term_string"}}],"inLanguage":"fr-FR"},{"@type":"Organization","@id":"https:\/\/lasentinelle.dz\/#organization","name":"Quotidien La Sentinelle","url":"https:\/\/lasentinelle.dz\/","logo":{"@type":"ImageObject","inLanguage":"fr-FR","@id":"https:\/\/lasentinelle.dz\/#\/schema\/logo\/image\/","url":"https:\/\/lasentinelle.dz\/wp-content\/uploads\/2021\/09\/logo-sentinelleSLOGAN-1.png","contentUrl":"https:\/\/lasentinelle.dz\/wp-content\/uploads\/2021\/09\/logo-sentinelleSLOGAN-1.png","width":615,"height":142,"caption":"Quotidien La Sentinelle"},"image":{"@id":"https:\/\/lasentinelle.dz\/#\/schema\/logo\/image\/"},"sameAs":["https:\/\/www.facebook.com\/La-Sentinelle-104059864394773"]},{"@type":"Person","@id":"https:\/\/lasentinelle.dz\/#\/schema\/person\/d865044e22e70a75174ce8bcad3acfb3","name":"La Sentinelle","image":{"@type":"ImageObject","inLanguage":"fr-FR","@id":"https:\/\/secure.gravatar.com\/avatar\/57de8e5d4b15d43fb361a71fbb36338450fe67865b528a43dd10ef7c51a20392?s=96&d=mm&r=g","url":"https:\/\/secure.gravatar.com\/avatar\/57de8e5d4b15d43fb361a71fbb36338450fe67865b528a43dd10ef7c51a20392?s=96&d=mm&r=g","contentUrl":"https:\/\/secure.gravatar.com\/avatar\/57de8e5d4b15d43fb361a71fbb36338450fe67865b528a43dd10ef7c51a20392?s=96&d=mm&r=g","caption":"La Sentinelle"},"sameAs":["http:\/\/www.lasentinelle.dz"],"url":"https:\/\/lasentinelle.dz\/author\/redaction\/"}]}},"_links":{"self":[{"href":"https:\/\/lasentinelle.dz\/index.php\/wp-json\/wp\/v2\/posts\/53022","targetHints":{"allow":["GET"]}}],"collection":[{"href":"https:\/\/lasentinelle.dz\/index.php\/wp-json\/wp\/v2\/posts"}],"about":[{"href":"https:\/\/lasentinelle.dz\/index.php\/wp-json\/wp\/v2\/types\/post"}],"author":[{"embeddable":true,"href":"https:\/\/lasentinelle.dz\/index.php\/wp-json\/wp\/v2\/users\/3"}],"replies":[{"embeddable":true,"href":"https:\/\/lasentinelle.dz\/index.php\/wp-json\/wp\/v2\/comments?post=53022"}],"version-history":[{"count":1,"href":"https:\/\/lasentinelle.dz\/index.php\/wp-json\/wp\/v2\/posts\/53022\/revisions"}],"predecessor-version":[{"id":53023,"href":"https:\/\/lasentinelle.dz\/index.php\/wp-json\/wp\/v2\/posts\/53022\/revisions\/53023"}],"wp:featuredmedia":[{"embeddable":true,"href":"https:\/\/lasentinelle.dz\/index.php\/wp-json\/wp\/v2\/media\/50928"}],"wp:attachment":[{"href":"https:\/\/lasentinelle.dz\/index.php\/wp-json\/wp\/v2\/media?parent=53022"}],"wp:term":[{"taxonomy":"category","embeddable":true,"href":"https:\/\/lasentinelle.dz\/index.php\/wp-json\/wp\/v2\/categories?post=53022"},{"taxonomy":"post_tag","embeddable":true,"href":"https:\/\/lasentinelle.dz\/index.php\/wp-json\/wp\/v2\/tags?post=53022"}],"curies":[{"name":"wp","href":"https:\/\/api.w.org\/{rel}","templated":true}]}}