{"id":53026,"date":"2024-05-29T14:13:54","date_gmt":"2024-05-29T13:13:54","guid":{"rendered":"https:\/\/lasentinelle.dz\/?p=53026"},"modified":"2024-05-29T14:13:56","modified_gmt":"2024-05-29T13:13:56","slug":"un-plan-marshall-pour-la-relance-economique","status":"publish","type":"post","link":"https:\/\/lasentinelle.dz\/index.php\/2024\/05\/29\/un-plan-marshall-pour-la-relance-economique\/","title":{"rendered":"Un plan Marshall pour la relance \u00e9conomique"},"content":{"rendered":"\n<p>Les pouvoirs publics ont lanc\u00e9 un v\u00e9ritable plan Marshall de pr\u00e8s de 50 milliards de dollars pour la r\u00e9alisation de nombreux projets structurants \u00e0 l\u2019horizon 2027. Des projets qui devront porter la croissance \u00e9conomique et r\u00e9pondre aux objectifs fix\u00e9s en mati\u00e8re de PIB lequel devra atteindre \u00e0 cet horizon les 400 milliards de dollars.<\/p>\n\n\n\n<p>Dans ce contexte, le directeur g\u00e9n\u00e9ral du Tr\u00e9sor et de la gestion comptable des op\u00e9rations financi\u00e8res de l&rsquo;Etat au minist\u00e8re des Finances, Hadj Mohamed Sebaa a indiqu\u00e9 hier lors d\u2019une intervention sur les ondes de la Radio alg\u00e9rienne que les pouvoirs publics ont consentis sur le budget de l\u2019\u00c9tat des investissements de l\u2019ordre de 6500 milliards de dinars, soit l\u2019\u00e9quivalent de 48 milliards de dollars au cours des trois derni\u00e8res ann\u00e9es pour la r\u00e9alisation des projets structurants qui seront r\u00e9alis\u00e9s \u00e0 l\u2019horizon 2027 afin de favoriser la croissance de l&rsquo;\u00e9conomie nationale.&nbsp; \u00ab&nbsp;Les efforts d&rsquo;investissement de l&rsquo;Etat \u00e9taient constants, ces trois derni\u00e8res ann\u00e9es, de l&rsquo;ordre de 6500 milliards DA, dont 1900 milliards DA allou\u00e9s en 2021, 1900 milliards DA en 2022 et 2700 milliards DA en 2023&nbsp;\u00bb&nbsp;a-t-il indiqu\u00e9 avant d\u2019ajouter que le budget 2024 pr\u00e9voit des autorisations d&rsquo;engagements de d\u00e9penses d&rsquo;investissement pour un montant de 2800 milliards DA. Ces efforts d&rsquo;investissements d\u00e9montrent, selon M. Sebaa, \u00ab\u00a0l&rsquo;importance qu&rsquo;accorde l&rsquo;Etat au financement de l&rsquo;investissement pour favoriser une croissance \u00ab\u00a0constante\u00a0\u00bb de l&rsquo;\u00e9conomie nationale.<\/p>\n\n\n\n<p>Ces financements sont notamment destin\u00e9s au projet phosphate int\u00e9gr\u00e9, b\u00e9n\u00e9ficiant d&rsquo;un montant de financement de 700 milliards de DA, le projet d&rsquo;exploitation de la mine de fer Gara Djebilet avec un montant de 1.014 milliards DA et la r\u00e9alisation de sept stations de dessalement de l&rsquo;eau de mer pour un montant de 206 milliards DA. Il s&rsquo;agit \u00e9galement du projet d&rsquo;\u00e9quipements et d&rsquo;extension du m\u00e9tro d&rsquo;Alger avec un montant 1157 milliards DA, d&rsquo;extension et des projets de d\u00e9veloppement des \u00e9nergies renouvelables de 126 milliards DA et des projets de modernisation des r\u00e9seaux ferroviaires, pour 2786 milliards DA. L\u2019intervenant a soulign\u00e9 ces efforts de financements sur le budget de l\u2019\u00c9tat s&rsquo;ajoutent \u00e0 ceux engag\u00e9s aussi par la sph\u00e8re financi\u00e8re et bancaire du pays. Ainsi, \u00e0 la fin avril 2024, l&rsquo;encours des cr\u00e9dits d&rsquo;investissements de la place bancaire avaient atteint 10.000 milliards DA.<\/p>\n\n\n\n<p>\u00ab&nbsp;Pour les projets structurants, la loi de Finances de 2024 permet d\u2019entrevoir des taux d\u2019int\u00e9r\u00eats tr\u00e8s favorables sur les co\u00fbts de cr\u00e9dits et qui peuvent aller jusqu\u2019\u00e0 Un (01) %. Pour les autres projets d\u2019investissements, le Tr\u00e9sor public bonifie les taux d\u2019int\u00e9r\u00eats&nbsp;\u00bb, a d\u00e9velopp\u00e9 l\u2019invit\u00e9 de la Radio Alg\u00e9rienne, pr\u00e9cisant que \u00ab&nbsp;la bonification des taux d\u2019int\u00e9r\u00eats qui financent les investissements est de l\u2019ordre de 3 % lorsque e projet est situ\u00e9 dans le Grand-Sud ou dans les Hauts-Plateaux et de 2 % lorsque le projet est situ\u00e9 au Nord du pays&nbsp;\u00bb. Sebaa a fait \u00e9tat d&rsquo;un montant de bonification annuelle de 160 milliards de DA, dans le cadre de l&rsquo;accompagnement des projets d&rsquo;investissements, notamment dans le secteur du BTPH qui repr\u00e9sente, selon lui, la moiti\u00e9 des cr\u00e9dits bonifi\u00e9s.<\/p>\n\n\n\n<p>Dans ce contexte, le DG du Tr\u00e9sor a soulign\u00e9 que ces efforts d&rsquo;investissements font partie int\u00e9grante du Plan d&rsquo;action du Gouvernement et qu&rsquo;ils ont pour finalit\u00e9 de stimuler la croissance \u00e9conomique, de promouvoir l&#8217;emploi, d&rsquo;encourager les exportations et d&rsquo;am\u00e9liorer le bien \u00eatre des citoyens. Il a ainsi soulign\u00e9 que gr\u00e2ce \u00e0 cet effort, l\u2019Alg\u00e9rie a&nbsp; r\u00e9alis\u00e9 un taux de croissance de 4,2%, en 2023, le consid\u00e9rant comme \u00ab\u00a0le meilleur de la r\u00e9gion nord-africaine\u00a0\u00bb et confirm\u00e9 par les derniers rapports de la Banque mondiale et du Fonds mon\u00e9taire international (FMI). Pour l&rsquo;ann\u00e9e 2024, il est pr\u00e9vu le maintien de ce taux de croissance \u00e0 4% avec un Produit int\u00e9rieur brut (PIB) de 35.000 milliards DA, soit l&rsquo;\u00e9quivalent de 255 milliards de dollars.<\/p>\n\n\n\n<p><strong>12.000 milliards de cr\u00e9dits \u00e0 l\u2019investissement<\/strong><\/p>\n\n\n\n<p>\u00ab\u00a0Nous projetons de r\u00e9aliser les meilleurs taux de croissance dans la r\u00e9gion durant les trois prochaines ann\u00e9es pour atteindre le niveau annonc\u00e9 par M. le Pr\u00e9sident de la R\u00e9publique, \u00e0 savoir 400 milliards de dollars de PIB en 2026\u00a0\u00bb, a-t-il soutenu. M. Sebaa a fait \u00e9tat, en outre, d&rsquo;intenses pr\u00e9paratifs au niveau des banques, sous la supervision des autorit\u00e9s du minist\u00e8re des Finances et de la Banque d&rsquo;Alg\u00e9rie, pour am\u00e9liorer davantage les conditions d&rsquo;octroi des cr\u00e9dits d&rsquo;investissements aux acteurs \u00e9conomiques nationaux. A ce propos, il a mis en avant l&rsquo;objectif fix\u00e9 par les autorit\u00e9s du minist\u00e8re de porter l&rsquo;encours des cr\u00e9dits \u00e0 l&rsquo;investissement \u00e0 plus de 12.000 milliards dans les trois prochaines ann\u00e9es. Concernant la situation des entreprises publiques en difficult\u00e9 financi\u00e8re, il a affirm\u00e9 que les pouvoirs publics \u0153uvraient \u00e0 accompagner ces entreprises pour qu&rsquo;elles puissent concevoir des plans de d\u00e9veloppement leur permettent de se redresser et d&rsquo;\u00e9merger.<\/p>\n\n\n\n<p>Sabrina Aziouez<\/p>\n","protected":false},"excerpt":{"rendered":"<p>Les pouvoirs publics ont lanc\u00e9 un v\u00e9ritable plan Marshall de pr\u00e8s de 50 milliards de dollars pour la r\u00e9alisation de<\/p>\n","protected":false},"author":3,"featured_media":47938,"comment_status":"open","ping_status":"closed","sticky":false,"template":"","format":"standard","meta":{"colormag_page_container_layout":"default_layout","colormag_page_sidebar_layout":"default_layout","om_disable_all_campaigns":false,"_monsterinsights_skip_tracking":false,"_monsterinsights_sitenote_active":false,"_monsterinsights_sitenote_note":"","_monsterinsights_sitenote_category":0,"footnotes":"","_wpscppro_dont_share_socialmedia":false,"_wpscppro_custom_social_share_image":0,"_facebook_share_type":"default","_twitter_share_type":"default","_linkedin_share_type":"default","_pinterest_share_type":"default","_linkedin_share_type_page":"","_instagram_share_type":"default","_medium_share_type":"","_threads_share_type":"","_google_business_share_type":"","_selected_social_profile":[],"_wpsp_enable_custom_social_template":false,"_wpsp_social_scheduling":{"enabled":false,"datetime":null,"platforms":[],"status":"template_only","dateOption":"today","timeOption":"now","customDays":"","customHours":"","customDate":"","customTime":"","schedulingType":"absolute"},"_wpsp_active_default_template":true},"categories":[52,29],"tags":[],"class_list":["post-53026","post","type-post","status-publish","format-standard","has-post-thumbnail","hentry","category-a-la-une","category-economie"],"aioseo_notices":[],"yoast_head":"<!-- This site is optimized with the Yoast SEO plugin v27.5 - https:\/\/yoast.com\/product\/yoast-seo-wordpress\/ -->\n<title>Un plan Marshall pour la relance \u00e9conomique - La Sentinelle<\/title>\n<meta name=\"robots\" content=\"index, follow, max-snippet:-1, max-image-preview:large, max-video-preview:-1\" \/>\n<link rel=\"canonical\" href=\"https:\/\/lasentinelle.dz\/index.php\/2024\/05\/29\/un-plan-marshall-pour-la-relance-economique\/\" \/>\n<meta property=\"og:locale\" content=\"fr_FR\" \/>\n<meta property=\"og:type\" content=\"article\" \/>\n<meta property=\"og:title\" content=\"Un plan Marshall pour la relance \u00e9conomique - La Sentinelle\" \/>\n<meta property=\"og:description\" content=\"Les pouvoirs publics ont lanc\u00e9 un v\u00e9ritable plan Marshall de pr\u00e8s de 50 milliards de dollars pour la r\u00e9alisation de\" \/>\n<meta property=\"og:url\" content=\"https:\/\/lasentinelle.dz\/index.php\/2024\/05\/29\/un-plan-marshall-pour-la-relance-economique\/\" \/>\n<meta property=\"og:site_name\" content=\"La Sentinelle\" \/>\n<meta property=\"article:publisher\" content=\"https:\/\/www.facebook.com\/La-Sentinelle-104059864394773\" \/>\n<meta property=\"article:published_time\" content=\"2024-05-29T13:13:54+00:00\" \/>\n<meta property=\"article:modified_time\" content=\"2024-05-29T13:13:56+00:00\" \/>\n<meta property=\"og:image\" content=\"https:\/\/lasentinelle.dz\/wp-content\/uploads\/2023\/12\/Ghar.png\" \/>\n\t<meta property=\"og:image:width\" content=\"1200\" \/>\n\t<meta property=\"og:image:height\" content=\"900\" \/>\n\t<meta property=\"og:image:type\" content=\"image\/png\" \/>\n<meta name=\"author\" content=\"La Sentinelle\" \/>\n<meta name=\"twitter:card\" content=\"summary_large_image\" \/>\n<meta name=\"twitter:label1\" content=\"\u00c9crit par\" \/>\n\t<meta name=\"twitter:data1\" content=\"La Sentinelle\" \/>\n\t<meta name=\"twitter:label2\" content=\"Dur\u00e9e de lecture estim\u00e9e\" \/>\n\t<meta name=\"twitter:data2\" content=\"5 minutes\" \/>\n<script type=\"application\/ld+json\" class=\"yoast-schema-graph\">{\"@context\":\"https:\\\/\\\/schema.org\",\"@graph\":[{\"@type\":\"Article\",\"@id\":\"https:\\\/\\\/lasentinelle.dz\\\/index.php\\\/2024\\\/05\\\/29\\\/un-plan-marshall-pour-la-relance-economique\\\/#article\",\"isPartOf\":{\"@id\":\"https:\\\/\\\/lasentinelle.dz\\\/index.php\\\/2024\\\/05\\\/29\\\/un-plan-marshall-pour-la-relance-economique\\\/\"},\"author\":{\"name\":\"La Sentinelle\",\"@id\":\"https:\\\/\\\/lasentinelle.dz\\\/#\\\/schema\\\/person\\\/d865044e22e70a75174ce8bcad3acfb3\"},\"headline\":\"Un plan Marshall pour la relance \u00e9conomique\",\"datePublished\":\"2024-05-29T13:13:54+00:00\",\"dateModified\":\"2024-05-29T13:13:56+00:00\",\"mainEntityOfPage\":{\"@id\":\"https:\\\/\\\/lasentinelle.dz\\\/index.php\\\/2024\\\/05\\\/29\\\/un-plan-marshall-pour-la-relance-economique\\\/\"},\"wordCount\":878,\"commentCount\":0,\"publisher\":{\"@id\":\"https:\\\/\\\/lasentinelle.dz\\\/#organization\"},\"image\":{\"@id\":\"https:\\\/\\\/lasentinelle.dz\\\/index.php\\\/2024\\\/05\\\/29\\\/un-plan-marshall-pour-la-relance-economique\\\/#primaryimage\"},\"thumbnailUrl\":\"https:\\\/\\\/lasentinelle.dz\\\/wp-content\\\/uploads\\\/2023\\\/12\\\/Ghar.png\",\"articleSection\":[\"\u00c0 la Une\",\"\u00c9conomie\"],\"inLanguage\":\"fr-FR\",\"potentialAction\":[{\"@type\":\"CommentAction\",\"name\":\"Comment\",\"target\":[\"https:\\\/\\\/lasentinelle.dz\\\/index.php\\\/2024\\\/05\\\/29\\\/un-plan-marshall-pour-la-relance-economique\\\/#respond\"]}]},{\"@type\":\"WebPage\",\"@id\":\"https:\\\/\\\/lasentinelle.dz\\\/index.php\\\/2024\\\/05\\\/29\\\/un-plan-marshall-pour-la-relance-economique\\\/\",\"url\":\"https:\\\/\\\/lasentinelle.dz\\\/index.php\\\/2024\\\/05\\\/29\\\/un-plan-marshall-pour-la-relance-economique\\\/\",\"name\":\"Un plan Marshall pour la relance \u00e9conomique - La Sentinelle\",\"isPartOf\":{\"@id\":\"https:\\\/\\\/lasentinelle.dz\\\/#website\"},\"primaryImageOfPage\":{\"@id\":\"https:\\\/\\\/lasentinelle.dz\\\/index.php\\\/2024\\\/05\\\/29\\\/un-plan-marshall-pour-la-relance-economique\\\/#primaryimage\"},\"image\":{\"@id\":\"https:\\\/\\\/lasentinelle.dz\\\/index.php\\\/2024\\\/05\\\/29\\\/un-plan-marshall-pour-la-relance-economique\\\/#primaryimage\"},\"thumbnailUrl\":\"https:\\\/\\\/lasentinelle.dz\\\/wp-content\\\/uploads\\\/2023\\\/12\\\/Ghar.png\",\"datePublished\":\"2024-05-29T13:13:54+00:00\",\"dateModified\":\"2024-05-29T13:13:56+00:00\",\"breadcrumb\":{\"@id\":\"https:\\\/\\\/lasentinelle.dz\\\/index.php\\\/2024\\\/05\\\/29\\\/un-plan-marshall-pour-la-relance-economique\\\/#breadcrumb\"},\"inLanguage\":\"fr-FR\",\"potentialAction\":[{\"@type\":\"ReadAction\",\"target\":[\"https:\\\/\\\/lasentinelle.dz\\\/index.php\\\/2024\\\/05\\\/29\\\/un-plan-marshall-pour-la-relance-economique\\\/\"]}]},{\"@type\":\"ImageObject\",\"inLanguage\":\"fr-FR\",\"@id\":\"https:\\\/\\\/lasentinelle.dz\\\/index.php\\\/2024\\\/05\\\/29\\\/un-plan-marshall-pour-la-relance-economique\\\/#primaryimage\",\"url\":\"https:\\\/\\\/lasentinelle.dz\\\/wp-content\\\/uploads\\\/2023\\\/12\\\/Ghar.png\",\"contentUrl\":\"https:\\\/\\\/lasentinelle.dz\\\/wp-content\\\/uploads\\\/2023\\\/12\\\/Ghar.png\",\"width\":1200,\"height\":900},{\"@type\":\"BreadcrumbList\",\"@id\":\"https:\\\/\\\/lasentinelle.dz\\\/index.php\\\/2024\\\/05\\\/29\\\/un-plan-marshall-pour-la-relance-economique\\\/#breadcrumb\",\"itemListElement\":[{\"@type\":\"ListItem\",\"position\":1,\"name\":\"Accueil\",\"item\":\"https:\\\/\\\/lasentinelle.dz\\\/\"},{\"@type\":\"ListItem\",\"position\":2,\"name\":\"Un plan Marshall pour la relance \u00e9conomique\"}]},{\"@type\":\"WebSite\",\"@id\":\"https:\\\/\\\/lasentinelle.dz\\\/#website\",\"url\":\"https:\\\/\\\/lasentinelle.dz\\\/\",\"name\":\"La Sentinelle\",\"description\":\"Quotidien national d&#039;information\",\"publisher\":{\"@id\":\"https:\\\/\\\/lasentinelle.dz\\\/#organization\"},\"potentialAction\":[{\"@type\":\"SearchAction\",\"target\":{\"@type\":\"EntryPoint\",\"urlTemplate\":\"https:\\\/\\\/lasentinelle.dz\\\/?s={search_term_string}\"},\"query-input\":{\"@type\":\"PropertyValueSpecification\",\"valueRequired\":true,\"valueName\":\"search_term_string\"}}],\"inLanguage\":\"fr-FR\"},{\"@type\":\"Organization\",\"@id\":\"https:\\\/\\\/lasentinelle.dz\\\/#organization\",\"name\":\"Quotidien La Sentinelle\",\"url\":\"https:\\\/\\\/lasentinelle.dz\\\/\",\"logo\":{\"@type\":\"ImageObject\",\"inLanguage\":\"fr-FR\",\"@id\":\"https:\\\/\\\/lasentinelle.dz\\\/#\\\/schema\\\/logo\\\/image\\\/\",\"url\":\"https:\\\/\\\/lasentinelle.dz\\\/wp-content\\\/uploads\\\/2021\\\/09\\\/logo-sentinelleSLOGAN-1.png\",\"contentUrl\":\"https:\\\/\\\/lasentinelle.dz\\\/wp-content\\\/uploads\\\/2021\\\/09\\\/logo-sentinelleSLOGAN-1.png\",\"width\":615,\"height\":142,\"caption\":\"Quotidien La Sentinelle\"},\"image\":{\"@id\":\"https:\\\/\\\/lasentinelle.dz\\\/#\\\/schema\\\/logo\\\/image\\\/\"},\"sameAs\":[\"https:\\\/\\\/www.facebook.com\\\/La-Sentinelle-104059864394773\"]},{\"@type\":\"Person\",\"@id\":\"https:\\\/\\\/lasentinelle.dz\\\/#\\\/schema\\\/person\\\/d865044e22e70a75174ce8bcad3acfb3\",\"name\":\"La Sentinelle\",\"image\":{\"@type\":\"ImageObject\",\"inLanguage\":\"fr-FR\",\"@id\":\"https:\\\/\\\/secure.gravatar.com\\\/avatar\\\/57de8e5d4b15d43fb361a71fbb36338450fe67865b528a43dd10ef7c51a20392?s=96&d=mm&r=g\",\"url\":\"https:\\\/\\\/secure.gravatar.com\\\/avatar\\\/57de8e5d4b15d43fb361a71fbb36338450fe67865b528a43dd10ef7c51a20392?s=96&d=mm&r=g\",\"contentUrl\":\"https:\\\/\\\/secure.gravatar.com\\\/avatar\\\/57de8e5d4b15d43fb361a71fbb36338450fe67865b528a43dd10ef7c51a20392?s=96&d=mm&r=g\",\"caption\":\"La Sentinelle\"},\"sameAs\":[\"http:\\\/\\\/www.lasentinelle.dz\"],\"url\":\"https:\\\/\\\/lasentinelle.dz\\\/author\\\/redaction\\\/\"}]}<\/script>\n<!-- \/ Yoast SEO plugin. -->","yoast_head_json":{"title":"Un plan Marshall pour la relance \u00e9conomique - La Sentinelle","robots":{"index":"index","follow":"follow","max-snippet":"max-snippet:-1","max-image-preview":"max-image-preview:large","max-video-preview":"max-video-preview:-1"},"canonical":"https:\/\/lasentinelle.dz\/index.php\/2024\/05\/29\/un-plan-marshall-pour-la-relance-economique\/","og_locale":"fr_FR","og_type":"article","og_title":"Un plan Marshall pour la relance \u00e9conomique - La Sentinelle","og_description":"Les pouvoirs publics ont lanc\u00e9 un v\u00e9ritable plan Marshall de pr\u00e8s de 50 milliards de dollars pour la r\u00e9alisation de","og_url":"https:\/\/lasentinelle.dz\/index.php\/2024\/05\/29\/un-plan-marshall-pour-la-relance-economique\/","og_site_name":"La Sentinelle","article_publisher":"https:\/\/www.facebook.com\/La-Sentinelle-104059864394773","article_published_time":"2024-05-29T13:13:54+00:00","article_modified_time":"2024-05-29T13:13:56+00:00","og_image":[{"width":1200,"height":900,"url":"https:\/\/lasentinelle.dz\/wp-content\/uploads\/2023\/12\/Ghar.png","type":"image\/png"}],"author":"La Sentinelle","twitter_card":"summary_large_image","twitter_misc":{"\u00c9crit par":"La Sentinelle","Dur\u00e9e de lecture estim\u00e9e":"5 minutes"},"schema":{"@context":"https:\/\/schema.org","@graph":[{"@type":"Article","@id":"https:\/\/lasentinelle.dz\/index.php\/2024\/05\/29\/un-plan-marshall-pour-la-relance-economique\/#article","isPartOf":{"@id":"https:\/\/lasentinelle.dz\/index.php\/2024\/05\/29\/un-plan-marshall-pour-la-relance-economique\/"},"author":{"name":"La Sentinelle","@id":"https:\/\/lasentinelle.dz\/#\/schema\/person\/d865044e22e70a75174ce8bcad3acfb3"},"headline":"Un plan Marshall pour la relance \u00e9conomique","datePublished":"2024-05-29T13:13:54+00:00","dateModified":"2024-05-29T13:13:56+00:00","mainEntityOfPage":{"@id":"https:\/\/lasentinelle.dz\/index.php\/2024\/05\/29\/un-plan-marshall-pour-la-relance-economique\/"},"wordCount":878,"commentCount":0,"publisher":{"@id":"https:\/\/lasentinelle.dz\/#organization"},"image":{"@id":"https:\/\/lasentinelle.dz\/index.php\/2024\/05\/29\/un-plan-marshall-pour-la-relance-economique\/#primaryimage"},"thumbnailUrl":"https:\/\/lasentinelle.dz\/wp-content\/uploads\/2023\/12\/Ghar.png","articleSection":["\u00c0 la Une","\u00c9conomie"],"inLanguage":"fr-FR","potentialAction":[{"@type":"CommentAction","name":"Comment","target":["https:\/\/lasentinelle.dz\/index.php\/2024\/05\/29\/un-plan-marshall-pour-la-relance-economique\/#respond"]}]},{"@type":"WebPage","@id":"https:\/\/lasentinelle.dz\/index.php\/2024\/05\/29\/un-plan-marshall-pour-la-relance-economique\/","url":"https:\/\/lasentinelle.dz\/index.php\/2024\/05\/29\/un-plan-marshall-pour-la-relance-economique\/","name":"Un plan Marshall pour la relance \u00e9conomique - La Sentinelle","isPartOf":{"@id":"https:\/\/lasentinelle.dz\/#website"},"primaryImageOfPage":{"@id":"https:\/\/lasentinelle.dz\/index.php\/2024\/05\/29\/un-plan-marshall-pour-la-relance-economique\/#primaryimage"},"image":{"@id":"https:\/\/lasentinelle.dz\/index.php\/2024\/05\/29\/un-plan-marshall-pour-la-relance-economique\/#primaryimage"},"thumbnailUrl":"https:\/\/lasentinelle.dz\/wp-content\/uploads\/2023\/12\/Ghar.png","datePublished":"2024-05-29T13:13:54+00:00","dateModified":"2024-05-29T13:13:56+00:00","breadcrumb":{"@id":"https:\/\/lasentinelle.dz\/index.php\/2024\/05\/29\/un-plan-marshall-pour-la-relance-economique\/#breadcrumb"},"inLanguage":"fr-FR","potentialAction":[{"@type":"ReadAction","target":["https:\/\/lasentinelle.dz\/index.php\/2024\/05\/29\/un-plan-marshall-pour-la-relance-economique\/"]}]},{"@type":"ImageObject","inLanguage":"fr-FR","@id":"https:\/\/lasentinelle.dz\/index.php\/2024\/05\/29\/un-plan-marshall-pour-la-relance-economique\/#primaryimage","url":"https:\/\/lasentinelle.dz\/wp-content\/uploads\/2023\/12\/Ghar.png","contentUrl":"https:\/\/lasentinelle.dz\/wp-content\/uploads\/2023\/12\/Ghar.png","width":1200,"height":900},{"@type":"BreadcrumbList","@id":"https:\/\/lasentinelle.dz\/index.php\/2024\/05\/29\/un-plan-marshall-pour-la-relance-economique\/#breadcrumb","itemListElement":[{"@type":"ListItem","position":1,"name":"Accueil","item":"https:\/\/lasentinelle.dz\/"},{"@type":"ListItem","position":2,"name":"Un plan Marshall pour la relance \u00e9conomique"}]},{"@type":"WebSite","@id":"https:\/\/lasentinelle.dz\/#website","url":"https:\/\/lasentinelle.dz\/","name":"La Sentinelle","description":"Quotidien national d&#039;information","publisher":{"@id":"https:\/\/lasentinelle.dz\/#organization"},"potentialAction":[{"@type":"SearchAction","target":{"@type":"EntryPoint","urlTemplate":"https:\/\/lasentinelle.dz\/?s={search_term_string}"},"query-input":{"@type":"PropertyValueSpecification","valueRequired":true,"valueName":"search_term_string"}}],"inLanguage":"fr-FR"},{"@type":"Organization","@id":"https:\/\/lasentinelle.dz\/#organization","name":"Quotidien La Sentinelle","url":"https:\/\/lasentinelle.dz\/","logo":{"@type":"ImageObject","inLanguage":"fr-FR","@id":"https:\/\/lasentinelle.dz\/#\/schema\/logo\/image\/","url":"https:\/\/lasentinelle.dz\/wp-content\/uploads\/2021\/09\/logo-sentinelleSLOGAN-1.png","contentUrl":"https:\/\/lasentinelle.dz\/wp-content\/uploads\/2021\/09\/logo-sentinelleSLOGAN-1.png","width":615,"height":142,"caption":"Quotidien La Sentinelle"},"image":{"@id":"https:\/\/lasentinelle.dz\/#\/schema\/logo\/image\/"},"sameAs":["https:\/\/www.facebook.com\/La-Sentinelle-104059864394773"]},{"@type":"Person","@id":"https:\/\/lasentinelle.dz\/#\/schema\/person\/d865044e22e70a75174ce8bcad3acfb3","name":"La Sentinelle","image":{"@type":"ImageObject","inLanguage":"fr-FR","@id":"https:\/\/secure.gravatar.com\/avatar\/57de8e5d4b15d43fb361a71fbb36338450fe67865b528a43dd10ef7c51a20392?s=96&d=mm&r=g","url":"https:\/\/secure.gravatar.com\/avatar\/57de8e5d4b15d43fb361a71fbb36338450fe67865b528a43dd10ef7c51a20392?s=96&d=mm&r=g","contentUrl":"https:\/\/secure.gravatar.com\/avatar\/57de8e5d4b15d43fb361a71fbb36338450fe67865b528a43dd10ef7c51a20392?s=96&d=mm&r=g","caption":"La Sentinelle"},"sameAs":["http:\/\/www.lasentinelle.dz"],"url":"https:\/\/lasentinelle.dz\/author\/redaction\/"}]}},"_links":{"self":[{"href":"https:\/\/lasentinelle.dz\/index.php\/wp-json\/wp\/v2\/posts\/53026","targetHints":{"allow":["GET"]}}],"collection":[{"href":"https:\/\/lasentinelle.dz\/index.php\/wp-json\/wp\/v2\/posts"}],"about":[{"href":"https:\/\/lasentinelle.dz\/index.php\/wp-json\/wp\/v2\/types\/post"}],"author":[{"embeddable":true,"href":"https:\/\/lasentinelle.dz\/index.php\/wp-json\/wp\/v2\/users\/3"}],"replies":[{"embeddable":true,"href":"https:\/\/lasentinelle.dz\/index.php\/wp-json\/wp\/v2\/comments?post=53026"}],"version-history":[{"count":1,"href":"https:\/\/lasentinelle.dz\/index.php\/wp-json\/wp\/v2\/posts\/53026\/revisions"}],"predecessor-version":[{"id":53027,"href":"https:\/\/lasentinelle.dz\/index.php\/wp-json\/wp\/v2\/posts\/53026\/revisions\/53027"}],"wp:featuredmedia":[{"embeddable":true,"href":"https:\/\/lasentinelle.dz\/index.php\/wp-json\/wp\/v2\/media\/47938"}],"wp:attachment":[{"href":"https:\/\/lasentinelle.dz\/index.php\/wp-json\/wp\/v2\/media?parent=53026"}],"wp:term":[{"taxonomy":"category","embeddable":true,"href":"https:\/\/lasentinelle.dz\/index.php\/wp-json\/wp\/v2\/categories?post=53026"},{"taxonomy":"post_tag","embeddable":true,"href":"https:\/\/lasentinelle.dz\/index.php\/wp-json\/wp\/v2\/tags?post=53026"}],"curies":[{"name":"wp","href":"https:\/\/api.w.org\/{rel}","templated":true}]}}