{"id":53057,"date":"2024-05-30T14:22:00","date_gmt":"2024-05-30T13:22:00","guid":{"rendered":"https:\/\/lasentinelle.dz\/?p=53057"},"modified":"2024-06-01T14:23:32","modified_gmt":"2024-06-01T13:23:32","slug":"vaccin-antigrippal-aoun-insiste-sur-le-lancement-de-la-production-avant-fin-aout","status":"publish","type":"post","link":"https:\/\/lasentinelle.dz\/index.php\/2024\/05\/30\/vaccin-antigrippal-aoun-insiste-sur-le-lancement-de-la-production-avant-fin-aout\/","title":{"rendered":"Vaccin antigrippal\u00a0: Aoun insiste sur le lancement de la production avant fin ao\u00fbt"},"content":{"rendered":"\n<p>Le ministre de l&rsquo;Industrie et de la Production pharmaceutique, Ali Aoun a re\u00e7u, mardi \u00e0 Alger, le repr\u00e9sentant du laboratoire \u00ab\u00a0Abbott Products Alg\u00e9rie\u00a0\u00bb, Mohamed Kandil et le vice-directeur g\u00e9n\u00e9ral du \u00ab\u00a0Groupe Sa\u00efdal\u00a0\u00bb pour examiner le projet de production du vaccin contre la grippe saisonni\u00e8re qui entrera en phase de production \u00ab\u00a0dans les plus brefs d\u00e9lais\u00a0\u00bb, a indiqu\u00e9 un communiqu\u00e9 du minist\u00e8re. Le ministre qui a \u00e9cout\u00e9 un expos\u00e9 d\u00e9taill\u00e9 sur ce projet qui entrera en phase de production dans les plus brefs d\u00e9lais, a appel\u00e9 \u00e0 acc\u00e9l\u00e9rer la production du vaccin pour couvrir le march\u00e9 national avant fin ao\u00fbt prochain, a pr\u00e9cis\u00e9 le communiqu\u00e9. Dans le m\u00eame sillage, le ministre a soulign\u00e9 la n\u00e9cessit\u00e9 d&rsquo;\u00e9viter tout retard de livraison du vaccin dans en temps voulu, selon la m\u00eame source.<\/p>\n\n\n\n<p>Rappelons que le groupe pharmaceutique public Sa\u00efdal a r\u00e9cemment annonc\u00e9 un projet de production de vaccins contre la grippe avec l\u2019Institut Pasteur Alg\u00e9rie. Un projet qui doit entrer en production cet \u00e9t\u00e9. L\u2019objectif est de couvrir 50% des besoins en mati\u00e8re de vaccins au niveau local et de renforcer ainsi la souverainet\u00e9 sanitaire. Rappelons dans ce cadre que le pr\u00e9sident directeur g\u00e9n\u00e9ral de Sa\u00efdal, Wassim Kouidri a indiqu\u00e9 au mois d\u2019avril dernier que la fin de l\u2019ann\u00e9e verrait la production de nombreux vaccins faciles, conform\u00e9ment aux instructions du ministre de la Sant\u00e9 visant \u00e0 r\u00e9duire les importations. Quelques jours auparavant, le Directeur g\u00e9n\u00e9ral de l\u2019Institut Pasteur d\u2019Alg\u00e9rie, le Pr. Fawzi Derrar, avait annonc\u00e9 que l\u2019IPA a lanc\u00e9 un appel d\u2019offres international pour un bureau d\u2019\u00e9tudes international afin d\u2019auditionner toutes les infrastructures de l\u2019institut \u00e0 l\u2019\u00e9chelle nationale dans le but de relancer deux ou trois lignes de production de vaccins en partenariat avec Sa\u00efdal.<\/p>\n\n\n\n<p><strong>Chokri Hafed<\/strong><\/p>\n","protected":false},"excerpt":{"rendered":"<p>Le ministre de l&rsquo;Industrie et de la Production pharmaceutique, Ali Aoun a re\u00e7u, mardi \u00e0 Alger, le repr\u00e9sentant du laboratoire<\/p>\n","protected":false},"author":3,"featured_media":47576,"comment_status":"open","ping_status":"closed","sticky":false,"template":"","format":"standard","meta":{"colormag_page_container_layout":"default_layout","colormag_page_sidebar_layout":"default_layout","om_disable_all_campaigns":false,"_monsterinsights_skip_tracking":false,"_monsterinsights_sitenote_active":false,"_monsterinsights_sitenote_note":"","_monsterinsights_sitenote_category":0,"footnotes":"","_wpscppro_dont_share_socialmedia":false,"_wpscppro_custom_social_share_image":0,"_facebook_share_type":"default","_twitter_share_type":"default","_linkedin_share_type":"default","_pinterest_share_type":"default","_linkedin_share_type_page":"","_instagram_share_type":"default","_medium_share_type":"","_threads_share_type":"","_google_business_share_type":"","_selected_social_profile":[],"_wpsp_enable_custom_social_template":false,"_wpsp_social_scheduling":{"enabled":false,"datetime":null,"platforms":[],"status":"template_only","dateOption":"today","timeOption":"now","customDays":"","customHours":"","customDate":"","customTime":"","schedulingType":"absolute"},"_wpsp_active_default_template":true},"categories":[29],"tags":[],"class_list":["post-53057","post","type-post","status-publish","format-standard","has-post-thumbnail","hentry","category-economie"],"aioseo_notices":[],"yoast_head":"<!-- This site is optimized with the Yoast SEO plugin v27.5 - https:\/\/yoast.com\/product\/yoast-seo-wordpress\/ -->\n<title>Vaccin antigrippal\u00a0: Aoun insiste sur le lancement de la production avant fin ao\u00fbt - La Sentinelle<\/title>\n<meta name=\"robots\" content=\"index, follow, max-snippet:-1, max-image-preview:large, max-video-preview:-1\" \/>\n<link rel=\"canonical\" href=\"https:\/\/lasentinelle.dz\/index.php\/2024\/05\/30\/vaccin-antigrippal-aoun-insiste-sur-le-lancement-de-la-production-avant-fin-aout\/\" \/>\n<meta property=\"og:locale\" content=\"fr_FR\" \/>\n<meta property=\"og:type\" content=\"article\" \/>\n<meta property=\"og:title\" content=\"Vaccin antigrippal\u00a0: Aoun insiste sur le lancement de la production avant fin ao\u00fbt - La Sentinelle\" \/>\n<meta property=\"og:description\" content=\"Le ministre de l&rsquo;Industrie et de la Production pharmaceutique, Ali Aoun a re\u00e7u, mardi \u00e0 Alger, le repr\u00e9sentant du laboratoire\" \/>\n<meta property=\"og:url\" content=\"https:\/\/lasentinelle.dz\/index.php\/2024\/05\/30\/vaccin-antigrippal-aoun-insiste-sur-le-lancement-de-la-production-avant-fin-aout\/\" \/>\n<meta property=\"og:site_name\" content=\"La Sentinelle\" \/>\n<meta property=\"article:publisher\" content=\"https:\/\/www.facebook.com\/La-Sentinelle-104059864394773\" \/>\n<meta property=\"article:published_time\" content=\"2024-05-30T13:22:00+00:00\" \/>\n<meta property=\"article:modified_time\" content=\"2024-06-01T13:23:32+00:00\" \/>\n<meta property=\"og:image\" content=\"https:\/\/lasentinelle.dz\/wp-content\/uploads\/2023\/11\/vaccin.jpeg\" \/>\n\t<meta property=\"og:image:width\" content=\"1110\" \/>\n\t<meta property=\"og:image:height\" content=\"740\" \/>\n\t<meta property=\"og:image:type\" content=\"image\/jpeg\" \/>\n<meta name=\"author\" content=\"La Sentinelle\" \/>\n<meta name=\"twitter:card\" content=\"summary_large_image\" \/>\n<meta name=\"twitter:label1\" content=\"\u00c9crit par\" \/>\n\t<meta name=\"twitter:data1\" content=\"La Sentinelle\" \/>\n\t<meta name=\"twitter:label2\" content=\"Dur\u00e9e de lecture estim\u00e9e\" \/>\n\t<meta name=\"twitter:data2\" content=\"2 minutes\" \/>\n<script type=\"application\/ld+json\" class=\"yoast-schema-graph\">{\"@context\":\"https:\\\/\\\/schema.org\",\"@graph\":[{\"@type\":\"Article\",\"@id\":\"https:\\\/\\\/lasentinelle.dz\\\/index.php\\\/2024\\\/05\\\/30\\\/vaccin-antigrippal-aoun-insiste-sur-le-lancement-de-la-production-avant-fin-aout\\\/#article\",\"isPartOf\":{\"@id\":\"https:\\\/\\\/lasentinelle.dz\\\/index.php\\\/2024\\\/05\\\/30\\\/vaccin-antigrippal-aoun-insiste-sur-le-lancement-de-la-production-avant-fin-aout\\\/\"},\"author\":{\"name\":\"La Sentinelle\",\"@id\":\"https:\\\/\\\/lasentinelle.dz\\\/#\\\/schema\\\/person\\\/d865044e22e70a75174ce8bcad3acfb3\"},\"headline\":\"Vaccin antigrippal\u00a0: Aoun insiste sur le lancement de la production avant fin ao\u00fbt\",\"datePublished\":\"2024-05-30T13:22:00+00:00\",\"dateModified\":\"2024-06-01T13:23:32+00:00\",\"mainEntityOfPage\":{\"@id\":\"https:\\\/\\\/lasentinelle.dz\\\/index.php\\\/2024\\\/05\\\/30\\\/vaccin-antigrippal-aoun-insiste-sur-le-lancement-de-la-production-avant-fin-aout\\\/\"},\"wordCount\":340,\"commentCount\":0,\"publisher\":{\"@id\":\"https:\\\/\\\/lasentinelle.dz\\\/#organization\"},\"image\":{\"@id\":\"https:\\\/\\\/lasentinelle.dz\\\/index.php\\\/2024\\\/05\\\/30\\\/vaccin-antigrippal-aoun-insiste-sur-le-lancement-de-la-production-avant-fin-aout\\\/#primaryimage\"},\"thumbnailUrl\":\"https:\\\/\\\/lasentinelle.dz\\\/wp-content\\\/uploads\\\/2023\\\/11\\\/vaccin.jpeg\",\"articleSection\":[\"\u00c9conomie\"],\"inLanguage\":\"fr-FR\",\"potentialAction\":[{\"@type\":\"CommentAction\",\"name\":\"Comment\",\"target\":[\"https:\\\/\\\/lasentinelle.dz\\\/index.php\\\/2024\\\/05\\\/30\\\/vaccin-antigrippal-aoun-insiste-sur-le-lancement-de-la-production-avant-fin-aout\\\/#respond\"]}]},{\"@type\":\"WebPage\",\"@id\":\"https:\\\/\\\/lasentinelle.dz\\\/index.php\\\/2024\\\/05\\\/30\\\/vaccin-antigrippal-aoun-insiste-sur-le-lancement-de-la-production-avant-fin-aout\\\/\",\"url\":\"https:\\\/\\\/lasentinelle.dz\\\/index.php\\\/2024\\\/05\\\/30\\\/vaccin-antigrippal-aoun-insiste-sur-le-lancement-de-la-production-avant-fin-aout\\\/\",\"name\":\"Vaccin antigrippal\u00a0: Aoun insiste sur le lancement de la production avant fin ao\u00fbt - La Sentinelle\",\"isPartOf\":{\"@id\":\"https:\\\/\\\/lasentinelle.dz\\\/#website\"},\"primaryImageOfPage\":{\"@id\":\"https:\\\/\\\/lasentinelle.dz\\\/index.php\\\/2024\\\/05\\\/30\\\/vaccin-antigrippal-aoun-insiste-sur-le-lancement-de-la-production-avant-fin-aout\\\/#primaryimage\"},\"image\":{\"@id\":\"https:\\\/\\\/lasentinelle.dz\\\/index.php\\\/2024\\\/05\\\/30\\\/vaccin-antigrippal-aoun-insiste-sur-le-lancement-de-la-production-avant-fin-aout\\\/#primaryimage\"},\"thumbnailUrl\":\"https:\\\/\\\/lasentinelle.dz\\\/wp-content\\\/uploads\\\/2023\\\/11\\\/vaccin.jpeg\",\"datePublished\":\"2024-05-30T13:22:00+00:00\",\"dateModified\":\"2024-06-01T13:23:32+00:00\",\"breadcrumb\":{\"@id\":\"https:\\\/\\\/lasentinelle.dz\\\/index.php\\\/2024\\\/05\\\/30\\\/vaccin-antigrippal-aoun-insiste-sur-le-lancement-de-la-production-avant-fin-aout\\\/#breadcrumb\"},\"inLanguage\":\"fr-FR\",\"potentialAction\":[{\"@type\":\"ReadAction\",\"target\":[\"https:\\\/\\\/lasentinelle.dz\\\/index.php\\\/2024\\\/05\\\/30\\\/vaccin-antigrippal-aoun-insiste-sur-le-lancement-de-la-production-avant-fin-aout\\\/\"]}]},{\"@type\":\"ImageObject\",\"inLanguage\":\"fr-FR\",\"@id\":\"https:\\\/\\\/lasentinelle.dz\\\/index.php\\\/2024\\\/05\\\/30\\\/vaccin-antigrippal-aoun-insiste-sur-le-lancement-de-la-production-avant-fin-aout\\\/#primaryimage\",\"url\":\"https:\\\/\\\/lasentinelle.dz\\\/wp-content\\\/uploads\\\/2023\\\/11\\\/vaccin.jpeg\",\"contentUrl\":\"https:\\\/\\\/lasentinelle.dz\\\/wp-content\\\/uploads\\\/2023\\\/11\\\/vaccin.jpeg\",\"width\":1110,\"height\":740},{\"@type\":\"BreadcrumbList\",\"@id\":\"https:\\\/\\\/lasentinelle.dz\\\/index.php\\\/2024\\\/05\\\/30\\\/vaccin-antigrippal-aoun-insiste-sur-le-lancement-de-la-production-avant-fin-aout\\\/#breadcrumb\",\"itemListElement\":[{\"@type\":\"ListItem\",\"position\":1,\"name\":\"Accueil\",\"item\":\"https:\\\/\\\/lasentinelle.dz\\\/\"},{\"@type\":\"ListItem\",\"position\":2,\"name\":\"Vaccin antigrippal\u00a0: Aoun insiste sur le lancement de la production avant fin ao\u00fbt\"}]},{\"@type\":\"WebSite\",\"@id\":\"https:\\\/\\\/lasentinelle.dz\\\/#website\",\"url\":\"https:\\\/\\\/lasentinelle.dz\\\/\",\"name\":\"La Sentinelle\",\"description\":\"Quotidien national d&#039;information\",\"publisher\":{\"@id\":\"https:\\\/\\\/lasentinelle.dz\\\/#organization\"},\"potentialAction\":[{\"@type\":\"SearchAction\",\"target\":{\"@type\":\"EntryPoint\",\"urlTemplate\":\"https:\\\/\\\/lasentinelle.dz\\\/?s={search_term_string}\"},\"query-input\":{\"@type\":\"PropertyValueSpecification\",\"valueRequired\":true,\"valueName\":\"search_term_string\"}}],\"inLanguage\":\"fr-FR\"},{\"@type\":\"Organization\",\"@id\":\"https:\\\/\\\/lasentinelle.dz\\\/#organization\",\"name\":\"Quotidien La Sentinelle\",\"url\":\"https:\\\/\\\/lasentinelle.dz\\\/\",\"logo\":{\"@type\":\"ImageObject\",\"inLanguage\":\"fr-FR\",\"@id\":\"https:\\\/\\\/lasentinelle.dz\\\/#\\\/schema\\\/logo\\\/image\\\/\",\"url\":\"https:\\\/\\\/lasentinelle.dz\\\/wp-content\\\/uploads\\\/2021\\\/09\\\/logo-sentinelleSLOGAN-1.png\",\"contentUrl\":\"https:\\\/\\\/lasentinelle.dz\\\/wp-content\\\/uploads\\\/2021\\\/09\\\/logo-sentinelleSLOGAN-1.png\",\"width\":615,\"height\":142,\"caption\":\"Quotidien La Sentinelle\"},\"image\":{\"@id\":\"https:\\\/\\\/lasentinelle.dz\\\/#\\\/schema\\\/logo\\\/image\\\/\"},\"sameAs\":[\"https:\\\/\\\/www.facebook.com\\\/La-Sentinelle-104059864394773\"]},{\"@type\":\"Person\",\"@id\":\"https:\\\/\\\/lasentinelle.dz\\\/#\\\/schema\\\/person\\\/d865044e22e70a75174ce8bcad3acfb3\",\"name\":\"La Sentinelle\",\"image\":{\"@type\":\"ImageObject\",\"inLanguage\":\"fr-FR\",\"@id\":\"https:\\\/\\\/secure.gravatar.com\\\/avatar\\\/57de8e5d4b15d43fb361a71fbb36338450fe67865b528a43dd10ef7c51a20392?s=96&d=mm&r=g\",\"url\":\"https:\\\/\\\/secure.gravatar.com\\\/avatar\\\/57de8e5d4b15d43fb361a71fbb36338450fe67865b528a43dd10ef7c51a20392?s=96&d=mm&r=g\",\"contentUrl\":\"https:\\\/\\\/secure.gravatar.com\\\/avatar\\\/57de8e5d4b15d43fb361a71fbb36338450fe67865b528a43dd10ef7c51a20392?s=96&d=mm&r=g\",\"caption\":\"La Sentinelle\"},\"sameAs\":[\"http:\\\/\\\/www.lasentinelle.dz\"],\"url\":\"https:\\\/\\\/lasentinelle.dz\\\/author\\\/redaction\\\/\"}]}<\/script>\n<!-- \/ Yoast SEO plugin. -->","yoast_head_json":{"title":"Vaccin antigrippal\u00a0: Aoun insiste sur le lancement de la production avant fin ao\u00fbt - La Sentinelle","robots":{"index":"index","follow":"follow","max-snippet":"max-snippet:-1","max-image-preview":"max-image-preview:large","max-video-preview":"max-video-preview:-1"},"canonical":"https:\/\/lasentinelle.dz\/index.php\/2024\/05\/30\/vaccin-antigrippal-aoun-insiste-sur-le-lancement-de-la-production-avant-fin-aout\/","og_locale":"fr_FR","og_type":"article","og_title":"Vaccin antigrippal\u00a0: Aoun insiste sur le lancement de la production avant fin ao\u00fbt - La Sentinelle","og_description":"Le ministre de l&rsquo;Industrie et de la Production pharmaceutique, Ali Aoun a re\u00e7u, mardi \u00e0 Alger, le repr\u00e9sentant du laboratoire","og_url":"https:\/\/lasentinelle.dz\/index.php\/2024\/05\/30\/vaccin-antigrippal-aoun-insiste-sur-le-lancement-de-la-production-avant-fin-aout\/","og_site_name":"La Sentinelle","article_publisher":"https:\/\/www.facebook.com\/La-Sentinelle-104059864394773","article_published_time":"2024-05-30T13:22:00+00:00","article_modified_time":"2024-06-01T13:23:32+00:00","og_image":[{"width":1110,"height":740,"url":"https:\/\/lasentinelle.dz\/wp-content\/uploads\/2023\/11\/vaccin.jpeg","type":"image\/jpeg"}],"author":"La Sentinelle","twitter_card":"summary_large_image","twitter_misc":{"\u00c9crit par":"La Sentinelle","Dur\u00e9e de lecture estim\u00e9e":"2 minutes"},"schema":{"@context":"https:\/\/schema.org","@graph":[{"@type":"Article","@id":"https:\/\/lasentinelle.dz\/index.php\/2024\/05\/30\/vaccin-antigrippal-aoun-insiste-sur-le-lancement-de-la-production-avant-fin-aout\/#article","isPartOf":{"@id":"https:\/\/lasentinelle.dz\/index.php\/2024\/05\/30\/vaccin-antigrippal-aoun-insiste-sur-le-lancement-de-la-production-avant-fin-aout\/"},"author":{"name":"La Sentinelle","@id":"https:\/\/lasentinelle.dz\/#\/schema\/person\/d865044e22e70a75174ce8bcad3acfb3"},"headline":"Vaccin antigrippal\u00a0: Aoun insiste sur le lancement de la production avant fin ao\u00fbt","datePublished":"2024-05-30T13:22:00+00:00","dateModified":"2024-06-01T13:23:32+00:00","mainEntityOfPage":{"@id":"https:\/\/lasentinelle.dz\/index.php\/2024\/05\/30\/vaccin-antigrippal-aoun-insiste-sur-le-lancement-de-la-production-avant-fin-aout\/"},"wordCount":340,"commentCount":0,"publisher":{"@id":"https:\/\/lasentinelle.dz\/#organization"},"image":{"@id":"https:\/\/lasentinelle.dz\/index.php\/2024\/05\/30\/vaccin-antigrippal-aoun-insiste-sur-le-lancement-de-la-production-avant-fin-aout\/#primaryimage"},"thumbnailUrl":"https:\/\/lasentinelle.dz\/wp-content\/uploads\/2023\/11\/vaccin.jpeg","articleSection":["\u00c9conomie"],"inLanguage":"fr-FR","potentialAction":[{"@type":"CommentAction","name":"Comment","target":["https:\/\/lasentinelle.dz\/index.php\/2024\/05\/30\/vaccin-antigrippal-aoun-insiste-sur-le-lancement-de-la-production-avant-fin-aout\/#respond"]}]},{"@type":"WebPage","@id":"https:\/\/lasentinelle.dz\/index.php\/2024\/05\/30\/vaccin-antigrippal-aoun-insiste-sur-le-lancement-de-la-production-avant-fin-aout\/","url":"https:\/\/lasentinelle.dz\/index.php\/2024\/05\/30\/vaccin-antigrippal-aoun-insiste-sur-le-lancement-de-la-production-avant-fin-aout\/","name":"Vaccin antigrippal\u00a0: Aoun insiste sur le lancement de la production avant fin ao\u00fbt - La Sentinelle","isPartOf":{"@id":"https:\/\/lasentinelle.dz\/#website"},"primaryImageOfPage":{"@id":"https:\/\/lasentinelle.dz\/index.php\/2024\/05\/30\/vaccin-antigrippal-aoun-insiste-sur-le-lancement-de-la-production-avant-fin-aout\/#primaryimage"},"image":{"@id":"https:\/\/lasentinelle.dz\/index.php\/2024\/05\/30\/vaccin-antigrippal-aoun-insiste-sur-le-lancement-de-la-production-avant-fin-aout\/#primaryimage"},"thumbnailUrl":"https:\/\/lasentinelle.dz\/wp-content\/uploads\/2023\/11\/vaccin.jpeg","datePublished":"2024-05-30T13:22:00+00:00","dateModified":"2024-06-01T13:23:32+00:00","breadcrumb":{"@id":"https:\/\/lasentinelle.dz\/index.php\/2024\/05\/30\/vaccin-antigrippal-aoun-insiste-sur-le-lancement-de-la-production-avant-fin-aout\/#breadcrumb"},"inLanguage":"fr-FR","potentialAction":[{"@type":"ReadAction","target":["https:\/\/lasentinelle.dz\/index.php\/2024\/05\/30\/vaccin-antigrippal-aoun-insiste-sur-le-lancement-de-la-production-avant-fin-aout\/"]}]},{"@type":"ImageObject","inLanguage":"fr-FR","@id":"https:\/\/lasentinelle.dz\/index.php\/2024\/05\/30\/vaccin-antigrippal-aoun-insiste-sur-le-lancement-de-la-production-avant-fin-aout\/#primaryimage","url":"https:\/\/lasentinelle.dz\/wp-content\/uploads\/2023\/11\/vaccin.jpeg","contentUrl":"https:\/\/lasentinelle.dz\/wp-content\/uploads\/2023\/11\/vaccin.jpeg","width":1110,"height":740},{"@type":"BreadcrumbList","@id":"https:\/\/lasentinelle.dz\/index.php\/2024\/05\/30\/vaccin-antigrippal-aoun-insiste-sur-le-lancement-de-la-production-avant-fin-aout\/#breadcrumb","itemListElement":[{"@type":"ListItem","position":1,"name":"Accueil","item":"https:\/\/lasentinelle.dz\/"},{"@type":"ListItem","position":2,"name":"Vaccin antigrippal\u00a0: Aoun insiste sur le lancement de la production avant fin ao\u00fbt"}]},{"@type":"WebSite","@id":"https:\/\/lasentinelle.dz\/#website","url":"https:\/\/lasentinelle.dz\/","name":"La Sentinelle","description":"Quotidien national d&#039;information","publisher":{"@id":"https:\/\/lasentinelle.dz\/#organization"},"potentialAction":[{"@type":"SearchAction","target":{"@type":"EntryPoint","urlTemplate":"https:\/\/lasentinelle.dz\/?s={search_term_string}"},"query-input":{"@type":"PropertyValueSpecification","valueRequired":true,"valueName":"search_term_string"}}],"inLanguage":"fr-FR"},{"@type":"Organization","@id":"https:\/\/lasentinelle.dz\/#organization","name":"Quotidien La Sentinelle","url":"https:\/\/lasentinelle.dz\/","logo":{"@type":"ImageObject","inLanguage":"fr-FR","@id":"https:\/\/lasentinelle.dz\/#\/schema\/logo\/image\/","url":"https:\/\/lasentinelle.dz\/wp-content\/uploads\/2021\/09\/logo-sentinelleSLOGAN-1.png","contentUrl":"https:\/\/lasentinelle.dz\/wp-content\/uploads\/2021\/09\/logo-sentinelleSLOGAN-1.png","width":615,"height":142,"caption":"Quotidien La Sentinelle"},"image":{"@id":"https:\/\/lasentinelle.dz\/#\/schema\/logo\/image\/"},"sameAs":["https:\/\/www.facebook.com\/La-Sentinelle-104059864394773"]},{"@type":"Person","@id":"https:\/\/lasentinelle.dz\/#\/schema\/person\/d865044e22e70a75174ce8bcad3acfb3","name":"La Sentinelle","image":{"@type":"ImageObject","inLanguage":"fr-FR","@id":"https:\/\/secure.gravatar.com\/avatar\/57de8e5d4b15d43fb361a71fbb36338450fe67865b528a43dd10ef7c51a20392?s=96&d=mm&r=g","url":"https:\/\/secure.gravatar.com\/avatar\/57de8e5d4b15d43fb361a71fbb36338450fe67865b528a43dd10ef7c51a20392?s=96&d=mm&r=g","contentUrl":"https:\/\/secure.gravatar.com\/avatar\/57de8e5d4b15d43fb361a71fbb36338450fe67865b528a43dd10ef7c51a20392?s=96&d=mm&r=g","caption":"La Sentinelle"},"sameAs":["http:\/\/www.lasentinelle.dz"],"url":"https:\/\/lasentinelle.dz\/author\/redaction\/"}]}},"_links":{"self":[{"href":"https:\/\/lasentinelle.dz\/index.php\/wp-json\/wp\/v2\/posts\/53057","targetHints":{"allow":["GET"]}}],"collection":[{"href":"https:\/\/lasentinelle.dz\/index.php\/wp-json\/wp\/v2\/posts"}],"about":[{"href":"https:\/\/lasentinelle.dz\/index.php\/wp-json\/wp\/v2\/types\/post"}],"author":[{"embeddable":true,"href":"https:\/\/lasentinelle.dz\/index.php\/wp-json\/wp\/v2\/users\/3"}],"replies":[{"embeddable":true,"href":"https:\/\/lasentinelle.dz\/index.php\/wp-json\/wp\/v2\/comments?post=53057"}],"version-history":[{"count":1,"href":"https:\/\/lasentinelle.dz\/index.php\/wp-json\/wp\/v2\/posts\/53057\/revisions"}],"predecessor-version":[{"id":53058,"href":"https:\/\/lasentinelle.dz\/index.php\/wp-json\/wp\/v2\/posts\/53057\/revisions\/53058"}],"wp:featuredmedia":[{"embeddable":true,"href":"https:\/\/lasentinelle.dz\/index.php\/wp-json\/wp\/v2\/media\/47576"}],"wp:attachment":[{"href":"https:\/\/lasentinelle.dz\/index.php\/wp-json\/wp\/v2\/media?parent=53057"}],"wp:term":[{"taxonomy":"category","embeddable":true,"href":"https:\/\/lasentinelle.dz\/index.php\/wp-json\/wp\/v2\/categories?post=53057"},{"taxonomy":"post_tag","embeddable":true,"href":"https:\/\/lasentinelle.dz\/index.php\/wp-json\/wp\/v2\/tags?post=53057"}],"curies":[{"name":"wp","href":"https:\/\/api.w.org\/{rel}","templated":true}]}}