{"id":53071,"date":"2024-05-30T14:39:00","date_gmt":"2024-05-30T13:39:00","guid":{"rendered":"https:\/\/lasentinelle.dz\/?p=53071"},"modified":"2024-06-01T14:47:50","modified_gmt":"2024-06-01T13:47:50","slug":"communaute-algerienne-etablie-a-letranger-le-cenese-encourage-son-integration-dans-le-developpement-national","status":"publish","type":"post","link":"https:\/\/lasentinelle.dz\/index.php\/2024\/05\/30\/communaute-algerienne-etablie-a-letranger-le-cenese-encourage-son-integration-dans-le-developpement-national\/","title":{"rendered":"Communaut\u00e9 alg\u00e9rienne \u00e9tablie \u00e0 l\u2019\u00e9tranger\u00a0: Le CENESE encourage son int\u00e9gration dans le d\u00e9veloppement national"},"content":{"rendered":"\n<p>Le Conseil national \u00e9conomique, social et environnemental (CNESE) tient \u00e0 tracer un plan d\u2019encouragement \u00e0 l\u2019int\u00e9gration de la communaut\u00e9 alg\u00e9rienne \u00e9tablie \u00e0 l\u2019\u00e9tranger dans le d\u00e9veloppement national. Lors d\u2019un s\u00e9minaire organis\u00e9 \u00e0 l&rsquo;universit\u00e9 Ali Lounici d&rsquo;El Affroun \u00e0 Blida, la pr\u00e9sidente du &nbsp;Conseil national \u00e9conomique, social et environnemental (CNESE) Rabia Kherfi a d\u00e9clar\u00e9 que le conseil qu\u2019elle pr\u00e9side s\u2019attelle \u00e0 l\u2019\u00e9laboration d\u2019une strat\u00e9gie \u00e0 long terme en vue d\u2019une int\u00e9gration \u00ab\u00a0effective\u00a0\u00bb de la communaut\u00e9 alg\u00e9rienne \u00e9tablie \u00e0 l&rsquo;\u00e9tranger dans la dynamique de d\u00e9veloppement et de renouveau national. Intervenant \u00e0 l&rsquo;ouverture de cette rencontre nationale &nbsp;sur \u00ab\u00a0L&rsquo;int\u00e9gration et la participation de la communaut\u00e9 alg\u00e9rienne \u00e9tablie \u00e0 l&rsquo;\u00e9tranger au renouveau national \u00ab\u00a0, Mme Kherfi a d\u00e9clar\u00e9 que \u00ab\u00a0dans le cadre de la mise en \u0153uvre de la vision du pr\u00e9sident de la R\u00e9publique, M. Abdelmadjid Tebboune, qui a toujours soulign\u00e9 l&rsquo;\u00e9norme potentiel de la communaut\u00e9 alg\u00e9rienne \u00e9tablie \u00e0 l&rsquo;\u00e9tranger et encourag\u00e9 son int\u00e9gration effective, le CNESE a lanc\u00e9 une initiative visant l\u2019\u00e9laboration d\u2019une strat\u00e9gie effective pour faciliter l\u2019int\u00e9gration de cette communaut\u00e9 dans la dynamique de d\u00e9veloppement national\u00a0\u00bb. Le CNESE \u00ab\u00a0\u0153uvre \u00e0 apporter sa contribution aux efforts visant \u00e0 tirer profit des comp\u00e9tences et expertises des membres de la communaut\u00e9 alg\u00e9rienne \u00e9tablie \u00e0 l\u2019\u00e9tranger, en facilitant leur int\u00e9gration dans la dynamique de d\u00e9veloppement national et en identifiant les obstacles qui les entravent, tout en proposant des solutions pour les lever\u00a0\u00bb, a-t-elle ajout\u00e9. Mme. Kherfi a soulign\u00e9 que cette rencontre nationale vise de nombreux objectifs, dont l\u2019\u00e9valuation du r\u00f4le actuel de la communaut\u00e9 alg\u00e9rienne dans l&rsquo;\u00e9conomie nationale et l&rsquo;identification des obstacles \u00e0 son int\u00e9gration, en plus de l\u2019\u00e9laboration de strat\u00e9gies \u00e0 long terme pour renforcer les r\u00e9seaux de coop\u00e9ration entre celle-ci et les institutions nationales afin de promouvoir le transfert des connaissances et des comp\u00e9tences. A son tour, Mme. Imene Wahib, pr\u00e9sidente de la commission de la communaut\u00e9 alg\u00e9rienne \u00e9tablie \u00e0 l&rsquo;\u00e9tranger au sein du CNESE, a exprim\u00e9 la \u00ab\u00a0satisfaction\u00a0\u00bb de la communaut\u00e9 alg\u00e9rienne \u00e0 l\u2019\u00e9gard des efforts de l&rsquo;Etat visant \u00e0 l\u2019impliquer dans le renouveau national, en tant que partie indissociable de la soci\u00e9t\u00e9 alg\u00e9rienne. Elle a \u00e9galement soulign\u00e9 l&rsquo;importance d&rsquo;investir dans la communaut\u00e9 alg\u00e9rienne, qui \u00ab\u00a0constitue une ressource humaine importante de nature \u00e0 contribuer efficacement au d\u00e9veloppement de notre pays\u00a0\u00bb, au regard des exp\u00e9riences et de l&rsquo;expertise acquises au cours de ses ann\u00e9es de travail \u00e0 l&rsquo;\u00e9tranger. Le CNESE \u00ab\u00a0mise\u00a0\u00bb sur la communaut\u00e9 alg\u00e9rienne pour le transfert des derni\u00e8res technologies, en vue d\u2019am\u00e9liorer le niveau d&rsquo;innovation et de d\u00e9veloppement, et de promouvoir l\u2019investissement en attirant les investissements \u00e9trangers pour d\u00e9velopper l&rsquo;\u00e9conomie nationale, a-t-elle ajout\u00e9.<\/p>\n\n\n\n<p>R.N<\/p>\n","protected":false},"excerpt":{"rendered":"<p>Le Conseil national \u00e9conomique, social et environnemental (CNESE) tient \u00e0 tracer un plan d\u2019encouragement \u00e0 l\u2019int\u00e9gration de la communaut\u00e9 alg\u00e9rienne<\/p>\n","protected":false},"author":3,"featured_media":53072,"comment_status":"open","ping_status":"closed","sticky":false,"template":"","format":"standard","meta":{"colormag_page_container_layout":"default_layout","colormag_page_sidebar_layout":"default_layout","om_disable_all_campaigns":false,"_monsterinsights_skip_tracking":false,"_monsterinsights_sitenote_active":false,"_monsterinsights_sitenote_note":"","_monsterinsights_sitenote_category":0,"footnotes":"","_wpscppro_dont_share_socialmedia":false,"_wpscppro_custom_social_share_image":0,"_facebook_share_type":"default","_twitter_share_type":"default","_linkedin_share_type":"default","_pinterest_share_type":"default","_linkedin_share_type_page":"","_instagram_share_type":"default","_medium_share_type":"","_threads_share_type":"","_google_business_share_type":"","_selected_social_profile":[],"_wpsp_enable_custom_social_template":false,"_wpsp_social_scheduling":{"enabled":false,"datetime":null,"platforms":[],"status":"template_only","dateOption":"today","timeOption":"now","customDays":"","customHours":"","customDate":"","customTime":"","schedulingType":"absolute"},"_wpsp_active_default_template":true},"categories":[27],"tags":[],"class_list":["post-53071","post","type-post","status-publish","format-standard","has-post-thumbnail","hentry","category-actualite"],"aioseo_notices":[],"yoast_head":"<!-- This site is optimized with the Yoast SEO plugin v27.5 - https:\/\/yoast.com\/product\/yoast-seo-wordpress\/ -->\n<title>Communaut\u00e9 alg\u00e9rienne \u00e9tablie \u00e0 l\u2019\u00e9tranger\u00a0: Le CENESE encourage son int\u00e9gration dans le d\u00e9veloppement national - La Sentinelle<\/title>\n<meta name=\"robots\" content=\"index, follow, max-snippet:-1, max-image-preview:large, max-video-preview:-1\" \/>\n<link rel=\"canonical\" href=\"https:\/\/lasentinelle.dz\/index.php\/2024\/05\/30\/communaute-algerienne-etablie-a-letranger-le-cenese-encourage-son-integration-dans-le-developpement-national\/\" \/>\n<meta property=\"og:locale\" content=\"fr_FR\" \/>\n<meta property=\"og:type\" content=\"article\" \/>\n<meta property=\"og:title\" content=\"Communaut\u00e9 alg\u00e9rienne \u00e9tablie \u00e0 l\u2019\u00e9tranger\u00a0: Le CENESE encourage son int\u00e9gration dans le d\u00e9veloppement national - La Sentinelle\" \/>\n<meta property=\"og:description\" content=\"Le Conseil national \u00e9conomique, social et environnemental (CNESE) tient \u00e0 tracer un plan d\u2019encouragement \u00e0 l\u2019int\u00e9gration de la communaut\u00e9 alg\u00e9rienne\" \/>\n<meta property=\"og:url\" content=\"https:\/\/lasentinelle.dz\/index.php\/2024\/05\/30\/communaute-algerienne-etablie-a-letranger-le-cenese-encourage-son-integration-dans-le-developpement-national\/\" \/>\n<meta property=\"og:site_name\" content=\"La Sentinelle\" \/>\n<meta property=\"article:publisher\" content=\"https:\/\/www.facebook.com\/La-Sentinelle-104059864394773\" \/>\n<meta property=\"article:published_time\" content=\"2024-05-30T13:39:00+00:00\" \/>\n<meta property=\"article:modified_time\" content=\"2024-06-01T13:47:50+00:00\" \/>\n<meta property=\"og:image\" content=\"https:\/\/lasentinelle.dz\/wp-content\/uploads\/2024\/06\/cnese.png\" \/>\n\t<meta property=\"og:image:width\" content=\"467\" \/>\n\t<meta property=\"og:image:height\" content=\"512\" \/>\n\t<meta property=\"og:image:type\" content=\"image\/png\" \/>\n<meta name=\"author\" content=\"La Sentinelle\" \/>\n<meta name=\"twitter:card\" content=\"summary_large_image\" \/>\n<meta name=\"twitter:label1\" content=\"\u00c9crit par\" \/>\n\t<meta name=\"twitter:data1\" content=\"La Sentinelle\" \/>\n\t<meta name=\"twitter:label2\" content=\"Dur\u00e9e de lecture estim\u00e9e\" \/>\n\t<meta name=\"twitter:data2\" content=\"3 minutes\" \/>\n<script type=\"application\/ld+json\" class=\"yoast-schema-graph\">{\"@context\":\"https:\\\/\\\/schema.org\",\"@graph\":[{\"@type\":\"Article\",\"@id\":\"https:\\\/\\\/lasentinelle.dz\\\/index.php\\\/2024\\\/05\\\/30\\\/communaute-algerienne-etablie-a-letranger-le-cenese-encourage-son-integration-dans-le-developpement-national\\\/#article\",\"isPartOf\":{\"@id\":\"https:\\\/\\\/lasentinelle.dz\\\/index.php\\\/2024\\\/05\\\/30\\\/communaute-algerienne-etablie-a-letranger-le-cenese-encourage-son-integration-dans-le-developpement-national\\\/\"},\"author\":{\"name\":\"La Sentinelle\",\"@id\":\"https:\\\/\\\/lasentinelle.dz\\\/#\\\/schema\\\/person\\\/d865044e22e70a75174ce8bcad3acfb3\"},\"headline\":\"Communaut\u00e9 alg\u00e9rienne \u00e9tablie \u00e0 l\u2019\u00e9tranger\u00a0: Le CENESE encourage son int\u00e9gration dans le d\u00e9veloppement national\",\"datePublished\":\"2024-05-30T13:39:00+00:00\",\"dateModified\":\"2024-06-01T13:47:50+00:00\",\"mainEntityOfPage\":{\"@id\":\"https:\\\/\\\/lasentinelle.dz\\\/index.php\\\/2024\\\/05\\\/30\\\/communaute-algerienne-etablie-a-letranger-le-cenese-encourage-son-integration-dans-le-developpement-national\\\/\"},\"wordCount\":504,\"commentCount\":0,\"publisher\":{\"@id\":\"https:\\\/\\\/lasentinelle.dz\\\/#organization\"},\"image\":{\"@id\":\"https:\\\/\\\/lasentinelle.dz\\\/index.php\\\/2024\\\/05\\\/30\\\/communaute-algerienne-etablie-a-letranger-le-cenese-encourage-son-integration-dans-le-developpement-national\\\/#primaryimage\"},\"thumbnailUrl\":\"https:\\\/\\\/lasentinelle.dz\\\/wp-content\\\/uploads\\\/2024\\\/06\\\/cnese.png\",\"articleSection\":[\"Actualit\u00e9\"],\"inLanguage\":\"fr-FR\",\"potentialAction\":[{\"@type\":\"CommentAction\",\"name\":\"Comment\",\"target\":[\"https:\\\/\\\/lasentinelle.dz\\\/index.php\\\/2024\\\/05\\\/30\\\/communaute-algerienne-etablie-a-letranger-le-cenese-encourage-son-integration-dans-le-developpement-national\\\/#respond\"]}]},{\"@type\":\"WebPage\",\"@id\":\"https:\\\/\\\/lasentinelle.dz\\\/index.php\\\/2024\\\/05\\\/30\\\/communaute-algerienne-etablie-a-letranger-le-cenese-encourage-son-integration-dans-le-developpement-national\\\/\",\"url\":\"https:\\\/\\\/lasentinelle.dz\\\/index.php\\\/2024\\\/05\\\/30\\\/communaute-algerienne-etablie-a-letranger-le-cenese-encourage-son-integration-dans-le-developpement-national\\\/\",\"name\":\"Communaut\u00e9 alg\u00e9rienne \u00e9tablie \u00e0 l\u2019\u00e9tranger\u00a0: Le CENESE encourage son int\u00e9gration dans le d\u00e9veloppement national - La Sentinelle\",\"isPartOf\":{\"@id\":\"https:\\\/\\\/lasentinelle.dz\\\/#website\"},\"primaryImageOfPage\":{\"@id\":\"https:\\\/\\\/lasentinelle.dz\\\/index.php\\\/2024\\\/05\\\/30\\\/communaute-algerienne-etablie-a-letranger-le-cenese-encourage-son-integration-dans-le-developpement-national\\\/#primaryimage\"},\"image\":{\"@id\":\"https:\\\/\\\/lasentinelle.dz\\\/index.php\\\/2024\\\/05\\\/30\\\/communaute-algerienne-etablie-a-letranger-le-cenese-encourage-son-integration-dans-le-developpement-national\\\/#primaryimage\"},\"thumbnailUrl\":\"https:\\\/\\\/lasentinelle.dz\\\/wp-content\\\/uploads\\\/2024\\\/06\\\/cnese.png\",\"datePublished\":\"2024-05-30T13:39:00+00:00\",\"dateModified\":\"2024-06-01T13:47:50+00:00\",\"breadcrumb\":{\"@id\":\"https:\\\/\\\/lasentinelle.dz\\\/index.php\\\/2024\\\/05\\\/30\\\/communaute-algerienne-etablie-a-letranger-le-cenese-encourage-son-integration-dans-le-developpement-national\\\/#breadcrumb\"},\"inLanguage\":\"fr-FR\",\"potentialAction\":[{\"@type\":\"ReadAction\",\"target\":[\"https:\\\/\\\/lasentinelle.dz\\\/index.php\\\/2024\\\/05\\\/30\\\/communaute-algerienne-etablie-a-letranger-le-cenese-encourage-son-integration-dans-le-developpement-national\\\/\"]}]},{\"@type\":\"ImageObject\",\"inLanguage\":\"fr-FR\",\"@id\":\"https:\\\/\\\/lasentinelle.dz\\\/index.php\\\/2024\\\/05\\\/30\\\/communaute-algerienne-etablie-a-letranger-le-cenese-encourage-son-integration-dans-le-developpement-national\\\/#primaryimage\",\"url\":\"https:\\\/\\\/lasentinelle.dz\\\/wp-content\\\/uploads\\\/2024\\\/06\\\/cnese.png\",\"contentUrl\":\"https:\\\/\\\/lasentinelle.dz\\\/wp-content\\\/uploads\\\/2024\\\/06\\\/cnese.png\",\"width\":467,\"height\":512},{\"@type\":\"BreadcrumbList\",\"@id\":\"https:\\\/\\\/lasentinelle.dz\\\/index.php\\\/2024\\\/05\\\/30\\\/communaute-algerienne-etablie-a-letranger-le-cenese-encourage-son-integration-dans-le-developpement-national\\\/#breadcrumb\",\"itemListElement\":[{\"@type\":\"ListItem\",\"position\":1,\"name\":\"Accueil\",\"item\":\"https:\\\/\\\/lasentinelle.dz\\\/\"},{\"@type\":\"ListItem\",\"position\":2,\"name\":\"Communaut\u00e9 alg\u00e9rienne \u00e9tablie \u00e0 l\u2019\u00e9tranger\u00a0: Le CENESE encourage son int\u00e9gration dans le d\u00e9veloppement national\"}]},{\"@type\":\"WebSite\",\"@id\":\"https:\\\/\\\/lasentinelle.dz\\\/#website\",\"url\":\"https:\\\/\\\/lasentinelle.dz\\\/\",\"name\":\"La Sentinelle\",\"description\":\"Quotidien national d&#039;information\",\"publisher\":{\"@id\":\"https:\\\/\\\/lasentinelle.dz\\\/#organization\"},\"potentialAction\":[{\"@type\":\"SearchAction\",\"target\":{\"@type\":\"EntryPoint\",\"urlTemplate\":\"https:\\\/\\\/lasentinelle.dz\\\/?s={search_term_string}\"},\"query-input\":{\"@type\":\"PropertyValueSpecification\",\"valueRequired\":true,\"valueName\":\"search_term_string\"}}],\"inLanguage\":\"fr-FR\"},{\"@type\":\"Organization\",\"@id\":\"https:\\\/\\\/lasentinelle.dz\\\/#organization\",\"name\":\"Quotidien La Sentinelle\",\"url\":\"https:\\\/\\\/lasentinelle.dz\\\/\",\"logo\":{\"@type\":\"ImageObject\",\"inLanguage\":\"fr-FR\",\"@id\":\"https:\\\/\\\/lasentinelle.dz\\\/#\\\/schema\\\/logo\\\/image\\\/\",\"url\":\"https:\\\/\\\/lasentinelle.dz\\\/wp-content\\\/uploads\\\/2021\\\/09\\\/logo-sentinelleSLOGAN-1.png\",\"contentUrl\":\"https:\\\/\\\/lasentinelle.dz\\\/wp-content\\\/uploads\\\/2021\\\/09\\\/logo-sentinelleSLOGAN-1.png\",\"width\":615,\"height\":142,\"caption\":\"Quotidien La Sentinelle\"},\"image\":{\"@id\":\"https:\\\/\\\/lasentinelle.dz\\\/#\\\/schema\\\/logo\\\/image\\\/\"},\"sameAs\":[\"https:\\\/\\\/www.facebook.com\\\/La-Sentinelle-104059864394773\"]},{\"@type\":\"Person\",\"@id\":\"https:\\\/\\\/lasentinelle.dz\\\/#\\\/schema\\\/person\\\/d865044e22e70a75174ce8bcad3acfb3\",\"name\":\"La Sentinelle\",\"image\":{\"@type\":\"ImageObject\",\"inLanguage\":\"fr-FR\",\"@id\":\"https:\\\/\\\/secure.gravatar.com\\\/avatar\\\/57de8e5d4b15d43fb361a71fbb36338450fe67865b528a43dd10ef7c51a20392?s=96&d=mm&r=g\",\"url\":\"https:\\\/\\\/secure.gravatar.com\\\/avatar\\\/57de8e5d4b15d43fb361a71fbb36338450fe67865b528a43dd10ef7c51a20392?s=96&d=mm&r=g\",\"contentUrl\":\"https:\\\/\\\/secure.gravatar.com\\\/avatar\\\/57de8e5d4b15d43fb361a71fbb36338450fe67865b528a43dd10ef7c51a20392?s=96&d=mm&r=g\",\"caption\":\"La Sentinelle\"},\"sameAs\":[\"http:\\\/\\\/www.lasentinelle.dz\"],\"url\":\"https:\\\/\\\/lasentinelle.dz\\\/author\\\/redaction\\\/\"}]}<\/script>\n<!-- \/ Yoast SEO plugin. -->","yoast_head_json":{"title":"Communaut\u00e9 alg\u00e9rienne \u00e9tablie \u00e0 l\u2019\u00e9tranger\u00a0: Le CENESE encourage son int\u00e9gration dans le d\u00e9veloppement national - La Sentinelle","robots":{"index":"index","follow":"follow","max-snippet":"max-snippet:-1","max-image-preview":"max-image-preview:large","max-video-preview":"max-video-preview:-1"},"canonical":"https:\/\/lasentinelle.dz\/index.php\/2024\/05\/30\/communaute-algerienne-etablie-a-letranger-le-cenese-encourage-son-integration-dans-le-developpement-national\/","og_locale":"fr_FR","og_type":"article","og_title":"Communaut\u00e9 alg\u00e9rienne \u00e9tablie \u00e0 l\u2019\u00e9tranger\u00a0: Le CENESE encourage son int\u00e9gration dans le d\u00e9veloppement national - La Sentinelle","og_description":"Le Conseil national \u00e9conomique, social et environnemental (CNESE) tient \u00e0 tracer un plan d\u2019encouragement \u00e0 l\u2019int\u00e9gration de la communaut\u00e9 alg\u00e9rienne","og_url":"https:\/\/lasentinelle.dz\/index.php\/2024\/05\/30\/communaute-algerienne-etablie-a-letranger-le-cenese-encourage-son-integration-dans-le-developpement-national\/","og_site_name":"La Sentinelle","article_publisher":"https:\/\/www.facebook.com\/La-Sentinelle-104059864394773","article_published_time":"2024-05-30T13:39:00+00:00","article_modified_time":"2024-06-01T13:47:50+00:00","og_image":[{"width":467,"height":512,"url":"https:\/\/lasentinelle.dz\/wp-content\/uploads\/2024\/06\/cnese.png","type":"image\/png"}],"author":"La Sentinelle","twitter_card":"summary_large_image","twitter_misc":{"\u00c9crit par":"La Sentinelle","Dur\u00e9e de lecture estim\u00e9e":"3 minutes"},"schema":{"@context":"https:\/\/schema.org","@graph":[{"@type":"Article","@id":"https:\/\/lasentinelle.dz\/index.php\/2024\/05\/30\/communaute-algerienne-etablie-a-letranger-le-cenese-encourage-son-integration-dans-le-developpement-national\/#article","isPartOf":{"@id":"https:\/\/lasentinelle.dz\/index.php\/2024\/05\/30\/communaute-algerienne-etablie-a-letranger-le-cenese-encourage-son-integration-dans-le-developpement-national\/"},"author":{"name":"La Sentinelle","@id":"https:\/\/lasentinelle.dz\/#\/schema\/person\/d865044e22e70a75174ce8bcad3acfb3"},"headline":"Communaut\u00e9 alg\u00e9rienne \u00e9tablie \u00e0 l\u2019\u00e9tranger\u00a0: Le CENESE encourage son int\u00e9gration dans le d\u00e9veloppement national","datePublished":"2024-05-30T13:39:00+00:00","dateModified":"2024-06-01T13:47:50+00:00","mainEntityOfPage":{"@id":"https:\/\/lasentinelle.dz\/index.php\/2024\/05\/30\/communaute-algerienne-etablie-a-letranger-le-cenese-encourage-son-integration-dans-le-developpement-national\/"},"wordCount":504,"commentCount":0,"publisher":{"@id":"https:\/\/lasentinelle.dz\/#organization"},"image":{"@id":"https:\/\/lasentinelle.dz\/index.php\/2024\/05\/30\/communaute-algerienne-etablie-a-letranger-le-cenese-encourage-son-integration-dans-le-developpement-national\/#primaryimage"},"thumbnailUrl":"https:\/\/lasentinelle.dz\/wp-content\/uploads\/2024\/06\/cnese.png","articleSection":["Actualit\u00e9"],"inLanguage":"fr-FR","potentialAction":[{"@type":"CommentAction","name":"Comment","target":["https:\/\/lasentinelle.dz\/index.php\/2024\/05\/30\/communaute-algerienne-etablie-a-letranger-le-cenese-encourage-son-integration-dans-le-developpement-national\/#respond"]}]},{"@type":"WebPage","@id":"https:\/\/lasentinelle.dz\/index.php\/2024\/05\/30\/communaute-algerienne-etablie-a-letranger-le-cenese-encourage-son-integration-dans-le-developpement-national\/","url":"https:\/\/lasentinelle.dz\/index.php\/2024\/05\/30\/communaute-algerienne-etablie-a-letranger-le-cenese-encourage-son-integration-dans-le-developpement-national\/","name":"Communaut\u00e9 alg\u00e9rienne \u00e9tablie \u00e0 l\u2019\u00e9tranger\u00a0: Le CENESE encourage son int\u00e9gration dans le d\u00e9veloppement national - La Sentinelle","isPartOf":{"@id":"https:\/\/lasentinelle.dz\/#website"},"primaryImageOfPage":{"@id":"https:\/\/lasentinelle.dz\/index.php\/2024\/05\/30\/communaute-algerienne-etablie-a-letranger-le-cenese-encourage-son-integration-dans-le-developpement-national\/#primaryimage"},"image":{"@id":"https:\/\/lasentinelle.dz\/index.php\/2024\/05\/30\/communaute-algerienne-etablie-a-letranger-le-cenese-encourage-son-integration-dans-le-developpement-national\/#primaryimage"},"thumbnailUrl":"https:\/\/lasentinelle.dz\/wp-content\/uploads\/2024\/06\/cnese.png","datePublished":"2024-05-30T13:39:00+00:00","dateModified":"2024-06-01T13:47:50+00:00","breadcrumb":{"@id":"https:\/\/lasentinelle.dz\/index.php\/2024\/05\/30\/communaute-algerienne-etablie-a-letranger-le-cenese-encourage-son-integration-dans-le-developpement-national\/#breadcrumb"},"inLanguage":"fr-FR","potentialAction":[{"@type":"ReadAction","target":["https:\/\/lasentinelle.dz\/index.php\/2024\/05\/30\/communaute-algerienne-etablie-a-letranger-le-cenese-encourage-son-integration-dans-le-developpement-national\/"]}]},{"@type":"ImageObject","inLanguage":"fr-FR","@id":"https:\/\/lasentinelle.dz\/index.php\/2024\/05\/30\/communaute-algerienne-etablie-a-letranger-le-cenese-encourage-son-integration-dans-le-developpement-national\/#primaryimage","url":"https:\/\/lasentinelle.dz\/wp-content\/uploads\/2024\/06\/cnese.png","contentUrl":"https:\/\/lasentinelle.dz\/wp-content\/uploads\/2024\/06\/cnese.png","width":467,"height":512},{"@type":"BreadcrumbList","@id":"https:\/\/lasentinelle.dz\/index.php\/2024\/05\/30\/communaute-algerienne-etablie-a-letranger-le-cenese-encourage-son-integration-dans-le-developpement-national\/#breadcrumb","itemListElement":[{"@type":"ListItem","position":1,"name":"Accueil","item":"https:\/\/lasentinelle.dz\/"},{"@type":"ListItem","position":2,"name":"Communaut\u00e9 alg\u00e9rienne \u00e9tablie \u00e0 l\u2019\u00e9tranger\u00a0: Le CENESE encourage son int\u00e9gration dans le d\u00e9veloppement national"}]},{"@type":"WebSite","@id":"https:\/\/lasentinelle.dz\/#website","url":"https:\/\/lasentinelle.dz\/","name":"La Sentinelle","description":"Quotidien national d&#039;information","publisher":{"@id":"https:\/\/lasentinelle.dz\/#organization"},"potentialAction":[{"@type":"SearchAction","target":{"@type":"EntryPoint","urlTemplate":"https:\/\/lasentinelle.dz\/?s={search_term_string}"},"query-input":{"@type":"PropertyValueSpecification","valueRequired":true,"valueName":"search_term_string"}}],"inLanguage":"fr-FR"},{"@type":"Organization","@id":"https:\/\/lasentinelle.dz\/#organization","name":"Quotidien La Sentinelle","url":"https:\/\/lasentinelle.dz\/","logo":{"@type":"ImageObject","inLanguage":"fr-FR","@id":"https:\/\/lasentinelle.dz\/#\/schema\/logo\/image\/","url":"https:\/\/lasentinelle.dz\/wp-content\/uploads\/2021\/09\/logo-sentinelleSLOGAN-1.png","contentUrl":"https:\/\/lasentinelle.dz\/wp-content\/uploads\/2021\/09\/logo-sentinelleSLOGAN-1.png","width":615,"height":142,"caption":"Quotidien La Sentinelle"},"image":{"@id":"https:\/\/lasentinelle.dz\/#\/schema\/logo\/image\/"},"sameAs":["https:\/\/www.facebook.com\/La-Sentinelle-104059864394773"]},{"@type":"Person","@id":"https:\/\/lasentinelle.dz\/#\/schema\/person\/d865044e22e70a75174ce8bcad3acfb3","name":"La Sentinelle","image":{"@type":"ImageObject","inLanguage":"fr-FR","@id":"https:\/\/secure.gravatar.com\/avatar\/57de8e5d4b15d43fb361a71fbb36338450fe67865b528a43dd10ef7c51a20392?s=96&d=mm&r=g","url":"https:\/\/secure.gravatar.com\/avatar\/57de8e5d4b15d43fb361a71fbb36338450fe67865b528a43dd10ef7c51a20392?s=96&d=mm&r=g","contentUrl":"https:\/\/secure.gravatar.com\/avatar\/57de8e5d4b15d43fb361a71fbb36338450fe67865b528a43dd10ef7c51a20392?s=96&d=mm&r=g","caption":"La Sentinelle"},"sameAs":["http:\/\/www.lasentinelle.dz"],"url":"https:\/\/lasentinelle.dz\/author\/redaction\/"}]}},"_links":{"self":[{"href":"https:\/\/lasentinelle.dz\/index.php\/wp-json\/wp\/v2\/posts\/53071","targetHints":{"allow":["GET"]}}],"collection":[{"href":"https:\/\/lasentinelle.dz\/index.php\/wp-json\/wp\/v2\/posts"}],"about":[{"href":"https:\/\/lasentinelle.dz\/index.php\/wp-json\/wp\/v2\/types\/post"}],"author":[{"embeddable":true,"href":"https:\/\/lasentinelle.dz\/index.php\/wp-json\/wp\/v2\/users\/3"}],"replies":[{"embeddable":true,"href":"https:\/\/lasentinelle.dz\/index.php\/wp-json\/wp\/v2\/comments?post=53071"}],"version-history":[{"count":1,"href":"https:\/\/lasentinelle.dz\/index.php\/wp-json\/wp\/v2\/posts\/53071\/revisions"}],"predecessor-version":[{"id":53073,"href":"https:\/\/lasentinelle.dz\/index.php\/wp-json\/wp\/v2\/posts\/53071\/revisions\/53073"}],"wp:featuredmedia":[{"embeddable":true,"href":"https:\/\/lasentinelle.dz\/index.php\/wp-json\/wp\/v2\/media\/53072"}],"wp:attachment":[{"href":"https:\/\/lasentinelle.dz\/index.php\/wp-json\/wp\/v2\/media?parent=53071"}],"wp:term":[{"taxonomy":"category","embeddable":true,"href":"https:\/\/lasentinelle.dz\/index.php\/wp-json\/wp\/v2\/categories?post=53071"},{"taxonomy":"post_tag","embeddable":true,"href":"https:\/\/lasentinelle.dz\/index.php\/wp-json\/wp\/v2\/tags?post=53071"}],"curies":[{"name":"wp","href":"https:\/\/api.w.org\/{rel}","templated":true}]}}