{"id":53082,"date":"2024-05-30T14:56:00","date_gmt":"2024-05-30T13:56:00","guid":{"rendered":"https:\/\/lasentinelle.dz\/?p=53082"},"modified":"2024-06-01T14:58:46","modified_gmt":"2024-06-01T13:58:46","slug":"le-massacre-se-poursuit-a-rafah","status":"publish","type":"post","link":"https:\/\/lasentinelle.dz\/index.php\/2024\/05\/30\/le-massacre-se-poursuit-a-rafah\/","title":{"rendered":"Le massacre se poursuit \u00e0 Rafah"},"content":{"rendered":"\n<p>L\u2019occupation sioniste a \u00e9largi hier son invasion de la Rafah, malgr\u00e9 l&rsquo;arr\u00eat de la Cour internationale de justice (CIJ) qui a ordonn\u00e9 la fin des op\u00e9rations militaires dans la ville du sud de Ghaza o\u00f9 de nombreux d\u00e9plac\u00e9s ont trouv\u00e9 refuge.<\/p>\n\n\n\n<p>Selon les habitants de Rafah cit\u00e9 par l\u2019AFP, les chars de l\u2019occupation ont lanc\u00e9 des raids dans l&rsquo;ouest, \u00e0 Tel Al-Sultan, et dans le centre de la ville, \u00e0 Yibna et pr\u00e8s de Shaboura, avant de se replier sur des positions situ\u00e9es pr\u00e8s de la fronti\u00e8re avec l&rsquo;\u00c9gypte. Plusieurs civils palestiniens ont tu\u00e9s et bless\u00e9s hier matin par des tirs isra\u00e9liens dans la zone est de Rafah, selon les autorit\u00e9s sanitaires locales, qui ont ajout\u00e9 que des magasins fournissant de l&rsquo;aide avaient \u00e9t\u00e9 incendi\u00e9s. Certains habitants ont dit avoir vu ce qu&rsquo;ils d\u00e9crivent comme des v\u00e9hicules blind\u00e9s sans pilote ouvrir le feu avec des mitrailleuses dans certaines parties de la ville, alors que les r\u00e9seaux internet et de t\u00e9l\u00e9phonie mobile dans certaines zones de l&rsquo;est et de l&rsquo;ouest ont \u00e9t\u00e9 coup\u00e9s.<\/p>\n\n\n\n<p>Dans le nord de la bande de Gaza, des chars de l\u2019occupationont bombard\u00e9 plusieurs quartiers de la ville de Gaza &nbsp;et \u00e0 Jabalia.&nbsp;Dans la ville voisine de Khan Youn\u00e8s, une frappe a\u00e9rienne isra\u00e9lienne a tu\u00e9 trois personnes dans la nuit.<\/p>\n\n\n\n<p>Le Croissant-Rouge palestinien a \u00e9galement annonc\u00e9 la mort d&rsquo;un de ses employ\u00e9s, Issam Aqel, lors d&rsquo;une frappe a\u00e9rienne sur sa maison dans le camp de r\u00e9fugi\u00e9s de Boureij, dans le centre de la bande de Ghaza. Ce d\u00e9c\u00e8s porte \u00e0 30 le nombre de ses employ\u00e9s tu\u00e9s depuis le d\u00e9but de la guerre le 7 octobre, dont au moins 17 dans l&rsquo;exercice de leurs fonctions.<\/p>\n\n\n\n<p>Le bilan de l&rsquo;agression g\u00e9nocidaire sioniste contre la bande de Ghaza s&rsquo;est ainsi alourdi \u00e0 36.171 martyrs et 81.420 bless\u00e9s, depuis le 7 octobre dernier. Selon les autorit\u00e9s palestiniennes de la sant\u00e9, l&rsquo;arm\u00e9e d&rsquo;occupation sioniste a commis 6 massacres au cours des derni\u00e8res 24 heures dans la bande de Ghaza, faisant 75 martyrs et 284 bless\u00e9s.<\/p>\n\n\n\n<p>La situation humanitaire s\u2019est \u00e9galement aggrav\u00e9e. Selon l&rsquo;agence des Nations unies pour les r\u00e9fugi\u00e9s palestiniens (UNRWA), un million de personnes ont d\u00e9sormais fui Rafah. Plusieurs h\u00f4pitaux ont cess\u00e9 de fonctionner, ont fait savoir les autorit\u00e9s sanitaires palestiniennes . Le Croissant-Rouge palestinien (PRCS) a \u00e9vacu\u00e9 les \u00e9quipes m\u00e9dicales de son h\u00f4pital de campagne dans le secteur d&rsquo;Al-Mawasi, d\u00e9sign\u00e9 comme une zone d&rsquo;\u00e9vacuation. Le Directeur g\u00e9n\u00e9ral de l&rsquo;Organisation mondiale de la sant\u00e9 (OMS), Tedros Adhanom Ghebreyesus, a de son c\u00f4t\u00e9 averti hier que les missions vers le nord de la bande de Ghaza sont rendues tr\u00e8s difficiles par la p\u00e9nurie d&rsquo;essence mais aussi les routes d\u00e9truites, les d\u00e9combres et le manque d&rsquo;acc\u00e8s s\u00fbr. Les points de contr\u00f4le de l&rsquo;arm\u00e9e sioniste sont aussi source de retards, et la mission n&rsquo;a pas pu acc\u00e9der \u00e0 un h\u00f4pital \u00e0 proximit\u00e9 de l&rsquo;h\u00f4pital Al-Ahli, a \u00e9crit M. Tedros sur le r\u00e9seau social X.<\/p>\n\n\n\n<p>Hocine FAdheli<\/p>\n","protected":false},"excerpt":{"rendered":"<p>L\u2019occupation sioniste a \u00e9largi hier son invasion de la Rafah, malgr\u00e9 l&rsquo;arr\u00eat de la Cour internationale de justice (CIJ) qui<\/p>\n","protected":false},"author":3,"featured_media":52978,"comment_status":"open","ping_status":"closed","sticky":false,"template":"","format":"standard","meta":{"colormag_page_container_layout":"default_layout","colormag_page_sidebar_layout":"default_layout","om_disable_all_campaigns":false,"_monsterinsights_skip_tracking":false,"_monsterinsights_sitenote_active":false,"_monsterinsights_sitenote_note":"","_monsterinsights_sitenote_category":0,"footnotes":"","_wpscppro_dont_share_socialmedia":false,"_wpscppro_custom_social_share_image":0,"_facebook_share_type":"default","_twitter_share_type":"default","_linkedin_share_type":"default","_pinterest_share_type":"default","_linkedin_share_type_page":"","_instagram_share_type":"default","_medium_share_type":"","_threads_share_type":"","_google_business_share_type":"","_selected_social_profile":[],"_wpsp_enable_custom_social_template":false,"_wpsp_social_scheduling":{"enabled":false,"datetime":null,"platforms":[],"status":"template_only","dateOption":"today","timeOption":"now","customDays":"","customHours":"","customDate":"","customTime":"","schedulingType":"absolute"},"_wpsp_active_default_template":true},"categories":[27],"tags":[],"class_list":["post-53082","post","type-post","status-publish","format-standard","has-post-thumbnail","hentry","category-actualite"],"aioseo_notices":[],"yoast_head":"<!-- This site is optimized with the Yoast SEO plugin v27.5 - https:\/\/yoast.com\/product\/yoast-seo-wordpress\/ -->\n<title>Le massacre se poursuit \u00e0 Rafah - La Sentinelle<\/title>\n<meta name=\"robots\" content=\"index, follow, max-snippet:-1, max-image-preview:large, max-video-preview:-1\" \/>\n<link rel=\"canonical\" href=\"https:\/\/lasentinelle.dz\/index.php\/2024\/05\/30\/le-massacre-se-poursuit-a-rafah\/\" \/>\n<meta property=\"og:locale\" content=\"fr_FR\" \/>\n<meta property=\"og:type\" content=\"article\" \/>\n<meta property=\"og:title\" content=\"Le massacre se poursuit \u00e0 Rafah - La Sentinelle\" \/>\n<meta property=\"og:description\" content=\"L\u2019occupation sioniste a \u00e9largi hier son invasion de la Rafah, malgr\u00e9 l&rsquo;arr\u00eat de la Cour internationale de justice (CIJ) qui\" \/>\n<meta property=\"og:url\" content=\"https:\/\/lasentinelle.dz\/index.php\/2024\/05\/30\/le-massacre-se-poursuit-a-rafah\/\" \/>\n<meta property=\"og:site_name\" content=\"La Sentinelle\" \/>\n<meta property=\"article:publisher\" content=\"https:\/\/www.facebook.com\/La-Sentinelle-104059864394773\" \/>\n<meta property=\"article:published_time\" content=\"2024-05-30T13:56:00+00:00\" \/>\n<meta property=\"article:modified_time\" content=\"2024-06-01T13:58:46+00:00\" \/>\n<meta property=\"og:image\" content=\"https:\/\/lasentinelle.dz\/wp-content\/uploads\/2024\/05\/ghaza-1.webp\" \/>\n\t<meta property=\"og:image:width\" content=\"760\" \/>\n\t<meta property=\"og:image:height\" content=\"507\" \/>\n\t<meta property=\"og:image:type\" content=\"image\/webp\" \/>\n<meta name=\"author\" content=\"La Sentinelle\" \/>\n<meta name=\"twitter:card\" content=\"summary_large_image\" \/>\n<meta name=\"twitter:label1\" content=\"\u00c9crit par\" \/>\n\t<meta name=\"twitter:data1\" content=\"La Sentinelle\" \/>\n\t<meta name=\"twitter:label2\" content=\"Dur\u00e9e de lecture estim\u00e9e\" \/>\n\t<meta name=\"twitter:data2\" content=\"3 minutes\" \/>\n<script type=\"application\/ld+json\" class=\"yoast-schema-graph\">{\"@context\":\"https:\\\/\\\/schema.org\",\"@graph\":[{\"@type\":\"Article\",\"@id\":\"https:\\\/\\\/lasentinelle.dz\\\/index.php\\\/2024\\\/05\\\/30\\\/le-massacre-se-poursuit-a-rafah\\\/#article\",\"isPartOf\":{\"@id\":\"https:\\\/\\\/lasentinelle.dz\\\/index.php\\\/2024\\\/05\\\/30\\\/le-massacre-se-poursuit-a-rafah\\\/\"},\"author\":{\"name\":\"La Sentinelle\",\"@id\":\"https:\\\/\\\/lasentinelle.dz\\\/#\\\/schema\\\/person\\\/d865044e22e70a75174ce8bcad3acfb3\"},\"headline\":\"Le massacre se poursuit \u00e0 Rafah\",\"datePublished\":\"2024-05-30T13:56:00+00:00\",\"dateModified\":\"2024-06-01T13:58:46+00:00\",\"mainEntityOfPage\":{\"@id\":\"https:\\\/\\\/lasentinelle.dz\\\/index.php\\\/2024\\\/05\\\/30\\\/le-massacre-se-poursuit-a-rafah\\\/\"},\"wordCount\":562,\"commentCount\":0,\"publisher\":{\"@id\":\"https:\\\/\\\/lasentinelle.dz\\\/#organization\"},\"image\":{\"@id\":\"https:\\\/\\\/lasentinelle.dz\\\/index.php\\\/2024\\\/05\\\/30\\\/le-massacre-se-poursuit-a-rafah\\\/#primaryimage\"},\"thumbnailUrl\":\"https:\\\/\\\/lasentinelle.dz\\\/wp-content\\\/uploads\\\/2024\\\/05\\\/ghaza-1.webp\",\"articleSection\":[\"Actualit\u00e9\"],\"inLanguage\":\"fr-FR\",\"potentialAction\":[{\"@type\":\"CommentAction\",\"name\":\"Comment\",\"target\":[\"https:\\\/\\\/lasentinelle.dz\\\/index.php\\\/2024\\\/05\\\/30\\\/le-massacre-se-poursuit-a-rafah\\\/#respond\"]}]},{\"@type\":\"WebPage\",\"@id\":\"https:\\\/\\\/lasentinelle.dz\\\/index.php\\\/2024\\\/05\\\/30\\\/le-massacre-se-poursuit-a-rafah\\\/\",\"url\":\"https:\\\/\\\/lasentinelle.dz\\\/index.php\\\/2024\\\/05\\\/30\\\/le-massacre-se-poursuit-a-rafah\\\/\",\"name\":\"Le massacre se poursuit \u00e0 Rafah - La Sentinelle\",\"isPartOf\":{\"@id\":\"https:\\\/\\\/lasentinelle.dz\\\/#website\"},\"primaryImageOfPage\":{\"@id\":\"https:\\\/\\\/lasentinelle.dz\\\/index.php\\\/2024\\\/05\\\/30\\\/le-massacre-se-poursuit-a-rafah\\\/#primaryimage\"},\"image\":{\"@id\":\"https:\\\/\\\/lasentinelle.dz\\\/index.php\\\/2024\\\/05\\\/30\\\/le-massacre-se-poursuit-a-rafah\\\/#primaryimage\"},\"thumbnailUrl\":\"https:\\\/\\\/lasentinelle.dz\\\/wp-content\\\/uploads\\\/2024\\\/05\\\/ghaza-1.webp\",\"datePublished\":\"2024-05-30T13:56:00+00:00\",\"dateModified\":\"2024-06-01T13:58:46+00:00\",\"breadcrumb\":{\"@id\":\"https:\\\/\\\/lasentinelle.dz\\\/index.php\\\/2024\\\/05\\\/30\\\/le-massacre-se-poursuit-a-rafah\\\/#breadcrumb\"},\"inLanguage\":\"fr-FR\",\"potentialAction\":[{\"@type\":\"ReadAction\",\"target\":[\"https:\\\/\\\/lasentinelle.dz\\\/index.php\\\/2024\\\/05\\\/30\\\/le-massacre-se-poursuit-a-rafah\\\/\"]}]},{\"@type\":\"ImageObject\",\"inLanguage\":\"fr-FR\",\"@id\":\"https:\\\/\\\/lasentinelle.dz\\\/index.php\\\/2024\\\/05\\\/30\\\/le-massacre-se-poursuit-a-rafah\\\/#primaryimage\",\"url\":\"https:\\\/\\\/lasentinelle.dz\\\/wp-content\\\/uploads\\\/2024\\\/05\\\/ghaza-1.webp\",\"contentUrl\":\"https:\\\/\\\/lasentinelle.dz\\\/wp-content\\\/uploads\\\/2024\\\/05\\\/ghaza-1.webp\",\"width\":760,\"height\":507},{\"@type\":\"BreadcrumbList\",\"@id\":\"https:\\\/\\\/lasentinelle.dz\\\/index.php\\\/2024\\\/05\\\/30\\\/le-massacre-se-poursuit-a-rafah\\\/#breadcrumb\",\"itemListElement\":[{\"@type\":\"ListItem\",\"position\":1,\"name\":\"Accueil\",\"item\":\"https:\\\/\\\/lasentinelle.dz\\\/\"},{\"@type\":\"ListItem\",\"position\":2,\"name\":\"Le massacre se poursuit \u00e0 Rafah\"}]},{\"@type\":\"WebSite\",\"@id\":\"https:\\\/\\\/lasentinelle.dz\\\/#website\",\"url\":\"https:\\\/\\\/lasentinelle.dz\\\/\",\"name\":\"La Sentinelle\",\"description\":\"Quotidien national d&#039;information\",\"publisher\":{\"@id\":\"https:\\\/\\\/lasentinelle.dz\\\/#organization\"},\"potentialAction\":[{\"@type\":\"SearchAction\",\"target\":{\"@type\":\"EntryPoint\",\"urlTemplate\":\"https:\\\/\\\/lasentinelle.dz\\\/?s={search_term_string}\"},\"query-input\":{\"@type\":\"PropertyValueSpecification\",\"valueRequired\":true,\"valueName\":\"search_term_string\"}}],\"inLanguage\":\"fr-FR\"},{\"@type\":\"Organization\",\"@id\":\"https:\\\/\\\/lasentinelle.dz\\\/#organization\",\"name\":\"Quotidien La Sentinelle\",\"url\":\"https:\\\/\\\/lasentinelle.dz\\\/\",\"logo\":{\"@type\":\"ImageObject\",\"inLanguage\":\"fr-FR\",\"@id\":\"https:\\\/\\\/lasentinelle.dz\\\/#\\\/schema\\\/logo\\\/image\\\/\",\"url\":\"https:\\\/\\\/lasentinelle.dz\\\/wp-content\\\/uploads\\\/2021\\\/09\\\/logo-sentinelleSLOGAN-1.png\",\"contentUrl\":\"https:\\\/\\\/lasentinelle.dz\\\/wp-content\\\/uploads\\\/2021\\\/09\\\/logo-sentinelleSLOGAN-1.png\",\"width\":615,\"height\":142,\"caption\":\"Quotidien La Sentinelle\"},\"image\":{\"@id\":\"https:\\\/\\\/lasentinelle.dz\\\/#\\\/schema\\\/logo\\\/image\\\/\"},\"sameAs\":[\"https:\\\/\\\/www.facebook.com\\\/La-Sentinelle-104059864394773\"]},{\"@type\":\"Person\",\"@id\":\"https:\\\/\\\/lasentinelle.dz\\\/#\\\/schema\\\/person\\\/d865044e22e70a75174ce8bcad3acfb3\",\"name\":\"La Sentinelle\",\"image\":{\"@type\":\"ImageObject\",\"inLanguage\":\"fr-FR\",\"@id\":\"https:\\\/\\\/secure.gravatar.com\\\/avatar\\\/57de8e5d4b15d43fb361a71fbb36338450fe67865b528a43dd10ef7c51a20392?s=96&d=mm&r=g\",\"url\":\"https:\\\/\\\/secure.gravatar.com\\\/avatar\\\/57de8e5d4b15d43fb361a71fbb36338450fe67865b528a43dd10ef7c51a20392?s=96&d=mm&r=g\",\"contentUrl\":\"https:\\\/\\\/secure.gravatar.com\\\/avatar\\\/57de8e5d4b15d43fb361a71fbb36338450fe67865b528a43dd10ef7c51a20392?s=96&d=mm&r=g\",\"caption\":\"La Sentinelle\"},\"sameAs\":[\"http:\\\/\\\/www.lasentinelle.dz\"],\"url\":\"https:\\\/\\\/lasentinelle.dz\\\/author\\\/redaction\\\/\"}]}<\/script>\n<!-- \/ Yoast SEO plugin. -->","yoast_head_json":{"title":"Le massacre se poursuit \u00e0 Rafah - La Sentinelle","robots":{"index":"index","follow":"follow","max-snippet":"max-snippet:-1","max-image-preview":"max-image-preview:large","max-video-preview":"max-video-preview:-1"},"canonical":"https:\/\/lasentinelle.dz\/index.php\/2024\/05\/30\/le-massacre-se-poursuit-a-rafah\/","og_locale":"fr_FR","og_type":"article","og_title":"Le massacre se poursuit \u00e0 Rafah - La Sentinelle","og_description":"L\u2019occupation sioniste a \u00e9largi hier son invasion de la Rafah, malgr\u00e9 l&rsquo;arr\u00eat de la Cour internationale de justice (CIJ) qui","og_url":"https:\/\/lasentinelle.dz\/index.php\/2024\/05\/30\/le-massacre-se-poursuit-a-rafah\/","og_site_name":"La Sentinelle","article_publisher":"https:\/\/www.facebook.com\/La-Sentinelle-104059864394773","article_published_time":"2024-05-30T13:56:00+00:00","article_modified_time":"2024-06-01T13:58:46+00:00","og_image":[{"width":760,"height":507,"url":"https:\/\/lasentinelle.dz\/wp-content\/uploads\/2024\/05\/ghaza-1.webp","type":"image\/webp"}],"author":"La Sentinelle","twitter_card":"summary_large_image","twitter_misc":{"\u00c9crit par":"La Sentinelle","Dur\u00e9e de lecture estim\u00e9e":"3 minutes"},"schema":{"@context":"https:\/\/schema.org","@graph":[{"@type":"Article","@id":"https:\/\/lasentinelle.dz\/index.php\/2024\/05\/30\/le-massacre-se-poursuit-a-rafah\/#article","isPartOf":{"@id":"https:\/\/lasentinelle.dz\/index.php\/2024\/05\/30\/le-massacre-se-poursuit-a-rafah\/"},"author":{"name":"La Sentinelle","@id":"https:\/\/lasentinelle.dz\/#\/schema\/person\/d865044e22e70a75174ce8bcad3acfb3"},"headline":"Le massacre se poursuit \u00e0 Rafah","datePublished":"2024-05-30T13:56:00+00:00","dateModified":"2024-06-01T13:58:46+00:00","mainEntityOfPage":{"@id":"https:\/\/lasentinelle.dz\/index.php\/2024\/05\/30\/le-massacre-se-poursuit-a-rafah\/"},"wordCount":562,"commentCount":0,"publisher":{"@id":"https:\/\/lasentinelle.dz\/#organization"},"image":{"@id":"https:\/\/lasentinelle.dz\/index.php\/2024\/05\/30\/le-massacre-se-poursuit-a-rafah\/#primaryimage"},"thumbnailUrl":"https:\/\/lasentinelle.dz\/wp-content\/uploads\/2024\/05\/ghaza-1.webp","articleSection":["Actualit\u00e9"],"inLanguage":"fr-FR","potentialAction":[{"@type":"CommentAction","name":"Comment","target":["https:\/\/lasentinelle.dz\/index.php\/2024\/05\/30\/le-massacre-se-poursuit-a-rafah\/#respond"]}]},{"@type":"WebPage","@id":"https:\/\/lasentinelle.dz\/index.php\/2024\/05\/30\/le-massacre-se-poursuit-a-rafah\/","url":"https:\/\/lasentinelle.dz\/index.php\/2024\/05\/30\/le-massacre-se-poursuit-a-rafah\/","name":"Le massacre se poursuit \u00e0 Rafah - La Sentinelle","isPartOf":{"@id":"https:\/\/lasentinelle.dz\/#website"},"primaryImageOfPage":{"@id":"https:\/\/lasentinelle.dz\/index.php\/2024\/05\/30\/le-massacre-se-poursuit-a-rafah\/#primaryimage"},"image":{"@id":"https:\/\/lasentinelle.dz\/index.php\/2024\/05\/30\/le-massacre-se-poursuit-a-rafah\/#primaryimage"},"thumbnailUrl":"https:\/\/lasentinelle.dz\/wp-content\/uploads\/2024\/05\/ghaza-1.webp","datePublished":"2024-05-30T13:56:00+00:00","dateModified":"2024-06-01T13:58:46+00:00","breadcrumb":{"@id":"https:\/\/lasentinelle.dz\/index.php\/2024\/05\/30\/le-massacre-se-poursuit-a-rafah\/#breadcrumb"},"inLanguage":"fr-FR","potentialAction":[{"@type":"ReadAction","target":["https:\/\/lasentinelle.dz\/index.php\/2024\/05\/30\/le-massacre-se-poursuit-a-rafah\/"]}]},{"@type":"ImageObject","inLanguage":"fr-FR","@id":"https:\/\/lasentinelle.dz\/index.php\/2024\/05\/30\/le-massacre-se-poursuit-a-rafah\/#primaryimage","url":"https:\/\/lasentinelle.dz\/wp-content\/uploads\/2024\/05\/ghaza-1.webp","contentUrl":"https:\/\/lasentinelle.dz\/wp-content\/uploads\/2024\/05\/ghaza-1.webp","width":760,"height":507},{"@type":"BreadcrumbList","@id":"https:\/\/lasentinelle.dz\/index.php\/2024\/05\/30\/le-massacre-se-poursuit-a-rafah\/#breadcrumb","itemListElement":[{"@type":"ListItem","position":1,"name":"Accueil","item":"https:\/\/lasentinelle.dz\/"},{"@type":"ListItem","position":2,"name":"Le massacre se poursuit \u00e0 Rafah"}]},{"@type":"WebSite","@id":"https:\/\/lasentinelle.dz\/#website","url":"https:\/\/lasentinelle.dz\/","name":"La Sentinelle","description":"Quotidien national d&#039;information","publisher":{"@id":"https:\/\/lasentinelle.dz\/#organization"},"potentialAction":[{"@type":"SearchAction","target":{"@type":"EntryPoint","urlTemplate":"https:\/\/lasentinelle.dz\/?s={search_term_string}"},"query-input":{"@type":"PropertyValueSpecification","valueRequired":true,"valueName":"search_term_string"}}],"inLanguage":"fr-FR"},{"@type":"Organization","@id":"https:\/\/lasentinelle.dz\/#organization","name":"Quotidien La Sentinelle","url":"https:\/\/lasentinelle.dz\/","logo":{"@type":"ImageObject","inLanguage":"fr-FR","@id":"https:\/\/lasentinelle.dz\/#\/schema\/logo\/image\/","url":"https:\/\/lasentinelle.dz\/wp-content\/uploads\/2021\/09\/logo-sentinelleSLOGAN-1.png","contentUrl":"https:\/\/lasentinelle.dz\/wp-content\/uploads\/2021\/09\/logo-sentinelleSLOGAN-1.png","width":615,"height":142,"caption":"Quotidien La Sentinelle"},"image":{"@id":"https:\/\/lasentinelle.dz\/#\/schema\/logo\/image\/"},"sameAs":["https:\/\/www.facebook.com\/La-Sentinelle-104059864394773"]},{"@type":"Person","@id":"https:\/\/lasentinelle.dz\/#\/schema\/person\/d865044e22e70a75174ce8bcad3acfb3","name":"La Sentinelle","image":{"@type":"ImageObject","inLanguage":"fr-FR","@id":"https:\/\/secure.gravatar.com\/avatar\/57de8e5d4b15d43fb361a71fbb36338450fe67865b528a43dd10ef7c51a20392?s=96&d=mm&r=g","url":"https:\/\/secure.gravatar.com\/avatar\/57de8e5d4b15d43fb361a71fbb36338450fe67865b528a43dd10ef7c51a20392?s=96&d=mm&r=g","contentUrl":"https:\/\/secure.gravatar.com\/avatar\/57de8e5d4b15d43fb361a71fbb36338450fe67865b528a43dd10ef7c51a20392?s=96&d=mm&r=g","caption":"La Sentinelle"},"sameAs":["http:\/\/www.lasentinelle.dz"],"url":"https:\/\/lasentinelle.dz\/author\/redaction\/"}]}},"_links":{"self":[{"href":"https:\/\/lasentinelle.dz\/index.php\/wp-json\/wp\/v2\/posts\/53082","targetHints":{"allow":["GET"]}}],"collection":[{"href":"https:\/\/lasentinelle.dz\/index.php\/wp-json\/wp\/v2\/posts"}],"about":[{"href":"https:\/\/lasentinelle.dz\/index.php\/wp-json\/wp\/v2\/types\/post"}],"author":[{"embeddable":true,"href":"https:\/\/lasentinelle.dz\/index.php\/wp-json\/wp\/v2\/users\/3"}],"replies":[{"embeddable":true,"href":"https:\/\/lasentinelle.dz\/index.php\/wp-json\/wp\/v2\/comments?post=53082"}],"version-history":[{"count":1,"href":"https:\/\/lasentinelle.dz\/index.php\/wp-json\/wp\/v2\/posts\/53082\/revisions"}],"predecessor-version":[{"id":53084,"href":"https:\/\/lasentinelle.dz\/index.php\/wp-json\/wp\/v2\/posts\/53082\/revisions\/53084"}],"wp:featuredmedia":[{"embeddable":true,"href":"https:\/\/lasentinelle.dz\/index.php\/wp-json\/wp\/v2\/media\/52978"}],"wp:attachment":[{"href":"https:\/\/lasentinelle.dz\/index.php\/wp-json\/wp\/v2\/media?parent=53082"}],"wp:term":[{"taxonomy":"category","embeddable":true,"href":"https:\/\/lasentinelle.dz\/index.php\/wp-json\/wp\/v2\/categories?post=53082"},{"taxonomy":"post_tag","embeddable":true,"href":"https:\/\/lasentinelle.dz\/index.php\/wp-json\/wp\/v2\/tags?post=53082"}],"curies":[{"name":"wp","href":"https:\/\/api.w.org\/{rel}","templated":true}]}}