{"id":53116,"date":"2024-06-02T14:58:23","date_gmt":"2024-06-02T13:58:23","guid":{"rendered":"https:\/\/lasentinelle.dz\/?p=53116"},"modified":"2024-06-02T14:58:24","modified_gmt":"2024-06-02T13:58:24","slug":"opep-vers-un-maintien-des-reductions-de-production-jusquen-2025","status":"publish","type":"post","link":"https:\/\/lasentinelle.dz\/index.php\/2024\/06\/02\/opep-vers-un-maintien-des-reductions-de-production-jusquen-2025\/","title":{"rendered":"Opep+ : Vers un maintien des r\u00e9ductions de production jusqu\u2019en 2025"},"content":{"rendered":"\n<p>Les ministres de l\u2019Organisation des pays exportateurs de p\u00e9trole et de ses alli\u00e9s signataires de la D\u00e9claration de coop\u00e9ration devraient se r\u00e9unir aujourd\u2019hui. Pr\u00e9vue en visioconf\u00e9rence, la r\u00e9union devrait finalement se tenir en Arabie saoudite pour se pencher sur la politique de l\u2019offre de p\u00e9trole Opep+ pour les prochains mois. Une r\u00e9union qui devrait aboutir \u00e0 la prolongation des coupes de production jusqu\u2019en 2025, afin de stabiliser le march\u00e9 p\u00e9trolier.<\/p>\n\n\n\n<p>Selon l\u2019agence de presse britannique Reuters qui cite des sources de l\u2019alliance, l&rsquo;Arabie Saoudite a invit\u00e9 les ministres du p\u00e9trole de l&rsquo;OPEP+ \u00e0 Riyad pour tenir leur r\u00e9union afin de discuter d&rsquo;un accord complexe qui pourrait prolonger les r\u00e9ductions importantes de la production de p\u00e9trole jusqu&rsquo;en 2025. Selon la m\u00eame source, la r\u00e9union d\u2019aujourd\u2019hui devrait aboutir \u00e0 un accord sur la reconduction des coupes pr\u00e9vues dans le cadre des accords Opep+, mais aussi les coupes volontaires op\u00e9r\u00e9es par certains membres de l\u2019alliance et qui arrivent \u00e0 \u00e9ch\u00e9ance \u00e0 la fin de ce mois de juin. Il est utile de rappeler, dans ce sens, que l&rsquo;OPEP+ retire du march\u00e9 5,86 millions de barils par jour, soit environ 5,7 % de la demande mondiale. Les r\u00e9ductions incluent 3,66 millions de barils par jour op\u00e9r\u00e9es par tous les membres de l&rsquo;OPEP+ &nbsp;pr\u00e9vues par l\u2019accord et valables jusqu&rsquo;\u00e0 la fin de 2024, ainsi que 2,2 millions de barils par jour de r\u00e9ductions volontaires suppl\u00e9mentaires par certains membres qui expirent fin juin. Selon trois sources proches de l\u2019Opep+ cit\u00e9es par Reuters, un accord pourrait inclure la prolongation de certaines ou de toutes les r\u00e9ductions de 3,66 millions de barils par jour jusqu&rsquo;en 2025 et de certaines ou de toutes les r\u00e9ductions volontaires jusqu&rsquo;au troisi\u00e8me ou quatri\u00e8me trimestre de 2024. La prolongation de certaines r\u00e9ductions jusqu&rsquo;\u00e0 l&rsquo;ann\u00e9e prochaine sera probablement conditionn\u00e9e \u00e0 l&rsquo;accord de l&rsquo;OPEP+ sur de nouvelles capacit\u00e9s de production des membres individuels plus tard en 2024, ont par ailleurs d\u00e9clar\u00e9 deux des sources. Il faut dire que la question des capacit\u00e9s de production des membres a plusieurs fois compliqu\u00e9 les discussions au sein de l\u2019alliance, dans la mesure o\u00f9 les r\u00e9ductions sont calcul\u00e9es \u00e0 partir de quotas fix\u00e9s selon ces capacit\u00e9s. Cette question a d\u00e9j\u00e0 abouti \u00e0 la r\u00e9vision du seuil de r\u00e9duction des \u00c9mirats arabes unis en juin 2023, puis a fait l\u2019objet de divergences avec certains producteurs africains au mois de novembre dernier. Plus r\u00e9cemment, l\u2019Irak qui a r\u00e9cemment attribu\u00e9 des licences d\u2019explorations et le Kazakhstan ont \u00e9mis certaines r\u00e9ticences quant \u00e0 la perspective d\u2019aller plus loin dans la r\u00e9duction de la production, d\u2019autant plus que ces deux pays \u00e9pingl\u00e9s pour le non-respect de leurs engagements sont tenus de r\u00e9duire encore plus leurs extractions de p\u00e9trole pour compenser la surproduction.<\/p>\n\n\n\n<p>Sur les march\u00e9s, les prix du p\u00e9trole se sont repli\u00e9s vendredi. Le prix du baril de Brent de la mer du Nord, pour livraison en juillet, dont c&rsquo;est le dernier jour d&rsquo;utilisation comme contrat de r\u00e9f\u00e9rence, a c\u00e9d\u00e9 0,29% \u00e0 81,62 dollars. Son \u00e9quivalent am\u00e9ricain, le baril de West Texas Intermediate (WTI), pour livraison le m\u00eame mois, a recul\u00e9 de 1,18% \u00e0 76,99 dollars. Des donn\u00e9es m\u00e9diocres en provenance de Chine ont aussi pes\u00e9 sur le march\u00e9.<\/p>\n\n\n\n<p>Samira Ghrib<\/p>\n","protected":false},"excerpt":{"rendered":"<p>Les ministres de l\u2019Organisation des pays exportateurs de p\u00e9trole et de ses alli\u00e9s signataires de la D\u00e9claration de coop\u00e9ration devraient<\/p>\n","protected":false},"author":3,"featured_media":28917,"comment_status":"open","ping_status":"closed","sticky":false,"template":"","format":"standard","meta":{"colormag_page_container_layout":"default_layout","colormag_page_sidebar_layout":"default_layout","om_disable_all_campaigns":false,"_monsterinsights_skip_tracking":false,"_monsterinsights_sitenote_active":false,"_monsterinsights_sitenote_note":"","_monsterinsights_sitenote_category":0,"footnotes":"","_wpscppro_dont_share_socialmedia":false,"_wpscppro_custom_social_share_image":0,"_facebook_share_type":"default","_twitter_share_type":"default","_linkedin_share_type":"default","_pinterest_share_type":"default","_linkedin_share_type_page":"","_instagram_share_type":"default","_medium_share_type":"","_threads_share_type":"","_google_business_share_type":"","_selected_social_profile":[],"_wpsp_enable_custom_social_template":false,"_wpsp_social_scheduling":{"enabled":false,"datetime":null,"platforms":[],"status":"template_only","dateOption":"today","timeOption":"now","customDays":"","customHours":"","customDate":"","customTime":"","schedulingType":"absolute"},"_wpsp_active_default_template":true},"categories":[52,29],"tags":[],"class_list":["post-53116","post","type-post","status-publish","format-standard","has-post-thumbnail","hentry","category-a-la-une","category-economie"],"aioseo_notices":[],"yoast_head":"<!-- This site is optimized with the Yoast SEO plugin v27.5 - https:\/\/yoast.com\/product\/yoast-seo-wordpress\/ -->\n<title>Opep+ : Vers un maintien des r\u00e9ductions de production jusqu\u2019en 2025 - La Sentinelle<\/title>\n<meta name=\"robots\" content=\"index, follow, max-snippet:-1, max-image-preview:large, max-video-preview:-1\" \/>\n<link rel=\"canonical\" href=\"https:\/\/lasentinelle.dz\/index.php\/2024\/06\/02\/opep-vers-un-maintien-des-reductions-de-production-jusquen-2025\/\" \/>\n<meta property=\"og:locale\" content=\"fr_FR\" \/>\n<meta property=\"og:type\" content=\"article\" \/>\n<meta property=\"og:title\" content=\"Opep+ : Vers un maintien des r\u00e9ductions de production jusqu\u2019en 2025 - La Sentinelle\" \/>\n<meta property=\"og:description\" content=\"Les ministres de l\u2019Organisation des pays exportateurs de p\u00e9trole et de ses alli\u00e9s signataires de la D\u00e9claration de coop\u00e9ration devraient\" \/>\n<meta property=\"og:url\" content=\"https:\/\/lasentinelle.dz\/index.php\/2024\/06\/02\/opep-vers-un-maintien-des-reductions-de-production-jusquen-2025\/\" \/>\n<meta property=\"og:site_name\" content=\"La Sentinelle\" \/>\n<meta property=\"article:publisher\" content=\"https:\/\/www.facebook.com\/La-Sentinelle-104059864394773\" \/>\n<meta property=\"article:published_time\" content=\"2024-06-02T13:58:23+00:00\" \/>\n<meta property=\"article:modified_time\" content=\"2024-06-02T13:58:24+00:00\" \/>\n<meta property=\"og:image\" content=\"https:\/\/lasentinelle.dz\/wp-content\/uploads\/2022\/10\/Opec.png\" \/>\n\t<meta property=\"og:image:width\" content=\"1311\" \/>\n\t<meta property=\"og:image:height\" content=\"900\" \/>\n\t<meta property=\"og:image:type\" content=\"image\/png\" \/>\n<meta name=\"author\" content=\"La Sentinelle\" \/>\n<meta name=\"twitter:card\" content=\"summary_large_image\" \/>\n<meta name=\"twitter:label1\" content=\"\u00c9crit par\" \/>\n\t<meta name=\"twitter:data1\" content=\"La Sentinelle\" \/>\n\t<meta name=\"twitter:label2\" content=\"Dur\u00e9e de lecture estim\u00e9e\" \/>\n\t<meta name=\"twitter:data2\" content=\"3 minutes\" \/>\n<script type=\"application\/ld+json\" class=\"yoast-schema-graph\">{\"@context\":\"https:\\\/\\\/schema.org\",\"@graph\":[{\"@type\":\"Article\",\"@id\":\"https:\\\/\\\/lasentinelle.dz\\\/index.php\\\/2024\\\/06\\\/02\\\/opep-vers-un-maintien-des-reductions-de-production-jusquen-2025\\\/#article\",\"isPartOf\":{\"@id\":\"https:\\\/\\\/lasentinelle.dz\\\/index.php\\\/2024\\\/06\\\/02\\\/opep-vers-un-maintien-des-reductions-de-production-jusquen-2025\\\/\"},\"author\":{\"name\":\"La Sentinelle\",\"@id\":\"https:\\\/\\\/lasentinelle.dz\\\/#\\\/schema\\\/person\\\/d865044e22e70a75174ce8bcad3acfb3\"},\"headline\":\"Opep+ : Vers un maintien des r\u00e9ductions de production jusqu\u2019en 2025\",\"datePublished\":\"2024-06-02T13:58:23+00:00\",\"dateModified\":\"2024-06-02T13:58:24+00:00\",\"mainEntityOfPage\":{\"@id\":\"https:\\\/\\\/lasentinelle.dz\\\/index.php\\\/2024\\\/06\\\/02\\\/opep-vers-un-maintien-des-reductions-de-production-jusquen-2025\\\/\"},\"wordCount\":603,\"commentCount\":0,\"publisher\":{\"@id\":\"https:\\\/\\\/lasentinelle.dz\\\/#organization\"},\"image\":{\"@id\":\"https:\\\/\\\/lasentinelle.dz\\\/index.php\\\/2024\\\/06\\\/02\\\/opep-vers-un-maintien-des-reductions-de-production-jusquen-2025\\\/#primaryimage\"},\"thumbnailUrl\":\"https:\\\/\\\/lasentinelle.dz\\\/wp-content\\\/uploads\\\/2022\\\/10\\\/Opec.png\",\"articleSection\":[\"\u00c0 la Une\",\"\u00c9conomie\"],\"inLanguage\":\"fr-FR\",\"potentialAction\":[{\"@type\":\"CommentAction\",\"name\":\"Comment\",\"target\":[\"https:\\\/\\\/lasentinelle.dz\\\/index.php\\\/2024\\\/06\\\/02\\\/opep-vers-un-maintien-des-reductions-de-production-jusquen-2025\\\/#respond\"]}]},{\"@type\":\"WebPage\",\"@id\":\"https:\\\/\\\/lasentinelle.dz\\\/index.php\\\/2024\\\/06\\\/02\\\/opep-vers-un-maintien-des-reductions-de-production-jusquen-2025\\\/\",\"url\":\"https:\\\/\\\/lasentinelle.dz\\\/index.php\\\/2024\\\/06\\\/02\\\/opep-vers-un-maintien-des-reductions-de-production-jusquen-2025\\\/\",\"name\":\"Opep+ : Vers un maintien des r\u00e9ductions de production jusqu\u2019en 2025 - La Sentinelle\",\"isPartOf\":{\"@id\":\"https:\\\/\\\/lasentinelle.dz\\\/#website\"},\"primaryImageOfPage\":{\"@id\":\"https:\\\/\\\/lasentinelle.dz\\\/index.php\\\/2024\\\/06\\\/02\\\/opep-vers-un-maintien-des-reductions-de-production-jusquen-2025\\\/#primaryimage\"},\"image\":{\"@id\":\"https:\\\/\\\/lasentinelle.dz\\\/index.php\\\/2024\\\/06\\\/02\\\/opep-vers-un-maintien-des-reductions-de-production-jusquen-2025\\\/#primaryimage\"},\"thumbnailUrl\":\"https:\\\/\\\/lasentinelle.dz\\\/wp-content\\\/uploads\\\/2022\\\/10\\\/Opec.png\",\"datePublished\":\"2024-06-02T13:58:23+00:00\",\"dateModified\":\"2024-06-02T13:58:24+00:00\",\"breadcrumb\":{\"@id\":\"https:\\\/\\\/lasentinelle.dz\\\/index.php\\\/2024\\\/06\\\/02\\\/opep-vers-un-maintien-des-reductions-de-production-jusquen-2025\\\/#breadcrumb\"},\"inLanguage\":\"fr-FR\",\"potentialAction\":[{\"@type\":\"ReadAction\",\"target\":[\"https:\\\/\\\/lasentinelle.dz\\\/index.php\\\/2024\\\/06\\\/02\\\/opep-vers-un-maintien-des-reductions-de-production-jusquen-2025\\\/\"]}]},{\"@type\":\"ImageObject\",\"inLanguage\":\"fr-FR\",\"@id\":\"https:\\\/\\\/lasentinelle.dz\\\/index.php\\\/2024\\\/06\\\/02\\\/opep-vers-un-maintien-des-reductions-de-production-jusquen-2025\\\/#primaryimage\",\"url\":\"https:\\\/\\\/lasentinelle.dz\\\/wp-content\\\/uploads\\\/2022\\\/10\\\/Opec.png\",\"contentUrl\":\"https:\\\/\\\/lasentinelle.dz\\\/wp-content\\\/uploads\\\/2022\\\/10\\\/Opec.png\",\"width\":1311,\"height\":900},{\"@type\":\"BreadcrumbList\",\"@id\":\"https:\\\/\\\/lasentinelle.dz\\\/index.php\\\/2024\\\/06\\\/02\\\/opep-vers-un-maintien-des-reductions-de-production-jusquen-2025\\\/#breadcrumb\",\"itemListElement\":[{\"@type\":\"ListItem\",\"position\":1,\"name\":\"Accueil\",\"item\":\"https:\\\/\\\/lasentinelle.dz\\\/\"},{\"@type\":\"ListItem\",\"position\":2,\"name\":\"Opep+ : Vers un maintien des r\u00e9ductions de production jusqu\u2019en 2025\"}]},{\"@type\":\"WebSite\",\"@id\":\"https:\\\/\\\/lasentinelle.dz\\\/#website\",\"url\":\"https:\\\/\\\/lasentinelle.dz\\\/\",\"name\":\"La Sentinelle\",\"description\":\"Quotidien national d&#039;information\",\"publisher\":{\"@id\":\"https:\\\/\\\/lasentinelle.dz\\\/#organization\"},\"potentialAction\":[{\"@type\":\"SearchAction\",\"target\":{\"@type\":\"EntryPoint\",\"urlTemplate\":\"https:\\\/\\\/lasentinelle.dz\\\/?s={search_term_string}\"},\"query-input\":{\"@type\":\"PropertyValueSpecification\",\"valueRequired\":true,\"valueName\":\"search_term_string\"}}],\"inLanguage\":\"fr-FR\"},{\"@type\":\"Organization\",\"@id\":\"https:\\\/\\\/lasentinelle.dz\\\/#organization\",\"name\":\"Quotidien La Sentinelle\",\"url\":\"https:\\\/\\\/lasentinelle.dz\\\/\",\"logo\":{\"@type\":\"ImageObject\",\"inLanguage\":\"fr-FR\",\"@id\":\"https:\\\/\\\/lasentinelle.dz\\\/#\\\/schema\\\/logo\\\/image\\\/\",\"url\":\"https:\\\/\\\/lasentinelle.dz\\\/wp-content\\\/uploads\\\/2021\\\/09\\\/logo-sentinelleSLOGAN-1.png\",\"contentUrl\":\"https:\\\/\\\/lasentinelle.dz\\\/wp-content\\\/uploads\\\/2021\\\/09\\\/logo-sentinelleSLOGAN-1.png\",\"width\":615,\"height\":142,\"caption\":\"Quotidien La Sentinelle\"},\"image\":{\"@id\":\"https:\\\/\\\/lasentinelle.dz\\\/#\\\/schema\\\/logo\\\/image\\\/\"},\"sameAs\":[\"https:\\\/\\\/www.facebook.com\\\/La-Sentinelle-104059864394773\"]},{\"@type\":\"Person\",\"@id\":\"https:\\\/\\\/lasentinelle.dz\\\/#\\\/schema\\\/person\\\/d865044e22e70a75174ce8bcad3acfb3\",\"name\":\"La Sentinelle\",\"image\":{\"@type\":\"ImageObject\",\"inLanguage\":\"fr-FR\",\"@id\":\"https:\\\/\\\/secure.gravatar.com\\\/avatar\\\/57de8e5d4b15d43fb361a71fbb36338450fe67865b528a43dd10ef7c51a20392?s=96&d=mm&r=g\",\"url\":\"https:\\\/\\\/secure.gravatar.com\\\/avatar\\\/57de8e5d4b15d43fb361a71fbb36338450fe67865b528a43dd10ef7c51a20392?s=96&d=mm&r=g\",\"contentUrl\":\"https:\\\/\\\/secure.gravatar.com\\\/avatar\\\/57de8e5d4b15d43fb361a71fbb36338450fe67865b528a43dd10ef7c51a20392?s=96&d=mm&r=g\",\"caption\":\"La Sentinelle\"},\"sameAs\":[\"http:\\\/\\\/www.lasentinelle.dz\"],\"url\":\"https:\\\/\\\/lasentinelle.dz\\\/author\\\/redaction\\\/\"}]}<\/script>\n<!-- \/ Yoast SEO plugin. -->","yoast_head_json":{"title":"Opep+ : Vers un maintien des r\u00e9ductions de production jusqu\u2019en 2025 - La Sentinelle","robots":{"index":"index","follow":"follow","max-snippet":"max-snippet:-1","max-image-preview":"max-image-preview:large","max-video-preview":"max-video-preview:-1"},"canonical":"https:\/\/lasentinelle.dz\/index.php\/2024\/06\/02\/opep-vers-un-maintien-des-reductions-de-production-jusquen-2025\/","og_locale":"fr_FR","og_type":"article","og_title":"Opep+ : Vers un maintien des r\u00e9ductions de production jusqu\u2019en 2025 - La Sentinelle","og_description":"Les ministres de l\u2019Organisation des pays exportateurs de p\u00e9trole et de ses alli\u00e9s signataires de la D\u00e9claration de coop\u00e9ration devraient","og_url":"https:\/\/lasentinelle.dz\/index.php\/2024\/06\/02\/opep-vers-un-maintien-des-reductions-de-production-jusquen-2025\/","og_site_name":"La Sentinelle","article_publisher":"https:\/\/www.facebook.com\/La-Sentinelle-104059864394773","article_published_time":"2024-06-02T13:58:23+00:00","article_modified_time":"2024-06-02T13:58:24+00:00","og_image":[{"width":1311,"height":900,"url":"https:\/\/lasentinelle.dz\/wp-content\/uploads\/2022\/10\/Opec.png","type":"image\/png"}],"author":"La Sentinelle","twitter_card":"summary_large_image","twitter_misc":{"\u00c9crit par":"La Sentinelle","Dur\u00e9e de lecture estim\u00e9e":"3 minutes"},"schema":{"@context":"https:\/\/schema.org","@graph":[{"@type":"Article","@id":"https:\/\/lasentinelle.dz\/index.php\/2024\/06\/02\/opep-vers-un-maintien-des-reductions-de-production-jusquen-2025\/#article","isPartOf":{"@id":"https:\/\/lasentinelle.dz\/index.php\/2024\/06\/02\/opep-vers-un-maintien-des-reductions-de-production-jusquen-2025\/"},"author":{"name":"La Sentinelle","@id":"https:\/\/lasentinelle.dz\/#\/schema\/person\/d865044e22e70a75174ce8bcad3acfb3"},"headline":"Opep+ : Vers un maintien des r\u00e9ductions de production jusqu\u2019en 2025","datePublished":"2024-06-02T13:58:23+00:00","dateModified":"2024-06-02T13:58:24+00:00","mainEntityOfPage":{"@id":"https:\/\/lasentinelle.dz\/index.php\/2024\/06\/02\/opep-vers-un-maintien-des-reductions-de-production-jusquen-2025\/"},"wordCount":603,"commentCount":0,"publisher":{"@id":"https:\/\/lasentinelle.dz\/#organization"},"image":{"@id":"https:\/\/lasentinelle.dz\/index.php\/2024\/06\/02\/opep-vers-un-maintien-des-reductions-de-production-jusquen-2025\/#primaryimage"},"thumbnailUrl":"https:\/\/lasentinelle.dz\/wp-content\/uploads\/2022\/10\/Opec.png","articleSection":["\u00c0 la Une","\u00c9conomie"],"inLanguage":"fr-FR","potentialAction":[{"@type":"CommentAction","name":"Comment","target":["https:\/\/lasentinelle.dz\/index.php\/2024\/06\/02\/opep-vers-un-maintien-des-reductions-de-production-jusquen-2025\/#respond"]}]},{"@type":"WebPage","@id":"https:\/\/lasentinelle.dz\/index.php\/2024\/06\/02\/opep-vers-un-maintien-des-reductions-de-production-jusquen-2025\/","url":"https:\/\/lasentinelle.dz\/index.php\/2024\/06\/02\/opep-vers-un-maintien-des-reductions-de-production-jusquen-2025\/","name":"Opep+ : Vers un maintien des r\u00e9ductions de production jusqu\u2019en 2025 - La Sentinelle","isPartOf":{"@id":"https:\/\/lasentinelle.dz\/#website"},"primaryImageOfPage":{"@id":"https:\/\/lasentinelle.dz\/index.php\/2024\/06\/02\/opep-vers-un-maintien-des-reductions-de-production-jusquen-2025\/#primaryimage"},"image":{"@id":"https:\/\/lasentinelle.dz\/index.php\/2024\/06\/02\/opep-vers-un-maintien-des-reductions-de-production-jusquen-2025\/#primaryimage"},"thumbnailUrl":"https:\/\/lasentinelle.dz\/wp-content\/uploads\/2022\/10\/Opec.png","datePublished":"2024-06-02T13:58:23+00:00","dateModified":"2024-06-02T13:58:24+00:00","breadcrumb":{"@id":"https:\/\/lasentinelle.dz\/index.php\/2024\/06\/02\/opep-vers-un-maintien-des-reductions-de-production-jusquen-2025\/#breadcrumb"},"inLanguage":"fr-FR","potentialAction":[{"@type":"ReadAction","target":["https:\/\/lasentinelle.dz\/index.php\/2024\/06\/02\/opep-vers-un-maintien-des-reductions-de-production-jusquen-2025\/"]}]},{"@type":"ImageObject","inLanguage":"fr-FR","@id":"https:\/\/lasentinelle.dz\/index.php\/2024\/06\/02\/opep-vers-un-maintien-des-reductions-de-production-jusquen-2025\/#primaryimage","url":"https:\/\/lasentinelle.dz\/wp-content\/uploads\/2022\/10\/Opec.png","contentUrl":"https:\/\/lasentinelle.dz\/wp-content\/uploads\/2022\/10\/Opec.png","width":1311,"height":900},{"@type":"BreadcrumbList","@id":"https:\/\/lasentinelle.dz\/index.php\/2024\/06\/02\/opep-vers-un-maintien-des-reductions-de-production-jusquen-2025\/#breadcrumb","itemListElement":[{"@type":"ListItem","position":1,"name":"Accueil","item":"https:\/\/lasentinelle.dz\/"},{"@type":"ListItem","position":2,"name":"Opep+ : Vers un maintien des r\u00e9ductions de production jusqu\u2019en 2025"}]},{"@type":"WebSite","@id":"https:\/\/lasentinelle.dz\/#website","url":"https:\/\/lasentinelle.dz\/","name":"La Sentinelle","description":"Quotidien national d&#039;information","publisher":{"@id":"https:\/\/lasentinelle.dz\/#organization"},"potentialAction":[{"@type":"SearchAction","target":{"@type":"EntryPoint","urlTemplate":"https:\/\/lasentinelle.dz\/?s={search_term_string}"},"query-input":{"@type":"PropertyValueSpecification","valueRequired":true,"valueName":"search_term_string"}}],"inLanguage":"fr-FR"},{"@type":"Organization","@id":"https:\/\/lasentinelle.dz\/#organization","name":"Quotidien La Sentinelle","url":"https:\/\/lasentinelle.dz\/","logo":{"@type":"ImageObject","inLanguage":"fr-FR","@id":"https:\/\/lasentinelle.dz\/#\/schema\/logo\/image\/","url":"https:\/\/lasentinelle.dz\/wp-content\/uploads\/2021\/09\/logo-sentinelleSLOGAN-1.png","contentUrl":"https:\/\/lasentinelle.dz\/wp-content\/uploads\/2021\/09\/logo-sentinelleSLOGAN-1.png","width":615,"height":142,"caption":"Quotidien La Sentinelle"},"image":{"@id":"https:\/\/lasentinelle.dz\/#\/schema\/logo\/image\/"},"sameAs":["https:\/\/www.facebook.com\/La-Sentinelle-104059864394773"]},{"@type":"Person","@id":"https:\/\/lasentinelle.dz\/#\/schema\/person\/d865044e22e70a75174ce8bcad3acfb3","name":"La Sentinelle","image":{"@type":"ImageObject","inLanguage":"fr-FR","@id":"https:\/\/secure.gravatar.com\/avatar\/57de8e5d4b15d43fb361a71fbb36338450fe67865b528a43dd10ef7c51a20392?s=96&d=mm&r=g","url":"https:\/\/secure.gravatar.com\/avatar\/57de8e5d4b15d43fb361a71fbb36338450fe67865b528a43dd10ef7c51a20392?s=96&d=mm&r=g","contentUrl":"https:\/\/secure.gravatar.com\/avatar\/57de8e5d4b15d43fb361a71fbb36338450fe67865b528a43dd10ef7c51a20392?s=96&d=mm&r=g","caption":"La Sentinelle"},"sameAs":["http:\/\/www.lasentinelle.dz"],"url":"https:\/\/lasentinelle.dz\/author\/redaction\/"}]}},"_links":{"self":[{"href":"https:\/\/lasentinelle.dz\/index.php\/wp-json\/wp\/v2\/posts\/53116","targetHints":{"allow":["GET"]}}],"collection":[{"href":"https:\/\/lasentinelle.dz\/index.php\/wp-json\/wp\/v2\/posts"}],"about":[{"href":"https:\/\/lasentinelle.dz\/index.php\/wp-json\/wp\/v2\/types\/post"}],"author":[{"embeddable":true,"href":"https:\/\/lasentinelle.dz\/index.php\/wp-json\/wp\/v2\/users\/3"}],"replies":[{"embeddable":true,"href":"https:\/\/lasentinelle.dz\/index.php\/wp-json\/wp\/v2\/comments?post=53116"}],"version-history":[{"count":1,"href":"https:\/\/lasentinelle.dz\/index.php\/wp-json\/wp\/v2\/posts\/53116\/revisions"}],"predecessor-version":[{"id":53117,"href":"https:\/\/lasentinelle.dz\/index.php\/wp-json\/wp\/v2\/posts\/53116\/revisions\/53117"}],"wp:featuredmedia":[{"embeddable":true,"href":"https:\/\/lasentinelle.dz\/index.php\/wp-json\/wp\/v2\/media\/28917"}],"wp:attachment":[{"href":"https:\/\/lasentinelle.dz\/index.php\/wp-json\/wp\/v2\/media?parent=53116"}],"wp:term":[{"taxonomy":"category","embeddable":true,"href":"https:\/\/lasentinelle.dz\/index.php\/wp-json\/wp\/v2\/categories?post=53116"},{"taxonomy":"post_tag","embeddable":true,"href":"https:\/\/lasentinelle.dz\/index.php\/wp-json\/wp\/v2\/tags?post=53116"}],"curies":[{"name":"wp","href":"https:\/\/api.w.org\/{rel}","templated":true}]}}