{"id":53209,"date":"2024-06-04T16:21:45","date_gmt":"2024-06-04T15:21:45","guid":{"rendered":"https:\/\/lasentinelle.dz\/?p=53209"},"modified":"2024-06-04T16:21:49","modified_gmt":"2024-06-04T15:21:49","slug":"eliminatoire-du-mondial-2026-lorsque-lafrique-manque-de-stades","status":"publish","type":"post","link":"https:\/\/lasentinelle.dz\/index.php\/2024\/06\/04\/eliminatoire-du-mondial-2026-lorsque-lafrique-manque-de-stades\/","title":{"rendered":"\u00c9liminatoire du Mondial-2026\u00a0: Lorsque l\u2019Afrique manque de stades"},"content":{"rendered":"\n<p>Pas moins de 17 \u00e9quipes africaines devant jouer les qualifications pour la coupe du monde de football seront interdits de jouer dans leurs pays car leurs stades ne sont pas homologu\u00e9s.<\/p>\n\n\n\n<p>17 \u00e9quipes engag\u00e9es aux qualifications africaines de la Coupe du monde 2026 de football, \u00e0 l\u2019occasion des 3e et 4e journ\u00e9es, pr\u00e9vues entre le 5 et 11 juin, sont contraintes de jouer en dehors de leurs bases, faute de stades homologu\u00e9s par la Conf\u00e9d\u00e9ration africaine (CAF), rapporte le journal sportif L\u2019\u00c9quipe paru dimanche.&nbsp; En effet, quelques 17 pays des 43 qui ont pr\u00e9vu un match \u00e0 domicile de qualification pour le Mondial 2026 \u00e0 partir de mercredi, se voient interdire d\u2019utiliser leurs propres stades parce que ces derniers ne sont pas aux normes exig\u00e9es. L\u2019Alg\u00e9rie n\u2019est pas concern\u00e9e par cette interdiction car elle est dot\u00e9e d\u2019au moins quatre stades homologu\u00e9s dont le stade Nelson Mandela qui offre toutes les commodit\u00e9s d\u2019accueil des supporters et les infrastructures pour le bon d\u00e9roulement des matchs. La liste comprend le Kenya, l\u2019un des trois pays co-organisateurs de la Coupe d\u2019Afrique des Nations CAN-2027, et le B\u00e9nin, dont le stade de Cotonou est en mauvais \u00e9tat, moins de deux ans apr\u00e8s une r\u00e9novation majeure. La CAF a adopt\u00e9 une position ferme concernant les installations en retard au cours des deux derni\u00e8res ann\u00e9es, dans le but de forcer les pays \u00e0 am\u00e9liorer les conditions du terrain et d\u2019autres installations, telles que les vestiaires et l\u2019\u00e9clairage des stades. M\u00eame si cela a incit\u00e9 certains \u00e0 agir et a pu conduire \u00e0 des r\u00e9novations de stades, d\u2019autres pays ont progress\u00e9 lentement, voire pas du tout, et ont ainsi perdu l\u2019avantage de leur terrain pour les qualifications comp\u00e9titives, pr\u00e9cise la m\u00eame source. Nous devons impliquer toutes les parties prenantes au sein du gouvernement, du secteur priv\u00e9, tous ceux qui disent avoir le football dans leur c\u0153ur, car il n\u2019 y a aucun moyen de se qualifier pour la Coupe du monde en jouant dix matches \u00e0 l\u2019ext\u00e9rieur. Ce n\u2019est pas possible tant que nous n\u2019avons pas r\u00e9par\u00e9 les stades, a d\u00e9clar\u00e9 le s\u00e9lectionneur namibien Collin Benjamin, qui a jou\u00e9 pour la derni\u00e8re fois dans la capitale Windhoek en mars 2021. L\u2019Afrique du Sud est une destination privil\u00e9gi\u00e9e pour les pays ayant besoin d\u2019un site, mais les exploitants de stades facturent des frais aux associations de football, r\u00e9duisant ainsi les budgets d\u00e9j\u00e0 serr\u00e9s. Le B\u00e9nin, le Congo et Madagascar sont les derniers pays \u00e0 avoir \u00e9t\u00e9 interdits d\u2019utiliser leurs stades. Le Soudan du Sud, lui, mettra fin \u00e0 un long exil en jouant chez lui dans un stade nouvellement construit \u00e0 Juba, lors de son derby du Groupe B, contre son voisin soudanais le 11 juin.<\/p>\n\n\n\n<p>R.S<\/p>\n","protected":false},"excerpt":{"rendered":"<p>Pas moins de 17 \u00e9quipes africaines devant jouer les qualifications pour la coupe du monde de football seront interdits de<\/p>\n","protected":false},"author":3,"featured_media":53210,"comment_status":"open","ping_status":"closed","sticky":false,"template":"","format":"standard","meta":{"colormag_page_container_layout":"default_layout","colormag_page_sidebar_layout":"default_layout","om_disable_all_campaigns":false,"_monsterinsights_skip_tracking":false,"_monsterinsights_sitenote_active":false,"_monsterinsights_sitenote_note":"","_monsterinsights_sitenote_category":0,"footnotes":"","_wpscppro_dont_share_socialmedia":false,"_wpscppro_custom_social_share_image":0,"_facebook_share_type":"default","_twitter_share_type":"default","_linkedin_share_type":"default","_pinterest_share_type":"default","_linkedin_share_type_page":"","_instagram_share_type":"default","_medium_share_type":"","_threads_share_type":"","_google_business_share_type":"","_selected_social_profile":[],"_wpsp_enable_custom_social_template":false,"_wpsp_social_scheduling":{"enabled":false,"datetime":null,"platforms":[],"status":"template_only","dateOption":"today","timeOption":"now","customDays":"","customHours":"","customDate":"","customTime":"","schedulingType":"absolute"},"_wpsp_active_default_template":true},"categories":[33],"tags":[],"class_list":["post-53209","post","type-post","status-publish","format-standard","has-post-thumbnail","hentry","category-sports"],"aioseo_notices":[],"yoast_head":"<!-- This site is optimized with the Yoast SEO plugin v27.5 - https:\/\/yoast.com\/product\/yoast-seo-wordpress\/ -->\n<title>\u00c9liminatoire du Mondial-2026\u00a0: Lorsque l\u2019Afrique manque de stades - La Sentinelle<\/title>\n<meta name=\"robots\" content=\"index, follow, max-snippet:-1, max-image-preview:large, max-video-preview:-1\" \/>\n<link rel=\"canonical\" href=\"https:\/\/lasentinelle.dz\/index.php\/2024\/06\/04\/eliminatoire-du-mondial-2026-lorsque-lafrique-manque-de-stades\/\" \/>\n<meta property=\"og:locale\" content=\"fr_FR\" \/>\n<meta property=\"og:type\" content=\"article\" \/>\n<meta property=\"og:title\" content=\"\u00c9liminatoire du Mondial-2026\u00a0: Lorsque l\u2019Afrique manque de stades - La Sentinelle\" \/>\n<meta property=\"og:description\" content=\"Pas moins de 17 \u00e9quipes africaines devant jouer les qualifications pour la coupe du monde de football seront interdits de\" \/>\n<meta property=\"og:url\" content=\"https:\/\/lasentinelle.dz\/index.php\/2024\/06\/04\/eliminatoire-du-mondial-2026-lorsque-lafrique-manque-de-stades\/\" \/>\n<meta property=\"og:site_name\" content=\"La Sentinelle\" \/>\n<meta property=\"article:publisher\" content=\"https:\/\/www.facebook.com\/La-Sentinelle-104059864394773\" \/>\n<meta property=\"article:published_time\" content=\"2024-06-04T15:21:45+00:00\" \/>\n<meta property=\"article:modified_time\" content=\"2024-06-04T15:21:49+00:00\" \/>\n<meta property=\"og:image\" content=\"https:\/\/lasentinelle.dz\/wp-content\/uploads\/2024\/06\/stade.jpeg\" \/>\n\t<meta property=\"og:image:width\" content=\"718\" \/>\n\t<meta property=\"og:image:height\" content=\"406\" \/>\n\t<meta property=\"og:image:type\" content=\"image\/jpeg\" \/>\n<meta name=\"author\" content=\"La Sentinelle\" \/>\n<meta name=\"twitter:card\" content=\"summary_large_image\" \/>\n<meta name=\"twitter:label1\" content=\"\u00c9crit par\" \/>\n\t<meta name=\"twitter:data1\" content=\"La Sentinelle\" \/>\n\t<meta name=\"twitter:label2\" content=\"Dur\u00e9e de lecture estim\u00e9e\" \/>\n\t<meta name=\"twitter:data2\" content=\"3 minutes\" \/>\n<script type=\"application\/ld+json\" class=\"yoast-schema-graph\">{\"@context\":\"https:\\\/\\\/schema.org\",\"@graph\":[{\"@type\":\"Article\",\"@id\":\"https:\\\/\\\/lasentinelle.dz\\\/index.php\\\/2024\\\/06\\\/04\\\/eliminatoire-du-mondial-2026-lorsque-lafrique-manque-de-stades\\\/#article\",\"isPartOf\":{\"@id\":\"https:\\\/\\\/lasentinelle.dz\\\/index.php\\\/2024\\\/06\\\/04\\\/eliminatoire-du-mondial-2026-lorsque-lafrique-manque-de-stades\\\/\"},\"author\":{\"name\":\"La Sentinelle\",\"@id\":\"https:\\\/\\\/lasentinelle.dz\\\/#\\\/schema\\\/person\\\/d865044e22e70a75174ce8bcad3acfb3\"},\"headline\":\"\u00c9liminatoire du Mondial-2026\u00a0: Lorsque l\u2019Afrique manque de stades\",\"datePublished\":\"2024-06-04T15:21:45+00:00\",\"dateModified\":\"2024-06-04T15:21:49+00:00\",\"mainEntityOfPage\":{\"@id\":\"https:\\\/\\\/lasentinelle.dz\\\/index.php\\\/2024\\\/06\\\/04\\\/eliminatoire-du-mondial-2026-lorsque-lafrique-manque-de-stades\\\/\"},\"wordCount\":496,\"commentCount\":0,\"publisher\":{\"@id\":\"https:\\\/\\\/lasentinelle.dz\\\/#organization\"},\"image\":{\"@id\":\"https:\\\/\\\/lasentinelle.dz\\\/index.php\\\/2024\\\/06\\\/04\\\/eliminatoire-du-mondial-2026-lorsque-lafrique-manque-de-stades\\\/#primaryimage\"},\"thumbnailUrl\":\"https:\\\/\\\/lasentinelle.dz\\\/wp-content\\\/uploads\\\/2024\\\/06\\\/stade.jpeg\",\"articleSection\":[\"Sports\"],\"inLanguage\":\"fr-FR\",\"potentialAction\":[{\"@type\":\"CommentAction\",\"name\":\"Comment\",\"target\":[\"https:\\\/\\\/lasentinelle.dz\\\/index.php\\\/2024\\\/06\\\/04\\\/eliminatoire-du-mondial-2026-lorsque-lafrique-manque-de-stades\\\/#respond\"]}]},{\"@type\":\"WebPage\",\"@id\":\"https:\\\/\\\/lasentinelle.dz\\\/index.php\\\/2024\\\/06\\\/04\\\/eliminatoire-du-mondial-2026-lorsque-lafrique-manque-de-stades\\\/\",\"url\":\"https:\\\/\\\/lasentinelle.dz\\\/index.php\\\/2024\\\/06\\\/04\\\/eliminatoire-du-mondial-2026-lorsque-lafrique-manque-de-stades\\\/\",\"name\":\"\u00c9liminatoire du Mondial-2026\u00a0: Lorsque l\u2019Afrique manque de stades - La Sentinelle\",\"isPartOf\":{\"@id\":\"https:\\\/\\\/lasentinelle.dz\\\/#website\"},\"primaryImageOfPage\":{\"@id\":\"https:\\\/\\\/lasentinelle.dz\\\/index.php\\\/2024\\\/06\\\/04\\\/eliminatoire-du-mondial-2026-lorsque-lafrique-manque-de-stades\\\/#primaryimage\"},\"image\":{\"@id\":\"https:\\\/\\\/lasentinelle.dz\\\/index.php\\\/2024\\\/06\\\/04\\\/eliminatoire-du-mondial-2026-lorsque-lafrique-manque-de-stades\\\/#primaryimage\"},\"thumbnailUrl\":\"https:\\\/\\\/lasentinelle.dz\\\/wp-content\\\/uploads\\\/2024\\\/06\\\/stade.jpeg\",\"datePublished\":\"2024-06-04T15:21:45+00:00\",\"dateModified\":\"2024-06-04T15:21:49+00:00\",\"breadcrumb\":{\"@id\":\"https:\\\/\\\/lasentinelle.dz\\\/index.php\\\/2024\\\/06\\\/04\\\/eliminatoire-du-mondial-2026-lorsque-lafrique-manque-de-stades\\\/#breadcrumb\"},\"inLanguage\":\"fr-FR\",\"potentialAction\":[{\"@type\":\"ReadAction\",\"target\":[\"https:\\\/\\\/lasentinelle.dz\\\/index.php\\\/2024\\\/06\\\/04\\\/eliminatoire-du-mondial-2026-lorsque-lafrique-manque-de-stades\\\/\"]}]},{\"@type\":\"ImageObject\",\"inLanguage\":\"fr-FR\",\"@id\":\"https:\\\/\\\/lasentinelle.dz\\\/index.php\\\/2024\\\/06\\\/04\\\/eliminatoire-du-mondial-2026-lorsque-lafrique-manque-de-stades\\\/#primaryimage\",\"url\":\"https:\\\/\\\/lasentinelle.dz\\\/wp-content\\\/uploads\\\/2024\\\/06\\\/stade.jpeg\",\"contentUrl\":\"https:\\\/\\\/lasentinelle.dz\\\/wp-content\\\/uploads\\\/2024\\\/06\\\/stade.jpeg\",\"width\":718,\"height\":406},{\"@type\":\"BreadcrumbList\",\"@id\":\"https:\\\/\\\/lasentinelle.dz\\\/index.php\\\/2024\\\/06\\\/04\\\/eliminatoire-du-mondial-2026-lorsque-lafrique-manque-de-stades\\\/#breadcrumb\",\"itemListElement\":[{\"@type\":\"ListItem\",\"position\":1,\"name\":\"Accueil\",\"item\":\"https:\\\/\\\/lasentinelle.dz\\\/\"},{\"@type\":\"ListItem\",\"position\":2,\"name\":\"\u00c9liminatoire du Mondial-2026\u00a0: Lorsque l\u2019Afrique manque de stades\"}]},{\"@type\":\"WebSite\",\"@id\":\"https:\\\/\\\/lasentinelle.dz\\\/#website\",\"url\":\"https:\\\/\\\/lasentinelle.dz\\\/\",\"name\":\"La Sentinelle\",\"description\":\"Quotidien national d&#039;information\",\"publisher\":{\"@id\":\"https:\\\/\\\/lasentinelle.dz\\\/#organization\"},\"potentialAction\":[{\"@type\":\"SearchAction\",\"target\":{\"@type\":\"EntryPoint\",\"urlTemplate\":\"https:\\\/\\\/lasentinelle.dz\\\/?s={search_term_string}\"},\"query-input\":{\"@type\":\"PropertyValueSpecification\",\"valueRequired\":true,\"valueName\":\"search_term_string\"}}],\"inLanguage\":\"fr-FR\"},{\"@type\":\"Organization\",\"@id\":\"https:\\\/\\\/lasentinelle.dz\\\/#organization\",\"name\":\"Quotidien La Sentinelle\",\"url\":\"https:\\\/\\\/lasentinelle.dz\\\/\",\"logo\":{\"@type\":\"ImageObject\",\"inLanguage\":\"fr-FR\",\"@id\":\"https:\\\/\\\/lasentinelle.dz\\\/#\\\/schema\\\/logo\\\/image\\\/\",\"url\":\"https:\\\/\\\/lasentinelle.dz\\\/wp-content\\\/uploads\\\/2021\\\/09\\\/logo-sentinelleSLOGAN-1.png\",\"contentUrl\":\"https:\\\/\\\/lasentinelle.dz\\\/wp-content\\\/uploads\\\/2021\\\/09\\\/logo-sentinelleSLOGAN-1.png\",\"width\":615,\"height\":142,\"caption\":\"Quotidien La Sentinelle\"},\"image\":{\"@id\":\"https:\\\/\\\/lasentinelle.dz\\\/#\\\/schema\\\/logo\\\/image\\\/\"},\"sameAs\":[\"https:\\\/\\\/www.facebook.com\\\/La-Sentinelle-104059864394773\"]},{\"@type\":\"Person\",\"@id\":\"https:\\\/\\\/lasentinelle.dz\\\/#\\\/schema\\\/person\\\/d865044e22e70a75174ce8bcad3acfb3\",\"name\":\"La Sentinelle\",\"image\":{\"@type\":\"ImageObject\",\"inLanguage\":\"fr-FR\",\"@id\":\"https:\\\/\\\/secure.gravatar.com\\\/avatar\\\/57de8e5d4b15d43fb361a71fbb36338450fe67865b528a43dd10ef7c51a20392?s=96&d=mm&r=g\",\"url\":\"https:\\\/\\\/secure.gravatar.com\\\/avatar\\\/57de8e5d4b15d43fb361a71fbb36338450fe67865b528a43dd10ef7c51a20392?s=96&d=mm&r=g\",\"contentUrl\":\"https:\\\/\\\/secure.gravatar.com\\\/avatar\\\/57de8e5d4b15d43fb361a71fbb36338450fe67865b528a43dd10ef7c51a20392?s=96&d=mm&r=g\",\"caption\":\"La Sentinelle\"},\"sameAs\":[\"http:\\\/\\\/www.lasentinelle.dz\"],\"url\":\"https:\\\/\\\/lasentinelle.dz\\\/author\\\/redaction\\\/\"}]}<\/script>\n<!-- \/ Yoast SEO plugin. -->","yoast_head_json":{"title":"\u00c9liminatoire du Mondial-2026\u00a0: Lorsque l\u2019Afrique manque de stades - La Sentinelle","robots":{"index":"index","follow":"follow","max-snippet":"max-snippet:-1","max-image-preview":"max-image-preview:large","max-video-preview":"max-video-preview:-1"},"canonical":"https:\/\/lasentinelle.dz\/index.php\/2024\/06\/04\/eliminatoire-du-mondial-2026-lorsque-lafrique-manque-de-stades\/","og_locale":"fr_FR","og_type":"article","og_title":"\u00c9liminatoire du Mondial-2026\u00a0: Lorsque l\u2019Afrique manque de stades - La Sentinelle","og_description":"Pas moins de 17 \u00e9quipes africaines devant jouer les qualifications pour la coupe du monde de football seront interdits de","og_url":"https:\/\/lasentinelle.dz\/index.php\/2024\/06\/04\/eliminatoire-du-mondial-2026-lorsque-lafrique-manque-de-stades\/","og_site_name":"La Sentinelle","article_publisher":"https:\/\/www.facebook.com\/La-Sentinelle-104059864394773","article_published_time":"2024-06-04T15:21:45+00:00","article_modified_time":"2024-06-04T15:21:49+00:00","og_image":[{"width":718,"height":406,"url":"https:\/\/lasentinelle.dz\/wp-content\/uploads\/2024\/06\/stade.jpeg","type":"image\/jpeg"}],"author":"La Sentinelle","twitter_card":"summary_large_image","twitter_misc":{"\u00c9crit par":"La Sentinelle","Dur\u00e9e de lecture estim\u00e9e":"3 minutes"},"schema":{"@context":"https:\/\/schema.org","@graph":[{"@type":"Article","@id":"https:\/\/lasentinelle.dz\/index.php\/2024\/06\/04\/eliminatoire-du-mondial-2026-lorsque-lafrique-manque-de-stades\/#article","isPartOf":{"@id":"https:\/\/lasentinelle.dz\/index.php\/2024\/06\/04\/eliminatoire-du-mondial-2026-lorsque-lafrique-manque-de-stades\/"},"author":{"name":"La Sentinelle","@id":"https:\/\/lasentinelle.dz\/#\/schema\/person\/d865044e22e70a75174ce8bcad3acfb3"},"headline":"\u00c9liminatoire du Mondial-2026\u00a0: Lorsque l\u2019Afrique manque de stades","datePublished":"2024-06-04T15:21:45+00:00","dateModified":"2024-06-04T15:21:49+00:00","mainEntityOfPage":{"@id":"https:\/\/lasentinelle.dz\/index.php\/2024\/06\/04\/eliminatoire-du-mondial-2026-lorsque-lafrique-manque-de-stades\/"},"wordCount":496,"commentCount":0,"publisher":{"@id":"https:\/\/lasentinelle.dz\/#organization"},"image":{"@id":"https:\/\/lasentinelle.dz\/index.php\/2024\/06\/04\/eliminatoire-du-mondial-2026-lorsque-lafrique-manque-de-stades\/#primaryimage"},"thumbnailUrl":"https:\/\/lasentinelle.dz\/wp-content\/uploads\/2024\/06\/stade.jpeg","articleSection":["Sports"],"inLanguage":"fr-FR","potentialAction":[{"@type":"CommentAction","name":"Comment","target":["https:\/\/lasentinelle.dz\/index.php\/2024\/06\/04\/eliminatoire-du-mondial-2026-lorsque-lafrique-manque-de-stades\/#respond"]}]},{"@type":"WebPage","@id":"https:\/\/lasentinelle.dz\/index.php\/2024\/06\/04\/eliminatoire-du-mondial-2026-lorsque-lafrique-manque-de-stades\/","url":"https:\/\/lasentinelle.dz\/index.php\/2024\/06\/04\/eliminatoire-du-mondial-2026-lorsque-lafrique-manque-de-stades\/","name":"\u00c9liminatoire du Mondial-2026\u00a0: Lorsque l\u2019Afrique manque de stades - La Sentinelle","isPartOf":{"@id":"https:\/\/lasentinelle.dz\/#website"},"primaryImageOfPage":{"@id":"https:\/\/lasentinelle.dz\/index.php\/2024\/06\/04\/eliminatoire-du-mondial-2026-lorsque-lafrique-manque-de-stades\/#primaryimage"},"image":{"@id":"https:\/\/lasentinelle.dz\/index.php\/2024\/06\/04\/eliminatoire-du-mondial-2026-lorsque-lafrique-manque-de-stades\/#primaryimage"},"thumbnailUrl":"https:\/\/lasentinelle.dz\/wp-content\/uploads\/2024\/06\/stade.jpeg","datePublished":"2024-06-04T15:21:45+00:00","dateModified":"2024-06-04T15:21:49+00:00","breadcrumb":{"@id":"https:\/\/lasentinelle.dz\/index.php\/2024\/06\/04\/eliminatoire-du-mondial-2026-lorsque-lafrique-manque-de-stades\/#breadcrumb"},"inLanguage":"fr-FR","potentialAction":[{"@type":"ReadAction","target":["https:\/\/lasentinelle.dz\/index.php\/2024\/06\/04\/eliminatoire-du-mondial-2026-lorsque-lafrique-manque-de-stades\/"]}]},{"@type":"ImageObject","inLanguage":"fr-FR","@id":"https:\/\/lasentinelle.dz\/index.php\/2024\/06\/04\/eliminatoire-du-mondial-2026-lorsque-lafrique-manque-de-stades\/#primaryimage","url":"https:\/\/lasentinelle.dz\/wp-content\/uploads\/2024\/06\/stade.jpeg","contentUrl":"https:\/\/lasentinelle.dz\/wp-content\/uploads\/2024\/06\/stade.jpeg","width":718,"height":406},{"@type":"BreadcrumbList","@id":"https:\/\/lasentinelle.dz\/index.php\/2024\/06\/04\/eliminatoire-du-mondial-2026-lorsque-lafrique-manque-de-stades\/#breadcrumb","itemListElement":[{"@type":"ListItem","position":1,"name":"Accueil","item":"https:\/\/lasentinelle.dz\/"},{"@type":"ListItem","position":2,"name":"\u00c9liminatoire du Mondial-2026\u00a0: Lorsque l\u2019Afrique manque de stades"}]},{"@type":"WebSite","@id":"https:\/\/lasentinelle.dz\/#website","url":"https:\/\/lasentinelle.dz\/","name":"La Sentinelle","description":"Quotidien national d&#039;information","publisher":{"@id":"https:\/\/lasentinelle.dz\/#organization"},"potentialAction":[{"@type":"SearchAction","target":{"@type":"EntryPoint","urlTemplate":"https:\/\/lasentinelle.dz\/?s={search_term_string}"},"query-input":{"@type":"PropertyValueSpecification","valueRequired":true,"valueName":"search_term_string"}}],"inLanguage":"fr-FR"},{"@type":"Organization","@id":"https:\/\/lasentinelle.dz\/#organization","name":"Quotidien La Sentinelle","url":"https:\/\/lasentinelle.dz\/","logo":{"@type":"ImageObject","inLanguage":"fr-FR","@id":"https:\/\/lasentinelle.dz\/#\/schema\/logo\/image\/","url":"https:\/\/lasentinelle.dz\/wp-content\/uploads\/2021\/09\/logo-sentinelleSLOGAN-1.png","contentUrl":"https:\/\/lasentinelle.dz\/wp-content\/uploads\/2021\/09\/logo-sentinelleSLOGAN-1.png","width":615,"height":142,"caption":"Quotidien La Sentinelle"},"image":{"@id":"https:\/\/lasentinelle.dz\/#\/schema\/logo\/image\/"},"sameAs":["https:\/\/www.facebook.com\/La-Sentinelle-104059864394773"]},{"@type":"Person","@id":"https:\/\/lasentinelle.dz\/#\/schema\/person\/d865044e22e70a75174ce8bcad3acfb3","name":"La Sentinelle","image":{"@type":"ImageObject","inLanguage":"fr-FR","@id":"https:\/\/secure.gravatar.com\/avatar\/57de8e5d4b15d43fb361a71fbb36338450fe67865b528a43dd10ef7c51a20392?s=96&d=mm&r=g","url":"https:\/\/secure.gravatar.com\/avatar\/57de8e5d4b15d43fb361a71fbb36338450fe67865b528a43dd10ef7c51a20392?s=96&d=mm&r=g","contentUrl":"https:\/\/secure.gravatar.com\/avatar\/57de8e5d4b15d43fb361a71fbb36338450fe67865b528a43dd10ef7c51a20392?s=96&d=mm&r=g","caption":"La Sentinelle"},"sameAs":["http:\/\/www.lasentinelle.dz"],"url":"https:\/\/lasentinelle.dz\/author\/redaction\/"}]}},"_links":{"self":[{"href":"https:\/\/lasentinelle.dz\/index.php\/wp-json\/wp\/v2\/posts\/53209","targetHints":{"allow":["GET"]}}],"collection":[{"href":"https:\/\/lasentinelle.dz\/index.php\/wp-json\/wp\/v2\/posts"}],"about":[{"href":"https:\/\/lasentinelle.dz\/index.php\/wp-json\/wp\/v2\/types\/post"}],"author":[{"embeddable":true,"href":"https:\/\/lasentinelle.dz\/index.php\/wp-json\/wp\/v2\/users\/3"}],"replies":[{"embeddable":true,"href":"https:\/\/lasentinelle.dz\/index.php\/wp-json\/wp\/v2\/comments?post=53209"}],"version-history":[{"count":1,"href":"https:\/\/lasentinelle.dz\/index.php\/wp-json\/wp\/v2\/posts\/53209\/revisions"}],"predecessor-version":[{"id":53211,"href":"https:\/\/lasentinelle.dz\/index.php\/wp-json\/wp\/v2\/posts\/53209\/revisions\/53211"}],"wp:featuredmedia":[{"embeddable":true,"href":"https:\/\/lasentinelle.dz\/index.php\/wp-json\/wp\/v2\/media\/53210"}],"wp:attachment":[{"href":"https:\/\/lasentinelle.dz\/index.php\/wp-json\/wp\/v2\/media?parent=53209"}],"wp:term":[{"taxonomy":"category","embeddable":true,"href":"https:\/\/lasentinelle.dz\/index.php\/wp-json\/wp\/v2\/categories?post=53209"},{"taxonomy":"post_tag","embeddable":true,"href":"https:\/\/lasentinelle.dz\/index.php\/wp-json\/wp\/v2\/tags?post=53209"}],"curies":[{"name":"wp","href":"https:\/\/api.w.org\/{rel}","templated":true}]}}