{"id":53212,"date":"2024-06-04T16:24:05","date_gmt":"2024-06-04T15:24:05","guid":{"rendered":"https:\/\/lasentinelle.dz\/?p=53212"},"modified":"2024-06-04T16:24:06","modified_gmt":"2024-06-04T15:24:06","slug":"cultures-strategiques-vers-la-creation-de-poles-industriels-dans-le-sud","status":"publish","type":"post","link":"https:\/\/lasentinelle.dz\/index.php\/2024\/06\/04\/cultures-strategiques-vers-la-creation-de-poles-industriels-dans-le-sud\/","title":{"rendered":"Cultures strat\u00e9giques\u00a0: Vers la cr\u00e9ation de p\u00f4les industriels dans le Sud"},"content":{"rendered":"\n<p>La feuille de route du gouvernement pour le d\u00e9veloppement des cultures strat\u00e9giques en milieu saharien repose sur la cr\u00e9ation de grands p\u00f4les agro-industriels dans le Sud. Le ministre de l\u2019Agriculture et du d\u00e9veloppement rural, Youcef Cherfa a, \u00e0 plusieurs reprises, \u00e9voqu\u00e9 les grands axes de ce plan destin\u00e9 \u00e0 consolider la s\u00e9curit\u00e9 alimentaire. En plus des mesures prises pour la valorisation et l\u2019irrigation des terres dans le Sud afin de fournir le foncier n\u00e9cessaire aux investissements agricoles le ministre a \u00e9voqu\u00e9 la mise en place d\u2019une cartographie des potentialit\u00e9s agricoles dans le Sud, mais aussi la cr\u00e9ation de grands p\u00f4les agro-industriels et de couloirs verts en faveur des investisseurs. Dans ce sens, le pr\u00e9sident de la Chambre nationale d&rsquo;agriculture, Mohamed Yazid Hambli, a indiqu\u00e9 hier lors de son intervention au Forum de la Radio alg\u00e9rienne, que l&rsquo;investissement dans le secteur agricole dans le sud alg\u00e9rien permettra de cr\u00e9er des p\u00f4les industriels \u00e0 m\u00eame de contribuer au d\u00e9veloppement de la r\u00e9gion, ce qui permettra d&rsquo;insuffler une dynamique de d\u00e9veloppement dans les wilayas du Sud, d&rsquo;une part, et de r\u00e9pondre aux besoins croissants de la population \u00e0 travers le pays, d&rsquo;autre part. Il a soulign\u00e9, dans ce cadre, \u00ab\u00a0la n\u00e9cessit\u00e9 d&rsquo;\u00e9tendre les p\u00e9rim\u00e8tres agricoles en se tournant vers le sud, o\u00f9 les terres et les eaux souterraines sont disponibles. Selon lui, les atouts et avantages qu&rsquo;offre l&rsquo;Alg\u00e9rie, notamment en termes de prix de l&rsquo;\u00e9nergie, rendent le pays attractif pour les investissements \u00e9trangers dans le secteur agricole, ce qui est de nature \u00e0 \u00ab\u00a0permettre aux produits locaux d&rsquo;acc\u00e9der aux march\u00e9s internationaux \u00e0 des prix comp\u00e9titifs\u00a0\u00bb, a-t-il affirm\u00e9. &nbsp;\u00ab\u00a0Il y a maintenant une r\u00e9elle volont\u00e9 politique d&rsquo;investir dans l&rsquo;agriculture dans le sud, \u00e0 travers l&rsquo;arsenal de lois et de mesures visant \u00e0 faciliter l&rsquo;investissement\u00a0\u00bb, a-t-il dit, soutenant que \u00ab\u00a0l&rsquo;Alg\u00e9rie conna\u00eet une v\u00e9ritable r\u00e9volution agricole\u00a0\u00bb. Le pr\u00e9sident de la CNA s&rsquo;est, par ailleurs, f\u00e9licit\u00e9 de la \u00ab\u00a0politique prospective\u00a0\u00bb du pr\u00e9sident de la R\u00e9publique concernant le secteur agricole, citant \u00e0 titre d&rsquo;exemple la r\u00e9alisation de nouveaux silos de stockage de c\u00e9r\u00e9ales. M. Hambli pr\u00e9voit une bonne campagne moisson-battage dans le nord du pays cette ann\u00e9e, notamment, a-t-il dit, \u00ab\u00a0apr\u00e8s les pr\u00e9mices positives observ\u00e9es au lancement de la campagne dans le sud, pour laquelle l&rsquo;Etat a mobilis\u00e9 d&rsquo;importants moyens\u00a0\u00bb.<\/p>\n\n\n\n<p>Samir Benisid<\/p>\n","protected":false},"excerpt":{"rendered":"<p>La feuille de route du gouvernement pour le d\u00e9veloppement des cultures strat\u00e9giques en milieu saharien repose sur la cr\u00e9ation de<\/p>\n","protected":false},"author":3,"featured_media":53126,"comment_status":"open","ping_status":"closed","sticky":false,"template":"","format":"standard","meta":{"colormag_page_container_layout":"default_layout","colormag_page_sidebar_layout":"default_layout","om_disable_all_campaigns":false,"_monsterinsights_skip_tracking":false,"_monsterinsights_sitenote_active":false,"_monsterinsights_sitenote_note":"","_monsterinsights_sitenote_category":0,"footnotes":"","_wpscppro_dont_share_socialmedia":false,"_wpscppro_custom_social_share_image":0,"_facebook_share_type":"default","_twitter_share_type":"default","_linkedin_share_type":"default","_pinterest_share_type":"default","_linkedin_share_type_page":"","_instagram_share_type":"default","_medium_share_type":"","_threads_share_type":"","_google_business_share_type":"","_selected_social_profile":[],"_wpsp_enable_custom_social_template":false,"_wpsp_social_scheduling":{"enabled":false,"datetime":null,"platforms":[],"status":"template_only","dateOption":"today","timeOption":"now","customDays":"","customHours":"","customDate":"","customTime":"","schedulingType":"absolute"},"_wpsp_active_default_template":true},"categories":[29],"tags":[],"class_list":["post-53212","post","type-post","status-publish","format-standard","has-post-thumbnail","hentry","category-economie"],"aioseo_notices":[],"yoast_head":"<!-- This site is optimized with the Yoast SEO plugin v27.5 - https:\/\/yoast.com\/product\/yoast-seo-wordpress\/ -->\n<title>Cultures strat\u00e9giques\u00a0: Vers la cr\u00e9ation de p\u00f4les industriels dans le Sud - La Sentinelle<\/title>\n<meta name=\"robots\" content=\"index, follow, max-snippet:-1, max-image-preview:large, max-video-preview:-1\" \/>\n<link rel=\"canonical\" href=\"https:\/\/lasentinelle.dz\/index.php\/2024\/06\/04\/cultures-strategiques-vers-la-creation-de-poles-industriels-dans-le-sud\/\" \/>\n<meta property=\"og:locale\" content=\"fr_FR\" \/>\n<meta property=\"og:type\" content=\"article\" \/>\n<meta property=\"og:title\" content=\"Cultures strat\u00e9giques\u00a0: Vers la cr\u00e9ation de p\u00f4les industriels dans le Sud - La Sentinelle\" \/>\n<meta property=\"og:description\" content=\"La feuille de route du gouvernement pour le d\u00e9veloppement des cultures strat\u00e9giques en milieu saharien repose sur la cr\u00e9ation de\" \/>\n<meta property=\"og:url\" content=\"https:\/\/lasentinelle.dz\/index.php\/2024\/06\/04\/cultures-strategiques-vers-la-creation-de-poles-industriels-dans-le-sud\/\" \/>\n<meta property=\"og:site_name\" content=\"La Sentinelle\" \/>\n<meta property=\"article:publisher\" content=\"https:\/\/www.facebook.com\/La-Sentinelle-104059864394773\" \/>\n<meta property=\"article:published_time\" content=\"2024-06-04T15:24:05+00:00\" \/>\n<meta property=\"article:modified_time\" content=\"2024-06-04T15:24:06+00:00\" \/>\n<meta property=\"og:image\" content=\"https:\/\/lasentinelle.dz\/wp-content\/uploads\/2024\/06\/agriculture-saharenne.jpeg\" \/>\n\t<meta property=\"og:image:width\" content=\"699\" \/>\n\t<meta property=\"og:image:height\" content=\"400\" \/>\n\t<meta property=\"og:image:type\" content=\"image\/jpeg\" \/>\n<meta name=\"author\" content=\"La Sentinelle\" \/>\n<meta name=\"twitter:card\" content=\"summary_large_image\" \/>\n<meta name=\"twitter:label1\" content=\"\u00c9crit par\" \/>\n\t<meta name=\"twitter:data1\" content=\"La Sentinelle\" \/>\n\t<meta name=\"twitter:label2\" content=\"Dur\u00e9e de lecture estim\u00e9e\" \/>\n\t<meta name=\"twitter:data2\" content=\"3 minutes\" \/>\n<script type=\"application\/ld+json\" class=\"yoast-schema-graph\">{\"@context\":\"https:\\\/\\\/schema.org\",\"@graph\":[{\"@type\":\"Article\",\"@id\":\"https:\\\/\\\/lasentinelle.dz\\\/index.php\\\/2024\\\/06\\\/04\\\/cultures-strategiques-vers-la-creation-de-poles-industriels-dans-le-sud\\\/#article\",\"isPartOf\":{\"@id\":\"https:\\\/\\\/lasentinelle.dz\\\/index.php\\\/2024\\\/06\\\/04\\\/cultures-strategiques-vers-la-creation-de-poles-industriels-dans-le-sud\\\/\"},\"author\":{\"name\":\"La Sentinelle\",\"@id\":\"https:\\\/\\\/lasentinelle.dz\\\/#\\\/schema\\\/person\\\/d865044e22e70a75174ce8bcad3acfb3\"},\"headline\":\"Cultures strat\u00e9giques\u00a0: Vers la cr\u00e9ation de p\u00f4les industriels dans le Sud\",\"datePublished\":\"2024-06-04T15:24:05+00:00\",\"dateModified\":\"2024-06-04T15:24:06+00:00\",\"mainEntityOfPage\":{\"@id\":\"https:\\\/\\\/lasentinelle.dz\\\/index.php\\\/2024\\\/06\\\/04\\\/cultures-strategiques-vers-la-creation-de-poles-industriels-dans-le-sud\\\/\"},\"wordCount\":446,\"commentCount\":0,\"publisher\":{\"@id\":\"https:\\\/\\\/lasentinelle.dz\\\/#organization\"},\"image\":{\"@id\":\"https:\\\/\\\/lasentinelle.dz\\\/index.php\\\/2024\\\/06\\\/04\\\/cultures-strategiques-vers-la-creation-de-poles-industriels-dans-le-sud\\\/#primaryimage\"},\"thumbnailUrl\":\"https:\\\/\\\/lasentinelle.dz\\\/wp-content\\\/uploads\\\/2024\\\/06\\\/agriculture-saharenne.jpeg\",\"articleSection\":[\"\u00c9conomie\"],\"inLanguage\":\"fr-FR\",\"potentialAction\":[{\"@type\":\"CommentAction\",\"name\":\"Comment\",\"target\":[\"https:\\\/\\\/lasentinelle.dz\\\/index.php\\\/2024\\\/06\\\/04\\\/cultures-strategiques-vers-la-creation-de-poles-industriels-dans-le-sud\\\/#respond\"]}]},{\"@type\":\"WebPage\",\"@id\":\"https:\\\/\\\/lasentinelle.dz\\\/index.php\\\/2024\\\/06\\\/04\\\/cultures-strategiques-vers-la-creation-de-poles-industriels-dans-le-sud\\\/\",\"url\":\"https:\\\/\\\/lasentinelle.dz\\\/index.php\\\/2024\\\/06\\\/04\\\/cultures-strategiques-vers-la-creation-de-poles-industriels-dans-le-sud\\\/\",\"name\":\"Cultures strat\u00e9giques\u00a0: Vers la cr\u00e9ation de p\u00f4les industriels dans le Sud - La Sentinelle\",\"isPartOf\":{\"@id\":\"https:\\\/\\\/lasentinelle.dz\\\/#website\"},\"primaryImageOfPage\":{\"@id\":\"https:\\\/\\\/lasentinelle.dz\\\/index.php\\\/2024\\\/06\\\/04\\\/cultures-strategiques-vers-la-creation-de-poles-industriels-dans-le-sud\\\/#primaryimage\"},\"image\":{\"@id\":\"https:\\\/\\\/lasentinelle.dz\\\/index.php\\\/2024\\\/06\\\/04\\\/cultures-strategiques-vers-la-creation-de-poles-industriels-dans-le-sud\\\/#primaryimage\"},\"thumbnailUrl\":\"https:\\\/\\\/lasentinelle.dz\\\/wp-content\\\/uploads\\\/2024\\\/06\\\/agriculture-saharenne.jpeg\",\"datePublished\":\"2024-06-04T15:24:05+00:00\",\"dateModified\":\"2024-06-04T15:24:06+00:00\",\"breadcrumb\":{\"@id\":\"https:\\\/\\\/lasentinelle.dz\\\/index.php\\\/2024\\\/06\\\/04\\\/cultures-strategiques-vers-la-creation-de-poles-industriels-dans-le-sud\\\/#breadcrumb\"},\"inLanguage\":\"fr-FR\",\"potentialAction\":[{\"@type\":\"ReadAction\",\"target\":[\"https:\\\/\\\/lasentinelle.dz\\\/index.php\\\/2024\\\/06\\\/04\\\/cultures-strategiques-vers-la-creation-de-poles-industriels-dans-le-sud\\\/\"]}]},{\"@type\":\"ImageObject\",\"inLanguage\":\"fr-FR\",\"@id\":\"https:\\\/\\\/lasentinelle.dz\\\/index.php\\\/2024\\\/06\\\/04\\\/cultures-strategiques-vers-la-creation-de-poles-industriels-dans-le-sud\\\/#primaryimage\",\"url\":\"https:\\\/\\\/lasentinelle.dz\\\/wp-content\\\/uploads\\\/2024\\\/06\\\/agriculture-saharenne.jpeg\",\"contentUrl\":\"https:\\\/\\\/lasentinelle.dz\\\/wp-content\\\/uploads\\\/2024\\\/06\\\/agriculture-saharenne.jpeg\",\"width\":699,\"height\":400},{\"@type\":\"BreadcrumbList\",\"@id\":\"https:\\\/\\\/lasentinelle.dz\\\/index.php\\\/2024\\\/06\\\/04\\\/cultures-strategiques-vers-la-creation-de-poles-industriels-dans-le-sud\\\/#breadcrumb\",\"itemListElement\":[{\"@type\":\"ListItem\",\"position\":1,\"name\":\"Accueil\",\"item\":\"https:\\\/\\\/lasentinelle.dz\\\/\"},{\"@type\":\"ListItem\",\"position\":2,\"name\":\"Cultures strat\u00e9giques\u00a0: Vers la cr\u00e9ation de p\u00f4les industriels dans le Sud\"}]},{\"@type\":\"WebSite\",\"@id\":\"https:\\\/\\\/lasentinelle.dz\\\/#website\",\"url\":\"https:\\\/\\\/lasentinelle.dz\\\/\",\"name\":\"La Sentinelle\",\"description\":\"Quotidien national d&#039;information\",\"publisher\":{\"@id\":\"https:\\\/\\\/lasentinelle.dz\\\/#organization\"},\"potentialAction\":[{\"@type\":\"SearchAction\",\"target\":{\"@type\":\"EntryPoint\",\"urlTemplate\":\"https:\\\/\\\/lasentinelle.dz\\\/?s={search_term_string}\"},\"query-input\":{\"@type\":\"PropertyValueSpecification\",\"valueRequired\":true,\"valueName\":\"search_term_string\"}}],\"inLanguage\":\"fr-FR\"},{\"@type\":\"Organization\",\"@id\":\"https:\\\/\\\/lasentinelle.dz\\\/#organization\",\"name\":\"Quotidien La Sentinelle\",\"url\":\"https:\\\/\\\/lasentinelle.dz\\\/\",\"logo\":{\"@type\":\"ImageObject\",\"inLanguage\":\"fr-FR\",\"@id\":\"https:\\\/\\\/lasentinelle.dz\\\/#\\\/schema\\\/logo\\\/image\\\/\",\"url\":\"https:\\\/\\\/lasentinelle.dz\\\/wp-content\\\/uploads\\\/2021\\\/09\\\/logo-sentinelleSLOGAN-1.png\",\"contentUrl\":\"https:\\\/\\\/lasentinelle.dz\\\/wp-content\\\/uploads\\\/2021\\\/09\\\/logo-sentinelleSLOGAN-1.png\",\"width\":615,\"height\":142,\"caption\":\"Quotidien La Sentinelle\"},\"image\":{\"@id\":\"https:\\\/\\\/lasentinelle.dz\\\/#\\\/schema\\\/logo\\\/image\\\/\"},\"sameAs\":[\"https:\\\/\\\/www.facebook.com\\\/La-Sentinelle-104059864394773\"]},{\"@type\":\"Person\",\"@id\":\"https:\\\/\\\/lasentinelle.dz\\\/#\\\/schema\\\/person\\\/d865044e22e70a75174ce8bcad3acfb3\",\"name\":\"La Sentinelle\",\"image\":{\"@type\":\"ImageObject\",\"inLanguage\":\"fr-FR\",\"@id\":\"https:\\\/\\\/secure.gravatar.com\\\/avatar\\\/57de8e5d4b15d43fb361a71fbb36338450fe67865b528a43dd10ef7c51a20392?s=96&d=mm&r=g\",\"url\":\"https:\\\/\\\/secure.gravatar.com\\\/avatar\\\/57de8e5d4b15d43fb361a71fbb36338450fe67865b528a43dd10ef7c51a20392?s=96&d=mm&r=g\",\"contentUrl\":\"https:\\\/\\\/secure.gravatar.com\\\/avatar\\\/57de8e5d4b15d43fb361a71fbb36338450fe67865b528a43dd10ef7c51a20392?s=96&d=mm&r=g\",\"caption\":\"La Sentinelle\"},\"sameAs\":[\"http:\\\/\\\/www.lasentinelle.dz\"],\"url\":\"https:\\\/\\\/lasentinelle.dz\\\/author\\\/redaction\\\/\"}]}<\/script>\n<!-- \/ Yoast SEO plugin. -->","yoast_head_json":{"title":"Cultures strat\u00e9giques\u00a0: Vers la cr\u00e9ation de p\u00f4les industriels dans le Sud - La Sentinelle","robots":{"index":"index","follow":"follow","max-snippet":"max-snippet:-1","max-image-preview":"max-image-preview:large","max-video-preview":"max-video-preview:-1"},"canonical":"https:\/\/lasentinelle.dz\/index.php\/2024\/06\/04\/cultures-strategiques-vers-la-creation-de-poles-industriels-dans-le-sud\/","og_locale":"fr_FR","og_type":"article","og_title":"Cultures strat\u00e9giques\u00a0: Vers la cr\u00e9ation de p\u00f4les industriels dans le Sud - La Sentinelle","og_description":"La feuille de route du gouvernement pour le d\u00e9veloppement des cultures strat\u00e9giques en milieu saharien repose sur la cr\u00e9ation de","og_url":"https:\/\/lasentinelle.dz\/index.php\/2024\/06\/04\/cultures-strategiques-vers-la-creation-de-poles-industriels-dans-le-sud\/","og_site_name":"La Sentinelle","article_publisher":"https:\/\/www.facebook.com\/La-Sentinelle-104059864394773","article_published_time":"2024-06-04T15:24:05+00:00","article_modified_time":"2024-06-04T15:24:06+00:00","og_image":[{"width":699,"height":400,"url":"https:\/\/lasentinelle.dz\/wp-content\/uploads\/2024\/06\/agriculture-saharenne.jpeg","type":"image\/jpeg"}],"author":"La Sentinelle","twitter_card":"summary_large_image","twitter_misc":{"\u00c9crit par":"La Sentinelle","Dur\u00e9e de lecture estim\u00e9e":"3 minutes"},"schema":{"@context":"https:\/\/schema.org","@graph":[{"@type":"Article","@id":"https:\/\/lasentinelle.dz\/index.php\/2024\/06\/04\/cultures-strategiques-vers-la-creation-de-poles-industriels-dans-le-sud\/#article","isPartOf":{"@id":"https:\/\/lasentinelle.dz\/index.php\/2024\/06\/04\/cultures-strategiques-vers-la-creation-de-poles-industriels-dans-le-sud\/"},"author":{"name":"La Sentinelle","@id":"https:\/\/lasentinelle.dz\/#\/schema\/person\/d865044e22e70a75174ce8bcad3acfb3"},"headline":"Cultures strat\u00e9giques\u00a0: Vers la cr\u00e9ation de p\u00f4les industriels dans le Sud","datePublished":"2024-06-04T15:24:05+00:00","dateModified":"2024-06-04T15:24:06+00:00","mainEntityOfPage":{"@id":"https:\/\/lasentinelle.dz\/index.php\/2024\/06\/04\/cultures-strategiques-vers-la-creation-de-poles-industriels-dans-le-sud\/"},"wordCount":446,"commentCount":0,"publisher":{"@id":"https:\/\/lasentinelle.dz\/#organization"},"image":{"@id":"https:\/\/lasentinelle.dz\/index.php\/2024\/06\/04\/cultures-strategiques-vers-la-creation-de-poles-industriels-dans-le-sud\/#primaryimage"},"thumbnailUrl":"https:\/\/lasentinelle.dz\/wp-content\/uploads\/2024\/06\/agriculture-saharenne.jpeg","articleSection":["\u00c9conomie"],"inLanguage":"fr-FR","potentialAction":[{"@type":"CommentAction","name":"Comment","target":["https:\/\/lasentinelle.dz\/index.php\/2024\/06\/04\/cultures-strategiques-vers-la-creation-de-poles-industriels-dans-le-sud\/#respond"]}]},{"@type":"WebPage","@id":"https:\/\/lasentinelle.dz\/index.php\/2024\/06\/04\/cultures-strategiques-vers-la-creation-de-poles-industriels-dans-le-sud\/","url":"https:\/\/lasentinelle.dz\/index.php\/2024\/06\/04\/cultures-strategiques-vers-la-creation-de-poles-industriels-dans-le-sud\/","name":"Cultures strat\u00e9giques\u00a0: Vers la cr\u00e9ation de p\u00f4les industriels dans le Sud - La Sentinelle","isPartOf":{"@id":"https:\/\/lasentinelle.dz\/#website"},"primaryImageOfPage":{"@id":"https:\/\/lasentinelle.dz\/index.php\/2024\/06\/04\/cultures-strategiques-vers-la-creation-de-poles-industriels-dans-le-sud\/#primaryimage"},"image":{"@id":"https:\/\/lasentinelle.dz\/index.php\/2024\/06\/04\/cultures-strategiques-vers-la-creation-de-poles-industriels-dans-le-sud\/#primaryimage"},"thumbnailUrl":"https:\/\/lasentinelle.dz\/wp-content\/uploads\/2024\/06\/agriculture-saharenne.jpeg","datePublished":"2024-06-04T15:24:05+00:00","dateModified":"2024-06-04T15:24:06+00:00","breadcrumb":{"@id":"https:\/\/lasentinelle.dz\/index.php\/2024\/06\/04\/cultures-strategiques-vers-la-creation-de-poles-industriels-dans-le-sud\/#breadcrumb"},"inLanguage":"fr-FR","potentialAction":[{"@type":"ReadAction","target":["https:\/\/lasentinelle.dz\/index.php\/2024\/06\/04\/cultures-strategiques-vers-la-creation-de-poles-industriels-dans-le-sud\/"]}]},{"@type":"ImageObject","inLanguage":"fr-FR","@id":"https:\/\/lasentinelle.dz\/index.php\/2024\/06\/04\/cultures-strategiques-vers-la-creation-de-poles-industriels-dans-le-sud\/#primaryimage","url":"https:\/\/lasentinelle.dz\/wp-content\/uploads\/2024\/06\/agriculture-saharenne.jpeg","contentUrl":"https:\/\/lasentinelle.dz\/wp-content\/uploads\/2024\/06\/agriculture-saharenne.jpeg","width":699,"height":400},{"@type":"BreadcrumbList","@id":"https:\/\/lasentinelle.dz\/index.php\/2024\/06\/04\/cultures-strategiques-vers-la-creation-de-poles-industriels-dans-le-sud\/#breadcrumb","itemListElement":[{"@type":"ListItem","position":1,"name":"Accueil","item":"https:\/\/lasentinelle.dz\/"},{"@type":"ListItem","position":2,"name":"Cultures strat\u00e9giques\u00a0: Vers la cr\u00e9ation de p\u00f4les industriels dans le Sud"}]},{"@type":"WebSite","@id":"https:\/\/lasentinelle.dz\/#website","url":"https:\/\/lasentinelle.dz\/","name":"La Sentinelle","description":"Quotidien national d&#039;information","publisher":{"@id":"https:\/\/lasentinelle.dz\/#organization"},"potentialAction":[{"@type":"SearchAction","target":{"@type":"EntryPoint","urlTemplate":"https:\/\/lasentinelle.dz\/?s={search_term_string}"},"query-input":{"@type":"PropertyValueSpecification","valueRequired":true,"valueName":"search_term_string"}}],"inLanguage":"fr-FR"},{"@type":"Organization","@id":"https:\/\/lasentinelle.dz\/#organization","name":"Quotidien La Sentinelle","url":"https:\/\/lasentinelle.dz\/","logo":{"@type":"ImageObject","inLanguage":"fr-FR","@id":"https:\/\/lasentinelle.dz\/#\/schema\/logo\/image\/","url":"https:\/\/lasentinelle.dz\/wp-content\/uploads\/2021\/09\/logo-sentinelleSLOGAN-1.png","contentUrl":"https:\/\/lasentinelle.dz\/wp-content\/uploads\/2021\/09\/logo-sentinelleSLOGAN-1.png","width":615,"height":142,"caption":"Quotidien La Sentinelle"},"image":{"@id":"https:\/\/lasentinelle.dz\/#\/schema\/logo\/image\/"},"sameAs":["https:\/\/www.facebook.com\/La-Sentinelle-104059864394773"]},{"@type":"Person","@id":"https:\/\/lasentinelle.dz\/#\/schema\/person\/d865044e22e70a75174ce8bcad3acfb3","name":"La Sentinelle","image":{"@type":"ImageObject","inLanguage":"fr-FR","@id":"https:\/\/secure.gravatar.com\/avatar\/57de8e5d4b15d43fb361a71fbb36338450fe67865b528a43dd10ef7c51a20392?s=96&d=mm&r=g","url":"https:\/\/secure.gravatar.com\/avatar\/57de8e5d4b15d43fb361a71fbb36338450fe67865b528a43dd10ef7c51a20392?s=96&d=mm&r=g","contentUrl":"https:\/\/secure.gravatar.com\/avatar\/57de8e5d4b15d43fb361a71fbb36338450fe67865b528a43dd10ef7c51a20392?s=96&d=mm&r=g","caption":"La Sentinelle"},"sameAs":["http:\/\/www.lasentinelle.dz"],"url":"https:\/\/lasentinelle.dz\/author\/redaction\/"}]}},"_links":{"self":[{"href":"https:\/\/lasentinelle.dz\/index.php\/wp-json\/wp\/v2\/posts\/53212","targetHints":{"allow":["GET"]}}],"collection":[{"href":"https:\/\/lasentinelle.dz\/index.php\/wp-json\/wp\/v2\/posts"}],"about":[{"href":"https:\/\/lasentinelle.dz\/index.php\/wp-json\/wp\/v2\/types\/post"}],"author":[{"embeddable":true,"href":"https:\/\/lasentinelle.dz\/index.php\/wp-json\/wp\/v2\/users\/3"}],"replies":[{"embeddable":true,"href":"https:\/\/lasentinelle.dz\/index.php\/wp-json\/wp\/v2\/comments?post=53212"}],"version-history":[{"count":1,"href":"https:\/\/lasentinelle.dz\/index.php\/wp-json\/wp\/v2\/posts\/53212\/revisions"}],"predecessor-version":[{"id":53213,"href":"https:\/\/lasentinelle.dz\/index.php\/wp-json\/wp\/v2\/posts\/53212\/revisions\/53213"}],"wp:featuredmedia":[{"embeddable":true,"href":"https:\/\/lasentinelle.dz\/index.php\/wp-json\/wp\/v2\/media\/53126"}],"wp:attachment":[{"href":"https:\/\/lasentinelle.dz\/index.php\/wp-json\/wp\/v2\/media?parent=53212"}],"wp:term":[{"taxonomy":"category","embeddable":true,"href":"https:\/\/lasentinelle.dz\/index.php\/wp-json\/wp\/v2\/categories?post=53212"},{"taxonomy":"post_tag","embeddable":true,"href":"https:\/\/lasentinelle.dz\/index.php\/wp-json\/wp\/v2\/tags?post=53212"}],"curies":[{"name":"wp","href":"https:\/\/api.w.org\/{rel}","templated":true}]}}