{"id":53229,"date":"2024-06-04T13:15:00","date_gmt":"2024-06-04T12:15:00","guid":{"rendered":"https:\/\/lasentinelle.dz\/?p=53229"},"modified":"2024-06-05T13:33:43","modified_gmt":"2024-06-05T12:33:43","slug":"ghaza-des-milliers-denfants-palestiniens-risquent-de-mourir-de-faim","status":"publish","type":"post","link":"https:\/\/lasentinelle.dz\/index.php\/2024\/06\/04\/ghaza-des-milliers-denfants-palestiniens-risquent-de-mourir-de-faim\/","title":{"rendered":"Ghaza: Des milliers d\u2019enfants palestiniens risquent de mourir de faim"},"content":{"rendered":"\n<p>Les politiques g\u00e9nocidaires impos\u00e9es par l\u2019occupation isra\u00e9lienne \u00e0 Ghaza, notamment la famine pr\u00e9m\u00e9dit\u00e9e caus\u00e9e par le blocage des aides humanitaires menacent la vie de milliers d\u2019enfants palestiniens, d\u2019abord dans le nord de l\u2019enclave et d\u00e9sormais \u00e0 Rafah.<\/p>\n\n\n\n<p>Selon les autorit\u00e9s palestiniennes, mais aussi les agences onusiennes, plus de 3.000 enfants font face \u00e0 la menace de mourir de faim. Le bureau des m\u00e9dias \u00e0 Ghaza a ainsi indiqu\u00e9 dimanche que plus de 3 500 enfants palestiniens confront\u00e9s \u00e0 une malnutrition aigu\u00eb risquent de mourir \u00e0 Ghaza. \u00ab\u00a0Les politiques de famine, de p\u00e9nurie alimentaire, de manque de suppl\u00e9ments nutritionnels et de refus d&rsquo;aide, de l&rsquo;occupation ont un impact d\u00e9vastateur sur la sant\u00e9 des enfants\u00a0\u00bb, a soulign\u00e9 la m\u00eame source qui ajoute que &nbsp;\u00ab\u00a03 500 enfants souffrent de malnutrition aigu\u00eb, ce qui les expose \u00e0 la mort, \u00e0 des maladies infectieuses et retarde leur croissance et leur d\u00e9veloppement\u00a0\u00bb. De son c\u00f4t\u00e9, le chef du d\u00e9partement de communication du Fonds des Nations Unies pour l&rsquo;enfance (UNICEF) en Palestine, Jonathan Crakes, a indiqu\u00e9 que \u00ab\u00a0la situation actuelle \u00e0 Rafah (sud de Ghaza) est un d\u00e9sastre pour les enfants\u00a0\u00bb. \u00ab\u00a0Si les fournitures nutritionnelles, notamment les aliments th\u00e9rapeutiques pr\u00eats \u00e0 l&#8217;emploi utilis\u00e9s pour traiter la malnutrition chez les enfants, ne sont pas distribu\u00e9es, le traitement de plus de 3 000 enfants souffrant de malnutrition aigu\u00eb s\u00e9v\u00e8re sera interrompu\u00a0\u00bb, a pr\u00e9venu Crakes. La semaine derni\u00e8re, les chiffres de l&rsquo;ONU ont montr\u00e9 que l&rsquo;approvisionnement global en aide humanitaire \u00e0 Ghaza avait diminu\u00e9 des deux tiers depuis le d\u00e9but de l\u2019invasion de la ville palestinienne de Rafah le 7 mai dernier. Matthew Hollingsworth, directeur du Programme alimentaire mondial pour la Palestine, a pr\u00e9venu que les personnes d\u00e9plac\u00e9es allaient manquer d\u2019aide et a d\u00e9clar\u00e9 : \u00ab\u00a0Il nous reste environ une semaine avant que l\u2019aide que les personnes d\u00e9plac\u00e9es ont re\u00e7ue en avril et d\u00e9but mai ne s\u2019\u00e9puise\u00a0\u00bb. Dans une d\u00e9claration commune, des organisations telles que M\u00e9decins sans fronti\u00e8res (MSF), Oxfam et Save the Children ont exprim\u00e9 leurs inqui\u00e9tudes face \u00e0 \u00ab\u00a0l&rsquo;acc\u00e9l\u00e9ration des d\u00e9c\u00e8s dus \u00e0 la faim, \u00e0 la maladie et au refus d&rsquo;assistance m\u00e9dicale\u00a0\u00bb. Le poste fronti\u00e8re de Rafah a \u00e9t\u00e9 ferm\u00e9 pour la quatri\u00e8me semaine cons\u00e9cutive. Il est vrai que la situation est apocalyptique \u00e0 Ghaza r\u00e9duite en champ de ruines. Alors que Jabalia a \u00e9t\u00e9 d\u00e9clar\u00e9 zone sinistr\u00e9e, l&rsquo;Agence de l&rsquo;ONU pour les r\u00e9fugi\u00e9s palestiniens (UNRWA) a indiqu\u00e9 que tandis que le d\u00e9placement forc\u00e9 a \u00e9loign\u00e9 plus d&rsquo;un million de personnes de Rafah, des milliers de familles s&rsquo;abritent d\u00e9sormais dans des installations endommag\u00e9es ou d\u00e9truites \u00e0 Khan Younes, dans des \u00ab\u00a0conditions indescriptibles\u00a0\u00bb. Sur le r\u00e9seau social X, l&rsquo;Agence onusienne montre que ces b\u00e2timents en ruine, d\u00e9truits par les bombes de l&rsquo;arm\u00e9e sioniste, sont le meilleur abri que les Palestiniens ont pu trouver dans l&rsquo;enclave palestinienne. Par ailleurs, l&rsquo;UNRWA indique que la guerre et les d\u00e9placements continuent d&rsquo;avoir de graves cons\u00e9quences sur la sant\u00e9 des femmes dans la bande de Ghaza. Forc\u00e9es de se d\u00e9placer d&rsquo;un abri \u00e0 l&rsquo;autre, \u00ab\u00a0environ 690.000 femmes et filles sont confront\u00e9es \u00e0 un manque critique de kits d&rsquo;hygi\u00e8ne menstruelle, d&rsquo;intimit\u00e9 et d&rsquo;eau potable\u00a0\u00bb, selon l&rsquo;agence onusienne. De son c\u00f4t\u00e9, Juliette Touma, directrice de la communication et des m\u00e9dias de l\u2019UNRWA a indiqu\u00e9 lors d&rsquo;un entretien avec le journal britannique The Guardian que l\u2019agression isra\u00e9lienne a compl\u00e8tement paralys\u00e9 la r\u00e9ponse humanitaire \u00e0 Ghaza. La responsable onusienne a soulign\u00e9 que \u00ab\u00a0l&rsquo;op\u00e9ration militaire isra\u00e9lienne a entrav\u00e9 l&rsquo;acheminement de fournitures humanitaires depuis le passage Karam Abu Salem (sud)\u00a0\u00bb Et d&rsquo;ajouter que les autorit\u00e9s isra\u00e9liennes refusent d&rsquo;accorder des permis pour le d\u00e9placement des \u00e9quipes de l&rsquo;ONU. \u00ab\u00a0La zone autour de Karam Abu Salem est devenue tr\u00e8s dangereuse\u00a0\u00bb, a averti Touma. En outre, le Fonds des Nations Unies pour la population (FUAP) estime qu&rsquo;environ 18.500 femmes enceintes ont fui Rafah vers Khan Younis et Deir al Balah, o\u00f9 l&rsquo;acc\u00e8s aux soins de sant\u00e9 maternelle est minimal. Environ 10.000 autres sont toujours sur place dans des conditions \u00ab\u00a0d\u00e9sesp\u00e9r\u00e9es\u00a0\u00bb. \u00ab\u00a0L&rsquo;acc\u00e8s aux soins de sant\u00e9 et aux fournitures maternelles est minimal. La sant\u00e9 des m\u00e8res et des b\u00e9b\u00e9s est en danger\u00a0\u00bb, a soulign\u00e9 pour sa part le FNUAP, relevant qu&rsquo;outre la grave p\u00e9nurie de services et de fournitures de sant\u00e9 maternelle et g\u00e9n\u00e9sique, \u00ab\u00a0de nombreuses personnes sont confront\u00e9es \u00e0 la menace de la famine et ne disposent m\u00eame pas des \u00e9l\u00e9ments de base n\u00e9cessaires \u00e0 leur survie\u00a0\u00bb. Le centre satellitaire de l&rsquo;ONU, UNOSAT a indiqu\u00e9 de son c\u00f4t\u00e9, qu\u2019environ 55% des b\u00e2timents de la bande de Ghaza, pour la plupart des logements, ont \u00e9t\u00e9 endommag\u00e9s ou d\u00e9truits suite \u00e0 l&rsquo;agression g\u00e9nocidaire sioniste contre l&rsquo;enclave palestinienne. \u00ab\u00a0D&rsquo;apr\u00e8s notre analyse, nous avons identifi\u00e9 36.591 structures d\u00e9truites, 16.513 structures gravement endommag\u00e9es, 47.368 mod\u00e9r\u00e9ment endommag\u00e9es et 36.825 structures potentiellement endommag\u00e9es\u00a0\u00bb, a d\u00e9taill\u00e9 UNOSAT. La quasi-totalit\u00e9 des b\u00e2timents concern\u00e9s sont des logements (135.142), selon cette analyse, publi\u00e9e le 31 mai.<\/p>\n\n\n\n<p><strong>Netanyahu veut poursuivre la guerre<\/strong><\/p>\n\n\n\n<p>Des destructions qui se poursuivent d\u2019ailleurs, alors que les attaques et les bombardements de l\u2019occupation sont intensifi\u00e9s. Ainsi, des dizaines de Palestiniens sont tomb\u00e9s en martyrs hier lors de raids et de bombardements sionistes sur le centre et le sud de la bande de Ghaza. &nbsp;Malgr\u00e9 l\u2019\u00e9tendue des destructions et les appels de la communaut\u00e9 internationale \u00e0 un cessez-le-feu, le premier ministre de l\u2019entit\u00e9 sioniste, Benjamin Netanyahu a d\u00e9clar\u00e9, hier, qu&rsquo;il n&rsquo;\u00e9tait \u00ab pas pr\u00eat \u00e0 mettre fin \u00bb \u00e0 l\u2019agression en cours contre la Bande de Ghaza. Netanyahu a ainsi plomb\u00e9 les espoirs de cessez-le-feu qui n\u00e9s des d\u00e9clarations du pr\u00e9sident am\u00e9ricain Joe Biden concernant une nouvelle proposition pour un accord de cessez-le-feu, positivement accueillie par le mouvement de r\u00e9sistance palestinienne Hamas. Netanyahu a affirm\u00e9 que les d\u00e9tails de la proposition de cessez-le-feu pr\u00e9sent\u00e9e par Joe Biden \u00e9taient \u00ab inexacts \u00bb, affichant ainsi son refus de toute possibilit\u00e9 de paix.<\/p>\n\n\n\n<p>Lyes Sa\u00efdi<\/p>\n","protected":false},"excerpt":{"rendered":"<p>Les politiques g\u00e9nocidaires impos\u00e9es par l\u2019occupation isra\u00e9lienne \u00e0 Ghaza, notamment la famine pr\u00e9m\u00e9dit\u00e9e caus\u00e9e par le blocage des aides humanitaires<\/p>\n","protected":false},"author":3,"featured_media":53230,"comment_status":"open","ping_status":"closed","sticky":false,"template":"","format":"standard","meta":{"colormag_page_container_layout":"default_layout","colormag_page_sidebar_layout":"default_layout","om_disable_all_campaigns":false,"_monsterinsights_skip_tracking":false,"_monsterinsights_sitenote_active":false,"_monsterinsights_sitenote_note":"","_monsterinsights_sitenote_category":0,"footnotes":"","_wpscppro_dont_share_socialmedia":false,"_wpscppro_custom_social_share_image":0,"_facebook_share_type":"default","_twitter_share_type":"default","_linkedin_share_type":"default","_pinterest_share_type":"default","_linkedin_share_type_page":"","_instagram_share_type":"default","_medium_share_type":"","_threads_share_type":"","_google_business_share_type":"","_selected_social_profile":[],"_wpsp_enable_custom_social_template":false,"_wpsp_social_scheduling":{"enabled":false,"datetime":null,"platforms":[],"status":"template_only","dateOption":"today","timeOption":"now","customDays":"","customHours":"","customDate":"","customTime":"","schedulingType":"absolute"},"_wpsp_active_default_template":true},"categories":[52,27],"tags":[],"class_list":["post-53229","post","type-post","status-publish","format-standard","has-post-thumbnail","hentry","category-a-la-une","category-actualite"],"aioseo_notices":[],"yoast_head":"<!-- This site is optimized with the Yoast SEO plugin v27.5 - https:\/\/yoast.com\/product\/yoast-seo-wordpress\/ -->\n<title>Ghaza: Des milliers d\u2019enfants palestiniens risquent de mourir de faim - La Sentinelle<\/title>\n<meta name=\"robots\" content=\"index, follow, max-snippet:-1, max-image-preview:large, max-video-preview:-1\" \/>\n<link rel=\"canonical\" href=\"https:\/\/lasentinelle.dz\/index.php\/2024\/06\/04\/ghaza-des-milliers-denfants-palestiniens-risquent-de-mourir-de-faim\/\" \/>\n<meta property=\"og:locale\" content=\"fr_FR\" \/>\n<meta property=\"og:type\" content=\"article\" \/>\n<meta property=\"og:title\" content=\"Ghaza: Des milliers d\u2019enfants palestiniens risquent de mourir de faim - La Sentinelle\" \/>\n<meta property=\"og:description\" content=\"Les politiques g\u00e9nocidaires impos\u00e9es par l\u2019occupation isra\u00e9lienne \u00e0 Ghaza, notamment la famine pr\u00e9m\u00e9dit\u00e9e caus\u00e9e par le blocage des aides humanitaires\" \/>\n<meta property=\"og:url\" content=\"https:\/\/lasentinelle.dz\/index.php\/2024\/06\/04\/ghaza-des-milliers-denfants-palestiniens-risquent-de-mourir-de-faim\/\" \/>\n<meta property=\"og:site_name\" content=\"La Sentinelle\" \/>\n<meta property=\"article:publisher\" content=\"https:\/\/www.facebook.com\/La-Sentinelle-104059864394773\" \/>\n<meta property=\"article:published_time\" content=\"2024-06-04T12:15:00+00:00\" \/>\n<meta property=\"article:modified_time\" content=\"2024-06-05T12:33:43+00:00\" \/>\n<meta property=\"og:image\" content=\"https:\/\/lasentinelle.dz\/wp-content\/uploads\/2024\/06\/famine.jpeg\" \/>\n\t<meta property=\"og:image:width\" content=\"301\" \/>\n\t<meta property=\"og:image:height\" content=\"167\" \/>\n\t<meta property=\"og:image:type\" content=\"image\/jpeg\" \/>\n<meta name=\"author\" content=\"La Sentinelle\" \/>\n<meta name=\"twitter:card\" content=\"summary_large_image\" \/>\n<meta name=\"twitter:label1\" content=\"\u00c9crit par\" \/>\n\t<meta name=\"twitter:data1\" content=\"La Sentinelle\" \/>\n\t<meta name=\"twitter:label2\" content=\"Dur\u00e9e de lecture estim\u00e9e\" \/>\n\t<meta name=\"twitter:data2\" content=\"6 minutes\" \/>\n<script type=\"application\/ld+json\" class=\"yoast-schema-graph\">{\"@context\":\"https:\\\/\\\/schema.org\",\"@graph\":[{\"@type\":\"Article\",\"@id\":\"https:\\\/\\\/lasentinelle.dz\\\/index.php\\\/2024\\\/06\\\/04\\\/ghaza-des-milliers-denfants-palestiniens-risquent-de-mourir-de-faim\\\/#article\",\"isPartOf\":{\"@id\":\"https:\\\/\\\/lasentinelle.dz\\\/index.php\\\/2024\\\/06\\\/04\\\/ghaza-des-milliers-denfants-palestiniens-risquent-de-mourir-de-faim\\\/\"},\"author\":{\"name\":\"La Sentinelle\",\"@id\":\"https:\\\/\\\/lasentinelle.dz\\\/#\\\/schema\\\/person\\\/d865044e22e70a75174ce8bcad3acfb3\"},\"headline\":\"Ghaza: Des milliers d\u2019enfants palestiniens risquent de mourir de faim\",\"datePublished\":\"2024-06-04T12:15:00+00:00\",\"dateModified\":\"2024-06-05T12:33:43+00:00\",\"mainEntityOfPage\":{\"@id\":\"https:\\\/\\\/lasentinelle.dz\\\/index.php\\\/2024\\\/06\\\/04\\\/ghaza-des-milliers-denfants-palestiniens-risquent-de-mourir-de-faim\\\/\"},\"wordCount\":1093,\"commentCount\":0,\"publisher\":{\"@id\":\"https:\\\/\\\/lasentinelle.dz\\\/#organization\"},\"image\":{\"@id\":\"https:\\\/\\\/lasentinelle.dz\\\/index.php\\\/2024\\\/06\\\/04\\\/ghaza-des-milliers-denfants-palestiniens-risquent-de-mourir-de-faim\\\/#primaryimage\"},\"thumbnailUrl\":\"https:\\\/\\\/lasentinelle.dz\\\/wp-content\\\/uploads\\\/2024\\\/06\\\/famine.jpeg\",\"articleSection\":[\"\u00c0 la Une\",\"Actualit\u00e9\"],\"inLanguage\":\"fr-FR\",\"potentialAction\":[{\"@type\":\"CommentAction\",\"name\":\"Comment\",\"target\":[\"https:\\\/\\\/lasentinelle.dz\\\/index.php\\\/2024\\\/06\\\/04\\\/ghaza-des-milliers-denfants-palestiniens-risquent-de-mourir-de-faim\\\/#respond\"]}]},{\"@type\":\"WebPage\",\"@id\":\"https:\\\/\\\/lasentinelle.dz\\\/index.php\\\/2024\\\/06\\\/04\\\/ghaza-des-milliers-denfants-palestiniens-risquent-de-mourir-de-faim\\\/\",\"url\":\"https:\\\/\\\/lasentinelle.dz\\\/index.php\\\/2024\\\/06\\\/04\\\/ghaza-des-milliers-denfants-palestiniens-risquent-de-mourir-de-faim\\\/\",\"name\":\"Ghaza: Des milliers d\u2019enfants palestiniens risquent de mourir de faim - La Sentinelle\",\"isPartOf\":{\"@id\":\"https:\\\/\\\/lasentinelle.dz\\\/#website\"},\"primaryImageOfPage\":{\"@id\":\"https:\\\/\\\/lasentinelle.dz\\\/index.php\\\/2024\\\/06\\\/04\\\/ghaza-des-milliers-denfants-palestiniens-risquent-de-mourir-de-faim\\\/#primaryimage\"},\"image\":{\"@id\":\"https:\\\/\\\/lasentinelle.dz\\\/index.php\\\/2024\\\/06\\\/04\\\/ghaza-des-milliers-denfants-palestiniens-risquent-de-mourir-de-faim\\\/#primaryimage\"},\"thumbnailUrl\":\"https:\\\/\\\/lasentinelle.dz\\\/wp-content\\\/uploads\\\/2024\\\/06\\\/famine.jpeg\",\"datePublished\":\"2024-06-04T12:15:00+00:00\",\"dateModified\":\"2024-06-05T12:33:43+00:00\",\"breadcrumb\":{\"@id\":\"https:\\\/\\\/lasentinelle.dz\\\/index.php\\\/2024\\\/06\\\/04\\\/ghaza-des-milliers-denfants-palestiniens-risquent-de-mourir-de-faim\\\/#breadcrumb\"},\"inLanguage\":\"fr-FR\",\"potentialAction\":[{\"@type\":\"ReadAction\",\"target\":[\"https:\\\/\\\/lasentinelle.dz\\\/index.php\\\/2024\\\/06\\\/04\\\/ghaza-des-milliers-denfants-palestiniens-risquent-de-mourir-de-faim\\\/\"]}]},{\"@type\":\"ImageObject\",\"inLanguage\":\"fr-FR\",\"@id\":\"https:\\\/\\\/lasentinelle.dz\\\/index.php\\\/2024\\\/06\\\/04\\\/ghaza-des-milliers-denfants-palestiniens-risquent-de-mourir-de-faim\\\/#primaryimage\",\"url\":\"https:\\\/\\\/lasentinelle.dz\\\/wp-content\\\/uploads\\\/2024\\\/06\\\/famine.jpeg\",\"contentUrl\":\"https:\\\/\\\/lasentinelle.dz\\\/wp-content\\\/uploads\\\/2024\\\/06\\\/famine.jpeg\",\"width\":301,\"height\":167},{\"@type\":\"BreadcrumbList\",\"@id\":\"https:\\\/\\\/lasentinelle.dz\\\/index.php\\\/2024\\\/06\\\/04\\\/ghaza-des-milliers-denfants-palestiniens-risquent-de-mourir-de-faim\\\/#breadcrumb\",\"itemListElement\":[{\"@type\":\"ListItem\",\"position\":1,\"name\":\"Accueil\",\"item\":\"https:\\\/\\\/lasentinelle.dz\\\/\"},{\"@type\":\"ListItem\",\"position\":2,\"name\":\"Ghaza: Des milliers d\u2019enfants palestiniens risquent de mourir de faim\"}]},{\"@type\":\"WebSite\",\"@id\":\"https:\\\/\\\/lasentinelle.dz\\\/#website\",\"url\":\"https:\\\/\\\/lasentinelle.dz\\\/\",\"name\":\"La Sentinelle\",\"description\":\"Quotidien national d&#039;information\",\"publisher\":{\"@id\":\"https:\\\/\\\/lasentinelle.dz\\\/#organization\"},\"potentialAction\":[{\"@type\":\"SearchAction\",\"target\":{\"@type\":\"EntryPoint\",\"urlTemplate\":\"https:\\\/\\\/lasentinelle.dz\\\/?s={search_term_string}\"},\"query-input\":{\"@type\":\"PropertyValueSpecification\",\"valueRequired\":true,\"valueName\":\"search_term_string\"}}],\"inLanguage\":\"fr-FR\"},{\"@type\":\"Organization\",\"@id\":\"https:\\\/\\\/lasentinelle.dz\\\/#organization\",\"name\":\"Quotidien La Sentinelle\",\"url\":\"https:\\\/\\\/lasentinelle.dz\\\/\",\"logo\":{\"@type\":\"ImageObject\",\"inLanguage\":\"fr-FR\",\"@id\":\"https:\\\/\\\/lasentinelle.dz\\\/#\\\/schema\\\/logo\\\/image\\\/\",\"url\":\"https:\\\/\\\/lasentinelle.dz\\\/wp-content\\\/uploads\\\/2021\\\/09\\\/logo-sentinelleSLOGAN-1.png\",\"contentUrl\":\"https:\\\/\\\/lasentinelle.dz\\\/wp-content\\\/uploads\\\/2021\\\/09\\\/logo-sentinelleSLOGAN-1.png\",\"width\":615,\"height\":142,\"caption\":\"Quotidien La Sentinelle\"},\"image\":{\"@id\":\"https:\\\/\\\/lasentinelle.dz\\\/#\\\/schema\\\/logo\\\/image\\\/\"},\"sameAs\":[\"https:\\\/\\\/www.facebook.com\\\/La-Sentinelle-104059864394773\"]},{\"@type\":\"Person\",\"@id\":\"https:\\\/\\\/lasentinelle.dz\\\/#\\\/schema\\\/person\\\/d865044e22e70a75174ce8bcad3acfb3\",\"name\":\"La Sentinelle\",\"image\":{\"@type\":\"ImageObject\",\"inLanguage\":\"fr-FR\",\"@id\":\"https:\\\/\\\/secure.gravatar.com\\\/avatar\\\/57de8e5d4b15d43fb361a71fbb36338450fe67865b528a43dd10ef7c51a20392?s=96&d=mm&r=g\",\"url\":\"https:\\\/\\\/secure.gravatar.com\\\/avatar\\\/57de8e5d4b15d43fb361a71fbb36338450fe67865b528a43dd10ef7c51a20392?s=96&d=mm&r=g\",\"contentUrl\":\"https:\\\/\\\/secure.gravatar.com\\\/avatar\\\/57de8e5d4b15d43fb361a71fbb36338450fe67865b528a43dd10ef7c51a20392?s=96&d=mm&r=g\",\"caption\":\"La Sentinelle\"},\"sameAs\":[\"http:\\\/\\\/www.lasentinelle.dz\"],\"url\":\"https:\\\/\\\/lasentinelle.dz\\\/author\\\/redaction\\\/\"}]}<\/script>\n<!-- \/ Yoast SEO plugin. -->","yoast_head_json":{"title":"Ghaza: Des milliers d\u2019enfants palestiniens risquent de mourir de faim - La Sentinelle","robots":{"index":"index","follow":"follow","max-snippet":"max-snippet:-1","max-image-preview":"max-image-preview:large","max-video-preview":"max-video-preview:-1"},"canonical":"https:\/\/lasentinelle.dz\/index.php\/2024\/06\/04\/ghaza-des-milliers-denfants-palestiniens-risquent-de-mourir-de-faim\/","og_locale":"fr_FR","og_type":"article","og_title":"Ghaza: Des milliers d\u2019enfants palestiniens risquent de mourir de faim - La Sentinelle","og_description":"Les politiques g\u00e9nocidaires impos\u00e9es par l\u2019occupation isra\u00e9lienne \u00e0 Ghaza, notamment la famine pr\u00e9m\u00e9dit\u00e9e caus\u00e9e par le blocage des aides humanitaires","og_url":"https:\/\/lasentinelle.dz\/index.php\/2024\/06\/04\/ghaza-des-milliers-denfants-palestiniens-risquent-de-mourir-de-faim\/","og_site_name":"La Sentinelle","article_publisher":"https:\/\/www.facebook.com\/La-Sentinelle-104059864394773","article_published_time":"2024-06-04T12:15:00+00:00","article_modified_time":"2024-06-05T12:33:43+00:00","og_image":[{"width":301,"height":167,"url":"https:\/\/lasentinelle.dz\/wp-content\/uploads\/2024\/06\/famine.jpeg","type":"image\/jpeg"}],"author":"La Sentinelle","twitter_card":"summary_large_image","twitter_misc":{"\u00c9crit par":"La Sentinelle","Dur\u00e9e de lecture estim\u00e9e":"6 minutes"},"schema":{"@context":"https:\/\/schema.org","@graph":[{"@type":"Article","@id":"https:\/\/lasentinelle.dz\/index.php\/2024\/06\/04\/ghaza-des-milliers-denfants-palestiniens-risquent-de-mourir-de-faim\/#article","isPartOf":{"@id":"https:\/\/lasentinelle.dz\/index.php\/2024\/06\/04\/ghaza-des-milliers-denfants-palestiniens-risquent-de-mourir-de-faim\/"},"author":{"name":"La Sentinelle","@id":"https:\/\/lasentinelle.dz\/#\/schema\/person\/d865044e22e70a75174ce8bcad3acfb3"},"headline":"Ghaza: Des milliers d\u2019enfants palestiniens risquent de mourir de faim","datePublished":"2024-06-04T12:15:00+00:00","dateModified":"2024-06-05T12:33:43+00:00","mainEntityOfPage":{"@id":"https:\/\/lasentinelle.dz\/index.php\/2024\/06\/04\/ghaza-des-milliers-denfants-palestiniens-risquent-de-mourir-de-faim\/"},"wordCount":1093,"commentCount":0,"publisher":{"@id":"https:\/\/lasentinelle.dz\/#organization"},"image":{"@id":"https:\/\/lasentinelle.dz\/index.php\/2024\/06\/04\/ghaza-des-milliers-denfants-palestiniens-risquent-de-mourir-de-faim\/#primaryimage"},"thumbnailUrl":"https:\/\/lasentinelle.dz\/wp-content\/uploads\/2024\/06\/famine.jpeg","articleSection":["\u00c0 la Une","Actualit\u00e9"],"inLanguage":"fr-FR","potentialAction":[{"@type":"CommentAction","name":"Comment","target":["https:\/\/lasentinelle.dz\/index.php\/2024\/06\/04\/ghaza-des-milliers-denfants-palestiniens-risquent-de-mourir-de-faim\/#respond"]}]},{"@type":"WebPage","@id":"https:\/\/lasentinelle.dz\/index.php\/2024\/06\/04\/ghaza-des-milliers-denfants-palestiniens-risquent-de-mourir-de-faim\/","url":"https:\/\/lasentinelle.dz\/index.php\/2024\/06\/04\/ghaza-des-milliers-denfants-palestiniens-risquent-de-mourir-de-faim\/","name":"Ghaza: Des milliers d\u2019enfants palestiniens risquent de mourir de faim - La Sentinelle","isPartOf":{"@id":"https:\/\/lasentinelle.dz\/#website"},"primaryImageOfPage":{"@id":"https:\/\/lasentinelle.dz\/index.php\/2024\/06\/04\/ghaza-des-milliers-denfants-palestiniens-risquent-de-mourir-de-faim\/#primaryimage"},"image":{"@id":"https:\/\/lasentinelle.dz\/index.php\/2024\/06\/04\/ghaza-des-milliers-denfants-palestiniens-risquent-de-mourir-de-faim\/#primaryimage"},"thumbnailUrl":"https:\/\/lasentinelle.dz\/wp-content\/uploads\/2024\/06\/famine.jpeg","datePublished":"2024-06-04T12:15:00+00:00","dateModified":"2024-06-05T12:33:43+00:00","breadcrumb":{"@id":"https:\/\/lasentinelle.dz\/index.php\/2024\/06\/04\/ghaza-des-milliers-denfants-palestiniens-risquent-de-mourir-de-faim\/#breadcrumb"},"inLanguage":"fr-FR","potentialAction":[{"@type":"ReadAction","target":["https:\/\/lasentinelle.dz\/index.php\/2024\/06\/04\/ghaza-des-milliers-denfants-palestiniens-risquent-de-mourir-de-faim\/"]}]},{"@type":"ImageObject","inLanguage":"fr-FR","@id":"https:\/\/lasentinelle.dz\/index.php\/2024\/06\/04\/ghaza-des-milliers-denfants-palestiniens-risquent-de-mourir-de-faim\/#primaryimage","url":"https:\/\/lasentinelle.dz\/wp-content\/uploads\/2024\/06\/famine.jpeg","contentUrl":"https:\/\/lasentinelle.dz\/wp-content\/uploads\/2024\/06\/famine.jpeg","width":301,"height":167},{"@type":"BreadcrumbList","@id":"https:\/\/lasentinelle.dz\/index.php\/2024\/06\/04\/ghaza-des-milliers-denfants-palestiniens-risquent-de-mourir-de-faim\/#breadcrumb","itemListElement":[{"@type":"ListItem","position":1,"name":"Accueil","item":"https:\/\/lasentinelle.dz\/"},{"@type":"ListItem","position":2,"name":"Ghaza: Des milliers d\u2019enfants palestiniens risquent de mourir de faim"}]},{"@type":"WebSite","@id":"https:\/\/lasentinelle.dz\/#website","url":"https:\/\/lasentinelle.dz\/","name":"La Sentinelle","description":"Quotidien national d&#039;information","publisher":{"@id":"https:\/\/lasentinelle.dz\/#organization"},"potentialAction":[{"@type":"SearchAction","target":{"@type":"EntryPoint","urlTemplate":"https:\/\/lasentinelle.dz\/?s={search_term_string}"},"query-input":{"@type":"PropertyValueSpecification","valueRequired":true,"valueName":"search_term_string"}}],"inLanguage":"fr-FR"},{"@type":"Organization","@id":"https:\/\/lasentinelle.dz\/#organization","name":"Quotidien La Sentinelle","url":"https:\/\/lasentinelle.dz\/","logo":{"@type":"ImageObject","inLanguage":"fr-FR","@id":"https:\/\/lasentinelle.dz\/#\/schema\/logo\/image\/","url":"https:\/\/lasentinelle.dz\/wp-content\/uploads\/2021\/09\/logo-sentinelleSLOGAN-1.png","contentUrl":"https:\/\/lasentinelle.dz\/wp-content\/uploads\/2021\/09\/logo-sentinelleSLOGAN-1.png","width":615,"height":142,"caption":"Quotidien La Sentinelle"},"image":{"@id":"https:\/\/lasentinelle.dz\/#\/schema\/logo\/image\/"},"sameAs":["https:\/\/www.facebook.com\/La-Sentinelle-104059864394773"]},{"@type":"Person","@id":"https:\/\/lasentinelle.dz\/#\/schema\/person\/d865044e22e70a75174ce8bcad3acfb3","name":"La Sentinelle","image":{"@type":"ImageObject","inLanguage":"fr-FR","@id":"https:\/\/secure.gravatar.com\/avatar\/57de8e5d4b15d43fb361a71fbb36338450fe67865b528a43dd10ef7c51a20392?s=96&d=mm&r=g","url":"https:\/\/secure.gravatar.com\/avatar\/57de8e5d4b15d43fb361a71fbb36338450fe67865b528a43dd10ef7c51a20392?s=96&d=mm&r=g","contentUrl":"https:\/\/secure.gravatar.com\/avatar\/57de8e5d4b15d43fb361a71fbb36338450fe67865b528a43dd10ef7c51a20392?s=96&d=mm&r=g","caption":"La Sentinelle"},"sameAs":["http:\/\/www.lasentinelle.dz"],"url":"https:\/\/lasentinelle.dz\/author\/redaction\/"}]}},"_links":{"self":[{"href":"https:\/\/lasentinelle.dz\/index.php\/wp-json\/wp\/v2\/posts\/53229","targetHints":{"allow":["GET"]}}],"collection":[{"href":"https:\/\/lasentinelle.dz\/index.php\/wp-json\/wp\/v2\/posts"}],"about":[{"href":"https:\/\/lasentinelle.dz\/index.php\/wp-json\/wp\/v2\/types\/post"}],"author":[{"embeddable":true,"href":"https:\/\/lasentinelle.dz\/index.php\/wp-json\/wp\/v2\/users\/3"}],"replies":[{"embeddable":true,"href":"https:\/\/lasentinelle.dz\/index.php\/wp-json\/wp\/v2\/comments?post=53229"}],"version-history":[{"count":1,"href":"https:\/\/lasentinelle.dz\/index.php\/wp-json\/wp\/v2\/posts\/53229\/revisions"}],"predecessor-version":[{"id":53231,"href":"https:\/\/lasentinelle.dz\/index.php\/wp-json\/wp\/v2\/posts\/53229\/revisions\/53231"}],"wp:featuredmedia":[{"embeddable":true,"href":"https:\/\/lasentinelle.dz\/index.php\/wp-json\/wp\/v2\/media\/53230"}],"wp:attachment":[{"href":"https:\/\/lasentinelle.dz\/index.php\/wp-json\/wp\/v2\/media?parent=53229"}],"wp:term":[{"taxonomy":"category","embeddable":true,"href":"https:\/\/lasentinelle.dz\/index.php\/wp-json\/wp\/v2\/categories?post=53229"},{"taxonomy":"post_tag","embeddable":true,"href":"https:\/\/lasentinelle.dz\/index.php\/wp-json\/wp\/v2\/tags?post=53229"}],"curies":[{"name":"wp","href":"https:\/\/api.w.org\/{rel}","templated":true}]}}