{"id":53256,"date":"2024-06-05T14:50:54","date_gmt":"2024-06-05T13:50:54","guid":{"rendered":"https:\/\/lasentinelle.dz\/?p=53256"},"modified":"2024-06-05T14:50:58","modified_gmt":"2024-06-05T13:50:58","slug":"promotion-des-investissements-et-des-exportations-le-satisfecit-des-patrons","status":"publish","type":"post","link":"https:\/\/lasentinelle.dz\/index.php\/2024\/06\/05\/promotion-des-investissements-et-des-exportations-le-satisfecit-des-patrons\/","title":{"rendered":"Promotion des investissements et des exportations: Le satisfecit des patrons"},"content":{"rendered":"\n<p>Le Premier ministre a re\u00e7u hier le pr\u00e9sident du Conseil du renouveau \u00e9conomique alg\u00e9rien afin de se pencher les mesures d&rsquo;accompagnement prises en faveur des op\u00e9rateurs \u00e9conomiques. Une rencontre qui intervient quelques jours apr\u00e8s l\u2019annonce d\u2019une baisse des taux d\u2019int\u00e9r\u00eat pour favoriser les investissements.<\/p>\n\n\n\n<p>Un communiqu\u00e9 de la Primature a annonc\u00e9 hier la tenue d\u2019une rencontre entre le Premier ministre, Nadir Larbaoui, et le pr\u00e9sident du Conseil du renouveau \u00e9conomique alg\u00e9rien (CREA), Kamel Moula. Une rencontre qui a permis de passer en revue les mesures d&rsquo;accompagnement prises en faveur des op\u00e9rateurs \u00e9conomiques, notamment en ce qui concerne le foncier \u00e9conomique, les zones franches et la promotion des exportations, conform\u00e9ment aux orientations du pr\u00e9sident de la R\u00e9publique, &nbsp;Abdelmadjid Tebboune.<\/p>\n\n\n\n<p>\u00ab\u00a0Dans le cadre des rencontres p\u00e9riodiques avec les partenaires \u00e9conomiques et sociaux, le Premier ministre, M. Nadir Larbaoui, a re\u00e7u, mardi 4 juin 2024 au Palais du Gouvernement, le pr\u00e9sident du Conseil du renouveau \u00e9conomique alg\u00e9rien (CREA), M. Kamel Moula, avec qui il a pass\u00e9 en revue les diff\u00e9rentes mesures d&rsquo;accompagnement prises par le Gouvernement en faveur des op\u00e9rateurs \u00e9conomiques, conform\u00e9ment aux orientations du pr\u00e9sident de la R\u00e9publique, notamment en ce qui concerne le foncier \u00e9conomique destin\u00e9 \u00e0 l&rsquo;investissement, la cr\u00e9ation de zones franches et la promotion des exportations\u00a0\u00bb, lit-on dans le communiqu\u00e9.<\/p>\n\n\n\n<p>Les discussions ont \u00e9galement port\u00e9 sur la question des taux d&rsquo;int\u00e9r\u00eat sur les cr\u00e9dits destin\u00e9s \u00e0 l&rsquo;investissement et les moyens de d\u00e9velopper le tourisme national et de promouvoir le E-paiement, et ce, conform\u00e9ment aux orientations du pr\u00e9sident de la R\u00e9publique, selon la m\u00eame source.<\/p>\n\n\n\n<p>De son c\u00f4t\u00e9, le pr\u00e9sident du CREA s&rsquo;est dit satisfait de \u00ab\u00a0la progression du volume des investissements enregistr\u00e9s ces derniers mois\u00a0\u00bb et \u00ab\u00a0des mesures prises par le pr\u00e9sident de la R\u00e9publique pour accompagner les op\u00e9rateurs \u00e9conomiques et lever les obstacles entravant les projets d&rsquo;investissement, en vue de soutenir l&rsquo;\u00e9conomie nationale et de r\u00e9aliser un d\u00e9veloppement \u00e9conomique global\u00a0\u00bb, conclut le communiqu\u00e9. Il faut dire que plusieurs mesures annonc\u00e9es par le gouvernement dans le cadre de l\u2019accompagnement des op\u00e9rateurs \u00e9conomiques ont \u00e9t\u00e9 concr\u00e9tis\u00e9es au cours des derniers mois. Au-del\u00e0 de la promulgation du cadre r\u00e9glementaire r\u00e9gissant le foncier \u00e9conomique \u00e0 la fin de 2023 et du lancement de la plateforme de l\u2019investisseur au mois de f\u00e9vrier, les derniers jours ont \u00e9t\u00e9 marqu\u00e9s par la promulgation de plusieurs textes permettant la concr\u00e9tisation des engagements des pouvoirs publics, notamment en ce qui concerne l\u2019accompagnement des exportateurs. C\u2019est le cas du fonds de promotion des exportations r\u00e9introduit par la Loi de finances 2024 et dont le fonctionnement vient d\u2019\u00eatre d\u00e9fini, ou encore pour les zones Franches dont les modalit\u00e9s de gestion et de concession ont \u00e9t\u00e9 fix\u00e9es il y a quelques jours. Cette rencontre intervient aussi au moment&nbsp; o\u00f9 les pouvoirs publics ont annonc\u00e9 une baisse des taux d\u2019int\u00e9r\u00eat pour favoriser les investissements.<\/p>\n\n\n\n<p>Sabrina Aziouez<\/p>\n","protected":false},"excerpt":{"rendered":"<p>Le Premier ministre a re\u00e7u hier le pr\u00e9sident du Conseil du renouveau \u00e9conomique alg\u00e9rien afin de se pencher les mesures<\/p>\n","protected":false},"author":3,"featured_media":39444,"comment_status":"open","ping_status":"closed","sticky":false,"template":"","format":"standard","meta":{"colormag_page_container_layout":"default_layout","colormag_page_sidebar_layout":"default_layout","om_disable_all_campaigns":false,"_monsterinsights_skip_tracking":false,"_monsterinsights_sitenote_active":false,"_monsterinsights_sitenote_note":"","_monsterinsights_sitenote_category":0,"footnotes":"","_wpscppro_dont_share_socialmedia":false,"_wpscppro_custom_social_share_image":0,"_facebook_share_type":"default","_twitter_share_type":"default","_linkedin_share_type":"default","_pinterest_share_type":"default","_linkedin_share_type_page":"","_instagram_share_type":"default","_medium_share_type":"","_threads_share_type":"","_google_business_share_type":"","_selected_social_profile":[],"_wpsp_enable_custom_social_template":false,"_wpsp_social_scheduling":{"enabled":false,"datetime":null,"platforms":[],"status":"template_only","dateOption":"today","timeOption":"now","customDays":"","customHours":"","customDate":"","customTime":"","schedulingType":"absolute"},"_wpsp_active_default_template":true},"categories":[52,29],"tags":[],"class_list":["post-53256","post","type-post","status-publish","format-standard","has-post-thumbnail","hentry","category-a-la-une","category-economie"],"aioseo_notices":[],"yoast_head":"<!-- This site is optimized with the Yoast SEO plugin v27.5 - https:\/\/yoast.com\/product\/yoast-seo-wordpress\/ -->\n<title>Promotion des investissements et des exportations: Le satisfecit des patrons - La Sentinelle<\/title>\n<meta name=\"robots\" content=\"index, follow, max-snippet:-1, max-image-preview:large, max-video-preview:-1\" \/>\n<link rel=\"canonical\" href=\"https:\/\/lasentinelle.dz\/index.php\/2024\/06\/05\/promotion-des-investissements-et-des-exportations-le-satisfecit-des-patrons\/\" \/>\n<meta property=\"og:locale\" content=\"fr_FR\" \/>\n<meta property=\"og:type\" content=\"article\" \/>\n<meta property=\"og:title\" content=\"Promotion des investissements et des exportations: Le satisfecit des patrons - La Sentinelle\" \/>\n<meta property=\"og:description\" content=\"Le Premier ministre a re\u00e7u hier le pr\u00e9sident du Conseil du renouveau \u00e9conomique alg\u00e9rien afin de se pencher les mesures\" \/>\n<meta property=\"og:url\" content=\"https:\/\/lasentinelle.dz\/index.php\/2024\/06\/05\/promotion-des-investissements-et-des-exportations-le-satisfecit-des-patrons\/\" \/>\n<meta property=\"og:site_name\" content=\"La Sentinelle\" \/>\n<meta property=\"article:publisher\" content=\"https:\/\/www.facebook.com\/La-Sentinelle-104059864394773\" \/>\n<meta property=\"article:published_time\" content=\"2024-06-05T13:50:54+00:00\" \/>\n<meta property=\"article:modified_time\" content=\"2024-06-05T13:50:58+00:00\" \/>\n<meta property=\"og:image\" content=\"https:\/\/lasentinelle.dz\/wp-content\/uploads\/2023\/04\/palais-du-gouvernement.png\" \/>\n\t<meta property=\"og:image:width\" content=\"1349\" \/>\n\t<meta property=\"og:image:height\" content=\"900\" \/>\n\t<meta property=\"og:image:type\" content=\"image\/png\" \/>\n<meta name=\"author\" content=\"La Sentinelle\" \/>\n<meta name=\"twitter:card\" content=\"summary_large_image\" \/>\n<meta name=\"twitter:label1\" content=\"\u00c9crit par\" \/>\n\t<meta name=\"twitter:data1\" content=\"La Sentinelle\" \/>\n\t<meta name=\"twitter:label2\" content=\"Dur\u00e9e de lecture estim\u00e9e\" \/>\n\t<meta name=\"twitter:data2\" content=\"3 minutes\" \/>\n<script type=\"application\/ld+json\" class=\"yoast-schema-graph\">{\"@context\":\"https:\\\/\\\/schema.org\",\"@graph\":[{\"@type\":\"Article\",\"@id\":\"https:\\\/\\\/lasentinelle.dz\\\/index.php\\\/2024\\\/06\\\/05\\\/promotion-des-investissements-et-des-exportations-le-satisfecit-des-patrons\\\/#article\",\"isPartOf\":{\"@id\":\"https:\\\/\\\/lasentinelle.dz\\\/index.php\\\/2024\\\/06\\\/05\\\/promotion-des-investissements-et-des-exportations-le-satisfecit-des-patrons\\\/\"},\"author\":{\"name\":\"La Sentinelle\",\"@id\":\"https:\\\/\\\/lasentinelle.dz\\\/#\\\/schema\\\/person\\\/d865044e22e70a75174ce8bcad3acfb3\"},\"headline\":\"Promotion des investissements et des exportations: Le satisfecit des patrons\",\"datePublished\":\"2024-06-05T13:50:54+00:00\",\"dateModified\":\"2024-06-05T13:50:58+00:00\",\"mainEntityOfPage\":{\"@id\":\"https:\\\/\\\/lasentinelle.dz\\\/index.php\\\/2024\\\/06\\\/05\\\/promotion-des-investissements-et-des-exportations-le-satisfecit-des-patrons\\\/\"},\"wordCount\":544,\"commentCount\":0,\"publisher\":{\"@id\":\"https:\\\/\\\/lasentinelle.dz\\\/#organization\"},\"image\":{\"@id\":\"https:\\\/\\\/lasentinelle.dz\\\/index.php\\\/2024\\\/06\\\/05\\\/promotion-des-investissements-et-des-exportations-le-satisfecit-des-patrons\\\/#primaryimage\"},\"thumbnailUrl\":\"https:\\\/\\\/lasentinelle.dz\\\/wp-content\\\/uploads\\\/2023\\\/04\\\/palais-du-gouvernement.png\",\"articleSection\":[\"\u00c0 la Une\",\"\u00c9conomie\"],\"inLanguage\":\"fr-FR\",\"potentialAction\":[{\"@type\":\"CommentAction\",\"name\":\"Comment\",\"target\":[\"https:\\\/\\\/lasentinelle.dz\\\/index.php\\\/2024\\\/06\\\/05\\\/promotion-des-investissements-et-des-exportations-le-satisfecit-des-patrons\\\/#respond\"]}]},{\"@type\":\"WebPage\",\"@id\":\"https:\\\/\\\/lasentinelle.dz\\\/index.php\\\/2024\\\/06\\\/05\\\/promotion-des-investissements-et-des-exportations-le-satisfecit-des-patrons\\\/\",\"url\":\"https:\\\/\\\/lasentinelle.dz\\\/index.php\\\/2024\\\/06\\\/05\\\/promotion-des-investissements-et-des-exportations-le-satisfecit-des-patrons\\\/\",\"name\":\"Promotion des investissements et des exportations: Le satisfecit des patrons - La Sentinelle\",\"isPartOf\":{\"@id\":\"https:\\\/\\\/lasentinelle.dz\\\/#website\"},\"primaryImageOfPage\":{\"@id\":\"https:\\\/\\\/lasentinelle.dz\\\/index.php\\\/2024\\\/06\\\/05\\\/promotion-des-investissements-et-des-exportations-le-satisfecit-des-patrons\\\/#primaryimage\"},\"image\":{\"@id\":\"https:\\\/\\\/lasentinelle.dz\\\/index.php\\\/2024\\\/06\\\/05\\\/promotion-des-investissements-et-des-exportations-le-satisfecit-des-patrons\\\/#primaryimage\"},\"thumbnailUrl\":\"https:\\\/\\\/lasentinelle.dz\\\/wp-content\\\/uploads\\\/2023\\\/04\\\/palais-du-gouvernement.png\",\"datePublished\":\"2024-06-05T13:50:54+00:00\",\"dateModified\":\"2024-06-05T13:50:58+00:00\",\"breadcrumb\":{\"@id\":\"https:\\\/\\\/lasentinelle.dz\\\/index.php\\\/2024\\\/06\\\/05\\\/promotion-des-investissements-et-des-exportations-le-satisfecit-des-patrons\\\/#breadcrumb\"},\"inLanguage\":\"fr-FR\",\"potentialAction\":[{\"@type\":\"ReadAction\",\"target\":[\"https:\\\/\\\/lasentinelle.dz\\\/index.php\\\/2024\\\/06\\\/05\\\/promotion-des-investissements-et-des-exportations-le-satisfecit-des-patrons\\\/\"]}]},{\"@type\":\"ImageObject\",\"inLanguage\":\"fr-FR\",\"@id\":\"https:\\\/\\\/lasentinelle.dz\\\/index.php\\\/2024\\\/06\\\/05\\\/promotion-des-investissements-et-des-exportations-le-satisfecit-des-patrons\\\/#primaryimage\",\"url\":\"https:\\\/\\\/lasentinelle.dz\\\/wp-content\\\/uploads\\\/2023\\\/04\\\/palais-du-gouvernement.png\",\"contentUrl\":\"https:\\\/\\\/lasentinelle.dz\\\/wp-content\\\/uploads\\\/2023\\\/04\\\/palais-du-gouvernement.png\",\"width\":1349,\"height\":900},{\"@type\":\"BreadcrumbList\",\"@id\":\"https:\\\/\\\/lasentinelle.dz\\\/index.php\\\/2024\\\/06\\\/05\\\/promotion-des-investissements-et-des-exportations-le-satisfecit-des-patrons\\\/#breadcrumb\",\"itemListElement\":[{\"@type\":\"ListItem\",\"position\":1,\"name\":\"Accueil\",\"item\":\"https:\\\/\\\/lasentinelle.dz\\\/\"},{\"@type\":\"ListItem\",\"position\":2,\"name\":\"Promotion des investissements et des exportations: Le satisfecit des patrons\"}]},{\"@type\":\"WebSite\",\"@id\":\"https:\\\/\\\/lasentinelle.dz\\\/#website\",\"url\":\"https:\\\/\\\/lasentinelle.dz\\\/\",\"name\":\"La Sentinelle\",\"description\":\"Quotidien national d&#039;information\",\"publisher\":{\"@id\":\"https:\\\/\\\/lasentinelle.dz\\\/#organization\"},\"potentialAction\":[{\"@type\":\"SearchAction\",\"target\":{\"@type\":\"EntryPoint\",\"urlTemplate\":\"https:\\\/\\\/lasentinelle.dz\\\/?s={search_term_string}\"},\"query-input\":{\"@type\":\"PropertyValueSpecification\",\"valueRequired\":true,\"valueName\":\"search_term_string\"}}],\"inLanguage\":\"fr-FR\"},{\"@type\":\"Organization\",\"@id\":\"https:\\\/\\\/lasentinelle.dz\\\/#organization\",\"name\":\"Quotidien La Sentinelle\",\"url\":\"https:\\\/\\\/lasentinelle.dz\\\/\",\"logo\":{\"@type\":\"ImageObject\",\"inLanguage\":\"fr-FR\",\"@id\":\"https:\\\/\\\/lasentinelle.dz\\\/#\\\/schema\\\/logo\\\/image\\\/\",\"url\":\"https:\\\/\\\/lasentinelle.dz\\\/wp-content\\\/uploads\\\/2021\\\/09\\\/logo-sentinelleSLOGAN-1.png\",\"contentUrl\":\"https:\\\/\\\/lasentinelle.dz\\\/wp-content\\\/uploads\\\/2021\\\/09\\\/logo-sentinelleSLOGAN-1.png\",\"width\":615,\"height\":142,\"caption\":\"Quotidien La Sentinelle\"},\"image\":{\"@id\":\"https:\\\/\\\/lasentinelle.dz\\\/#\\\/schema\\\/logo\\\/image\\\/\"},\"sameAs\":[\"https:\\\/\\\/www.facebook.com\\\/La-Sentinelle-104059864394773\"]},{\"@type\":\"Person\",\"@id\":\"https:\\\/\\\/lasentinelle.dz\\\/#\\\/schema\\\/person\\\/d865044e22e70a75174ce8bcad3acfb3\",\"name\":\"La Sentinelle\",\"image\":{\"@type\":\"ImageObject\",\"inLanguage\":\"fr-FR\",\"@id\":\"https:\\\/\\\/secure.gravatar.com\\\/avatar\\\/57de8e5d4b15d43fb361a71fbb36338450fe67865b528a43dd10ef7c51a20392?s=96&d=mm&r=g\",\"url\":\"https:\\\/\\\/secure.gravatar.com\\\/avatar\\\/57de8e5d4b15d43fb361a71fbb36338450fe67865b528a43dd10ef7c51a20392?s=96&d=mm&r=g\",\"contentUrl\":\"https:\\\/\\\/secure.gravatar.com\\\/avatar\\\/57de8e5d4b15d43fb361a71fbb36338450fe67865b528a43dd10ef7c51a20392?s=96&d=mm&r=g\",\"caption\":\"La Sentinelle\"},\"sameAs\":[\"http:\\\/\\\/www.lasentinelle.dz\"],\"url\":\"https:\\\/\\\/lasentinelle.dz\\\/author\\\/redaction\\\/\"}]}<\/script>\n<!-- \/ Yoast SEO plugin. -->","yoast_head_json":{"title":"Promotion des investissements et des exportations: Le satisfecit des patrons - La Sentinelle","robots":{"index":"index","follow":"follow","max-snippet":"max-snippet:-1","max-image-preview":"max-image-preview:large","max-video-preview":"max-video-preview:-1"},"canonical":"https:\/\/lasentinelle.dz\/index.php\/2024\/06\/05\/promotion-des-investissements-et-des-exportations-le-satisfecit-des-patrons\/","og_locale":"fr_FR","og_type":"article","og_title":"Promotion des investissements et des exportations: Le satisfecit des patrons - La Sentinelle","og_description":"Le Premier ministre a re\u00e7u hier le pr\u00e9sident du Conseil du renouveau \u00e9conomique alg\u00e9rien afin de se pencher les mesures","og_url":"https:\/\/lasentinelle.dz\/index.php\/2024\/06\/05\/promotion-des-investissements-et-des-exportations-le-satisfecit-des-patrons\/","og_site_name":"La Sentinelle","article_publisher":"https:\/\/www.facebook.com\/La-Sentinelle-104059864394773","article_published_time":"2024-06-05T13:50:54+00:00","article_modified_time":"2024-06-05T13:50:58+00:00","og_image":[{"width":1349,"height":900,"url":"https:\/\/lasentinelle.dz\/wp-content\/uploads\/2023\/04\/palais-du-gouvernement.png","type":"image\/png"}],"author":"La Sentinelle","twitter_card":"summary_large_image","twitter_misc":{"\u00c9crit par":"La Sentinelle","Dur\u00e9e de lecture estim\u00e9e":"3 minutes"},"schema":{"@context":"https:\/\/schema.org","@graph":[{"@type":"Article","@id":"https:\/\/lasentinelle.dz\/index.php\/2024\/06\/05\/promotion-des-investissements-et-des-exportations-le-satisfecit-des-patrons\/#article","isPartOf":{"@id":"https:\/\/lasentinelle.dz\/index.php\/2024\/06\/05\/promotion-des-investissements-et-des-exportations-le-satisfecit-des-patrons\/"},"author":{"name":"La Sentinelle","@id":"https:\/\/lasentinelle.dz\/#\/schema\/person\/d865044e22e70a75174ce8bcad3acfb3"},"headline":"Promotion des investissements et des exportations: Le satisfecit des patrons","datePublished":"2024-06-05T13:50:54+00:00","dateModified":"2024-06-05T13:50:58+00:00","mainEntityOfPage":{"@id":"https:\/\/lasentinelle.dz\/index.php\/2024\/06\/05\/promotion-des-investissements-et-des-exportations-le-satisfecit-des-patrons\/"},"wordCount":544,"commentCount":0,"publisher":{"@id":"https:\/\/lasentinelle.dz\/#organization"},"image":{"@id":"https:\/\/lasentinelle.dz\/index.php\/2024\/06\/05\/promotion-des-investissements-et-des-exportations-le-satisfecit-des-patrons\/#primaryimage"},"thumbnailUrl":"https:\/\/lasentinelle.dz\/wp-content\/uploads\/2023\/04\/palais-du-gouvernement.png","articleSection":["\u00c0 la Une","\u00c9conomie"],"inLanguage":"fr-FR","potentialAction":[{"@type":"CommentAction","name":"Comment","target":["https:\/\/lasentinelle.dz\/index.php\/2024\/06\/05\/promotion-des-investissements-et-des-exportations-le-satisfecit-des-patrons\/#respond"]}]},{"@type":"WebPage","@id":"https:\/\/lasentinelle.dz\/index.php\/2024\/06\/05\/promotion-des-investissements-et-des-exportations-le-satisfecit-des-patrons\/","url":"https:\/\/lasentinelle.dz\/index.php\/2024\/06\/05\/promotion-des-investissements-et-des-exportations-le-satisfecit-des-patrons\/","name":"Promotion des investissements et des exportations: Le satisfecit des patrons - La Sentinelle","isPartOf":{"@id":"https:\/\/lasentinelle.dz\/#website"},"primaryImageOfPage":{"@id":"https:\/\/lasentinelle.dz\/index.php\/2024\/06\/05\/promotion-des-investissements-et-des-exportations-le-satisfecit-des-patrons\/#primaryimage"},"image":{"@id":"https:\/\/lasentinelle.dz\/index.php\/2024\/06\/05\/promotion-des-investissements-et-des-exportations-le-satisfecit-des-patrons\/#primaryimage"},"thumbnailUrl":"https:\/\/lasentinelle.dz\/wp-content\/uploads\/2023\/04\/palais-du-gouvernement.png","datePublished":"2024-06-05T13:50:54+00:00","dateModified":"2024-06-05T13:50:58+00:00","breadcrumb":{"@id":"https:\/\/lasentinelle.dz\/index.php\/2024\/06\/05\/promotion-des-investissements-et-des-exportations-le-satisfecit-des-patrons\/#breadcrumb"},"inLanguage":"fr-FR","potentialAction":[{"@type":"ReadAction","target":["https:\/\/lasentinelle.dz\/index.php\/2024\/06\/05\/promotion-des-investissements-et-des-exportations-le-satisfecit-des-patrons\/"]}]},{"@type":"ImageObject","inLanguage":"fr-FR","@id":"https:\/\/lasentinelle.dz\/index.php\/2024\/06\/05\/promotion-des-investissements-et-des-exportations-le-satisfecit-des-patrons\/#primaryimage","url":"https:\/\/lasentinelle.dz\/wp-content\/uploads\/2023\/04\/palais-du-gouvernement.png","contentUrl":"https:\/\/lasentinelle.dz\/wp-content\/uploads\/2023\/04\/palais-du-gouvernement.png","width":1349,"height":900},{"@type":"BreadcrumbList","@id":"https:\/\/lasentinelle.dz\/index.php\/2024\/06\/05\/promotion-des-investissements-et-des-exportations-le-satisfecit-des-patrons\/#breadcrumb","itemListElement":[{"@type":"ListItem","position":1,"name":"Accueil","item":"https:\/\/lasentinelle.dz\/"},{"@type":"ListItem","position":2,"name":"Promotion des investissements et des exportations: Le satisfecit des patrons"}]},{"@type":"WebSite","@id":"https:\/\/lasentinelle.dz\/#website","url":"https:\/\/lasentinelle.dz\/","name":"La Sentinelle","description":"Quotidien national d&#039;information","publisher":{"@id":"https:\/\/lasentinelle.dz\/#organization"},"potentialAction":[{"@type":"SearchAction","target":{"@type":"EntryPoint","urlTemplate":"https:\/\/lasentinelle.dz\/?s={search_term_string}"},"query-input":{"@type":"PropertyValueSpecification","valueRequired":true,"valueName":"search_term_string"}}],"inLanguage":"fr-FR"},{"@type":"Organization","@id":"https:\/\/lasentinelle.dz\/#organization","name":"Quotidien La Sentinelle","url":"https:\/\/lasentinelle.dz\/","logo":{"@type":"ImageObject","inLanguage":"fr-FR","@id":"https:\/\/lasentinelle.dz\/#\/schema\/logo\/image\/","url":"https:\/\/lasentinelle.dz\/wp-content\/uploads\/2021\/09\/logo-sentinelleSLOGAN-1.png","contentUrl":"https:\/\/lasentinelle.dz\/wp-content\/uploads\/2021\/09\/logo-sentinelleSLOGAN-1.png","width":615,"height":142,"caption":"Quotidien La Sentinelle"},"image":{"@id":"https:\/\/lasentinelle.dz\/#\/schema\/logo\/image\/"},"sameAs":["https:\/\/www.facebook.com\/La-Sentinelle-104059864394773"]},{"@type":"Person","@id":"https:\/\/lasentinelle.dz\/#\/schema\/person\/d865044e22e70a75174ce8bcad3acfb3","name":"La Sentinelle","image":{"@type":"ImageObject","inLanguage":"fr-FR","@id":"https:\/\/secure.gravatar.com\/avatar\/57de8e5d4b15d43fb361a71fbb36338450fe67865b528a43dd10ef7c51a20392?s=96&d=mm&r=g","url":"https:\/\/secure.gravatar.com\/avatar\/57de8e5d4b15d43fb361a71fbb36338450fe67865b528a43dd10ef7c51a20392?s=96&d=mm&r=g","contentUrl":"https:\/\/secure.gravatar.com\/avatar\/57de8e5d4b15d43fb361a71fbb36338450fe67865b528a43dd10ef7c51a20392?s=96&d=mm&r=g","caption":"La Sentinelle"},"sameAs":["http:\/\/www.lasentinelle.dz"],"url":"https:\/\/lasentinelle.dz\/author\/redaction\/"}]}},"_links":{"self":[{"href":"https:\/\/lasentinelle.dz\/index.php\/wp-json\/wp\/v2\/posts\/53256","targetHints":{"allow":["GET"]}}],"collection":[{"href":"https:\/\/lasentinelle.dz\/index.php\/wp-json\/wp\/v2\/posts"}],"about":[{"href":"https:\/\/lasentinelle.dz\/index.php\/wp-json\/wp\/v2\/types\/post"}],"author":[{"embeddable":true,"href":"https:\/\/lasentinelle.dz\/index.php\/wp-json\/wp\/v2\/users\/3"}],"replies":[{"embeddable":true,"href":"https:\/\/lasentinelle.dz\/index.php\/wp-json\/wp\/v2\/comments?post=53256"}],"version-history":[{"count":1,"href":"https:\/\/lasentinelle.dz\/index.php\/wp-json\/wp\/v2\/posts\/53256\/revisions"}],"predecessor-version":[{"id":53257,"href":"https:\/\/lasentinelle.dz\/index.php\/wp-json\/wp\/v2\/posts\/53256\/revisions\/53257"}],"wp:featuredmedia":[{"embeddable":true,"href":"https:\/\/lasentinelle.dz\/index.php\/wp-json\/wp\/v2\/media\/39444"}],"wp:attachment":[{"href":"https:\/\/lasentinelle.dz\/index.php\/wp-json\/wp\/v2\/media?parent=53256"}],"wp:term":[{"taxonomy":"category","embeddable":true,"href":"https:\/\/lasentinelle.dz\/index.php\/wp-json\/wp\/v2\/categories?post=53256"},{"taxonomy":"post_tag","embeddable":true,"href":"https:\/\/lasentinelle.dz\/index.php\/wp-json\/wp\/v2\/tags?post=53256"}],"curies":[{"name":"wp","href":"https:\/\/api.w.org\/{rel}","templated":true}]}}