{"id":53261,"date":"2024-06-05T14:59:46","date_gmt":"2024-06-05T13:59:46","guid":{"rendered":"https:\/\/lasentinelle.dz\/?p=53261"},"modified":"2024-06-05T14:59:51","modified_gmt":"2024-06-05T13:59:51","slug":"attaf-plaide-pour-la-reconnaissance-de-letat-de-palestine","status":"publish","type":"post","link":"https:\/\/lasentinelle.dz\/index.php\/2024\/06\/05\/attaf-plaide-pour-la-reconnaissance-de-letat-de-palestine\/","title":{"rendered":"Attaf plaide pour la reconnaissance de l\u2019Etat de Palestine"},"content":{"rendered":"\n<p>&nbsp;Le ministre des Affaires \u00e9trang\u00e8res et de la Communaut\u00e9 nationale \u00e0 l&rsquo;\u00e9tranger, Ahmed Attaf, qui a pris partn en tant que pr\u00e9sident de la R\u00e9publique Abdelmadjid Tebboune au Sommet Afrique-Cor\u00e9e, ouvert hier \u00e0 S\u00e9oul, a plaid\u00e9 pour la reconnaissance officielle de l\u2019Etat de Palestine. Selon un communiqu\u00e9 du minist\u00e8re des Affaires \u00e9trang\u00e8res, Attaf a salu\u00e9 \u00ab\u00a0le soutien et le vote de la Cor\u00e9e du Sud en faveur de l&rsquo;admission de plein droit de la Palestine \u00e0 l&rsquo;ONU\u00a0\u00bb. Dans le prolongement de cette position honorable, M. Attaf a \u00ab\u00a0souhait\u00e9 voir la R\u00e9publique de Cor\u00e9e reconna\u00eetre l&rsquo;Etat de Palestine\u00a0\u00bb. Il s\u2019est aussi f\u00e9licit\u00e9 du \u00ab\u00a0niveau de coordination entre le bloc africain au Conseil de s\u00e9curit\u00e9, ou Groupe A3, et la R\u00e9publique de Cor\u00e9e\u00a0\u00bb. Lors de cette premi\u00e8re r\u00e9union organis\u00e9e au niveau du sommet entre les Etats africains et la R\u00e9publique de Cor\u00e9e, Attaf a affirm\u00e9 que \u00ab\u00a0l&rsquo;Alg\u00e9rie aspire \u00e0 ce que le partenariat de haut niveau Afrique-Cor\u00e9e apporte une plus-value qualitative\u00a0\u00bb, soulignant \u00ab\u00a0la n\u00e9cessit\u00e9 pour ce partenariat de d\u00e9passer le champ limit\u00e9 de la relation entre donateurs et b\u00e9n\u00e9ficiaires et de r\u00e9pondre aux priorit\u00e9s du continent, en veillant \u00e0 ce qu&rsquo;il n&rsquo;y ait aucune distinction ni discrimination entre les enfants du m\u00eame continent\u00a0\u00bb. S&rsquo;agissant du volet \u00e9conomique de ce partenariat, le ministre a salu\u00e9 les initiatives et les offres de coop\u00e9ration pr\u00e9sent\u00e9es par la R\u00e9publique de Cor\u00e9e pour renforcer le partenariat avec l&rsquo;Afrique dans septdomaines cl\u00e9s, affirmant que \u00ab\u00a0ces domaines cadrent parfaitement avec les priorit\u00e9s de l&rsquo;Agenda 2063\u00a0\u00bb. M. Attaf s&rsquo;est, par ailleurs, r\u00e9joui des \u00ab\u00a0mesures concr\u00e8tes annonc\u00e9es par la R\u00e9publique de Cor\u00e9e pour booster les investissements cor\u00e9ens en Afrique et augmenter la valeur des aides au d\u00e9veloppement destin\u00e9es aux pays africains\u00a0\u00bb. Le ministre des Affaires \u00e9trang\u00e8res a conclu son allocution en soutenant que \u00ab\u00a0l&rsquo;Alg\u00e9rie, qui est li\u00e9e \u00e0 la R\u00e9publique de Cor\u00e9e, par un partenariat strat\u00e9gique bilat\u00e9ral, ne m\u00e9nagera aucun effort pour contribuer \u00e0 la concr\u00e9tisation des diff\u00e9rents programmes et activit\u00e9s adopt\u00e9s par le Sommet, au service des objectifs de paix, de s\u00e9curit\u00e9 et de d\u00e9veloppement en Afrique\u00a0\u00bb.<\/p>\n\n\n\n<p>R.N.<\/p>\n","protected":false},"excerpt":{"rendered":"<p>&nbsp;Le ministre des Affaires \u00e9trang\u00e8res et de la Communaut\u00e9 nationale \u00e0 l&rsquo;\u00e9tranger, Ahmed Attaf, qui a pris partn en tant<\/p>\n","protected":false},"author":3,"featured_media":51725,"comment_status":"open","ping_status":"closed","sticky":false,"template":"","format":"standard","meta":{"colormag_page_container_layout":"default_layout","colormag_page_sidebar_layout":"default_layout","om_disable_all_campaigns":false,"_monsterinsights_skip_tracking":false,"_monsterinsights_sitenote_active":false,"_monsterinsights_sitenote_note":"","_monsterinsights_sitenote_category":0,"footnotes":"","_wpscppro_dont_share_socialmedia":false,"_wpscppro_custom_social_share_image":0,"_facebook_share_type":"default","_twitter_share_type":"default","_linkedin_share_type":"default","_pinterest_share_type":"default","_linkedin_share_type_page":"","_instagram_share_type":"default","_medium_share_type":"","_threads_share_type":"","_google_business_share_type":"","_selected_social_profile":[],"_wpsp_enable_custom_social_template":false,"_wpsp_social_scheduling":{"enabled":false,"datetime":null,"platforms":[],"status":"template_only","dateOption":"today","timeOption":"now","customDays":"","customHours":"","customDate":"","customTime":"","schedulingType":"absolute"},"_wpsp_active_default_template":true},"categories":[27],"tags":[],"class_list":["post-53261","post","type-post","status-publish","format-standard","has-post-thumbnail","hentry","category-actualite"],"aioseo_notices":[],"yoast_head":"<!-- This site is optimized with the Yoast SEO plugin v27.5 - https:\/\/yoast.com\/product\/yoast-seo-wordpress\/ -->\n<title>Attaf plaide pour la reconnaissance de l\u2019Etat de Palestine - La Sentinelle<\/title>\n<meta name=\"robots\" content=\"index, follow, max-snippet:-1, max-image-preview:large, max-video-preview:-1\" \/>\n<link rel=\"canonical\" href=\"https:\/\/lasentinelle.dz\/index.php\/2024\/06\/05\/attaf-plaide-pour-la-reconnaissance-de-letat-de-palestine\/\" \/>\n<meta property=\"og:locale\" content=\"fr_FR\" \/>\n<meta property=\"og:type\" content=\"article\" \/>\n<meta property=\"og:title\" content=\"Attaf plaide pour la reconnaissance de l\u2019Etat de Palestine - La Sentinelle\" \/>\n<meta property=\"og:description\" content=\"&nbsp;Le ministre des Affaires \u00e9trang\u00e8res et de la Communaut\u00e9 nationale \u00e0 l&rsquo;\u00e9tranger, Ahmed Attaf, qui a pris partn en tant\" \/>\n<meta property=\"og:url\" content=\"https:\/\/lasentinelle.dz\/index.php\/2024\/06\/05\/attaf-plaide-pour-la-reconnaissance-de-letat-de-palestine\/\" \/>\n<meta property=\"og:site_name\" content=\"La Sentinelle\" \/>\n<meta property=\"article:publisher\" content=\"https:\/\/www.facebook.com\/La-Sentinelle-104059864394773\" \/>\n<meta property=\"article:published_time\" content=\"2024-06-05T13:59:46+00:00\" \/>\n<meta property=\"article:modified_time\" content=\"2024-06-05T13:59:51+00:00\" \/>\n<meta property=\"og:image\" content=\"https:\/\/lasentinelle.dz\/wp-content\/uploads\/2024\/04\/attaf.jpeg\" \/>\n\t<meta property=\"og:image:width\" content=\"1000\" \/>\n\t<meta property=\"og:image:height\" content=\"561\" \/>\n\t<meta property=\"og:image:type\" content=\"image\/jpeg\" \/>\n<meta name=\"author\" content=\"La Sentinelle\" \/>\n<meta name=\"twitter:card\" content=\"summary_large_image\" \/>\n<meta name=\"twitter:label1\" content=\"\u00c9crit par\" \/>\n\t<meta name=\"twitter:data1\" content=\"La Sentinelle\" \/>\n\t<meta name=\"twitter:label2\" content=\"Dur\u00e9e de lecture estim\u00e9e\" \/>\n\t<meta name=\"twitter:data2\" content=\"2 minutes\" \/>\n<script type=\"application\/ld+json\" class=\"yoast-schema-graph\">{\"@context\":\"https:\\\/\\\/schema.org\",\"@graph\":[{\"@type\":\"Article\",\"@id\":\"https:\\\/\\\/lasentinelle.dz\\\/index.php\\\/2024\\\/06\\\/05\\\/attaf-plaide-pour-la-reconnaissance-de-letat-de-palestine\\\/#article\",\"isPartOf\":{\"@id\":\"https:\\\/\\\/lasentinelle.dz\\\/index.php\\\/2024\\\/06\\\/05\\\/attaf-plaide-pour-la-reconnaissance-de-letat-de-palestine\\\/\"},\"author\":{\"name\":\"La Sentinelle\",\"@id\":\"https:\\\/\\\/lasentinelle.dz\\\/#\\\/schema\\\/person\\\/d865044e22e70a75174ce8bcad3acfb3\"},\"headline\":\"Attaf plaide pour la reconnaissance de l\u2019Etat de Palestine\",\"datePublished\":\"2024-06-05T13:59:46+00:00\",\"dateModified\":\"2024-06-05T13:59:51+00:00\",\"mainEntityOfPage\":{\"@id\":\"https:\\\/\\\/lasentinelle.dz\\\/index.php\\\/2024\\\/06\\\/05\\\/attaf-plaide-pour-la-reconnaissance-de-letat-de-palestine\\\/\"},\"wordCount\":414,\"commentCount\":0,\"publisher\":{\"@id\":\"https:\\\/\\\/lasentinelle.dz\\\/#organization\"},\"image\":{\"@id\":\"https:\\\/\\\/lasentinelle.dz\\\/index.php\\\/2024\\\/06\\\/05\\\/attaf-plaide-pour-la-reconnaissance-de-letat-de-palestine\\\/#primaryimage\"},\"thumbnailUrl\":\"https:\\\/\\\/lasentinelle.dz\\\/wp-content\\\/uploads\\\/2024\\\/04\\\/attaf.jpeg\",\"articleSection\":[\"Actualit\u00e9\"],\"inLanguage\":\"fr-FR\",\"potentialAction\":[{\"@type\":\"CommentAction\",\"name\":\"Comment\",\"target\":[\"https:\\\/\\\/lasentinelle.dz\\\/index.php\\\/2024\\\/06\\\/05\\\/attaf-plaide-pour-la-reconnaissance-de-letat-de-palestine\\\/#respond\"]}]},{\"@type\":\"WebPage\",\"@id\":\"https:\\\/\\\/lasentinelle.dz\\\/index.php\\\/2024\\\/06\\\/05\\\/attaf-plaide-pour-la-reconnaissance-de-letat-de-palestine\\\/\",\"url\":\"https:\\\/\\\/lasentinelle.dz\\\/index.php\\\/2024\\\/06\\\/05\\\/attaf-plaide-pour-la-reconnaissance-de-letat-de-palestine\\\/\",\"name\":\"Attaf plaide pour la reconnaissance de l\u2019Etat de Palestine - La Sentinelle\",\"isPartOf\":{\"@id\":\"https:\\\/\\\/lasentinelle.dz\\\/#website\"},\"primaryImageOfPage\":{\"@id\":\"https:\\\/\\\/lasentinelle.dz\\\/index.php\\\/2024\\\/06\\\/05\\\/attaf-plaide-pour-la-reconnaissance-de-letat-de-palestine\\\/#primaryimage\"},\"image\":{\"@id\":\"https:\\\/\\\/lasentinelle.dz\\\/index.php\\\/2024\\\/06\\\/05\\\/attaf-plaide-pour-la-reconnaissance-de-letat-de-palestine\\\/#primaryimage\"},\"thumbnailUrl\":\"https:\\\/\\\/lasentinelle.dz\\\/wp-content\\\/uploads\\\/2024\\\/04\\\/attaf.jpeg\",\"datePublished\":\"2024-06-05T13:59:46+00:00\",\"dateModified\":\"2024-06-05T13:59:51+00:00\",\"breadcrumb\":{\"@id\":\"https:\\\/\\\/lasentinelle.dz\\\/index.php\\\/2024\\\/06\\\/05\\\/attaf-plaide-pour-la-reconnaissance-de-letat-de-palestine\\\/#breadcrumb\"},\"inLanguage\":\"fr-FR\",\"potentialAction\":[{\"@type\":\"ReadAction\",\"target\":[\"https:\\\/\\\/lasentinelle.dz\\\/index.php\\\/2024\\\/06\\\/05\\\/attaf-plaide-pour-la-reconnaissance-de-letat-de-palestine\\\/\"]}]},{\"@type\":\"ImageObject\",\"inLanguage\":\"fr-FR\",\"@id\":\"https:\\\/\\\/lasentinelle.dz\\\/index.php\\\/2024\\\/06\\\/05\\\/attaf-plaide-pour-la-reconnaissance-de-letat-de-palestine\\\/#primaryimage\",\"url\":\"https:\\\/\\\/lasentinelle.dz\\\/wp-content\\\/uploads\\\/2024\\\/04\\\/attaf.jpeg\",\"contentUrl\":\"https:\\\/\\\/lasentinelle.dz\\\/wp-content\\\/uploads\\\/2024\\\/04\\\/attaf.jpeg\",\"width\":1000,\"height\":561},{\"@type\":\"BreadcrumbList\",\"@id\":\"https:\\\/\\\/lasentinelle.dz\\\/index.php\\\/2024\\\/06\\\/05\\\/attaf-plaide-pour-la-reconnaissance-de-letat-de-palestine\\\/#breadcrumb\",\"itemListElement\":[{\"@type\":\"ListItem\",\"position\":1,\"name\":\"Accueil\",\"item\":\"https:\\\/\\\/lasentinelle.dz\\\/\"},{\"@type\":\"ListItem\",\"position\":2,\"name\":\"Attaf plaide pour la reconnaissance de l\u2019Etat de Palestine\"}]},{\"@type\":\"WebSite\",\"@id\":\"https:\\\/\\\/lasentinelle.dz\\\/#website\",\"url\":\"https:\\\/\\\/lasentinelle.dz\\\/\",\"name\":\"La Sentinelle\",\"description\":\"Quotidien national d&#039;information\",\"publisher\":{\"@id\":\"https:\\\/\\\/lasentinelle.dz\\\/#organization\"},\"potentialAction\":[{\"@type\":\"SearchAction\",\"target\":{\"@type\":\"EntryPoint\",\"urlTemplate\":\"https:\\\/\\\/lasentinelle.dz\\\/?s={search_term_string}\"},\"query-input\":{\"@type\":\"PropertyValueSpecification\",\"valueRequired\":true,\"valueName\":\"search_term_string\"}}],\"inLanguage\":\"fr-FR\"},{\"@type\":\"Organization\",\"@id\":\"https:\\\/\\\/lasentinelle.dz\\\/#organization\",\"name\":\"Quotidien La Sentinelle\",\"url\":\"https:\\\/\\\/lasentinelle.dz\\\/\",\"logo\":{\"@type\":\"ImageObject\",\"inLanguage\":\"fr-FR\",\"@id\":\"https:\\\/\\\/lasentinelle.dz\\\/#\\\/schema\\\/logo\\\/image\\\/\",\"url\":\"https:\\\/\\\/lasentinelle.dz\\\/wp-content\\\/uploads\\\/2021\\\/09\\\/logo-sentinelleSLOGAN-1.png\",\"contentUrl\":\"https:\\\/\\\/lasentinelle.dz\\\/wp-content\\\/uploads\\\/2021\\\/09\\\/logo-sentinelleSLOGAN-1.png\",\"width\":615,\"height\":142,\"caption\":\"Quotidien La Sentinelle\"},\"image\":{\"@id\":\"https:\\\/\\\/lasentinelle.dz\\\/#\\\/schema\\\/logo\\\/image\\\/\"},\"sameAs\":[\"https:\\\/\\\/www.facebook.com\\\/La-Sentinelle-104059864394773\"]},{\"@type\":\"Person\",\"@id\":\"https:\\\/\\\/lasentinelle.dz\\\/#\\\/schema\\\/person\\\/d865044e22e70a75174ce8bcad3acfb3\",\"name\":\"La Sentinelle\",\"image\":{\"@type\":\"ImageObject\",\"inLanguage\":\"fr-FR\",\"@id\":\"https:\\\/\\\/secure.gravatar.com\\\/avatar\\\/57de8e5d4b15d43fb361a71fbb36338450fe67865b528a43dd10ef7c51a20392?s=96&d=mm&r=g\",\"url\":\"https:\\\/\\\/secure.gravatar.com\\\/avatar\\\/57de8e5d4b15d43fb361a71fbb36338450fe67865b528a43dd10ef7c51a20392?s=96&d=mm&r=g\",\"contentUrl\":\"https:\\\/\\\/secure.gravatar.com\\\/avatar\\\/57de8e5d4b15d43fb361a71fbb36338450fe67865b528a43dd10ef7c51a20392?s=96&d=mm&r=g\",\"caption\":\"La Sentinelle\"},\"sameAs\":[\"http:\\\/\\\/www.lasentinelle.dz\"],\"url\":\"https:\\\/\\\/lasentinelle.dz\\\/author\\\/redaction\\\/\"}]}<\/script>\n<!-- \/ Yoast SEO plugin. -->","yoast_head_json":{"title":"Attaf plaide pour la reconnaissance de l\u2019Etat de Palestine - La Sentinelle","robots":{"index":"index","follow":"follow","max-snippet":"max-snippet:-1","max-image-preview":"max-image-preview:large","max-video-preview":"max-video-preview:-1"},"canonical":"https:\/\/lasentinelle.dz\/index.php\/2024\/06\/05\/attaf-plaide-pour-la-reconnaissance-de-letat-de-palestine\/","og_locale":"fr_FR","og_type":"article","og_title":"Attaf plaide pour la reconnaissance de l\u2019Etat de Palestine - La Sentinelle","og_description":"&nbsp;Le ministre des Affaires \u00e9trang\u00e8res et de la Communaut\u00e9 nationale \u00e0 l&rsquo;\u00e9tranger, Ahmed Attaf, qui a pris partn en tant","og_url":"https:\/\/lasentinelle.dz\/index.php\/2024\/06\/05\/attaf-plaide-pour-la-reconnaissance-de-letat-de-palestine\/","og_site_name":"La Sentinelle","article_publisher":"https:\/\/www.facebook.com\/La-Sentinelle-104059864394773","article_published_time":"2024-06-05T13:59:46+00:00","article_modified_time":"2024-06-05T13:59:51+00:00","og_image":[{"width":1000,"height":561,"url":"https:\/\/lasentinelle.dz\/wp-content\/uploads\/2024\/04\/attaf.jpeg","type":"image\/jpeg"}],"author":"La Sentinelle","twitter_card":"summary_large_image","twitter_misc":{"\u00c9crit par":"La Sentinelle","Dur\u00e9e de lecture estim\u00e9e":"2 minutes"},"schema":{"@context":"https:\/\/schema.org","@graph":[{"@type":"Article","@id":"https:\/\/lasentinelle.dz\/index.php\/2024\/06\/05\/attaf-plaide-pour-la-reconnaissance-de-letat-de-palestine\/#article","isPartOf":{"@id":"https:\/\/lasentinelle.dz\/index.php\/2024\/06\/05\/attaf-plaide-pour-la-reconnaissance-de-letat-de-palestine\/"},"author":{"name":"La Sentinelle","@id":"https:\/\/lasentinelle.dz\/#\/schema\/person\/d865044e22e70a75174ce8bcad3acfb3"},"headline":"Attaf plaide pour la reconnaissance de l\u2019Etat de Palestine","datePublished":"2024-06-05T13:59:46+00:00","dateModified":"2024-06-05T13:59:51+00:00","mainEntityOfPage":{"@id":"https:\/\/lasentinelle.dz\/index.php\/2024\/06\/05\/attaf-plaide-pour-la-reconnaissance-de-letat-de-palestine\/"},"wordCount":414,"commentCount":0,"publisher":{"@id":"https:\/\/lasentinelle.dz\/#organization"},"image":{"@id":"https:\/\/lasentinelle.dz\/index.php\/2024\/06\/05\/attaf-plaide-pour-la-reconnaissance-de-letat-de-palestine\/#primaryimage"},"thumbnailUrl":"https:\/\/lasentinelle.dz\/wp-content\/uploads\/2024\/04\/attaf.jpeg","articleSection":["Actualit\u00e9"],"inLanguage":"fr-FR","potentialAction":[{"@type":"CommentAction","name":"Comment","target":["https:\/\/lasentinelle.dz\/index.php\/2024\/06\/05\/attaf-plaide-pour-la-reconnaissance-de-letat-de-palestine\/#respond"]}]},{"@type":"WebPage","@id":"https:\/\/lasentinelle.dz\/index.php\/2024\/06\/05\/attaf-plaide-pour-la-reconnaissance-de-letat-de-palestine\/","url":"https:\/\/lasentinelle.dz\/index.php\/2024\/06\/05\/attaf-plaide-pour-la-reconnaissance-de-letat-de-palestine\/","name":"Attaf plaide pour la reconnaissance de l\u2019Etat de Palestine - La Sentinelle","isPartOf":{"@id":"https:\/\/lasentinelle.dz\/#website"},"primaryImageOfPage":{"@id":"https:\/\/lasentinelle.dz\/index.php\/2024\/06\/05\/attaf-plaide-pour-la-reconnaissance-de-letat-de-palestine\/#primaryimage"},"image":{"@id":"https:\/\/lasentinelle.dz\/index.php\/2024\/06\/05\/attaf-plaide-pour-la-reconnaissance-de-letat-de-palestine\/#primaryimage"},"thumbnailUrl":"https:\/\/lasentinelle.dz\/wp-content\/uploads\/2024\/04\/attaf.jpeg","datePublished":"2024-06-05T13:59:46+00:00","dateModified":"2024-06-05T13:59:51+00:00","breadcrumb":{"@id":"https:\/\/lasentinelle.dz\/index.php\/2024\/06\/05\/attaf-plaide-pour-la-reconnaissance-de-letat-de-palestine\/#breadcrumb"},"inLanguage":"fr-FR","potentialAction":[{"@type":"ReadAction","target":["https:\/\/lasentinelle.dz\/index.php\/2024\/06\/05\/attaf-plaide-pour-la-reconnaissance-de-letat-de-palestine\/"]}]},{"@type":"ImageObject","inLanguage":"fr-FR","@id":"https:\/\/lasentinelle.dz\/index.php\/2024\/06\/05\/attaf-plaide-pour-la-reconnaissance-de-letat-de-palestine\/#primaryimage","url":"https:\/\/lasentinelle.dz\/wp-content\/uploads\/2024\/04\/attaf.jpeg","contentUrl":"https:\/\/lasentinelle.dz\/wp-content\/uploads\/2024\/04\/attaf.jpeg","width":1000,"height":561},{"@type":"BreadcrumbList","@id":"https:\/\/lasentinelle.dz\/index.php\/2024\/06\/05\/attaf-plaide-pour-la-reconnaissance-de-letat-de-palestine\/#breadcrumb","itemListElement":[{"@type":"ListItem","position":1,"name":"Accueil","item":"https:\/\/lasentinelle.dz\/"},{"@type":"ListItem","position":2,"name":"Attaf plaide pour la reconnaissance de l\u2019Etat de Palestine"}]},{"@type":"WebSite","@id":"https:\/\/lasentinelle.dz\/#website","url":"https:\/\/lasentinelle.dz\/","name":"La Sentinelle","description":"Quotidien national d&#039;information","publisher":{"@id":"https:\/\/lasentinelle.dz\/#organization"},"potentialAction":[{"@type":"SearchAction","target":{"@type":"EntryPoint","urlTemplate":"https:\/\/lasentinelle.dz\/?s={search_term_string}"},"query-input":{"@type":"PropertyValueSpecification","valueRequired":true,"valueName":"search_term_string"}}],"inLanguage":"fr-FR"},{"@type":"Organization","@id":"https:\/\/lasentinelle.dz\/#organization","name":"Quotidien La Sentinelle","url":"https:\/\/lasentinelle.dz\/","logo":{"@type":"ImageObject","inLanguage":"fr-FR","@id":"https:\/\/lasentinelle.dz\/#\/schema\/logo\/image\/","url":"https:\/\/lasentinelle.dz\/wp-content\/uploads\/2021\/09\/logo-sentinelleSLOGAN-1.png","contentUrl":"https:\/\/lasentinelle.dz\/wp-content\/uploads\/2021\/09\/logo-sentinelleSLOGAN-1.png","width":615,"height":142,"caption":"Quotidien La Sentinelle"},"image":{"@id":"https:\/\/lasentinelle.dz\/#\/schema\/logo\/image\/"},"sameAs":["https:\/\/www.facebook.com\/La-Sentinelle-104059864394773"]},{"@type":"Person","@id":"https:\/\/lasentinelle.dz\/#\/schema\/person\/d865044e22e70a75174ce8bcad3acfb3","name":"La Sentinelle","image":{"@type":"ImageObject","inLanguage":"fr-FR","@id":"https:\/\/secure.gravatar.com\/avatar\/57de8e5d4b15d43fb361a71fbb36338450fe67865b528a43dd10ef7c51a20392?s=96&d=mm&r=g","url":"https:\/\/secure.gravatar.com\/avatar\/57de8e5d4b15d43fb361a71fbb36338450fe67865b528a43dd10ef7c51a20392?s=96&d=mm&r=g","contentUrl":"https:\/\/secure.gravatar.com\/avatar\/57de8e5d4b15d43fb361a71fbb36338450fe67865b528a43dd10ef7c51a20392?s=96&d=mm&r=g","caption":"La Sentinelle"},"sameAs":["http:\/\/www.lasentinelle.dz"],"url":"https:\/\/lasentinelle.dz\/author\/redaction\/"}]}},"_links":{"self":[{"href":"https:\/\/lasentinelle.dz\/index.php\/wp-json\/wp\/v2\/posts\/53261","targetHints":{"allow":["GET"]}}],"collection":[{"href":"https:\/\/lasentinelle.dz\/index.php\/wp-json\/wp\/v2\/posts"}],"about":[{"href":"https:\/\/lasentinelle.dz\/index.php\/wp-json\/wp\/v2\/types\/post"}],"author":[{"embeddable":true,"href":"https:\/\/lasentinelle.dz\/index.php\/wp-json\/wp\/v2\/users\/3"}],"replies":[{"embeddable":true,"href":"https:\/\/lasentinelle.dz\/index.php\/wp-json\/wp\/v2\/comments?post=53261"}],"version-history":[{"count":1,"href":"https:\/\/lasentinelle.dz\/index.php\/wp-json\/wp\/v2\/posts\/53261\/revisions"}],"predecessor-version":[{"id":53262,"href":"https:\/\/lasentinelle.dz\/index.php\/wp-json\/wp\/v2\/posts\/53261\/revisions\/53262"}],"wp:featuredmedia":[{"embeddable":true,"href":"https:\/\/lasentinelle.dz\/index.php\/wp-json\/wp\/v2\/media\/51725"}],"wp:attachment":[{"href":"https:\/\/lasentinelle.dz\/index.php\/wp-json\/wp\/v2\/media?parent=53261"}],"wp:term":[{"taxonomy":"category","embeddable":true,"href":"https:\/\/lasentinelle.dz\/index.php\/wp-json\/wp\/v2\/categories?post=53261"},{"taxonomy":"post_tag","embeddable":true,"href":"https:\/\/lasentinelle.dz\/index.php\/wp-json\/wp\/v2\/tags?post=53261"}],"curies":[{"name":"wp","href":"https:\/\/api.w.org\/{rel}","templated":true}]}}