{"id":53264,"date":"2024-06-05T15:02:30","date_gmt":"2024-06-05T14:02:30","guid":{"rendered":"https:\/\/lasentinelle.dz\/?p=53264"},"modified":"2024-06-05T15:02:34","modified_gmt":"2024-06-05T14:02:34","slug":"presidentielle-du-7-septembre-el-bina-forme-une-coalition-de-10-partis","status":"publish","type":"post","link":"https:\/\/lasentinelle.dz\/index.php\/2024\/06\/05\/presidentielle-du-7-septembre-el-bina-forme-une-coalition-de-10-partis\/","title":{"rendered":"Pr\u00e9sidentielle du 7 septembre : El Bina forme une coalition de 10 partis"},"content":{"rendered":"\n<p>Pas m\u00eame commenc\u00e9e que la coalition compos\u00e9e du FLN, RND, le front El Moustakbel et El Bina se fissure d\u00e9j\u00e0. Une guerre de leadership a pris naissance entre le vieux parti unique et celui d\u2019El Bina de Bengrina. Les deux antagonistes cherchent visiblement \u00e0 plaire et \u00e0 s\u2019octroyer les b\u00e9n\u00e9fices du potentiel candidat Abdelmadjid Tebboune m\u00eame si ce dernier chef de l\u2019Etat n\u2019a toujours pas officiellement \u00e9mis le v\u0153ux de se repr\u00e9senter \u00e0 rempiler \u00e0 un second mandat comme le lui permet la Constitution de 2020. La guerre des tranch\u00e9es que se m\u00e8nent les membres de ladite coalition \u00ab&nbsp;deuxi\u00e8me mandat&nbsp;\u00bb fait rage. Tout a commenc\u00e9 quand Bengrina a annonc\u00e9 le soutien de son parti \u00e0 la candidature pour un deuxi\u00e8me mandat du pr\u00e9sident de la R\u00e9publique Abdelmadjid tebboune et son parrainage. Une annonce qui semble n\u2019avoir pas \u00e9t\u00e9 du go\u00fbt du FLN qui est sorti de ses gonds pour d\u00e9sapprouver ce qu\u2019il appellera \u00ab&nbsp;une sortie unilat\u00e9rale&nbsp;\u00bb de la part de Bengrina accus\u00e9 d\u2019avoir fait du z\u00e8le en faisant cavalier seul et d\u00e9cide de geler la participation du parti El Bina au sein de la \u00ab Coalition majoritaire pour l&rsquo;Alg\u00e9rie \u00bb. C\u2019est mal lui en prit car la riposte du chef de file du parti islamiste ne tardera pas trop pour signifier la fin de non recevoir et de fait la brusque fin de la lune de miel. Fut\u00e9, Bengrina qui semble avoir plusieurs cordes dans son jeu n\u2019a pas attendu longtemps pour sortir son \u00ab&nbsp;joker&nbsp;\u00bb de sa manche et jouer la carte de sa propre coalition vite rejointe par une pl\u00e9iade de&nbsp; partis dont la majorit\u00e9 provient du courant islamiste ainsi que d\u2019autres formations d\u2019ob\u00e9dience nationaliste \u00e0 l\u2019instar de Fadjr El Djadid de Benbaibeche. Il appellera en guise de r\u00e9ponse \u00e0 Benmebarek \u00ab&nbsp;\u00e0 \u00e9viter l&rsquo;\u00e9go\u00efsme partisan pour assurer le succ\u00e8s des \u00e9lections&nbsp;\u00bb d\u00e9clarant que \u00ab&nbsp;le mouvement continuera \u00e0 travailler avec tous les couches du peuple de la nation, entit\u00e9s, institutions, \u00e9lites, personnalit\u00e9s ou citoyens, sans exclusion ni discrimination, afin de faire de la pr\u00e9sidentielle \u00e9lections un succ\u00e8s&nbsp;\u00bb.&nbsp; Une dizaine de partis affichant leur soutien \u00e0 la candidature du pr\u00e9sident Abdelmadjid Tebboune \u00e0 un second mandat affirmant selon un communiqu\u00e9 que \u00ab&nbsp;le pr\u00e9sident de la R\u00e9publique, Abdelmadjid Tebboune a rempli tous ses engagements et promesses de son programme qu&rsquo;il a pr\u00e9sent\u00e9 \u00e0 la nation alg\u00e9rienne \u00e0 l&rsquo;occasion des pr\u00e9c\u00e9dentes \u00e9lections pr\u00e9sidentielles, malgr\u00e9 les d\u00e9fis de la Malgr\u00e9 la pand\u00e9mie de Corona, et malgr\u00e9 les fluctuations des prix sur le march\u00e9 mondial, l\u2019occasion est peut-\u00eatre m\u00fbre et m\u00eame urgente de donner suffisamment de temps pour mettre en \u0153uvre d\u2019autres objectifs et ambitions l\u00e9gitimes.\u00bb Le m\u00eame communiqu\u00e9 explique que ces ambitions \u00ab\u00a0conduiront \u00e0 l&rsquo;ach\u00e8vement de la restructuration nationale des projets \u00e9conomiques, sociaux, institutionnels et administratifs qui poseront de nouvelles bases alg\u00e9riennes qui r\u00e9aliseront la renaissance avec tout son peuple et n&rsquo;excluront personne sauf ceux qui se sont eux-m\u00eames exclus\u00a0\u00bb. En vieu briscard, Bengrina dame le pion \u00e0 Benmebarek et ses copartisans et sort \u00ab glorieux&nbsp;\u00bb. Son retrait ressenti tel un s\u00e9isme s\u00e8me la confusion dans les rangs de la coalition des partis dits \u00ab&nbsp;majoritaires \u00bb qui ressentent les soubresauts de l\u2019avortement de leur \u00ab&nbsp;haut fait d\u2019armes&nbsp;\u00bb, celui de porter le futur locataire du palais d\u2019El Mouradia au summum et en tirer profits.&nbsp;<\/p>\n\n\n\n<p><strong>Hocine Fadheli<\/strong><\/p>\n","protected":false},"excerpt":{"rendered":"<p>Pas m\u00eame commenc\u00e9e que la coalition compos\u00e9e du FLN, RND, le front El Moustakbel et El Bina se fissure d\u00e9j\u00e0.<\/p>\n","protected":false},"author":3,"featured_media":52823,"comment_status":"open","ping_status":"closed","sticky":false,"template":"","format":"standard","meta":{"colormag_page_container_layout":"default_layout","colormag_page_sidebar_layout":"default_layout","om_disable_all_campaigns":false,"_monsterinsights_skip_tracking":false,"_monsterinsights_sitenote_active":false,"_monsterinsights_sitenote_note":"","_monsterinsights_sitenote_category":0,"footnotes":"","_wpscppro_dont_share_socialmedia":false,"_wpscppro_custom_social_share_image":0,"_facebook_share_type":"default","_twitter_share_type":"default","_linkedin_share_type":"default","_pinterest_share_type":"default","_linkedin_share_type_page":"","_instagram_share_type":"default","_medium_share_type":"","_threads_share_type":"","_google_business_share_type":"","_selected_social_profile":[],"_wpsp_enable_custom_social_template":false,"_wpsp_social_scheduling":{"enabled":false,"datetime":null,"platforms":[],"status":"template_only","dateOption":"today","timeOption":"now","customDays":"","customHours":"","customDate":"","customTime":"","schedulingType":"absolute"},"_wpsp_active_default_template":true},"categories":[28],"tags":[],"class_list":["post-53264","post","type-post","status-publish","format-standard","has-post-thumbnail","hentry","category-politique"],"aioseo_notices":[],"yoast_head":"<!-- This site is optimized with the Yoast SEO plugin v27.5 - https:\/\/yoast.com\/product\/yoast-seo-wordpress\/ -->\n<title>Pr\u00e9sidentielle du 7 septembre : El Bina forme une coalition de 10 partis - La Sentinelle<\/title>\n<meta name=\"robots\" content=\"index, follow, max-snippet:-1, max-image-preview:large, max-video-preview:-1\" \/>\n<link rel=\"canonical\" href=\"https:\/\/lasentinelle.dz\/index.php\/2024\/06\/05\/presidentielle-du-7-septembre-el-bina-forme-une-coalition-de-10-partis\/\" \/>\n<meta property=\"og:locale\" content=\"fr_FR\" \/>\n<meta property=\"og:type\" content=\"article\" \/>\n<meta property=\"og:title\" content=\"Pr\u00e9sidentielle du 7 septembre : El Bina forme une coalition de 10 partis - La Sentinelle\" \/>\n<meta property=\"og:description\" content=\"Pas m\u00eame commenc\u00e9e que la coalition compos\u00e9e du FLN, RND, le front El Moustakbel et El Bina se fissure d\u00e9j\u00e0.\" \/>\n<meta property=\"og:url\" content=\"https:\/\/lasentinelle.dz\/index.php\/2024\/06\/05\/presidentielle-du-7-septembre-el-bina-forme-une-coalition-de-10-partis\/\" \/>\n<meta property=\"og:site_name\" content=\"La Sentinelle\" \/>\n<meta property=\"article:publisher\" content=\"https:\/\/www.facebook.com\/La-Sentinelle-104059864394773\" \/>\n<meta property=\"article:published_time\" content=\"2024-06-05T14:02:30+00:00\" \/>\n<meta property=\"article:modified_time\" content=\"2024-06-05T14:02:34+00:00\" \/>\n<meta property=\"og:image\" content=\"https:\/\/lasentinelle.dz\/wp-content\/uploads\/2024\/05\/Bengrina.jpeg\" \/>\n\t<meta property=\"og:image:width\" content=\"1920\" \/>\n\t<meta property=\"og:image:height\" content=\"1280\" \/>\n\t<meta property=\"og:image:type\" content=\"image\/jpeg\" \/>\n<meta name=\"author\" content=\"La Sentinelle\" \/>\n<meta name=\"twitter:card\" content=\"summary_large_image\" \/>\n<meta name=\"twitter:label1\" content=\"\u00c9crit par\" \/>\n\t<meta name=\"twitter:data1\" content=\"La Sentinelle\" \/>\n\t<meta name=\"twitter:label2\" content=\"Dur\u00e9e de lecture estim\u00e9e\" \/>\n\t<meta name=\"twitter:data2\" content=\"3 minutes\" \/>\n<script type=\"application\/ld+json\" class=\"yoast-schema-graph\">{\"@context\":\"https:\\\/\\\/schema.org\",\"@graph\":[{\"@type\":\"Article\",\"@id\":\"https:\\\/\\\/lasentinelle.dz\\\/index.php\\\/2024\\\/06\\\/05\\\/presidentielle-du-7-septembre-el-bina-forme-une-coalition-de-10-partis\\\/#article\",\"isPartOf\":{\"@id\":\"https:\\\/\\\/lasentinelle.dz\\\/index.php\\\/2024\\\/06\\\/05\\\/presidentielle-du-7-septembre-el-bina-forme-une-coalition-de-10-partis\\\/\"},\"author\":{\"name\":\"La Sentinelle\",\"@id\":\"https:\\\/\\\/lasentinelle.dz\\\/#\\\/schema\\\/person\\\/d865044e22e70a75174ce8bcad3acfb3\"},\"headline\":\"Pr\u00e9sidentielle du 7 septembre : El Bina forme une coalition de 10 partis\",\"datePublished\":\"2024-06-05T14:02:30+00:00\",\"dateModified\":\"2024-06-05T14:02:34+00:00\",\"mainEntityOfPage\":{\"@id\":\"https:\\\/\\\/lasentinelle.dz\\\/index.php\\\/2024\\\/06\\\/05\\\/presidentielle-du-7-septembre-el-bina-forme-une-coalition-de-10-partis\\\/\"},\"wordCount\":625,\"commentCount\":0,\"publisher\":{\"@id\":\"https:\\\/\\\/lasentinelle.dz\\\/#organization\"},\"image\":{\"@id\":\"https:\\\/\\\/lasentinelle.dz\\\/index.php\\\/2024\\\/06\\\/05\\\/presidentielle-du-7-septembre-el-bina-forme-une-coalition-de-10-partis\\\/#primaryimage\"},\"thumbnailUrl\":\"https:\\\/\\\/lasentinelle.dz\\\/wp-content\\\/uploads\\\/2024\\\/05\\\/Bengrina.jpeg\",\"articleSection\":[\"Politique\"],\"inLanguage\":\"fr-FR\",\"potentialAction\":[{\"@type\":\"CommentAction\",\"name\":\"Comment\",\"target\":[\"https:\\\/\\\/lasentinelle.dz\\\/index.php\\\/2024\\\/06\\\/05\\\/presidentielle-du-7-septembre-el-bina-forme-une-coalition-de-10-partis\\\/#respond\"]}]},{\"@type\":\"WebPage\",\"@id\":\"https:\\\/\\\/lasentinelle.dz\\\/index.php\\\/2024\\\/06\\\/05\\\/presidentielle-du-7-septembre-el-bina-forme-une-coalition-de-10-partis\\\/\",\"url\":\"https:\\\/\\\/lasentinelle.dz\\\/index.php\\\/2024\\\/06\\\/05\\\/presidentielle-du-7-septembre-el-bina-forme-une-coalition-de-10-partis\\\/\",\"name\":\"Pr\u00e9sidentielle du 7 septembre : El Bina forme une coalition de 10 partis - La Sentinelle\",\"isPartOf\":{\"@id\":\"https:\\\/\\\/lasentinelle.dz\\\/#website\"},\"primaryImageOfPage\":{\"@id\":\"https:\\\/\\\/lasentinelle.dz\\\/index.php\\\/2024\\\/06\\\/05\\\/presidentielle-du-7-septembre-el-bina-forme-une-coalition-de-10-partis\\\/#primaryimage\"},\"image\":{\"@id\":\"https:\\\/\\\/lasentinelle.dz\\\/index.php\\\/2024\\\/06\\\/05\\\/presidentielle-du-7-septembre-el-bina-forme-une-coalition-de-10-partis\\\/#primaryimage\"},\"thumbnailUrl\":\"https:\\\/\\\/lasentinelle.dz\\\/wp-content\\\/uploads\\\/2024\\\/05\\\/Bengrina.jpeg\",\"datePublished\":\"2024-06-05T14:02:30+00:00\",\"dateModified\":\"2024-06-05T14:02:34+00:00\",\"breadcrumb\":{\"@id\":\"https:\\\/\\\/lasentinelle.dz\\\/index.php\\\/2024\\\/06\\\/05\\\/presidentielle-du-7-septembre-el-bina-forme-une-coalition-de-10-partis\\\/#breadcrumb\"},\"inLanguage\":\"fr-FR\",\"potentialAction\":[{\"@type\":\"ReadAction\",\"target\":[\"https:\\\/\\\/lasentinelle.dz\\\/index.php\\\/2024\\\/06\\\/05\\\/presidentielle-du-7-septembre-el-bina-forme-une-coalition-de-10-partis\\\/\"]}]},{\"@type\":\"ImageObject\",\"inLanguage\":\"fr-FR\",\"@id\":\"https:\\\/\\\/lasentinelle.dz\\\/index.php\\\/2024\\\/06\\\/05\\\/presidentielle-du-7-septembre-el-bina-forme-une-coalition-de-10-partis\\\/#primaryimage\",\"url\":\"https:\\\/\\\/lasentinelle.dz\\\/wp-content\\\/uploads\\\/2024\\\/05\\\/Bengrina.jpeg\",\"contentUrl\":\"https:\\\/\\\/lasentinelle.dz\\\/wp-content\\\/uploads\\\/2024\\\/05\\\/Bengrina.jpeg\",\"width\":1920,\"height\":1280},{\"@type\":\"BreadcrumbList\",\"@id\":\"https:\\\/\\\/lasentinelle.dz\\\/index.php\\\/2024\\\/06\\\/05\\\/presidentielle-du-7-septembre-el-bina-forme-une-coalition-de-10-partis\\\/#breadcrumb\",\"itemListElement\":[{\"@type\":\"ListItem\",\"position\":1,\"name\":\"Accueil\",\"item\":\"https:\\\/\\\/lasentinelle.dz\\\/\"},{\"@type\":\"ListItem\",\"position\":2,\"name\":\"Pr\u00e9sidentielle du 7 septembre : El Bina forme une coalition de 10 partis\"}]},{\"@type\":\"WebSite\",\"@id\":\"https:\\\/\\\/lasentinelle.dz\\\/#website\",\"url\":\"https:\\\/\\\/lasentinelle.dz\\\/\",\"name\":\"La Sentinelle\",\"description\":\"Quotidien national d&#039;information\",\"publisher\":{\"@id\":\"https:\\\/\\\/lasentinelle.dz\\\/#organization\"},\"potentialAction\":[{\"@type\":\"SearchAction\",\"target\":{\"@type\":\"EntryPoint\",\"urlTemplate\":\"https:\\\/\\\/lasentinelle.dz\\\/?s={search_term_string}\"},\"query-input\":{\"@type\":\"PropertyValueSpecification\",\"valueRequired\":true,\"valueName\":\"search_term_string\"}}],\"inLanguage\":\"fr-FR\"},{\"@type\":\"Organization\",\"@id\":\"https:\\\/\\\/lasentinelle.dz\\\/#organization\",\"name\":\"Quotidien La Sentinelle\",\"url\":\"https:\\\/\\\/lasentinelle.dz\\\/\",\"logo\":{\"@type\":\"ImageObject\",\"inLanguage\":\"fr-FR\",\"@id\":\"https:\\\/\\\/lasentinelle.dz\\\/#\\\/schema\\\/logo\\\/image\\\/\",\"url\":\"https:\\\/\\\/lasentinelle.dz\\\/wp-content\\\/uploads\\\/2021\\\/09\\\/logo-sentinelleSLOGAN-1.png\",\"contentUrl\":\"https:\\\/\\\/lasentinelle.dz\\\/wp-content\\\/uploads\\\/2021\\\/09\\\/logo-sentinelleSLOGAN-1.png\",\"width\":615,\"height\":142,\"caption\":\"Quotidien La Sentinelle\"},\"image\":{\"@id\":\"https:\\\/\\\/lasentinelle.dz\\\/#\\\/schema\\\/logo\\\/image\\\/\"},\"sameAs\":[\"https:\\\/\\\/www.facebook.com\\\/La-Sentinelle-104059864394773\"]},{\"@type\":\"Person\",\"@id\":\"https:\\\/\\\/lasentinelle.dz\\\/#\\\/schema\\\/person\\\/d865044e22e70a75174ce8bcad3acfb3\",\"name\":\"La Sentinelle\",\"image\":{\"@type\":\"ImageObject\",\"inLanguage\":\"fr-FR\",\"@id\":\"https:\\\/\\\/secure.gravatar.com\\\/avatar\\\/57de8e5d4b15d43fb361a71fbb36338450fe67865b528a43dd10ef7c51a20392?s=96&d=mm&r=g\",\"url\":\"https:\\\/\\\/secure.gravatar.com\\\/avatar\\\/57de8e5d4b15d43fb361a71fbb36338450fe67865b528a43dd10ef7c51a20392?s=96&d=mm&r=g\",\"contentUrl\":\"https:\\\/\\\/secure.gravatar.com\\\/avatar\\\/57de8e5d4b15d43fb361a71fbb36338450fe67865b528a43dd10ef7c51a20392?s=96&d=mm&r=g\",\"caption\":\"La Sentinelle\"},\"sameAs\":[\"http:\\\/\\\/www.lasentinelle.dz\"],\"url\":\"https:\\\/\\\/lasentinelle.dz\\\/author\\\/redaction\\\/\"}]}<\/script>\n<!-- \/ Yoast SEO plugin. -->","yoast_head_json":{"title":"Pr\u00e9sidentielle du 7 septembre : El Bina forme une coalition de 10 partis - La Sentinelle","robots":{"index":"index","follow":"follow","max-snippet":"max-snippet:-1","max-image-preview":"max-image-preview:large","max-video-preview":"max-video-preview:-1"},"canonical":"https:\/\/lasentinelle.dz\/index.php\/2024\/06\/05\/presidentielle-du-7-septembre-el-bina-forme-une-coalition-de-10-partis\/","og_locale":"fr_FR","og_type":"article","og_title":"Pr\u00e9sidentielle du 7 septembre : El Bina forme une coalition de 10 partis - La Sentinelle","og_description":"Pas m\u00eame commenc\u00e9e que la coalition compos\u00e9e du FLN, RND, le front El Moustakbel et El Bina se fissure d\u00e9j\u00e0.","og_url":"https:\/\/lasentinelle.dz\/index.php\/2024\/06\/05\/presidentielle-du-7-septembre-el-bina-forme-une-coalition-de-10-partis\/","og_site_name":"La Sentinelle","article_publisher":"https:\/\/www.facebook.com\/La-Sentinelle-104059864394773","article_published_time":"2024-06-05T14:02:30+00:00","article_modified_time":"2024-06-05T14:02:34+00:00","og_image":[{"width":1920,"height":1280,"url":"https:\/\/lasentinelle.dz\/wp-content\/uploads\/2024\/05\/Bengrina.jpeg","type":"image\/jpeg"}],"author":"La Sentinelle","twitter_card":"summary_large_image","twitter_misc":{"\u00c9crit par":"La Sentinelle","Dur\u00e9e de lecture estim\u00e9e":"3 minutes"},"schema":{"@context":"https:\/\/schema.org","@graph":[{"@type":"Article","@id":"https:\/\/lasentinelle.dz\/index.php\/2024\/06\/05\/presidentielle-du-7-septembre-el-bina-forme-une-coalition-de-10-partis\/#article","isPartOf":{"@id":"https:\/\/lasentinelle.dz\/index.php\/2024\/06\/05\/presidentielle-du-7-septembre-el-bina-forme-une-coalition-de-10-partis\/"},"author":{"name":"La Sentinelle","@id":"https:\/\/lasentinelle.dz\/#\/schema\/person\/d865044e22e70a75174ce8bcad3acfb3"},"headline":"Pr\u00e9sidentielle du 7 septembre : El Bina forme une coalition de 10 partis","datePublished":"2024-06-05T14:02:30+00:00","dateModified":"2024-06-05T14:02:34+00:00","mainEntityOfPage":{"@id":"https:\/\/lasentinelle.dz\/index.php\/2024\/06\/05\/presidentielle-du-7-septembre-el-bina-forme-une-coalition-de-10-partis\/"},"wordCount":625,"commentCount":0,"publisher":{"@id":"https:\/\/lasentinelle.dz\/#organization"},"image":{"@id":"https:\/\/lasentinelle.dz\/index.php\/2024\/06\/05\/presidentielle-du-7-septembre-el-bina-forme-une-coalition-de-10-partis\/#primaryimage"},"thumbnailUrl":"https:\/\/lasentinelle.dz\/wp-content\/uploads\/2024\/05\/Bengrina.jpeg","articleSection":["Politique"],"inLanguage":"fr-FR","potentialAction":[{"@type":"CommentAction","name":"Comment","target":["https:\/\/lasentinelle.dz\/index.php\/2024\/06\/05\/presidentielle-du-7-septembre-el-bina-forme-une-coalition-de-10-partis\/#respond"]}]},{"@type":"WebPage","@id":"https:\/\/lasentinelle.dz\/index.php\/2024\/06\/05\/presidentielle-du-7-septembre-el-bina-forme-une-coalition-de-10-partis\/","url":"https:\/\/lasentinelle.dz\/index.php\/2024\/06\/05\/presidentielle-du-7-septembre-el-bina-forme-une-coalition-de-10-partis\/","name":"Pr\u00e9sidentielle du 7 septembre : El Bina forme une coalition de 10 partis - La Sentinelle","isPartOf":{"@id":"https:\/\/lasentinelle.dz\/#website"},"primaryImageOfPage":{"@id":"https:\/\/lasentinelle.dz\/index.php\/2024\/06\/05\/presidentielle-du-7-septembre-el-bina-forme-une-coalition-de-10-partis\/#primaryimage"},"image":{"@id":"https:\/\/lasentinelle.dz\/index.php\/2024\/06\/05\/presidentielle-du-7-septembre-el-bina-forme-une-coalition-de-10-partis\/#primaryimage"},"thumbnailUrl":"https:\/\/lasentinelle.dz\/wp-content\/uploads\/2024\/05\/Bengrina.jpeg","datePublished":"2024-06-05T14:02:30+00:00","dateModified":"2024-06-05T14:02:34+00:00","breadcrumb":{"@id":"https:\/\/lasentinelle.dz\/index.php\/2024\/06\/05\/presidentielle-du-7-septembre-el-bina-forme-une-coalition-de-10-partis\/#breadcrumb"},"inLanguage":"fr-FR","potentialAction":[{"@type":"ReadAction","target":["https:\/\/lasentinelle.dz\/index.php\/2024\/06\/05\/presidentielle-du-7-septembre-el-bina-forme-une-coalition-de-10-partis\/"]}]},{"@type":"ImageObject","inLanguage":"fr-FR","@id":"https:\/\/lasentinelle.dz\/index.php\/2024\/06\/05\/presidentielle-du-7-septembre-el-bina-forme-une-coalition-de-10-partis\/#primaryimage","url":"https:\/\/lasentinelle.dz\/wp-content\/uploads\/2024\/05\/Bengrina.jpeg","contentUrl":"https:\/\/lasentinelle.dz\/wp-content\/uploads\/2024\/05\/Bengrina.jpeg","width":1920,"height":1280},{"@type":"BreadcrumbList","@id":"https:\/\/lasentinelle.dz\/index.php\/2024\/06\/05\/presidentielle-du-7-septembre-el-bina-forme-une-coalition-de-10-partis\/#breadcrumb","itemListElement":[{"@type":"ListItem","position":1,"name":"Accueil","item":"https:\/\/lasentinelle.dz\/"},{"@type":"ListItem","position":2,"name":"Pr\u00e9sidentielle du 7 septembre : El Bina forme une coalition de 10 partis"}]},{"@type":"WebSite","@id":"https:\/\/lasentinelle.dz\/#website","url":"https:\/\/lasentinelle.dz\/","name":"La Sentinelle","description":"Quotidien national d&#039;information","publisher":{"@id":"https:\/\/lasentinelle.dz\/#organization"},"potentialAction":[{"@type":"SearchAction","target":{"@type":"EntryPoint","urlTemplate":"https:\/\/lasentinelle.dz\/?s={search_term_string}"},"query-input":{"@type":"PropertyValueSpecification","valueRequired":true,"valueName":"search_term_string"}}],"inLanguage":"fr-FR"},{"@type":"Organization","@id":"https:\/\/lasentinelle.dz\/#organization","name":"Quotidien La Sentinelle","url":"https:\/\/lasentinelle.dz\/","logo":{"@type":"ImageObject","inLanguage":"fr-FR","@id":"https:\/\/lasentinelle.dz\/#\/schema\/logo\/image\/","url":"https:\/\/lasentinelle.dz\/wp-content\/uploads\/2021\/09\/logo-sentinelleSLOGAN-1.png","contentUrl":"https:\/\/lasentinelle.dz\/wp-content\/uploads\/2021\/09\/logo-sentinelleSLOGAN-1.png","width":615,"height":142,"caption":"Quotidien La Sentinelle"},"image":{"@id":"https:\/\/lasentinelle.dz\/#\/schema\/logo\/image\/"},"sameAs":["https:\/\/www.facebook.com\/La-Sentinelle-104059864394773"]},{"@type":"Person","@id":"https:\/\/lasentinelle.dz\/#\/schema\/person\/d865044e22e70a75174ce8bcad3acfb3","name":"La Sentinelle","image":{"@type":"ImageObject","inLanguage":"fr-FR","@id":"https:\/\/secure.gravatar.com\/avatar\/57de8e5d4b15d43fb361a71fbb36338450fe67865b528a43dd10ef7c51a20392?s=96&d=mm&r=g","url":"https:\/\/secure.gravatar.com\/avatar\/57de8e5d4b15d43fb361a71fbb36338450fe67865b528a43dd10ef7c51a20392?s=96&d=mm&r=g","contentUrl":"https:\/\/secure.gravatar.com\/avatar\/57de8e5d4b15d43fb361a71fbb36338450fe67865b528a43dd10ef7c51a20392?s=96&d=mm&r=g","caption":"La Sentinelle"},"sameAs":["http:\/\/www.lasentinelle.dz"],"url":"https:\/\/lasentinelle.dz\/author\/redaction\/"}]}},"_links":{"self":[{"href":"https:\/\/lasentinelle.dz\/index.php\/wp-json\/wp\/v2\/posts\/53264","targetHints":{"allow":["GET"]}}],"collection":[{"href":"https:\/\/lasentinelle.dz\/index.php\/wp-json\/wp\/v2\/posts"}],"about":[{"href":"https:\/\/lasentinelle.dz\/index.php\/wp-json\/wp\/v2\/types\/post"}],"author":[{"embeddable":true,"href":"https:\/\/lasentinelle.dz\/index.php\/wp-json\/wp\/v2\/users\/3"}],"replies":[{"embeddable":true,"href":"https:\/\/lasentinelle.dz\/index.php\/wp-json\/wp\/v2\/comments?post=53264"}],"version-history":[{"count":1,"href":"https:\/\/lasentinelle.dz\/index.php\/wp-json\/wp\/v2\/posts\/53264\/revisions"}],"predecessor-version":[{"id":53265,"href":"https:\/\/lasentinelle.dz\/index.php\/wp-json\/wp\/v2\/posts\/53264\/revisions\/53265"}],"wp:featuredmedia":[{"embeddable":true,"href":"https:\/\/lasentinelle.dz\/index.php\/wp-json\/wp\/v2\/media\/52823"}],"wp:attachment":[{"href":"https:\/\/lasentinelle.dz\/index.php\/wp-json\/wp\/v2\/media?parent=53264"}],"wp:term":[{"taxonomy":"category","embeddable":true,"href":"https:\/\/lasentinelle.dz\/index.php\/wp-json\/wp\/v2\/categories?post=53264"},{"taxonomy":"post_tag","embeddable":true,"href":"https:\/\/lasentinelle.dz\/index.php\/wp-json\/wp\/v2\/tags?post=53264"}],"curies":[{"name":"wp","href":"https:\/\/api.w.org\/{rel}","templated":true}]}}