{"id":53316,"date":"2024-06-06T15:56:00","date_gmt":"2024-06-06T14:56:00","guid":{"rendered":"https:\/\/lasentinelle.dz\/?p=53316"},"modified":"2024-06-07T15:57:53","modified_gmt":"2024-06-07T14:57:53","slug":"netanyahu-menace-dattaquer-le-liban-menace-de-chaos-dans-le-proche-orient","status":"publish","type":"post","link":"https:\/\/lasentinelle.dz\/index.php\/2024\/06\/06\/netanyahu-menace-dattaquer-le-liban-menace-de-chaos-dans-le-proche-orient\/","title":{"rendered":"Netanyahu menace d&rsquo;attaquer le Liban: Menace de chaos dans le Proche-Orient"},"content":{"rendered":"\n<p>Le premier ministre de l&rsquo;entit\u00e9 sioniste est pr\u00eat \u00e0 tout pour prolonger ind\u00e9finiment la guerre au Moyen-Orient et se maintenir au pouvoir le plus longtemps possible quitte \u00e0 plonger l&rsquo;ensemble de la r\u00e9gion dans le chaos. Apr\u00e8s ses multiples provocations et ses tentatives vaines d&rsquo;entrainer l&rsquo;Iran dans une confrontation, Netanyahu affiche son intention d&rsquo;ouvrir un nouveau front de guerre et de s&rsquo;en prendre au Liban qu&rsquo;il menace ouvertement !<\/p>\n\n\n\n<p>Netanyahu cherche depuis plusieurs \u00e0 ouvrir un nouveau front de guerre au Moyen-Orient. Hier, il a annonc\u00e9 que son arm\u00e9e de criminels \u00e9tait pr\u00eate \u00e0 \u00ab une op\u00e9ration extr\u00eamement puissante \u00bb contre le Liban. Et les forces d&rsquo;occupation isra\u00e9lienne se pr\u00e9parent d&rsquo;ailleurs \u00e0 joindre l&rsquo;acte \u00e0 la parole. Selon les m\u00e9dias isra\u00e9liens, le gouvernement de Netanyahu a ainsi autoris\u00e9 l&rsquo;augmentation du nombre de soldats r\u00e9servistes actifs de 300 000 \u00e0 350 000, en pr\u00e9vision d&rsquo;un \u00e9ventuel affrontement dans le nord avec le Liban. Le chef d&rsquo;\u00e9tat-major de l&rsquo;arm\u00e9e d&rsquo;occupation, Herzi Halevi, a d\u00e9clar\u00e9, mardi, que l&rsquo;entit\u00e9 sioniste \u00e9tait sur le point de prendre une d\u00e9cision concernant le Hebollah au Liban. Il est clair que rien ne semble arr\u00eater Netanyahu qui cherche \u00e0 embraser la r\u00e9gion, si rien n&rsquo;est fait pour mettre un terme \u00e0 ces actes d&rsquo;agression. Le premier ministre de l&rsquo;entit\u00e9 sioniste qui prolonge depuis plus de huit mois l&rsquo;agression contre Ghaza, cherche \u00e0 ouvrir de nouveaux fronts pour maintenir un \u00e9tat de guerre permanent dans le seul objectif de se maintenir au pouvoir le plus longtemps possibles et d&rsquo;\u00e9chapper \u00e0 des accusations de corruption. D&rsquo;ailleurs, le pr\u00e9sident am\u00e9ricain Joe Biden, son plus fervent alli\u00e9, a reconnu dans une interview au Magazine Time que Netanyahu fait trainer la guerre de mani\u00e8re pr\u00e9m\u00e9dit\u00e9e \u00ab\u00a0pour des calculs politiques\u00a0\u00bb. Un propos qui refl\u00e8te certes de l&rsquo;agacement de la part du pr\u00e9sident am\u00e9ricain, mais qui n&rsquo;est pas suivi d&rsquo;actes concrets pour mettre un terme \u00e0 l&rsquo;agression de l&rsquo;entit\u00e9 sioniste contre Ghaza et aux crimes des forces d&rsquo;occupation.<\/p>\n\n\n\n<p><strong>Nouvelle offensive dans le centre de Ghaza<\/strong><\/p>\n\n\n\n<p>D&rsquo;ailleurs, sur le terrain, les attaques des forces d&rsquo;occupation se poursuivent de mani\u00e8re continue et r\u00e9p\u00e9titive. Ainsi, apr\u00e8s avoir lanc\u00e9 l&rsquo;invasion de Rafah au Sud de Ghaza et chass\u00e9 un million de r\u00e9fugi\u00e9s de la ville, les forces d&rsquo;occupation ont relanc\u00e9 une offensive terrestre sur le nord et maintenant une autre offensive lanc\u00e9e hier sur le centre de l&rsquo;enclaves, qu&rsquo;elles avaient auparavant ras\u00e9s. Selon l&rsquo;AFP qui cite les habitants de Ghaza, l&rsquo;occupation a envoy\u00e9 des chars dans Boureidj tandis que l&rsquo;aviation et les blind\u00e9s bombardent les localit\u00e9s voisines d&rsquo;Al Maghazi et Al Nousse\u00efrat, ainsi que la ville de Deir al Balah o\u00f9 les chars ne sont pas entr\u00e9s. Au moins 44 Palestiniens ont \u00e9t\u00e9 tu\u00e9s depuis mardi dans des frappes isra\u00e9liennes sur le centre de la bande de Gaza, ont dit des responsables des services sanitaires de l&rsquo;enclave. Par ailleurs et selon l&rsquo;agence de presse Wafa, des dizaines de corps de martyrs Palestiniens disparus lors des bombardements sionistes dans la bande de Ghaza depuis octobre dernier ont \u00e9t\u00e9 retrouv\u00e9s mardi soir par les \u00e9quipes de secouristes qui sont intervenues \u00e0 la suite de pilonnages et de bombardements a\u00e9riens de l&rsquo;occupation sioniste notamment au village d&rsquo;Al Masdar et la ville de Deir Al-Balah. Les \u00e9quipes m\u00e9dicales et la d\u00e9fense civile ont pu r\u00e9cup\u00e9rer des dizaines de corps de civils palestiniens tu\u00e9s et de bless\u00e9s dans la r\u00e9gion orientale du centre de la bande de Ghaza. Rappelons que l&rsquo;agression g\u00e9nocidaire sioniste contre Ghaza a fait au moins 36 550 martyrs dont une majorit\u00e9 de femmes et d&rsquo;enfants, et blessant 82 959 autres, alors que des milliers de disparus sont encore sous les d\u00e9combres.<\/p>\n\n\n\n<p>Lyes Sa\u00efdi<\/p>\n","protected":false},"excerpt":{"rendered":"<p>Le premier ministre de l&rsquo;entit\u00e9 sioniste est pr\u00eat \u00e0 tout pour prolonger ind\u00e9finiment la guerre au Moyen-Orient et se maintenir<\/p>\n","protected":false},"author":3,"featured_media":53317,"comment_status":"open","ping_status":"closed","sticky":false,"template":"","format":"standard","meta":{"colormag_page_container_layout":"default_layout","colormag_page_sidebar_layout":"default_layout","om_disable_all_campaigns":false,"_monsterinsights_skip_tracking":false,"_monsterinsights_sitenote_active":false,"_monsterinsights_sitenote_note":"","_monsterinsights_sitenote_category":0,"footnotes":"","_wpscppro_dont_share_socialmedia":false,"_wpscppro_custom_social_share_image":0,"_facebook_share_type":"default","_twitter_share_type":"default","_linkedin_share_type":"default","_pinterest_share_type":"default","_linkedin_share_type_page":"","_instagram_share_type":"default","_medium_share_type":"","_threads_share_type":"","_google_business_share_type":"","_selected_social_profile":[],"_wpsp_enable_custom_social_template":false,"_wpsp_social_scheduling":{"enabled":false,"datetime":null,"platforms":[],"status":"template_only","dateOption":"today","timeOption":"now","customDays":"","customHours":"","customDate":"","customTime":"","schedulingType":"absolute"},"_wpsp_active_default_template":true},"categories":[52,27],"tags":[],"class_list":["post-53316","post","type-post","status-publish","format-standard","has-post-thumbnail","hentry","category-a-la-une","category-actualite"],"aioseo_notices":[],"yoast_head":"<!-- This site is optimized with the Yoast SEO plugin v27.4 - https:\/\/yoast.com\/product\/yoast-seo-wordpress\/ -->\n<title>Netanyahu menace d&rsquo;attaquer le Liban: Menace de chaos dans le Proche-Orient - La Sentinelle<\/title>\n<meta name=\"robots\" content=\"index, follow, max-snippet:-1, max-image-preview:large, max-video-preview:-1\" \/>\n<link rel=\"canonical\" href=\"https:\/\/lasentinelle.dz\/index.php\/2024\/06\/06\/netanyahu-menace-dattaquer-le-liban-menace-de-chaos-dans-le-proche-orient\/\" \/>\n<meta property=\"og:locale\" content=\"fr_FR\" \/>\n<meta property=\"og:type\" content=\"article\" \/>\n<meta property=\"og:title\" content=\"Netanyahu menace d&rsquo;attaquer le Liban: Menace de chaos dans le Proche-Orient - La Sentinelle\" \/>\n<meta property=\"og:description\" content=\"Le premier ministre de l&rsquo;entit\u00e9 sioniste est pr\u00eat \u00e0 tout pour prolonger ind\u00e9finiment la guerre au Moyen-Orient et se maintenir\" \/>\n<meta property=\"og:url\" content=\"https:\/\/lasentinelle.dz\/index.php\/2024\/06\/06\/netanyahu-menace-dattaquer-le-liban-menace-de-chaos-dans-le-proche-orient\/\" \/>\n<meta property=\"og:site_name\" content=\"La Sentinelle\" \/>\n<meta property=\"article:publisher\" content=\"https:\/\/www.facebook.com\/La-Sentinelle-104059864394773\" \/>\n<meta property=\"article:published_time\" content=\"2024-06-06T14:56:00+00:00\" \/>\n<meta property=\"article:modified_time\" content=\"2024-06-07T14:57:53+00:00\" \/>\n<meta property=\"og:image\" content=\"https:\/\/lasentinelle.dz\/wp-content\/uploads\/2024\/06\/guerre.webp\" \/>\n\t<meta property=\"og:image:width\" content=\"760\" \/>\n\t<meta property=\"og:image:height\" content=\"507\" \/>\n\t<meta property=\"og:image:type\" content=\"image\/webp\" \/>\n<meta name=\"author\" content=\"La Sentinelle\" \/>\n<meta name=\"twitter:card\" content=\"summary_large_image\" \/>\n<meta name=\"twitter:label1\" content=\"\u00c9crit par\" \/>\n\t<meta name=\"twitter:data1\" content=\"La Sentinelle\" \/>\n\t<meta name=\"twitter:label2\" content=\"Dur\u00e9e de lecture estim\u00e9e\" \/>\n\t<meta name=\"twitter:data2\" content=\"4 minutes\" \/>\n<script type=\"application\/ld+json\" class=\"yoast-schema-graph\">{\"@context\":\"https:\\\/\\\/schema.org\",\"@graph\":[{\"@type\":\"Article\",\"@id\":\"https:\\\/\\\/lasentinelle.dz\\\/index.php\\\/2024\\\/06\\\/06\\\/netanyahu-menace-dattaquer-le-liban-menace-de-chaos-dans-le-proche-orient\\\/#article\",\"isPartOf\":{\"@id\":\"https:\\\/\\\/lasentinelle.dz\\\/index.php\\\/2024\\\/06\\\/06\\\/netanyahu-menace-dattaquer-le-liban-menace-de-chaos-dans-le-proche-orient\\\/\"},\"author\":{\"name\":\"La Sentinelle\",\"@id\":\"https:\\\/\\\/lasentinelle.dz\\\/#\\\/schema\\\/person\\\/d865044e22e70a75174ce8bcad3acfb3\"},\"headline\":\"Netanyahu menace d&rsquo;attaquer le Liban: Menace de chaos dans le Proche-Orient\",\"datePublished\":\"2024-06-06T14:56:00+00:00\",\"dateModified\":\"2024-06-07T14:57:53+00:00\",\"mainEntityOfPage\":{\"@id\":\"https:\\\/\\\/lasentinelle.dz\\\/index.php\\\/2024\\\/06\\\/06\\\/netanyahu-menace-dattaquer-le-liban-menace-de-chaos-dans-le-proche-orient\\\/\"},\"wordCount\":689,\"commentCount\":0,\"publisher\":{\"@id\":\"https:\\\/\\\/lasentinelle.dz\\\/#organization\"},\"image\":{\"@id\":\"https:\\\/\\\/lasentinelle.dz\\\/index.php\\\/2024\\\/06\\\/06\\\/netanyahu-menace-dattaquer-le-liban-menace-de-chaos-dans-le-proche-orient\\\/#primaryimage\"},\"thumbnailUrl\":\"https:\\\/\\\/lasentinelle.dz\\\/wp-content\\\/uploads\\\/2024\\\/06\\\/guerre.webp\",\"articleSection\":[\"\u00c0 la Une\",\"Actualit\u00e9\"],\"inLanguage\":\"fr-FR\",\"potentialAction\":[{\"@type\":\"CommentAction\",\"name\":\"Comment\",\"target\":[\"https:\\\/\\\/lasentinelle.dz\\\/index.php\\\/2024\\\/06\\\/06\\\/netanyahu-menace-dattaquer-le-liban-menace-de-chaos-dans-le-proche-orient\\\/#respond\"]}]},{\"@type\":\"WebPage\",\"@id\":\"https:\\\/\\\/lasentinelle.dz\\\/index.php\\\/2024\\\/06\\\/06\\\/netanyahu-menace-dattaquer-le-liban-menace-de-chaos-dans-le-proche-orient\\\/\",\"url\":\"https:\\\/\\\/lasentinelle.dz\\\/index.php\\\/2024\\\/06\\\/06\\\/netanyahu-menace-dattaquer-le-liban-menace-de-chaos-dans-le-proche-orient\\\/\",\"name\":\"Netanyahu menace d&rsquo;attaquer le Liban: Menace de chaos dans le Proche-Orient - La Sentinelle\",\"isPartOf\":{\"@id\":\"https:\\\/\\\/lasentinelle.dz\\\/#website\"},\"primaryImageOfPage\":{\"@id\":\"https:\\\/\\\/lasentinelle.dz\\\/index.php\\\/2024\\\/06\\\/06\\\/netanyahu-menace-dattaquer-le-liban-menace-de-chaos-dans-le-proche-orient\\\/#primaryimage\"},\"image\":{\"@id\":\"https:\\\/\\\/lasentinelle.dz\\\/index.php\\\/2024\\\/06\\\/06\\\/netanyahu-menace-dattaquer-le-liban-menace-de-chaos-dans-le-proche-orient\\\/#primaryimage\"},\"thumbnailUrl\":\"https:\\\/\\\/lasentinelle.dz\\\/wp-content\\\/uploads\\\/2024\\\/06\\\/guerre.webp\",\"datePublished\":\"2024-06-06T14:56:00+00:00\",\"dateModified\":\"2024-06-07T14:57:53+00:00\",\"breadcrumb\":{\"@id\":\"https:\\\/\\\/lasentinelle.dz\\\/index.php\\\/2024\\\/06\\\/06\\\/netanyahu-menace-dattaquer-le-liban-menace-de-chaos-dans-le-proche-orient\\\/#breadcrumb\"},\"inLanguage\":\"fr-FR\",\"potentialAction\":[{\"@type\":\"ReadAction\",\"target\":[\"https:\\\/\\\/lasentinelle.dz\\\/index.php\\\/2024\\\/06\\\/06\\\/netanyahu-menace-dattaquer-le-liban-menace-de-chaos-dans-le-proche-orient\\\/\"]}]},{\"@type\":\"ImageObject\",\"inLanguage\":\"fr-FR\",\"@id\":\"https:\\\/\\\/lasentinelle.dz\\\/index.php\\\/2024\\\/06\\\/06\\\/netanyahu-menace-dattaquer-le-liban-menace-de-chaos-dans-le-proche-orient\\\/#primaryimage\",\"url\":\"https:\\\/\\\/lasentinelle.dz\\\/wp-content\\\/uploads\\\/2024\\\/06\\\/guerre.webp\",\"contentUrl\":\"https:\\\/\\\/lasentinelle.dz\\\/wp-content\\\/uploads\\\/2024\\\/06\\\/guerre.webp\",\"width\":760,\"height\":507},{\"@type\":\"BreadcrumbList\",\"@id\":\"https:\\\/\\\/lasentinelle.dz\\\/index.php\\\/2024\\\/06\\\/06\\\/netanyahu-menace-dattaquer-le-liban-menace-de-chaos-dans-le-proche-orient\\\/#breadcrumb\",\"itemListElement\":[{\"@type\":\"ListItem\",\"position\":1,\"name\":\"Accueil\",\"item\":\"https:\\\/\\\/lasentinelle.dz\\\/\"},{\"@type\":\"ListItem\",\"position\":2,\"name\":\"Netanyahu menace d&rsquo;attaquer le Liban: Menace de chaos dans le Proche-Orient\"}]},{\"@type\":\"WebSite\",\"@id\":\"https:\\\/\\\/lasentinelle.dz\\\/#website\",\"url\":\"https:\\\/\\\/lasentinelle.dz\\\/\",\"name\":\"La Sentinelle\",\"description\":\"Quotidien national d&#039;information\",\"publisher\":{\"@id\":\"https:\\\/\\\/lasentinelle.dz\\\/#organization\"},\"potentialAction\":[{\"@type\":\"SearchAction\",\"target\":{\"@type\":\"EntryPoint\",\"urlTemplate\":\"https:\\\/\\\/lasentinelle.dz\\\/?s={search_term_string}\"},\"query-input\":{\"@type\":\"PropertyValueSpecification\",\"valueRequired\":true,\"valueName\":\"search_term_string\"}}],\"inLanguage\":\"fr-FR\"},{\"@type\":\"Organization\",\"@id\":\"https:\\\/\\\/lasentinelle.dz\\\/#organization\",\"name\":\"Quotidien La Sentinelle\",\"url\":\"https:\\\/\\\/lasentinelle.dz\\\/\",\"logo\":{\"@type\":\"ImageObject\",\"inLanguage\":\"fr-FR\",\"@id\":\"https:\\\/\\\/lasentinelle.dz\\\/#\\\/schema\\\/logo\\\/image\\\/\",\"url\":\"https:\\\/\\\/lasentinelle.dz\\\/wp-content\\\/uploads\\\/2021\\\/09\\\/logo-sentinelleSLOGAN-1.png\",\"contentUrl\":\"https:\\\/\\\/lasentinelle.dz\\\/wp-content\\\/uploads\\\/2021\\\/09\\\/logo-sentinelleSLOGAN-1.png\",\"width\":615,\"height\":142,\"caption\":\"Quotidien La Sentinelle\"},\"image\":{\"@id\":\"https:\\\/\\\/lasentinelle.dz\\\/#\\\/schema\\\/logo\\\/image\\\/\"},\"sameAs\":[\"https:\\\/\\\/www.facebook.com\\\/La-Sentinelle-104059864394773\"]},{\"@type\":\"Person\",\"@id\":\"https:\\\/\\\/lasentinelle.dz\\\/#\\\/schema\\\/person\\\/d865044e22e70a75174ce8bcad3acfb3\",\"name\":\"La Sentinelle\",\"image\":{\"@type\":\"ImageObject\",\"inLanguage\":\"fr-FR\",\"@id\":\"https:\\\/\\\/secure.gravatar.com\\\/avatar\\\/57de8e5d4b15d43fb361a71fbb36338450fe67865b528a43dd10ef7c51a20392?s=96&d=mm&r=g\",\"url\":\"https:\\\/\\\/secure.gravatar.com\\\/avatar\\\/57de8e5d4b15d43fb361a71fbb36338450fe67865b528a43dd10ef7c51a20392?s=96&d=mm&r=g\",\"contentUrl\":\"https:\\\/\\\/secure.gravatar.com\\\/avatar\\\/57de8e5d4b15d43fb361a71fbb36338450fe67865b528a43dd10ef7c51a20392?s=96&d=mm&r=g\",\"caption\":\"La Sentinelle\"},\"sameAs\":[\"http:\\\/\\\/www.lasentinelle.dz\"],\"url\":\"https:\\\/\\\/lasentinelle.dz\\\/author\\\/redaction\\\/\"}]}<\/script>\n<!-- \/ Yoast SEO plugin. -->","yoast_head_json":{"title":"Netanyahu menace d&rsquo;attaquer le Liban: Menace de chaos dans le Proche-Orient - La Sentinelle","robots":{"index":"index","follow":"follow","max-snippet":"max-snippet:-1","max-image-preview":"max-image-preview:large","max-video-preview":"max-video-preview:-1"},"canonical":"https:\/\/lasentinelle.dz\/index.php\/2024\/06\/06\/netanyahu-menace-dattaquer-le-liban-menace-de-chaos-dans-le-proche-orient\/","og_locale":"fr_FR","og_type":"article","og_title":"Netanyahu menace d&rsquo;attaquer le Liban: Menace de chaos dans le Proche-Orient - La Sentinelle","og_description":"Le premier ministre de l&rsquo;entit\u00e9 sioniste est pr\u00eat \u00e0 tout pour prolonger ind\u00e9finiment la guerre au Moyen-Orient et se maintenir","og_url":"https:\/\/lasentinelle.dz\/index.php\/2024\/06\/06\/netanyahu-menace-dattaquer-le-liban-menace-de-chaos-dans-le-proche-orient\/","og_site_name":"La Sentinelle","article_publisher":"https:\/\/www.facebook.com\/La-Sentinelle-104059864394773","article_published_time":"2024-06-06T14:56:00+00:00","article_modified_time":"2024-06-07T14:57:53+00:00","og_image":[{"width":760,"height":507,"url":"https:\/\/lasentinelle.dz\/wp-content\/uploads\/2024\/06\/guerre.webp","type":"image\/webp"}],"author":"La Sentinelle","twitter_card":"summary_large_image","twitter_misc":{"\u00c9crit par":"La Sentinelle","Dur\u00e9e de lecture estim\u00e9e":"4 minutes"},"schema":{"@context":"https:\/\/schema.org","@graph":[{"@type":"Article","@id":"https:\/\/lasentinelle.dz\/index.php\/2024\/06\/06\/netanyahu-menace-dattaquer-le-liban-menace-de-chaos-dans-le-proche-orient\/#article","isPartOf":{"@id":"https:\/\/lasentinelle.dz\/index.php\/2024\/06\/06\/netanyahu-menace-dattaquer-le-liban-menace-de-chaos-dans-le-proche-orient\/"},"author":{"name":"La Sentinelle","@id":"https:\/\/lasentinelle.dz\/#\/schema\/person\/d865044e22e70a75174ce8bcad3acfb3"},"headline":"Netanyahu menace d&rsquo;attaquer le Liban: Menace de chaos dans le Proche-Orient","datePublished":"2024-06-06T14:56:00+00:00","dateModified":"2024-06-07T14:57:53+00:00","mainEntityOfPage":{"@id":"https:\/\/lasentinelle.dz\/index.php\/2024\/06\/06\/netanyahu-menace-dattaquer-le-liban-menace-de-chaos-dans-le-proche-orient\/"},"wordCount":689,"commentCount":0,"publisher":{"@id":"https:\/\/lasentinelle.dz\/#organization"},"image":{"@id":"https:\/\/lasentinelle.dz\/index.php\/2024\/06\/06\/netanyahu-menace-dattaquer-le-liban-menace-de-chaos-dans-le-proche-orient\/#primaryimage"},"thumbnailUrl":"https:\/\/lasentinelle.dz\/wp-content\/uploads\/2024\/06\/guerre.webp","articleSection":["\u00c0 la Une","Actualit\u00e9"],"inLanguage":"fr-FR","potentialAction":[{"@type":"CommentAction","name":"Comment","target":["https:\/\/lasentinelle.dz\/index.php\/2024\/06\/06\/netanyahu-menace-dattaquer-le-liban-menace-de-chaos-dans-le-proche-orient\/#respond"]}]},{"@type":"WebPage","@id":"https:\/\/lasentinelle.dz\/index.php\/2024\/06\/06\/netanyahu-menace-dattaquer-le-liban-menace-de-chaos-dans-le-proche-orient\/","url":"https:\/\/lasentinelle.dz\/index.php\/2024\/06\/06\/netanyahu-menace-dattaquer-le-liban-menace-de-chaos-dans-le-proche-orient\/","name":"Netanyahu menace d&rsquo;attaquer le Liban: Menace de chaos dans le Proche-Orient - La Sentinelle","isPartOf":{"@id":"https:\/\/lasentinelle.dz\/#website"},"primaryImageOfPage":{"@id":"https:\/\/lasentinelle.dz\/index.php\/2024\/06\/06\/netanyahu-menace-dattaquer-le-liban-menace-de-chaos-dans-le-proche-orient\/#primaryimage"},"image":{"@id":"https:\/\/lasentinelle.dz\/index.php\/2024\/06\/06\/netanyahu-menace-dattaquer-le-liban-menace-de-chaos-dans-le-proche-orient\/#primaryimage"},"thumbnailUrl":"https:\/\/lasentinelle.dz\/wp-content\/uploads\/2024\/06\/guerre.webp","datePublished":"2024-06-06T14:56:00+00:00","dateModified":"2024-06-07T14:57:53+00:00","breadcrumb":{"@id":"https:\/\/lasentinelle.dz\/index.php\/2024\/06\/06\/netanyahu-menace-dattaquer-le-liban-menace-de-chaos-dans-le-proche-orient\/#breadcrumb"},"inLanguage":"fr-FR","potentialAction":[{"@type":"ReadAction","target":["https:\/\/lasentinelle.dz\/index.php\/2024\/06\/06\/netanyahu-menace-dattaquer-le-liban-menace-de-chaos-dans-le-proche-orient\/"]}]},{"@type":"ImageObject","inLanguage":"fr-FR","@id":"https:\/\/lasentinelle.dz\/index.php\/2024\/06\/06\/netanyahu-menace-dattaquer-le-liban-menace-de-chaos-dans-le-proche-orient\/#primaryimage","url":"https:\/\/lasentinelle.dz\/wp-content\/uploads\/2024\/06\/guerre.webp","contentUrl":"https:\/\/lasentinelle.dz\/wp-content\/uploads\/2024\/06\/guerre.webp","width":760,"height":507},{"@type":"BreadcrumbList","@id":"https:\/\/lasentinelle.dz\/index.php\/2024\/06\/06\/netanyahu-menace-dattaquer-le-liban-menace-de-chaos-dans-le-proche-orient\/#breadcrumb","itemListElement":[{"@type":"ListItem","position":1,"name":"Accueil","item":"https:\/\/lasentinelle.dz\/"},{"@type":"ListItem","position":2,"name":"Netanyahu menace d&rsquo;attaquer le Liban: Menace de chaos dans le Proche-Orient"}]},{"@type":"WebSite","@id":"https:\/\/lasentinelle.dz\/#website","url":"https:\/\/lasentinelle.dz\/","name":"La Sentinelle","description":"Quotidien national d&#039;information","publisher":{"@id":"https:\/\/lasentinelle.dz\/#organization"},"potentialAction":[{"@type":"SearchAction","target":{"@type":"EntryPoint","urlTemplate":"https:\/\/lasentinelle.dz\/?s={search_term_string}"},"query-input":{"@type":"PropertyValueSpecification","valueRequired":true,"valueName":"search_term_string"}}],"inLanguage":"fr-FR"},{"@type":"Organization","@id":"https:\/\/lasentinelle.dz\/#organization","name":"Quotidien La Sentinelle","url":"https:\/\/lasentinelle.dz\/","logo":{"@type":"ImageObject","inLanguage":"fr-FR","@id":"https:\/\/lasentinelle.dz\/#\/schema\/logo\/image\/","url":"https:\/\/lasentinelle.dz\/wp-content\/uploads\/2021\/09\/logo-sentinelleSLOGAN-1.png","contentUrl":"https:\/\/lasentinelle.dz\/wp-content\/uploads\/2021\/09\/logo-sentinelleSLOGAN-1.png","width":615,"height":142,"caption":"Quotidien La Sentinelle"},"image":{"@id":"https:\/\/lasentinelle.dz\/#\/schema\/logo\/image\/"},"sameAs":["https:\/\/www.facebook.com\/La-Sentinelle-104059864394773"]},{"@type":"Person","@id":"https:\/\/lasentinelle.dz\/#\/schema\/person\/d865044e22e70a75174ce8bcad3acfb3","name":"La Sentinelle","image":{"@type":"ImageObject","inLanguage":"fr-FR","@id":"https:\/\/secure.gravatar.com\/avatar\/57de8e5d4b15d43fb361a71fbb36338450fe67865b528a43dd10ef7c51a20392?s=96&d=mm&r=g","url":"https:\/\/secure.gravatar.com\/avatar\/57de8e5d4b15d43fb361a71fbb36338450fe67865b528a43dd10ef7c51a20392?s=96&d=mm&r=g","contentUrl":"https:\/\/secure.gravatar.com\/avatar\/57de8e5d4b15d43fb361a71fbb36338450fe67865b528a43dd10ef7c51a20392?s=96&d=mm&r=g","caption":"La Sentinelle"},"sameAs":["http:\/\/www.lasentinelle.dz"],"url":"https:\/\/lasentinelle.dz\/author\/redaction\/"}]}},"_links":{"self":[{"href":"https:\/\/lasentinelle.dz\/index.php\/wp-json\/wp\/v2\/posts\/53316","targetHints":{"allow":["GET"]}}],"collection":[{"href":"https:\/\/lasentinelle.dz\/index.php\/wp-json\/wp\/v2\/posts"}],"about":[{"href":"https:\/\/lasentinelle.dz\/index.php\/wp-json\/wp\/v2\/types\/post"}],"author":[{"embeddable":true,"href":"https:\/\/lasentinelle.dz\/index.php\/wp-json\/wp\/v2\/users\/3"}],"replies":[{"embeddable":true,"href":"https:\/\/lasentinelle.dz\/index.php\/wp-json\/wp\/v2\/comments?post=53316"}],"version-history":[{"count":2,"href":"https:\/\/lasentinelle.dz\/index.php\/wp-json\/wp\/v2\/posts\/53316\/revisions"}],"predecessor-version":[{"id":53319,"href":"https:\/\/lasentinelle.dz\/index.php\/wp-json\/wp\/v2\/posts\/53316\/revisions\/53319"}],"wp:featuredmedia":[{"embeddable":true,"href":"https:\/\/lasentinelle.dz\/index.php\/wp-json\/wp\/v2\/media\/53317"}],"wp:attachment":[{"href":"https:\/\/lasentinelle.dz\/index.php\/wp-json\/wp\/v2\/media?parent=53316"}],"wp:term":[{"taxonomy":"category","embeddable":true,"href":"https:\/\/lasentinelle.dz\/index.php\/wp-json\/wp\/v2\/categories?post=53316"},{"taxonomy":"post_tag","embeddable":true,"href":"https:\/\/lasentinelle.dz\/index.php\/wp-json\/wp\/v2\/tags?post=53316"}],"curies":[{"name":"wp","href":"https:\/\/api.w.org\/{rel}","templated":true}]}}