{"id":53324,"date":"2024-06-07T16:02:27","date_gmt":"2024-06-07T15:02:27","guid":{"rendered":"https:\/\/lasentinelle.dz\/?p=53324"},"modified":"2024-06-07T16:02:29","modified_gmt":"2024-06-07T15:02:29","slug":"cap-sur-les-grands-projets-publics","status":"publish","type":"post","link":"https:\/\/lasentinelle.dz\/index.php\/2024\/06\/07\/cap-sur-les-grands-projets-publics\/","title":{"rendered":"Cap sur les grands projets publics"},"content":{"rendered":"\n<p>Le Gouvernement s&rsquo;est pench\u00e9 hier sur un projet de cr\u00e9ation d&rsquo;une agence d\u00e9di\u00e9e \u00e0 la r\u00e9alisation et le suivi des grands projets publics.<\/p>\n\n\n\n<p>Les trois prochaines ann\u00e9es seront marqu\u00e9es par la r\u00e9alisation de tr\u00e8s grands projets publics. Que ce soit sur le plan industriel ou pour les infrastructures, d&rsquo;importants investissements seront mobilis\u00e9s pour la concr\u00e9tisation de ses projets qui devront contribuer \u00e0 booster la croissance, doubler le PIB, mais aussi contribuer au maillage du territoire nationale par des infrastructures qui briseront l&rsquo;enclavement de nombreuses r\u00e9gions et accompagnement le d\u00e9veloppement local, les grands projets industriels et agricoles, comme elles serviront de base aux ambitions de d\u00e9ploiement r\u00e9gional et continental. Il faut dire que le pr\u00e9sident de la R\u00e9publique, Abdelmadjid Tebboune a d\u00e9clar\u00e9 \u00e0 plusieurs reprises que l&rsquo;ann\u00e9e 2027 sera une ann\u00e9e charni\u00e8re sur le plan \u00e9conomique pour l&rsquo;Alg\u00e9rie. Aussi et afin d&rsquo;assurer une gestion optimale de ces projets et d&rsquo;\u00e9viter les travers du pass\u00e9 en ce qui concerne la gestion des grands projets publics d&rsquo;infrastructures, une agence est en passe d&rsquo;\u00eatre cr\u00e9\u00e9e pour en assurer la r\u00e9alisation et le suivi. La question a d&rsquo;ailleurs \u00e9t\u00e9 au c\u0153ur de la r\u00e9union hebdomadaire du Gouvernement tenue hier sous la pr\u00e9sidence du Premier ministre Nadir Larbaoui. Selon un communiqu\u00e9 de la Primature la r\u00e9union de l&rsquo;Ex\u00e9cutif a \u00e9t\u00e9 consacr\u00e9e \u00e0 l&rsquo;examen \u00ab\u00a0d&rsquo;un projet de d\u00e9cret ex\u00e9cutif portant cr\u00e9ation et organisation de l&rsquo;Agence nationale des grands \u00e9quipements publics, charg\u00e9e de superviser l&rsquo;\u00e9tude, la r\u00e9alisation et le suivi des grands projets publics approuv\u00e9s par le Pr\u00e9sident de la R\u00e9publique pour renforcer et d\u00e9velopper les infrastructures et cr\u00e9er des emplois.\u00a0\u00bb<\/p>\n\n\n\n<p>Il faut dire que le programme du pr\u00e9sident de la R\u00e9publique mise sur la r\u00e9alisation d&rsquo;importants investissements dans les infrastructures, que ce soit pour la modernisation et l&rsquo;extension des ports et des a\u00e9roports, la cr\u00e9ation de zones franches, les grands axes routiers transr\u00e9gionaux comme ou encore pour le maillage du territoire nationale par le chemin de fer. Il est utile de rappeler concernant ce dernier point que le Conseil des participations de l&rsquo;\u00c9tat a r\u00e9cemment valid\u00e9 la cr\u00e9ation d&rsquo;un grand groupe d\u00e9di\u00e9 \u00e0 l\u2019ing\u00e9nierie et \u00e0 la r\u00e9alisation des projets ferroviaires, r\u00e9unissant trois grandes entreprises publiques du secteur ferroviaire.<\/p>\n\n\n\n<p>Notons que la r\u00e9union du Gouvernement s&rsquo;est \u00e9galement pench\u00e9e, dans le cadre du suivi de la mise en \u0153uvre des directives du Pr\u00e9sident de la R\u00e9publique concernant la garantie de la disponibilit\u00e9 des ressources en eau, sur l&rsquo;\u00e9tat d&rsquo;avancement de la r\u00e9alisation des diff\u00e9rents projets relatifs \u00e0 l&rsquo;approvisionnement en eau, notamment ceux inclus dans le programme national de r\u00e9alisation de stations de dessalement de l&rsquo;eau de mer, afin de r\u00e9pondre aux besoins croissants de la population tout en tenant compte des projets de logement et des nouveaux p\u00f4les urbains.<\/p>\n\n\n\n<p>Le gouvernement a \u00e9galement \u00e9tudi\u00e9 un projet de d\u00e9cret ex\u00e9cutif relatif au Comit\u00e9 national de s\u00fbret\u00e9 de l&rsquo;aviation civile et aux comit\u00e9s locaux de s\u00fbret\u00e9 des a\u00e9roports, qui s&rsquo;inscrit dans le cadre du nouveau cadre juridique et r\u00e9glementaire relatif au secteur de l&rsquo;aviation civile, a soulign\u00e9 la communiqu\u00e9.<\/p>\n\n\n\n<p>Sabrina Aziouez<\/p>\n\n\n\n<p><strong>Conseil des participations de l&rsquo;\u00c9tat<\/strong><\/p>\n\n\n\n<p><strong>Transfert d&rsquo;actifs fonciers r\u00e9siduels au domaine priv\u00e9 de l&rsquo;Etat<\/strong><\/p>\n\n\n\n<p>Le Conseil des participations de l&rsquo;Etat (CPE) a tenu, mercredi, une r\u00e9union, sous la pr\u00e9sidence du Premier ministre, M. Nadir Larbaoui, consacr\u00e9e au transfert d&rsquo;actifs immobiliers exc\u00e9dentaires de l&rsquo;entreprise publique \u00e9conomique \u00ab\u00a0Divindus zones industrielles\u00a0\u00bb au domaine priv\u00e9 de l&rsquo;Etat, en vue de leur int\u00e9gration ult\u00e9rieure dans le portefeuille foncier de l&rsquo;Agence alg\u00e9rienne de promotion de l&rsquo;investissement (AAPI), indique un communiqu\u00e9 des services du Premier ministre. \u00ab\u00a0Le Conseil des participations de l&rsquo;Etat a tenu, mercredi 5 juin 2024, une r\u00e9union, sous la pr\u00e9sidence du Premier ministre, M. Nadir Larbaoui, consacr\u00e9e au transfert d&rsquo;actifs immobiliers exc\u00e9dentaires de l&rsquo;entreprise publique \u00e9conomique +Divindus zones industrielles+ au domaine priv\u00e9 de l&rsquo;Etat, en vue de leur int\u00e9gration ult\u00e9rieure dans le portefeuille foncier de l&rsquo;Agence alg\u00e9rienne de promotion de l&rsquo;investissement\u00a0\u00bb, lit-on dans le communiqu\u00e9. Cette d\u00e9cision s&rsquo;inscrit \u00ab\u00a0dans le cadre de la mise en \u0153uvre du nouveau syst\u00e8me d\u00e9cid\u00e9 par le pr\u00e9sident de la R\u00e9publique pour une gestion \u00e9conomique r\u00e9pondant aux normes de transparence dans le processus d&rsquo;attribution de foncier destin\u00e9 \u00e0 l&rsquo;investissement, \u00e0 travers la constitution progressive du portefeuille foncier de l&rsquo;Agence alg\u00e9rienne de promotion de l&rsquo;investissement en vue de l&rsquo;int\u00e9grer aux offres fonci\u00e8res destin\u00e9es aux op\u00e9rateurs \u00e9conomiques et aux porteurs de projets d&rsquo;investissement\u00a0\u00bb, a pr\u00e9cis\u00e9 la m\u00eame source.<\/p>\n","protected":false},"excerpt":{"rendered":"<p>Le Gouvernement s&rsquo;est pench\u00e9 hier sur un projet de cr\u00e9ation d&rsquo;une agence d\u00e9di\u00e9e \u00e0 la r\u00e9alisation et le suivi des<\/p>\n","protected":false},"author":3,"featured_media":53325,"comment_status":"open","ping_status":"closed","sticky":false,"template":"","format":"standard","meta":{"colormag_page_container_layout":"default_layout","colormag_page_sidebar_layout":"default_layout","om_disable_all_campaigns":false,"_monsterinsights_skip_tracking":false,"_monsterinsights_sitenote_active":false,"_monsterinsights_sitenote_note":"","_monsterinsights_sitenote_category":0,"footnotes":"","_wpscppro_dont_share_socialmedia":false,"_wpscppro_custom_social_share_image":0,"_facebook_share_type":"default","_twitter_share_type":"default","_linkedin_share_type":"default","_pinterest_share_type":"default","_linkedin_share_type_page":"","_instagram_share_type":"default","_medium_share_type":"","_threads_share_type":"","_google_business_share_type":"","_selected_social_profile":[],"_wpsp_enable_custom_social_template":false,"_wpsp_social_scheduling":{"enabled":false,"datetime":null,"platforms":[],"status":"template_only","dateOption":"today","timeOption":"now","customDays":"","customHours":"","customDate":"","customTime":"","schedulingType":"absolute"},"_wpsp_active_default_template":true},"categories":[52,27],"tags":[],"class_list":["post-53324","post","type-post","status-publish","format-standard","has-post-thumbnail","hentry","category-a-la-une","category-actualite"],"aioseo_notices":[],"yoast_head":"<!-- This site is optimized with the Yoast SEO plugin v27.5 - https:\/\/yoast.com\/product\/yoast-seo-wordpress\/ -->\n<title>Cap sur les grands projets publics - La Sentinelle<\/title>\n<meta name=\"robots\" content=\"index, follow, max-snippet:-1, max-image-preview:large, max-video-preview:-1\" \/>\n<link rel=\"canonical\" href=\"https:\/\/lasentinelle.dz\/index.php\/2024\/06\/07\/cap-sur-les-grands-projets-publics\/\" \/>\n<meta property=\"og:locale\" content=\"fr_FR\" \/>\n<meta property=\"og:type\" content=\"article\" \/>\n<meta property=\"og:title\" content=\"Cap sur les grands projets publics - La Sentinelle\" \/>\n<meta property=\"og:description\" content=\"Le Gouvernement s&rsquo;est pench\u00e9 hier sur un projet de cr\u00e9ation d&rsquo;une agence d\u00e9di\u00e9e \u00e0 la r\u00e9alisation et le suivi des\" \/>\n<meta property=\"og:url\" content=\"https:\/\/lasentinelle.dz\/index.php\/2024\/06\/07\/cap-sur-les-grands-projets-publics\/\" \/>\n<meta property=\"og:site_name\" content=\"La Sentinelle\" \/>\n<meta property=\"article:publisher\" content=\"https:\/\/www.facebook.com\/La-Sentinelle-104059864394773\" \/>\n<meta property=\"article:published_time\" content=\"2024-06-07T15:02:27+00:00\" \/>\n<meta property=\"article:modified_time\" content=\"2024-06-07T15:02:29+00:00\" \/>\n<meta property=\"og:image\" content=\"https:\/\/lasentinelle.dz\/wp-content\/uploads\/2024\/06\/projets.jpeg\" \/>\n\t<meta property=\"og:image:width\" content=\"773\" \/>\n\t<meta property=\"og:image:height\" content=\"435\" \/>\n\t<meta property=\"og:image:type\" content=\"image\/jpeg\" \/>\n<meta name=\"author\" content=\"La Sentinelle\" \/>\n<meta name=\"twitter:card\" content=\"summary_large_image\" \/>\n<meta name=\"twitter:label1\" content=\"\u00c9crit par\" \/>\n\t<meta name=\"twitter:data1\" content=\"La Sentinelle\" \/>\n\t<meta name=\"twitter:label2\" content=\"Dur\u00e9e de lecture estim\u00e9e\" \/>\n\t<meta name=\"twitter:data2\" content=\"4 minutes\" \/>\n<script type=\"application\/ld+json\" class=\"yoast-schema-graph\">{\"@context\":\"https:\\\/\\\/schema.org\",\"@graph\":[{\"@type\":\"Article\",\"@id\":\"https:\\\/\\\/lasentinelle.dz\\\/index.php\\\/2024\\\/06\\\/07\\\/cap-sur-les-grands-projets-publics\\\/#article\",\"isPartOf\":{\"@id\":\"https:\\\/\\\/lasentinelle.dz\\\/index.php\\\/2024\\\/06\\\/07\\\/cap-sur-les-grands-projets-publics\\\/\"},\"author\":{\"name\":\"La Sentinelle\",\"@id\":\"https:\\\/\\\/lasentinelle.dz\\\/#\\\/schema\\\/person\\\/d865044e22e70a75174ce8bcad3acfb3\"},\"headline\":\"Cap sur les grands projets publics\",\"datePublished\":\"2024-06-07T15:02:27+00:00\",\"dateModified\":\"2024-06-07T15:02:29+00:00\",\"mainEntityOfPage\":{\"@id\":\"https:\\\/\\\/lasentinelle.dz\\\/index.php\\\/2024\\\/06\\\/07\\\/cap-sur-les-grands-projets-publics\\\/\"},\"wordCount\":858,\"commentCount\":0,\"publisher\":{\"@id\":\"https:\\\/\\\/lasentinelle.dz\\\/#organization\"},\"image\":{\"@id\":\"https:\\\/\\\/lasentinelle.dz\\\/index.php\\\/2024\\\/06\\\/07\\\/cap-sur-les-grands-projets-publics\\\/#primaryimage\"},\"thumbnailUrl\":\"https:\\\/\\\/lasentinelle.dz\\\/wp-content\\\/uploads\\\/2024\\\/06\\\/projets.jpeg\",\"articleSection\":[\"\u00c0 la Une\",\"Actualit\u00e9\"],\"inLanguage\":\"fr-FR\",\"potentialAction\":[{\"@type\":\"CommentAction\",\"name\":\"Comment\",\"target\":[\"https:\\\/\\\/lasentinelle.dz\\\/index.php\\\/2024\\\/06\\\/07\\\/cap-sur-les-grands-projets-publics\\\/#respond\"]}]},{\"@type\":\"WebPage\",\"@id\":\"https:\\\/\\\/lasentinelle.dz\\\/index.php\\\/2024\\\/06\\\/07\\\/cap-sur-les-grands-projets-publics\\\/\",\"url\":\"https:\\\/\\\/lasentinelle.dz\\\/index.php\\\/2024\\\/06\\\/07\\\/cap-sur-les-grands-projets-publics\\\/\",\"name\":\"Cap sur les grands projets publics - La Sentinelle\",\"isPartOf\":{\"@id\":\"https:\\\/\\\/lasentinelle.dz\\\/#website\"},\"primaryImageOfPage\":{\"@id\":\"https:\\\/\\\/lasentinelle.dz\\\/index.php\\\/2024\\\/06\\\/07\\\/cap-sur-les-grands-projets-publics\\\/#primaryimage\"},\"image\":{\"@id\":\"https:\\\/\\\/lasentinelle.dz\\\/index.php\\\/2024\\\/06\\\/07\\\/cap-sur-les-grands-projets-publics\\\/#primaryimage\"},\"thumbnailUrl\":\"https:\\\/\\\/lasentinelle.dz\\\/wp-content\\\/uploads\\\/2024\\\/06\\\/projets.jpeg\",\"datePublished\":\"2024-06-07T15:02:27+00:00\",\"dateModified\":\"2024-06-07T15:02:29+00:00\",\"breadcrumb\":{\"@id\":\"https:\\\/\\\/lasentinelle.dz\\\/index.php\\\/2024\\\/06\\\/07\\\/cap-sur-les-grands-projets-publics\\\/#breadcrumb\"},\"inLanguage\":\"fr-FR\",\"potentialAction\":[{\"@type\":\"ReadAction\",\"target\":[\"https:\\\/\\\/lasentinelle.dz\\\/index.php\\\/2024\\\/06\\\/07\\\/cap-sur-les-grands-projets-publics\\\/\"]}]},{\"@type\":\"ImageObject\",\"inLanguage\":\"fr-FR\",\"@id\":\"https:\\\/\\\/lasentinelle.dz\\\/index.php\\\/2024\\\/06\\\/07\\\/cap-sur-les-grands-projets-publics\\\/#primaryimage\",\"url\":\"https:\\\/\\\/lasentinelle.dz\\\/wp-content\\\/uploads\\\/2024\\\/06\\\/projets.jpeg\",\"contentUrl\":\"https:\\\/\\\/lasentinelle.dz\\\/wp-content\\\/uploads\\\/2024\\\/06\\\/projets.jpeg\",\"width\":773,\"height\":435},{\"@type\":\"BreadcrumbList\",\"@id\":\"https:\\\/\\\/lasentinelle.dz\\\/index.php\\\/2024\\\/06\\\/07\\\/cap-sur-les-grands-projets-publics\\\/#breadcrumb\",\"itemListElement\":[{\"@type\":\"ListItem\",\"position\":1,\"name\":\"Accueil\",\"item\":\"https:\\\/\\\/lasentinelle.dz\\\/\"},{\"@type\":\"ListItem\",\"position\":2,\"name\":\"Cap sur les grands projets publics\"}]},{\"@type\":\"WebSite\",\"@id\":\"https:\\\/\\\/lasentinelle.dz\\\/#website\",\"url\":\"https:\\\/\\\/lasentinelle.dz\\\/\",\"name\":\"La Sentinelle\",\"description\":\"Quotidien national d&#039;information\",\"publisher\":{\"@id\":\"https:\\\/\\\/lasentinelle.dz\\\/#organization\"},\"potentialAction\":[{\"@type\":\"SearchAction\",\"target\":{\"@type\":\"EntryPoint\",\"urlTemplate\":\"https:\\\/\\\/lasentinelle.dz\\\/?s={search_term_string}\"},\"query-input\":{\"@type\":\"PropertyValueSpecification\",\"valueRequired\":true,\"valueName\":\"search_term_string\"}}],\"inLanguage\":\"fr-FR\"},{\"@type\":\"Organization\",\"@id\":\"https:\\\/\\\/lasentinelle.dz\\\/#organization\",\"name\":\"Quotidien La Sentinelle\",\"url\":\"https:\\\/\\\/lasentinelle.dz\\\/\",\"logo\":{\"@type\":\"ImageObject\",\"inLanguage\":\"fr-FR\",\"@id\":\"https:\\\/\\\/lasentinelle.dz\\\/#\\\/schema\\\/logo\\\/image\\\/\",\"url\":\"https:\\\/\\\/lasentinelle.dz\\\/wp-content\\\/uploads\\\/2021\\\/09\\\/logo-sentinelleSLOGAN-1.png\",\"contentUrl\":\"https:\\\/\\\/lasentinelle.dz\\\/wp-content\\\/uploads\\\/2021\\\/09\\\/logo-sentinelleSLOGAN-1.png\",\"width\":615,\"height\":142,\"caption\":\"Quotidien La Sentinelle\"},\"image\":{\"@id\":\"https:\\\/\\\/lasentinelle.dz\\\/#\\\/schema\\\/logo\\\/image\\\/\"},\"sameAs\":[\"https:\\\/\\\/www.facebook.com\\\/La-Sentinelle-104059864394773\"]},{\"@type\":\"Person\",\"@id\":\"https:\\\/\\\/lasentinelle.dz\\\/#\\\/schema\\\/person\\\/d865044e22e70a75174ce8bcad3acfb3\",\"name\":\"La Sentinelle\",\"image\":{\"@type\":\"ImageObject\",\"inLanguage\":\"fr-FR\",\"@id\":\"https:\\\/\\\/secure.gravatar.com\\\/avatar\\\/57de8e5d4b15d43fb361a71fbb36338450fe67865b528a43dd10ef7c51a20392?s=96&d=mm&r=g\",\"url\":\"https:\\\/\\\/secure.gravatar.com\\\/avatar\\\/57de8e5d4b15d43fb361a71fbb36338450fe67865b528a43dd10ef7c51a20392?s=96&d=mm&r=g\",\"contentUrl\":\"https:\\\/\\\/secure.gravatar.com\\\/avatar\\\/57de8e5d4b15d43fb361a71fbb36338450fe67865b528a43dd10ef7c51a20392?s=96&d=mm&r=g\",\"caption\":\"La Sentinelle\"},\"sameAs\":[\"http:\\\/\\\/www.lasentinelle.dz\"],\"url\":\"https:\\\/\\\/lasentinelle.dz\\\/author\\\/redaction\\\/\"}]}<\/script>\n<!-- \/ Yoast SEO plugin. -->","yoast_head_json":{"title":"Cap sur les grands projets publics - La Sentinelle","robots":{"index":"index","follow":"follow","max-snippet":"max-snippet:-1","max-image-preview":"max-image-preview:large","max-video-preview":"max-video-preview:-1"},"canonical":"https:\/\/lasentinelle.dz\/index.php\/2024\/06\/07\/cap-sur-les-grands-projets-publics\/","og_locale":"fr_FR","og_type":"article","og_title":"Cap sur les grands projets publics - La Sentinelle","og_description":"Le Gouvernement s&rsquo;est pench\u00e9 hier sur un projet de cr\u00e9ation d&rsquo;une agence d\u00e9di\u00e9e \u00e0 la r\u00e9alisation et le suivi des","og_url":"https:\/\/lasentinelle.dz\/index.php\/2024\/06\/07\/cap-sur-les-grands-projets-publics\/","og_site_name":"La Sentinelle","article_publisher":"https:\/\/www.facebook.com\/La-Sentinelle-104059864394773","article_published_time":"2024-06-07T15:02:27+00:00","article_modified_time":"2024-06-07T15:02:29+00:00","og_image":[{"width":773,"height":435,"url":"https:\/\/lasentinelle.dz\/wp-content\/uploads\/2024\/06\/projets.jpeg","type":"image\/jpeg"}],"author":"La Sentinelle","twitter_card":"summary_large_image","twitter_misc":{"\u00c9crit par":"La Sentinelle","Dur\u00e9e de lecture estim\u00e9e":"4 minutes"},"schema":{"@context":"https:\/\/schema.org","@graph":[{"@type":"Article","@id":"https:\/\/lasentinelle.dz\/index.php\/2024\/06\/07\/cap-sur-les-grands-projets-publics\/#article","isPartOf":{"@id":"https:\/\/lasentinelle.dz\/index.php\/2024\/06\/07\/cap-sur-les-grands-projets-publics\/"},"author":{"name":"La Sentinelle","@id":"https:\/\/lasentinelle.dz\/#\/schema\/person\/d865044e22e70a75174ce8bcad3acfb3"},"headline":"Cap sur les grands projets publics","datePublished":"2024-06-07T15:02:27+00:00","dateModified":"2024-06-07T15:02:29+00:00","mainEntityOfPage":{"@id":"https:\/\/lasentinelle.dz\/index.php\/2024\/06\/07\/cap-sur-les-grands-projets-publics\/"},"wordCount":858,"commentCount":0,"publisher":{"@id":"https:\/\/lasentinelle.dz\/#organization"},"image":{"@id":"https:\/\/lasentinelle.dz\/index.php\/2024\/06\/07\/cap-sur-les-grands-projets-publics\/#primaryimage"},"thumbnailUrl":"https:\/\/lasentinelle.dz\/wp-content\/uploads\/2024\/06\/projets.jpeg","articleSection":["\u00c0 la Une","Actualit\u00e9"],"inLanguage":"fr-FR","potentialAction":[{"@type":"CommentAction","name":"Comment","target":["https:\/\/lasentinelle.dz\/index.php\/2024\/06\/07\/cap-sur-les-grands-projets-publics\/#respond"]}]},{"@type":"WebPage","@id":"https:\/\/lasentinelle.dz\/index.php\/2024\/06\/07\/cap-sur-les-grands-projets-publics\/","url":"https:\/\/lasentinelle.dz\/index.php\/2024\/06\/07\/cap-sur-les-grands-projets-publics\/","name":"Cap sur les grands projets publics - La Sentinelle","isPartOf":{"@id":"https:\/\/lasentinelle.dz\/#website"},"primaryImageOfPage":{"@id":"https:\/\/lasentinelle.dz\/index.php\/2024\/06\/07\/cap-sur-les-grands-projets-publics\/#primaryimage"},"image":{"@id":"https:\/\/lasentinelle.dz\/index.php\/2024\/06\/07\/cap-sur-les-grands-projets-publics\/#primaryimage"},"thumbnailUrl":"https:\/\/lasentinelle.dz\/wp-content\/uploads\/2024\/06\/projets.jpeg","datePublished":"2024-06-07T15:02:27+00:00","dateModified":"2024-06-07T15:02:29+00:00","breadcrumb":{"@id":"https:\/\/lasentinelle.dz\/index.php\/2024\/06\/07\/cap-sur-les-grands-projets-publics\/#breadcrumb"},"inLanguage":"fr-FR","potentialAction":[{"@type":"ReadAction","target":["https:\/\/lasentinelle.dz\/index.php\/2024\/06\/07\/cap-sur-les-grands-projets-publics\/"]}]},{"@type":"ImageObject","inLanguage":"fr-FR","@id":"https:\/\/lasentinelle.dz\/index.php\/2024\/06\/07\/cap-sur-les-grands-projets-publics\/#primaryimage","url":"https:\/\/lasentinelle.dz\/wp-content\/uploads\/2024\/06\/projets.jpeg","contentUrl":"https:\/\/lasentinelle.dz\/wp-content\/uploads\/2024\/06\/projets.jpeg","width":773,"height":435},{"@type":"BreadcrumbList","@id":"https:\/\/lasentinelle.dz\/index.php\/2024\/06\/07\/cap-sur-les-grands-projets-publics\/#breadcrumb","itemListElement":[{"@type":"ListItem","position":1,"name":"Accueil","item":"https:\/\/lasentinelle.dz\/"},{"@type":"ListItem","position":2,"name":"Cap sur les grands projets publics"}]},{"@type":"WebSite","@id":"https:\/\/lasentinelle.dz\/#website","url":"https:\/\/lasentinelle.dz\/","name":"La Sentinelle","description":"Quotidien national d&#039;information","publisher":{"@id":"https:\/\/lasentinelle.dz\/#organization"},"potentialAction":[{"@type":"SearchAction","target":{"@type":"EntryPoint","urlTemplate":"https:\/\/lasentinelle.dz\/?s={search_term_string}"},"query-input":{"@type":"PropertyValueSpecification","valueRequired":true,"valueName":"search_term_string"}}],"inLanguage":"fr-FR"},{"@type":"Organization","@id":"https:\/\/lasentinelle.dz\/#organization","name":"Quotidien La Sentinelle","url":"https:\/\/lasentinelle.dz\/","logo":{"@type":"ImageObject","inLanguage":"fr-FR","@id":"https:\/\/lasentinelle.dz\/#\/schema\/logo\/image\/","url":"https:\/\/lasentinelle.dz\/wp-content\/uploads\/2021\/09\/logo-sentinelleSLOGAN-1.png","contentUrl":"https:\/\/lasentinelle.dz\/wp-content\/uploads\/2021\/09\/logo-sentinelleSLOGAN-1.png","width":615,"height":142,"caption":"Quotidien La Sentinelle"},"image":{"@id":"https:\/\/lasentinelle.dz\/#\/schema\/logo\/image\/"},"sameAs":["https:\/\/www.facebook.com\/La-Sentinelle-104059864394773"]},{"@type":"Person","@id":"https:\/\/lasentinelle.dz\/#\/schema\/person\/d865044e22e70a75174ce8bcad3acfb3","name":"La Sentinelle","image":{"@type":"ImageObject","inLanguage":"fr-FR","@id":"https:\/\/secure.gravatar.com\/avatar\/57de8e5d4b15d43fb361a71fbb36338450fe67865b528a43dd10ef7c51a20392?s=96&d=mm&r=g","url":"https:\/\/secure.gravatar.com\/avatar\/57de8e5d4b15d43fb361a71fbb36338450fe67865b528a43dd10ef7c51a20392?s=96&d=mm&r=g","contentUrl":"https:\/\/secure.gravatar.com\/avatar\/57de8e5d4b15d43fb361a71fbb36338450fe67865b528a43dd10ef7c51a20392?s=96&d=mm&r=g","caption":"La Sentinelle"},"sameAs":["http:\/\/www.lasentinelle.dz"],"url":"https:\/\/lasentinelle.dz\/author\/redaction\/"}]}},"_links":{"self":[{"href":"https:\/\/lasentinelle.dz\/index.php\/wp-json\/wp\/v2\/posts\/53324","targetHints":{"allow":["GET"]}}],"collection":[{"href":"https:\/\/lasentinelle.dz\/index.php\/wp-json\/wp\/v2\/posts"}],"about":[{"href":"https:\/\/lasentinelle.dz\/index.php\/wp-json\/wp\/v2\/types\/post"}],"author":[{"embeddable":true,"href":"https:\/\/lasentinelle.dz\/index.php\/wp-json\/wp\/v2\/users\/3"}],"replies":[{"embeddable":true,"href":"https:\/\/lasentinelle.dz\/index.php\/wp-json\/wp\/v2\/comments?post=53324"}],"version-history":[{"count":1,"href":"https:\/\/lasentinelle.dz\/index.php\/wp-json\/wp\/v2\/posts\/53324\/revisions"}],"predecessor-version":[{"id":53326,"href":"https:\/\/lasentinelle.dz\/index.php\/wp-json\/wp\/v2\/posts\/53324\/revisions\/53326"}],"wp:featuredmedia":[{"embeddable":true,"href":"https:\/\/lasentinelle.dz\/index.php\/wp-json\/wp\/v2\/media\/53325"}],"wp:attachment":[{"href":"https:\/\/lasentinelle.dz\/index.php\/wp-json\/wp\/v2\/media?parent=53324"}],"wp:term":[{"taxonomy":"category","embeddable":true,"href":"https:\/\/lasentinelle.dz\/index.php\/wp-json\/wp\/v2\/categories?post=53324"},{"taxonomy":"post_tag","embeddable":true,"href":"https:\/\/lasentinelle.dz\/index.php\/wp-json\/wp\/v2\/tags?post=53324"}],"curies":[{"name":"wp","href":"https:\/\/api.w.org\/{rel}","templated":true}]}}