{"id":53328,"date":"2024-06-11T13:35:42","date_gmt":"2024-06-11T12:35:42","guid":{"rendered":"https:\/\/lasentinelle.dz\/?p=53328"},"modified":"2024-06-11T13:35:46","modified_gmt":"2024-06-11T12:35:46","slug":"grand-prix-de-paris-15-athletes-pour-augmenter-le-quota-de-lalgerie-aux-paralympiques","status":"publish","type":"post","link":"https:\/\/lasentinelle.dz\/index.php\/2024\/06\/11\/grand-prix-de-paris-15-athletes-pour-augmenter-le-quota-de-lalgerie-aux-paralympiques\/","title":{"rendered":"Grand Prix de Paris: 15 athl\u00e8tes pour augmenter le quota de l&rsquo;Alg\u00e9rie aux Paralympiques"},"content":{"rendered":"\n<p>Une s\u00e9lection alg\u00e9rienne de para-athl\u00e9tisme, compos\u00e9e de 15 athl\u00e8tes dont sept filles, prendra part les 13 et 14 juin au stade Charl\u00e9ty, au Grand Prix de Paris, avec l&rsquo;objectif d&rsquo;arracher d&rsquo;autres places pour les Jeux Paralympiques-2024, pr\u00e9vus en ao\u00fbt prochain, a-t-on appris aupr\u00e8s de la direction des \u00e9quipes nationales (DEN) de la F\u00e9d\u00e9ration alg\u00e9rienne handisport (FAH).<\/p>\n\n\n\n<p>Outre l&rsquo;Alg\u00e9rie, l&rsquo;Open de Paris, dernier rendez-vous international avant les Jeux Paralympiques, drainera pas moins de 400 athl\u00e8tes venus de 51 pays qui seront par\u00e9s pour glaner un maximum de quotas en vue des Jeux Paralympiques (28 ao\u00fbt-8 septembre 2024). \u00ab\u00a0Evidemment, on va partir avec le souhait de revenir avec d&rsquo;autres places qui s&rsquo;ajoutent \u00e0 ceux arrach\u00e9es jusqu&rsquo;ici. Les athl\u00e8tes sont conscients de leur mission et anim\u00e9s d&rsquo;une grande volont\u00e9 pour, d\u00e9j\u00e0, am\u00e9liorer leurs performances, et assurer un si\u00e8ge au rendez-vous paralympique qui reste le r\u00eave de tout un chacun\u00a0\u00bb, a d\u00e9clar\u00e9 \u00e0 l&rsquo;APS, la directrice des \u00e9quipes nationales de la f\u00e9d\u00e9ration, Nassima Amir. La d\u00e9l\u00e9gation alg\u00e9rienne, compos\u00e9e de 29 personnes dont cinq entraineurs et autant de guides, est \u00e0 pied d&rsquo;oeuvre depuis, dimanche (hier). Le programme du Grand Prix de Paris, propose six \u00e9preuves (100m, 200m, 400m, 800m, 1500m, 5000m) et autant en concours (hauteur, longueur, poids, disque, club, javelot), chez les messieurs et les dames. Sur l&rsquo;ensemble des athl\u00e8tes alg\u00e9riens engag\u00e9s, quatre seront concern\u00e9s par la classification, usage important pour permettre aux athl\u00e8tes de concourir. Il s&rsquo;agit des nouveaux Ihab Karaouche (F38) et Kamel Brakna (F43) qui seront \u00e0 leur premi\u00e8re classification \u00e0 l&rsquo;\u00e9chelle internationale, et Laoudjeda Benoumessad (T34) et Youssouf Bensedira (F35) qui passeront en \u00ab\u00a0review\u00a0\u00bb (confirmer leurs classes ou pas). Le groupe d&rsquo;athl\u00e8te alg\u00e9rien sera conduit par la doyenne la lanceuse Nadia Medjmedj (F56), la sauteuse Lynda Hamri (F12), Sid Ali Bouzourine (T36) et le demi-fondiste Abdellatif Baka (T13). \u00ab\u00a0Les athl\u00e8tes \u00e9taient constamment en pr\u00e9paration, car ils avaient des \u00e9ch\u00e9ances surtout avec leurs clubs. L&rsquo;Open de Paris vient \u00e0 point nomm\u00e9 pour \u00e9valuer leurs performances qui pourraient permettre \u00e0 certains d&rsquo;am\u00e9liorer leur classement mondial qui pourra donner \u00e0 l&rsquo;Alg\u00e9rie des places en plus pour les joutes paralympiques\u00a0\u00bb, expliquent certains techniciens. Il est aussi \u00e0 noter le retour en sc\u00e8ne de certains athl\u00e8tes \u00e0 l&rsquo;image de la lanceuse Achoura Boukoufa (javelot F46), Louadjeda Benoumessad (disque et javelot, classe F34), Hadi Tedjani (T52), Youssouf Bensedira (Lanceur\/F35), Kaouther Zerari (lanceuse\/F51). Le 16 juin, le Comit\u00e9 paralympique international (IPC) attribuera le quota des pays aux Jeux Paralympiques. Il restera ensuite le championnat d&rsquo;Alg\u00e9rie en Open, pr\u00e9vu d\u00e9but juillet prochain \u00e0 Oran, et c\u2019est \u00e0 l\u2019issue de cette derni\u00e8re \u00e9ch\u00e9ance que la s\u00e9lection alg\u00e9rienne de Para-athl\u00e9tisme sera faite. Liste des athl\u00e8tes retenus pour le Grand Prix de Paris-2024: Sid Ali Bouzourine, Youssouf Bensedira, Zerari Kaouther, Kamel Brakna, Oufaa Rouabhia, Indji Malak Aggoune, Achoura Boukoufa, Laoudjeda Benoumessad, Lynda Hamri, Ihab Karaouche, Djouadi Laouarem, Abdelhak Missouni, Hadi Tedjani, Nadia Medjmedj, Abdellatif Baka.<\/p>\n\n\n\n<p>R.S<\/p>\n","protected":false},"excerpt":{"rendered":"<p>Une s\u00e9lection alg\u00e9rienne de para-athl\u00e9tisme, compos\u00e9e de 15 athl\u00e8tes dont sept filles, prendra part les 13 et 14 juin au<\/p>\n","protected":false},"author":3,"featured_media":53329,"comment_status":"open","ping_status":"closed","sticky":false,"template":"","format":"standard","meta":{"colormag_page_container_layout":"default_layout","colormag_page_sidebar_layout":"default_layout","om_disable_all_campaigns":false,"_monsterinsights_skip_tracking":false,"_monsterinsights_sitenote_active":false,"_monsterinsights_sitenote_note":"","_monsterinsights_sitenote_category":0,"footnotes":"","_wpscppro_dont_share_socialmedia":false,"_wpscppro_custom_social_share_image":0,"_facebook_share_type":"default","_twitter_share_type":"default","_linkedin_share_type":"default","_pinterest_share_type":"default","_linkedin_share_type_page":"","_instagram_share_type":"default","_medium_share_type":"","_threads_share_type":"","_google_business_share_type":"","_selected_social_profile":[],"_wpsp_enable_custom_social_template":false,"_wpsp_social_scheduling":{"enabled":false,"datetime":null,"platforms":[],"status":"template_only","dateOption":"today","timeOption":"now","customDays":"","customHours":"","customDate":"","customTime":"","schedulingType":"absolute"},"_wpsp_active_default_template":true},"categories":[33],"tags":[],"class_list":["post-53328","post","type-post","status-publish","format-standard","has-post-thumbnail","hentry","category-sports"],"aioseo_notices":[],"yoast_head":"<!-- This site is optimized with the Yoast SEO plugin v27.5 - https:\/\/yoast.com\/product\/yoast-seo-wordpress\/ -->\n<title>Grand Prix de Paris: 15 athl\u00e8tes pour augmenter le quota de l&rsquo;Alg\u00e9rie aux Paralympiques - La Sentinelle<\/title>\n<meta name=\"robots\" content=\"index, follow, max-snippet:-1, max-image-preview:large, max-video-preview:-1\" \/>\n<link rel=\"canonical\" href=\"https:\/\/lasentinelle.dz\/index.php\/2024\/06\/11\/grand-prix-de-paris-15-athletes-pour-augmenter-le-quota-de-lalgerie-aux-paralympiques\/\" \/>\n<meta property=\"og:locale\" content=\"fr_FR\" \/>\n<meta property=\"og:type\" content=\"article\" \/>\n<meta property=\"og:title\" content=\"Grand Prix de Paris: 15 athl\u00e8tes pour augmenter le quota de l&rsquo;Alg\u00e9rie aux Paralympiques - La Sentinelle\" \/>\n<meta property=\"og:description\" content=\"Une s\u00e9lection alg\u00e9rienne de para-athl\u00e9tisme, compos\u00e9e de 15 athl\u00e8tes dont sept filles, prendra part les 13 et 14 juin au\" \/>\n<meta property=\"og:url\" content=\"https:\/\/lasentinelle.dz\/index.php\/2024\/06\/11\/grand-prix-de-paris-15-athletes-pour-augmenter-le-quota-de-lalgerie-aux-paralympiques\/\" \/>\n<meta property=\"og:site_name\" content=\"La Sentinelle\" \/>\n<meta property=\"article:publisher\" content=\"https:\/\/www.facebook.com\/La-Sentinelle-104059864394773\" \/>\n<meta property=\"article:published_time\" content=\"2024-06-11T12:35:42+00:00\" \/>\n<meta property=\"article:modified_time\" content=\"2024-06-11T12:35:46+00:00\" \/>\n<meta property=\"og:image\" content=\"https:\/\/lasentinelle.dz\/wp-content\/uploads\/2024\/06\/para.jpeg\" \/>\n\t<meta property=\"og:image:width\" content=\"580\" \/>\n\t<meta property=\"og:image:height\" content=\"350\" \/>\n\t<meta property=\"og:image:type\" content=\"image\/jpeg\" \/>\n<meta name=\"author\" content=\"La Sentinelle\" \/>\n<meta name=\"twitter:card\" content=\"summary_large_image\" \/>\n<meta name=\"twitter:label1\" content=\"\u00c9crit par\" \/>\n\t<meta name=\"twitter:data1\" content=\"La Sentinelle\" \/>\n\t<meta name=\"twitter:label2\" content=\"Dur\u00e9e de lecture estim\u00e9e\" \/>\n\t<meta name=\"twitter:data2\" content=\"3 minutes\" \/>\n<script type=\"application\/ld+json\" class=\"yoast-schema-graph\">{\"@context\":\"https:\\\/\\\/schema.org\",\"@graph\":[{\"@type\":\"Article\",\"@id\":\"https:\\\/\\\/lasentinelle.dz\\\/index.php\\\/2024\\\/06\\\/11\\\/grand-prix-de-paris-15-athletes-pour-augmenter-le-quota-de-lalgerie-aux-paralympiques\\\/#article\",\"isPartOf\":{\"@id\":\"https:\\\/\\\/lasentinelle.dz\\\/index.php\\\/2024\\\/06\\\/11\\\/grand-prix-de-paris-15-athletes-pour-augmenter-le-quota-de-lalgerie-aux-paralympiques\\\/\"},\"author\":{\"name\":\"La Sentinelle\",\"@id\":\"https:\\\/\\\/lasentinelle.dz\\\/#\\\/schema\\\/person\\\/d865044e22e70a75174ce8bcad3acfb3\"},\"headline\":\"Grand Prix de Paris: 15 athl\u00e8tes pour augmenter le quota de l&rsquo;Alg\u00e9rie aux Paralympiques\",\"datePublished\":\"2024-06-11T12:35:42+00:00\",\"dateModified\":\"2024-06-11T12:35:46+00:00\",\"mainEntityOfPage\":{\"@id\":\"https:\\\/\\\/lasentinelle.dz\\\/index.php\\\/2024\\\/06\\\/11\\\/grand-prix-de-paris-15-athletes-pour-augmenter-le-quota-de-lalgerie-aux-paralympiques\\\/\"},\"wordCount\":551,\"commentCount\":0,\"publisher\":{\"@id\":\"https:\\\/\\\/lasentinelle.dz\\\/#organization\"},\"image\":{\"@id\":\"https:\\\/\\\/lasentinelle.dz\\\/index.php\\\/2024\\\/06\\\/11\\\/grand-prix-de-paris-15-athletes-pour-augmenter-le-quota-de-lalgerie-aux-paralympiques\\\/#primaryimage\"},\"thumbnailUrl\":\"https:\\\/\\\/lasentinelle.dz\\\/wp-content\\\/uploads\\\/2024\\\/06\\\/para.jpeg\",\"articleSection\":[\"Sports\"],\"inLanguage\":\"fr-FR\",\"potentialAction\":[{\"@type\":\"CommentAction\",\"name\":\"Comment\",\"target\":[\"https:\\\/\\\/lasentinelle.dz\\\/index.php\\\/2024\\\/06\\\/11\\\/grand-prix-de-paris-15-athletes-pour-augmenter-le-quota-de-lalgerie-aux-paralympiques\\\/#respond\"]}]},{\"@type\":\"WebPage\",\"@id\":\"https:\\\/\\\/lasentinelle.dz\\\/index.php\\\/2024\\\/06\\\/11\\\/grand-prix-de-paris-15-athletes-pour-augmenter-le-quota-de-lalgerie-aux-paralympiques\\\/\",\"url\":\"https:\\\/\\\/lasentinelle.dz\\\/index.php\\\/2024\\\/06\\\/11\\\/grand-prix-de-paris-15-athletes-pour-augmenter-le-quota-de-lalgerie-aux-paralympiques\\\/\",\"name\":\"Grand Prix de Paris: 15 athl\u00e8tes pour augmenter le quota de l&rsquo;Alg\u00e9rie aux Paralympiques - La Sentinelle\",\"isPartOf\":{\"@id\":\"https:\\\/\\\/lasentinelle.dz\\\/#website\"},\"primaryImageOfPage\":{\"@id\":\"https:\\\/\\\/lasentinelle.dz\\\/index.php\\\/2024\\\/06\\\/11\\\/grand-prix-de-paris-15-athletes-pour-augmenter-le-quota-de-lalgerie-aux-paralympiques\\\/#primaryimage\"},\"image\":{\"@id\":\"https:\\\/\\\/lasentinelle.dz\\\/index.php\\\/2024\\\/06\\\/11\\\/grand-prix-de-paris-15-athletes-pour-augmenter-le-quota-de-lalgerie-aux-paralympiques\\\/#primaryimage\"},\"thumbnailUrl\":\"https:\\\/\\\/lasentinelle.dz\\\/wp-content\\\/uploads\\\/2024\\\/06\\\/para.jpeg\",\"datePublished\":\"2024-06-11T12:35:42+00:00\",\"dateModified\":\"2024-06-11T12:35:46+00:00\",\"breadcrumb\":{\"@id\":\"https:\\\/\\\/lasentinelle.dz\\\/index.php\\\/2024\\\/06\\\/11\\\/grand-prix-de-paris-15-athletes-pour-augmenter-le-quota-de-lalgerie-aux-paralympiques\\\/#breadcrumb\"},\"inLanguage\":\"fr-FR\",\"potentialAction\":[{\"@type\":\"ReadAction\",\"target\":[\"https:\\\/\\\/lasentinelle.dz\\\/index.php\\\/2024\\\/06\\\/11\\\/grand-prix-de-paris-15-athletes-pour-augmenter-le-quota-de-lalgerie-aux-paralympiques\\\/\"]}]},{\"@type\":\"ImageObject\",\"inLanguage\":\"fr-FR\",\"@id\":\"https:\\\/\\\/lasentinelle.dz\\\/index.php\\\/2024\\\/06\\\/11\\\/grand-prix-de-paris-15-athletes-pour-augmenter-le-quota-de-lalgerie-aux-paralympiques\\\/#primaryimage\",\"url\":\"https:\\\/\\\/lasentinelle.dz\\\/wp-content\\\/uploads\\\/2024\\\/06\\\/para.jpeg\",\"contentUrl\":\"https:\\\/\\\/lasentinelle.dz\\\/wp-content\\\/uploads\\\/2024\\\/06\\\/para.jpeg\",\"width\":580,\"height\":350},{\"@type\":\"BreadcrumbList\",\"@id\":\"https:\\\/\\\/lasentinelle.dz\\\/index.php\\\/2024\\\/06\\\/11\\\/grand-prix-de-paris-15-athletes-pour-augmenter-le-quota-de-lalgerie-aux-paralympiques\\\/#breadcrumb\",\"itemListElement\":[{\"@type\":\"ListItem\",\"position\":1,\"name\":\"Accueil\",\"item\":\"https:\\\/\\\/lasentinelle.dz\\\/\"},{\"@type\":\"ListItem\",\"position\":2,\"name\":\"Grand Prix de Paris: 15 athl\u00e8tes pour augmenter le quota de l&rsquo;Alg\u00e9rie aux Paralympiques\"}]},{\"@type\":\"WebSite\",\"@id\":\"https:\\\/\\\/lasentinelle.dz\\\/#website\",\"url\":\"https:\\\/\\\/lasentinelle.dz\\\/\",\"name\":\"La Sentinelle\",\"description\":\"Quotidien national d&#039;information\",\"publisher\":{\"@id\":\"https:\\\/\\\/lasentinelle.dz\\\/#organization\"},\"potentialAction\":[{\"@type\":\"SearchAction\",\"target\":{\"@type\":\"EntryPoint\",\"urlTemplate\":\"https:\\\/\\\/lasentinelle.dz\\\/?s={search_term_string}\"},\"query-input\":{\"@type\":\"PropertyValueSpecification\",\"valueRequired\":true,\"valueName\":\"search_term_string\"}}],\"inLanguage\":\"fr-FR\"},{\"@type\":\"Organization\",\"@id\":\"https:\\\/\\\/lasentinelle.dz\\\/#organization\",\"name\":\"Quotidien La Sentinelle\",\"url\":\"https:\\\/\\\/lasentinelle.dz\\\/\",\"logo\":{\"@type\":\"ImageObject\",\"inLanguage\":\"fr-FR\",\"@id\":\"https:\\\/\\\/lasentinelle.dz\\\/#\\\/schema\\\/logo\\\/image\\\/\",\"url\":\"https:\\\/\\\/lasentinelle.dz\\\/wp-content\\\/uploads\\\/2021\\\/09\\\/logo-sentinelleSLOGAN-1.png\",\"contentUrl\":\"https:\\\/\\\/lasentinelle.dz\\\/wp-content\\\/uploads\\\/2021\\\/09\\\/logo-sentinelleSLOGAN-1.png\",\"width\":615,\"height\":142,\"caption\":\"Quotidien La Sentinelle\"},\"image\":{\"@id\":\"https:\\\/\\\/lasentinelle.dz\\\/#\\\/schema\\\/logo\\\/image\\\/\"},\"sameAs\":[\"https:\\\/\\\/www.facebook.com\\\/La-Sentinelle-104059864394773\"]},{\"@type\":\"Person\",\"@id\":\"https:\\\/\\\/lasentinelle.dz\\\/#\\\/schema\\\/person\\\/d865044e22e70a75174ce8bcad3acfb3\",\"name\":\"La Sentinelle\",\"image\":{\"@type\":\"ImageObject\",\"inLanguage\":\"fr-FR\",\"@id\":\"https:\\\/\\\/secure.gravatar.com\\\/avatar\\\/57de8e5d4b15d43fb361a71fbb36338450fe67865b528a43dd10ef7c51a20392?s=96&d=mm&r=g\",\"url\":\"https:\\\/\\\/secure.gravatar.com\\\/avatar\\\/57de8e5d4b15d43fb361a71fbb36338450fe67865b528a43dd10ef7c51a20392?s=96&d=mm&r=g\",\"contentUrl\":\"https:\\\/\\\/secure.gravatar.com\\\/avatar\\\/57de8e5d4b15d43fb361a71fbb36338450fe67865b528a43dd10ef7c51a20392?s=96&d=mm&r=g\",\"caption\":\"La Sentinelle\"},\"sameAs\":[\"http:\\\/\\\/www.lasentinelle.dz\"],\"url\":\"https:\\\/\\\/lasentinelle.dz\\\/author\\\/redaction\\\/\"}]}<\/script>\n<!-- \/ Yoast SEO plugin. -->","yoast_head_json":{"title":"Grand Prix de Paris: 15 athl\u00e8tes pour augmenter le quota de l&rsquo;Alg\u00e9rie aux Paralympiques - La Sentinelle","robots":{"index":"index","follow":"follow","max-snippet":"max-snippet:-1","max-image-preview":"max-image-preview:large","max-video-preview":"max-video-preview:-1"},"canonical":"https:\/\/lasentinelle.dz\/index.php\/2024\/06\/11\/grand-prix-de-paris-15-athletes-pour-augmenter-le-quota-de-lalgerie-aux-paralympiques\/","og_locale":"fr_FR","og_type":"article","og_title":"Grand Prix de Paris: 15 athl\u00e8tes pour augmenter le quota de l&rsquo;Alg\u00e9rie aux Paralympiques - La Sentinelle","og_description":"Une s\u00e9lection alg\u00e9rienne de para-athl\u00e9tisme, compos\u00e9e de 15 athl\u00e8tes dont sept filles, prendra part les 13 et 14 juin au","og_url":"https:\/\/lasentinelle.dz\/index.php\/2024\/06\/11\/grand-prix-de-paris-15-athletes-pour-augmenter-le-quota-de-lalgerie-aux-paralympiques\/","og_site_name":"La Sentinelle","article_publisher":"https:\/\/www.facebook.com\/La-Sentinelle-104059864394773","article_published_time":"2024-06-11T12:35:42+00:00","article_modified_time":"2024-06-11T12:35:46+00:00","og_image":[{"width":580,"height":350,"url":"https:\/\/lasentinelle.dz\/wp-content\/uploads\/2024\/06\/para.jpeg","type":"image\/jpeg"}],"author":"La Sentinelle","twitter_card":"summary_large_image","twitter_misc":{"\u00c9crit par":"La Sentinelle","Dur\u00e9e de lecture estim\u00e9e":"3 minutes"},"schema":{"@context":"https:\/\/schema.org","@graph":[{"@type":"Article","@id":"https:\/\/lasentinelle.dz\/index.php\/2024\/06\/11\/grand-prix-de-paris-15-athletes-pour-augmenter-le-quota-de-lalgerie-aux-paralympiques\/#article","isPartOf":{"@id":"https:\/\/lasentinelle.dz\/index.php\/2024\/06\/11\/grand-prix-de-paris-15-athletes-pour-augmenter-le-quota-de-lalgerie-aux-paralympiques\/"},"author":{"name":"La Sentinelle","@id":"https:\/\/lasentinelle.dz\/#\/schema\/person\/d865044e22e70a75174ce8bcad3acfb3"},"headline":"Grand Prix de Paris: 15 athl\u00e8tes pour augmenter le quota de l&rsquo;Alg\u00e9rie aux Paralympiques","datePublished":"2024-06-11T12:35:42+00:00","dateModified":"2024-06-11T12:35:46+00:00","mainEntityOfPage":{"@id":"https:\/\/lasentinelle.dz\/index.php\/2024\/06\/11\/grand-prix-de-paris-15-athletes-pour-augmenter-le-quota-de-lalgerie-aux-paralympiques\/"},"wordCount":551,"commentCount":0,"publisher":{"@id":"https:\/\/lasentinelle.dz\/#organization"},"image":{"@id":"https:\/\/lasentinelle.dz\/index.php\/2024\/06\/11\/grand-prix-de-paris-15-athletes-pour-augmenter-le-quota-de-lalgerie-aux-paralympiques\/#primaryimage"},"thumbnailUrl":"https:\/\/lasentinelle.dz\/wp-content\/uploads\/2024\/06\/para.jpeg","articleSection":["Sports"],"inLanguage":"fr-FR","potentialAction":[{"@type":"CommentAction","name":"Comment","target":["https:\/\/lasentinelle.dz\/index.php\/2024\/06\/11\/grand-prix-de-paris-15-athletes-pour-augmenter-le-quota-de-lalgerie-aux-paralympiques\/#respond"]}]},{"@type":"WebPage","@id":"https:\/\/lasentinelle.dz\/index.php\/2024\/06\/11\/grand-prix-de-paris-15-athletes-pour-augmenter-le-quota-de-lalgerie-aux-paralympiques\/","url":"https:\/\/lasentinelle.dz\/index.php\/2024\/06\/11\/grand-prix-de-paris-15-athletes-pour-augmenter-le-quota-de-lalgerie-aux-paralympiques\/","name":"Grand Prix de Paris: 15 athl\u00e8tes pour augmenter le quota de l&rsquo;Alg\u00e9rie aux Paralympiques - La Sentinelle","isPartOf":{"@id":"https:\/\/lasentinelle.dz\/#website"},"primaryImageOfPage":{"@id":"https:\/\/lasentinelle.dz\/index.php\/2024\/06\/11\/grand-prix-de-paris-15-athletes-pour-augmenter-le-quota-de-lalgerie-aux-paralympiques\/#primaryimage"},"image":{"@id":"https:\/\/lasentinelle.dz\/index.php\/2024\/06\/11\/grand-prix-de-paris-15-athletes-pour-augmenter-le-quota-de-lalgerie-aux-paralympiques\/#primaryimage"},"thumbnailUrl":"https:\/\/lasentinelle.dz\/wp-content\/uploads\/2024\/06\/para.jpeg","datePublished":"2024-06-11T12:35:42+00:00","dateModified":"2024-06-11T12:35:46+00:00","breadcrumb":{"@id":"https:\/\/lasentinelle.dz\/index.php\/2024\/06\/11\/grand-prix-de-paris-15-athletes-pour-augmenter-le-quota-de-lalgerie-aux-paralympiques\/#breadcrumb"},"inLanguage":"fr-FR","potentialAction":[{"@type":"ReadAction","target":["https:\/\/lasentinelle.dz\/index.php\/2024\/06\/11\/grand-prix-de-paris-15-athletes-pour-augmenter-le-quota-de-lalgerie-aux-paralympiques\/"]}]},{"@type":"ImageObject","inLanguage":"fr-FR","@id":"https:\/\/lasentinelle.dz\/index.php\/2024\/06\/11\/grand-prix-de-paris-15-athletes-pour-augmenter-le-quota-de-lalgerie-aux-paralympiques\/#primaryimage","url":"https:\/\/lasentinelle.dz\/wp-content\/uploads\/2024\/06\/para.jpeg","contentUrl":"https:\/\/lasentinelle.dz\/wp-content\/uploads\/2024\/06\/para.jpeg","width":580,"height":350},{"@type":"BreadcrumbList","@id":"https:\/\/lasentinelle.dz\/index.php\/2024\/06\/11\/grand-prix-de-paris-15-athletes-pour-augmenter-le-quota-de-lalgerie-aux-paralympiques\/#breadcrumb","itemListElement":[{"@type":"ListItem","position":1,"name":"Accueil","item":"https:\/\/lasentinelle.dz\/"},{"@type":"ListItem","position":2,"name":"Grand Prix de Paris: 15 athl\u00e8tes pour augmenter le quota de l&rsquo;Alg\u00e9rie aux Paralympiques"}]},{"@type":"WebSite","@id":"https:\/\/lasentinelle.dz\/#website","url":"https:\/\/lasentinelle.dz\/","name":"La Sentinelle","description":"Quotidien national d&#039;information","publisher":{"@id":"https:\/\/lasentinelle.dz\/#organization"},"potentialAction":[{"@type":"SearchAction","target":{"@type":"EntryPoint","urlTemplate":"https:\/\/lasentinelle.dz\/?s={search_term_string}"},"query-input":{"@type":"PropertyValueSpecification","valueRequired":true,"valueName":"search_term_string"}}],"inLanguage":"fr-FR"},{"@type":"Organization","@id":"https:\/\/lasentinelle.dz\/#organization","name":"Quotidien La Sentinelle","url":"https:\/\/lasentinelle.dz\/","logo":{"@type":"ImageObject","inLanguage":"fr-FR","@id":"https:\/\/lasentinelle.dz\/#\/schema\/logo\/image\/","url":"https:\/\/lasentinelle.dz\/wp-content\/uploads\/2021\/09\/logo-sentinelleSLOGAN-1.png","contentUrl":"https:\/\/lasentinelle.dz\/wp-content\/uploads\/2021\/09\/logo-sentinelleSLOGAN-1.png","width":615,"height":142,"caption":"Quotidien La Sentinelle"},"image":{"@id":"https:\/\/lasentinelle.dz\/#\/schema\/logo\/image\/"},"sameAs":["https:\/\/www.facebook.com\/La-Sentinelle-104059864394773"]},{"@type":"Person","@id":"https:\/\/lasentinelle.dz\/#\/schema\/person\/d865044e22e70a75174ce8bcad3acfb3","name":"La Sentinelle","image":{"@type":"ImageObject","inLanguage":"fr-FR","@id":"https:\/\/secure.gravatar.com\/avatar\/57de8e5d4b15d43fb361a71fbb36338450fe67865b528a43dd10ef7c51a20392?s=96&d=mm&r=g","url":"https:\/\/secure.gravatar.com\/avatar\/57de8e5d4b15d43fb361a71fbb36338450fe67865b528a43dd10ef7c51a20392?s=96&d=mm&r=g","contentUrl":"https:\/\/secure.gravatar.com\/avatar\/57de8e5d4b15d43fb361a71fbb36338450fe67865b528a43dd10ef7c51a20392?s=96&d=mm&r=g","caption":"La Sentinelle"},"sameAs":["http:\/\/www.lasentinelle.dz"],"url":"https:\/\/lasentinelle.dz\/author\/redaction\/"}]}},"_links":{"self":[{"href":"https:\/\/lasentinelle.dz\/index.php\/wp-json\/wp\/v2\/posts\/53328","targetHints":{"allow":["GET"]}}],"collection":[{"href":"https:\/\/lasentinelle.dz\/index.php\/wp-json\/wp\/v2\/posts"}],"about":[{"href":"https:\/\/lasentinelle.dz\/index.php\/wp-json\/wp\/v2\/types\/post"}],"author":[{"embeddable":true,"href":"https:\/\/lasentinelle.dz\/index.php\/wp-json\/wp\/v2\/users\/3"}],"replies":[{"embeddable":true,"href":"https:\/\/lasentinelle.dz\/index.php\/wp-json\/wp\/v2\/comments?post=53328"}],"version-history":[{"count":2,"href":"https:\/\/lasentinelle.dz\/index.php\/wp-json\/wp\/v2\/posts\/53328\/revisions"}],"predecessor-version":[{"id":53331,"href":"https:\/\/lasentinelle.dz\/index.php\/wp-json\/wp\/v2\/posts\/53328\/revisions\/53331"}],"wp:featuredmedia":[{"embeddable":true,"href":"https:\/\/lasentinelle.dz\/index.php\/wp-json\/wp\/v2\/media\/53329"}],"wp:attachment":[{"href":"https:\/\/lasentinelle.dz\/index.php\/wp-json\/wp\/v2\/media?parent=53328"}],"wp:term":[{"taxonomy":"category","embeddable":true,"href":"https:\/\/lasentinelle.dz\/index.php\/wp-json\/wp\/v2\/categories?post=53328"},{"taxonomy":"post_tag","embeddable":true,"href":"https:\/\/lasentinelle.dz\/index.php\/wp-json\/wp\/v2\/tags?post=53328"}],"curies":[{"name":"wp","href":"https:\/\/api.w.org\/{rel}","templated":true}]}}