{"id":53346,"date":"2024-06-11T14:12:13","date_gmt":"2024-06-11T13:12:13","guid":{"rendered":"https:\/\/lasentinelle.dz\/?p=53346"},"modified":"2024-06-11T14:12:14","modified_gmt":"2024-06-11T13:12:14","slug":"la-citadelle-dalger-un-site-historique-et-archeologique-prise-par-les-touristes","status":"publish","type":"post","link":"https:\/\/lasentinelle.dz\/index.php\/2024\/06\/11\/la-citadelle-dalger-un-site-historique-et-archeologique-prise-par-les-touristes\/","title":{"rendered":"La Citadelle d&rsquo;Alger: Un site historique et arch\u00e9ologique pris\u00e9 par les touristes"},"content":{"rendered":"\n<p>La Citadelle d&rsquo;Alger, un des plus beaux monuments historiques de la capitale, construit au XVIe si\u00e8cle, est l&rsquo;une des \u00e9tapes \u00ab\u00a0incontournables\u00a0\u00bb pour les visiteurs alg\u00e9riens et \u00e9trangers de la Casbah d&rsquo;Alger.<\/p>\n\n\n\n<p>Apr\u00e8s plusieurs op\u00e9rations de restauration, qui ont touch\u00e9 nombre de ses monuments, la citadelle, connue \u00e9galement sous le nom de \u00ab\u00a0Dar Soltane\u00a0\u00bb, a b\u00e9n\u00e9fici\u00e9 de nombreuses \u00e9tudes et op\u00e9rations de restauration \u00ab\u00a0toujours en cours\u00a0\u00bb. Avec une superficie d&rsquo;un hectare, ce monument historique et arch\u00e9ologique de l&rsquo;\u00e9poque ottomane, offre au visiteur une opportunit\u00e9 de red\u00e9couvrir une p\u00e9riode importante de l&rsquo;histoire de l&rsquo;Alg\u00e9rie. Construite entre 1516 et 1592, par Aruj Barberousse, comme forteresse militaire, la citadelle deviendra, sous le r\u00e8gne du Dey Ali Khodja, haut si\u00e8ge du pouvoir politique en 1817. Une ann\u00e9e plus tard, avec la succession au pouvoir du Dey Hussein, la citadelle fut \u00e0 nouveau transform\u00e9e en si\u00e8ge administratif \u00e0 partir de 1818. En charge des travaux de r\u00e9habilitation et de restauration, la wilaya d&rsquo;Alger \u0153uvre \u00e0 r\u00e9habiliter l&rsquo;ensemble des monuments arch\u00e9ologiques et sites historiques, localis\u00e9s sur le territoire du secteur sauvegard\u00e9 de la Casbah d&rsquo;Alger, class\u00e9e patrimoine mondial par l&rsquo;Unesco en 1992. Le conseiller au niveau du cabinet du wali d&rsquo;Alger, charg\u00e9 de la Casbah et du patrimoine, Said Guellal, a d\u00e9clar\u00e9 \u00e0 l&rsquo;APS, que \u00ab\u00a0plusieurs projets de restauration au niveau de \u00ab\u00a0La Citadelle\u00a0\u00bb ont \u00e9t\u00e9 livr\u00e9s et que les sites restaur\u00e9s, sont \u00ab\u00a0actuellement ouverts\u00a0\u00bb au public, \u00e0 l&rsquo;instar de \u00ab\u00a0la mosqu\u00e9e du Dey\u00a0\u00bb et \u00ab\u00a0Dar El Baroud\u00a0\u00bb (La poudri\u00e8re). Concernant le \u00ab\u00a0Palais du Dey\u00a0\u00bb et le \u00ab\u00a0Palais des Beys\u00a0\u00bb, les travaux de restauration \u00ab\u00a0avancent bien\u00a0\u00bb, a-t-il assur\u00e9. Destination pr\u00e9f\u00e9r\u00e9e de touristes notamment \u00e9trangers, la citadelle d&rsquo;Alger attire par son architecture \u00ab\u00a0singuli\u00e8re\u00a0\u00bb et sa vue \u00ab\u00a0f\u00e9erique\u00a0\u00bb qui surplombe la mer. Les visiteurs de ce site historique sont accompagn\u00e9s par des guides touristiques qui leur font suivre des itin\u00e9raires mettant en valeur l&rsquo;Alg\u00e9rie \u00e0 travers son patrimoine et son histoire. Parall\u00e8lement aux travaux de restauration de \u00ab\u00a0La Citadelle\u00a0\u00bb, les services de la wilaya d&rsquo;Alger d\u00e9ploient aussi de \u00ab\u00a0grands efforts\u00a0\u00bb pour restaurer d&rsquo;autres monuments adjacents au site et situ\u00e9s dans le secteur sauvegard\u00e9 de la Casbah d&rsquo;Alger. \u00ab\u00a0Toutes les \u00e9tudes, effectu\u00e9es dans le cadre de la mise en \u0153uvre du plan de restauration de la Casbah ont \u00e9t\u00e9 r\u00e9alis\u00e9es par des bureaux d&rsquo;\u00e9tudes alg\u00e9riens avec des architectes accr\u00e9dit\u00e9s par le minist\u00e8re de la Culture et des Arts ainsi que des sp\u00e9cialistes du patrimoine\u00a0\u00bb, a tenu \u00e0 rappeler M. Guellal. Ainsi, des maisons historiques, \u00e0 savoir celles de la moudjahida Djamila Bouhired et du d\u00e9funt artiste Mahi\u00e9ddine Bachtarzi ainsi que le mausol\u00e9e de Sidi Abderrahmane Ethaalibi, ont \u00e9t\u00e9 restaur\u00e9s. D&rsquo;autres monuments sont actuellement en cours de restauration, avec un taux \u00ab\u00a0notable\u00a0\u00bb d&rsquo;avancement des travaux au niveau du \u00ab\u00a0Palais Hassan Pacha\u00a0\u00bb, situ\u00e9 dans la basse Casbah. Les projets en cours de travaux concernent \u00e9galement la restauration de quatre mosqu\u00e9es: \u00ab\u00a0Djam\u00e2a Essafir\u00a0\u00bb, \u00ab\u00a0Djam\u00e2a Sidi Abdellah\u00a0\u00bb, \u00ab\u00a0Djam\u00e2a Sidi Benali\u00a0\u00bb et \u00ab\u00a0Djam\u00e2a Sidi Mohamed Cherif\u00a0\u00bb, selon M. Guellal. M. Guellal a, en outre, indiqu\u00e9 que le secteur sauvegard\u00e9 de la Casbah couvre une superficie de 105 hectares et comprend 1816 b\u00e2tisses, ajoutant que \u00ab\u00a080% d&rsquo;entre elles sont des propri\u00e9t\u00e9s priv\u00e9es dont 35% appartenant \u00e0 des propri\u00e9taires inconnus\u00a0\u00bb. Apr\u00e8s avoir soulign\u00e9 que les lois en vigueur, y compris la loi 98-04 sur le patrimoine, stipulent que \u00ab\u00a0l&rsquo;Etat ne peut pas intervenir directement dans les b\u00e2timents priv\u00e9s\u00a0\u00bb, le m\u00eame responsable a estim\u00e9 que \u00ab\u00a0ce probl\u00e8me juridique est le principal d\u00e9fi auquel est confront\u00e9e la restauration des propri\u00e9t\u00e9s priv\u00e9es de la Casbah\u00a0\u00bb. Concernant le budget allou\u00e9 \u00e0 la restauration de la Casbah, M. Guellal a fait savoir que \u00ab\u00a024 milliards de dinars du budget de l&rsquo;Etat, en plus de 5 milliards de dinars du budget de la wilaya ont \u00e9t\u00e9 consacr\u00e9s pour la mise en \u0153uvre du plan permanent de conservation et de valorisation du secteur sauvegard\u00e9 de la Casbah d&rsquo;Alger, adopt\u00e9 en 2012\u00a0\u00bb. Le m\u00eame intervenant a rappel\u00e9 que la wilaya d&rsquo;Alger supervise l&rsquo;op\u00e9ration de restauration de la Casbah, suite \u00e0 la d\u00e9cision de transfert du dossier de la Casbah de la tutelle du minist\u00e8re de la Culture et des Arts aux services de la wilaya d&rsquo;Alger fin 2016.<\/p>\n\n\n\n<p>APS<\/p>\n","protected":false},"excerpt":{"rendered":"<p>La Citadelle d&rsquo;Alger, un des plus beaux monuments historiques de la capitale, construit au XVIe si\u00e8cle, est l&rsquo;une des \u00e9tapes<\/p>\n","protected":false},"author":3,"featured_media":49768,"comment_status":"open","ping_status":"closed","sticky":false,"template":"","format":"standard","meta":{"colormag_page_container_layout":"default_layout","colormag_page_sidebar_layout":"default_layout","om_disable_all_campaigns":false,"_monsterinsights_skip_tracking":false,"_monsterinsights_sitenote_active":false,"_monsterinsights_sitenote_note":"","_monsterinsights_sitenote_category":0,"footnotes":"","_wpscppro_dont_share_socialmedia":false,"_wpscppro_custom_social_share_image":0,"_facebook_share_type":"default","_twitter_share_type":"default","_linkedin_share_type":"default","_pinterest_share_type":"default","_linkedin_share_type_page":"","_instagram_share_type":"default","_medium_share_type":"","_threads_share_type":"","_google_business_share_type":"","_selected_social_profile":[],"_wpsp_enable_custom_social_template":false,"_wpsp_social_scheduling":{"enabled":false,"datetime":null,"platforms":[],"status":"template_only","dateOption":"today","timeOption":"now","customDays":"","customHours":"","customDate":"","customTime":"","schedulingType":"absolute"},"_wpsp_active_default_template":true},"categories":[36],"tags":[],"class_list":["post-53346","post","type-post","status-publish","format-standard","has-post-thumbnail","hentry","category-culture"],"aioseo_notices":[],"yoast_head":"<!-- This site is optimized with the Yoast SEO plugin v27.5 - https:\/\/yoast.com\/product\/yoast-seo-wordpress\/ -->\n<title>La Citadelle d&rsquo;Alger: Un site historique et arch\u00e9ologique pris\u00e9 par les touristes - La Sentinelle<\/title>\n<meta name=\"robots\" content=\"index, follow, max-snippet:-1, max-image-preview:large, max-video-preview:-1\" \/>\n<link rel=\"canonical\" href=\"https:\/\/lasentinelle.dz\/index.php\/2024\/06\/11\/la-citadelle-dalger-un-site-historique-et-archeologique-prise-par-les-touristes\/\" \/>\n<meta property=\"og:locale\" content=\"fr_FR\" \/>\n<meta property=\"og:type\" content=\"article\" \/>\n<meta property=\"og:title\" content=\"La Citadelle d&rsquo;Alger: Un site historique et arch\u00e9ologique pris\u00e9 par les touristes - La Sentinelle\" \/>\n<meta property=\"og:description\" content=\"La Citadelle d&rsquo;Alger, un des plus beaux monuments historiques de la capitale, construit au XVIe si\u00e8cle, est l&rsquo;une des \u00e9tapes\" \/>\n<meta property=\"og:url\" content=\"https:\/\/lasentinelle.dz\/index.php\/2024\/06\/11\/la-citadelle-dalger-un-site-historique-et-archeologique-prise-par-les-touristes\/\" \/>\n<meta property=\"og:site_name\" content=\"La Sentinelle\" \/>\n<meta property=\"article:publisher\" content=\"https:\/\/www.facebook.com\/La-Sentinelle-104059864394773\" \/>\n<meta property=\"article:published_time\" content=\"2024-06-11T13:12:13+00:00\" \/>\n<meta property=\"article:modified_time\" content=\"2024-06-11T13:12:14+00:00\" \/>\n<meta property=\"og:image\" content=\"https:\/\/lasentinelle.dz\/wp-content\/uploads\/2024\/02\/citadelle.jpeg\" \/>\n\t<meta property=\"og:image:width\" content=\"1280\" \/>\n\t<meta property=\"og:image:height\" content=\"960\" \/>\n\t<meta property=\"og:image:type\" content=\"image\/jpeg\" \/>\n<meta name=\"author\" content=\"La Sentinelle\" \/>\n<meta name=\"twitter:card\" content=\"summary_large_image\" \/>\n<meta name=\"twitter:label1\" content=\"\u00c9crit par\" \/>\n\t<meta name=\"twitter:data1\" content=\"La Sentinelle\" \/>\n\t<meta name=\"twitter:label2\" content=\"Dur\u00e9e de lecture estim\u00e9e\" \/>\n\t<meta name=\"twitter:data2\" content=\"4 minutes\" \/>\n<script type=\"application\/ld+json\" class=\"yoast-schema-graph\">{\"@context\":\"https:\\\/\\\/schema.org\",\"@graph\":[{\"@type\":\"Article\",\"@id\":\"https:\\\/\\\/lasentinelle.dz\\\/index.php\\\/2024\\\/06\\\/11\\\/la-citadelle-dalger-un-site-historique-et-archeologique-prise-par-les-touristes\\\/#article\",\"isPartOf\":{\"@id\":\"https:\\\/\\\/lasentinelle.dz\\\/index.php\\\/2024\\\/06\\\/11\\\/la-citadelle-dalger-un-site-historique-et-archeologique-prise-par-les-touristes\\\/\"},\"author\":{\"name\":\"La Sentinelle\",\"@id\":\"https:\\\/\\\/lasentinelle.dz\\\/#\\\/schema\\\/person\\\/d865044e22e70a75174ce8bcad3acfb3\"},\"headline\":\"La Citadelle d&rsquo;Alger: Un site historique et arch\u00e9ologique pris\u00e9 par les touristes\",\"datePublished\":\"2024-06-11T13:12:13+00:00\",\"dateModified\":\"2024-06-11T13:12:14+00:00\",\"mainEntityOfPage\":{\"@id\":\"https:\\\/\\\/lasentinelle.dz\\\/index.php\\\/2024\\\/06\\\/11\\\/la-citadelle-dalger-un-site-historique-et-archeologique-prise-par-les-touristes\\\/\"},\"wordCount\":778,\"commentCount\":0,\"publisher\":{\"@id\":\"https:\\\/\\\/lasentinelle.dz\\\/#organization\"},\"image\":{\"@id\":\"https:\\\/\\\/lasentinelle.dz\\\/index.php\\\/2024\\\/06\\\/11\\\/la-citadelle-dalger-un-site-historique-et-archeologique-prise-par-les-touristes\\\/#primaryimage\"},\"thumbnailUrl\":\"https:\\\/\\\/lasentinelle.dz\\\/wp-content\\\/uploads\\\/2024\\\/02\\\/citadelle.jpeg\",\"articleSection\":[\"Culture\"],\"inLanguage\":\"fr-FR\",\"potentialAction\":[{\"@type\":\"CommentAction\",\"name\":\"Comment\",\"target\":[\"https:\\\/\\\/lasentinelle.dz\\\/index.php\\\/2024\\\/06\\\/11\\\/la-citadelle-dalger-un-site-historique-et-archeologique-prise-par-les-touristes\\\/#respond\"]}]},{\"@type\":\"WebPage\",\"@id\":\"https:\\\/\\\/lasentinelle.dz\\\/index.php\\\/2024\\\/06\\\/11\\\/la-citadelle-dalger-un-site-historique-et-archeologique-prise-par-les-touristes\\\/\",\"url\":\"https:\\\/\\\/lasentinelle.dz\\\/index.php\\\/2024\\\/06\\\/11\\\/la-citadelle-dalger-un-site-historique-et-archeologique-prise-par-les-touristes\\\/\",\"name\":\"La Citadelle d&rsquo;Alger: Un site historique et arch\u00e9ologique pris\u00e9 par les touristes - La Sentinelle\",\"isPartOf\":{\"@id\":\"https:\\\/\\\/lasentinelle.dz\\\/#website\"},\"primaryImageOfPage\":{\"@id\":\"https:\\\/\\\/lasentinelle.dz\\\/index.php\\\/2024\\\/06\\\/11\\\/la-citadelle-dalger-un-site-historique-et-archeologique-prise-par-les-touristes\\\/#primaryimage\"},\"image\":{\"@id\":\"https:\\\/\\\/lasentinelle.dz\\\/index.php\\\/2024\\\/06\\\/11\\\/la-citadelle-dalger-un-site-historique-et-archeologique-prise-par-les-touristes\\\/#primaryimage\"},\"thumbnailUrl\":\"https:\\\/\\\/lasentinelle.dz\\\/wp-content\\\/uploads\\\/2024\\\/02\\\/citadelle.jpeg\",\"datePublished\":\"2024-06-11T13:12:13+00:00\",\"dateModified\":\"2024-06-11T13:12:14+00:00\",\"breadcrumb\":{\"@id\":\"https:\\\/\\\/lasentinelle.dz\\\/index.php\\\/2024\\\/06\\\/11\\\/la-citadelle-dalger-un-site-historique-et-archeologique-prise-par-les-touristes\\\/#breadcrumb\"},\"inLanguage\":\"fr-FR\",\"potentialAction\":[{\"@type\":\"ReadAction\",\"target\":[\"https:\\\/\\\/lasentinelle.dz\\\/index.php\\\/2024\\\/06\\\/11\\\/la-citadelle-dalger-un-site-historique-et-archeologique-prise-par-les-touristes\\\/\"]}]},{\"@type\":\"ImageObject\",\"inLanguage\":\"fr-FR\",\"@id\":\"https:\\\/\\\/lasentinelle.dz\\\/index.php\\\/2024\\\/06\\\/11\\\/la-citadelle-dalger-un-site-historique-et-archeologique-prise-par-les-touristes\\\/#primaryimage\",\"url\":\"https:\\\/\\\/lasentinelle.dz\\\/wp-content\\\/uploads\\\/2024\\\/02\\\/citadelle.jpeg\",\"contentUrl\":\"https:\\\/\\\/lasentinelle.dz\\\/wp-content\\\/uploads\\\/2024\\\/02\\\/citadelle.jpeg\",\"width\":1280,\"height\":960},{\"@type\":\"BreadcrumbList\",\"@id\":\"https:\\\/\\\/lasentinelle.dz\\\/index.php\\\/2024\\\/06\\\/11\\\/la-citadelle-dalger-un-site-historique-et-archeologique-prise-par-les-touristes\\\/#breadcrumb\",\"itemListElement\":[{\"@type\":\"ListItem\",\"position\":1,\"name\":\"Accueil\",\"item\":\"https:\\\/\\\/lasentinelle.dz\\\/\"},{\"@type\":\"ListItem\",\"position\":2,\"name\":\"La Citadelle d&rsquo;Alger: Un site historique et arch\u00e9ologique pris\u00e9 par les touristes\"}]},{\"@type\":\"WebSite\",\"@id\":\"https:\\\/\\\/lasentinelle.dz\\\/#website\",\"url\":\"https:\\\/\\\/lasentinelle.dz\\\/\",\"name\":\"La Sentinelle\",\"description\":\"Quotidien national d&#039;information\",\"publisher\":{\"@id\":\"https:\\\/\\\/lasentinelle.dz\\\/#organization\"},\"potentialAction\":[{\"@type\":\"SearchAction\",\"target\":{\"@type\":\"EntryPoint\",\"urlTemplate\":\"https:\\\/\\\/lasentinelle.dz\\\/?s={search_term_string}\"},\"query-input\":{\"@type\":\"PropertyValueSpecification\",\"valueRequired\":true,\"valueName\":\"search_term_string\"}}],\"inLanguage\":\"fr-FR\"},{\"@type\":\"Organization\",\"@id\":\"https:\\\/\\\/lasentinelle.dz\\\/#organization\",\"name\":\"Quotidien La Sentinelle\",\"url\":\"https:\\\/\\\/lasentinelle.dz\\\/\",\"logo\":{\"@type\":\"ImageObject\",\"inLanguage\":\"fr-FR\",\"@id\":\"https:\\\/\\\/lasentinelle.dz\\\/#\\\/schema\\\/logo\\\/image\\\/\",\"url\":\"https:\\\/\\\/lasentinelle.dz\\\/wp-content\\\/uploads\\\/2021\\\/09\\\/logo-sentinelleSLOGAN-1.png\",\"contentUrl\":\"https:\\\/\\\/lasentinelle.dz\\\/wp-content\\\/uploads\\\/2021\\\/09\\\/logo-sentinelleSLOGAN-1.png\",\"width\":615,\"height\":142,\"caption\":\"Quotidien La Sentinelle\"},\"image\":{\"@id\":\"https:\\\/\\\/lasentinelle.dz\\\/#\\\/schema\\\/logo\\\/image\\\/\"},\"sameAs\":[\"https:\\\/\\\/www.facebook.com\\\/La-Sentinelle-104059864394773\"]},{\"@type\":\"Person\",\"@id\":\"https:\\\/\\\/lasentinelle.dz\\\/#\\\/schema\\\/person\\\/d865044e22e70a75174ce8bcad3acfb3\",\"name\":\"La Sentinelle\",\"image\":{\"@type\":\"ImageObject\",\"inLanguage\":\"fr-FR\",\"@id\":\"https:\\\/\\\/secure.gravatar.com\\\/avatar\\\/57de8e5d4b15d43fb361a71fbb36338450fe67865b528a43dd10ef7c51a20392?s=96&d=mm&r=g\",\"url\":\"https:\\\/\\\/secure.gravatar.com\\\/avatar\\\/57de8e5d4b15d43fb361a71fbb36338450fe67865b528a43dd10ef7c51a20392?s=96&d=mm&r=g\",\"contentUrl\":\"https:\\\/\\\/secure.gravatar.com\\\/avatar\\\/57de8e5d4b15d43fb361a71fbb36338450fe67865b528a43dd10ef7c51a20392?s=96&d=mm&r=g\",\"caption\":\"La Sentinelle\"},\"sameAs\":[\"http:\\\/\\\/www.lasentinelle.dz\"],\"url\":\"https:\\\/\\\/lasentinelle.dz\\\/author\\\/redaction\\\/\"}]}<\/script>\n<!-- \/ Yoast SEO plugin. -->","yoast_head_json":{"title":"La Citadelle d&rsquo;Alger: Un site historique et arch\u00e9ologique pris\u00e9 par les touristes - La Sentinelle","robots":{"index":"index","follow":"follow","max-snippet":"max-snippet:-1","max-image-preview":"max-image-preview:large","max-video-preview":"max-video-preview:-1"},"canonical":"https:\/\/lasentinelle.dz\/index.php\/2024\/06\/11\/la-citadelle-dalger-un-site-historique-et-archeologique-prise-par-les-touristes\/","og_locale":"fr_FR","og_type":"article","og_title":"La Citadelle d&rsquo;Alger: Un site historique et arch\u00e9ologique pris\u00e9 par les touristes - La Sentinelle","og_description":"La Citadelle d&rsquo;Alger, un des plus beaux monuments historiques de la capitale, construit au XVIe si\u00e8cle, est l&rsquo;une des \u00e9tapes","og_url":"https:\/\/lasentinelle.dz\/index.php\/2024\/06\/11\/la-citadelle-dalger-un-site-historique-et-archeologique-prise-par-les-touristes\/","og_site_name":"La Sentinelle","article_publisher":"https:\/\/www.facebook.com\/La-Sentinelle-104059864394773","article_published_time":"2024-06-11T13:12:13+00:00","article_modified_time":"2024-06-11T13:12:14+00:00","og_image":[{"width":1280,"height":960,"url":"https:\/\/lasentinelle.dz\/wp-content\/uploads\/2024\/02\/citadelle.jpeg","type":"image\/jpeg"}],"author":"La Sentinelle","twitter_card":"summary_large_image","twitter_misc":{"\u00c9crit par":"La Sentinelle","Dur\u00e9e de lecture estim\u00e9e":"4 minutes"},"schema":{"@context":"https:\/\/schema.org","@graph":[{"@type":"Article","@id":"https:\/\/lasentinelle.dz\/index.php\/2024\/06\/11\/la-citadelle-dalger-un-site-historique-et-archeologique-prise-par-les-touristes\/#article","isPartOf":{"@id":"https:\/\/lasentinelle.dz\/index.php\/2024\/06\/11\/la-citadelle-dalger-un-site-historique-et-archeologique-prise-par-les-touristes\/"},"author":{"name":"La Sentinelle","@id":"https:\/\/lasentinelle.dz\/#\/schema\/person\/d865044e22e70a75174ce8bcad3acfb3"},"headline":"La Citadelle d&rsquo;Alger: Un site historique et arch\u00e9ologique pris\u00e9 par les touristes","datePublished":"2024-06-11T13:12:13+00:00","dateModified":"2024-06-11T13:12:14+00:00","mainEntityOfPage":{"@id":"https:\/\/lasentinelle.dz\/index.php\/2024\/06\/11\/la-citadelle-dalger-un-site-historique-et-archeologique-prise-par-les-touristes\/"},"wordCount":778,"commentCount":0,"publisher":{"@id":"https:\/\/lasentinelle.dz\/#organization"},"image":{"@id":"https:\/\/lasentinelle.dz\/index.php\/2024\/06\/11\/la-citadelle-dalger-un-site-historique-et-archeologique-prise-par-les-touristes\/#primaryimage"},"thumbnailUrl":"https:\/\/lasentinelle.dz\/wp-content\/uploads\/2024\/02\/citadelle.jpeg","articleSection":["Culture"],"inLanguage":"fr-FR","potentialAction":[{"@type":"CommentAction","name":"Comment","target":["https:\/\/lasentinelle.dz\/index.php\/2024\/06\/11\/la-citadelle-dalger-un-site-historique-et-archeologique-prise-par-les-touristes\/#respond"]}]},{"@type":"WebPage","@id":"https:\/\/lasentinelle.dz\/index.php\/2024\/06\/11\/la-citadelle-dalger-un-site-historique-et-archeologique-prise-par-les-touristes\/","url":"https:\/\/lasentinelle.dz\/index.php\/2024\/06\/11\/la-citadelle-dalger-un-site-historique-et-archeologique-prise-par-les-touristes\/","name":"La Citadelle d&rsquo;Alger: Un site historique et arch\u00e9ologique pris\u00e9 par les touristes - La Sentinelle","isPartOf":{"@id":"https:\/\/lasentinelle.dz\/#website"},"primaryImageOfPage":{"@id":"https:\/\/lasentinelle.dz\/index.php\/2024\/06\/11\/la-citadelle-dalger-un-site-historique-et-archeologique-prise-par-les-touristes\/#primaryimage"},"image":{"@id":"https:\/\/lasentinelle.dz\/index.php\/2024\/06\/11\/la-citadelle-dalger-un-site-historique-et-archeologique-prise-par-les-touristes\/#primaryimage"},"thumbnailUrl":"https:\/\/lasentinelle.dz\/wp-content\/uploads\/2024\/02\/citadelle.jpeg","datePublished":"2024-06-11T13:12:13+00:00","dateModified":"2024-06-11T13:12:14+00:00","breadcrumb":{"@id":"https:\/\/lasentinelle.dz\/index.php\/2024\/06\/11\/la-citadelle-dalger-un-site-historique-et-archeologique-prise-par-les-touristes\/#breadcrumb"},"inLanguage":"fr-FR","potentialAction":[{"@type":"ReadAction","target":["https:\/\/lasentinelle.dz\/index.php\/2024\/06\/11\/la-citadelle-dalger-un-site-historique-et-archeologique-prise-par-les-touristes\/"]}]},{"@type":"ImageObject","inLanguage":"fr-FR","@id":"https:\/\/lasentinelle.dz\/index.php\/2024\/06\/11\/la-citadelle-dalger-un-site-historique-et-archeologique-prise-par-les-touristes\/#primaryimage","url":"https:\/\/lasentinelle.dz\/wp-content\/uploads\/2024\/02\/citadelle.jpeg","contentUrl":"https:\/\/lasentinelle.dz\/wp-content\/uploads\/2024\/02\/citadelle.jpeg","width":1280,"height":960},{"@type":"BreadcrumbList","@id":"https:\/\/lasentinelle.dz\/index.php\/2024\/06\/11\/la-citadelle-dalger-un-site-historique-et-archeologique-prise-par-les-touristes\/#breadcrumb","itemListElement":[{"@type":"ListItem","position":1,"name":"Accueil","item":"https:\/\/lasentinelle.dz\/"},{"@type":"ListItem","position":2,"name":"La Citadelle d&rsquo;Alger: Un site historique et arch\u00e9ologique pris\u00e9 par les touristes"}]},{"@type":"WebSite","@id":"https:\/\/lasentinelle.dz\/#website","url":"https:\/\/lasentinelle.dz\/","name":"La Sentinelle","description":"Quotidien national d&#039;information","publisher":{"@id":"https:\/\/lasentinelle.dz\/#organization"},"potentialAction":[{"@type":"SearchAction","target":{"@type":"EntryPoint","urlTemplate":"https:\/\/lasentinelle.dz\/?s={search_term_string}"},"query-input":{"@type":"PropertyValueSpecification","valueRequired":true,"valueName":"search_term_string"}}],"inLanguage":"fr-FR"},{"@type":"Organization","@id":"https:\/\/lasentinelle.dz\/#organization","name":"Quotidien La Sentinelle","url":"https:\/\/lasentinelle.dz\/","logo":{"@type":"ImageObject","inLanguage":"fr-FR","@id":"https:\/\/lasentinelle.dz\/#\/schema\/logo\/image\/","url":"https:\/\/lasentinelle.dz\/wp-content\/uploads\/2021\/09\/logo-sentinelleSLOGAN-1.png","contentUrl":"https:\/\/lasentinelle.dz\/wp-content\/uploads\/2021\/09\/logo-sentinelleSLOGAN-1.png","width":615,"height":142,"caption":"Quotidien La Sentinelle"},"image":{"@id":"https:\/\/lasentinelle.dz\/#\/schema\/logo\/image\/"},"sameAs":["https:\/\/www.facebook.com\/La-Sentinelle-104059864394773"]},{"@type":"Person","@id":"https:\/\/lasentinelle.dz\/#\/schema\/person\/d865044e22e70a75174ce8bcad3acfb3","name":"La Sentinelle","image":{"@type":"ImageObject","inLanguage":"fr-FR","@id":"https:\/\/secure.gravatar.com\/avatar\/57de8e5d4b15d43fb361a71fbb36338450fe67865b528a43dd10ef7c51a20392?s=96&d=mm&r=g","url":"https:\/\/secure.gravatar.com\/avatar\/57de8e5d4b15d43fb361a71fbb36338450fe67865b528a43dd10ef7c51a20392?s=96&d=mm&r=g","contentUrl":"https:\/\/secure.gravatar.com\/avatar\/57de8e5d4b15d43fb361a71fbb36338450fe67865b528a43dd10ef7c51a20392?s=96&d=mm&r=g","caption":"La Sentinelle"},"sameAs":["http:\/\/www.lasentinelle.dz"],"url":"https:\/\/lasentinelle.dz\/author\/redaction\/"}]}},"_links":{"self":[{"href":"https:\/\/lasentinelle.dz\/index.php\/wp-json\/wp\/v2\/posts\/53346","targetHints":{"allow":["GET"]}}],"collection":[{"href":"https:\/\/lasentinelle.dz\/index.php\/wp-json\/wp\/v2\/posts"}],"about":[{"href":"https:\/\/lasentinelle.dz\/index.php\/wp-json\/wp\/v2\/types\/post"}],"author":[{"embeddable":true,"href":"https:\/\/lasentinelle.dz\/index.php\/wp-json\/wp\/v2\/users\/3"}],"replies":[{"embeddable":true,"href":"https:\/\/lasentinelle.dz\/index.php\/wp-json\/wp\/v2\/comments?post=53346"}],"version-history":[{"count":2,"href":"https:\/\/lasentinelle.dz\/index.php\/wp-json\/wp\/v2\/posts\/53346\/revisions"}],"predecessor-version":[{"id":53348,"href":"https:\/\/lasentinelle.dz\/index.php\/wp-json\/wp\/v2\/posts\/53346\/revisions\/53348"}],"wp:featuredmedia":[{"embeddable":true,"href":"https:\/\/lasentinelle.dz\/index.php\/wp-json\/wp\/v2\/media\/49768"}],"wp:attachment":[{"href":"https:\/\/lasentinelle.dz\/index.php\/wp-json\/wp\/v2\/media?parent=53346"}],"wp:term":[{"taxonomy":"category","embeddable":true,"href":"https:\/\/lasentinelle.dz\/index.php\/wp-json\/wp\/v2\/categories?post=53346"},{"taxonomy":"post_tag","embeddable":true,"href":"https:\/\/lasentinelle.dz\/index.php\/wp-json\/wp\/v2\/tags?post=53346"}],"curies":[{"name":"wp","href":"https:\/\/api.w.org\/{rel}","templated":true}]}}