{"id":53358,"date":"2024-06-11T14:54:41","date_gmt":"2024-06-11T13:54:41","guid":{"rendered":"https:\/\/lasentinelle.dz\/?p=53358"},"modified":"2024-06-11T14:54:43","modified_gmt":"2024-06-11T13:54:43","slug":"transition-energetique-sonelgaz-installe-de-nouvelles-bornes-de-recharge-pour-vehicules-electriques","status":"publish","type":"post","link":"https:\/\/lasentinelle.dz\/index.php\/2024\/06\/11\/transition-energetique-sonelgaz-installe-de-nouvelles-bornes-de-recharge-pour-vehicules-electriques\/","title":{"rendered":"Transition \u00e9nerg\u00e9tique : Sonelgaz installe de nouvelles bornes de recharge pour v\u00e9hicules \u00e9lectriques"},"content":{"rendered":"\n<p>La Sonelgaz a lanc\u00e9 un vaste programme d&rsquo;installation de bornes de recharge pour les v\u00e9hicules \u00e9lectriques et ce dans le cadre de son programme de transition \u00e9nerg\u00e9tique. Le groupe \u00e9nerg\u00e9tique national a install\u00e9 la premi\u00e8re a install\u00e9 la premi\u00e8re borne de recharge au mois de juillet dernier et ambitionne de mettre en place un r\u00e9seau de 1.000 bornes d&rsquo;ici la fin de l&rsquo;ann\u00e9e en cours et pr\u00e9voit d&rsquo;installer des bornes dans les stations Naftal sur l&rsquo;autoroute Est-Ouest et dans les grandes villes notamment. C&rsquo;est dans ce contexte que la Sonelgaz a install\u00e9 huit bornes de recharge pour v\u00e9hicules \u00e9lectriques \u00e0 travers quelques communes de la wilaya de Bouira, pour une enveloppe financi\u00e8re de pr\u00e8s de 60 millions de dinars. Selon le premier responsable de la direction locale de distribution de l&rsquo;\u00e9lectricit\u00e9 et du gaz, Khaled Messaoudi, il s&rsquo;agit de la r\u00e9alisation et la mise en service en premier lieu de 5 bornes de recharge pour v\u00e9hicules \u00e9lectriques r\u00e9partis sur quelques communes de la wilaya comme Bouira, Bechloul, Ain Bessam et Raouraoua ainsi que Bir Ghbalou. \u00ab\u00a0Les cinq premi\u00e8res bornes ou stations de recharge \u00e9lectrique ont d\u00e9j\u00e0 \u00e9t\u00e9 install\u00e9es et mises en services depuis le 15 mai dernier, dont deux \u00e0 Bechloul au niveau de l&rsquo;autoroute (Est-ouest)\u00a0\u00bb, a pr\u00e9cis\u00e9 M. Messaoudi \u00e0 l&rsquo;APS. Les trois restantes seront bient\u00f4t mises en services \u00e0 Bouira, Raouraoua et Bechloul, a ajout\u00e9 le m\u00eame responsable. Ce projet a pour objectif de \u00ab\u00a0g\u00e9n\u00e9raliser les stations de recharge \u00e9lectrique \u00e0 travers la wilaya dans le cadre des diff\u00e9rents programmes visant \u00e0 r\u00e9duire l&rsquo;utilisation des \u00e9nergies fossiles et par cons\u00e9quent baisser le niveau de la pollution dans l&rsquo;air et lutter contre le r\u00e9chauffement climatique\u00a0\u00bb, a soulign\u00e9 M. Messaoudi. Le programme d&rsquo;installation des bornes de recharge des v\u00e9hicules \u00e9lectriques, confi\u00e9 au Groupe Sonelgaz, tend \u00e0 consolider et \u00e0 d\u00e9velopper la transition \u00e9nerg\u00e9tique et \u00e0 promouvoir l&rsquo;utilisation des v\u00e9hicules \u00e9lectriques sur le march\u00e9 national. Le programme a \u00e9t\u00e9 confi\u00e9 \u00e0 deux filiales de Sonelgaz, \u00e0 savoir, la Soci\u00e9t\u00e9 alg\u00e9rienne des industries \u00e9lectriques et gazi\u00e8res (SAIEG), charg\u00e9e de l&rsquo;ing\u00e9nierie et du montage des bornes de recharge dans une premi\u00e8re \u00e9tape, puis de leur fabrication dans une seconde \u00e9tape, ainsi que la Soci\u00e9t\u00e9 alg\u00e9rienne de l&rsquo;\u00e9lectricit\u00e9 et du gaz \u00ab\u00a0Sonelgaz-distribution\u00a0\u00bb, charg\u00e9e de l&rsquo;exploitation et de la gestion des stations.<\/p>\n\n\n\n<p>R.E.<\/p>\n","protected":false},"excerpt":{"rendered":"<p>La Sonelgaz a lanc\u00e9 un vaste programme d&rsquo;installation de bornes de recharge pour les v\u00e9hicules \u00e9lectriques et ce dans le<\/p>\n","protected":false},"author":3,"featured_media":49282,"comment_status":"open","ping_status":"closed","sticky":false,"template":"","format":"standard","meta":{"colormag_page_container_layout":"default_layout","colormag_page_sidebar_layout":"default_layout","om_disable_all_campaigns":false,"_monsterinsights_skip_tracking":false,"_monsterinsights_sitenote_active":false,"_monsterinsights_sitenote_note":"","_monsterinsights_sitenote_category":0,"footnotes":"","_wpscppro_dont_share_socialmedia":false,"_wpscppro_custom_social_share_image":0,"_facebook_share_type":"default","_twitter_share_type":"default","_linkedin_share_type":"default","_pinterest_share_type":"default","_linkedin_share_type_page":"","_instagram_share_type":"default","_medium_share_type":"","_threads_share_type":"","_google_business_share_type":"","_selected_social_profile":[],"_wpsp_enable_custom_social_template":false,"_wpsp_social_scheduling":{"enabled":false,"datetime":null,"platforms":[],"status":"template_only","dateOption":"today","timeOption":"now","customDays":"","customHours":"","customDate":"","customTime":"","schedulingType":"absolute"},"_wpsp_active_default_template":true},"categories":[29],"tags":[],"class_list":["post-53358","post","type-post","status-publish","format-standard","has-post-thumbnail","hentry","category-economie"],"aioseo_notices":[],"yoast_head":"<!-- This site is optimized with the Yoast SEO plugin v27.5 - https:\/\/yoast.com\/product\/yoast-seo-wordpress\/ -->\n<title>Transition \u00e9nerg\u00e9tique : Sonelgaz installe de nouvelles bornes de recharge pour v\u00e9hicules \u00e9lectriques - La Sentinelle<\/title>\n<meta name=\"robots\" content=\"index, follow, max-snippet:-1, max-image-preview:large, max-video-preview:-1\" \/>\n<link rel=\"canonical\" href=\"https:\/\/lasentinelle.dz\/index.php\/2024\/06\/11\/transition-energetique-sonelgaz-installe-de-nouvelles-bornes-de-recharge-pour-vehicules-electriques\/\" \/>\n<meta property=\"og:locale\" content=\"fr_FR\" \/>\n<meta property=\"og:type\" content=\"article\" \/>\n<meta property=\"og:title\" content=\"Transition \u00e9nerg\u00e9tique : Sonelgaz installe de nouvelles bornes de recharge pour v\u00e9hicules \u00e9lectriques - La Sentinelle\" \/>\n<meta property=\"og:description\" content=\"La Sonelgaz a lanc\u00e9 un vaste programme d&rsquo;installation de bornes de recharge pour les v\u00e9hicules \u00e9lectriques et ce dans le\" \/>\n<meta property=\"og:url\" content=\"https:\/\/lasentinelle.dz\/index.php\/2024\/06\/11\/transition-energetique-sonelgaz-installe-de-nouvelles-bornes-de-recharge-pour-vehicules-electriques\/\" \/>\n<meta property=\"og:site_name\" content=\"La Sentinelle\" \/>\n<meta property=\"article:publisher\" content=\"https:\/\/www.facebook.com\/La-Sentinelle-104059864394773\" \/>\n<meta property=\"article:published_time\" content=\"2024-06-11T13:54:41+00:00\" \/>\n<meta property=\"article:modified_time\" content=\"2024-06-11T13:54:43+00:00\" \/>\n<meta property=\"og:image\" content=\"https:\/\/lasentinelle.dz\/wp-content\/uploads\/2024\/02\/sonelgaz.jpeg\" \/>\n\t<meta property=\"og:image:width\" content=\"1280\" \/>\n\t<meta property=\"og:image:height\" content=\"720\" \/>\n\t<meta property=\"og:image:type\" content=\"image\/jpeg\" \/>\n<meta name=\"author\" content=\"La Sentinelle\" \/>\n<meta name=\"twitter:card\" content=\"summary_large_image\" \/>\n<meta name=\"twitter:label1\" content=\"\u00c9crit par\" \/>\n\t<meta name=\"twitter:data1\" content=\"La Sentinelle\" \/>\n\t<meta name=\"twitter:label2\" content=\"Dur\u00e9e de lecture estim\u00e9e\" \/>\n\t<meta name=\"twitter:data2\" content=\"3 minutes\" \/>\n<script type=\"application\/ld+json\" class=\"yoast-schema-graph\">{\"@context\":\"https:\\\/\\\/schema.org\",\"@graph\":[{\"@type\":\"Article\",\"@id\":\"https:\\\/\\\/lasentinelle.dz\\\/index.php\\\/2024\\\/06\\\/11\\\/transition-energetique-sonelgaz-installe-de-nouvelles-bornes-de-recharge-pour-vehicules-electriques\\\/#article\",\"isPartOf\":{\"@id\":\"https:\\\/\\\/lasentinelle.dz\\\/index.php\\\/2024\\\/06\\\/11\\\/transition-energetique-sonelgaz-installe-de-nouvelles-bornes-de-recharge-pour-vehicules-electriques\\\/\"},\"author\":{\"name\":\"La Sentinelle\",\"@id\":\"https:\\\/\\\/lasentinelle.dz\\\/#\\\/schema\\\/person\\\/d865044e22e70a75174ce8bcad3acfb3\"},\"headline\":\"Transition \u00e9nerg\u00e9tique : Sonelgaz installe de nouvelles bornes de recharge pour v\u00e9hicules \u00e9lectriques\",\"datePublished\":\"2024-06-11T13:54:41+00:00\",\"dateModified\":\"2024-06-11T13:54:43+00:00\",\"mainEntityOfPage\":{\"@id\":\"https:\\\/\\\/lasentinelle.dz\\\/index.php\\\/2024\\\/06\\\/11\\\/transition-energetique-sonelgaz-installe-de-nouvelles-bornes-de-recharge-pour-vehicules-electriques\\\/\"},\"wordCount\":434,\"commentCount\":0,\"publisher\":{\"@id\":\"https:\\\/\\\/lasentinelle.dz\\\/#organization\"},\"image\":{\"@id\":\"https:\\\/\\\/lasentinelle.dz\\\/index.php\\\/2024\\\/06\\\/11\\\/transition-energetique-sonelgaz-installe-de-nouvelles-bornes-de-recharge-pour-vehicules-electriques\\\/#primaryimage\"},\"thumbnailUrl\":\"https:\\\/\\\/lasentinelle.dz\\\/wp-content\\\/uploads\\\/2024\\\/02\\\/sonelgaz.jpeg\",\"articleSection\":[\"\u00c9conomie\"],\"inLanguage\":\"fr-FR\",\"potentialAction\":[{\"@type\":\"CommentAction\",\"name\":\"Comment\",\"target\":[\"https:\\\/\\\/lasentinelle.dz\\\/index.php\\\/2024\\\/06\\\/11\\\/transition-energetique-sonelgaz-installe-de-nouvelles-bornes-de-recharge-pour-vehicules-electriques\\\/#respond\"]}]},{\"@type\":\"WebPage\",\"@id\":\"https:\\\/\\\/lasentinelle.dz\\\/index.php\\\/2024\\\/06\\\/11\\\/transition-energetique-sonelgaz-installe-de-nouvelles-bornes-de-recharge-pour-vehicules-electriques\\\/\",\"url\":\"https:\\\/\\\/lasentinelle.dz\\\/index.php\\\/2024\\\/06\\\/11\\\/transition-energetique-sonelgaz-installe-de-nouvelles-bornes-de-recharge-pour-vehicules-electriques\\\/\",\"name\":\"Transition \u00e9nerg\u00e9tique : Sonelgaz installe de nouvelles bornes de recharge pour v\u00e9hicules \u00e9lectriques - La Sentinelle\",\"isPartOf\":{\"@id\":\"https:\\\/\\\/lasentinelle.dz\\\/#website\"},\"primaryImageOfPage\":{\"@id\":\"https:\\\/\\\/lasentinelle.dz\\\/index.php\\\/2024\\\/06\\\/11\\\/transition-energetique-sonelgaz-installe-de-nouvelles-bornes-de-recharge-pour-vehicules-electriques\\\/#primaryimage\"},\"image\":{\"@id\":\"https:\\\/\\\/lasentinelle.dz\\\/index.php\\\/2024\\\/06\\\/11\\\/transition-energetique-sonelgaz-installe-de-nouvelles-bornes-de-recharge-pour-vehicules-electriques\\\/#primaryimage\"},\"thumbnailUrl\":\"https:\\\/\\\/lasentinelle.dz\\\/wp-content\\\/uploads\\\/2024\\\/02\\\/sonelgaz.jpeg\",\"datePublished\":\"2024-06-11T13:54:41+00:00\",\"dateModified\":\"2024-06-11T13:54:43+00:00\",\"breadcrumb\":{\"@id\":\"https:\\\/\\\/lasentinelle.dz\\\/index.php\\\/2024\\\/06\\\/11\\\/transition-energetique-sonelgaz-installe-de-nouvelles-bornes-de-recharge-pour-vehicules-electriques\\\/#breadcrumb\"},\"inLanguage\":\"fr-FR\",\"potentialAction\":[{\"@type\":\"ReadAction\",\"target\":[\"https:\\\/\\\/lasentinelle.dz\\\/index.php\\\/2024\\\/06\\\/11\\\/transition-energetique-sonelgaz-installe-de-nouvelles-bornes-de-recharge-pour-vehicules-electriques\\\/\"]}]},{\"@type\":\"ImageObject\",\"inLanguage\":\"fr-FR\",\"@id\":\"https:\\\/\\\/lasentinelle.dz\\\/index.php\\\/2024\\\/06\\\/11\\\/transition-energetique-sonelgaz-installe-de-nouvelles-bornes-de-recharge-pour-vehicules-electriques\\\/#primaryimage\",\"url\":\"https:\\\/\\\/lasentinelle.dz\\\/wp-content\\\/uploads\\\/2024\\\/02\\\/sonelgaz.jpeg\",\"contentUrl\":\"https:\\\/\\\/lasentinelle.dz\\\/wp-content\\\/uploads\\\/2024\\\/02\\\/sonelgaz.jpeg\",\"width\":1280,\"height\":720},{\"@type\":\"BreadcrumbList\",\"@id\":\"https:\\\/\\\/lasentinelle.dz\\\/index.php\\\/2024\\\/06\\\/11\\\/transition-energetique-sonelgaz-installe-de-nouvelles-bornes-de-recharge-pour-vehicules-electriques\\\/#breadcrumb\",\"itemListElement\":[{\"@type\":\"ListItem\",\"position\":1,\"name\":\"Accueil\",\"item\":\"https:\\\/\\\/lasentinelle.dz\\\/\"},{\"@type\":\"ListItem\",\"position\":2,\"name\":\"Transition \u00e9nerg\u00e9tique : Sonelgaz installe de nouvelles bornes de recharge pour v\u00e9hicules \u00e9lectriques\"}]},{\"@type\":\"WebSite\",\"@id\":\"https:\\\/\\\/lasentinelle.dz\\\/#website\",\"url\":\"https:\\\/\\\/lasentinelle.dz\\\/\",\"name\":\"La Sentinelle\",\"description\":\"Quotidien national d&#039;information\",\"publisher\":{\"@id\":\"https:\\\/\\\/lasentinelle.dz\\\/#organization\"},\"potentialAction\":[{\"@type\":\"SearchAction\",\"target\":{\"@type\":\"EntryPoint\",\"urlTemplate\":\"https:\\\/\\\/lasentinelle.dz\\\/?s={search_term_string}\"},\"query-input\":{\"@type\":\"PropertyValueSpecification\",\"valueRequired\":true,\"valueName\":\"search_term_string\"}}],\"inLanguage\":\"fr-FR\"},{\"@type\":\"Organization\",\"@id\":\"https:\\\/\\\/lasentinelle.dz\\\/#organization\",\"name\":\"Quotidien La Sentinelle\",\"url\":\"https:\\\/\\\/lasentinelle.dz\\\/\",\"logo\":{\"@type\":\"ImageObject\",\"inLanguage\":\"fr-FR\",\"@id\":\"https:\\\/\\\/lasentinelle.dz\\\/#\\\/schema\\\/logo\\\/image\\\/\",\"url\":\"https:\\\/\\\/lasentinelle.dz\\\/wp-content\\\/uploads\\\/2021\\\/09\\\/logo-sentinelleSLOGAN-1.png\",\"contentUrl\":\"https:\\\/\\\/lasentinelle.dz\\\/wp-content\\\/uploads\\\/2021\\\/09\\\/logo-sentinelleSLOGAN-1.png\",\"width\":615,\"height\":142,\"caption\":\"Quotidien La Sentinelle\"},\"image\":{\"@id\":\"https:\\\/\\\/lasentinelle.dz\\\/#\\\/schema\\\/logo\\\/image\\\/\"},\"sameAs\":[\"https:\\\/\\\/www.facebook.com\\\/La-Sentinelle-104059864394773\"]},{\"@type\":\"Person\",\"@id\":\"https:\\\/\\\/lasentinelle.dz\\\/#\\\/schema\\\/person\\\/d865044e22e70a75174ce8bcad3acfb3\",\"name\":\"La Sentinelle\",\"image\":{\"@type\":\"ImageObject\",\"inLanguage\":\"fr-FR\",\"@id\":\"https:\\\/\\\/secure.gravatar.com\\\/avatar\\\/57de8e5d4b15d43fb361a71fbb36338450fe67865b528a43dd10ef7c51a20392?s=96&d=mm&r=g\",\"url\":\"https:\\\/\\\/secure.gravatar.com\\\/avatar\\\/57de8e5d4b15d43fb361a71fbb36338450fe67865b528a43dd10ef7c51a20392?s=96&d=mm&r=g\",\"contentUrl\":\"https:\\\/\\\/secure.gravatar.com\\\/avatar\\\/57de8e5d4b15d43fb361a71fbb36338450fe67865b528a43dd10ef7c51a20392?s=96&d=mm&r=g\",\"caption\":\"La Sentinelle\"},\"sameAs\":[\"http:\\\/\\\/www.lasentinelle.dz\"],\"url\":\"https:\\\/\\\/lasentinelle.dz\\\/author\\\/redaction\\\/\"}]}<\/script>\n<!-- \/ Yoast SEO plugin. -->","yoast_head_json":{"title":"Transition \u00e9nerg\u00e9tique : Sonelgaz installe de nouvelles bornes de recharge pour v\u00e9hicules \u00e9lectriques - La Sentinelle","robots":{"index":"index","follow":"follow","max-snippet":"max-snippet:-1","max-image-preview":"max-image-preview:large","max-video-preview":"max-video-preview:-1"},"canonical":"https:\/\/lasentinelle.dz\/index.php\/2024\/06\/11\/transition-energetique-sonelgaz-installe-de-nouvelles-bornes-de-recharge-pour-vehicules-electriques\/","og_locale":"fr_FR","og_type":"article","og_title":"Transition \u00e9nerg\u00e9tique : Sonelgaz installe de nouvelles bornes de recharge pour v\u00e9hicules \u00e9lectriques - La Sentinelle","og_description":"La Sonelgaz a lanc\u00e9 un vaste programme d&rsquo;installation de bornes de recharge pour les v\u00e9hicules \u00e9lectriques et ce dans le","og_url":"https:\/\/lasentinelle.dz\/index.php\/2024\/06\/11\/transition-energetique-sonelgaz-installe-de-nouvelles-bornes-de-recharge-pour-vehicules-electriques\/","og_site_name":"La Sentinelle","article_publisher":"https:\/\/www.facebook.com\/La-Sentinelle-104059864394773","article_published_time":"2024-06-11T13:54:41+00:00","article_modified_time":"2024-06-11T13:54:43+00:00","og_image":[{"width":1280,"height":720,"url":"https:\/\/lasentinelle.dz\/wp-content\/uploads\/2024\/02\/sonelgaz.jpeg","type":"image\/jpeg"}],"author":"La Sentinelle","twitter_card":"summary_large_image","twitter_misc":{"\u00c9crit par":"La Sentinelle","Dur\u00e9e de lecture estim\u00e9e":"3 minutes"},"schema":{"@context":"https:\/\/schema.org","@graph":[{"@type":"Article","@id":"https:\/\/lasentinelle.dz\/index.php\/2024\/06\/11\/transition-energetique-sonelgaz-installe-de-nouvelles-bornes-de-recharge-pour-vehicules-electriques\/#article","isPartOf":{"@id":"https:\/\/lasentinelle.dz\/index.php\/2024\/06\/11\/transition-energetique-sonelgaz-installe-de-nouvelles-bornes-de-recharge-pour-vehicules-electriques\/"},"author":{"name":"La Sentinelle","@id":"https:\/\/lasentinelle.dz\/#\/schema\/person\/d865044e22e70a75174ce8bcad3acfb3"},"headline":"Transition \u00e9nerg\u00e9tique : Sonelgaz installe de nouvelles bornes de recharge pour v\u00e9hicules \u00e9lectriques","datePublished":"2024-06-11T13:54:41+00:00","dateModified":"2024-06-11T13:54:43+00:00","mainEntityOfPage":{"@id":"https:\/\/lasentinelle.dz\/index.php\/2024\/06\/11\/transition-energetique-sonelgaz-installe-de-nouvelles-bornes-de-recharge-pour-vehicules-electriques\/"},"wordCount":434,"commentCount":0,"publisher":{"@id":"https:\/\/lasentinelle.dz\/#organization"},"image":{"@id":"https:\/\/lasentinelle.dz\/index.php\/2024\/06\/11\/transition-energetique-sonelgaz-installe-de-nouvelles-bornes-de-recharge-pour-vehicules-electriques\/#primaryimage"},"thumbnailUrl":"https:\/\/lasentinelle.dz\/wp-content\/uploads\/2024\/02\/sonelgaz.jpeg","articleSection":["\u00c9conomie"],"inLanguage":"fr-FR","potentialAction":[{"@type":"CommentAction","name":"Comment","target":["https:\/\/lasentinelle.dz\/index.php\/2024\/06\/11\/transition-energetique-sonelgaz-installe-de-nouvelles-bornes-de-recharge-pour-vehicules-electriques\/#respond"]}]},{"@type":"WebPage","@id":"https:\/\/lasentinelle.dz\/index.php\/2024\/06\/11\/transition-energetique-sonelgaz-installe-de-nouvelles-bornes-de-recharge-pour-vehicules-electriques\/","url":"https:\/\/lasentinelle.dz\/index.php\/2024\/06\/11\/transition-energetique-sonelgaz-installe-de-nouvelles-bornes-de-recharge-pour-vehicules-electriques\/","name":"Transition \u00e9nerg\u00e9tique : Sonelgaz installe de nouvelles bornes de recharge pour v\u00e9hicules \u00e9lectriques - La Sentinelle","isPartOf":{"@id":"https:\/\/lasentinelle.dz\/#website"},"primaryImageOfPage":{"@id":"https:\/\/lasentinelle.dz\/index.php\/2024\/06\/11\/transition-energetique-sonelgaz-installe-de-nouvelles-bornes-de-recharge-pour-vehicules-electriques\/#primaryimage"},"image":{"@id":"https:\/\/lasentinelle.dz\/index.php\/2024\/06\/11\/transition-energetique-sonelgaz-installe-de-nouvelles-bornes-de-recharge-pour-vehicules-electriques\/#primaryimage"},"thumbnailUrl":"https:\/\/lasentinelle.dz\/wp-content\/uploads\/2024\/02\/sonelgaz.jpeg","datePublished":"2024-06-11T13:54:41+00:00","dateModified":"2024-06-11T13:54:43+00:00","breadcrumb":{"@id":"https:\/\/lasentinelle.dz\/index.php\/2024\/06\/11\/transition-energetique-sonelgaz-installe-de-nouvelles-bornes-de-recharge-pour-vehicules-electriques\/#breadcrumb"},"inLanguage":"fr-FR","potentialAction":[{"@type":"ReadAction","target":["https:\/\/lasentinelle.dz\/index.php\/2024\/06\/11\/transition-energetique-sonelgaz-installe-de-nouvelles-bornes-de-recharge-pour-vehicules-electriques\/"]}]},{"@type":"ImageObject","inLanguage":"fr-FR","@id":"https:\/\/lasentinelle.dz\/index.php\/2024\/06\/11\/transition-energetique-sonelgaz-installe-de-nouvelles-bornes-de-recharge-pour-vehicules-electriques\/#primaryimage","url":"https:\/\/lasentinelle.dz\/wp-content\/uploads\/2024\/02\/sonelgaz.jpeg","contentUrl":"https:\/\/lasentinelle.dz\/wp-content\/uploads\/2024\/02\/sonelgaz.jpeg","width":1280,"height":720},{"@type":"BreadcrumbList","@id":"https:\/\/lasentinelle.dz\/index.php\/2024\/06\/11\/transition-energetique-sonelgaz-installe-de-nouvelles-bornes-de-recharge-pour-vehicules-electriques\/#breadcrumb","itemListElement":[{"@type":"ListItem","position":1,"name":"Accueil","item":"https:\/\/lasentinelle.dz\/"},{"@type":"ListItem","position":2,"name":"Transition \u00e9nerg\u00e9tique : Sonelgaz installe de nouvelles bornes de recharge pour v\u00e9hicules \u00e9lectriques"}]},{"@type":"WebSite","@id":"https:\/\/lasentinelle.dz\/#website","url":"https:\/\/lasentinelle.dz\/","name":"La Sentinelle","description":"Quotidien national d&#039;information","publisher":{"@id":"https:\/\/lasentinelle.dz\/#organization"},"potentialAction":[{"@type":"SearchAction","target":{"@type":"EntryPoint","urlTemplate":"https:\/\/lasentinelle.dz\/?s={search_term_string}"},"query-input":{"@type":"PropertyValueSpecification","valueRequired":true,"valueName":"search_term_string"}}],"inLanguage":"fr-FR"},{"@type":"Organization","@id":"https:\/\/lasentinelle.dz\/#organization","name":"Quotidien La Sentinelle","url":"https:\/\/lasentinelle.dz\/","logo":{"@type":"ImageObject","inLanguage":"fr-FR","@id":"https:\/\/lasentinelle.dz\/#\/schema\/logo\/image\/","url":"https:\/\/lasentinelle.dz\/wp-content\/uploads\/2021\/09\/logo-sentinelleSLOGAN-1.png","contentUrl":"https:\/\/lasentinelle.dz\/wp-content\/uploads\/2021\/09\/logo-sentinelleSLOGAN-1.png","width":615,"height":142,"caption":"Quotidien La Sentinelle"},"image":{"@id":"https:\/\/lasentinelle.dz\/#\/schema\/logo\/image\/"},"sameAs":["https:\/\/www.facebook.com\/La-Sentinelle-104059864394773"]},{"@type":"Person","@id":"https:\/\/lasentinelle.dz\/#\/schema\/person\/d865044e22e70a75174ce8bcad3acfb3","name":"La Sentinelle","image":{"@type":"ImageObject","inLanguage":"fr-FR","@id":"https:\/\/secure.gravatar.com\/avatar\/57de8e5d4b15d43fb361a71fbb36338450fe67865b528a43dd10ef7c51a20392?s=96&d=mm&r=g","url":"https:\/\/secure.gravatar.com\/avatar\/57de8e5d4b15d43fb361a71fbb36338450fe67865b528a43dd10ef7c51a20392?s=96&d=mm&r=g","contentUrl":"https:\/\/secure.gravatar.com\/avatar\/57de8e5d4b15d43fb361a71fbb36338450fe67865b528a43dd10ef7c51a20392?s=96&d=mm&r=g","caption":"La Sentinelle"},"sameAs":["http:\/\/www.lasentinelle.dz"],"url":"https:\/\/lasentinelle.dz\/author\/redaction\/"}]}},"_links":{"self":[{"href":"https:\/\/lasentinelle.dz\/index.php\/wp-json\/wp\/v2\/posts\/53358","targetHints":{"allow":["GET"]}}],"collection":[{"href":"https:\/\/lasentinelle.dz\/index.php\/wp-json\/wp\/v2\/posts"}],"about":[{"href":"https:\/\/lasentinelle.dz\/index.php\/wp-json\/wp\/v2\/types\/post"}],"author":[{"embeddable":true,"href":"https:\/\/lasentinelle.dz\/index.php\/wp-json\/wp\/v2\/users\/3"}],"replies":[{"embeddable":true,"href":"https:\/\/lasentinelle.dz\/index.php\/wp-json\/wp\/v2\/comments?post=53358"}],"version-history":[{"count":1,"href":"https:\/\/lasentinelle.dz\/index.php\/wp-json\/wp\/v2\/posts\/53358\/revisions"}],"predecessor-version":[{"id":53359,"href":"https:\/\/lasentinelle.dz\/index.php\/wp-json\/wp\/v2\/posts\/53358\/revisions\/53359"}],"wp:featuredmedia":[{"embeddable":true,"href":"https:\/\/lasentinelle.dz\/index.php\/wp-json\/wp\/v2\/media\/49282"}],"wp:attachment":[{"href":"https:\/\/lasentinelle.dz\/index.php\/wp-json\/wp\/v2\/media?parent=53358"}],"wp:term":[{"taxonomy":"category","embeddable":true,"href":"https:\/\/lasentinelle.dz\/index.php\/wp-json\/wp\/v2\/categories?post=53358"},{"taxonomy":"post_tag","embeddable":true,"href":"https:\/\/lasentinelle.dz\/index.php\/wp-json\/wp\/v2\/tags?post=53358"}],"curies":[{"name":"wp","href":"https:\/\/api.w.org\/{rel}","templated":true}]}}