{"id":53372,"date":"2024-06-11T15:26:43","date_gmt":"2024-06-11T14:26:43","guid":{"rendered":"https:\/\/lasentinelle.dz\/?p=53372"},"modified":"2024-06-11T15:26:45","modified_gmt":"2024-06-11T14:26:45","slug":"lafrique-veut-se-faire-entendre","status":"publish","type":"post","link":"https:\/\/lasentinelle.dz\/index.php\/2024\/06\/11\/lafrique-veut-se-faire-entendre\/","title":{"rendered":"L&rsquo;Afrique veut se faire entendre"},"content":{"rendered":"\n<p>Les participants \u00e0 la 11e r\u00e9union minist\u00e9rielle du Comit\u00e9 des dix chefs d&rsquo;Etat et de Gouvernement de l&rsquo;Union africaine sur la r\u00e9forme du Conseil de s\u00e9curit\u00e9 de l&rsquo;ONU qui s&rsquo;est tenue hier \u00e0 Alger ont soulign\u00e9 l&rsquo;urgence de la r\u00e9forme du Conseil de s\u00e9curit\u00e9 et la n\u00e9cessit\u00e9 d&rsquo;une repr\u00e9sentation r\u00e9elle de l&rsquo;Afrique au sein de l&rsquo;instance. Une urgence qui s&rsquo;affirme dans un contexte marqu\u00e9 un contexte g\u00e9opolitique qui exacerbe les polarisations ainsi que par la multiplication des foyers de tensions, notamment sur le continent.<\/p>\n\n\n\n<p>\u00c0 l&rsquo;ouverture des travaux de la r\u00e9union, le ministre des Affaires \u00e9trang\u00e8res et de la communaut\u00e9 nationale \u00e0 l&rsquo;\u00e9tranger, Ahmed Attaf, a soulign\u00e9 que l&rsquo;Afrique ambitionne une r\u00e9forme qui non seulement permettrait de rem\u00e9dier \u00e0 l&rsquo;injustice historique qu&rsquo;a subi le continent, mais qui mettent aussi le Conseil de s\u00e9curit\u00e9 des tiraillements et des polarisations qui compliquent actuellement la gestion et le r\u00e8glement des conflits dans le monde. Le Chef de la diplomatie alg\u00e9rienne a soulign\u00e9 que cette r\u00e9union du C10 \u00ab\u00a0se tient, aujourd&rsquo;hui, dans un contexte international d&rsquo;une gravit\u00e9 et d&rsquo;une complexit\u00e9 extr\u00eames, un contexte qui a remis au premier plan des priorit\u00e9s imp\u00e9rieuses, le dossier de la r\u00e9forme de l&rsquo;organe central de notre organisation onusienne, \u00e0 savoir le Conseil de s\u00e9curit\u00e9.\u00a0\u00bb<\/p>\n\n\n\n<p>Il a dans ce sens indiqu\u00e9 que \u00ab\u00a0l&rsquo;Afrique veut une r\u00e9forme qui redonne au Conseil son r\u00f4le et son efficacit\u00e9 dans le sillage des crises et des conflits successifs qui s&rsquo;accumulent, aux niveaux r\u00e9gional et international et face \u00e0 la st\u00e9rilit\u00e9 des initiatives diplomatiques pour l&rsquo;\u00e9laboration des solutions et r\u00e8glements escompt\u00e9s\u00a0\u00bb. \u00ab\u00a0L&rsquo;Afrique veut une r\u00e9forme qui place le Conseil \u00e0 l&rsquo;abri des tiraillements, des divisions et des polarisations qui ont occult\u00e9 son r\u00f4le \u00e0 un moment o\u00f9 l&rsquo;on peut dire que le monde entier a besoin, plus que jamais, de ce m\u00e9canisme onusien central, en tant que garant de la l\u00e9gitimit\u00e9 internationale et des principes du droit international et en sa qualit\u00e9 de premier responsable de la s\u00e9curit\u00e9 du monde. M. Attaf a rappel\u00e9 qu&rsquo;il y a de nombreux exemples qui t\u00e9moignent de la situation grave et exceptionnelle que traversent les relations internationales \u00e0 l&rsquo;heure actuelle, soulignant que \u00ab\u00a0Ghaza, r\u00e9sistante et r\u00e9siliente, fait face \u00e0 une guerre g\u00e9nocidaire depuis plus de huit mois, sans que le Conseil de s\u00e9curit\u00e9 puisse mettre fin \u00e0 l&rsquo;agression isra\u00e9lienne f\u00e9roce qui lui est inflig\u00e9e, ou tout au moins lui fournir les moyens de secours et de survie\u00a0\u00bb.<\/p>\n\n\n\n<p>Le MAE a aussi indiqu\u00e9 que \u00ab\u00a0l&rsquo;Afrique veut une r\u00e9forme qui \u00e9limine l&rsquo;injustice historique qui lui est impos\u00e9e, \u00e9tant le seul absent aux si\u00e8ges permanents du Conseil, et le moins repr\u00e9sent\u00e9 aux si\u00e8ges non permanents au sein du m\u00eame Conseil\u00a0\u00bb. Et d&rsquo;ajouter &nbsp;que le continent \u00a0\u00bb conna\u00eet une recrudescence inqui\u00e9tante des foyers de tension et de conflit qui affectent ses cinq r\u00e9gions, sans exception, au milieu des risques croissants d&rsquo;ing\u00e9rence \u00e9trang\u00e8re devenue d\u00e9sormais un \u00e9l\u00e9ment cl\u00e9 pour attiser les conflits et nourrir les divisions entre les enfants d&rsquo;une m\u00eame nation et d&rsquo;une m\u00eame organisation\u00a0\u00bb. Il a rappel\u00e9 que l&rsquo;Alg\u00e9rie \u00ab\u00a0croit fermement qu&rsquo;une r\u00e9forme du Conseil de s\u00e9curit\u00e9 s&rsquo;impose aujourd&rsquo;hui et pas demain, et que cette r\u00e9forme n&rsquo;aura de sens que si elle place au c\u0153ur de ses objectifs la satisfaction des revendications de l&rsquo;Afrique, en distinguant le prioritaire de l&rsquo;accessoire\u00a0\u00bb. M. Attaf a pr\u00e9cis\u00e9 que \u00ab\u00a0ce que l&rsquo;Afrique revendique travers le consensus d&rsquo;Ezulwini et la D\u00e9claration de Syrte rev\u00eat un caract\u00e8re prioritaire clair et indiscutable\u00a0\u00bb, estimant que \u00ab\u00a0les revendications africaines ne doivent pas rester otages de l&rsquo;impasse actuelle dans les n\u00e9gociations gouvernementales sur la r\u00e9forme du Conseil de s\u00e9curit\u00e9 en raison des positions divergentes des autres blocs, qu&rsquo;il est difficile voire impossible de concilier\u00a0\u00bb. \u00ab\u00a0Avec autant de confiance et d&rsquo;assurance, poursuit le ministre, nous estimons, en Alg\u00e9rie, que ce n&rsquo;est pas seulement le continent qui est l\u00e9s\u00e9 \u00e0 travers la marginalisation de l&rsquo;Afrique au sein du Conseil de s\u00e9curit\u00e9 mais c&rsquo;est tout le syst\u00e8me international, soulignant que la voix de l&rsquo;Afrique est connue pour ses positions \u00e9quilibr\u00e9es et judicieuses, pour son engagement total en conformit\u00e9 avec les r\u00e8gles r\u00e9gissant les relations internationales, et pour sa pleine adh\u00e9sion \u00e0 l&rsquo;action internationale multilat\u00e9rale dans tous ses volets, dimensions et objectifs\u00a0\u00bb. Et de rappeler que \u00ab\u00a0les pr\u00e9c\u00e9dentes exp\u00e9riences avaient prouv\u00e9 que la force de notre continent n&rsquo;est pas seulement dans ses richesses naturelles consid\u00e9rables et ses ressources humaines extraordinaires, mais elle r\u00e9side particuli\u00e8rement dans l&rsquo;unit\u00e9 de ses positions et de ses rangs, et le ralliement de ses membres autour des valeurs, des principes et des objectifs communs\u00a0\u00bb. Les derniers d\u00e9veloppements ont, selon le ministre, d\u00e9montr\u00e9 \u00ab\u00a0un \u00e9lan international renouvel\u00e9 qui atteste de la justesse et de la l\u00e9gitimit\u00e9 des revendications africaines relatives \u00e0 sa repr\u00e9sentation au Conseil de s\u00e9curit\u00e9\u00a0\u00bb, un \u00e9lan ,a-t-il dit, que \u00ab\u00a0nous devons renforcer pour consolider la position africaine commune\u00a0\u00bb.<\/p>\n\n\n\n<p>De son c\u00f4t\u00e9, le Commissaire aux affaires politiques, \u00e0 la paix et \u00e0 la s\u00e9curit\u00e9 de l&rsquo;Union africaine, Bankole Adeoye, a mis l&rsquo;accent sur les exigences de la r\u00e9forme du Conseil de s\u00e9curit\u00e9 et les moyens de parvenir \u00e0 une Afrique \u00ab\u00a0forte et unifi\u00e9e\u00a0\u00bb. Aussi, a-t-il appel\u00e9 \u00e0 acc\u00e9l\u00e9rer les n\u00e9gociations entre les pays africains concernant cette imp\u00e9rative r\u00e9forme, insistant, \u00e0 ce propos, sur l&rsquo;application du Consensus d&rsquo;Ezulwini, la D\u00e9claration de Syrte et la feuille de route d&rsquo;Oyala. Il a en outre d\u00e9nonc\u00e9 la politique de deux poids deux mesures \u00e0 laquelle se livrent certains pays \u00e0 l&rsquo;\u00e9gard de plusieurs questions, notamment s&rsquo;agissant de la Palestine, d&rsquo;o\u00f9 la n\u00e9cessit\u00e9, a-t-il dit, d&rsquo;une r\u00e9forme du Conseil de s\u00e9curit\u00e9. Evoquant l&rsquo;Agenda 2063, \u00e0 la conception duquel l&rsquo;Alg\u00e9rie a activement particip\u00e9, le Commissaire \u00e0 la paix et \u00e0 la s\u00e9curit\u00e9 de l&rsquo;UA a affirm\u00e9 que ce plan directeur \u00ab\u00a0droit \u00eatre inclusif, efficace et en faveur du continent\u00a0\u00bb pour parvenir \u00e0 \u00ab\u00a0une Afrique forte, unifi\u00e9e et r\u00e9siliente\u00a0\u00bb.<\/p>\n\n\n\n<p><strong>Le pr\u00e9sident de la R\u00e9publique re\u00e7oit les chefs de d\u00e9l\u00e9gation<\/strong><\/p>\n\n\n\n<p>&nbsp;Le pr\u00e9sident de la R\u00e9publique, Abdelmadjid Tebboune, a re\u00e7u, hier \u00e0 Alger, les chefs de d\u00e9l\u00e9gation participant \u00e0 la 11e R\u00e9union minist\u00e9rielle du Comit\u00e9 des dix chefs d&rsquo;Etat et de Gouvernement de l&rsquo;Union africaine (C10) sur la r\u00e9forme du Conseil de s\u00e9curit\u00e9 des Nations Unies. L&rsquo;audience s&rsquo;est d\u00e9roul\u00e9e en pr\u00e9sence du ministre des Affaires \u00e9trang\u00e8res et de la Communaut\u00e9 nationale \u00e0 l&rsquo;\u00e9tranger, M. Ahmed Attaf, et du directeur de Cabinet \u00e0 la Pr\u00e9sidence de la R\u00e9publique, M. Boualem Boualem. Le pr\u00e9sident de la R\u00e9publique, a \u00e9galement re\u00e7u le recteur de la Mosqu\u00e9e de Paris, Dr Chems Eddine Hafiz.<\/p>\n\n\n\n<p>R.N.<\/p>\n","protected":false},"excerpt":{"rendered":"<p>Les participants \u00e0 la 11e r\u00e9union minist\u00e9rielle du Comit\u00e9 des dix chefs d&rsquo;Etat et de Gouvernement de l&rsquo;Union africaine sur<\/p>\n","protected":false},"author":3,"featured_media":53373,"comment_status":"open","ping_status":"closed","sticky":false,"template":"","format":"standard","meta":{"colormag_page_container_layout":"default_layout","colormag_page_sidebar_layout":"default_layout","om_disable_all_campaigns":false,"_monsterinsights_skip_tracking":false,"_monsterinsights_sitenote_active":false,"_monsterinsights_sitenote_note":"","_monsterinsights_sitenote_category":0,"footnotes":"","_wpscppro_dont_share_socialmedia":false,"_wpscppro_custom_social_share_image":0,"_facebook_share_type":"default","_twitter_share_type":"default","_linkedin_share_type":"default","_pinterest_share_type":"default","_linkedin_share_type_page":"","_instagram_share_type":"default","_medium_share_type":"","_threads_share_type":"","_google_business_share_type":"","_selected_social_profile":[],"_wpsp_enable_custom_social_template":false,"_wpsp_social_scheduling":{"enabled":false,"datetime":null,"platforms":[],"status":"template_only","dateOption":"today","timeOption":"now","customDays":"","customHours":"","customDate":"","customTime":"","schedulingType":"absolute"},"_wpsp_active_default_template":true},"categories":[52,27],"tags":[],"class_list":["post-53372","post","type-post","status-publish","format-standard","has-post-thumbnail","hentry","category-a-la-une","category-actualite"],"aioseo_notices":[],"yoast_head":"<!-- This site is optimized with the Yoast SEO plugin v27.4 - https:\/\/yoast.com\/product\/yoast-seo-wordpress\/ -->\n<title>L&rsquo;Afrique veut se faire entendre - La Sentinelle<\/title>\n<meta name=\"robots\" content=\"index, follow, max-snippet:-1, max-image-preview:large, max-video-preview:-1\" \/>\n<link rel=\"canonical\" href=\"https:\/\/lasentinelle.dz\/index.php\/2024\/06\/11\/lafrique-veut-se-faire-entendre\/\" \/>\n<meta property=\"og:locale\" content=\"fr_FR\" \/>\n<meta property=\"og:type\" content=\"article\" \/>\n<meta property=\"og:title\" content=\"L&rsquo;Afrique veut se faire entendre - La Sentinelle\" \/>\n<meta property=\"og:description\" content=\"Les participants \u00e0 la 11e r\u00e9union minist\u00e9rielle du Comit\u00e9 des dix chefs d&rsquo;Etat et de Gouvernement de l&rsquo;Union africaine sur\" \/>\n<meta property=\"og:url\" content=\"https:\/\/lasentinelle.dz\/index.php\/2024\/06\/11\/lafrique-veut-se-faire-entendre\/\" \/>\n<meta property=\"og:site_name\" content=\"La Sentinelle\" \/>\n<meta property=\"article:publisher\" content=\"https:\/\/www.facebook.com\/La-Sentinelle-104059864394773\" \/>\n<meta property=\"article:published_time\" content=\"2024-06-11T14:26:43+00:00\" \/>\n<meta property=\"article:modified_time\" content=\"2024-06-11T14:26:45+00:00\" \/>\n<meta property=\"og:image\" content=\"https:\/\/lasentinelle.dz\/wp-content\/uploads\/2024\/06\/attaf.jpeg\" \/>\n\t<meta property=\"og:image:width\" content=\"1250\" \/>\n\t<meta property=\"og:image:height\" content=\"834\" \/>\n\t<meta property=\"og:image:type\" content=\"image\/jpeg\" \/>\n<meta name=\"author\" content=\"La Sentinelle\" \/>\n<meta name=\"twitter:card\" content=\"summary_large_image\" \/>\n<meta name=\"twitter:label1\" content=\"\u00c9crit par\" \/>\n\t<meta name=\"twitter:data1\" content=\"La Sentinelle\" \/>\n\t<meta name=\"twitter:label2\" content=\"Dur\u00e9e de lecture estim\u00e9e\" \/>\n\t<meta name=\"twitter:data2\" content=\"6 minutes\" \/>\n<script type=\"application\/ld+json\" class=\"yoast-schema-graph\">{\"@context\":\"https:\\\/\\\/schema.org\",\"@graph\":[{\"@type\":\"Article\",\"@id\":\"https:\\\/\\\/lasentinelle.dz\\\/index.php\\\/2024\\\/06\\\/11\\\/lafrique-veut-se-faire-entendre\\\/#article\",\"isPartOf\":{\"@id\":\"https:\\\/\\\/lasentinelle.dz\\\/index.php\\\/2024\\\/06\\\/11\\\/lafrique-veut-se-faire-entendre\\\/\"},\"author\":{\"name\":\"La Sentinelle\",\"@id\":\"https:\\\/\\\/lasentinelle.dz\\\/#\\\/schema\\\/person\\\/d865044e22e70a75174ce8bcad3acfb3\"},\"headline\":\"L&rsquo;Afrique veut se faire entendre\",\"datePublished\":\"2024-06-11T14:26:43+00:00\",\"dateModified\":\"2024-06-11T14:26:45+00:00\",\"mainEntityOfPage\":{\"@id\":\"https:\\\/\\\/lasentinelle.dz\\\/index.php\\\/2024\\\/06\\\/11\\\/lafrique-veut-se-faire-entendre\\\/\"},\"wordCount\":1240,\"commentCount\":0,\"publisher\":{\"@id\":\"https:\\\/\\\/lasentinelle.dz\\\/#organization\"},\"image\":{\"@id\":\"https:\\\/\\\/lasentinelle.dz\\\/index.php\\\/2024\\\/06\\\/11\\\/lafrique-veut-se-faire-entendre\\\/#primaryimage\"},\"thumbnailUrl\":\"https:\\\/\\\/lasentinelle.dz\\\/wp-content\\\/uploads\\\/2024\\\/06\\\/attaf.jpeg\",\"articleSection\":[\"\u00c0 la Une\",\"Actualit\u00e9\"],\"inLanguage\":\"fr-FR\",\"potentialAction\":[{\"@type\":\"CommentAction\",\"name\":\"Comment\",\"target\":[\"https:\\\/\\\/lasentinelle.dz\\\/index.php\\\/2024\\\/06\\\/11\\\/lafrique-veut-se-faire-entendre\\\/#respond\"]}]},{\"@type\":\"WebPage\",\"@id\":\"https:\\\/\\\/lasentinelle.dz\\\/index.php\\\/2024\\\/06\\\/11\\\/lafrique-veut-se-faire-entendre\\\/\",\"url\":\"https:\\\/\\\/lasentinelle.dz\\\/index.php\\\/2024\\\/06\\\/11\\\/lafrique-veut-se-faire-entendre\\\/\",\"name\":\"L&rsquo;Afrique veut se faire entendre - La Sentinelle\",\"isPartOf\":{\"@id\":\"https:\\\/\\\/lasentinelle.dz\\\/#website\"},\"primaryImageOfPage\":{\"@id\":\"https:\\\/\\\/lasentinelle.dz\\\/index.php\\\/2024\\\/06\\\/11\\\/lafrique-veut-se-faire-entendre\\\/#primaryimage\"},\"image\":{\"@id\":\"https:\\\/\\\/lasentinelle.dz\\\/index.php\\\/2024\\\/06\\\/11\\\/lafrique-veut-se-faire-entendre\\\/#primaryimage\"},\"thumbnailUrl\":\"https:\\\/\\\/lasentinelle.dz\\\/wp-content\\\/uploads\\\/2024\\\/06\\\/attaf.jpeg\",\"datePublished\":\"2024-06-11T14:26:43+00:00\",\"dateModified\":\"2024-06-11T14:26:45+00:00\",\"breadcrumb\":{\"@id\":\"https:\\\/\\\/lasentinelle.dz\\\/index.php\\\/2024\\\/06\\\/11\\\/lafrique-veut-se-faire-entendre\\\/#breadcrumb\"},\"inLanguage\":\"fr-FR\",\"potentialAction\":[{\"@type\":\"ReadAction\",\"target\":[\"https:\\\/\\\/lasentinelle.dz\\\/index.php\\\/2024\\\/06\\\/11\\\/lafrique-veut-se-faire-entendre\\\/\"]}]},{\"@type\":\"ImageObject\",\"inLanguage\":\"fr-FR\",\"@id\":\"https:\\\/\\\/lasentinelle.dz\\\/index.php\\\/2024\\\/06\\\/11\\\/lafrique-veut-se-faire-entendre\\\/#primaryimage\",\"url\":\"https:\\\/\\\/lasentinelle.dz\\\/wp-content\\\/uploads\\\/2024\\\/06\\\/attaf.jpeg\",\"contentUrl\":\"https:\\\/\\\/lasentinelle.dz\\\/wp-content\\\/uploads\\\/2024\\\/06\\\/attaf.jpeg\",\"width\":1250,\"height\":834},{\"@type\":\"BreadcrumbList\",\"@id\":\"https:\\\/\\\/lasentinelle.dz\\\/index.php\\\/2024\\\/06\\\/11\\\/lafrique-veut-se-faire-entendre\\\/#breadcrumb\",\"itemListElement\":[{\"@type\":\"ListItem\",\"position\":1,\"name\":\"Accueil\",\"item\":\"https:\\\/\\\/lasentinelle.dz\\\/\"},{\"@type\":\"ListItem\",\"position\":2,\"name\":\"L&rsquo;Afrique veut se faire entendre\"}]},{\"@type\":\"WebSite\",\"@id\":\"https:\\\/\\\/lasentinelle.dz\\\/#website\",\"url\":\"https:\\\/\\\/lasentinelle.dz\\\/\",\"name\":\"La Sentinelle\",\"description\":\"Quotidien national d&#039;information\",\"publisher\":{\"@id\":\"https:\\\/\\\/lasentinelle.dz\\\/#organization\"},\"potentialAction\":[{\"@type\":\"SearchAction\",\"target\":{\"@type\":\"EntryPoint\",\"urlTemplate\":\"https:\\\/\\\/lasentinelle.dz\\\/?s={search_term_string}\"},\"query-input\":{\"@type\":\"PropertyValueSpecification\",\"valueRequired\":true,\"valueName\":\"search_term_string\"}}],\"inLanguage\":\"fr-FR\"},{\"@type\":\"Organization\",\"@id\":\"https:\\\/\\\/lasentinelle.dz\\\/#organization\",\"name\":\"Quotidien La Sentinelle\",\"url\":\"https:\\\/\\\/lasentinelle.dz\\\/\",\"logo\":{\"@type\":\"ImageObject\",\"inLanguage\":\"fr-FR\",\"@id\":\"https:\\\/\\\/lasentinelle.dz\\\/#\\\/schema\\\/logo\\\/image\\\/\",\"url\":\"https:\\\/\\\/lasentinelle.dz\\\/wp-content\\\/uploads\\\/2021\\\/09\\\/logo-sentinelleSLOGAN-1.png\",\"contentUrl\":\"https:\\\/\\\/lasentinelle.dz\\\/wp-content\\\/uploads\\\/2021\\\/09\\\/logo-sentinelleSLOGAN-1.png\",\"width\":615,\"height\":142,\"caption\":\"Quotidien La Sentinelle\"},\"image\":{\"@id\":\"https:\\\/\\\/lasentinelle.dz\\\/#\\\/schema\\\/logo\\\/image\\\/\"},\"sameAs\":[\"https:\\\/\\\/www.facebook.com\\\/La-Sentinelle-104059864394773\"]},{\"@type\":\"Person\",\"@id\":\"https:\\\/\\\/lasentinelle.dz\\\/#\\\/schema\\\/person\\\/d865044e22e70a75174ce8bcad3acfb3\",\"name\":\"La Sentinelle\",\"image\":{\"@type\":\"ImageObject\",\"inLanguage\":\"fr-FR\",\"@id\":\"https:\\\/\\\/secure.gravatar.com\\\/avatar\\\/57de8e5d4b15d43fb361a71fbb36338450fe67865b528a43dd10ef7c51a20392?s=96&d=mm&r=g\",\"url\":\"https:\\\/\\\/secure.gravatar.com\\\/avatar\\\/57de8e5d4b15d43fb361a71fbb36338450fe67865b528a43dd10ef7c51a20392?s=96&d=mm&r=g\",\"contentUrl\":\"https:\\\/\\\/secure.gravatar.com\\\/avatar\\\/57de8e5d4b15d43fb361a71fbb36338450fe67865b528a43dd10ef7c51a20392?s=96&d=mm&r=g\",\"caption\":\"La Sentinelle\"},\"sameAs\":[\"http:\\\/\\\/www.lasentinelle.dz\"],\"url\":\"https:\\\/\\\/lasentinelle.dz\\\/author\\\/redaction\\\/\"}]}<\/script>\n<!-- \/ Yoast SEO plugin. -->","yoast_head_json":{"title":"L&rsquo;Afrique veut se faire entendre - La Sentinelle","robots":{"index":"index","follow":"follow","max-snippet":"max-snippet:-1","max-image-preview":"max-image-preview:large","max-video-preview":"max-video-preview:-1"},"canonical":"https:\/\/lasentinelle.dz\/index.php\/2024\/06\/11\/lafrique-veut-se-faire-entendre\/","og_locale":"fr_FR","og_type":"article","og_title":"L&rsquo;Afrique veut se faire entendre - La Sentinelle","og_description":"Les participants \u00e0 la 11e r\u00e9union minist\u00e9rielle du Comit\u00e9 des dix chefs d&rsquo;Etat et de Gouvernement de l&rsquo;Union africaine sur","og_url":"https:\/\/lasentinelle.dz\/index.php\/2024\/06\/11\/lafrique-veut-se-faire-entendre\/","og_site_name":"La Sentinelle","article_publisher":"https:\/\/www.facebook.com\/La-Sentinelle-104059864394773","article_published_time":"2024-06-11T14:26:43+00:00","article_modified_time":"2024-06-11T14:26:45+00:00","og_image":[{"width":1250,"height":834,"url":"https:\/\/lasentinelle.dz\/wp-content\/uploads\/2024\/06\/attaf.jpeg","type":"image\/jpeg"}],"author":"La Sentinelle","twitter_card":"summary_large_image","twitter_misc":{"\u00c9crit par":"La Sentinelle","Dur\u00e9e de lecture estim\u00e9e":"6 minutes"},"schema":{"@context":"https:\/\/schema.org","@graph":[{"@type":"Article","@id":"https:\/\/lasentinelle.dz\/index.php\/2024\/06\/11\/lafrique-veut-se-faire-entendre\/#article","isPartOf":{"@id":"https:\/\/lasentinelle.dz\/index.php\/2024\/06\/11\/lafrique-veut-se-faire-entendre\/"},"author":{"name":"La Sentinelle","@id":"https:\/\/lasentinelle.dz\/#\/schema\/person\/d865044e22e70a75174ce8bcad3acfb3"},"headline":"L&rsquo;Afrique veut se faire entendre","datePublished":"2024-06-11T14:26:43+00:00","dateModified":"2024-06-11T14:26:45+00:00","mainEntityOfPage":{"@id":"https:\/\/lasentinelle.dz\/index.php\/2024\/06\/11\/lafrique-veut-se-faire-entendre\/"},"wordCount":1240,"commentCount":0,"publisher":{"@id":"https:\/\/lasentinelle.dz\/#organization"},"image":{"@id":"https:\/\/lasentinelle.dz\/index.php\/2024\/06\/11\/lafrique-veut-se-faire-entendre\/#primaryimage"},"thumbnailUrl":"https:\/\/lasentinelle.dz\/wp-content\/uploads\/2024\/06\/attaf.jpeg","articleSection":["\u00c0 la Une","Actualit\u00e9"],"inLanguage":"fr-FR","potentialAction":[{"@type":"CommentAction","name":"Comment","target":["https:\/\/lasentinelle.dz\/index.php\/2024\/06\/11\/lafrique-veut-se-faire-entendre\/#respond"]}]},{"@type":"WebPage","@id":"https:\/\/lasentinelle.dz\/index.php\/2024\/06\/11\/lafrique-veut-se-faire-entendre\/","url":"https:\/\/lasentinelle.dz\/index.php\/2024\/06\/11\/lafrique-veut-se-faire-entendre\/","name":"L&rsquo;Afrique veut se faire entendre - La Sentinelle","isPartOf":{"@id":"https:\/\/lasentinelle.dz\/#website"},"primaryImageOfPage":{"@id":"https:\/\/lasentinelle.dz\/index.php\/2024\/06\/11\/lafrique-veut-se-faire-entendre\/#primaryimage"},"image":{"@id":"https:\/\/lasentinelle.dz\/index.php\/2024\/06\/11\/lafrique-veut-se-faire-entendre\/#primaryimage"},"thumbnailUrl":"https:\/\/lasentinelle.dz\/wp-content\/uploads\/2024\/06\/attaf.jpeg","datePublished":"2024-06-11T14:26:43+00:00","dateModified":"2024-06-11T14:26:45+00:00","breadcrumb":{"@id":"https:\/\/lasentinelle.dz\/index.php\/2024\/06\/11\/lafrique-veut-se-faire-entendre\/#breadcrumb"},"inLanguage":"fr-FR","potentialAction":[{"@type":"ReadAction","target":["https:\/\/lasentinelle.dz\/index.php\/2024\/06\/11\/lafrique-veut-se-faire-entendre\/"]}]},{"@type":"ImageObject","inLanguage":"fr-FR","@id":"https:\/\/lasentinelle.dz\/index.php\/2024\/06\/11\/lafrique-veut-se-faire-entendre\/#primaryimage","url":"https:\/\/lasentinelle.dz\/wp-content\/uploads\/2024\/06\/attaf.jpeg","contentUrl":"https:\/\/lasentinelle.dz\/wp-content\/uploads\/2024\/06\/attaf.jpeg","width":1250,"height":834},{"@type":"BreadcrumbList","@id":"https:\/\/lasentinelle.dz\/index.php\/2024\/06\/11\/lafrique-veut-se-faire-entendre\/#breadcrumb","itemListElement":[{"@type":"ListItem","position":1,"name":"Accueil","item":"https:\/\/lasentinelle.dz\/"},{"@type":"ListItem","position":2,"name":"L&rsquo;Afrique veut se faire entendre"}]},{"@type":"WebSite","@id":"https:\/\/lasentinelle.dz\/#website","url":"https:\/\/lasentinelle.dz\/","name":"La Sentinelle","description":"Quotidien national d&#039;information","publisher":{"@id":"https:\/\/lasentinelle.dz\/#organization"},"potentialAction":[{"@type":"SearchAction","target":{"@type":"EntryPoint","urlTemplate":"https:\/\/lasentinelle.dz\/?s={search_term_string}"},"query-input":{"@type":"PropertyValueSpecification","valueRequired":true,"valueName":"search_term_string"}}],"inLanguage":"fr-FR"},{"@type":"Organization","@id":"https:\/\/lasentinelle.dz\/#organization","name":"Quotidien La Sentinelle","url":"https:\/\/lasentinelle.dz\/","logo":{"@type":"ImageObject","inLanguage":"fr-FR","@id":"https:\/\/lasentinelle.dz\/#\/schema\/logo\/image\/","url":"https:\/\/lasentinelle.dz\/wp-content\/uploads\/2021\/09\/logo-sentinelleSLOGAN-1.png","contentUrl":"https:\/\/lasentinelle.dz\/wp-content\/uploads\/2021\/09\/logo-sentinelleSLOGAN-1.png","width":615,"height":142,"caption":"Quotidien La Sentinelle"},"image":{"@id":"https:\/\/lasentinelle.dz\/#\/schema\/logo\/image\/"},"sameAs":["https:\/\/www.facebook.com\/La-Sentinelle-104059864394773"]},{"@type":"Person","@id":"https:\/\/lasentinelle.dz\/#\/schema\/person\/d865044e22e70a75174ce8bcad3acfb3","name":"La Sentinelle","image":{"@type":"ImageObject","inLanguage":"fr-FR","@id":"https:\/\/secure.gravatar.com\/avatar\/57de8e5d4b15d43fb361a71fbb36338450fe67865b528a43dd10ef7c51a20392?s=96&d=mm&r=g","url":"https:\/\/secure.gravatar.com\/avatar\/57de8e5d4b15d43fb361a71fbb36338450fe67865b528a43dd10ef7c51a20392?s=96&d=mm&r=g","contentUrl":"https:\/\/secure.gravatar.com\/avatar\/57de8e5d4b15d43fb361a71fbb36338450fe67865b528a43dd10ef7c51a20392?s=96&d=mm&r=g","caption":"La Sentinelle"},"sameAs":["http:\/\/www.lasentinelle.dz"],"url":"https:\/\/lasentinelle.dz\/author\/redaction\/"}]}},"_links":{"self":[{"href":"https:\/\/lasentinelle.dz\/index.php\/wp-json\/wp\/v2\/posts\/53372","targetHints":{"allow":["GET"]}}],"collection":[{"href":"https:\/\/lasentinelle.dz\/index.php\/wp-json\/wp\/v2\/posts"}],"about":[{"href":"https:\/\/lasentinelle.dz\/index.php\/wp-json\/wp\/v2\/types\/post"}],"author":[{"embeddable":true,"href":"https:\/\/lasentinelle.dz\/index.php\/wp-json\/wp\/v2\/users\/3"}],"replies":[{"embeddable":true,"href":"https:\/\/lasentinelle.dz\/index.php\/wp-json\/wp\/v2\/comments?post=53372"}],"version-history":[{"count":2,"href":"https:\/\/lasentinelle.dz\/index.php\/wp-json\/wp\/v2\/posts\/53372\/revisions"}],"predecessor-version":[{"id":53375,"href":"https:\/\/lasentinelle.dz\/index.php\/wp-json\/wp\/v2\/posts\/53372\/revisions\/53375"}],"wp:featuredmedia":[{"embeddable":true,"href":"https:\/\/lasentinelle.dz\/index.php\/wp-json\/wp\/v2\/media\/53373"}],"wp:attachment":[{"href":"https:\/\/lasentinelle.dz\/index.php\/wp-json\/wp\/v2\/media?parent=53372"}],"wp:term":[{"taxonomy":"category","embeddable":true,"href":"https:\/\/lasentinelle.dz\/index.php\/wp-json\/wp\/v2\/categories?post=53372"},{"taxonomy":"post_tag","embeddable":true,"href":"https:\/\/lasentinelle.dz\/index.php\/wp-json\/wp\/v2\/tags?post=53372"}],"curies":[{"name":"wp","href":"https:\/\/api.w.org\/{rel}","templated":true}]}}