{"id":53383,"date":"2024-06-12T15:22:53","date_gmt":"2024-06-12T14:22:53","guid":{"rendered":"https:\/\/lasentinelle.dz\/?p=53383"},"modified":"2024-06-12T15:23:03","modified_gmt":"2024-06-12T14:23:03","slug":"sahara-occidental-le-codapso-condamne-le-traitement-de-son-vice-president-par-loccupation","status":"publish","type":"post","link":"https:\/\/lasentinelle.dz\/index.php\/2024\/06\/12\/sahara-occidental-le-codapso-condamne-le-traitement-de-son-vice-president-par-loccupation\/","title":{"rendered":"Sahara occidental: Le CODAPSO condamne le traitement de son vice-pr\u00e9sident par l&rsquo;occupation"},"content":{"rendered":"\n<p>Le Comit\u00e9 de d\u00e9fense du droit du peuple sahraoui \u00e0 l&rsquo;autod\u00e9termination (CODAPSO) a \u00ab\u00a0condamn\u00e9 fermement\u00a0\u00bb, lundi, \u00ab\u00a0les mauvais traitements et agressions verbales\u00a0\u00bb dont a \u00e9t\u00e9 victime son vice-pr\u00e9sident, l&rsquo;activiste Hmad Hammad, \u00e0 l&rsquo;a\u00e9roport de La\u00e2youne occup\u00e9e, appelant la communaut\u00e9 internationale \u00e0 assurer la protection des droits de l&rsquo;homme au Sahara occidental. De retour d&rsquo;Espagne o\u00f9 il a \u00e9t\u00e9 pour des soins m\u00e9dicaux, Hammad a \u00e9t\u00e9 victime d&rsquo;insultes de la part d&rsquo;agents de s\u00e9curit\u00e9 au poste de contr\u00f4le douanier de l&rsquo;a\u00e9roport de La\u00e2youne occup\u00e9e, indique le comit\u00e9 dans un communiqu\u00e9. Selon le CODAPSO, \u00ab\u00a0ce comportement abusif de la police marocaine est totalement injustifi\u00e9\u00a0\u00bb et \u00ab\u00a0constitue une violation flagrante des droits de l&rsquo;homme\u00a0\u00bb. Exprimant son \u00ab\u00a0indignation\u00a0\u00bb face \u00e0 ces \u00e9v\u00e9nements, le CODAPSO souligne que \u00ab\u00a0le traitement d\u00e9gradant subi par Hammad est un exemple du harc\u00e8lement continu et de la violation des droits subis par les militants sahraouis dans les territoires occup\u00e9s\u00a0\u00bb. Le comit\u00e9 appelle, \u00e0 ce titre, la communaut\u00e9 internationale \u00e0 prendre des mesures n\u00e9cessaires pour \u00ab\u00a0assurer la protection des droits de l&rsquo;homme au Sahara occidental\u00a0\u00bb. Hmad Hammad a soulign\u00e9, \u00e0 ce propos, \u00ab\u00a0le besoin urgent d&rsquo;une attention et d&rsquo;une action internationales pour prot\u00e9ger les droits de l&rsquo;homme au Sahara occidental occup\u00e9 et garantir l&rsquo;autod\u00e9termination de son peuple\u00a0\u00bb. Il a insist\u00e9, dans ce contexte, sur \u00ab\u00a0l&rsquo;importance de redoubler d&rsquo;efforts dans le domaine des droits de l&rsquo;homme\u00a0\u00bb, plaidant pour \u00ab\u00a0l&rsquo;application du droit international humanitaire dans le territoire non autonome du Sahara occidental, sous le mandat des Nations unies\u00a0\u00bb. Rappelant que la Mission des Nations unies pour l&rsquo;organisation d&rsquo;un r\u00e9f\u00e9rendum au Sahara occidental (MINURSO) \u00ab\u00a0est la seule force de maintien de la paix qui ne dispose pas d&rsquo;une composante de surveillance des droits de l&rsquo;homme\u00a0\u00bb, M. Hammad a estim\u00e9 que l&rsquo;absence d&rsquo;un volet \u00ab\u00a0droits de l&rsquo;homme\u00a0\u00bb dans les pr\u00e9rogatives de cette mission \u00ab\u00a0envoie un mauvais message \u00e0 la puissance occupante et lui permet de continuer \u00e0 violer les droits fondamentaux des Sahraouis en toute impunit\u00e9\u00a0\u00bb. Cet activiste et vice-pr\u00e9sident du CODAPSO rappelle, par ailleurs, que l&rsquo;Espagne, en sa qualit\u00e9 de puissance administrante du territoire du Sahara occidental, reste responsable du sort des Sahraouis jusqu&rsquo;\u00e0 ce qu&rsquo;ils puissent exercer leur droit \u00e0 l&rsquo;autod\u00e9termination et \u00e0 l&rsquo;ind\u00e9pendance.<\/p>\n\n\n\n<p>APS<\/p>\n","protected":false},"excerpt":{"rendered":"<p>Le Comit\u00e9 de d\u00e9fense du droit du peuple sahraoui \u00e0 l&rsquo;autod\u00e9termination (CODAPSO) a \u00ab\u00a0condamn\u00e9 fermement\u00a0\u00bb, lundi, \u00ab\u00a0les mauvais traitements et<\/p>\n","protected":false},"author":3,"featured_media":47913,"comment_status":"open","ping_status":"closed","sticky":false,"template":"","format":"standard","meta":{"colormag_page_container_layout":"default_layout","colormag_page_sidebar_layout":"default_layout","om_disable_all_campaigns":false,"_monsterinsights_skip_tracking":false,"_monsterinsights_sitenote_active":false,"_monsterinsights_sitenote_note":"","_monsterinsights_sitenote_category":0,"footnotes":"","_wpscppro_dont_share_socialmedia":false,"_wpscppro_custom_social_share_image":0,"_facebook_share_type":"default","_twitter_share_type":"default","_linkedin_share_type":"default","_pinterest_share_type":"default","_linkedin_share_type_page":"","_instagram_share_type":"default","_medium_share_type":"","_threads_share_type":"","_google_business_share_type":"","_selected_social_profile":[],"_wpsp_enable_custom_social_template":false,"_wpsp_social_scheduling":{"enabled":false,"datetime":null,"platforms":[],"status":"template_only","dateOption":"today","timeOption":"now","customDays":"","customHours":"","customDate":"","customTime":"","schedulingType":"absolute"},"_wpsp_active_default_template":true},"categories":[37],"tags":[],"class_list":["post-53383","post","type-post","status-publish","format-standard","has-post-thumbnail","hentry","category-monde"],"aioseo_notices":[],"yoast_head":"<!-- This site is optimized with the Yoast SEO plugin v27.5 - https:\/\/yoast.com\/product\/yoast-seo-wordpress\/ -->\n<title>Sahara occidental: Le CODAPSO condamne le traitement de son vice-pr\u00e9sident par l&rsquo;occupation - La Sentinelle<\/title>\n<meta name=\"robots\" content=\"index, follow, max-snippet:-1, max-image-preview:large, max-video-preview:-1\" \/>\n<link rel=\"canonical\" href=\"https:\/\/lasentinelle.dz\/index.php\/2024\/06\/12\/sahara-occidental-le-codapso-condamne-le-traitement-de-son-vice-president-par-loccupation\/\" \/>\n<meta property=\"og:locale\" content=\"fr_FR\" \/>\n<meta property=\"og:type\" content=\"article\" \/>\n<meta property=\"og:title\" content=\"Sahara occidental: Le CODAPSO condamne le traitement de son vice-pr\u00e9sident par l&rsquo;occupation - La Sentinelle\" \/>\n<meta property=\"og:description\" content=\"Le Comit\u00e9 de d\u00e9fense du droit du peuple sahraoui \u00e0 l&rsquo;autod\u00e9termination (CODAPSO) a \u00ab\u00a0condamn\u00e9 fermement\u00a0\u00bb, lundi, \u00ab\u00a0les mauvais traitements et\" \/>\n<meta property=\"og:url\" content=\"https:\/\/lasentinelle.dz\/index.php\/2024\/06\/12\/sahara-occidental-le-codapso-condamne-le-traitement-de-son-vice-president-par-loccupation\/\" \/>\n<meta property=\"og:site_name\" content=\"La Sentinelle\" \/>\n<meta property=\"article:publisher\" content=\"https:\/\/www.facebook.com\/La-Sentinelle-104059864394773\" \/>\n<meta property=\"article:published_time\" content=\"2024-06-12T14:22:53+00:00\" \/>\n<meta property=\"article:modified_time\" content=\"2024-06-12T14:23:03+00:00\" \/>\n<meta property=\"og:image\" content=\"https:\/\/lasentinelle.dz\/wp-content\/uploads\/2023\/12\/Sahara-occidental.jpeg\" \/>\n\t<meta property=\"og:image:width\" content=\"745\" \/>\n\t<meta property=\"og:image:height\" content=\"470\" \/>\n\t<meta property=\"og:image:type\" content=\"image\/jpeg\" \/>\n<meta name=\"author\" content=\"La Sentinelle\" \/>\n<meta name=\"twitter:card\" content=\"summary_large_image\" \/>\n<meta name=\"twitter:label1\" content=\"\u00c9crit par\" \/>\n\t<meta name=\"twitter:data1\" content=\"La Sentinelle\" \/>\n\t<meta name=\"twitter:label2\" content=\"Dur\u00e9e de lecture estim\u00e9e\" \/>\n\t<meta name=\"twitter:data2\" content=\"3 minutes\" \/>\n<script type=\"application\/ld+json\" class=\"yoast-schema-graph\">{\"@context\":\"https:\\\/\\\/schema.org\",\"@graph\":[{\"@type\":\"Article\",\"@id\":\"https:\\\/\\\/lasentinelle.dz\\\/index.php\\\/2024\\\/06\\\/12\\\/sahara-occidental-le-codapso-condamne-le-traitement-de-son-vice-president-par-loccupation\\\/#article\",\"isPartOf\":{\"@id\":\"https:\\\/\\\/lasentinelle.dz\\\/index.php\\\/2024\\\/06\\\/12\\\/sahara-occidental-le-codapso-condamne-le-traitement-de-son-vice-president-par-loccupation\\\/\"},\"author\":{\"name\":\"La Sentinelle\",\"@id\":\"https:\\\/\\\/lasentinelle.dz\\\/#\\\/schema\\\/person\\\/d865044e22e70a75174ce8bcad3acfb3\"},\"headline\":\"Sahara occidental: Le CODAPSO condamne le traitement de son vice-pr\u00e9sident par l&rsquo;occupation\",\"datePublished\":\"2024-06-12T14:22:53+00:00\",\"dateModified\":\"2024-06-12T14:23:03+00:00\",\"mainEntityOfPage\":{\"@id\":\"https:\\\/\\\/lasentinelle.dz\\\/index.php\\\/2024\\\/06\\\/12\\\/sahara-occidental-le-codapso-condamne-le-traitement-de-son-vice-president-par-loccupation\\\/\"},\"wordCount\":420,\"commentCount\":0,\"publisher\":{\"@id\":\"https:\\\/\\\/lasentinelle.dz\\\/#organization\"},\"image\":{\"@id\":\"https:\\\/\\\/lasentinelle.dz\\\/index.php\\\/2024\\\/06\\\/12\\\/sahara-occidental-le-codapso-condamne-le-traitement-de-son-vice-president-par-loccupation\\\/#primaryimage\"},\"thumbnailUrl\":\"https:\\\/\\\/lasentinelle.dz\\\/wp-content\\\/uploads\\\/2023\\\/12\\\/Sahara-occidental.jpeg\",\"articleSection\":[\"Monde\"],\"inLanguage\":\"fr-FR\",\"potentialAction\":[{\"@type\":\"CommentAction\",\"name\":\"Comment\",\"target\":[\"https:\\\/\\\/lasentinelle.dz\\\/index.php\\\/2024\\\/06\\\/12\\\/sahara-occidental-le-codapso-condamne-le-traitement-de-son-vice-president-par-loccupation\\\/#respond\"]}]},{\"@type\":\"WebPage\",\"@id\":\"https:\\\/\\\/lasentinelle.dz\\\/index.php\\\/2024\\\/06\\\/12\\\/sahara-occidental-le-codapso-condamne-le-traitement-de-son-vice-president-par-loccupation\\\/\",\"url\":\"https:\\\/\\\/lasentinelle.dz\\\/index.php\\\/2024\\\/06\\\/12\\\/sahara-occidental-le-codapso-condamne-le-traitement-de-son-vice-president-par-loccupation\\\/\",\"name\":\"Sahara occidental: Le CODAPSO condamne le traitement de son vice-pr\u00e9sident par l&rsquo;occupation - La Sentinelle\",\"isPartOf\":{\"@id\":\"https:\\\/\\\/lasentinelle.dz\\\/#website\"},\"primaryImageOfPage\":{\"@id\":\"https:\\\/\\\/lasentinelle.dz\\\/index.php\\\/2024\\\/06\\\/12\\\/sahara-occidental-le-codapso-condamne-le-traitement-de-son-vice-president-par-loccupation\\\/#primaryimage\"},\"image\":{\"@id\":\"https:\\\/\\\/lasentinelle.dz\\\/index.php\\\/2024\\\/06\\\/12\\\/sahara-occidental-le-codapso-condamne-le-traitement-de-son-vice-president-par-loccupation\\\/#primaryimage\"},\"thumbnailUrl\":\"https:\\\/\\\/lasentinelle.dz\\\/wp-content\\\/uploads\\\/2023\\\/12\\\/Sahara-occidental.jpeg\",\"datePublished\":\"2024-06-12T14:22:53+00:00\",\"dateModified\":\"2024-06-12T14:23:03+00:00\",\"breadcrumb\":{\"@id\":\"https:\\\/\\\/lasentinelle.dz\\\/index.php\\\/2024\\\/06\\\/12\\\/sahara-occidental-le-codapso-condamne-le-traitement-de-son-vice-president-par-loccupation\\\/#breadcrumb\"},\"inLanguage\":\"fr-FR\",\"potentialAction\":[{\"@type\":\"ReadAction\",\"target\":[\"https:\\\/\\\/lasentinelle.dz\\\/index.php\\\/2024\\\/06\\\/12\\\/sahara-occidental-le-codapso-condamne-le-traitement-de-son-vice-president-par-loccupation\\\/\"]}]},{\"@type\":\"ImageObject\",\"inLanguage\":\"fr-FR\",\"@id\":\"https:\\\/\\\/lasentinelle.dz\\\/index.php\\\/2024\\\/06\\\/12\\\/sahara-occidental-le-codapso-condamne-le-traitement-de-son-vice-president-par-loccupation\\\/#primaryimage\",\"url\":\"https:\\\/\\\/lasentinelle.dz\\\/wp-content\\\/uploads\\\/2023\\\/12\\\/Sahara-occidental.jpeg\",\"contentUrl\":\"https:\\\/\\\/lasentinelle.dz\\\/wp-content\\\/uploads\\\/2023\\\/12\\\/Sahara-occidental.jpeg\",\"width\":745,\"height\":470},{\"@type\":\"BreadcrumbList\",\"@id\":\"https:\\\/\\\/lasentinelle.dz\\\/index.php\\\/2024\\\/06\\\/12\\\/sahara-occidental-le-codapso-condamne-le-traitement-de-son-vice-president-par-loccupation\\\/#breadcrumb\",\"itemListElement\":[{\"@type\":\"ListItem\",\"position\":1,\"name\":\"Accueil\",\"item\":\"https:\\\/\\\/lasentinelle.dz\\\/\"},{\"@type\":\"ListItem\",\"position\":2,\"name\":\"Sahara occidental: Le CODAPSO condamne le traitement de son vice-pr\u00e9sident par l&rsquo;occupation\"}]},{\"@type\":\"WebSite\",\"@id\":\"https:\\\/\\\/lasentinelle.dz\\\/#website\",\"url\":\"https:\\\/\\\/lasentinelle.dz\\\/\",\"name\":\"La Sentinelle\",\"description\":\"Quotidien national d&#039;information\",\"publisher\":{\"@id\":\"https:\\\/\\\/lasentinelle.dz\\\/#organization\"},\"potentialAction\":[{\"@type\":\"SearchAction\",\"target\":{\"@type\":\"EntryPoint\",\"urlTemplate\":\"https:\\\/\\\/lasentinelle.dz\\\/?s={search_term_string}\"},\"query-input\":{\"@type\":\"PropertyValueSpecification\",\"valueRequired\":true,\"valueName\":\"search_term_string\"}}],\"inLanguage\":\"fr-FR\"},{\"@type\":\"Organization\",\"@id\":\"https:\\\/\\\/lasentinelle.dz\\\/#organization\",\"name\":\"Quotidien La Sentinelle\",\"url\":\"https:\\\/\\\/lasentinelle.dz\\\/\",\"logo\":{\"@type\":\"ImageObject\",\"inLanguage\":\"fr-FR\",\"@id\":\"https:\\\/\\\/lasentinelle.dz\\\/#\\\/schema\\\/logo\\\/image\\\/\",\"url\":\"https:\\\/\\\/lasentinelle.dz\\\/wp-content\\\/uploads\\\/2021\\\/09\\\/logo-sentinelleSLOGAN-1.png\",\"contentUrl\":\"https:\\\/\\\/lasentinelle.dz\\\/wp-content\\\/uploads\\\/2021\\\/09\\\/logo-sentinelleSLOGAN-1.png\",\"width\":615,\"height\":142,\"caption\":\"Quotidien La Sentinelle\"},\"image\":{\"@id\":\"https:\\\/\\\/lasentinelle.dz\\\/#\\\/schema\\\/logo\\\/image\\\/\"},\"sameAs\":[\"https:\\\/\\\/www.facebook.com\\\/La-Sentinelle-104059864394773\"]},{\"@type\":\"Person\",\"@id\":\"https:\\\/\\\/lasentinelle.dz\\\/#\\\/schema\\\/person\\\/d865044e22e70a75174ce8bcad3acfb3\",\"name\":\"La Sentinelle\",\"image\":{\"@type\":\"ImageObject\",\"inLanguage\":\"fr-FR\",\"@id\":\"https:\\\/\\\/secure.gravatar.com\\\/avatar\\\/57de8e5d4b15d43fb361a71fbb36338450fe67865b528a43dd10ef7c51a20392?s=96&d=mm&r=g\",\"url\":\"https:\\\/\\\/secure.gravatar.com\\\/avatar\\\/57de8e5d4b15d43fb361a71fbb36338450fe67865b528a43dd10ef7c51a20392?s=96&d=mm&r=g\",\"contentUrl\":\"https:\\\/\\\/secure.gravatar.com\\\/avatar\\\/57de8e5d4b15d43fb361a71fbb36338450fe67865b528a43dd10ef7c51a20392?s=96&d=mm&r=g\",\"caption\":\"La Sentinelle\"},\"sameAs\":[\"http:\\\/\\\/www.lasentinelle.dz\"],\"url\":\"https:\\\/\\\/lasentinelle.dz\\\/author\\\/redaction\\\/\"}]}<\/script>\n<!-- \/ Yoast SEO plugin. -->","yoast_head_json":{"title":"Sahara occidental: Le CODAPSO condamne le traitement de son vice-pr\u00e9sident par l&rsquo;occupation - La Sentinelle","robots":{"index":"index","follow":"follow","max-snippet":"max-snippet:-1","max-image-preview":"max-image-preview:large","max-video-preview":"max-video-preview:-1"},"canonical":"https:\/\/lasentinelle.dz\/index.php\/2024\/06\/12\/sahara-occidental-le-codapso-condamne-le-traitement-de-son-vice-president-par-loccupation\/","og_locale":"fr_FR","og_type":"article","og_title":"Sahara occidental: Le CODAPSO condamne le traitement de son vice-pr\u00e9sident par l&rsquo;occupation - La Sentinelle","og_description":"Le Comit\u00e9 de d\u00e9fense du droit du peuple sahraoui \u00e0 l&rsquo;autod\u00e9termination (CODAPSO) a \u00ab\u00a0condamn\u00e9 fermement\u00a0\u00bb, lundi, \u00ab\u00a0les mauvais traitements et","og_url":"https:\/\/lasentinelle.dz\/index.php\/2024\/06\/12\/sahara-occidental-le-codapso-condamne-le-traitement-de-son-vice-president-par-loccupation\/","og_site_name":"La Sentinelle","article_publisher":"https:\/\/www.facebook.com\/La-Sentinelle-104059864394773","article_published_time":"2024-06-12T14:22:53+00:00","article_modified_time":"2024-06-12T14:23:03+00:00","og_image":[{"width":745,"height":470,"url":"https:\/\/lasentinelle.dz\/wp-content\/uploads\/2023\/12\/Sahara-occidental.jpeg","type":"image\/jpeg"}],"author":"La Sentinelle","twitter_card":"summary_large_image","twitter_misc":{"\u00c9crit par":"La Sentinelle","Dur\u00e9e de lecture estim\u00e9e":"3 minutes"},"schema":{"@context":"https:\/\/schema.org","@graph":[{"@type":"Article","@id":"https:\/\/lasentinelle.dz\/index.php\/2024\/06\/12\/sahara-occidental-le-codapso-condamne-le-traitement-de-son-vice-president-par-loccupation\/#article","isPartOf":{"@id":"https:\/\/lasentinelle.dz\/index.php\/2024\/06\/12\/sahara-occidental-le-codapso-condamne-le-traitement-de-son-vice-president-par-loccupation\/"},"author":{"name":"La Sentinelle","@id":"https:\/\/lasentinelle.dz\/#\/schema\/person\/d865044e22e70a75174ce8bcad3acfb3"},"headline":"Sahara occidental: Le CODAPSO condamne le traitement de son vice-pr\u00e9sident par l&rsquo;occupation","datePublished":"2024-06-12T14:22:53+00:00","dateModified":"2024-06-12T14:23:03+00:00","mainEntityOfPage":{"@id":"https:\/\/lasentinelle.dz\/index.php\/2024\/06\/12\/sahara-occidental-le-codapso-condamne-le-traitement-de-son-vice-president-par-loccupation\/"},"wordCount":420,"commentCount":0,"publisher":{"@id":"https:\/\/lasentinelle.dz\/#organization"},"image":{"@id":"https:\/\/lasentinelle.dz\/index.php\/2024\/06\/12\/sahara-occidental-le-codapso-condamne-le-traitement-de-son-vice-president-par-loccupation\/#primaryimage"},"thumbnailUrl":"https:\/\/lasentinelle.dz\/wp-content\/uploads\/2023\/12\/Sahara-occidental.jpeg","articleSection":["Monde"],"inLanguage":"fr-FR","potentialAction":[{"@type":"CommentAction","name":"Comment","target":["https:\/\/lasentinelle.dz\/index.php\/2024\/06\/12\/sahara-occidental-le-codapso-condamne-le-traitement-de-son-vice-president-par-loccupation\/#respond"]}]},{"@type":"WebPage","@id":"https:\/\/lasentinelle.dz\/index.php\/2024\/06\/12\/sahara-occidental-le-codapso-condamne-le-traitement-de-son-vice-president-par-loccupation\/","url":"https:\/\/lasentinelle.dz\/index.php\/2024\/06\/12\/sahara-occidental-le-codapso-condamne-le-traitement-de-son-vice-president-par-loccupation\/","name":"Sahara occidental: Le CODAPSO condamne le traitement de son vice-pr\u00e9sident par l&rsquo;occupation - La Sentinelle","isPartOf":{"@id":"https:\/\/lasentinelle.dz\/#website"},"primaryImageOfPage":{"@id":"https:\/\/lasentinelle.dz\/index.php\/2024\/06\/12\/sahara-occidental-le-codapso-condamne-le-traitement-de-son-vice-president-par-loccupation\/#primaryimage"},"image":{"@id":"https:\/\/lasentinelle.dz\/index.php\/2024\/06\/12\/sahara-occidental-le-codapso-condamne-le-traitement-de-son-vice-president-par-loccupation\/#primaryimage"},"thumbnailUrl":"https:\/\/lasentinelle.dz\/wp-content\/uploads\/2023\/12\/Sahara-occidental.jpeg","datePublished":"2024-06-12T14:22:53+00:00","dateModified":"2024-06-12T14:23:03+00:00","breadcrumb":{"@id":"https:\/\/lasentinelle.dz\/index.php\/2024\/06\/12\/sahara-occidental-le-codapso-condamne-le-traitement-de-son-vice-president-par-loccupation\/#breadcrumb"},"inLanguage":"fr-FR","potentialAction":[{"@type":"ReadAction","target":["https:\/\/lasentinelle.dz\/index.php\/2024\/06\/12\/sahara-occidental-le-codapso-condamne-le-traitement-de-son-vice-president-par-loccupation\/"]}]},{"@type":"ImageObject","inLanguage":"fr-FR","@id":"https:\/\/lasentinelle.dz\/index.php\/2024\/06\/12\/sahara-occidental-le-codapso-condamne-le-traitement-de-son-vice-president-par-loccupation\/#primaryimage","url":"https:\/\/lasentinelle.dz\/wp-content\/uploads\/2023\/12\/Sahara-occidental.jpeg","contentUrl":"https:\/\/lasentinelle.dz\/wp-content\/uploads\/2023\/12\/Sahara-occidental.jpeg","width":745,"height":470},{"@type":"BreadcrumbList","@id":"https:\/\/lasentinelle.dz\/index.php\/2024\/06\/12\/sahara-occidental-le-codapso-condamne-le-traitement-de-son-vice-president-par-loccupation\/#breadcrumb","itemListElement":[{"@type":"ListItem","position":1,"name":"Accueil","item":"https:\/\/lasentinelle.dz\/"},{"@type":"ListItem","position":2,"name":"Sahara occidental: Le CODAPSO condamne le traitement de son vice-pr\u00e9sident par l&rsquo;occupation"}]},{"@type":"WebSite","@id":"https:\/\/lasentinelle.dz\/#website","url":"https:\/\/lasentinelle.dz\/","name":"La Sentinelle","description":"Quotidien national d&#039;information","publisher":{"@id":"https:\/\/lasentinelle.dz\/#organization"},"potentialAction":[{"@type":"SearchAction","target":{"@type":"EntryPoint","urlTemplate":"https:\/\/lasentinelle.dz\/?s={search_term_string}"},"query-input":{"@type":"PropertyValueSpecification","valueRequired":true,"valueName":"search_term_string"}}],"inLanguage":"fr-FR"},{"@type":"Organization","@id":"https:\/\/lasentinelle.dz\/#organization","name":"Quotidien La Sentinelle","url":"https:\/\/lasentinelle.dz\/","logo":{"@type":"ImageObject","inLanguage":"fr-FR","@id":"https:\/\/lasentinelle.dz\/#\/schema\/logo\/image\/","url":"https:\/\/lasentinelle.dz\/wp-content\/uploads\/2021\/09\/logo-sentinelleSLOGAN-1.png","contentUrl":"https:\/\/lasentinelle.dz\/wp-content\/uploads\/2021\/09\/logo-sentinelleSLOGAN-1.png","width":615,"height":142,"caption":"Quotidien La Sentinelle"},"image":{"@id":"https:\/\/lasentinelle.dz\/#\/schema\/logo\/image\/"},"sameAs":["https:\/\/www.facebook.com\/La-Sentinelle-104059864394773"]},{"@type":"Person","@id":"https:\/\/lasentinelle.dz\/#\/schema\/person\/d865044e22e70a75174ce8bcad3acfb3","name":"La Sentinelle","image":{"@type":"ImageObject","inLanguage":"fr-FR","@id":"https:\/\/secure.gravatar.com\/avatar\/57de8e5d4b15d43fb361a71fbb36338450fe67865b528a43dd10ef7c51a20392?s=96&d=mm&r=g","url":"https:\/\/secure.gravatar.com\/avatar\/57de8e5d4b15d43fb361a71fbb36338450fe67865b528a43dd10ef7c51a20392?s=96&d=mm&r=g","contentUrl":"https:\/\/secure.gravatar.com\/avatar\/57de8e5d4b15d43fb361a71fbb36338450fe67865b528a43dd10ef7c51a20392?s=96&d=mm&r=g","caption":"La Sentinelle"},"sameAs":["http:\/\/www.lasentinelle.dz"],"url":"https:\/\/lasentinelle.dz\/author\/redaction\/"}]}},"_links":{"self":[{"href":"https:\/\/lasentinelle.dz\/index.php\/wp-json\/wp\/v2\/posts\/53383","targetHints":{"allow":["GET"]}}],"collection":[{"href":"https:\/\/lasentinelle.dz\/index.php\/wp-json\/wp\/v2\/posts"}],"about":[{"href":"https:\/\/lasentinelle.dz\/index.php\/wp-json\/wp\/v2\/types\/post"}],"author":[{"embeddable":true,"href":"https:\/\/lasentinelle.dz\/index.php\/wp-json\/wp\/v2\/users\/3"}],"replies":[{"embeddable":true,"href":"https:\/\/lasentinelle.dz\/index.php\/wp-json\/wp\/v2\/comments?post=53383"}],"version-history":[{"count":2,"href":"https:\/\/lasentinelle.dz\/index.php\/wp-json\/wp\/v2\/posts\/53383\/revisions"}],"predecessor-version":[{"id":53385,"href":"https:\/\/lasentinelle.dz\/index.php\/wp-json\/wp\/v2\/posts\/53383\/revisions\/53385"}],"wp:featuredmedia":[{"embeddable":true,"href":"https:\/\/lasentinelle.dz\/index.php\/wp-json\/wp\/v2\/media\/47913"}],"wp:attachment":[{"href":"https:\/\/lasentinelle.dz\/index.php\/wp-json\/wp\/v2\/media?parent=53383"}],"wp:term":[{"taxonomy":"category","embeddable":true,"href":"https:\/\/lasentinelle.dz\/index.php\/wp-json\/wp\/v2\/categories?post=53383"},{"taxonomy":"post_tag","embeddable":true,"href":"https:\/\/lasentinelle.dz\/index.php\/wp-json\/wp\/v2\/tags?post=53383"}],"curies":[{"name":"wp","href":"https:\/\/api.w.org\/{rel}","templated":true}]}}