{"id":53386,"date":"2024-06-12T15:30:40","date_gmt":"2024-06-12T14:30:40","guid":{"rendered":"https:\/\/lasentinelle.dz\/?p=53386"},"modified":"2024-06-12T15:30:44","modified_gmt":"2024-06-12T14:30:44","slug":"soudan-la-malnutrition-chez-les-enfants-a-atteint-des-niveaux-alarmants","status":"publish","type":"post","link":"https:\/\/lasentinelle.dz\/index.php\/2024\/06\/12\/soudan-la-malnutrition-chez-les-enfants-a-atteint-des-niveaux-alarmants\/","title":{"rendered":"Soudan: La malnutrition chez les enfants a atteint des niveaux alarmants"},"content":{"rendered":"\n<p>L&rsquo;Organisation mondiale de la sant\u00e9 (OMS) a d\u00e9clar\u00e9 r\u00e9cemment qu&rsquo;environ 3,5 millions d&rsquo;enfants de moins de cinq ans souffrent de malnutrition aigu\u00eb, dont plus de 710.000 souffrent de malnutrition aigu\u00eb s\u00e9v\u00e8re.<\/p>\n\n\n\n<p>Le Programme alimentaire mondial (PAM) des Nations unies a annonc\u00e9 que le taux de malnutrition chez les enfants a atteint des chiffres alarmants. Depuis le 15 avril 2023, la crise humanitaire s&rsquo;aggrave au Soudan du fait des combats arm\u00e9s qui font rage dans le pays opposant l&rsquo;arm\u00e9e soudanaise aux Forces de soutien rapide (FSR). Face \u00e0 cette situation, le PAM a mis en garde contre la n\u00e9cessit\u00e9 de prendre des mesures imm\u00e9diates \u00ab\u00a0pour emp\u00eacher une mortalit\u00e9 g\u00e9n\u00e9ralis\u00e9e et l&rsquo;effondrement complet des moyens de subsistance, et pour \u00e9viter une crise alimentaire catastrophique au Soudan\u00a0\u00bb. Selon les Nations unies, le conflit qui dure depuis plus d&rsquo;un an a entra\u00een\u00e9 le d\u00e9placement de pr\u00e8s de 9 millions de personnes, dont plus d&rsquo;un million ont fui hors du pays, et des milliers ont \u00e9t\u00e9 tu\u00e9es, tandis que des millions d&rsquo;autres souffrent de faim, de malnutrition sur fond d&rsquo;un manque de services de base. Dans ce contexte, l&rsquo;Organisation mondiale de la sant\u00e9 (OMS) a d\u00e9clar\u00e9 r\u00e9cemment qu&rsquo;environ 3,5 millions d&rsquo;enfants de moins de cinq ans souffrent de malnutrition aigu\u00eb, dont plus de 710.000 souffrent de malnutrition aigu\u00eb s\u00e9v\u00e8re. &nbsp;Notons que l&rsquo;ONG M\u00e9decins sans fronti\u00e8res (MSF) a annonc\u00e9 de son c\u00f4t\u00e9 lundi la cessation de toutes ses activit\u00e9s \u00e0 l&rsquo;h\u00f4pital El Fasher, dans la r\u00e9gion du Darfour, au nord-ouest du Soudan, suite \u00e0 l&rsquo;attaque qui l&rsquo;a mis hors service. Le chef du service des urgences de M\u00e9decins sans fronti\u00e8res, Michel Lacharette, l&rsquo;a annonc\u00e9 dans un communiqu\u00e9 publi\u00e9 par l&rsquo;ONG sur son compte sur les r\u00e9seaux sociaux. Commentant l&rsquo;assaut contre l&rsquo;h\u00f4pital, Lacharette a d\u00e9clar\u00e9 qu'\u00a0\u00bbil ne s&rsquo;agit pas d&rsquo;un incident isol\u00e9. Le personnel et les patients ont \u00e9t\u00e9 soumis \u00e0 des attaques contre l&rsquo;\u00e9tablissement pendant des semaines de toutes parts, mais les tirs \u00e0 l&rsquo;int\u00e9rieur du b\u00e2timent de l&rsquo;h\u00f4pital sont consid\u00e9r\u00e9s comme un d\u00e9passement des limites\u00a0\u00bb. Dimanche, des affrontements entre l&rsquo;arm\u00e9e soudanaise et les Forces de soutien rapide (FSR) ont provoqu\u00e9 la mise hors service du principal h\u00f4pital de la ville d&rsquo;Al Fasher, capitale de l&rsquo;Etat du Darfour-Nord (ouest).<\/p>\n\n\n\n<p>L&rsquo;OMS a pour sa part indiqu\u00e9, dans un message publi\u00e9 sur son compte sur la plateforme \u00ab\u00a0X\u00a0\u00bb, que \u00ab\u00a0le principal h\u00f4pital d&rsquo;Al-Fasher \u00e9tant hors service suite \u00e0 l&rsquo;attaque, les deux autres h\u00f4pitaux ont \u00e9t\u00e9 surcharg\u00e9s au-del\u00e0 de leur capacit\u00e9, restreignant encore davantage l&rsquo;acc\u00e8s aux services de sant\u00e9\u00a0\u00bb. L&rsquo;agence des Nations Unies a exprim\u00e9 sa \u00ab\u00a0consternation face \u00e0 la r\u00e9cente attaque contre l&rsquo;h\u00f4pital Al-Fasher Sud, car il s&rsquo;agit du seul \u00e9tablissement m\u00e9dical dot\u00e9 d&rsquo;une capacit\u00e9 chirurgicale dans la ville\u00a0\u00bb. Dimanche, des affrontements entre l&rsquo;arm\u00e9e soudanaise et les Forces de soutien rapide (FSR) ont provoqu\u00e9 la mise hors service du principal h\u00f4pital de la ville d&rsquo;Al-Fasher, capitale de l&rsquo;Etat du Darfour-Nord (ouest). Malgr\u00e9 les alertes internationales concernant des combats dans la ville, qui est le centre des op\u00e9rations humanitaires de tous les Etats du Darfour, Al-Fasher est le th\u00e9\u00e2tre de combats depuis le 10 mai. Depuis la mi-avril 2023, l&rsquo;arm\u00e9e soudanaise et les FSR m\u00e8nent une guerre qui a fait environ 15 000 morts et quelque 10 millions de d\u00e9plac\u00e9s et de r\u00e9fugi\u00e9s. Les appels de l&rsquo;ONU et de la communaut\u00e9 internationale se sont multipli\u00e9s pour \u00e9pargner au Soudan une catastrophe humanitaire qui pourrait pousser des millions de personnes \u00e0 la famine et \u00e0 la mort, en raison des p\u00e9nuries alimentaires dues aux combats qui se sont \u00e9tendus \u00e0 12 des 18 Etats du pays.<\/p>\n\n\n\n<p>R.I.<\/p>\n","protected":false},"excerpt":{"rendered":"<p>L&rsquo;Organisation mondiale de la sant\u00e9 (OMS) a d\u00e9clar\u00e9 r\u00e9cemment qu&rsquo;environ 3,5 millions d&rsquo;enfants de moins de cinq ans souffrent de<\/p>\n","protected":false},"author":3,"featured_media":53387,"comment_status":"open","ping_status":"closed","sticky":false,"template":"","format":"standard","meta":{"colormag_page_container_layout":"default_layout","colormag_page_sidebar_layout":"default_layout","om_disable_all_campaigns":false,"_monsterinsights_skip_tracking":false,"_monsterinsights_sitenote_active":false,"_monsterinsights_sitenote_note":"","_monsterinsights_sitenote_category":0,"footnotes":"","_wpscppro_dont_share_socialmedia":false,"_wpscppro_custom_social_share_image":0,"_facebook_share_type":"default","_twitter_share_type":"default","_linkedin_share_type":"default","_pinterest_share_type":"default","_linkedin_share_type_page":"","_instagram_share_type":"default","_medium_share_type":"","_threads_share_type":"","_google_business_share_type":"","_selected_social_profile":[],"_wpsp_enable_custom_social_template":false,"_wpsp_social_scheduling":{"enabled":false,"datetime":null,"platforms":[],"status":"template_only","dateOption":"today","timeOption":"now","customDays":"","customHours":"","customDate":"","customTime":"","schedulingType":"absolute"},"_wpsp_active_default_template":true},"categories":[37],"tags":[],"class_list":["post-53386","post","type-post","status-publish","format-standard","has-post-thumbnail","hentry","category-monde"],"aioseo_notices":[],"yoast_head":"<!-- This site is optimized with the Yoast SEO plugin v27.5 - https:\/\/yoast.com\/product\/yoast-seo-wordpress\/ -->\n<title>Soudan: La malnutrition chez les enfants a atteint des niveaux alarmants - La Sentinelle<\/title>\n<meta name=\"robots\" content=\"index, follow, max-snippet:-1, max-image-preview:large, max-video-preview:-1\" \/>\n<link rel=\"canonical\" href=\"https:\/\/lasentinelle.dz\/index.php\/2024\/06\/12\/soudan-la-malnutrition-chez-les-enfants-a-atteint-des-niveaux-alarmants\/\" \/>\n<meta property=\"og:locale\" content=\"fr_FR\" \/>\n<meta property=\"og:type\" content=\"article\" \/>\n<meta property=\"og:title\" content=\"Soudan: La malnutrition chez les enfants a atteint des niveaux alarmants - La Sentinelle\" \/>\n<meta property=\"og:description\" content=\"L&rsquo;Organisation mondiale de la sant\u00e9 (OMS) a d\u00e9clar\u00e9 r\u00e9cemment qu&rsquo;environ 3,5 millions d&rsquo;enfants de moins de cinq ans souffrent de\" \/>\n<meta property=\"og:url\" content=\"https:\/\/lasentinelle.dz\/index.php\/2024\/06\/12\/soudan-la-malnutrition-chez-les-enfants-a-atteint-des-niveaux-alarmants\/\" \/>\n<meta property=\"og:site_name\" content=\"La Sentinelle\" \/>\n<meta property=\"article:publisher\" content=\"https:\/\/www.facebook.com\/La-Sentinelle-104059864394773\" \/>\n<meta property=\"article:published_time\" content=\"2024-06-12T14:30:40+00:00\" \/>\n<meta property=\"article:modified_time\" content=\"2024-06-12T14:30:44+00:00\" \/>\n<meta property=\"og:image\" content=\"https:\/\/lasentinelle.dz\/wp-content\/uploads\/2024\/06\/enfants-soudan.jpeg\" \/>\n\t<meta property=\"og:image:width\" content=\"283\" \/>\n\t<meta property=\"og:image:height\" content=\"178\" \/>\n\t<meta property=\"og:image:type\" content=\"image\/jpeg\" \/>\n<meta name=\"author\" content=\"La Sentinelle\" \/>\n<meta name=\"twitter:card\" content=\"summary_large_image\" \/>\n<meta name=\"twitter:label1\" content=\"\u00c9crit par\" \/>\n\t<meta name=\"twitter:data1\" content=\"La Sentinelle\" \/>\n\t<meta name=\"twitter:label2\" content=\"Dur\u00e9e de lecture estim\u00e9e\" \/>\n\t<meta name=\"twitter:data2\" content=\"4 minutes\" \/>\n<script type=\"application\/ld+json\" class=\"yoast-schema-graph\">{\"@context\":\"https:\\\/\\\/schema.org\",\"@graph\":[{\"@type\":\"Article\",\"@id\":\"https:\\\/\\\/lasentinelle.dz\\\/index.php\\\/2024\\\/06\\\/12\\\/soudan-la-malnutrition-chez-les-enfants-a-atteint-des-niveaux-alarmants\\\/#article\",\"isPartOf\":{\"@id\":\"https:\\\/\\\/lasentinelle.dz\\\/index.php\\\/2024\\\/06\\\/12\\\/soudan-la-malnutrition-chez-les-enfants-a-atteint-des-niveaux-alarmants\\\/\"},\"author\":{\"name\":\"La Sentinelle\",\"@id\":\"https:\\\/\\\/lasentinelle.dz\\\/#\\\/schema\\\/person\\\/d865044e22e70a75174ce8bcad3acfb3\"},\"headline\":\"Soudan: La malnutrition chez les enfants a atteint des niveaux alarmants\",\"datePublished\":\"2024-06-12T14:30:40+00:00\",\"dateModified\":\"2024-06-12T14:30:44+00:00\",\"mainEntityOfPage\":{\"@id\":\"https:\\\/\\\/lasentinelle.dz\\\/index.php\\\/2024\\\/06\\\/12\\\/soudan-la-malnutrition-chez-les-enfants-a-atteint-des-niveaux-alarmants\\\/\"},\"wordCount\":677,\"commentCount\":0,\"publisher\":{\"@id\":\"https:\\\/\\\/lasentinelle.dz\\\/#organization\"},\"image\":{\"@id\":\"https:\\\/\\\/lasentinelle.dz\\\/index.php\\\/2024\\\/06\\\/12\\\/soudan-la-malnutrition-chez-les-enfants-a-atteint-des-niveaux-alarmants\\\/#primaryimage\"},\"thumbnailUrl\":\"https:\\\/\\\/lasentinelle.dz\\\/wp-content\\\/uploads\\\/2024\\\/06\\\/enfants-soudan.jpeg\",\"articleSection\":[\"Monde\"],\"inLanguage\":\"fr-FR\",\"potentialAction\":[{\"@type\":\"CommentAction\",\"name\":\"Comment\",\"target\":[\"https:\\\/\\\/lasentinelle.dz\\\/index.php\\\/2024\\\/06\\\/12\\\/soudan-la-malnutrition-chez-les-enfants-a-atteint-des-niveaux-alarmants\\\/#respond\"]}]},{\"@type\":\"WebPage\",\"@id\":\"https:\\\/\\\/lasentinelle.dz\\\/index.php\\\/2024\\\/06\\\/12\\\/soudan-la-malnutrition-chez-les-enfants-a-atteint-des-niveaux-alarmants\\\/\",\"url\":\"https:\\\/\\\/lasentinelle.dz\\\/index.php\\\/2024\\\/06\\\/12\\\/soudan-la-malnutrition-chez-les-enfants-a-atteint-des-niveaux-alarmants\\\/\",\"name\":\"Soudan: La malnutrition chez les enfants a atteint des niveaux alarmants - La Sentinelle\",\"isPartOf\":{\"@id\":\"https:\\\/\\\/lasentinelle.dz\\\/#website\"},\"primaryImageOfPage\":{\"@id\":\"https:\\\/\\\/lasentinelle.dz\\\/index.php\\\/2024\\\/06\\\/12\\\/soudan-la-malnutrition-chez-les-enfants-a-atteint-des-niveaux-alarmants\\\/#primaryimage\"},\"image\":{\"@id\":\"https:\\\/\\\/lasentinelle.dz\\\/index.php\\\/2024\\\/06\\\/12\\\/soudan-la-malnutrition-chez-les-enfants-a-atteint-des-niveaux-alarmants\\\/#primaryimage\"},\"thumbnailUrl\":\"https:\\\/\\\/lasentinelle.dz\\\/wp-content\\\/uploads\\\/2024\\\/06\\\/enfants-soudan.jpeg\",\"datePublished\":\"2024-06-12T14:30:40+00:00\",\"dateModified\":\"2024-06-12T14:30:44+00:00\",\"breadcrumb\":{\"@id\":\"https:\\\/\\\/lasentinelle.dz\\\/index.php\\\/2024\\\/06\\\/12\\\/soudan-la-malnutrition-chez-les-enfants-a-atteint-des-niveaux-alarmants\\\/#breadcrumb\"},\"inLanguage\":\"fr-FR\",\"potentialAction\":[{\"@type\":\"ReadAction\",\"target\":[\"https:\\\/\\\/lasentinelle.dz\\\/index.php\\\/2024\\\/06\\\/12\\\/soudan-la-malnutrition-chez-les-enfants-a-atteint-des-niveaux-alarmants\\\/\"]}]},{\"@type\":\"ImageObject\",\"inLanguage\":\"fr-FR\",\"@id\":\"https:\\\/\\\/lasentinelle.dz\\\/index.php\\\/2024\\\/06\\\/12\\\/soudan-la-malnutrition-chez-les-enfants-a-atteint-des-niveaux-alarmants\\\/#primaryimage\",\"url\":\"https:\\\/\\\/lasentinelle.dz\\\/wp-content\\\/uploads\\\/2024\\\/06\\\/enfants-soudan.jpeg\",\"contentUrl\":\"https:\\\/\\\/lasentinelle.dz\\\/wp-content\\\/uploads\\\/2024\\\/06\\\/enfants-soudan.jpeg\",\"width\":283,\"height\":178},{\"@type\":\"BreadcrumbList\",\"@id\":\"https:\\\/\\\/lasentinelle.dz\\\/index.php\\\/2024\\\/06\\\/12\\\/soudan-la-malnutrition-chez-les-enfants-a-atteint-des-niveaux-alarmants\\\/#breadcrumb\",\"itemListElement\":[{\"@type\":\"ListItem\",\"position\":1,\"name\":\"Accueil\",\"item\":\"https:\\\/\\\/lasentinelle.dz\\\/\"},{\"@type\":\"ListItem\",\"position\":2,\"name\":\"Soudan: La malnutrition chez les enfants a atteint des niveaux alarmants\"}]},{\"@type\":\"WebSite\",\"@id\":\"https:\\\/\\\/lasentinelle.dz\\\/#website\",\"url\":\"https:\\\/\\\/lasentinelle.dz\\\/\",\"name\":\"La Sentinelle\",\"description\":\"Quotidien national d&#039;information\",\"publisher\":{\"@id\":\"https:\\\/\\\/lasentinelle.dz\\\/#organization\"},\"potentialAction\":[{\"@type\":\"SearchAction\",\"target\":{\"@type\":\"EntryPoint\",\"urlTemplate\":\"https:\\\/\\\/lasentinelle.dz\\\/?s={search_term_string}\"},\"query-input\":{\"@type\":\"PropertyValueSpecification\",\"valueRequired\":true,\"valueName\":\"search_term_string\"}}],\"inLanguage\":\"fr-FR\"},{\"@type\":\"Organization\",\"@id\":\"https:\\\/\\\/lasentinelle.dz\\\/#organization\",\"name\":\"Quotidien La Sentinelle\",\"url\":\"https:\\\/\\\/lasentinelle.dz\\\/\",\"logo\":{\"@type\":\"ImageObject\",\"inLanguage\":\"fr-FR\",\"@id\":\"https:\\\/\\\/lasentinelle.dz\\\/#\\\/schema\\\/logo\\\/image\\\/\",\"url\":\"https:\\\/\\\/lasentinelle.dz\\\/wp-content\\\/uploads\\\/2021\\\/09\\\/logo-sentinelleSLOGAN-1.png\",\"contentUrl\":\"https:\\\/\\\/lasentinelle.dz\\\/wp-content\\\/uploads\\\/2021\\\/09\\\/logo-sentinelleSLOGAN-1.png\",\"width\":615,\"height\":142,\"caption\":\"Quotidien La Sentinelle\"},\"image\":{\"@id\":\"https:\\\/\\\/lasentinelle.dz\\\/#\\\/schema\\\/logo\\\/image\\\/\"},\"sameAs\":[\"https:\\\/\\\/www.facebook.com\\\/La-Sentinelle-104059864394773\"]},{\"@type\":\"Person\",\"@id\":\"https:\\\/\\\/lasentinelle.dz\\\/#\\\/schema\\\/person\\\/d865044e22e70a75174ce8bcad3acfb3\",\"name\":\"La Sentinelle\",\"image\":{\"@type\":\"ImageObject\",\"inLanguage\":\"fr-FR\",\"@id\":\"https:\\\/\\\/secure.gravatar.com\\\/avatar\\\/57de8e5d4b15d43fb361a71fbb36338450fe67865b528a43dd10ef7c51a20392?s=96&d=mm&r=g\",\"url\":\"https:\\\/\\\/secure.gravatar.com\\\/avatar\\\/57de8e5d4b15d43fb361a71fbb36338450fe67865b528a43dd10ef7c51a20392?s=96&d=mm&r=g\",\"contentUrl\":\"https:\\\/\\\/secure.gravatar.com\\\/avatar\\\/57de8e5d4b15d43fb361a71fbb36338450fe67865b528a43dd10ef7c51a20392?s=96&d=mm&r=g\",\"caption\":\"La Sentinelle\"},\"sameAs\":[\"http:\\\/\\\/www.lasentinelle.dz\"],\"url\":\"https:\\\/\\\/lasentinelle.dz\\\/author\\\/redaction\\\/\"}]}<\/script>\n<!-- \/ Yoast SEO plugin. -->","yoast_head_json":{"title":"Soudan: La malnutrition chez les enfants a atteint des niveaux alarmants - La Sentinelle","robots":{"index":"index","follow":"follow","max-snippet":"max-snippet:-1","max-image-preview":"max-image-preview:large","max-video-preview":"max-video-preview:-1"},"canonical":"https:\/\/lasentinelle.dz\/index.php\/2024\/06\/12\/soudan-la-malnutrition-chez-les-enfants-a-atteint-des-niveaux-alarmants\/","og_locale":"fr_FR","og_type":"article","og_title":"Soudan: La malnutrition chez les enfants a atteint des niveaux alarmants - La Sentinelle","og_description":"L&rsquo;Organisation mondiale de la sant\u00e9 (OMS) a d\u00e9clar\u00e9 r\u00e9cemment qu&rsquo;environ 3,5 millions d&rsquo;enfants de moins de cinq ans souffrent de","og_url":"https:\/\/lasentinelle.dz\/index.php\/2024\/06\/12\/soudan-la-malnutrition-chez-les-enfants-a-atteint-des-niveaux-alarmants\/","og_site_name":"La Sentinelle","article_publisher":"https:\/\/www.facebook.com\/La-Sentinelle-104059864394773","article_published_time":"2024-06-12T14:30:40+00:00","article_modified_time":"2024-06-12T14:30:44+00:00","og_image":[{"width":283,"height":178,"url":"https:\/\/lasentinelle.dz\/wp-content\/uploads\/2024\/06\/enfants-soudan.jpeg","type":"image\/jpeg"}],"author":"La Sentinelle","twitter_card":"summary_large_image","twitter_misc":{"\u00c9crit par":"La Sentinelle","Dur\u00e9e de lecture estim\u00e9e":"4 minutes"},"schema":{"@context":"https:\/\/schema.org","@graph":[{"@type":"Article","@id":"https:\/\/lasentinelle.dz\/index.php\/2024\/06\/12\/soudan-la-malnutrition-chez-les-enfants-a-atteint-des-niveaux-alarmants\/#article","isPartOf":{"@id":"https:\/\/lasentinelle.dz\/index.php\/2024\/06\/12\/soudan-la-malnutrition-chez-les-enfants-a-atteint-des-niveaux-alarmants\/"},"author":{"name":"La Sentinelle","@id":"https:\/\/lasentinelle.dz\/#\/schema\/person\/d865044e22e70a75174ce8bcad3acfb3"},"headline":"Soudan: La malnutrition chez les enfants a atteint des niveaux alarmants","datePublished":"2024-06-12T14:30:40+00:00","dateModified":"2024-06-12T14:30:44+00:00","mainEntityOfPage":{"@id":"https:\/\/lasentinelle.dz\/index.php\/2024\/06\/12\/soudan-la-malnutrition-chez-les-enfants-a-atteint-des-niveaux-alarmants\/"},"wordCount":677,"commentCount":0,"publisher":{"@id":"https:\/\/lasentinelle.dz\/#organization"},"image":{"@id":"https:\/\/lasentinelle.dz\/index.php\/2024\/06\/12\/soudan-la-malnutrition-chez-les-enfants-a-atteint-des-niveaux-alarmants\/#primaryimage"},"thumbnailUrl":"https:\/\/lasentinelle.dz\/wp-content\/uploads\/2024\/06\/enfants-soudan.jpeg","articleSection":["Monde"],"inLanguage":"fr-FR","potentialAction":[{"@type":"CommentAction","name":"Comment","target":["https:\/\/lasentinelle.dz\/index.php\/2024\/06\/12\/soudan-la-malnutrition-chez-les-enfants-a-atteint-des-niveaux-alarmants\/#respond"]}]},{"@type":"WebPage","@id":"https:\/\/lasentinelle.dz\/index.php\/2024\/06\/12\/soudan-la-malnutrition-chez-les-enfants-a-atteint-des-niveaux-alarmants\/","url":"https:\/\/lasentinelle.dz\/index.php\/2024\/06\/12\/soudan-la-malnutrition-chez-les-enfants-a-atteint-des-niveaux-alarmants\/","name":"Soudan: La malnutrition chez les enfants a atteint des niveaux alarmants - La Sentinelle","isPartOf":{"@id":"https:\/\/lasentinelle.dz\/#website"},"primaryImageOfPage":{"@id":"https:\/\/lasentinelle.dz\/index.php\/2024\/06\/12\/soudan-la-malnutrition-chez-les-enfants-a-atteint-des-niveaux-alarmants\/#primaryimage"},"image":{"@id":"https:\/\/lasentinelle.dz\/index.php\/2024\/06\/12\/soudan-la-malnutrition-chez-les-enfants-a-atteint-des-niveaux-alarmants\/#primaryimage"},"thumbnailUrl":"https:\/\/lasentinelle.dz\/wp-content\/uploads\/2024\/06\/enfants-soudan.jpeg","datePublished":"2024-06-12T14:30:40+00:00","dateModified":"2024-06-12T14:30:44+00:00","breadcrumb":{"@id":"https:\/\/lasentinelle.dz\/index.php\/2024\/06\/12\/soudan-la-malnutrition-chez-les-enfants-a-atteint-des-niveaux-alarmants\/#breadcrumb"},"inLanguage":"fr-FR","potentialAction":[{"@type":"ReadAction","target":["https:\/\/lasentinelle.dz\/index.php\/2024\/06\/12\/soudan-la-malnutrition-chez-les-enfants-a-atteint-des-niveaux-alarmants\/"]}]},{"@type":"ImageObject","inLanguage":"fr-FR","@id":"https:\/\/lasentinelle.dz\/index.php\/2024\/06\/12\/soudan-la-malnutrition-chez-les-enfants-a-atteint-des-niveaux-alarmants\/#primaryimage","url":"https:\/\/lasentinelle.dz\/wp-content\/uploads\/2024\/06\/enfants-soudan.jpeg","contentUrl":"https:\/\/lasentinelle.dz\/wp-content\/uploads\/2024\/06\/enfants-soudan.jpeg","width":283,"height":178},{"@type":"BreadcrumbList","@id":"https:\/\/lasentinelle.dz\/index.php\/2024\/06\/12\/soudan-la-malnutrition-chez-les-enfants-a-atteint-des-niveaux-alarmants\/#breadcrumb","itemListElement":[{"@type":"ListItem","position":1,"name":"Accueil","item":"https:\/\/lasentinelle.dz\/"},{"@type":"ListItem","position":2,"name":"Soudan: La malnutrition chez les enfants a atteint des niveaux alarmants"}]},{"@type":"WebSite","@id":"https:\/\/lasentinelle.dz\/#website","url":"https:\/\/lasentinelle.dz\/","name":"La Sentinelle","description":"Quotidien national d&#039;information","publisher":{"@id":"https:\/\/lasentinelle.dz\/#organization"},"potentialAction":[{"@type":"SearchAction","target":{"@type":"EntryPoint","urlTemplate":"https:\/\/lasentinelle.dz\/?s={search_term_string}"},"query-input":{"@type":"PropertyValueSpecification","valueRequired":true,"valueName":"search_term_string"}}],"inLanguage":"fr-FR"},{"@type":"Organization","@id":"https:\/\/lasentinelle.dz\/#organization","name":"Quotidien La Sentinelle","url":"https:\/\/lasentinelle.dz\/","logo":{"@type":"ImageObject","inLanguage":"fr-FR","@id":"https:\/\/lasentinelle.dz\/#\/schema\/logo\/image\/","url":"https:\/\/lasentinelle.dz\/wp-content\/uploads\/2021\/09\/logo-sentinelleSLOGAN-1.png","contentUrl":"https:\/\/lasentinelle.dz\/wp-content\/uploads\/2021\/09\/logo-sentinelleSLOGAN-1.png","width":615,"height":142,"caption":"Quotidien La Sentinelle"},"image":{"@id":"https:\/\/lasentinelle.dz\/#\/schema\/logo\/image\/"},"sameAs":["https:\/\/www.facebook.com\/La-Sentinelle-104059864394773"]},{"@type":"Person","@id":"https:\/\/lasentinelle.dz\/#\/schema\/person\/d865044e22e70a75174ce8bcad3acfb3","name":"La Sentinelle","image":{"@type":"ImageObject","inLanguage":"fr-FR","@id":"https:\/\/secure.gravatar.com\/avatar\/57de8e5d4b15d43fb361a71fbb36338450fe67865b528a43dd10ef7c51a20392?s=96&d=mm&r=g","url":"https:\/\/secure.gravatar.com\/avatar\/57de8e5d4b15d43fb361a71fbb36338450fe67865b528a43dd10ef7c51a20392?s=96&d=mm&r=g","contentUrl":"https:\/\/secure.gravatar.com\/avatar\/57de8e5d4b15d43fb361a71fbb36338450fe67865b528a43dd10ef7c51a20392?s=96&d=mm&r=g","caption":"La Sentinelle"},"sameAs":["http:\/\/www.lasentinelle.dz"],"url":"https:\/\/lasentinelle.dz\/author\/redaction\/"}]}},"_links":{"self":[{"href":"https:\/\/lasentinelle.dz\/index.php\/wp-json\/wp\/v2\/posts\/53386","targetHints":{"allow":["GET"]}}],"collection":[{"href":"https:\/\/lasentinelle.dz\/index.php\/wp-json\/wp\/v2\/posts"}],"about":[{"href":"https:\/\/lasentinelle.dz\/index.php\/wp-json\/wp\/v2\/types\/post"}],"author":[{"embeddable":true,"href":"https:\/\/lasentinelle.dz\/index.php\/wp-json\/wp\/v2\/users\/3"}],"replies":[{"embeddable":true,"href":"https:\/\/lasentinelle.dz\/index.php\/wp-json\/wp\/v2\/comments?post=53386"}],"version-history":[{"count":1,"href":"https:\/\/lasentinelle.dz\/index.php\/wp-json\/wp\/v2\/posts\/53386\/revisions"}],"predecessor-version":[{"id":53388,"href":"https:\/\/lasentinelle.dz\/index.php\/wp-json\/wp\/v2\/posts\/53386\/revisions\/53388"}],"wp:featuredmedia":[{"embeddable":true,"href":"https:\/\/lasentinelle.dz\/index.php\/wp-json\/wp\/v2\/media\/53387"}],"wp:attachment":[{"href":"https:\/\/lasentinelle.dz\/index.php\/wp-json\/wp\/v2\/media?parent=53386"}],"wp:term":[{"taxonomy":"category","embeddable":true,"href":"https:\/\/lasentinelle.dz\/index.php\/wp-json\/wp\/v2\/categories?post=53386"},{"taxonomy":"post_tag","embeddable":true,"href":"https:\/\/lasentinelle.dz\/index.php\/wp-json\/wp\/v2\/tags?post=53386"}],"curies":[{"name":"wp","href":"https:\/\/api.w.org\/{rel}","templated":true}]}}