{"id":53411,"date":"2024-06-12T16:21:48","date_gmt":"2024-06-12T15:21:48","guid":{"rendered":"https:\/\/lasentinelle.dz\/?p=53411"},"modified":"2024-06-12T16:21:52","modified_gmt":"2024-06-12T15:21:52","slug":"numerisation-des-finances-publiques-un-systeme-integre-de-gestion-budgetaire-deploye-des-cette-annee","status":"publish","type":"post","link":"https:\/\/lasentinelle.dz\/index.php\/2024\/06\/12\/numerisation-des-finances-publiques-un-systeme-integre-de-gestion-budgetaire-deploye-des-cette-annee\/","title":{"rendered":"Num\u00e9risation des finances publiques: Un syst\u00e8me int\u00e9gr\u00e9 de gestion budg\u00e9taire d\u00e9ploy\u00e9 d\u00e8s cette ann\u00e9e"},"content":{"rendered":"\n<p>Le ministre des Finances, Laaziz Faid, a mis l&rsquo;accent, hier \u00e0 l&rsquo;ouverture&nbsp; d&rsquo;une rencontre sur le programme alg\u00e9ro-europ\u00e9en d&rsquo;appui \u00e0 la gestion des finances publiques et \u00e0 la mobilisation des ressources domestiques en Alg\u00e9rie \u00a0\u00bb l&rsquo;imp\u00e9ratif crucial de l&rsquo;int\u00e9gration des technologies innovantes, notamment de l\u2019intelligence artificielle et de la num\u00e9risation dans la gestion efficiente des finances publiques et dans le maintien d&rsquo;une \u00e9conomie moderne et comp\u00e9titive\u00a0\u00bb. Il a dans ce sens mis en avant la volont\u00e9 des pouvoirs publics de concr\u00e9tiser la transformation num\u00e9rique du secteur des finances. Il a ainsi indiqu\u00e9 \u00ab\u00a0que la mise en \u0153uvre de cette r\u00e9forme des finances publiques, encadr\u00e9e notamment par la loi organique n 18-15 relative aux lois de finances a \u00e9t\u00e9 accompagn\u00e9e et appuy\u00e9e d\u2019une transformation num\u00e9rique \u00e0 travers la mise en place d\u2019un syst\u00e8me d\u2019information ad\u00e9quat qui soit fort, performant et conforme\u00a0\u00bb. Le premier argentier du pays a \u00e9galement soulign\u00e9 que les r\u00e9formes engag\u00e9es en permettront, notamment, de mettre en place un syst\u00e8me int\u00e9gr\u00e9 de gestion budg\u00e9taire, soulignant qu&rsquo;il s&rsquo;agit d&rsquo;un outil \u00ab\u00a0central dans l\u2019\u00e9cosyst\u00e8me du syst\u00e8me d\u2019information de gestion des finances publiques, car il couvre une grande partie de la dorsale budget-comptabilit\u00e9\u00a0\u00bb. Il a, dans ce sens, rappel\u00e9 les r\u00e9formes profondes engag\u00e9es et qui portent sur le syst\u00e8me de gestion des finances publiques en vue de \u00ab\u00a0renforcer la discipline budg\u00e9taire, d&rsquo;optimiser l&rsquo;allocation des ressources publiques et d&rsquo;am\u00e9liorer l&rsquo;efficacit\u00e9 des services fournis par l&rsquo;Etat\u00a0\u00bb. Visant aussi \u00e0 am\u00e9liorer le climat des affaires et \u00e0 stimuler l\u2019entrepreneuriat et \u00e9largir l\u2019assiette fiscale, ces r\u00e9formes sont sous-tendues par la promulgation en 2018 de la loi organique relative aux lois de finances, ayant donn\u00e9 lieu \u00e0 un arsenal l\u00e9gislatif important touchant l&rsquo;investissement, la comptabilit\u00e9 les march\u00e9s publics et le secteur bancaire, a soutenu le ministre. Pour sa part, la directrice nationale du programme PAGFAL, Samia Alloun, a fait savoir que le d\u00e9ploiement progressif du SIGB, qui permet l&rsquo;ex\u00e9cution d&rsquo;un budget ainsi que la tenue de la comptabilit\u00e9 budg\u00e9taire et g\u00e9n\u00e9rale en droits et obligations constat\u00e9s, \u00ab\u00a0d\u00e9butera en 2024, avec pour objectif \u00e0 terme, un d\u00e9ploiement g\u00e9n\u00e9ralis\u00e9 \u00e0 toute l&rsquo;administration\u00a0\u00bb. Dans un premier temps, ce syst\u00e8me sera op\u00e9rationnel au niveau du minist\u00e8re des Finances, avant d&rsquo;\u00eatre d\u00e9ploy\u00e9 \u00e0 ceux de l&rsquo;\u00e9ducation nationale, de l&rsquo;Enseignement sup\u00e9rieur et de la recherche scientifique, de l&rsquo;Agriculture, et des Travaux publics, a-t-elle expliqu\u00e9. Outre l&rsquo;am\u00e9lioration de la rapidit\u00e9 et la pr\u00e9cision des transactions financi\u00e8res, ce syst\u00e8me permettra, souligne Mme Alloun, \u00ab\u00a0d&rsquo;augmenter la s\u00e9curit\u00e9 des donn\u00e9es financi\u00e8res garantissant une protection maximale contre les menaces de plus en plus sophistiqu\u00e9es\u00a0\u00bb.<\/p>\n\n\n\n<p>R.N.<\/p>\n","protected":false},"excerpt":{"rendered":"<p>Le ministre des Finances, Laaziz Faid, a mis l&rsquo;accent, hier \u00e0 l&rsquo;ouverture&nbsp; d&rsquo;une rencontre sur le programme alg\u00e9ro-europ\u00e9en d&rsquo;appui \u00e0<\/p>\n","protected":false},"author":3,"featured_media":42426,"comment_status":"open","ping_status":"closed","sticky":false,"template":"","format":"standard","meta":{"colormag_page_container_layout":"default_layout","colormag_page_sidebar_layout":"default_layout","om_disable_all_campaigns":false,"_monsterinsights_skip_tracking":false,"_monsterinsights_sitenote_active":false,"_monsterinsights_sitenote_note":"","_monsterinsights_sitenote_category":0,"footnotes":"","_wpscppro_dont_share_socialmedia":false,"_wpscppro_custom_social_share_image":0,"_facebook_share_type":"default","_twitter_share_type":"default","_linkedin_share_type":"default","_pinterest_share_type":"default","_linkedin_share_type_page":"","_instagram_share_type":"default","_medium_share_type":"","_threads_share_type":"","_google_business_share_type":"","_selected_social_profile":[],"_wpsp_enable_custom_social_template":false,"_wpsp_social_scheduling":{"enabled":false,"datetime":null,"platforms":[],"status":"template_only","dateOption":"today","timeOption":"now","customDays":"","customHours":"","customDate":"","customTime":"","schedulingType":"absolute"},"_wpsp_active_default_template":true},"categories":[27],"tags":[],"class_list":["post-53411","post","type-post","status-publish","format-standard","has-post-thumbnail","hentry","category-actualite"],"aioseo_notices":[],"yoast_head":"<!-- This site is optimized with the Yoast SEO plugin v27.5 - https:\/\/yoast.com\/product\/yoast-seo-wordpress\/ -->\n<title>Num\u00e9risation des finances publiques: Un syst\u00e8me int\u00e9gr\u00e9 de gestion budg\u00e9taire d\u00e9ploy\u00e9 d\u00e8s cette ann\u00e9e - La Sentinelle<\/title>\n<meta name=\"robots\" content=\"index, follow, max-snippet:-1, max-image-preview:large, max-video-preview:-1\" \/>\n<link rel=\"canonical\" href=\"https:\/\/lasentinelle.dz\/index.php\/2024\/06\/12\/numerisation-des-finances-publiques-un-systeme-integre-de-gestion-budgetaire-deploye-des-cette-annee\/\" \/>\n<meta property=\"og:locale\" content=\"fr_FR\" \/>\n<meta property=\"og:type\" content=\"article\" \/>\n<meta property=\"og:title\" content=\"Num\u00e9risation des finances publiques: Un syst\u00e8me int\u00e9gr\u00e9 de gestion budg\u00e9taire d\u00e9ploy\u00e9 d\u00e8s cette ann\u00e9e - La Sentinelle\" \/>\n<meta property=\"og:description\" content=\"Le ministre des Finances, Laaziz Faid, a mis l&rsquo;accent, hier \u00e0 l&rsquo;ouverture&nbsp; d&rsquo;une rencontre sur le programme alg\u00e9ro-europ\u00e9en d&rsquo;appui \u00e0\" \/>\n<meta property=\"og:url\" content=\"https:\/\/lasentinelle.dz\/index.php\/2024\/06\/12\/numerisation-des-finances-publiques-un-systeme-integre-de-gestion-budgetaire-deploye-des-cette-annee\/\" \/>\n<meta property=\"og:site_name\" content=\"La Sentinelle\" \/>\n<meta property=\"article:publisher\" content=\"https:\/\/www.facebook.com\/La-Sentinelle-104059864394773\" \/>\n<meta property=\"article:published_time\" content=\"2024-06-12T15:21:48+00:00\" \/>\n<meta property=\"article:modified_time\" content=\"2024-06-12T15:21:52+00:00\" \/>\n<meta property=\"og:image\" content=\"https:\/\/lasentinelle.dz\/wp-content\/uploads\/2023\/06\/laaziz-Faid-1.png\" \/>\n\t<meta property=\"og:image:width\" content=\"1232\" \/>\n\t<meta property=\"og:image:height\" content=\"900\" \/>\n\t<meta property=\"og:image:type\" content=\"image\/png\" \/>\n<meta name=\"author\" content=\"La Sentinelle\" \/>\n<meta name=\"twitter:card\" content=\"summary_large_image\" \/>\n<meta name=\"twitter:label1\" content=\"\u00c9crit par\" \/>\n\t<meta name=\"twitter:data1\" content=\"La Sentinelle\" \/>\n\t<meta name=\"twitter:label2\" content=\"Dur\u00e9e de lecture estim\u00e9e\" \/>\n\t<meta name=\"twitter:data2\" content=\"3 minutes\" \/>\n<script type=\"application\/ld+json\" class=\"yoast-schema-graph\">{\"@context\":\"https:\\\/\\\/schema.org\",\"@graph\":[{\"@type\":\"Article\",\"@id\":\"https:\\\/\\\/lasentinelle.dz\\\/index.php\\\/2024\\\/06\\\/12\\\/numerisation-des-finances-publiques-un-systeme-integre-de-gestion-budgetaire-deploye-des-cette-annee\\\/#article\",\"isPartOf\":{\"@id\":\"https:\\\/\\\/lasentinelle.dz\\\/index.php\\\/2024\\\/06\\\/12\\\/numerisation-des-finances-publiques-un-systeme-integre-de-gestion-budgetaire-deploye-des-cette-annee\\\/\"},\"author\":{\"name\":\"La Sentinelle\",\"@id\":\"https:\\\/\\\/lasentinelle.dz\\\/#\\\/schema\\\/person\\\/d865044e22e70a75174ce8bcad3acfb3\"},\"headline\":\"Num\u00e9risation des finances publiques: Un syst\u00e8me int\u00e9gr\u00e9 de gestion budg\u00e9taire d\u00e9ploy\u00e9 d\u00e8s cette ann\u00e9e\",\"datePublished\":\"2024-06-12T15:21:48+00:00\",\"dateModified\":\"2024-06-12T15:21:52+00:00\",\"mainEntityOfPage\":{\"@id\":\"https:\\\/\\\/lasentinelle.dz\\\/index.php\\\/2024\\\/06\\\/12\\\/numerisation-des-finances-publiques-un-systeme-integre-de-gestion-budgetaire-deploye-des-cette-annee\\\/\"},\"wordCount\":515,\"commentCount\":0,\"publisher\":{\"@id\":\"https:\\\/\\\/lasentinelle.dz\\\/#organization\"},\"image\":{\"@id\":\"https:\\\/\\\/lasentinelle.dz\\\/index.php\\\/2024\\\/06\\\/12\\\/numerisation-des-finances-publiques-un-systeme-integre-de-gestion-budgetaire-deploye-des-cette-annee\\\/#primaryimage\"},\"thumbnailUrl\":\"https:\\\/\\\/lasentinelle.dz\\\/wp-content\\\/uploads\\\/2023\\\/06\\\/laaziz-Faid-1.png\",\"articleSection\":[\"Actualit\u00e9\"],\"inLanguage\":\"fr-FR\",\"potentialAction\":[{\"@type\":\"CommentAction\",\"name\":\"Comment\",\"target\":[\"https:\\\/\\\/lasentinelle.dz\\\/index.php\\\/2024\\\/06\\\/12\\\/numerisation-des-finances-publiques-un-systeme-integre-de-gestion-budgetaire-deploye-des-cette-annee\\\/#respond\"]}]},{\"@type\":\"WebPage\",\"@id\":\"https:\\\/\\\/lasentinelle.dz\\\/index.php\\\/2024\\\/06\\\/12\\\/numerisation-des-finances-publiques-un-systeme-integre-de-gestion-budgetaire-deploye-des-cette-annee\\\/\",\"url\":\"https:\\\/\\\/lasentinelle.dz\\\/index.php\\\/2024\\\/06\\\/12\\\/numerisation-des-finances-publiques-un-systeme-integre-de-gestion-budgetaire-deploye-des-cette-annee\\\/\",\"name\":\"Num\u00e9risation des finances publiques: Un syst\u00e8me int\u00e9gr\u00e9 de gestion budg\u00e9taire d\u00e9ploy\u00e9 d\u00e8s cette ann\u00e9e - La Sentinelle\",\"isPartOf\":{\"@id\":\"https:\\\/\\\/lasentinelle.dz\\\/#website\"},\"primaryImageOfPage\":{\"@id\":\"https:\\\/\\\/lasentinelle.dz\\\/index.php\\\/2024\\\/06\\\/12\\\/numerisation-des-finances-publiques-un-systeme-integre-de-gestion-budgetaire-deploye-des-cette-annee\\\/#primaryimage\"},\"image\":{\"@id\":\"https:\\\/\\\/lasentinelle.dz\\\/index.php\\\/2024\\\/06\\\/12\\\/numerisation-des-finances-publiques-un-systeme-integre-de-gestion-budgetaire-deploye-des-cette-annee\\\/#primaryimage\"},\"thumbnailUrl\":\"https:\\\/\\\/lasentinelle.dz\\\/wp-content\\\/uploads\\\/2023\\\/06\\\/laaziz-Faid-1.png\",\"datePublished\":\"2024-06-12T15:21:48+00:00\",\"dateModified\":\"2024-06-12T15:21:52+00:00\",\"breadcrumb\":{\"@id\":\"https:\\\/\\\/lasentinelle.dz\\\/index.php\\\/2024\\\/06\\\/12\\\/numerisation-des-finances-publiques-un-systeme-integre-de-gestion-budgetaire-deploye-des-cette-annee\\\/#breadcrumb\"},\"inLanguage\":\"fr-FR\",\"potentialAction\":[{\"@type\":\"ReadAction\",\"target\":[\"https:\\\/\\\/lasentinelle.dz\\\/index.php\\\/2024\\\/06\\\/12\\\/numerisation-des-finances-publiques-un-systeme-integre-de-gestion-budgetaire-deploye-des-cette-annee\\\/\"]}]},{\"@type\":\"ImageObject\",\"inLanguage\":\"fr-FR\",\"@id\":\"https:\\\/\\\/lasentinelle.dz\\\/index.php\\\/2024\\\/06\\\/12\\\/numerisation-des-finances-publiques-un-systeme-integre-de-gestion-budgetaire-deploye-des-cette-annee\\\/#primaryimage\",\"url\":\"https:\\\/\\\/lasentinelle.dz\\\/wp-content\\\/uploads\\\/2023\\\/06\\\/laaziz-Faid-1.png\",\"contentUrl\":\"https:\\\/\\\/lasentinelle.dz\\\/wp-content\\\/uploads\\\/2023\\\/06\\\/laaziz-Faid-1.png\",\"width\":1232,\"height\":900},{\"@type\":\"BreadcrumbList\",\"@id\":\"https:\\\/\\\/lasentinelle.dz\\\/index.php\\\/2024\\\/06\\\/12\\\/numerisation-des-finances-publiques-un-systeme-integre-de-gestion-budgetaire-deploye-des-cette-annee\\\/#breadcrumb\",\"itemListElement\":[{\"@type\":\"ListItem\",\"position\":1,\"name\":\"Accueil\",\"item\":\"https:\\\/\\\/lasentinelle.dz\\\/\"},{\"@type\":\"ListItem\",\"position\":2,\"name\":\"Num\u00e9risation des finances publiques: Un syst\u00e8me int\u00e9gr\u00e9 de gestion budg\u00e9taire d\u00e9ploy\u00e9 d\u00e8s cette ann\u00e9e\"}]},{\"@type\":\"WebSite\",\"@id\":\"https:\\\/\\\/lasentinelle.dz\\\/#website\",\"url\":\"https:\\\/\\\/lasentinelle.dz\\\/\",\"name\":\"La Sentinelle\",\"description\":\"Quotidien national d&#039;information\",\"publisher\":{\"@id\":\"https:\\\/\\\/lasentinelle.dz\\\/#organization\"},\"potentialAction\":[{\"@type\":\"SearchAction\",\"target\":{\"@type\":\"EntryPoint\",\"urlTemplate\":\"https:\\\/\\\/lasentinelle.dz\\\/?s={search_term_string}\"},\"query-input\":{\"@type\":\"PropertyValueSpecification\",\"valueRequired\":true,\"valueName\":\"search_term_string\"}}],\"inLanguage\":\"fr-FR\"},{\"@type\":\"Organization\",\"@id\":\"https:\\\/\\\/lasentinelle.dz\\\/#organization\",\"name\":\"Quotidien La Sentinelle\",\"url\":\"https:\\\/\\\/lasentinelle.dz\\\/\",\"logo\":{\"@type\":\"ImageObject\",\"inLanguage\":\"fr-FR\",\"@id\":\"https:\\\/\\\/lasentinelle.dz\\\/#\\\/schema\\\/logo\\\/image\\\/\",\"url\":\"https:\\\/\\\/lasentinelle.dz\\\/wp-content\\\/uploads\\\/2021\\\/09\\\/logo-sentinelleSLOGAN-1.png\",\"contentUrl\":\"https:\\\/\\\/lasentinelle.dz\\\/wp-content\\\/uploads\\\/2021\\\/09\\\/logo-sentinelleSLOGAN-1.png\",\"width\":615,\"height\":142,\"caption\":\"Quotidien La Sentinelle\"},\"image\":{\"@id\":\"https:\\\/\\\/lasentinelle.dz\\\/#\\\/schema\\\/logo\\\/image\\\/\"},\"sameAs\":[\"https:\\\/\\\/www.facebook.com\\\/La-Sentinelle-104059864394773\"]},{\"@type\":\"Person\",\"@id\":\"https:\\\/\\\/lasentinelle.dz\\\/#\\\/schema\\\/person\\\/d865044e22e70a75174ce8bcad3acfb3\",\"name\":\"La Sentinelle\",\"image\":{\"@type\":\"ImageObject\",\"inLanguage\":\"fr-FR\",\"@id\":\"https:\\\/\\\/secure.gravatar.com\\\/avatar\\\/57de8e5d4b15d43fb361a71fbb36338450fe67865b528a43dd10ef7c51a20392?s=96&d=mm&r=g\",\"url\":\"https:\\\/\\\/secure.gravatar.com\\\/avatar\\\/57de8e5d4b15d43fb361a71fbb36338450fe67865b528a43dd10ef7c51a20392?s=96&d=mm&r=g\",\"contentUrl\":\"https:\\\/\\\/secure.gravatar.com\\\/avatar\\\/57de8e5d4b15d43fb361a71fbb36338450fe67865b528a43dd10ef7c51a20392?s=96&d=mm&r=g\",\"caption\":\"La Sentinelle\"},\"sameAs\":[\"http:\\\/\\\/www.lasentinelle.dz\"],\"url\":\"https:\\\/\\\/lasentinelle.dz\\\/author\\\/redaction\\\/\"}]}<\/script>\n<!-- \/ Yoast SEO plugin. -->","yoast_head_json":{"title":"Num\u00e9risation des finances publiques: Un syst\u00e8me int\u00e9gr\u00e9 de gestion budg\u00e9taire d\u00e9ploy\u00e9 d\u00e8s cette ann\u00e9e - La Sentinelle","robots":{"index":"index","follow":"follow","max-snippet":"max-snippet:-1","max-image-preview":"max-image-preview:large","max-video-preview":"max-video-preview:-1"},"canonical":"https:\/\/lasentinelle.dz\/index.php\/2024\/06\/12\/numerisation-des-finances-publiques-un-systeme-integre-de-gestion-budgetaire-deploye-des-cette-annee\/","og_locale":"fr_FR","og_type":"article","og_title":"Num\u00e9risation des finances publiques: Un syst\u00e8me int\u00e9gr\u00e9 de gestion budg\u00e9taire d\u00e9ploy\u00e9 d\u00e8s cette ann\u00e9e - La Sentinelle","og_description":"Le ministre des Finances, Laaziz Faid, a mis l&rsquo;accent, hier \u00e0 l&rsquo;ouverture&nbsp; d&rsquo;une rencontre sur le programme alg\u00e9ro-europ\u00e9en d&rsquo;appui \u00e0","og_url":"https:\/\/lasentinelle.dz\/index.php\/2024\/06\/12\/numerisation-des-finances-publiques-un-systeme-integre-de-gestion-budgetaire-deploye-des-cette-annee\/","og_site_name":"La Sentinelle","article_publisher":"https:\/\/www.facebook.com\/La-Sentinelle-104059864394773","article_published_time":"2024-06-12T15:21:48+00:00","article_modified_time":"2024-06-12T15:21:52+00:00","og_image":[{"width":1232,"height":900,"url":"https:\/\/lasentinelle.dz\/wp-content\/uploads\/2023\/06\/laaziz-Faid-1.png","type":"image\/png"}],"author":"La Sentinelle","twitter_card":"summary_large_image","twitter_misc":{"\u00c9crit par":"La Sentinelle","Dur\u00e9e de lecture estim\u00e9e":"3 minutes"},"schema":{"@context":"https:\/\/schema.org","@graph":[{"@type":"Article","@id":"https:\/\/lasentinelle.dz\/index.php\/2024\/06\/12\/numerisation-des-finances-publiques-un-systeme-integre-de-gestion-budgetaire-deploye-des-cette-annee\/#article","isPartOf":{"@id":"https:\/\/lasentinelle.dz\/index.php\/2024\/06\/12\/numerisation-des-finances-publiques-un-systeme-integre-de-gestion-budgetaire-deploye-des-cette-annee\/"},"author":{"name":"La Sentinelle","@id":"https:\/\/lasentinelle.dz\/#\/schema\/person\/d865044e22e70a75174ce8bcad3acfb3"},"headline":"Num\u00e9risation des finances publiques: Un syst\u00e8me int\u00e9gr\u00e9 de gestion budg\u00e9taire d\u00e9ploy\u00e9 d\u00e8s cette ann\u00e9e","datePublished":"2024-06-12T15:21:48+00:00","dateModified":"2024-06-12T15:21:52+00:00","mainEntityOfPage":{"@id":"https:\/\/lasentinelle.dz\/index.php\/2024\/06\/12\/numerisation-des-finances-publiques-un-systeme-integre-de-gestion-budgetaire-deploye-des-cette-annee\/"},"wordCount":515,"commentCount":0,"publisher":{"@id":"https:\/\/lasentinelle.dz\/#organization"},"image":{"@id":"https:\/\/lasentinelle.dz\/index.php\/2024\/06\/12\/numerisation-des-finances-publiques-un-systeme-integre-de-gestion-budgetaire-deploye-des-cette-annee\/#primaryimage"},"thumbnailUrl":"https:\/\/lasentinelle.dz\/wp-content\/uploads\/2023\/06\/laaziz-Faid-1.png","articleSection":["Actualit\u00e9"],"inLanguage":"fr-FR","potentialAction":[{"@type":"CommentAction","name":"Comment","target":["https:\/\/lasentinelle.dz\/index.php\/2024\/06\/12\/numerisation-des-finances-publiques-un-systeme-integre-de-gestion-budgetaire-deploye-des-cette-annee\/#respond"]}]},{"@type":"WebPage","@id":"https:\/\/lasentinelle.dz\/index.php\/2024\/06\/12\/numerisation-des-finances-publiques-un-systeme-integre-de-gestion-budgetaire-deploye-des-cette-annee\/","url":"https:\/\/lasentinelle.dz\/index.php\/2024\/06\/12\/numerisation-des-finances-publiques-un-systeme-integre-de-gestion-budgetaire-deploye-des-cette-annee\/","name":"Num\u00e9risation des finances publiques: Un syst\u00e8me int\u00e9gr\u00e9 de gestion budg\u00e9taire d\u00e9ploy\u00e9 d\u00e8s cette ann\u00e9e - La Sentinelle","isPartOf":{"@id":"https:\/\/lasentinelle.dz\/#website"},"primaryImageOfPage":{"@id":"https:\/\/lasentinelle.dz\/index.php\/2024\/06\/12\/numerisation-des-finances-publiques-un-systeme-integre-de-gestion-budgetaire-deploye-des-cette-annee\/#primaryimage"},"image":{"@id":"https:\/\/lasentinelle.dz\/index.php\/2024\/06\/12\/numerisation-des-finances-publiques-un-systeme-integre-de-gestion-budgetaire-deploye-des-cette-annee\/#primaryimage"},"thumbnailUrl":"https:\/\/lasentinelle.dz\/wp-content\/uploads\/2023\/06\/laaziz-Faid-1.png","datePublished":"2024-06-12T15:21:48+00:00","dateModified":"2024-06-12T15:21:52+00:00","breadcrumb":{"@id":"https:\/\/lasentinelle.dz\/index.php\/2024\/06\/12\/numerisation-des-finances-publiques-un-systeme-integre-de-gestion-budgetaire-deploye-des-cette-annee\/#breadcrumb"},"inLanguage":"fr-FR","potentialAction":[{"@type":"ReadAction","target":["https:\/\/lasentinelle.dz\/index.php\/2024\/06\/12\/numerisation-des-finances-publiques-un-systeme-integre-de-gestion-budgetaire-deploye-des-cette-annee\/"]}]},{"@type":"ImageObject","inLanguage":"fr-FR","@id":"https:\/\/lasentinelle.dz\/index.php\/2024\/06\/12\/numerisation-des-finances-publiques-un-systeme-integre-de-gestion-budgetaire-deploye-des-cette-annee\/#primaryimage","url":"https:\/\/lasentinelle.dz\/wp-content\/uploads\/2023\/06\/laaziz-Faid-1.png","contentUrl":"https:\/\/lasentinelle.dz\/wp-content\/uploads\/2023\/06\/laaziz-Faid-1.png","width":1232,"height":900},{"@type":"BreadcrumbList","@id":"https:\/\/lasentinelle.dz\/index.php\/2024\/06\/12\/numerisation-des-finances-publiques-un-systeme-integre-de-gestion-budgetaire-deploye-des-cette-annee\/#breadcrumb","itemListElement":[{"@type":"ListItem","position":1,"name":"Accueil","item":"https:\/\/lasentinelle.dz\/"},{"@type":"ListItem","position":2,"name":"Num\u00e9risation des finances publiques: Un syst\u00e8me int\u00e9gr\u00e9 de gestion budg\u00e9taire d\u00e9ploy\u00e9 d\u00e8s cette ann\u00e9e"}]},{"@type":"WebSite","@id":"https:\/\/lasentinelle.dz\/#website","url":"https:\/\/lasentinelle.dz\/","name":"La Sentinelle","description":"Quotidien national d&#039;information","publisher":{"@id":"https:\/\/lasentinelle.dz\/#organization"},"potentialAction":[{"@type":"SearchAction","target":{"@type":"EntryPoint","urlTemplate":"https:\/\/lasentinelle.dz\/?s={search_term_string}"},"query-input":{"@type":"PropertyValueSpecification","valueRequired":true,"valueName":"search_term_string"}}],"inLanguage":"fr-FR"},{"@type":"Organization","@id":"https:\/\/lasentinelle.dz\/#organization","name":"Quotidien La Sentinelle","url":"https:\/\/lasentinelle.dz\/","logo":{"@type":"ImageObject","inLanguage":"fr-FR","@id":"https:\/\/lasentinelle.dz\/#\/schema\/logo\/image\/","url":"https:\/\/lasentinelle.dz\/wp-content\/uploads\/2021\/09\/logo-sentinelleSLOGAN-1.png","contentUrl":"https:\/\/lasentinelle.dz\/wp-content\/uploads\/2021\/09\/logo-sentinelleSLOGAN-1.png","width":615,"height":142,"caption":"Quotidien La Sentinelle"},"image":{"@id":"https:\/\/lasentinelle.dz\/#\/schema\/logo\/image\/"},"sameAs":["https:\/\/www.facebook.com\/La-Sentinelle-104059864394773"]},{"@type":"Person","@id":"https:\/\/lasentinelle.dz\/#\/schema\/person\/d865044e22e70a75174ce8bcad3acfb3","name":"La Sentinelle","image":{"@type":"ImageObject","inLanguage":"fr-FR","@id":"https:\/\/secure.gravatar.com\/avatar\/57de8e5d4b15d43fb361a71fbb36338450fe67865b528a43dd10ef7c51a20392?s=96&d=mm&r=g","url":"https:\/\/secure.gravatar.com\/avatar\/57de8e5d4b15d43fb361a71fbb36338450fe67865b528a43dd10ef7c51a20392?s=96&d=mm&r=g","contentUrl":"https:\/\/secure.gravatar.com\/avatar\/57de8e5d4b15d43fb361a71fbb36338450fe67865b528a43dd10ef7c51a20392?s=96&d=mm&r=g","caption":"La Sentinelle"},"sameAs":["http:\/\/www.lasentinelle.dz"],"url":"https:\/\/lasentinelle.dz\/author\/redaction\/"}]}},"_links":{"self":[{"href":"https:\/\/lasentinelle.dz\/index.php\/wp-json\/wp\/v2\/posts\/53411","targetHints":{"allow":["GET"]}}],"collection":[{"href":"https:\/\/lasentinelle.dz\/index.php\/wp-json\/wp\/v2\/posts"}],"about":[{"href":"https:\/\/lasentinelle.dz\/index.php\/wp-json\/wp\/v2\/types\/post"}],"author":[{"embeddable":true,"href":"https:\/\/lasentinelle.dz\/index.php\/wp-json\/wp\/v2\/users\/3"}],"replies":[{"embeddable":true,"href":"https:\/\/lasentinelle.dz\/index.php\/wp-json\/wp\/v2\/comments?post=53411"}],"version-history":[{"count":1,"href":"https:\/\/lasentinelle.dz\/index.php\/wp-json\/wp\/v2\/posts\/53411\/revisions"}],"predecessor-version":[{"id":53412,"href":"https:\/\/lasentinelle.dz\/index.php\/wp-json\/wp\/v2\/posts\/53411\/revisions\/53412"}],"wp:featuredmedia":[{"embeddable":true,"href":"https:\/\/lasentinelle.dz\/index.php\/wp-json\/wp\/v2\/media\/42426"}],"wp:attachment":[{"href":"https:\/\/lasentinelle.dz\/index.php\/wp-json\/wp\/v2\/media?parent=53411"}],"wp:term":[{"taxonomy":"category","embeddable":true,"href":"https:\/\/lasentinelle.dz\/index.php\/wp-json\/wp\/v2\/categories?post=53411"},{"taxonomy":"post_tag","embeddable":true,"href":"https:\/\/lasentinelle.dz\/index.php\/wp-json\/wp\/v2\/tags?post=53411"}],"curies":[{"name":"wp","href":"https:\/\/api.w.org\/{rel}","templated":true}]}}