{"id":53438,"date":"2024-06-13T14:06:00","date_gmt":"2024-06-13T13:06:00","guid":{"rendered":"https:\/\/lasentinelle.dz\/?p=53438"},"modified":"2024-06-15T14:45:57","modified_gmt":"2024-06-15T13:45:57","slug":"atteinte-aux-terres-relevant-du-domaine-de-letat-des-cadres-sous-les-verrous-a-boumerdes","status":"publish","type":"post","link":"https:\/\/lasentinelle.dz\/index.php\/2024\/06\/13\/atteinte-aux-terres-relevant-du-domaine-de-letat-des-cadres-sous-les-verrous-a-boumerdes\/","title":{"rendered":"Atteinte aux terres relevant du domaine de l\u2019Etat: Des cadres sous les verrous \u00e0 Boumerd\u00e8s"},"content":{"rendered":"\n<p>Depuis quelques jours, les affaires de pillage et de d\u00e9tournement des terres relevant du domaine de l&rsquo;\u00c9tat, se placent au devant des sc\u00e8nes locales de plusieurs wilayas du pays. En effet, apr\u00e8s une affaire similaire enregistr\u00e9e, la semaine en cours, dans la wilaya de Batna, impliquant dans des faits identiques, plusieurs individus, dont des employ\u00e9s du cadastre et de la conservation fonci\u00e8re ainsi qu\u2019un bijoutier , tous plac\u00e9s d\u00e9tention, cette fois c\u2019est la wilaya de Boumerd\u00e8s, dont la direction du cadastre et la conservation fonci\u00e8re ont \u00e9t\u00e9 \u00e9clabouss\u00e9es par un scandale du m\u00eame genre. L\u2019affaire a trait \u00e0 la corruption et la dilapidation des terres de l\u2019Etat, impliquant plusieurs fonctionnaires. Selon les informations apport\u00e9es par une source s\u00e9curitaire, il s\u2019agit de l\u2019acquisition et l\u2019exploitation de terres relevant du domaine priv\u00e9 de l\u2019Etat au niveau de la commune de Khemis El Khechna, de mani\u00e8re ill\u00e9gale, en utilisant des documents falsifi\u00e9s avec la complicit\u00e9 de fonctionnaires. Sont mis en cause dans ce scandale, 9 suspects, dont le directeur du cadastre et de la pr\u00e9servation fonci\u00e8re de la wilaya de Boumerd\u00e8s. Le pr\u00e9venu est accus\u00e9 de non-respect de la l\u00e9gislation en vigueur ayant entra\u00een\u00e9 l\u2019acquisition ill\u00e9gale de terres appartenant \u00e0 l\u2019Etat, d\u2019abus de fonction et de dilapidation de biens de l\u2019Etat. Est \u00e9galement impliqu\u00e9 dans cette affaire, un fonctionnaire de la conservation fonci\u00e8re., Un expert judiciaire et un notaire sont accus\u00e9s d\u2019\u00e9tablissement frauduleux de documents. Le premier est poursuivi pour avoir donn\u00e9 un avis d\u2019expertise ayant permis d\u2019\u00e9tayer des faits non conformes \u00e0 la r\u00e9alit\u00e9. Une enqu\u00eate pr\u00e9liminaire a \u00e9t\u00e9 ordonn\u00e9e par le parquet de Boumerd\u00e8s, \u00e0 la section de recherche du groupement r\u00e9gional de la gendarmerie nationale \u00e0 Boumerd\u00e8s, sur des faits de corruption et de falsification de documents, utilis\u00e9s pour la spoliation de biens domaniaux au niveau de la commune de Khemis El Khenchna. Selon les m\u00eames sources, les suspects ont \u00e9t\u00e9 d\u00e9f\u00e9r\u00e9s ce mardi, devant le parquet de Boumerd\u00e8s, qui a ordonn\u00e9 \u00e9galement l\u2019ouverture d\u2019une enqu\u00eate \u00e0 l\u2019encontre des 5 b\u00e9n\u00e9ficiaires de terrains du domaine public spoli\u00e9s frauduleusement. Les Cinq individus sont accus\u00e9s d&rsquo;acquisition et d\u2019exploitation ill\u00e9gale de terres domaniales, de participation dans l\u2019abus de pouvoir, de dilapidation intentionnelle des biens publics et de fausses d\u00e9clarations et informations afin d&rsquo;obtenir un document administratif en vue de prouver l&rsquo;existence du droit sur un bien public. \u00c0 l\u2019issue de l\u2019instruction, le magistrat instructeur a retenu le placement en d\u00e9tention pour le directeur du cadastre, le conservateur foncier et l&rsquo;expert judiciaire, ainsi que 2 b\u00e9n\u00e9ficiaires des transactions frauduleuses, alors que 3 autres b\u00e9n\u00e9ficiaires ont \u00e9t\u00e9 plac\u00e9s sous le contr\u00f4le judiciaire, a-t-on fait savoir. Par ailleurs et selon la m\u00eame source, l\u2019enqu\u00eate se poursuit avec le notaire arr\u00eat\u00e9 dans le cadre d\u2019une enqu\u00eate en rapport avec une autre affaire, ont tenu \u00e0 pr\u00e9ciser les m\u00eames sources.<\/p>\n\n\n\n<p><strong>S. Chahine<\/strong><\/p>\n","protected":false},"excerpt":{"rendered":"<p>Depuis quelques jours, les affaires de pillage et de d\u00e9tournement des terres relevant du domaine de l&rsquo;\u00c9tat, se placent au<\/p>\n","protected":false},"author":3,"featured_media":41837,"comment_status":"open","ping_status":"closed","sticky":false,"template":"","format":"standard","meta":{"colormag_page_container_layout":"default_layout","colormag_page_sidebar_layout":"default_layout","om_disable_all_campaigns":false,"_monsterinsights_skip_tracking":false,"_monsterinsights_sitenote_active":false,"_monsterinsights_sitenote_note":"","_monsterinsights_sitenote_category":0,"footnotes":"","_wpscppro_dont_share_socialmedia":false,"_wpscppro_custom_social_share_image":0,"_facebook_share_type":"default","_twitter_share_type":"default","_linkedin_share_type":"default","_pinterest_share_type":"default","_linkedin_share_type_page":"","_instagram_share_type":"default","_medium_share_type":"","_threads_share_type":"","_google_business_share_type":"","_selected_social_profile":[],"_wpsp_enable_custom_social_template":false,"_wpsp_social_scheduling":{"enabled":false,"datetime":null,"platforms":[],"status":"template_only","dateOption":"today","timeOption":"now","customDays":"","customHours":"","customDate":"","customTime":"","schedulingType":"absolute"},"_wpsp_active_default_template":true},"categories":[31],"tags":[],"class_list":["post-53438","post","type-post","status-publish","format-standard","has-post-thumbnail","hentry","category-regions"],"aioseo_notices":[],"yoast_head":"<!-- This site is optimized with the Yoast SEO plugin v27.5 - https:\/\/yoast.com\/product\/yoast-seo-wordpress\/ -->\n<title>Atteinte aux terres relevant du domaine de l\u2019Etat: Des cadres sous les verrous \u00e0 Boumerd\u00e8s - La Sentinelle<\/title>\n<meta name=\"robots\" content=\"index, follow, max-snippet:-1, max-image-preview:large, max-video-preview:-1\" \/>\n<link rel=\"canonical\" href=\"https:\/\/lasentinelle.dz\/index.php\/2024\/06\/13\/atteinte-aux-terres-relevant-du-domaine-de-letat-des-cadres-sous-les-verrous-a-boumerdes\/\" \/>\n<meta property=\"og:locale\" content=\"fr_FR\" \/>\n<meta property=\"og:type\" content=\"article\" \/>\n<meta property=\"og:title\" content=\"Atteinte aux terres relevant du domaine de l\u2019Etat: Des cadres sous les verrous \u00e0 Boumerd\u00e8s - La Sentinelle\" \/>\n<meta property=\"og:description\" content=\"Depuis quelques jours, les affaires de pillage et de d\u00e9tournement des terres relevant du domaine de l&rsquo;\u00c9tat, se placent au\" \/>\n<meta property=\"og:url\" content=\"https:\/\/lasentinelle.dz\/index.php\/2024\/06\/13\/atteinte-aux-terres-relevant-du-domaine-de-letat-des-cadres-sous-les-verrous-a-boumerdes\/\" \/>\n<meta property=\"og:site_name\" content=\"La Sentinelle\" \/>\n<meta property=\"article:publisher\" content=\"https:\/\/www.facebook.com\/La-Sentinelle-104059864394773\" \/>\n<meta property=\"article:published_time\" content=\"2024-06-13T13:06:00+00:00\" \/>\n<meta property=\"article:modified_time\" content=\"2024-06-15T13:45:57+00:00\" \/>\n<meta property=\"og:image\" content=\"https:\/\/lasentinelle.dz\/wp-content\/uploads\/2023\/05\/Justice.png\" \/>\n\t<meta property=\"og:image:width\" content=\"1579\" \/>\n\t<meta property=\"og:image:height\" content=\"900\" \/>\n\t<meta property=\"og:image:type\" content=\"image\/png\" \/>\n<meta name=\"author\" content=\"La Sentinelle\" \/>\n<meta name=\"twitter:card\" content=\"summary_large_image\" \/>\n<meta name=\"twitter:label1\" content=\"\u00c9crit par\" \/>\n\t<meta name=\"twitter:data1\" content=\"La Sentinelle\" \/>\n\t<meta name=\"twitter:label2\" content=\"Dur\u00e9e de lecture estim\u00e9e\" \/>\n\t<meta name=\"twitter:data2\" content=\"3 minutes\" \/>\n<script type=\"application\/ld+json\" class=\"yoast-schema-graph\">{\"@context\":\"https:\\\/\\\/schema.org\",\"@graph\":[{\"@type\":\"Article\",\"@id\":\"https:\\\/\\\/lasentinelle.dz\\\/index.php\\\/2024\\\/06\\\/13\\\/atteinte-aux-terres-relevant-du-domaine-de-letat-des-cadres-sous-les-verrous-a-boumerdes\\\/#article\",\"isPartOf\":{\"@id\":\"https:\\\/\\\/lasentinelle.dz\\\/index.php\\\/2024\\\/06\\\/13\\\/atteinte-aux-terres-relevant-du-domaine-de-letat-des-cadres-sous-les-verrous-a-boumerdes\\\/\"},\"author\":{\"name\":\"La Sentinelle\",\"@id\":\"https:\\\/\\\/lasentinelle.dz\\\/#\\\/schema\\\/person\\\/d865044e22e70a75174ce8bcad3acfb3\"},\"headline\":\"Atteinte aux terres relevant du domaine de l\u2019Etat: Des cadres sous les verrous \u00e0 Boumerd\u00e8s\",\"datePublished\":\"2024-06-13T13:06:00+00:00\",\"dateModified\":\"2024-06-15T13:45:57+00:00\",\"mainEntityOfPage\":{\"@id\":\"https:\\\/\\\/lasentinelle.dz\\\/index.php\\\/2024\\\/06\\\/13\\\/atteinte-aux-terres-relevant-du-domaine-de-letat-des-cadres-sous-les-verrous-a-boumerdes\\\/\"},\"wordCount\":555,\"commentCount\":0,\"publisher\":{\"@id\":\"https:\\\/\\\/lasentinelle.dz\\\/#organization\"},\"image\":{\"@id\":\"https:\\\/\\\/lasentinelle.dz\\\/index.php\\\/2024\\\/06\\\/13\\\/atteinte-aux-terres-relevant-du-domaine-de-letat-des-cadres-sous-les-verrous-a-boumerdes\\\/#primaryimage\"},\"thumbnailUrl\":\"https:\\\/\\\/lasentinelle.dz\\\/wp-content\\\/uploads\\\/2023\\\/05\\\/Justice.png\",\"articleSection\":[\"R\u00e9gions\"],\"inLanguage\":\"fr-FR\",\"potentialAction\":[{\"@type\":\"CommentAction\",\"name\":\"Comment\",\"target\":[\"https:\\\/\\\/lasentinelle.dz\\\/index.php\\\/2024\\\/06\\\/13\\\/atteinte-aux-terres-relevant-du-domaine-de-letat-des-cadres-sous-les-verrous-a-boumerdes\\\/#respond\"]}]},{\"@type\":\"WebPage\",\"@id\":\"https:\\\/\\\/lasentinelle.dz\\\/index.php\\\/2024\\\/06\\\/13\\\/atteinte-aux-terres-relevant-du-domaine-de-letat-des-cadres-sous-les-verrous-a-boumerdes\\\/\",\"url\":\"https:\\\/\\\/lasentinelle.dz\\\/index.php\\\/2024\\\/06\\\/13\\\/atteinte-aux-terres-relevant-du-domaine-de-letat-des-cadres-sous-les-verrous-a-boumerdes\\\/\",\"name\":\"Atteinte aux terres relevant du domaine de l\u2019Etat: Des cadres sous les verrous \u00e0 Boumerd\u00e8s - La Sentinelle\",\"isPartOf\":{\"@id\":\"https:\\\/\\\/lasentinelle.dz\\\/#website\"},\"primaryImageOfPage\":{\"@id\":\"https:\\\/\\\/lasentinelle.dz\\\/index.php\\\/2024\\\/06\\\/13\\\/atteinte-aux-terres-relevant-du-domaine-de-letat-des-cadres-sous-les-verrous-a-boumerdes\\\/#primaryimage\"},\"image\":{\"@id\":\"https:\\\/\\\/lasentinelle.dz\\\/index.php\\\/2024\\\/06\\\/13\\\/atteinte-aux-terres-relevant-du-domaine-de-letat-des-cadres-sous-les-verrous-a-boumerdes\\\/#primaryimage\"},\"thumbnailUrl\":\"https:\\\/\\\/lasentinelle.dz\\\/wp-content\\\/uploads\\\/2023\\\/05\\\/Justice.png\",\"datePublished\":\"2024-06-13T13:06:00+00:00\",\"dateModified\":\"2024-06-15T13:45:57+00:00\",\"breadcrumb\":{\"@id\":\"https:\\\/\\\/lasentinelle.dz\\\/index.php\\\/2024\\\/06\\\/13\\\/atteinte-aux-terres-relevant-du-domaine-de-letat-des-cadres-sous-les-verrous-a-boumerdes\\\/#breadcrumb\"},\"inLanguage\":\"fr-FR\",\"potentialAction\":[{\"@type\":\"ReadAction\",\"target\":[\"https:\\\/\\\/lasentinelle.dz\\\/index.php\\\/2024\\\/06\\\/13\\\/atteinte-aux-terres-relevant-du-domaine-de-letat-des-cadres-sous-les-verrous-a-boumerdes\\\/\"]}]},{\"@type\":\"ImageObject\",\"inLanguage\":\"fr-FR\",\"@id\":\"https:\\\/\\\/lasentinelle.dz\\\/index.php\\\/2024\\\/06\\\/13\\\/atteinte-aux-terres-relevant-du-domaine-de-letat-des-cadres-sous-les-verrous-a-boumerdes\\\/#primaryimage\",\"url\":\"https:\\\/\\\/lasentinelle.dz\\\/wp-content\\\/uploads\\\/2023\\\/05\\\/Justice.png\",\"contentUrl\":\"https:\\\/\\\/lasentinelle.dz\\\/wp-content\\\/uploads\\\/2023\\\/05\\\/Justice.png\",\"width\":1579,\"height\":900},{\"@type\":\"BreadcrumbList\",\"@id\":\"https:\\\/\\\/lasentinelle.dz\\\/index.php\\\/2024\\\/06\\\/13\\\/atteinte-aux-terres-relevant-du-domaine-de-letat-des-cadres-sous-les-verrous-a-boumerdes\\\/#breadcrumb\",\"itemListElement\":[{\"@type\":\"ListItem\",\"position\":1,\"name\":\"Accueil\",\"item\":\"https:\\\/\\\/lasentinelle.dz\\\/\"},{\"@type\":\"ListItem\",\"position\":2,\"name\":\"Atteinte aux terres relevant du domaine de l\u2019Etat: Des cadres sous les verrous \u00e0 Boumerd\u00e8s\"}]},{\"@type\":\"WebSite\",\"@id\":\"https:\\\/\\\/lasentinelle.dz\\\/#website\",\"url\":\"https:\\\/\\\/lasentinelle.dz\\\/\",\"name\":\"La Sentinelle\",\"description\":\"Quotidien national d&#039;information\",\"publisher\":{\"@id\":\"https:\\\/\\\/lasentinelle.dz\\\/#organization\"},\"potentialAction\":[{\"@type\":\"SearchAction\",\"target\":{\"@type\":\"EntryPoint\",\"urlTemplate\":\"https:\\\/\\\/lasentinelle.dz\\\/?s={search_term_string}\"},\"query-input\":{\"@type\":\"PropertyValueSpecification\",\"valueRequired\":true,\"valueName\":\"search_term_string\"}}],\"inLanguage\":\"fr-FR\"},{\"@type\":\"Organization\",\"@id\":\"https:\\\/\\\/lasentinelle.dz\\\/#organization\",\"name\":\"Quotidien La Sentinelle\",\"url\":\"https:\\\/\\\/lasentinelle.dz\\\/\",\"logo\":{\"@type\":\"ImageObject\",\"inLanguage\":\"fr-FR\",\"@id\":\"https:\\\/\\\/lasentinelle.dz\\\/#\\\/schema\\\/logo\\\/image\\\/\",\"url\":\"https:\\\/\\\/lasentinelle.dz\\\/wp-content\\\/uploads\\\/2021\\\/09\\\/logo-sentinelleSLOGAN-1.png\",\"contentUrl\":\"https:\\\/\\\/lasentinelle.dz\\\/wp-content\\\/uploads\\\/2021\\\/09\\\/logo-sentinelleSLOGAN-1.png\",\"width\":615,\"height\":142,\"caption\":\"Quotidien La Sentinelle\"},\"image\":{\"@id\":\"https:\\\/\\\/lasentinelle.dz\\\/#\\\/schema\\\/logo\\\/image\\\/\"},\"sameAs\":[\"https:\\\/\\\/www.facebook.com\\\/La-Sentinelle-104059864394773\"]},{\"@type\":\"Person\",\"@id\":\"https:\\\/\\\/lasentinelle.dz\\\/#\\\/schema\\\/person\\\/d865044e22e70a75174ce8bcad3acfb3\",\"name\":\"La Sentinelle\",\"image\":{\"@type\":\"ImageObject\",\"inLanguage\":\"fr-FR\",\"@id\":\"https:\\\/\\\/secure.gravatar.com\\\/avatar\\\/57de8e5d4b15d43fb361a71fbb36338450fe67865b528a43dd10ef7c51a20392?s=96&d=mm&r=g\",\"url\":\"https:\\\/\\\/secure.gravatar.com\\\/avatar\\\/57de8e5d4b15d43fb361a71fbb36338450fe67865b528a43dd10ef7c51a20392?s=96&d=mm&r=g\",\"contentUrl\":\"https:\\\/\\\/secure.gravatar.com\\\/avatar\\\/57de8e5d4b15d43fb361a71fbb36338450fe67865b528a43dd10ef7c51a20392?s=96&d=mm&r=g\",\"caption\":\"La Sentinelle\"},\"sameAs\":[\"http:\\\/\\\/www.lasentinelle.dz\"],\"url\":\"https:\\\/\\\/lasentinelle.dz\\\/author\\\/redaction\\\/\"}]}<\/script>\n<!-- \/ Yoast SEO plugin. -->","yoast_head_json":{"title":"Atteinte aux terres relevant du domaine de l\u2019Etat: Des cadres sous les verrous \u00e0 Boumerd\u00e8s - La Sentinelle","robots":{"index":"index","follow":"follow","max-snippet":"max-snippet:-1","max-image-preview":"max-image-preview:large","max-video-preview":"max-video-preview:-1"},"canonical":"https:\/\/lasentinelle.dz\/index.php\/2024\/06\/13\/atteinte-aux-terres-relevant-du-domaine-de-letat-des-cadres-sous-les-verrous-a-boumerdes\/","og_locale":"fr_FR","og_type":"article","og_title":"Atteinte aux terres relevant du domaine de l\u2019Etat: Des cadres sous les verrous \u00e0 Boumerd\u00e8s - La Sentinelle","og_description":"Depuis quelques jours, les affaires de pillage et de d\u00e9tournement des terres relevant du domaine de l&rsquo;\u00c9tat, se placent au","og_url":"https:\/\/lasentinelle.dz\/index.php\/2024\/06\/13\/atteinte-aux-terres-relevant-du-domaine-de-letat-des-cadres-sous-les-verrous-a-boumerdes\/","og_site_name":"La Sentinelle","article_publisher":"https:\/\/www.facebook.com\/La-Sentinelle-104059864394773","article_published_time":"2024-06-13T13:06:00+00:00","article_modified_time":"2024-06-15T13:45:57+00:00","og_image":[{"width":1579,"height":900,"url":"https:\/\/lasentinelle.dz\/wp-content\/uploads\/2023\/05\/Justice.png","type":"image\/png"}],"author":"La Sentinelle","twitter_card":"summary_large_image","twitter_misc":{"\u00c9crit par":"La Sentinelle","Dur\u00e9e de lecture estim\u00e9e":"3 minutes"},"schema":{"@context":"https:\/\/schema.org","@graph":[{"@type":"Article","@id":"https:\/\/lasentinelle.dz\/index.php\/2024\/06\/13\/atteinte-aux-terres-relevant-du-domaine-de-letat-des-cadres-sous-les-verrous-a-boumerdes\/#article","isPartOf":{"@id":"https:\/\/lasentinelle.dz\/index.php\/2024\/06\/13\/atteinte-aux-terres-relevant-du-domaine-de-letat-des-cadres-sous-les-verrous-a-boumerdes\/"},"author":{"name":"La Sentinelle","@id":"https:\/\/lasentinelle.dz\/#\/schema\/person\/d865044e22e70a75174ce8bcad3acfb3"},"headline":"Atteinte aux terres relevant du domaine de l\u2019Etat: Des cadres sous les verrous \u00e0 Boumerd\u00e8s","datePublished":"2024-06-13T13:06:00+00:00","dateModified":"2024-06-15T13:45:57+00:00","mainEntityOfPage":{"@id":"https:\/\/lasentinelle.dz\/index.php\/2024\/06\/13\/atteinte-aux-terres-relevant-du-domaine-de-letat-des-cadres-sous-les-verrous-a-boumerdes\/"},"wordCount":555,"commentCount":0,"publisher":{"@id":"https:\/\/lasentinelle.dz\/#organization"},"image":{"@id":"https:\/\/lasentinelle.dz\/index.php\/2024\/06\/13\/atteinte-aux-terres-relevant-du-domaine-de-letat-des-cadres-sous-les-verrous-a-boumerdes\/#primaryimage"},"thumbnailUrl":"https:\/\/lasentinelle.dz\/wp-content\/uploads\/2023\/05\/Justice.png","articleSection":["R\u00e9gions"],"inLanguage":"fr-FR","potentialAction":[{"@type":"CommentAction","name":"Comment","target":["https:\/\/lasentinelle.dz\/index.php\/2024\/06\/13\/atteinte-aux-terres-relevant-du-domaine-de-letat-des-cadres-sous-les-verrous-a-boumerdes\/#respond"]}]},{"@type":"WebPage","@id":"https:\/\/lasentinelle.dz\/index.php\/2024\/06\/13\/atteinte-aux-terres-relevant-du-domaine-de-letat-des-cadres-sous-les-verrous-a-boumerdes\/","url":"https:\/\/lasentinelle.dz\/index.php\/2024\/06\/13\/atteinte-aux-terres-relevant-du-domaine-de-letat-des-cadres-sous-les-verrous-a-boumerdes\/","name":"Atteinte aux terres relevant du domaine de l\u2019Etat: Des cadres sous les verrous \u00e0 Boumerd\u00e8s - La Sentinelle","isPartOf":{"@id":"https:\/\/lasentinelle.dz\/#website"},"primaryImageOfPage":{"@id":"https:\/\/lasentinelle.dz\/index.php\/2024\/06\/13\/atteinte-aux-terres-relevant-du-domaine-de-letat-des-cadres-sous-les-verrous-a-boumerdes\/#primaryimage"},"image":{"@id":"https:\/\/lasentinelle.dz\/index.php\/2024\/06\/13\/atteinte-aux-terres-relevant-du-domaine-de-letat-des-cadres-sous-les-verrous-a-boumerdes\/#primaryimage"},"thumbnailUrl":"https:\/\/lasentinelle.dz\/wp-content\/uploads\/2023\/05\/Justice.png","datePublished":"2024-06-13T13:06:00+00:00","dateModified":"2024-06-15T13:45:57+00:00","breadcrumb":{"@id":"https:\/\/lasentinelle.dz\/index.php\/2024\/06\/13\/atteinte-aux-terres-relevant-du-domaine-de-letat-des-cadres-sous-les-verrous-a-boumerdes\/#breadcrumb"},"inLanguage":"fr-FR","potentialAction":[{"@type":"ReadAction","target":["https:\/\/lasentinelle.dz\/index.php\/2024\/06\/13\/atteinte-aux-terres-relevant-du-domaine-de-letat-des-cadres-sous-les-verrous-a-boumerdes\/"]}]},{"@type":"ImageObject","inLanguage":"fr-FR","@id":"https:\/\/lasentinelle.dz\/index.php\/2024\/06\/13\/atteinte-aux-terres-relevant-du-domaine-de-letat-des-cadres-sous-les-verrous-a-boumerdes\/#primaryimage","url":"https:\/\/lasentinelle.dz\/wp-content\/uploads\/2023\/05\/Justice.png","contentUrl":"https:\/\/lasentinelle.dz\/wp-content\/uploads\/2023\/05\/Justice.png","width":1579,"height":900},{"@type":"BreadcrumbList","@id":"https:\/\/lasentinelle.dz\/index.php\/2024\/06\/13\/atteinte-aux-terres-relevant-du-domaine-de-letat-des-cadres-sous-les-verrous-a-boumerdes\/#breadcrumb","itemListElement":[{"@type":"ListItem","position":1,"name":"Accueil","item":"https:\/\/lasentinelle.dz\/"},{"@type":"ListItem","position":2,"name":"Atteinte aux terres relevant du domaine de l\u2019Etat: Des cadres sous les verrous \u00e0 Boumerd\u00e8s"}]},{"@type":"WebSite","@id":"https:\/\/lasentinelle.dz\/#website","url":"https:\/\/lasentinelle.dz\/","name":"La Sentinelle","description":"Quotidien national d&#039;information","publisher":{"@id":"https:\/\/lasentinelle.dz\/#organization"},"potentialAction":[{"@type":"SearchAction","target":{"@type":"EntryPoint","urlTemplate":"https:\/\/lasentinelle.dz\/?s={search_term_string}"},"query-input":{"@type":"PropertyValueSpecification","valueRequired":true,"valueName":"search_term_string"}}],"inLanguage":"fr-FR"},{"@type":"Organization","@id":"https:\/\/lasentinelle.dz\/#organization","name":"Quotidien La Sentinelle","url":"https:\/\/lasentinelle.dz\/","logo":{"@type":"ImageObject","inLanguage":"fr-FR","@id":"https:\/\/lasentinelle.dz\/#\/schema\/logo\/image\/","url":"https:\/\/lasentinelle.dz\/wp-content\/uploads\/2021\/09\/logo-sentinelleSLOGAN-1.png","contentUrl":"https:\/\/lasentinelle.dz\/wp-content\/uploads\/2021\/09\/logo-sentinelleSLOGAN-1.png","width":615,"height":142,"caption":"Quotidien La Sentinelle"},"image":{"@id":"https:\/\/lasentinelle.dz\/#\/schema\/logo\/image\/"},"sameAs":["https:\/\/www.facebook.com\/La-Sentinelle-104059864394773"]},{"@type":"Person","@id":"https:\/\/lasentinelle.dz\/#\/schema\/person\/d865044e22e70a75174ce8bcad3acfb3","name":"La Sentinelle","image":{"@type":"ImageObject","inLanguage":"fr-FR","@id":"https:\/\/secure.gravatar.com\/avatar\/57de8e5d4b15d43fb361a71fbb36338450fe67865b528a43dd10ef7c51a20392?s=96&d=mm&r=g","url":"https:\/\/secure.gravatar.com\/avatar\/57de8e5d4b15d43fb361a71fbb36338450fe67865b528a43dd10ef7c51a20392?s=96&d=mm&r=g","contentUrl":"https:\/\/secure.gravatar.com\/avatar\/57de8e5d4b15d43fb361a71fbb36338450fe67865b528a43dd10ef7c51a20392?s=96&d=mm&r=g","caption":"La Sentinelle"},"sameAs":["http:\/\/www.lasentinelle.dz"],"url":"https:\/\/lasentinelle.dz\/author\/redaction\/"}]}},"_links":{"self":[{"href":"https:\/\/lasentinelle.dz\/index.php\/wp-json\/wp\/v2\/posts\/53438","targetHints":{"allow":["GET"]}}],"collection":[{"href":"https:\/\/lasentinelle.dz\/index.php\/wp-json\/wp\/v2\/posts"}],"about":[{"href":"https:\/\/lasentinelle.dz\/index.php\/wp-json\/wp\/v2\/types\/post"}],"author":[{"embeddable":true,"href":"https:\/\/lasentinelle.dz\/index.php\/wp-json\/wp\/v2\/users\/3"}],"replies":[{"embeddable":true,"href":"https:\/\/lasentinelle.dz\/index.php\/wp-json\/wp\/v2\/comments?post=53438"}],"version-history":[{"count":1,"href":"https:\/\/lasentinelle.dz\/index.php\/wp-json\/wp\/v2\/posts\/53438\/revisions"}],"predecessor-version":[{"id":53439,"href":"https:\/\/lasentinelle.dz\/index.php\/wp-json\/wp\/v2\/posts\/53438\/revisions\/53439"}],"wp:featuredmedia":[{"embeddable":true,"href":"https:\/\/lasentinelle.dz\/index.php\/wp-json\/wp\/v2\/media\/41837"}],"wp:attachment":[{"href":"https:\/\/lasentinelle.dz\/index.php\/wp-json\/wp\/v2\/media?parent=53438"}],"wp:term":[{"taxonomy":"category","embeddable":true,"href":"https:\/\/lasentinelle.dz\/index.php\/wp-json\/wp\/v2\/categories?post=53438"},{"taxonomy":"post_tag","embeddable":true,"href":"https:\/\/lasentinelle.dz\/index.php\/wp-json\/wp\/v2\/tags?post=53438"}],"curies":[{"name":"wp","href":"https:\/\/api.w.org\/{rel}","templated":true}]}}