{"id":53443,"date":"2024-06-13T14:48:00","date_gmt":"2024-06-13T13:48:00","guid":{"rendered":"https:\/\/lasentinelle.dz\/?p=53443"},"modified":"2024-06-15T14:51:44","modified_gmt":"2024-06-15T13:51:44","slug":"petrole-les-prix-en-legere-hausse","status":"publish","type":"post","link":"https:\/\/lasentinelle.dz\/index.php\/2024\/06\/13\/petrole-les-prix-en-legere-hausse\/","title":{"rendered":"P\u00e9trole : Les prix en l\u00e9g\u00e8re hausse"},"content":{"rendered":"\n<p>Les cours du p\u00e9trole s&rsquo;inscrivent dans une tendance haussi\u00e8re depuis le d\u00e9but de la semaine. Hier matin, Le prix du baril de Brent de la mer du Nord, pour livraison en ao\u00fbt, prenait 1,16% \u00e0 82,87 dollars. Son \u00e9quivalent am\u00e9ricain, le baril de West Texas Intermediate (WTI), pour livraison en juillet, gagnait 1,30% \u00e0 78,91 dollars. Les prix trouvaient du soutien dans les premi\u00e8res donn\u00e9es hebdomadaires sur les stocks de p\u00e9trole aux \u00c9tats-Unis pour la semaine achev\u00e9e le 7 juin. L&rsquo;API, la f\u00e9d\u00e9ration des professionnels du secteur, a fait \u00e9tat d&rsquo;une diminution des r\u00e9serves commerciales de brut de 2,4 millions de barils par jour la semaine derni\u00e8re, et de 2,5 millions de barils par jour pour l&rsquo;essence. La \u00ab\u00a0baisse des stocks de p\u00e9trole brut est sup\u00e9rieure aux pr\u00e9visions\u00a0\u00bb, fait remarquer Tamas Varga, analyste chez PVM Energy.<\/p>\n\n\n\n<p>Enfin, le march\u00e9 devrait rester attentif \u00e0 &nbsp;a d\u00e9cision de la R\u00e9serve f\u00e9d\u00e9rale am\u00e9ricaine (Fed) sur les taux d&rsquo;int\u00e9r\u00eat. \u00ab\u00a0La publication vendredi de donn\u00e9es robustes sur l&#8217;emploi aux \u00c9tats-Unis a fait craindre que la Fed ne maintienne les taux d&rsquo;int\u00e9r\u00eat \u00e0 un niveau plus \u00e9lev\u00e9 pendant plus longtemps\u00a0\u00bb, rappelle John Plassard, analyste chez Mirabaud. La conf\u00e9rence de presse qui suivra la d\u00e9cision de la Fed \u00ab\u00a0pourrait donner des indications sur le moment o\u00f9 le rel\u00e2chement de la politique mon\u00e9taire pourrait commencer\u00a0\u00bb, explique M. Varga. Un environnement de taux \u00e9lev\u00e9s a tendance \u00e0 freiner la croissance, et donc la demande de brut, tandis que des taux d&rsquo;int\u00e9r\u00eat plus bas sont favorables aux achats de p\u00e9trole en favorisant la croissance.<\/p>\n\n\n\n<p>R.E.<\/p>\n","protected":false},"excerpt":{"rendered":"<p>Les cours du p\u00e9trole s&rsquo;inscrivent dans une tendance haussi\u00e8re depuis le d\u00e9but de la semaine. Hier matin, Le prix du<\/p>\n","protected":false},"author":3,"featured_media":32324,"comment_status":"open","ping_status":"closed","sticky":false,"template":"","format":"standard","meta":{"colormag_page_container_layout":"default_layout","colormag_page_sidebar_layout":"default_layout","om_disable_all_campaigns":false,"_monsterinsights_skip_tracking":false,"_monsterinsights_sitenote_active":false,"_monsterinsights_sitenote_note":"","_monsterinsights_sitenote_category":0,"footnotes":"","_wpscppro_dont_share_socialmedia":false,"_wpscppro_custom_social_share_image":0,"_facebook_share_type":"default","_twitter_share_type":"default","_linkedin_share_type":"default","_pinterest_share_type":"default","_linkedin_share_type_page":"","_instagram_share_type":"default","_medium_share_type":"","_threads_share_type":"","_google_business_share_type":"","_selected_social_profile":[],"_wpsp_enable_custom_social_template":false,"_wpsp_social_scheduling":{"enabled":false,"datetime":null,"platforms":[],"status":"template_only","dateOption":"today","timeOption":"now","customDays":"","customHours":"","customDate":"","customTime":"","schedulingType":"absolute"},"_wpsp_active_default_template":true},"categories":[29],"tags":[],"class_list":["post-53443","post","type-post","status-publish","format-standard","has-post-thumbnail","hentry","category-economie"],"aioseo_notices":[],"yoast_head":"<!-- This site is optimized with the Yoast SEO plugin v27.5 - https:\/\/yoast.com\/product\/yoast-seo-wordpress\/ -->\n<title>P\u00e9trole : Les prix en l\u00e9g\u00e8re hausse - La Sentinelle<\/title>\n<meta name=\"robots\" content=\"index, follow, max-snippet:-1, max-image-preview:large, max-video-preview:-1\" \/>\n<link rel=\"canonical\" href=\"https:\/\/lasentinelle.dz\/index.php\/2024\/06\/13\/petrole-les-prix-en-legere-hausse\/\" \/>\n<meta property=\"og:locale\" content=\"fr_FR\" \/>\n<meta property=\"og:type\" content=\"article\" \/>\n<meta property=\"og:title\" content=\"P\u00e9trole : Les prix en l\u00e9g\u00e8re hausse - La Sentinelle\" \/>\n<meta property=\"og:description\" content=\"Les cours du p\u00e9trole s&rsquo;inscrivent dans une tendance haussi\u00e8re depuis le d\u00e9but de la semaine. Hier matin, Le prix du\" \/>\n<meta property=\"og:url\" content=\"https:\/\/lasentinelle.dz\/index.php\/2024\/06\/13\/petrole-les-prix-en-legere-hausse\/\" \/>\n<meta property=\"og:site_name\" content=\"La Sentinelle\" \/>\n<meta property=\"article:publisher\" content=\"https:\/\/www.facebook.com\/La-Sentinelle-104059864394773\" \/>\n<meta property=\"article:published_time\" content=\"2024-06-13T13:48:00+00:00\" \/>\n<meta property=\"article:modified_time\" content=\"2024-06-15T13:51:44+00:00\" \/>\n<meta property=\"og:image\" content=\"https:\/\/lasentinelle.dz\/wp-content\/uploads\/2022\/12\/petrole.png\" \/>\n\t<meta property=\"og:image:width\" content=\"1396\" \/>\n\t<meta property=\"og:image:height\" content=\"900\" \/>\n\t<meta property=\"og:image:type\" content=\"image\/png\" \/>\n<meta name=\"author\" content=\"La Sentinelle\" \/>\n<meta name=\"twitter:card\" content=\"summary_large_image\" \/>\n<meta name=\"twitter:label1\" content=\"\u00c9crit par\" \/>\n\t<meta name=\"twitter:data1\" content=\"La Sentinelle\" \/>\n\t<meta name=\"twitter:label2\" content=\"Dur\u00e9e de lecture estim\u00e9e\" \/>\n\t<meta name=\"twitter:data2\" content=\"2 minutes\" \/>\n<script type=\"application\/ld+json\" class=\"yoast-schema-graph\">{\"@context\":\"https:\\\/\\\/schema.org\",\"@graph\":[{\"@type\":\"Article\",\"@id\":\"https:\\\/\\\/lasentinelle.dz\\\/index.php\\\/2024\\\/06\\\/13\\\/petrole-les-prix-en-legere-hausse\\\/#article\",\"isPartOf\":{\"@id\":\"https:\\\/\\\/lasentinelle.dz\\\/index.php\\\/2024\\\/06\\\/13\\\/petrole-les-prix-en-legere-hausse\\\/\"},\"author\":{\"name\":\"La Sentinelle\",\"@id\":\"https:\\\/\\\/lasentinelle.dz\\\/#\\\/schema\\\/person\\\/d865044e22e70a75174ce8bcad3acfb3\"},\"headline\":\"P\u00e9trole : Les prix en l\u00e9g\u00e8re hausse\",\"datePublished\":\"2024-06-13T13:48:00+00:00\",\"dateModified\":\"2024-06-15T13:51:44+00:00\",\"mainEntityOfPage\":{\"@id\":\"https:\\\/\\\/lasentinelle.dz\\\/index.php\\\/2024\\\/06\\\/13\\\/petrole-les-prix-en-legere-hausse\\\/\"},\"wordCount\":296,\"commentCount\":0,\"publisher\":{\"@id\":\"https:\\\/\\\/lasentinelle.dz\\\/#organization\"},\"image\":{\"@id\":\"https:\\\/\\\/lasentinelle.dz\\\/index.php\\\/2024\\\/06\\\/13\\\/petrole-les-prix-en-legere-hausse\\\/#primaryimage\"},\"thumbnailUrl\":\"https:\\\/\\\/lasentinelle.dz\\\/wp-content\\\/uploads\\\/2022\\\/12\\\/petrole.png\",\"articleSection\":[\"\u00c9conomie\"],\"inLanguage\":\"fr-FR\",\"potentialAction\":[{\"@type\":\"CommentAction\",\"name\":\"Comment\",\"target\":[\"https:\\\/\\\/lasentinelle.dz\\\/index.php\\\/2024\\\/06\\\/13\\\/petrole-les-prix-en-legere-hausse\\\/#respond\"]}]},{\"@type\":\"WebPage\",\"@id\":\"https:\\\/\\\/lasentinelle.dz\\\/index.php\\\/2024\\\/06\\\/13\\\/petrole-les-prix-en-legere-hausse\\\/\",\"url\":\"https:\\\/\\\/lasentinelle.dz\\\/index.php\\\/2024\\\/06\\\/13\\\/petrole-les-prix-en-legere-hausse\\\/\",\"name\":\"P\u00e9trole : Les prix en l\u00e9g\u00e8re hausse - La Sentinelle\",\"isPartOf\":{\"@id\":\"https:\\\/\\\/lasentinelle.dz\\\/#website\"},\"primaryImageOfPage\":{\"@id\":\"https:\\\/\\\/lasentinelle.dz\\\/index.php\\\/2024\\\/06\\\/13\\\/petrole-les-prix-en-legere-hausse\\\/#primaryimage\"},\"image\":{\"@id\":\"https:\\\/\\\/lasentinelle.dz\\\/index.php\\\/2024\\\/06\\\/13\\\/petrole-les-prix-en-legere-hausse\\\/#primaryimage\"},\"thumbnailUrl\":\"https:\\\/\\\/lasentinelle.dz\\\/wp-content\\\/uploads\\\/2022\\\/12\\\/petrole.png\",\"datePublished\":\"2024-06-13T13:48:00+00:00\",\"dateModified\":\"2024-06-15T13:51:44+00:00\",\"breadcrumb\":{\"@id\":\"https:\\\/\\\/lasentinelle.dz\\\/index.php\\\/2024\\\/06\\\/13\\\/petrole-les-prix-en-legere-hausse\\\/#breadcrumb\"},\"inLanguage\":\"fr-FR\",\"potentialAction\":[{\"@type\":\"ReadAction\",\"target\":[\"https:\\\/\\\/lasentinelle.dz\\\/index.php\\\/2024\\\/06\\\/13\\\/petrole-les-prix-en-legere-hausse\\\/\"]}]},{\"@type\":\"ImageObject\",\"inLanguage\":\"fr-FR\",\"@id\":\"https:\\\/\\\/lasentinelle.dz\\\/index.php\\\/2024\\\/06\\\/13\\\/petrole-les-prix-en-legere-hausse\\\/#primaryimage\",\"url\":\"https:\\\/\\\/lasentinelle.dz\\\/wp-content\\\/uploads\\\/2022\\\/12\\\/petrole.png\",\"contentUrl\":\"https:\\\/\\\/lasentinelle.dz\\\/wp-content\\\/uploads\\\/2022\\\/12\\\/petrole.png\",\"width\":1396,\"height\":900},{\"@type\":\"BreadcrumbList\",\"@id\":\"https:\\\/\\\/lasentinelle.dz\\\/index.php\\\/2024\\\/06\\\/13\\\/petrole-les-prix-en-legere-hausse\\\/#breadcrumb\",\"itemListElement\":[{\"@type\":\"ListItem\",\"position\":1,\"name\":\"Accueil\",\"item\":\"https:\\\/\\\/lasentinelle.dz\\\/\"},{\"@type\":\"ListItem\",\"position\":2,\"name\":\"P\u00e9trole : Les prix en l\u00e9g\u00e8re hausse\"}]},{\"@type\":\"WebSite\",\"@id\":\"https:\\\/\\\/lasentinelle.dz\\\/#website\",\"url\":\"https:\\\/\\\/lasentinelle.dz\\\/\",\"name\":\"La Sentinelle\",\"description\":\"Quotidien national d&#039;information\",\"publisher\":{\"@id\":\"https:\\\/\\\/lasentinelle.dz\\\/#organization\"},\"potentialAction\":[{\"@type\":\"SearchAction\",\"target\":{\"@type\":\"EntryPoint\",\"urlTemplate\":\"https:\\\/\\\/lasentinelle.dz\\\/?s={search_term_string}\"},\"query-input\":{\"@type\":\"PropertyValueSpecification\",\"valueRequired\":true,\"valueName\":\"search_term_string\"}}],\"inLanguage\":\"fr-FR\"},{\"@type\":\"Organization\",\"@id\":\"https:\\\/\\\/lasentinelle.dz\\\/#organization\",\"name\":\"Quotidien La Sentinelle\",\"url\":\"https:\\\/\\\/lasentinelle.dz\\\/\",\"logo\":{\"@type\":\"ImageObject\",\"inLanguage\":\"fr-FR\",\"@id\":\"https:\\\/\\\/lasentinelle.dz\\\/#\\\/schema\\\/logo\\\/image\\\/\",\"url\":\"https:\\\/\\\/lasentinelle.dz\\\/wp-content\\\/uploads\\\/2021\\\/09\\\/logo-sentinelleSLOGAN-1.png\",\"contentUrl\":\"https:\\\/\\\/lasentinelle.dz\\\/wp-content\\\/uploads\\\/2021\\\/09\\\/logo-sentinelleSLOGAN-1.png\",\"width\":615,\"height\":142,\"caption\":\"Quotidien La Sentinelle\"},\"image\":{\"@id\":\"https:\\\/\\\/lasentinelle.dz\\\/#\\\/schema\\\/logo\\\/image\\\/\"},\"sameAs\":[\"https:\\\/\\\/www.facebook.com\\\/La-Sentinelle-104059864394773\"]},{\"@type\":\"Person\",\"@id\":\"https:\\\/\\\/lasentinelle.dz\\\/#\\\/schema\\\/person\\\/d865044e22e70a75174ce8bcad3acfb3\",\"name\":\"La Sentinelle\",\"image\":{\"@type\":\"ImageObject\",\"inLanguage\":\"fr-FR\",\"@id\":\"https:\\\/\\\/secure.gravatar.com\\\/avatar\\\/57de8e5d4b15d43fb361a71fbb36338450fe67865b528a43dd10ef7c51a20392?s=96&d=mm&r=g\",\"url\":\"https:\\\/\\\/secure.gravatar.com\\\/avatar\\\/57de8e5d4b15d43fb361a71fbb36338450fe67865b528a43dd10ef7c51a20392?s=96&d=mm&r=g\",\"contentUrl\":\"https:\\\/\\\/secure.gravatar.com\\\/avatar\\\/57de8e5d4b15d43fb361a71fbb36338450fe67865b528a43dd10ef7c51a20392?s=96&d=mm&r=g\",\"caption\":\"La Sentinelle\"},\"sameAs\":[\"http:\\\/\\\/www.lasentinelle.dz\"],\"url\":\"https:\\\/\\\/lasentinelle.dz\\\/author\\\/redaction\\\/\"}]}<\/script>\n<!-- \/ Yoast SEO plugin. -->","yoast_head_json":{"title":"P\u00e9trole : Les prix en l\u00e9g\u00e8re hausse - La Sentinelle","robots":{"index":"index","follow":"follow","max-snippet":"max-snippet:-1","max-image-preview":"max-image-preview:large","max-video-preview":"max-video-preview:-1"},"canonical":"https:\/\/lasentinelle.dz\/index.php\/2024\/06\/13\/petrole-les-prix-en-legere-hausse\/","og_locale":"fr_FR","og_type":"article","og_title":"P\u00e9trole : Les prix en l\u00e9g\u00e8re hausse - La Sentinelle","og_description":"Les cours du p\u00e9trole s&rsquo;inscrivent dans une tendance haussi\u00e8re depuis le d\u00e9but de la semaine. Hier matin, Le prix du","og_url":"https:\/\/lasentinelle.dz\/index.php\/2024\/06\/13\/petrole-les-prix-en-legere-hausse\/","og_site_name":"La Sentinelle","article_publisher":"https:\/\/www.facebook.com\/La-Sentinelle-104059864394773","article_published_time":"2024-06-13T13:48:00+00:00","article_modified_time":"2024-06-15T13:51:44+00:00","og_image":[{"width":1396,"height":900,"url":"https:\/\/lasentinelle.dz\/wp-content\/uploads\/2022\/12\/petrole.png","type":"image\/png"}],"author":"La Sentinelle","twitter_card":"summary_large_image","twitter_misc":{"\u00c9crit par":"La Sentinelle","Dur\u00e9e de lecture estim\u00e9e":"2 minutes"},"schema":{"@context":"https:\/\/schema.org","@graph":[{"@type":"Article","@id":"https:\/\/lasentinelle.dz\/index.php\/2024\/06\/13\/petrole-les-prix-en-legere-hausse\/#article","isPartOf":{"@id":"https:\/\/lasentinelle.dz\/index.php\/2024\/06\/13\/petrole-les-prix-en-legere-hausse\/"},"author":{"name":"La Sentinelle","@id":"https:\/\/lasentinelle.dz\/#\/schema\/person\/d865044e22e70a75174ce8bcad3acfb3"},"headline":"P\u00e9trole : Les prix en l\u00e9g\u00e8re hausse","datePublished":"2024-06-13T13:48:00+00:00","dateModified":"2024-06-15T13:51:44+00:00","mainEntityOfPage":{"@id":"https:\/\/lasentinelle.dz\/index.php\/2024\/06\/13\/petrole-les-prix-en-legere-hausse\/"},"wordCount":296,"commentCount":0,"publisher":{"@id":"https:\/\/lasentinelle.dz\/#organization"},"image":{"@id":"https:\/\/lasentinelle.dz\/index.php\/2024\/06\/13\/petrole-les-prix-en-legere-hausse\/#primaryimage"},"thumbnailUrl":"https:\/\/lasentinelle.dz\/wp-content\/uploads\/2022\/12\/petrole.png","articleSection":["\u00c9conomie"],"inLanguage":"fr-FR","potentialAction":[{"@type":"CommentAction","name":"Comment","target":["https:\/\/lasentinelle.dz\/index.php\/2024\/06\/13\/petrole-les-prix-en-legere-hausse\/#respond"]}]},{"@type":"WebPage","@id":"https:\/\/lasentinelle.dz\/index.php\/2024\/06\/13\/petrole-les-prix-en-legere-hausse\/","url":"https:\/\/lasentinelle.dz\/index.php\/2024\/06\/13\/petrole-les-prix-en-legere-hausse\/","name":"P\u00e9trole : Les prix en l\u00e9g\u00e8re hausse - La Sentinelle","isPartOf":{"@id":"https:\/\/lasentinelle.dz\/#website"},"primaryImageOfPage":{"@id":"https:\/\/lasentinelle.dz\/index.php\/2024\/06\/13\/petrole-les-prix-en-legere-hausse\/#primaryimage"},"image":{"@id":"https:\/\/lasentinelle.dz\/index.php\/2024\/06\/13\/petrole-les-prix-en-legere-hausse\/#primaryimage"},"thumbnailUrl":"https:\/\/lasentinelle.dz\/wp-content\/uploads\/2022\/12\/petrole.png","datePublished":"2024-06-13T13:48:00+00:00","dateModified":"2024-06-15T13:51:44+00:00","breadcrumb":{"@id":"https:\/\/lasentinelle.dz\/index.php\/2024\/06\/13\/petrole-les-prix-en-legere-hausse\/#breadcrumb"},"inLanguage":"fr-FR","potentialAction":[{"@type":"ReadAction","target":["https:\/\/lasentinelle.dz\/index.php\/2024\/06\/13\/petrole-les-prix-en-legere-hausse\/"]}]},{"@type":"ImageObject","inLanguage":"fr-FR","@id":"https:\/\/lasentinelle.dz\/index.php\/2024\/06\/13\/petrole-les-prix-en-legere-hausse\/#primaryimage","url":"https:\/\/lasentinelle.dz\/wp-content\/uploads\/2022\/12\/petrole.png","contentUrl":"https:\/\/lasentinelle.dz\/wp-content\/uploads\/2022\/12\/petrole.png","width":1396,"height":900},{"@type":"BreadcrumbList","@id":"https:\/\/lasentinelle.dz\/index.php\/2024\/06\/13\/petrole-les-prix-en-legere-hausse\/#breadcrumb","itemListElement":[{"@type":"ListItem","position":1,"name":"Accueil","item":"https:\/\/lasentinelle.dz\/"},{"@type":"ListItem","position":2,"name":"P\u00e9trole : Les prix en l\u00e9g\u00e8re hausse"}]},{"@type":"WebSite","@id":"https:\/\/lasentinelle.dz\/#website","url":"https:\/\/lasentinelle.dz\/","name":"La Sentinelle","description":"Quotidien national d&#039;information","publisher":{"@id":"https:\/\/lasentinelle.dz\/#organization"},"potentialAction":[{"@type":"SearchAction","target":{"@type":"EntryPoint","urlTemplate":"https:\/\/lasentinelle.dz\/?s={search_term_string}"},"query-input":{"@type":"PropertyValueSpecification","valueRequired":true,"valueName":"search_term_string"}}],"inLanguage":"fr-FR"},{"@type":"Organization","@id":"https:\/\/lasentinelle.dz\/#organization","name":"Quotidien La Sentinelle","url":"https:\/\/lasentinelle.dz\/","logo":{"@type":"ImageObject","inLanguage":"fr-FR","@id":"https:\/\/lasentinelle.dz\/#\/schema\/logo\/image\/","url":"https:\/\/lasentinelle.dz\/wp-content\/uploads\/2021\/09\/logo-sentinelleSLOGAN-1.png","contentUrl":"https:\/\/lasentinelle.dz\/wp-content\/uploads\/2021\/09\/logo-sentinelleSLOGAN-1.png","width":615,"height":142,"caption":"Quotidien La Sentinelle"},"image":{"@id":"https:\/\/lasentinelle.dz\/#\/schema\/logo\/image\/"},"sameAs":["https:\/\/www.facebook.com\/La-Sentinelle-104059864394773"]},{"@type":"Person","@id":"https:\/\/lasentinelle.dz\/#\/schema\/person\/d865044e22e70a75174ce8bcad3acfb3","name":"La Sentinelle","image":{"@type":"ImageObject","inLanguage":"fr-FR","@id":"https:\/\/secure.gravatar.com\/avatar\/57de8e5d4b15d43fb361a71fbb36338450fe67865b528a43dd10ef7c51a20392?s=96&d=mm&r=g","url":"https:\/\/secure.gravatar.com\/avatar\/57de8e5d4b15d43fb361a71fbb36338450fe67865b528a43dd10ef7c51a20392?s=96&d=mm&r=g","contentUrl":"https:\/\/secure.gravatar.com\/avatar\/57de8e5d4b15d43fb361a71fbb36338450fe67865b528a43dd10ef7c51a20392?s=96&d=mm&r=g","caption":"La Sentinelle"},"sameAs":["http:\/\/www.lasentinelle.dz"],"url":"https:\/\/lasentinelle.dz\/author\/redaction\/"}]}},"_links":{"self":[{"href":"https:\/\/lasentinelle.dz\/index.php\/wp-json\/wp\/v2\/posts\/53443","targetHints":{"allow":["GET"]}}],"collection":[{"href":"https:\/\/lasentinelle.dz\/index.php\/wp-json\/wp\/v2\/posts"}],"about":[{"href":"https:\/\/lasentinelle.dz\/index.php\/wp-json\/wp\/v2\/types\/post"}],"author":[{"embeddable":true,"href":"https:\/\/lasentinelle.dz\/index.php\/wp-json\/wp\/v2\/users\/3"}],"replies":[{"embeddable":true,"href":"https:\/\/lasentinelle.dz\/index.php\/wp-json\/wp\/v2\/comments?post=53443"}],"version-history":[{"count":1,"href":"https:\/\/lasentinelle.dz\/index.php\/wp-json\/wp\/v2\/posts\/53443\/revisions"}],"predecessor-version":[{"id":53444,"href":"https:\/\/lasentinelle.dz\/index.php\/wp-json\/wp\/v2\/posts\/53443\/revisions\/53444"}],"wp:featuredmedia":[{"embeddable":true,"href":"https:\/\/lasentinelle.dz\/index.php\/wp-json\/wp\/v2\/media\/32324"}],"wp:attachment":[{"href":"https:\/\/lasentinelle.dz\/index.php\/wp-json\/wp\/v2\/media?parent=53443"}],"wp:term":[{"taxonomy":"category","embeddable":true,"href":"https:\/\/lasentinelle.dz\/index.php\/wp-json\/wp\/v2\/categories?post=53443"},{"taxonomy":"post_tag","embeddable":true,"href":"https:\/\/lasentinelle.dz\/index.php\/wp-json\/wp\/v2\/tags?post=53443"}],"curies":[{"name":"wp","href":"https:\/\/api.w.org\/{rel}","templated":true}]}}