{"id":53454,"date":"2024-06-13T15:06:00","date_gmt":"2024-06-13T14:06:00","guid":{"rendered":"https:\/\/lasentinelle.dz\/?p=53454"},"modified":"2024-06-15T15:07:58","modified_gmt":"2024-06-15T14:07:58","slug":"bilan-operationnel-de-lanp-19-quintaux-de-kif-saisis-a-la-frontiere-avec-le-maroc","status":"publish","type":"post","link":"https:\/\/lasentinelle.dz\/index.php\/2024\/06\/13\/bilan-operationnel-de-lanp-19-quintaux-de-kif-saisis-a-la-frontiere-avec-le-maroc\/","title":{"rendered":"Bilan op\u00e9rationnel de l\u2019ANP : 19 quintaux de kif saisis \u00e0 la fronti\u00e8re avec le Maroc"},"content":{"rendered":"\n<p>Les d\u00e9tachements combin\u00e9s de l&rsquo;Arm\u00e9e nationale populaire, ont mis en \u00e9chec des tentatives d&rsquo;introduction de plus de 19 quintaux de kif trait\u00e9, via les fronti\u00e8res avec le Maroc, et intercept\u00e9 123 narcotrafiquants lors d&rsquo;op\u00e9rations distinctes men\u00e9es durant la p\u00e9riode du 5 au 11 juin, a indiqu\u00e9 un bilan op\u00e9rationnel de l&rsquo;ANP publi\u00e9 par le minist\u00e8re de la D\u00e9fense nationale. \u00ab\u00a0Dans la dynamique des efforts soutenus dans la lutte antiterroriste et contre la criminalit\u00e9 organis\u00e9e multiforme, des unit\u00e9s et des d\u00e9tachements de l&rsquo;Arm\u00e9e nationale populaire (ANP) ont ex\u00e9cut\u00e9, durant la p\u00e9riode du 5 au 11 juin 2024, plusieurs op\u00e9rations ayant abouti \u00e0 des r\u00e9sultats de qualit\u00e9 qui refl\u00e8tent le haut professionnalisme, la vigilance et la disponibilit\u00e9 permanente de nos Forces arm\u00e9es \u00e0 travers tout le territoire national\u00a0\u00bb, indique la m\u00eame source.<\/p>\n\n\n\n<p>Dans le cadre de la lutte antiterroriste, \u00ab\u00a0trois terroristes se sont rendus aux autorit\u00e9s militaires \u00e0 Bordj Badji Mokhtar. Il s&rsquo;agit en l&rsquo;occurrence de Bouhdjer Abdelaziz dit +Aymen+, Ouled El-Bekey Mohamed Lamine dit +Abou Ahmed+ et Foulani Ibrahim dit +Abou Anas+. Lesdits terroristes avaient en leur possession 3 pistolets mitrailleurs de type Kalachnikov, une quantit\u00e9 de munitions et d&rsquo;autres objets\u00a0\u00bb, ajoute le communiqu\u00e9. De m\u00eame, \u00ab\u00a019 \u00e9l\u00e9ments de soutien aux groupes terroristes ont \u00e9t\u00e9 arr\u00eat\u00e9s lors d&rsquo;op\u00e9rations distinctes \u00e0 travers le territoire national\u00a0\u00bb. Dans le cadre de la lutte contre la criminalit\u00e9 organis\u00e9e, et en continuit\u00e9 des efforts soutenus visant \u00e0 contrecarrer le fl\u00e9au du narcotrafic dans notre pays\u00a0\u00bb, des d\u00e9tachements combin\u00e9s de l&rsquo;ANP ont intercept\u00e9, en coordination avec les diff\u00e9rents services de s\u00e9curit\u00e9 lors d&rsquo;op\u00e9rations ex\u00e9cut\u00e9es \u00e0 travers les r\u00e9gions militaires, \u00ab\u00a0123 narcotrafiquants, et ont mis en \u00e9chec des tentatives d&rsquo;introduction de 19 quintaux et 21 kilogrammes de kif trait\u00e9 provenant des fronti\u00e8res avec la Maroc, alors que 3.667.300 comprim\u00e9s psychotropes ont \u00e9t\u00e9 saisis\u00a0\u00bb. A Tamanrasset, Bordj Badji Mokhtar, In Guezzam et Illizi, des d\u00e9tachements de l&rsquo;ANP \u00ab\u00a0ont arr\u00eat\u00e9 169 individus et saisi 26 v\u00e9hicules, 109 groupes \u00e9lectrog\u00e8nes, 51 marteaux piqueurs, 3 d\u00e9tecteurs de m\u00e9taux, ainsi que des quantit\u00e9s de m\u00e9lange d&rsquo;or brut et de pierres, d&rsquo;explosifs, d&rsquo;outils de d\u00e9tonation et d&rsquo;\u00e9quipements utilis\u00e9s dans des op\u00e9rations d&rsquo;orpaillage illicite. De m\u00eame, 13 autres individus ont \u00e9t\u00e9 intercept\u00e9s et 8 fusils de chasse, 5664 litres de carburants, 85 tonnes de denr\u00e9es alimentaires destin\u00e9es \u00e0 la contrebande et la sp\u00e9culation et 21 quintaux de tabacs ont \u00e9t\u00e9 saisis lors d&rsquo;op\u00e9rations distinctes \u00e0 travers le territoire national\u00a0\u00bb, note la m\u00eame source.<\/p>\n\n\n\n<p>&nbsp;SOFIA CHAHINE&nbsp;&nbsp;<\/p>\n","protected":false},"excerpt":{"rendered":"<p>Les d\u00e9tachements combin\u00e9s de l&rsquo;Arm\u00e9e nationale populaire, ont mis en \u00e9chec des tentatives d&rsquo;introduction de plus de 19 quintaux de<\/p>\n","protected":false},"author":3,"featured_media":42978,"comment_status":"open","ping_status":"closed","sticky":false,"template":"","format":"standard","meta":{"colormag_page_container_layout":"default_layout","colormag_page_sidebar_layout":"default_layout","om_disable_all_campaigns":false,"_monsterinsights_skip_tracking":false,"_monsterinsights_sitenote_active":false,"_monsterinsights_sitenote_note":"","_monsterinsights_sitenote_category":0,"footnotes":"","_wpscppro_dont_share_socialmedia":false,"_wpscppro_custom_social_share_image":0,"_facebook_share_type":"default","_twitter_share_type":"default","_linkedin_share_type":"default","_pinterest_share_type":"default","_linkedin_share_type_page":"","_instagram_share_type":"default","_medium_share_type":"","_threads_share_type":"","_google_business_share_type":"","_selected_social_profile":[],"_wpsp_enable_custom_social_template":false,"_wpsp_social_scheduling":{"enabled":false,"datetime":null,"platforms":[],"status":"template_only","dateOption":"today","timeOption":"now","customDays":"","customHours":"","customDate":"","customTime":"","schedulingType":"absolute"},"_wpsp_active_default_template":true},"categories":[27],"tags":[],"class_list":["post-53454","post","type-post","status-publish","format-standard","has-post-thumbnail","hentry","category-actualite"],"aioseo_notices":[],"yoast_head":"<!-- This site is optimized with the Yoast SEO plugin v27.5 - https:\/\/yoast.com\/product\/yoast-seo-wordpress\/ -->\n<title>Bilan op\u00e9rationnel de l\u2019ANP : 19 quintaux de kif saisis \u00e0 la fronti\u00e8re avec le Maroc - La Sentinelle<\/title>\n<meta name=\"robots\" content=\"index, follow, max-snippet:-1, max-image-preview:large, max-video-preview:-1\" \/>\n<link rel=\"canonical\" href=\"https:\/\/lasentinelle.dz\/index.php\/2024\/06\/13\/bilan-operationnel-de-lanp-19-quintaux-de-kif-saisis-a-la-frontiere-avec-le-maroc\/\" \/>\n<meta property=\"og:locale\" content=\"fr_FR\" \/>\n<meta property=\"og:type\" content=\"article\" \/>\n<meta property=\"og:title\" content=\"Bilan op\u00e9rationnel de l\u2019ANP : 19 quintaux de kif saisis \u00e0 la fronti\u00e8re avec le Maroc - La Sentinelle\" \/>\n<meta property=\"og:description\" content=\"Les d\u00e9tachements combin\u00e9s de l&rsquo;Arm\u00e9e nationale populaire, ont mis en \u00e9chec des tentatives d&rsquo;introduction de plus de 19 quintaux de\" \/>\n<meta property=\"og:url\" content=\"https:\/\/lasentinelle.dz\/index.php\/2024\/06\/13\/bilan-operationnel-de-lanp-19-quintaux-de-kif-saisis-a-la-frontiere-avec-le-maroc\/\" \/>\n<meta property=\"og:site_name\" content=\"La Sentinelle\" \/>\n<meta property=\"article:publisher\" content=\"https:\/\/www.facebook.com\/La-Sentinelle-104059864394773\" \/>\n<meta property=\"article:published_time\" content=\"2024-06-13T14:06:00+00:00\" \/>\n<meta property=\"article:modified_time\" content=\"2024-06-15T14:07:58+00:00\" \/>\n<meta property=\"og:image\" content=\"https:\/\/lasentinelle.dz\/wp-content\/uploads\/2023\/06\/kif.jpg\" \/>\n\t<meta property=\"og:image:width\" content=\"1210\" \/>\n\t<meta property=\"og:image:height\" content=\"682\" \/>\n\t<meta property=\"og:image:type\" content=\"image\/jpeg\" \/>\n<meta name=\"author\" content=\"La Sentinelle\" \/>\n<meta name=\"twitter:card\" content=\"summary_large_image\" \/>\n<meta name=\"twitter:label1\" content=\"\u00c9crit par\" \/>\n\t<meta name=\"twitter:data1\" content=\"La Sentinelle\" \/>\n\t<meta name=\"twitter:label2\" content=\"Dur\u00e9e de lecture estim\u00e9e\" \/>\n\t<meta name=\"twitter:data2\" content=\"3 minutes\" \/>\n<script type=\"application\/ld+json\" class=\"yoast-schema-graph\">{\"@context\":\"https:\\\/\\\/schema.org\",\"@graph\":[{\"@type\":\"Article\",\"@id\":\"https:\\\/\\\/lasentinelle.dz\\\/index.php\\\/2024\\\/06\\\/13\\\/bilan-operationnel-de-lanp-19-quintaux-de-kif-saisis-a-la-frontiere-avec-le-maroc\\\/#article\",\"isPartOf\":{\"@id\":\"https:\\\/\\\/lasentinelle.dz\\\/index.php\\\/2024\\\/06\\\/13\\\/bilan-operationnel-de-lanp-19-quintaux-de-kif-saisis-a-la-frontiere-avec-le-maroc\\\/\"},\"author\":{\"name\":\"La Sentinelle\",\"@id\":\"https:\\\/\\\/lasentinelle.dz\\\/#\\\/schema\\\/person\\\/d865044e22e70a75174ce8bcad3acfb3\"},\"headline\":\"Bilan op\u00e9rationnel de l\u2019ANP : 19 quintaux de kif saisis \u00e0 la fronti\u00e8re avec le Maroc\",\"datePublished\":\"2024-06-13T14:06:00+00:00\",\"dateModified\":\"2024-06-15T14:07:58+00:00\",\"mainEntityOfPage\":{\"@id\":\"https:\\\/\\\/lasentinelle.dz\\\/index.php\\\/2024\\\/06\\\/13\\\/bilan-operationnel-de-lanp-19-quintaux-de-kif-saisis-a-la-frontiere-avec-le-maroc\\\/\"},\"wordCount\":464,\"commentCount\":0,\"publisher\":{\"@id\":\"https:\\\/\\\/lasentinelle.dz\\\/#organization\"},\"image\":{\"@id\":\"https:\\\/\\\/lasentinelle.dz\\\/index.php\\\/2024\\\/06\\\/13\\\/bilan-operationnel-de-lanp-19-quintaux-de-kif-saisis-a-la-frontiere-avec-le-maroc\\\/#primaryimage\"},\"thumbnailUrl\":\"https:\\\/\\\/lasentinelle.dz\\\/wp-content\\\/uploads\\\/2023\\\/06\\\/kif.jpg\",\"articleSection\":[\"Actualit\u00e9\"],\"inLanguage\":\"fr-FR\",\"potentialAction\":[{\"@type\":\"CommentAction\",\"name\":\"Comment\",\"target\":[\"https:\\\/\\\/lasentinelle.dz\\\/index.php\\\/2024\\\/06\\\/13\\\/bilan-operationnel-de-lanp-19-quintaux-de-kif-saisis-a-la-frontiere-avec-le-maroc\\\/#respond\"]}]},{\"@type\":\"WebPage\",\"@id\":\"https:\\\/\\\/lasentinelle.dz\\\/index.php\\\/2024\\\/06\\\/13\\\/bilan-operationnel-de-lanp-19-quintaux-de-kif-saisis-a-la-frontiere-avec-le-maroc\\\/\",\"url\":\"https:\\\/\\\/lasentinelle.dz\\\/index.php\\\/2024\\\/06\\\/13\\\/bilan-operationnel-de-lanp-19-quintaux-de-kif-saisis-a-la-frontiere-avec-le-maroc\\\/\",\"name\":\"Bilan op\u00e9rationnel de l\u2019ANP : 19 quintaux de kif saisis \u00e0 la fronti\u00e8re avec le Maroc - La Sentinelle\",\"isPartOf\":{\"@id\":\"https:\\\/\\\/lasentinelle.dz\\\/#website\"},\"primaryImageOfPage\":{\"@id\":\"https:\\\/\\\/lasentinelle.dz\\\/index.php\\\/2024\\\/06\\\/13\\\/bilan-operationnel-de-lanp-19-quintaux-de-kif-saisis-a-la-frontiere-avec-le-maroc\\\/#primaryimage\"},\"image\":{\"@id\":\"https:\\\/\\\/lasentinelle.dz\\\/index.php\\\/2024\\\/06\\\/13\\\/bilan-operationnel-de-lanp-19-quintaux-de-kif-saisis-a-la-frontiere-avec-le-maroc\\\/#primaryimage\"},\"thumbnailUrl\":\"https:\\\/\\\/lasentinelle.dz\\\/wp-content\\\/uploads\\\/2023\\\/06\\\/kif.jpg\",\"datePublished\":\"2024-06-13T14:06:00+00:00\",\"dateModified\":\"2024-06-15T14:07:58+00:00\",\"breadcrumb\":{\"@id\":\"https:\\\/\\\/lasentinelle.dz\\\/index.php\\\/2024\\\/06\\\/13\\\/bilan-operationnel-de-lanp-19-quintaux-de-kif-saisis-a-la-frontiere-avec-le-maroc\\\/#breadcrumb\"},\"inLanguage\":\"fr-FR\",\"potentialAction\":[{\"@type\":\"ReadAction\",\"target\":[\"https:\\\/\\\/lasentinelle.dz\\\/index.php\\\/2024\\\/06\\\/13\\\/bilan-operationnel-de-lanp-19-quintaux-de-kif-saisis-a-la-frontiere-avec-le-maroc\\\/\"]}]},{\"@type\":\"ImageObject\",\"inLanguage\":\"fr-FR\",\"@id\":\"https:\\\/\\\/lasentinelle.dz\\\/index.php\\\/2024\\\/06\\\/13\\\/bilan-operationnel-de-lanp-19-quintaux-de-kif-saisis-a-la-frontiere-avec-le-maroc\\\/#primaryimage\",\"url\":\"https:\\\/\\\/lasentinelle.dz\\\/wp-content\\\/uploads\\\/2023\\\/06\\\/kif.jpg\",\"contentUrl\":\"https:\\\/\\\/lasentinelle.dz\\\/wp-content\\\/uploads\\\/2023\\\/06\\\/kif.jpg\",\"width\":1210,\"height\":682},{\"@type\":\"BreadcrumbList\",\"@id\":\"https:\\\/\\\/lasentinelle.dz\\\/index.php\\\/2024\\\/06\\\/13\\\/bilan-operationnel-de-lanp-19-quintaux-de-kif-saisis-a-la-frontiere-avec-le-maroc\\\/#breadcrumb\",\"itemListElement\":[{\"@type\":\"ListItem\",\"position\":1,\"name\":\"Accueil\",\"item\":\"https:\\\/\\\/lasentinelle.dz\\\/\"},{\"@type\":\"ListItem\",\"position\":2,\"name\":\"Bilan op\u00e9rationnel de l\u2019ANP : 19 quintaux de kif saisis \u00e0 la fronti\u00e8re avec le Maroc\"}]},{\"@type\":\"WebSite\",\"@id\":\"https:\\\/\\\/lasentinelle.dz\\\/#website\",\"url\":\"https:\\\/\\\/lasentinelle.dz\\\/\",\"name\":\"La Sentinelle\",\"description\":\"Quotidien national d&#039;information\",\"publisher\":{\"@id\":\"https:\\\/\\\/lasentinelle.dz\\\/#organization\"},\"potentialAction\":[{\"@type\":\"SearchAction\",\"target\":{\"@type\":\"EntryPoint\",\"urlTemplate\":\"https:\\\/\\\/lasentinelle.dz\\\/?s={search_term_string}\"},\"query-input\":{\"@type\":\"PropertyValueSpecification\",\"valueRequired\":true,\"valueName\":\"search_term_string\"}}],\"inLanguage\":\"fr-FR\"},{\"@type\":\"Organization\",\"@id\":\"https:\\\/\\\/lasentinelle.dz\\\/#organization\",\"name\":\"Quotidien La Sentinelle\",\"url\":\"https:\\\/\\\/lasentinelle.dz\\\/\",\"logo\":{\"@type\":\"ImageObject\",\"inLanguage\":\"fr-FR\",\"@id\":\"https:\\\/\\\/lasentinelle.dz\\\/#\\\/schema\\\/logo\\\/image\\\/\",\"url\":\"https:\\\/\\\/lasentinelle.dz\\\/wp-content\\\/uploads\\\/2021\\\/09\\\/logo-sentinelleSLOGAN-1.png\",\"contentUrl\":\"https:\\\/\\\/lasentinelle.dz\\\/wp-content\\\/uploads\\\/2021\\\/09\\\/logo-sentinelleSLOGAN-1.png\",\"width\":615,\"height\":142,\"caption\":\"Quotidien La Sentinelle\"},\"image\":{\"@id\":\"https:\\\/\\\/lasentinelle.dz\\\/#\\\/schema\\\/logo\\\/image\\\/\"},\"sameAs\":[\"https:\\\/\\\/www.facebook.com\\\/La-Sentinelle-104059864394773\"]},{\"@type\":\"Person\",\"@id\":\"https:\\\/\\\/lasentinelle.dz\\\/#\\\/schema\\\/person\\\/d865044e22e70a75174ce8bcad3acfb3\",\"name\":\"La Sentinelle\",\"image\":{\"@type\":\"ImageObject\",\"inLanguage\":\"fr-FR\",\"@id\":\"https:\\\/\\\/secure.gravatar.com\\\/avatar\\\/57de8e5d4b15d43fb361a71fbb36338450fe67865b528a43dd10ef7c51a20392?s=96&d=mm&r=g\",\"url\":\"https:\\\/\\\/secure.gravatar.com\\\/avatar\\\/57de8e5d4b15d43fb361a71fbb36338450fe67865b528a43dd10ef7c51a20392?s=96&d=mm&r=g\",\"contentUrl\":\"https:\\\/\\\/secure.gravatar.com\\\/avatar\\\/57de8e5d4b15d43fb361a71fbb36338450fe67865b528a43dd10ef7c51a20392?s=96&d=mm&r=g\",\"caption\":\"La Sentinelle\"},\"sameAs\":[\"http:\\\/\\\/www.lasentinelle.dz\"],\"url\":\"https:\\\/\\\/lasentinelle.dz\\\/author\\\/redaction\\\/\"}]}<\/script>\n<!-- \/ Yoast SEO plugin. -->","yoast_head_json":{"title":"Bilan op\u00e9rationnel de l\u2019ANP : 19 quintaux de kif saisis \u00e0 la fronti\u00e8re avec le Maroc - La Sentinelle","robots":{"index":"index","follow":"follow","max-snippet":"max-snippet:-1","max-image-preview":"max-image-preview:large","max-video-preview":"max-video-preview:-1"},"canonical":"https:\/\/lasentinelle.dz\/index.php\/2024\/06\/13\/bilan-operationnel-de-lanp-19-quintaux-de-kif-saisis-a-la-frontiere-avec-le-maroc\/","og_locale":"fr_FR","og_type":"article","og_title":"Bilan op\u00e9rationnel de l\u2019ANP : 19 quintaux de kif saisis \u00e0 la fronti\u00e8re avec le Maroc - La Sentinelle","og_description":"Les d\u00e9tachements combin\u00e9s de l&rsquo;Arm\u00e9e nationale populaire, ont mis en \u00e9chec des tentatives d&rsquo;introduction de plus de 19 quintaux de","og_url":"https:\/\/lasentinelle.dz\/index.php\/2024\/06\/13\/bilan-operationnel-de-lanp-19-quintaux-de-kif-saisis-a-la-frontiere-avec-le-maroc\/","og_site_name":"La Sentinelle","article_publisher":"https:\/\/www.facebook.com\/La-Sentinelle-104059864394773","article_published_time":"2024-06-13T14:06:00+00:00","article_modified_time":"2024-06-15T14:07:58+00:00","og_image":[{"width":1210,"height":682,"url":"https:\/\/lasentinelle.dz\/wp-content\/uploads\/2023\/06\/kif.jpg","type":"image\/jpeg"}],"author":"La Sentinelle","twitter_card":"summary_large_image","twitter_misc":{"\u00c9crit par":"La Sentinelle","Dur\u00e9e de lecture estim\u00e9e":"3 minutes"},"schema":{"@context":"https:\/\/schema.org","@graph":[{"@type":"Article","@id":"https:\/\/lasentinelle.dz\/index.php\/2024\/06\/13\/bilan-operationnel-de-lanp-19-quintaux-de-kif-saisis-a-la-frontiere-avec-le-maroc\/#article","isPartOf":{"@id":"https:\/\/lasentinelle.dz\/index.php\/2024\/06\/13\/bilan-operationnel-de-lanp-19-quintaux-de-kif-saisis-a-la-frontiere-avec-le-maroc\/"},"author":{"name":"La Sentinelle","@id":"https:\/\/lasentinelle.dz\/#\/schema\/person\/d865044e22e70a75174ce8bcad3acfb3"},"headline":"Bilan op\u00e9rationnel de l\u2019ANP : 19 quintaux de kif saisis \u00e0 la fronti\u00e8re avec le Maroc","datePublished":"2024-06-13T14:06:00+00:00","dateModified":"2024-06-15T14:07:58+00:00","mainEntityOfPage":{"@id":"https:\/\/lasentinelle.dz\/index.php\/2024\/06\/13\/bilan-operationnel-de-lanp-19-quintaux-de-kif-saisis-a-la-frontiere-avec-le-maroc\/"},"wordCount":464,"commentCount":0,"publisher":{"@id":"https:\/\/lasentinelle.dz\/#organization"},"image":{"@id":"https:\/\/lasentinelle.dz\/index.php\/2024\/06\/13\/bilan-operationnel-de-lanp-19-quintaux-de-kif-saisis-a-la-frontiere-avec-le-maroc\/#primaryimage"},"thumbnailUrl":"https:\/\/lasentinelle.dz\/wp-content\/uploads\/2023\/06\/kif.jpg","articleSection":["Actualit\u00e9"],"inLanguage":"fr-FR","potentialAction":[{"@type":"CommentAction","name":"Comment","target":["https:\/\/lasentinelle.dz\/index.php\/2024\/06\/13\/bilan-operationnel-de-lanp-19-quintaux-de-kif-saisis-a-la-frontiere-avec-le-maroc\/#respond"]}]},{"@type":"WebPage","@id":"https:\/\/lasentinelle.dz\/index.php\/2024\/06\/13\/bilan-operationnel-de-lanp-19-quintaux-de-kif-saisis-a-la-frontiere-avec-le-maroc\/","url":"https:\/\/lasentinelle.dz\/index.php\/2024\/06\/13\/bilan-operationnel-de-lanp-19-quintaux-de-kif-saisis-a-la-frontiere-avec-le-maroc\/","name":"Bilan op\u00e9rationnel de l\u2019ANP : 19 quintaux de kif saisis \u00e0 la fronti\u00e8re avec le Maroc - La Sentinelle","isPartOf":{"@id":"https:\/\/lasentinelle.dz\/#website"},"primaryImageOfPage":{"@id":"https:\/\/lasentinelle.dz\/index.php\/2024\/06\/13\/bilan-operationnel-de-lanp-19-quintaux-de-kif-saisis-a-la-frontiere-avec-le-maroc\/#primaryimage"},"image":{"@id":"https:\/\/lasentinelle.dz\/index.php\/2024\/06\/13\/bilan-operationnel-de-lanp-19-quintaux-de-kif-saisis-a-la-frontiere-avec-le-maroc\/#primaryimage"},"thumbnailUrl":"https:\/\/lasentinelle.dz\/wp-content\/uploads\/2023\/06\/kif.jpg","datePublished":"2024-06-13T14:06:00+00:00","dateModified":"2024-06-15T14:07:58+00:00","breadcrumb":{"@id":"https:\/\/lasentinelle.dz\/index.php\/2024\/06\/13\/bilan-operationnel-de-lanp-19-quintaux-de-kif-saisis-a-la-frontiere-avec-le-maroc\/#breadcrumb"},"inLanguage":"fr-FR","potentialAction":[{"@type":"ReadAction","target":["https:\/\/lasentinelle.dz\/index.php\/2024\/06\/13\/bilan-operationnel-de-lanp-19-quintaux-de-kif-saisis-a-la-frontiere-avec-le-maroc\/"]}]},{"@type":"ImageObject","inLanguage":"fr-FR","@id":"https:\/\/lasentinelle.dz\/index.php\/2024\/06\/13\/bilan-operationnel-de-lanp-19-quintaux-de-kif-saisis-a-la-frontiere-avec-le-maroc\/#primaryimage","url":"https:\/\/lasentinelle.dz\/wp-content\/uploads\/2023\/06\/kif.jpg","contentUrl":"https:\/\/lasentinelle.dz\/wp-content\/uploads\/2023\/06\/kif.jpg","width":1210,"height":682},{"@type":"BreadcrumbList","@id":"https:\/\/lasentinelle.dz\/index.php\/2024\/06\/13\/bilan-operationnel-de-lanp-19-quintaux-de-kif-saisis-a-la-frontiere-avec-le-maroc\/#breadcrumb","itemListElement":[{"@type":"ListItem","position":1,"name":"Accueil","item":"https:\/\/lasentinelle.dz\/"},{"@type":"ListItem","position":2,"name":"Bilan op\u00e9rationnel de l\u2019ANP : 19 quintaux de kif saisis \u00e0 la fronti\u00e8re avec le Maroc"}]},{"@type":"WebSite","@id":"https:\/\/lasentinelle.dz\/#website","url":"https:\/\/lasentinelle.dz\/","name":"La Sentinelle","description":"Quotidien national d&#039;information","publisher":{"@id":"https:\/\/lasentinelle.dz\/#organization"},"potentialAction":[{"@type":"SearchAction","target":{"@type":"EntryPoint","urlTemplate":"https:\/\/lasentinelle.dz\/?s={search_term_string}"},"query-input":{"@type":"PropertyValueSpecification","valueRequired":true,"valueName":"search_term_string"}}],"inLanguage":"fr-FR"},{"@type":"Organization","@id":"https:\/\/lasentinelle.dz\/#organization","name":"Quotidien La Sentinelle","url":"https:\/\/lasentinelle.dz\/","logo":{"@type":"ImageObject","inLanguage":"fr-FR","@id":"https:\/\/lasentinelle.dz\/#\/schema\/logo\/image\/","url":"https:\/\/lasentinelle.dz\/wp-content\/uploads\/2021\/09\/logo-sentinelleSLOGAN-1.png","contentUrl":"https:\/\/lasentinelle.dz\/wp-content\/uploads\/2021\/09\/logo-sentinelleSLOGAN-1.png","width":615,"height":142,"caption":"Quotidien La Sentinelle"},"image":{"@id":"https:\/\/lasentinelle.dz\/#\/schema\/logo\/image\/"},"sameAs":["https:\/\/www.facebook.com\/La-Sentinelle-104059864394773"]},{"@type":"Person","@id":"https:\/\/lasentinelle.dz\/#\/schema\/person\/d865044e22e70a75174ce8bcad3acfb3","name":"La Sentinelle","image":{"@type":"ImageObject","inLanguage":"fr-FR","@id":"https:\/\/secure.gravatar.com\/avatar\/57de8e5d4b15d43fb361a71fbb36338450fe67865b528a43dd10ef7c51a20392?s=96&d=mm&r=g","url":"https:\/\/secure.gravatar.com\/avatar\/57de8e5d4b15d43fb361a71fbb36338450fe67865b528a43dd10ef7c51a20392?s=96&d=mm&r=g","contentUrl":"https:\/\/secure.gravatar.com\/avatar\/57de8e5d4b15d43fb361a71fbb36338450fe67865b528a43dd10ef7c51a20392?s=96&d=mm&r=g","caption":"La Sentinelle"},"sameAs":["http:\/\/www.lasentinelle.dz"],"url":"https:\/\/lasentinelle.dz\/author\/redaction\/"}]}},"_links":{"self":[{"href":"https:\/\/lasentinelle.dz\/index.php\/wp-json\/wp\/v2\/posts\/53454","targetHints":{"allow":["GET"]}}],"collection":[{"href":"https:\/\/lasentinelle.dz\/index.php\/wp-json\/wp\/v2\/posts"}],"about":[{"href":"https:\/\/lasentinelle.dz\/index.php\/wp-json\/wp\/v2\/types\/post"}],"author":[{"embeddable":true,"href":"https:\/\/lasentinelle.dz\/index.php\/wp-json\/wp\/v2\/users\/3"}],"replies":[{"embeddable":true,"href":"https:\/\/lasentinelle.dz\/index.php\/wp-json\/wp\/v2\/comments?post=53454"}],"version-history":[{"count":1,"href":"https:\/\/lasentinelle.dz\/index.php\/wp-json\/wp\/v2\/posts\/53454\/revisions"}],"predecessor-version":[{"id":53455,"href":"https:\/\/lasentinelle.dz\/index.php\/wp-json\/wp\/v2\/posts\/53454\/revisions\/53455"}],"wp:featuredmedia":[{"embeddable":true,"href":"https:\/\/lasentinelle.dz\/index.php\/wp-json\/wp\/v2\/media\/42978"}],"wp:attachment":[{"href":"https:\/\/lasentinelle.dz\/index.php\/wp-json\/wp\/v2\/media?parent=53454"}],"wp:term":[{"taxonomy":"category","embeddable":true,"href":"https:\/\/lasentinelle.dz\/index.php\/wp-json\/wp\/v2\/categories?post=53454"},{"taxonomy":"post_tag","embeddable":true,"href":"https:\/\/lasentinelle.dz\/index.php\/wp-json\/wp\/v2\/tags?post=53454"}],"curies":[{"name":"wp","href":"https:\/\/api.w.org\/{rel}","templated":true}]}}