{"id":53470,"date":"2024-06-13T14:59:00","date_gmt":"2024-06-13T13:59:00","guid":{"rendered":"https:\/\/lasentinelle.dz\/?p=53470"},"modified":"2024-06-15T21:00:55","modified_gmt":"2024-06-15T20:00:55","slug":"presidentielle-du-7-septembre-14-candidats-a-la-candidature-ont-retire-les-formulaires","status":"publish","type":"post","link":"https:\/\/lasentinelle.dz\/index.php\/2024\/06\/13\/presidentielle-du-7-septembre-14-candidats-a-la-candidature-ont-retire-les-formulaires\/","title":{"rendered":"Pr\u00e9sidentielle du 7 septembre: 14 candidats \u00e0 la candidature ont retir\u00e9 les formulaires"},"content":{"rendered":"\n<p>\u00c0 moins de trois moins de l&rsquo;\u00e9lection pr\u00e9sidentielle du 7 septembre prochain, les choses se mettent en place en perspective du scrutin. L&rsquo;Autorit\u00e9 nationale ind\u00e9pendante des \u00e9lections a lanc\u00e9 hier l&rsquo;op\u00e9ration de r\u00e9vision exceptionnelle des listes \u00e9lectorales, tandis que les candidats \u00e0 la candidature continuent d&rsquo;affluer vers le si\u00e8ge de l&rsquo;ANIE pour retirer les formulaires de souscription des signatures. L&rsquo;ANIE assure pour sa part que tout est mis en place pour garantir la transparence et la r\u00e9ussite du prochain scrutin pr\u00e9sidentiel, gr\u00e2ce notamment \u00e0 son plan de d\u00e9veloppement strat\u00e9gique.&nbsp; Ainsi, et lors d&rsquo;une visite de terrain dans la wilaya de Boumerd\u00e8s, le pr\u00e9sident de l&rsquo;ANIE, Mohamed Charfi, a annonc\u00e9 hier que 14 candidats \u00e0 la candidature \u00e0 la pr\u00e9sidentielle se sont rapproch\u00e9s de l\u2019ANIE et ont proc\u00e9d\u00e9 au retrait d\u2019un total d&rsquo;un million de copies de formulaires de souscriptions de signatures, jusqu&rsquo;\u00e0 18h00 mardi. &nbsp;S\u2019exprimant sur l\u2019op\u00e9ration de r\u00e9vision exceptionnelle des listes \u00e9lectorales, il a expliqu\u00e9 que ces listes sont \u00ab\u00a0assainies et r\u00e9actualis\u00e9es p\u00e9riodiquement et r\u00e9vis\u00e9es \u00e0 chaque rendez-vous \u00e9lectoral\u00a0\u00bb, notant que cette op\u00e9ration \u00ab\u00a0prend en consid\u00e9ration la nouvelle carte \u00e9lectorale, notamment apr\u00e8s l&rsquo;\u00e9mergence de nombreux nouveaux p\u00f4les urbains\u00a0\u00bb. \u00ab\u00a0La jeunesse alg\u00e9rienne a un r\u00f4le dynamique dans l&rsquo;\u00e9dification de la d\u00e9mocratie et la contribution \u00e0 la gouvernance du pays, gr\u00e2ce \u00e0 sa conscience d\u00e9velopp\u00e9e et son engagement s\u00e9rieux dans l&rsquo;acte \u00e9lectoral\u00a0\u00bb, a-t-il estim\u00e9, en outre. Le pr\u00e9sident de l\u2019ANIE a \u00e9galement salu\u00e9 la \u00ab\u00a0prise de conscience pr\u00e9coce\u00a0\u00bb de la jeunesse alg\u00e9rienne, notamment ceux inscrits pour la premi\u00e8re fois afin de participer au prochain scrutin et contribuer ainsi \u00e0 l\u2019\u00a0\u00bb\u00e9dification de l\u2019Etat de droit par le libre choix\u00a0\u00bb.&nbsp; Charfi a, \u00e0 ce titre, fait part d\u2019une nouvelle proc\u00e9dure initi\u00e9e par son institution au titre de la prochaine \u00e9lection pr\u00e9sidentielle, consistant \u00e0 \u00ab\u00a0encourager les jeunes \u00e0 participer \u00e0 l&rsquo;encadrement de l\u2019op\u00e9ration \u00e9lectorale et des centres et bureaux de vote en qualit\u00e9 d\u2019observateur volontaire\u00a0\u00bb. \u00ab\u00a0La s\u00e9lection pour cette mission pionni\u00e8re se fera sur la base de crit\u00e8res pr\u00e9cis, dont une neutralit\u00e9 totale et un niveau d\u2019instruction et de conscience\u00a0\u00bb, a-t-il pr\u00e9cis\u00e9. Il a assur\u00e9 que les urnes du scrutin du 7 septembre prochain seront \u00ab\u00a0prot\u00e9g\u00e9es et s\u00e9curis\u00e9e contre toute fraude ou violation\u00a0\u00bb, affirmant que \u00ab\u00a0le peuple alg\u00e9rien est d\u00e9sormais totalement convaincu que le pr\u00e9sident qui sera annonc\u00e9 sera le candidat qu&rsquo;il aura lui m\u00eame choisi par les urnes\u00a0\u00bb.<\/p>\n\n\n\n<p>Mardi soir, le pr\u00e9sident de l&rsquo;ANIE avait d\u00e9j\u00e0 mis en avant les garanties mises en place pour garantir la transparence du scrutin, lors d&rsquo;une intervention \u00e0 la T\u00e9l\u00e9vision publique. Il a ainsi expliqu\u00e9 qu&rsquo;un plan de d\u00e9veloppement strat\u00e9gique de l&rsquo;ANIE 2022- 2024 a \u00e9t\u00e9 \u00e9labor\u00e9 pour moderniser la gestion du processus \u00e9lectoral et l&rsquo;adapter aux d\u00e9veloppements technologiques, en tirant profit des avantages qu&rsquo;offrent ces derniers et \u00e0 travers la formation du potentiel humain afin de garantir l&rsquo;int\u00e9grit\u00e9 et la transparence des \u00e9ch\u00e9ances \u00e9lectorales. Les acquis de l&rsquo;ANIE \u00e0 travers les \u00e9ch\u00e9ances \u00e9lectorales \u00ab\u00a0ont renforc\u00e9 l&rsquo;int\u00e9grit\u00e9 et la transparence du processus \u00e9lectoral\u00a0\u00bb, a-t-il affirm\u00e9, soulignant l&rsquo;attachement de son instance \u00e0 \u00ab\u00a0la num\u00e9risation des formulaires de souscription pour lutter contre comportements irresponsables\u00a0\u00bb. Il a, en outre, assur\u00e9 que le suivi des formulaires retir\u00e9s se faisait gr\u00e2ce \u00e0 \u00ab\u00a0un num\u00e9ro de s\u00e9rie et un code QR\u00a0\u00bb, rappelant que l&rsquo;ANIE \u00e9tait \u00ab\u00a0habilit\u00e9e \u00e0 notifier la Justice de tout d\u00e9passement, lui permettant ainsi de prendre les proc\u00e9dures juridiques n\u00e9cessaires\u00a0\u00bb. Dans le cadre de la num\u00e9risation du processus \u00e9lectoral, le m\u00eame responsable a affirm\u00e9 que \u00ab\u00a0tout \u00e9lecteur peut pl\u00e9bisciter le candidat de son choix dans n&rsquo;importe quelle wilaya sans condition de r\u00e9sidence\u00a0\u00bb. Concernant l&rsquo;encadrement du processus \u00e9lectoral, M. Charfi a soulign\u00e9 que l&rsquo;ANIE \u00ab\u00a0veille \u00e0 assurer la formation continue des encadreurs, en sus de sensibiliser les \u00e9lecteurs \u00e0 l&rsquo;importance de participer \u00e0 cet \u00e9v\u00e9nement d\u00e9mocratique\u00a0\u00bb. A cet \u00e9gard, il a soulign\u00e9 que son organisme a entam\u00e9 sa campagne de sensibilisation en vue de l&rsquo;\u00e9lection pr\u00e9sidentielle du 7 septembre \u00e0 travers des affiches et des spots publicitaires diffus\u00e9s \u00e0 travers les m\u00e9dias, qui visent \u00e0 \u00ab\u00a0sensibiliser les \u00e9lecteurs \u00e0 l&rsquo;importance de participer \u00e0 ce rendez-vous \u00e9lectoral crucial\u00a0\u00bb, appelant les partis politiques, la soci\u00e9t\u00e9 civile et tous les acteurs \u00e0 \u00ab\u00a0participer \u00e0 l&rsquo;op\u00e9ration de sensibilisation\u00a0\u00bb. Evoquant le slogan \u00ab\u00a0confirmation du processus d\u00e9mocratique \u00e9lectoral\u00a0\u00bb choisi pour la prochaine \u00e9lection pr\u00e9sidentielle, M. Charfi a expliqu\u00e9 qu&rsquo;il \u00ab\u00a0confirme tous les nouveaux processus r\u00e9alis\u00e9s depuis 2019 pour la r\u00e9alisation d&rsquo;autres acquis\u00a0\u00bb. Quant \u00e0 l&rsquo;organisation du processus \u00e9lectoral cet \u00e9t\u00e9, il a soulign\u00e9 que \u00ab\u00a0toutes les conditions n\u00e9cessaires \u00e0 son succ\u00e8s sont r\u00e9unies\u00a0\u00bb.<\/p>\n\n\n\n<p><strong>Hocine Fadheli<\/strong><\/p>\n","protected":false},"excerpt":{"rendered":"<p>\u00c0 moins de trois moins de l&rsquo;\u00e9lection pr\u00e9sidentielle du 7 septembre prochain, les choses se mettent en place en perspective<\/p>\n","protected":false},"author":3,"featured_media":28899,"comment_status":"open","ping_status":"closed","sticky":false,"template":"","format":"standard","meta":{"colormag_page_container_layout":"default_layout","colormag_page_sidebar_layout":"default_layout","om_disable_all_campaigns":false,"_monsterinsights_skip_tracking":false,"_monsterinsights_sitenote_active":false,"_monsterinsights_sitenote_note":"","_monsterinsights_sitenote_category":0,"footnotes":"","_wpscppro_dont_share_socialmedia":false,"_wpscppro_custom_social_share_image":0,"_facebook_share_type":"default","_twitter_share_type":"default","_linkedin_share_type":"default","_pinterest_share_type":"default","_linkedin_share_type_page":"","_instagram_share_type":"default","_medium_share_type":"","_threads_share_type":"","_google_business_share_type":"","_selected_social_profile":[],"_wpsp_enable_custom_social_template":false,"_wpsp_social_scheduling":{"enabled":false,"datetime":null,"platforms":[],"status":"template_only","dateOption":"today","timeOption":"now","customDays":"","customHours":"","customDate":"","customTime":"","schedulingType":"absolute"},"_wpsp_active_default_template":true},"categories":[52,28],"tags":[],"class_list":["post-53470","post","type-post","status-publish","format-standard","has-post-thumbnail","hentry","category-a-la-une","category-politique"],"aioseo_notices":[],"yoast_head":"<!-- This site is optimized with the Yoast SEO plugin v27.5 - https:\/\/yoast.com\/product\/yoast-seo-wordpress\/ -->\n<title>Pr\u00e9sidentielle du 7 septembre: 14 candidats \u00e0 la candidature ont retir\u00e9 les formulaires - La Sentinelle<\/title>\n<meta name=\"robots\" content=\"index, follow, max-snippet:-1, max-image-preview:large, max-video-preview:-1\" \/>\n<link rel=\"canonical\" href=\"https:\/\/lasentinelle.dz\/index.php\/2024\/06\/13\/presidentielle-du-7-septembre-14-candidats-a-la-candidature-ont-retire-les-formulaires\/\" \/>\n<meta property=\"og:locale\" content=\"fr_FR\" \/>\n<meta property=\"og:type\" content=\"article\" \/>\n<meta property=\"og:title\" content=\"Pr\u00e9sidentielle du 7 septembre: 14 candidats \u00e0 la candidature ont retir\u00e9 les formulaires - La Sentinelle\" \/>\n<meta property=\"og:description\" content=\"\u00c0 moins de trois moins de l&rsquo;\u00e9lection pr\u00e9sidentielle du 7 septembre prochain, les choses se mettent en place en perspective\" \/>\n<meta property=\"og:url\" content=\"https:\/\/lasentinelle.dz\/index.php\/2024\/06\/13\/presidentielle-du-7-septembre-14-candidats-a-la-candidature-ont-retire-les-formulaires\/\" \/>\n<meta property=\"og:site_name\" content=\"La Sentinelle\" \/>\n<meta property=\"article:publisher\" content=\"https:\/\/www.facebook.com\/La-Sentinelle-104059864394773\" \/>\n<meta property=\"article:published_time\" content=\"2024-06-13T13:59:00+00:00\" \/>\n<meta property=\"article:modified_time\" content=\"2024-06-15T20:00:55+00:00\" \/>\n<meta property=\"og:image\" content=\"https:\/\/lasentinelle.dz\/wp-content\/uploads\/2022\/10\/vote.png\" \/>\n\t<meta property=\"og:image:width\" content=\"1353\" \/>\n\t<meta property=\"og:image:height\" content=\"900\" \/>\n\t<meta property=\"og:image:type\" content=\"image\/png\" \/>\n<meta name=\"author\" content=\"La Sentinelle\" \/>\n<meta name=\"twitter:card\" content=\"summary_large_image\" \/>\n<meta name=\"twitter:label1\" content=\"\u00c9crit par\" \/>\n\t<meta name=\"twitter:data1\" content=\"La Sentinelle\" \/>\n\t<meta name=\"twitter:label2\" content=\"Dur\u00e9e de lecture estim\u00e9e\" \/>\n\t<meta name=\"twitter:data2\" content=\"4 minutes\" \/>\n<script type=\"application\/ld+json\" class=\"yoast-schema-graph\">{\"@context\":\"https:\\\/\\\/schema.org\",\"@graph\":[{\"@type\":\"Article\",\"@id\":\"https:\\\/\\\/lasentinelle.dz\\\/index.php\\\/2024\\\/06\\\/13\\\/presidentielle-du-7-septembre-14-candidats-a-la-candidature-ont-retire-les-formulaires\\\/#article\",\"isPartOf\":{\"@id\":\"https:\\\/\\\/lasentinelle.dz\\\/index.php\\\/2024\\\/06\\\/13\\\/presidentielle-du-7-septembre-14-candidats-a-la-candidature-ont-retire-les-formulaires\\\/\"},\"author\":{\"name\":\"La Sentinelle\",\"@id\":\"https:\\\/\\\/lasentinelle.dz\\\/#\\\/schema\\\/person\\\/d865044e22e70a75174ce8bcad3acfb3\"},\"headline\":\"Pr\u00e9sidentielle du 7 septembre: 14 candidats \u00e0 la candidature ont retir\u00e9 les formulaires\",\"datePublished\":\"2024-06-13T13:59:00+00:00\",\"dateModified\":\"2024-06-15T20:00:55+00:00\",\"mainEntityOfPage\":{\"@id\":\"https:\\\/\\\/lasentinelle.dz\\\/index.php\\\/2024\\\/06\\\/13\\\/presidentielle-du-7-septembre-14-candidats-a-la-candidature-ont-retire-les-formulaires\\\/\"},\"wordCount\":853,\"commentCount\":0,\"publisher\":{\"@id\":\"https:\\\/\\\/lasentinelle.dz\\\/#organization\"},\"image\":{\"@id\":\"https:\\\/\\\/lasentinelle.dz\\\/index.php\\\/2024\\\/06\\\/13\\\/presidentielle-du-7-septembre-14-candidats-a-la-candidature-ont-retire-les-formulaires\\\/#primaryimage\"},\"thumbnailUrl\":\"https:\\\/\\\/lasentinelle.dz\\\/wp-content\\\/uploads\\\/2022\\\/10\\\/vote.png\",\"articleSection\":[\"\u00c0 la Une\",\"Politique\"],\"inLanguage\":\"fr-FR\",\"potentialAction\":[{\"@type\":\"CommentAction\",\"name\":\"Comment\",\"target\":[\"https:\\\/\\\/lasentinelle.dz\\\/index.php\\\/2024\\\/06\\\/13\\\/presidentielle-du-7-septembre-14-candidats-a-la-candidature-ont-retire-les-formulaires\\\/#respond\"]}]},{\"@type\":\"WebPage\",\"@id\":\"https:\\\/\\\/lasentinelle.dz\\\/index.php\\\/2024\\\/06\\\/13\\\/presidentielle-du-7-septembre-14-candidats-a-la-candidature-ont-retire-les-formulaires\\\/\",\"url\":\"https:\\\/\\\/lasentinelle.dz\\\/index.php\\\/2024\\\/06\\\/13\\\/presidentielle-du-7-septembre-14-candidats-a-la-candidature-ont-retire-les-formulaires\\\/\",\"name\":\"Pr\u00e9sidentielle du 7 septembre: 14 candidats \u00e0 la candidature ont retir\u00e9 les formulaires - La Sentinelle\",\"isPartOf\":{\"@id\":\"https:\\\/\\\/lasentinelle.dz\\\/#website\"},\"primaryImageOfPage\":{\"@id\":\"https:\\\/\\\/lasentinelle.dz\\\/index.php\\\/2024\\\/06\\\/13\\\/presidentielle-du-7-septembre-14-candidats-a-la-candidature-ont-retire-les-formulaires\\\/#primaryimage\"},\"image\":{\"@id\":\"https:\\\/\\\/lasentinelle.dz\\\/index.php\\\/2024\\\/06\\\/13\\\/presidentielle-du-7-septembre-14-candidats-a-la-candidature-ont-retire-les-formulaires\\\/#primaryimage\"},\"thumbnailUrl\":\"https:\\\/\\\/lasentinelle.dz\\\/wp-content\\\/uploads\\\/2022\\\/10\\\/vote.png\",\"datePublished\":\"2024-06-13T13:59:00+00:00\",\"dateModified\":\"2024-06-15T20:00:55+00:00\",\"breadcrumb\":{\"@id\":\"https:\\\/\\\/lasentinelle.dz\\\/index.php\\\/2024\\\/06\\\/13\\\/presidentielle-du-7-septembre-14-candidats-a-la-candidature-ont-retire-les-formulaires\\\/#breadcrumb\"},\"inLanguage\":\"fr-FR\",\"potentialAction\":[{\"@type\":\"ReadAction\",\"target\":[\"https:\\\/\\\/lasentinelle.dz\\\/index.php\\\/2024\\\/06\\\/13\\\/presidentielle-du-7-septembre-14-candidats-a-la-candidature-ont-retire-les-formulaires\\\/\"]}]},{\"@type\":\"ImageObject\",\"inLanguage\":\"fr-FR\",\"@id\":\"https:\\\/\\\/lasentinelle.dz\\\/index.php\\\/2024\\\/06\\\/13\\\/presidentielle-du-7-septembre-14-candidats-a-la-candidature-ont-retire-les-formulaires\\\/#primaryimage\",\"url\":\"https:\\\/\\\/lasentinelle.dz\\\/wp-content\\\/uploads\\\/2022\\\/10\\\/vote.png\",\"contentUrl\":\"https:\\\/\\\/lasentinelle.dz\\\/wp-content\\\/uploads\\\/2022\\\/10\\\/vote.png\",\"width\":1353,\"height\":900},{\"@type\":\"BreadcrumbList\",\"@id\":\"https:\\\/\\\/lasentinelle.dz\\\/index.php\\\/2024\\\/06\\\/13\\\/presidentielle-du-7-septembre-14-candidats-a-la-candidature-ont-retire-les-formulaires\\\/#breadcrumb\",\"itemListElement\":[{\"@type\":\"ListItem\",\"position\":1,\"name\":\"Accueil\",\"item\":\"https:\\\/\\\/lasentinelle.dz\\\/\"},{\"@type\":\"ListItem\",\"position\":2,\"name\":\"Pr\u00e9sidentielle du 7 septembre: 14 candidats \u00e0 la candidature ont retir\u00e9 les formulaires\"}]},{\"@type\":\"WebSite\",\"@id\":\"https:\\\/\\\/lasentinelle.dz\\\/#website\",\"url\":\"https:\\\/\\\/lasentinelle.dz\\\/\",\"name\":\"La Sentinelle\",\"description\":\"Quotidien national d&#039;information\",\"publisher\":{\"@id\":\"https:\\\/\\\/lasentinelle.dz\\\/#organization\"},\"potentialAction\":[{\"@type\":\"SearchAction\",\"target\":{\"@type\":\"EntryPoint\",\"urlTemplate\":\"https:\\\/\\\/lasentinelle.dz\\\/?s={search_term_string}\"},\"query-input\":{\"@type\":\"PropertyValueSpecification\",\"valueRequired\":true,\"valueName\":\"search_term_string\"}}],\"inLanguage\":\"fr-FR\"},{\"@type\":\"Organization\",\"@id\":\"https:\\\/\\\/lasentinelle.dz\\\/#organization\",\"name\":\"Quotidien La Sentinelle\",\"url\":\"https:\\\/\\\/lasentinelle.dz\\\/\",\"logo\":{\"@type\":\"ImageObject\",\"inLanguage\":\"fr-FR\",\"@id\":\"https:\\\/\\\/lasentinelle.dz\\\/#\\\/schema\\\/logo\\\/image\\\/\",\"url\":\"https:\\\/\\\/lasentinelle.dz\\\/wp-content\\\/uploads\\\/2021\\\/09\\\/logo-sentinelleSLOGAN-1.png\",\"contentUrl\":\"https:\\\/\\\/lasentinelle.dz\\\/wp-content\\\/uploads\\\/2021\\\/09\\\/logo-sentinelleSLOGAN-1.png\",\"width\":615,\"height\":142,\"caption\":\"Quotidien La Sentinelle\"},\"image\":{\"@id\":\"https:\\\/\\\/lasentinelle.dz\\\/#\\\/schema\\\/logo\\\/image\\\/\"},\"sameAs\":[\"https:\\\/\\\/www.facebook.com\\\/La-Sentinelle-104059864394773\"]},{\"@type\":\"Person\",\"@id\":\"https:\\\/\\\/lasentinelle.dz\\\/#\\\/schema\\\/person\\\/d865044e22e70a75174ce8bcad3acfb3\",\"name\":\"La Sentinelle\",\"image\":{\"@type\":\"ImageObject\",\"inLanguage\":\"fr-FR\",\"@id\":\"https:\\\/\\\/secure.gravatar.com\\\/avatar\\\/57de8e5d4b15d43fb361a71fbb36338450fe67865b528a43dd10ef7c51a20392?s=96&d=mm&r=g\",\"url\":\"https:\\\/\\\/secure.gravatar.com\\\/avatar\\\/57de8e5d4b15d43fb361a71fbb36338450fe67865b528a43dd10ef7c51a20392?s=96&d=mm&r=g\",\"contentUrl\":\"https:\\\/\\\/secure.gravatar.com\\\/avatar\\\/57de8e5d4b15d43fb361a71fbb36338450fe67865b528a43dd10ef7c51a20392?s=96&d=mm&r=g\",\"caption\":\"La Sentinelle\"},\"sameAs\":[\"http:\\\/\\\/www.lasentinelle.dz\"],\"url\":\"https:\\\/\\\/lasentinelle.dz\\\/author\\\/redaction\\\/\"}]}<\/script>\n<!-- \/ Yoast SEO plugin. -->","yoast_head_json":{"title":"Pr\u00e9sidentielle du 7 septembre: 14 candidats \u00e0 la candidature ont retir\u00e9 les formulaires - La Sentinelle","robots":{"index":"index","follow":"follow","max-snippet":"max-snippet:-1","max-image-preview":"max-image-preview:large","max-video-preview":"max-video-preview:-1"},"canonical":"https:\/\/lasentinelle.dz\/index.php\/2024\/06\/13\/presidentielle-du-7-septembre-14-candidats-a-la-candidature-ont-retire-les-formulaires\/","og_locale":"fr_FR","og_type":"article","og_title":"Pr\u00e9sidentielle du 7 septembre: 14 candidats \u00e0 la candidature ont retir\u00e9 les formulaires - La Sentinelle","og_description":"\u00c0 moins de trois moins de l&rsquo;\u00e9lection pr\u00e9sidentielle du 7 septembre prochain, les choses se mettent en place en perspective","og_url":"https:\/\/lasentinelle.dz\/index.php\/2024\/06\/13\/presidentielle-du-7-septembre-14-candidats-a-la-candidature-ont-retire-les-formulaires\/","og_site_name":"La Sentinelle","article_publisher":"https:\/\/www.facebook.com\/La-Sentinelle-104059864394773","article_published_time":"2024-06-13T13:59:00+00:00","article_modified_time":"2024-06-15T20:00:55+00:00","og_image":[{"width":1353,"height":900,"url":"https:\/\/lasentinelle.dz\/wp-content\/uploads\/2022\/10\/vote.png","type":"image\/png"}],"author":"La Sentinelle","twitter_card":"summary_large_image","twitter_misc":{"\u00c9crit par":"La Sentinelle","Dur\u00e9e de lecture estim\u00e9e":"4 minutes"},"schema":{"@context":"https:\/\/schema.org","@graph":[{"@type":"Article","@id":"https:\/\/lasentinelle.dz\/index.php\/2024\/06\/13\/presidentielle-du-7-septembre-14-candidats-a-la-candidature-ont-retire-les-formulaires\/#article","isPartOf":{"@id":"https:\/\/lasentinelle.dz\/index.php\/2024\/06\/13\/presidentielle-du-7-septembre-14-candidats-a-la-candidature-ont-retire-les-formulaires\/"},"author":{"name":"La Sentinelle","@id":"https:\/\/lasentinelle.dz\/#\/schema\/person\/d865044e22e70a75174ce8bcad3acfb3"},"headline":"Pr\u00e9sidentielle du 7 septembre: 14 candidats \u00e0 la candidature ont retir\u00e9 les formulaires","datePublished":"2024-06-13T13:59:00+00:00","dateModified":"2024-06-15T20:00:55+00:00","mainEntityOfPage":{"@id":"https:\/\/lasentinelle.dz\/index.php\/2024\/06\/13\/presidentielle-du-7-septembre-14-candidats-a-la-candidature-ont-retire-les-formulaires\/"},"wordCount":853,"commentCount":0,"publisher":{"@id":"https:\/\/lasentinelle.dz\/#organization"},"image":{"@id":"https:\/\/lasentinelle.dz\/index.php\/2024\/06\/13\/presidentielle-du-7-septembre-14-candidats-a-la-candidature-ont-retire-les-formulaires\/#primaryimage"},"thumbnailUrl":"https:\/\/lasentinelle.dz\/wp-content\/uploads\/2022\/10\/vote.png","articleSection":["\u00c0 la Une","Politique"],"inLanguage":"fr-FR","potentialAction":[{"@type":"CommentAction","name":"Comment","target":["https:\/\/lasentinelle.dz\/index.php\/2024\/06\/13\/presidentielle-du-7-septembre-14-candidats-a-la-candidature-ont-retire-les-formulaires\/#respond"]}]},{"@type":"WebPage","@id":"https:\/\/lasentinelle.dz\/index.php\/2024\/06\/13\/presidentielle-du-7-septembre-14-candidats-a-la-candidature-ont-retire-les-formulaires\/","url":"https:\/\/lasentinelle.dz\/index.php\/2024\/06\/13\/presidentielle-du-7-septembre-14-candidats-a-la-candidature-ont-retire-les-formulaires\/","name":"Pr\u00e9sidentielle du 7 septembre: 14 candidats \u00e0 la candidature ont retir\u00e9 les formulaires - La Sentinelle","isPartOf":{"@id":"https:\/\/lasentinelle.dz\/#website"},"primaryImageOfPage":{"@id":"https:\/\/lasentinelle.dz\/index.php\/2024\/06\/13\/presidentielle-du-7-septembre-14-candidats-a-la-candidature-ont-retire-les-formulaires\/#primaryimage"},"image":{"@id":"https:\/\/lasentinelle.dz\/index.php\/2024\/06\/13\/presidentielle-du-7-septembre-14-candidats-a-la-candidature-ont-retire-les-formulaires\/#primaryimage"},"thumbnailUrl":"https:\/\/lasentinelle.dz\/wp-content\/uploads\/2022\/10\/vote.png","datePublished":"2024-06-13T13:59:00+00:00","dateModified":"2024-06-15T20:00:55+00:00","breadcrumb":{"@id":"https:\/\/lasentinelle.dz\/index.php\/2024\/06\/13\/presidentielle-du-7-septembre-14-candidats-a-la-candidature-ont-retire-les-formulaires\/#breadcrumb"},"inLanguage":"fr-FR","potentialAction":[{"@type":"ReadAction","target":["https:\/\/lasentinelle.dz\/index.php\/2024\/06\/13\/presidentielle-du-7-septembre-14-candidats-a-la-candidature-ont-retire-les-formulaires\/"]}]},{"@type":"ImageObject","inLanguage":"fr-FR","@id":"https:\/\/lasentinelle.dz\/index.php\/2024\/06\/13\/presidentielle-du-7-septembre-14-candidats-a-la-candidature-ont-retire-les-formulaires\/#primaryimage","url":"https:\/\/lasentinelle.dz\/wp-content\/uploads\/2022\/10\/vote.png","contentUrl":"https:\/\/lasentinelle.dz\/wp-content\/uploads\/2022\/10\/vote.png","width":1353,"height":900},{"@type":"BreadcrumbList","@id":"https:\/\/lasentinelle.dz\/index.php\/2024\/06\/13\/presidentielle-du-7-septembre-14-candidats-a-la-candidature-ont-retire-les-formulaires\/#breadcrumb","itemListElement":[{"@type":"ListItem","position":1,"name":"Accueil","item":"https:\/\/lasentinelle.dz\/"},{"@type":"ListItem","position":2,"name":"Pr\u00e9sidentielle du 7 septembre: 14 candidats \u00e0 la candidature ont retir\u00e9 les formulaires"}]},{"@type":"WebSite","@id":"https:\/\/lasentinelle.dz\/#website","url":"https:\/\/lasentinelle.dz\/","name":"La Sentinelle","description":"Quotidien national d&#039;information","publisher":{"@id":"https:\/\/lasentinelle.dz\/#organization"},"potentialAction":[{"@type":"SearchAction","target":{"@type":"EntryPoint","urlTemplate":"https:\/\/lasentinelle.dz\/?s={search_term_string}"},"query-input":{"@type":"PropertyValueSpecification","valueRequired":true,"valueName":"search_term_string"}}],"inLanguage":"fr-FR"},{"@type":"Organization","@id":"https:\/\/lasentinelle.dz\/#organization","name":"Quotidien La Sentinelle","url":"https:\/\/lasentinelle.dz\/","logo":{"@type":"ImageObject","inLanguage":"fr-FR","@id":"https:\/\/lasentinelle.dz\/#\/schema\/logo\/image\/","url":"https:\/\/lasentinelle.dz\/wp-content\/uploads\/2021\/09\/logo-sentinelleSLOGAN-1.png","contentUrl":"https:\/\/lasentinelle.dz\/wp-content\/uploads\/2021\/09\/logo-sentinelleSLOGAN-1.png","width":615,"height":142,"caption":"Quotidien La Sentinelle"},"image":{"@id":"https:\/\/lasentinelle.dz\/#\/schema\/logo\/image\/"},"sameAs":["https:\/\/www.facebook.com\/La-Sentinelle-104059864394773"]},{"@type":"Person","@id":"https:\/\/lasentinelle.dz\/#\/schema\/person\/d865044e22e70a75174ce8bcad3acfb3","name":"La Sentinelle","image":{"@type":"ImageObject","inLanguage":"fr-FR","@id":"https:\/\/secure.gravatar.com\/avatar\/57de8e5d4b15d43fb361a71fbb36338450fe67865b528a43dd10ef7c51a20392?s=96&d=mm&r=g","url":"https:\/\/secure.gravatar.com\/avatar\/57de8e5d4b15d43fb361a71fbb36338450fe67865b528a43dd10ef7c51a20392?s=96&d=mm&r=g","contentUrl":"https:\/\/secure.gravatar.com\/avatar\/57de8e5d4b15d43fb361a71fbb36338450fe67865b528a43dd10ef7c51a20392?s=96&d=mm&r=g","caption":"La Sentinelle"},"sameAs":["http:\/\/www.lasentinelle.dz"],"url":"https:\/\/lasentinelle.dz\/author\/redaction\/"}]}},"_links":{"self":[{"href":"https:\/\/lasentinelle.dz\/index.php\/wp-json\/wp\/v2\/posts\/53470","targetHints":{"allow":["GET"]}}],"collection":[{"href":"https:\/\/lasentinelle.dz\/index.php\/wp-json\/wp\/v2\/posts"}],"about":[{"href":"https:\/\/lasentinelle.dz\/index.php\/wp-json\/wp\/v2\/types\/post"}],"author":[{"embeddable":true,"href":"https:\/\/lasentinelle.dz\/index.php\/wp-json\/wp\/v2\/users\/3"}],"replies":[{"embeddable":true,"href":"https:\/\/lasentinelle.dz\/index.php\/wp-json\/wp\/v2\/comments?post=53470"}],"version-history":[{"count":1,"href":"https:\/\/lasentinelle.dz\/index.php\/wp-json\/wp\/v2\/posts\/53470\/revisions"}],"predecessor-version":[{"id":53471,"href":"https:\/\/lasentinelle.dz\/index.php\/wp-json\/wp\/v2\/posts\/53470\/revisions\/53471"}],"wp:featuredmedia":[{"embeddable":true,"href":"https:\/\/lasentinelle.dz\/index.php\/wp-json\/wp\/v2\/media\/28899"}],"wp:attachment":[{"href":"https:\/\/lasentinelle.dz\/index.php\/wp-json\/wp\/v2\/media?parent=53470"}],"wp:term":[{"taxonomy":"category","embeddable":true,"href":"https:\/\/lasentinelle.dz\/index.php\/wp-json\/wp\/v2\/categories?post=53470"},{"taxonomy":"post_tag","embeddable":true,"href":"https:\/\/lasentinelle.dz\/index.php\/wp-json\/wp\/v2\/tags?post=53470"}],"curies":[{"name":"wp","href":"https:\/\/api.w.org\/{rel}","templated":true}]}}