{"id":53525,"date":"2024-06-20T15:43:00","date_gmt":"2024-06-20T14:43:00","guid":{"rendered":"https:\/\/lasentinelle.dz\/?p=53525"},"modified":"2024-06-22T15:53:16","modified_gmt":"2024-06-22T14:53:16","slug":"ligue-1-mobilis-berraf-et-korichi-nommes-dg-et-dts-du-crb","status":"publish","type":"post","link":"https:\/\/lasentinelle.dz\/index.php\/2024\/06\/20\/ligue-1-mobilis-berraf-et-korichi-nommes-dg-et-dts-du-crb\/","title":{"rendered":"Ligue 1 Mobilis: Berraf et Korichi nomm\u00e9s DG et DTS du CRB"},"content":{"rendered":"\n<p>Le CR Belouizdad qui a r\u00e9ussi \u00e0 se qualifier pour une participation \u00e0 la ligue des Champions d\u2019Afrique et jouera la finale de la coupe d\u2019Alg\u00e9rie face au Mouloudia d\u2019Alger a proc\u00e9d\u00e9 \u00e0 des changements au niveau de la direction.<\/p>\n\n\n\n<p>Le CR Belouzdad a annonc\u00e9 ce mardi des changements au niveau des la direction du club. En effet, le club de ligue 1 a nomm\u00e9 ce mardi Abdelmoumen Berraf au poste de directeur g\u00e9n\u00e9ral du club en remplacement de Yacine Abdi appel\u00e9 \u00e0 d\u2019autres fonctions ainsi que de Taoufik Korichi, en tant que nouveau directeur technique sportif (DTS), en remplacement de Zakaria Djebbour. En effet, le CR Belouizdad, pensionnaire de la Ligue 1 Mobilis de football, a annonc\u00e9 mardi dans un communiqu\u00e9 publi\u00e9 sur sa page officielle Facebook, la nomination d\u2019Abdelmoumen Berraf, en tant que nouveau directeur g\u00e9n\u00e9ral, en remplacement de Yacine Abdi, appel\u00e9 \u00e0 d\u2019autres fonctions dans le groupe Madar Holding. La passation de consignes a \u00e9t\u00e9 effectu\u00e9e entre les deux hommes au si\u00e8ge du club \u00e0 Sa\u00efd Hamdine (Alger), souligne le communiqu\u00e9. La nomination de Berraf en tant que DG intervient quelques heures apr\u00e8s l\u2019annonce de l\u2019arriv\u00e9e de Taoufik Korichi en tant que nouveau directeur technique sportif (DTS), dans le cadre de la restructuration du club d\u00e9cid\u00e9e par Madar Holding, actionnaire majoritaire. Berraf qui d\u00e9tient plusieurs dipl\u00f4mes sup\u00e9rieurs en gestion, est un ancien cadre de la F\u00e9d\u00e9ration alg\u00e9rienne (FAF), au sein de laquelle il avait cumul\u00e9 une riche exp\u00e9rience pour avoir \u00e9t\u00e9 \u00e0 la t\u00eate de l\u2019administration g\u00e9n\u00e9rale, et avait c\u00f4toy\u00e9 plusieurs pr\u00e9sidents de l\u2019instance f\u00e9d\u00e9rale pendant dix ann\u00e9es pass\u00e9es au sein de la FAF, ajoute la m\u00eame source. Le pr\u00e9sident du Conseil d\u2019administration du club, Mehdi Rabehi, a install\u00e9 ce mardi Taoufik Korichi \u00e0 la t\u00eate de la direction technique sportive (DTS), en remplacement de Zakaria Djebbour, souligne le communiqu\u00e9. Taoufik Korichi (66 ans) a d\u00e9missionn\u00e9, il y a trois semaines, de son poste de manager sportif de l\u2019USM Alger. Korichi a demand\u00e9 d\u2019abord un temps de r\u00e9flexion, apr\u00e8s plusieurs contacts entrepris par le pr\u00e9sident du Conseil d\u2019administration, avant d\u2019accepter de prendre ce poste pour diriger les jeunes cat\u00e9gories de l\u2019\u00e9quipe et prendre en charge le projet sportif du club, ajoute la m\u00eame source. Pour rappel, l\u2019ancien directeur technique national (DTN) de la F\u00e9d\u00e9ration alg\u00e9rienne (FAF) avait d\u00e9j\u00e0 travaill\u00e9 au sein du Chabab, en tant que manager g\u00e9n\u00e9ral. La direction a d\u00e9cid\u00e9 de faire appel \u00e0 ses services, au vu de sa comp\u00e9tence et sa longue exp\u00e9rience dans le domaine de la gestion, en plus du fait qu\u2019il s\u2019agit d\u2019une personne qui conna\u00eet assez bien l\u2019environnement du CRB, chose qui va contribuer \u00e0 un d\u00e9part en force la saison prochaine, conclut la m\u00eame source. Apr\u00e8s quatre saisons d\u2019h\u00e9g\u00e9monie, le CRB a perdu son titre de champion au profit du MC Alger, sacr\u00e9 pour la 8e fois de son histoire. Le club phare de La\u00e2quiba a termin\u00e9 \u00e0 la position de dauphin, \u00e0 douze longueurs du champion. Le Chabab aura une belle occasion de sauver sa saison, en disputant la finale de la 57e Coupe d\u2019Alg\u00e9rie face au MCA, \u00e0 une date qui reste \u00e0 d\u00e9terminer.<\/p>\n\n\n\n<p>R.S<\/p>\n","protected":false},"excerpt":{"rendered":"<p>Le CR Belouizdad qui a r\u00e9ussi \u00e0 se qualifier pour une participation \u00e0 la ligue des Champions d\u2019Afrique et jouera<\/p>\n","protected":false},"author":3,"featured_media":53526,"comment_status":"open","ping_status":"closed","sticky":false,"template":"","format":"standard","meta":{"colormag_page_container_layout":"default_layout","colormag_page_sidebar_layout":"default_layout","om_disable_all_campaigns":false,"_monsterinsights_skip_tracking":false,"_monsterinsights_sitenote_active":false,"_monsterinsights_sitenote_note":"","_monsterinsights_sitenote_category":0,"footnotes":"","_wpscppro_dont_share_socialmedia":false,"_wpscppro_custom_social_share_image":0,"_facebook_share_type":"default","_twitter_share_type":"default","_linkedin_share_type":"default","_pinterest_share_type":"default","_linkedin_share_type_page":"","_instagram_share_type":"default","_medium_share_type":"","_threads_share_type":"","_google_business_share_type":"","_selected_social_profile":[],"_wpsp_enable_custom_social_template":false,"_wpsp_social_scheduling":{"enabled":false,"datetime":null,"platforms":[],"status":"template_only","dateOption":"today","timeOption":"now","customDays":"","customHours":"","customDate":"","customTime":"","schedulingType":"absolute"},"_wpsp_active_default_template":true},"categories":[52,33],"tags":[],"class_list":["post-53525","post","type-post","status-publish","format-standard","has-post-thumbnail","hentry","category-a-la-une","category-sports"],"aioseo_notices":[],"yoast_head":"<!-- This site is optimized with the Yoast SEO plugin v27.5 - https:\/\/yoast.com\/product\/yoast-seo-wordpress\/ -->\n<title>Ligue 1 Mobilis: Berraf et Korichi nomm\u00e9s DG et DTS du CRB - La Sentinelle<\/title>\n<meta name=\"robots\" content=\"index, follow, max-snippet:-1, max-image-preview:large, max-video-preview:-1\" \/>\n<link rel=\"canonical\" href=\"https:\/\/lasentinelle.dz\/index.php\/2024\/06\/20\/ligue-1-mobilis-berraf-et-korichi-nommes-dg-et-dts-du-crb\/\" \/>\n<meta property=\"og:locale\" content=\"fr_FR\" \/>\n<meta property=\"og:type\" content=\"article\" \/>\n<meta property=\"og:title\" content=\"Ligue 1 Mobilis: Berraf et Korichi nomm\u00e9s DG et DTS du CRB - La Sentinelle\" \/>\n<meta property=\"og:description\" content=\"Le CR Belouizdad qui a r\u00e9ussi \u00e0 se qualifier pour une participation \u00e0 la ligue des Champions d\u2019Afrique et jouera\" \/>\n<meta property=\"og:url\" content=\"https:\/\/lasentinelle.dz\/index.php\/2024\/06\/20\/ligue-1-mobilis-berraf-et-korichi-nommes-dg-et-dts-du-crb\/\" \/>\n<meta property=\"og:site_name\" content=\"La Sentinelle\" \/>\n<meta property=\"article:publisher\" content=\"https:\/\/www.facebook.com\/La-Sentinelle-104059864394773\" \/>\n<meta property=\"article:published_time\" content=\"2024-06-20T14:43:00+00:00\" \/>\n<meta property=\"article:modified_time\" content=\"2024-06-22T14:53:16+00:00\" \/>\n<meta property=\"og:image\" content=\"https:\/\/lasentinelle.dz\/wp-content\/uploads\/2024\/06\/korichi.webp\" \/>\n\t<meta property=\"og:image:width\" content=\"512\" \/>\n\t<meta property=\"og:image:height\" content=\"332\" \/>\n\t<meta property=\"og:image:type\" content=\"image\/webp\" \/>\n<meta name=\"author\" content=\"La Sentinelle\" \/>\n<meta name=\"twitter:card\" content=\"summary_large_image\" \/>\n<meta name=\"twitter:label1\" content=\"\u00c9crit par\" \/>\n\t<meta name=\"twitter:data1\" content=\"La Sentinelle\" \/>\n\t<meta name=\"twitter:label2\" content=\"Dur\u00e9e de lecture estim\u00e9e\" \/>\n\t<meta name=\"twitter:data2\" content=\"3 minutes\" \/>\n<script type=\"application\/ld+json\" class=\"yoast-schema-graph\">{\"@context\":\"https:\\\/\\\/schema.org\",\"@graph\":[{\"@type\":\"Article\",\"@id\":\"https:\\\/\\\/lasentinelle.dz\\\/index.php\\\/2024\\\/06\\\/20\\\/ligue-1-mobilis-berraf-et-korichi-nommes-dg-et-dts-du-crb\\\/#article\",\"isPartOf\":{\"@id\":\"https:\\\/\\\/lasentinelle.dz\\\/index.php\\\/2024\\\/06\\\/20\\\/ligue-1-mobilis-berraf-et-korichi-nommes-dg-et-dts-du-crb\\\/\"},\"author\":{\"name\":\"La Sentinelle\",\"@id\":\"https:\\\/\\\/lasentinelle.dz\\\/#\\\/schema\\\/person\\\/d865044e22e70a75174ce8bcad3acfb3\"},\"headline\":\"Ligue 1 Mobilis: Berraf et Korichi nomm\u00e9s DG et DTS du CRB\",\"datePublished\":\"2024-06-20T14:43:00+00:00\",\"dateModified\":\"2024-06-22T14:53:16+00:00\",\"mainEntityOfPage\":{\"@id\":\"https:\\\/\\\/lasentinelle.dz\\\/index.php\\\/2024\\\/06\\\/20\\\/ligue-1-mobilis-berraf-et-korichi-nommes-dg-et-dts-du-crb\\\/\"},\"wordCount\":595,\"commentCount\":0,\"publisher\":{\"@id\":\"https:\\\/\\\/lasentinelle.dz\\\/#organization\"},\"image\":{\"@id\":\"https:\\\/\\\/lasentinelle.dz\\\/index.php\\\/2024\\\/06\\\/20\\\/ligue-1-mobilis-berraf-et-korichi-nommes-dg-et-dts-du-crb\\\/#primaryimage\"},\"thumbnailUrl\":\"https:\\\/\\\/lasentinelle.dz\\\/wp-content\\\/uploads\\\/2024\\\/06\\\/korichi.webp\",\"articleSection\":[\"\u00c0 la Une\",\"Sports\"],\"inLanguage\":\"fr-FR\",\"potentialAction\":[{\"@type\":\"CommentAction\",\"name\":\"Comment\",\"target\":[\"https:\\\/\\\/lasentinelle.dz\\\/index.php\\\/2024\\\/06\\\/20\\\/ligue-1-mobilis-berraf-et-korichi-nommes-dg-et-dts-du-crb\\\/#respond\"]}]},{\"@type\":\"WebPage\",\"@id\":\"https:\\\/\\\/lasentinelle.dz\\\/index.php\\\/2024\\\/06\\\/20\\\/ligue-1-mobilis-berraf-et-korichi-nommes-dg-et-dts-du-crb\\\/\",\"url\":\"https:\\\/\\\/lasentinelle.dz\\\/index.php\\\/2024\\\/06\\\/20\\\/ligue-1-mobilis-berraf-et-korichi-nommes-dg-et-dts-du-crb\\\/\",\"name\":\"Ligue 1 Mobilis: Berraf et Korichi nomm\u00e9s DG et DTS du CRB - La Sentinelle\",\"isPartOf\":{\"@id\":\"https:\\\/\\\/lasentinelle.dz\\\/#website\"},\"primaryImageOfPage\":{\"@id\":\"https:\\\/\\\/lasentinelle.dz\\\/index.php\\\/2024\\\/06\\\/20\\\/ligue-1-mobilis-berraf-et-korichi-nommes-dg-et-dts-du-crb\\\/#primaryimage\"},\"image\":{\"@id\":\"https:\\\/\\\/lasentinelle.dz\\\/index.php\\\/2024\\\/06\\\/20\\\/ligue-1-mobilis-berraf-et-korichi-nommes-dg-et-dts-du-crb\\\/#primaryimage\"},\"thumbnailUrl\":\"https:\\\/\\\/lasentinelle.dz\\\/wp-content\\\/uploads\\\/2024\\\/06\\\/korichi.webp\",\"datePublished\":\"2024-06-20T14:43:00+00:00\",\"dateModified\":\"2024-06-22T14:53:16+00:00\",\"breadcrumb\":{\"@id\":\"https:\\\/\\\/lasentinelle.dz\\\/index.php\\\/2024\\\/06\\\/20\\\/ligue-1-mobilis-berraf-et-korichi-nommes-dg-et-dts-du-crb\\\/#breadcrumb\"},\"inLanguage\":\"fr-FR\",\"potentialAction\":[{\"@type\":\"ReadAction\",\"target\":[\"https:\\\/\\\/lasentinelle.dz\\\/index.php\\\/2024\\\/06\\\/20\\\/ligue-1-mobilis-berraf-et-korichi-nommes-dg-et-dts-du-crb\\\/\"]}]},{\"@type\":\"ImageObject\",\"inLanguage\":\"fr-FR\",\"@id\":\"https:\\\/\\\/lasentinelle.dz\\\/index.php\\\/2024\\\/06\\\/20\\\/ligue-1-mobilis-berraf-et-korichi-nommes-dg-et-dts-du-crb\\\/#primaryimage\",\"url\":\"https:\\\/\\\/lasentinelle.dz\\\/wp-content\\\/uploads\\\/2024\\\/06\\\/korichi.webp\",\"contentUrl\":\"https:\\\/\\\/lasentinelle.dz\\\/wp-content\\\/uploads\\\/2024\\\/06\\\/korichi.webp\",\"width\":512,\"height\":332},{\"@type\":\"BreadcrumbList\",\"@id\":\"https:\\\/\\\/lasentinelle.dz\\\/index.php\\\/2024\\\/06\\\/20\\\/ligue-1-mobilis-berraf-et-korichi-nommes-dg-et-dts-du-crb\\\/#breadcrumb\",\"itemListElement\":[{\"@type\":\"ListItem\",\"position\":1,\"name\":\"Accueil\",\"item\":\"https:\\\/\\\/lasentinelle.dz\\\/\"},{\"@type\":\"ListItem\",\"position\":2,\"name\":\"Ligue 1 Mobilis: Berraf et Korichi nomm\u00e9s DG et DTS du CRB\"}]},{\"@type\":\"WebSite\",\"@id\":\"https:\\\/\\\/lasentinelle.dz\\\/#website\",\"url\":\"https:\\\/\\\/lasentinelle.dz\\\/\",\"name\":\"La Sentinelle\",\"description\":\"Quotidien national d&#039;information\",\"publisher\":{\"@id\":\"https:\\\/\\\/lasentinelle.dz\\\/#organization\"},\"potentialAction\":[{\"@type\":\"SearchAction\",\"target\":{\"@type\":\"EntryPoint\",\"urlTemplate\":\"https:\\\/\\\/lasentinelle.dz\\\/?s={search_term_string}\"},\"query-input\":{\"@type\":\"PropertyValueSpecification\",\"valueRequired\":true,\"valueName\":\"search_term_string\"}}],\"inLanguage\":\"fr-FR\"},{\"@type\":\"Organization\",\"@id\":\"https:\\\/\\\/lasentinelle.dz\\\/#organization\",\"name\":\"Quotidien La Sentinelle\",\"url\":\"https:\\\/\\\/lasentinelle.dz\\\/\",\"logo\":{\"@type\":\"ImageObject\",\"inLanguage\":\"fr-FR\",\"@id\":\"https:\\\/\\\/lasentinelle.dz\\\/#\\\/schema\\\/logo\\\/image\\\/\",\"url\":\"https:\\\/\\\/lasentinelle.dz\\\/wp-content\\\/uploads\\\/2021\\\/09\\\/logo-sentinelleSLOGAN-1.png\",\"contentUrl\":\"https:\\\/\\\/lasentinelle.dz\\\/wp-content\\\/uploads\\\/2021\\\/09\\\/logo-sentinelleSLOGAN-1.png\",\"width\":615,\"height\":142,\"caption\":\"Quotidien La Sentinelle\"},\"image\":{\"@id\":\"https:\\\/\\\/lasentinelle.dz\\\/#\\\/schema\\\/logo\\\/image\\\/\"},\"sameAs\":[\"https:\\\/\\\/www.facebook.com\\\/La-Sentinelle-104059864394773\"]},{\"@type\":\"Person\",\"@id\":\"https:\\\/\\\/lasentinelle.dz\\\/#\\\/schema\\\/person\\\/d865044e22e70a75174ce8bcad3acfb3\",\"name\":\"La Sentinelle\",\"image\":{\"@type\":\"ImageObject\",\"inLanguage\":\"fr-FR\",\"@id\":\"https:\\\/\\\/secure.gravatar.com\\\/avatar\\\/57de8e5d4b15d43fb361a71fbb36338450fe67865b528a43dd10ef7c51a20392?s=96&d=mm&r=g\",\"url\":\"https:\\\/\\\/secure.gravatar.com\\\/avatar\\\/57de8e5d4b15d43fb361a71fbb36338450fe67865b528a43dd10ef7c51a20392?s=96&d=mm&r=g\",\"contentUrl\":\"https:\\\/\\\/secure.gravatar.com\\\/avatar\\\/57de8e5d4b15d43fb361a71fbb36338450fe67865b528a43dd10ef7c51a20392?s=96&d=mm&r=g\",\"caption\":\"La Sentinelle\"},\"sameAs\":[\"http:\\\/\\\/www.lasentinelle.dz\"],\"url\":\"https:\\\/\\\/lasentinelle.dz\\\/author\\\/redaction\\\/\"}]}<\/script>\n<!-- \/ Yoast SEO plugin. -->","yoast_head_json":{"title":"Ligue 1 Mobilis: Berraf et Korichi nomm\u00e9s DG et DTS du CRB - La Sentinelle","robots":{"index":"index","follow":"follow","max-snippet":"max-snippet:-1","max-image-preview":"max-image-preview:large","max-video-preview":"max-video-preview:-1"},"canonical":"https:\/\/lasentinelle.dz\/index.php\/2024\/06\/20\/ligue-1-mobilis-berraf-et-korichi-nommes-dg-et-dts-du-crb\/","og_locale":"fr_FR","og_type":"article","og_title":"Ligue 1 Mobilis: Berraf et Korichi nomm\u00e9s DG et DTS du CRB - La Sentinelle","og_description":"Le CR Belouizdad qui a r\u00e9ussi \u00e0 se qualifier pour une participation \u00e0 la ligue des Champions d\u2019Afrique et jouera","og_url":"https:\/\/lasentinelle.dz\/index.php\/2024\/06\/20\/ligue-1-mobilis-berraf-et-korichi-nommes-dg-et-dts-du-crb\/","og_site_name":"La Sentinelle","article_publisher":"https:\/\/www.facebook.com\/La-Sentinelle-104059864394773","article_published_time":"2024-06-20T14:43:00+00:00","article_modified_time":"2024-06-22T14:53:16+00:00","og_image":[{"width":512,"height":332,"url":"https:\/\/lasentinelle.dz\/wp-content\/uploads\/2024\/06\/korichi.webp","type":"image\/webp"}],"author":"La Sentinelle","twitter_card":"summary_large_image","twitter_misc":{"\u00c9crit par":"La Sentinelle","Dur\u00e9e de lecture estim\u00e9e":"3 minutes"},"schema":{"@context":"https:\/\/schema.org","@graph":[{"@type":"Article","@id":"https:\/\/lasentinelle.dz\/index.php\/2024\/06\/20\/ligue-1-mobilis-berraf-et-korichi-nommes-dg-et-dts-du-crb\/#article","isPartOf":{"@id":"https:\/\/lasentinelle.dz\/index.php\/2024\/06\/20\/ligue-1-mobilis-berraf-et-korichi-nommes-dg-et-dts-du-crb\/"},"author":{"name":"La Sentinelle","@id":"https:\/\/lasentinelle.dz\/#\/schema\/person\/d865044e22e70a75174ce8bcad3acfb3"},"headline":"Ligue 1 Mobilis: Berraf et Korichi nomm\u00e9s DG et DTS du CRB","datePublished":"2024-06-20T14:43:00+00:00","dateModified":"2024-06-22T14:53:16+00:00","mainEntityOfPage":{"@id":"https:\/\/lasentinelle.dz\/index.php\/2024\/06\/20\/ligue-1-mobilis-berraf-et-korichi-nommes-dg-et-dts-du-crb\/"},"wordCount":595,"commentCount":0,"publisher":{"@id":"https:\/\/lasentinelle.dz\/#organization"},"image":{"@id":"https:\/\/lasentinelle.dz\/index.php\/2024\/06\/20\/ligue-1-mobilis-berraf-et-korichi-nommes-dg-et-dts-du-crb\/#primaryimage"},"thumbnailUrl":"https:\/\/lasentinelle.dz\/wp-content\/uploads\/2024\/06\/korichi.webp","articleSection":["\u00c0 la Une","Sports"],"inLanguage":"fr-FR","potentialAction":[{"@type":"CommentAction","name":"Comment","target":["https:\/\/lasentinelle.dz\/index.php\/2024\/06\/20\/ligue-1-mobilis-berraf-et-korichi-nommes-dg-et-dts-du-crb\/#respond"]}]},{"@type":"WebPage","@id":"https:\/\/lasentinelle.dz\/index.php\/2024\/06\/20\/ligue-1-mobilis-berraf-et-korichi-nommes-dg-et-dts-du-crb\/","url":"https:\/\/lasentinelle.dz\/index.php\/2024\/06\/20\/ligue-1-mobilis-berraf-et-korichi-nommes-dg-et-dts-du-crb\/","name":"Ligue 1 Mobilis: Berraf et Korichi nomm\u00e9s DG et DTS du CRB - La Sentinelle","isPartOf":{"@id":"https:\/\/lasentinelle.dz\/#website"},"primaryImageOfPage":{"@id":"https:\/\/lasentinelle.dz\/index.php\/2024\/06\/20\/ligue-1-mobilis-berraf-et-korichi-nommes-dg-et-dts-du-crb\/#primaryimage"},"image":{"@id":"https:\/\/lasentinelle.dz\/index.php\/2024\/06\/20\/ligue-1-mobilis-berraf-et-korichi-nommes-dg-et-dts-du-crb\/#primaryimage"},"thumbnailUrl":"https:\/\/lasentinelle.dz\/wp-content\/uploads\/2024\/06\/korichi.webp","datePublished":"2024-06-20T14:43:00+00:00","dateModified":"2024-06-22T14:53:16+00:00","breadcrumb":{"@id":"https:\/\/lasentinelle.dz\/index.php\/2024\/06\/20\/ligue-1-mobilis-berraf-et-korichi-nommes-dg-et-dts-du-crb\/#breadcrumb"},"inLanguage":"fr-FR","potentialAction":[{"@type":"ReadAction","target":["https:\/\/lasentinelle.dz\/index.php\/2024\/06\/20\/ligue-1-mobilis-berraf-et-korichi-nommes-dg-et-dts-du-crb\/"]}]},{"@type":"ImageObject","inLanguage":"fr-FR","@id":"https:\/\/lasentinelle.dz\/index.php\/2024\/06\/20\/ligue-1-mobilis-berraf-et-korichi-nommes-dg-et-dts-du-crb\/#primaryimage","url":"https:\/\/lasentinelle.dz\/wp-content\/uploads\/2024\/06\/korichi.webp","contentUrl":"https:\/\/lasentinelle.dz\/wp-content\/uploads\/2024\/06\/korichi.webp","width":512,"height":332},{"@type":"BreadcrumbList","@id":"https:\/\/lasentinelle.dz\/index.php\/2024\/06\/20\/ligue-1-mobilis-berraf-et-korichi-nommes-dg-et-dts-du-crb\/#breadcrumb","itemListElement":[{"@type":"ListItem","position":1,"name":"Accueil","item":"https:\/\/lasentinelle.dz\/"},{"@type":"ListItem","position":2,"name":"Ligue 1 Mobilis: Berraf et Korichi nomm\u00e9s DG et DTS du CRB"}]},{"@type":"WebSite","@id":"https:\/\/lasentinelle.dz\/#website","url":"https:\/\/lasentinelle.dz\/","name":"La Sentinelle","description":"Quotidien national d&#039;information","publisher":{"@id":"https:\/\/lasentinelle.dz\/#organization"},"potentialAction":[{"@type":"SearchAction","target":{"@type":"EntryPoint","urlTemplate":"https:\/\/lasentinelle.dz\/?s={search_term_string}"},"query-input":{"@type":"PropertyValueSpecification","valueRequired":true,"valueName":"search_term_string"}}],"inLanguage":"fr-FR"},{"@type":"Organization","@id":"https:\/\/lasentinelle.dz\/#organization","name":"Quotidien La Sentinelle","url":"https:\/\/lasentinelle.dz\/","logo":{"@type":"ImageObject","inLanguage":"fr-FR","@id":"https:\/\/lasentinelle.dz\/#\/schema\/logo\/image\/","url":"https:\/\/lasentinelle.dz\/wp-content\/uploads\/2021\/09\/logo-sentinelleSLOGAN-1.png","contentUrl":"https:\/\/lasentinelle.dz\/wp-content\/uploads\/2021\/09\/logo-sentinelleSLOGAN-1.png","width":615,"height":142,"caption":"Quotidien La Sentinelle"},"image":{"@id":"https:\/\/lasentinelle.dz\/#\/schema\/logo\/image\/"},"sameAs":["https:\/\/www.facebook.com\/La-Sentinelle-104059864394773"]},{"@type":"Person","@id":"https:\/\/lasentinelle.dz\/#\/schema\/person\/d865044e22e70a75174ce8bcad3acfb3","name":"La Sentinelle","image":{"@type":"ImageObject","inLanguage":"fr-FR","@id":"https:\/\/secure.gravatar.com\/avatar\/57de8e5d4b15d43fb361a71fbb36338450fe67865b528a43dd10ef7c51a20392?s=96&d=mm&r=g","url":"https:\/\/secure.gravatar.com\/avatar\/57de8e5d4b15d43fb361a71fbb36338450fe67865b528a43dd10ef7c51a20392?s=96&d=mm&r=g","contentUrl":"https:\/\/secure.gravatar.com\/avatar\/57de8e5d4b15d43fb361a71fbb36338450fe67865b528a43dd10ef7c51a20392?s=96&d=mm&r=g","caption":"La Sentinelle"},"sameAs":["http:\/\/www.lasentinelle.dz"],"url":"https:\/\/lasentinelle.dz\/author\/redaction\/"}]}},"_links":{"self":[{"href":"https:\/\/lasentinelle.dz\/index.php\/wp-json\/wp\/v2\/posts\/53525","targetHints":{"allow":["GET"]}}],"collection":[{"href":"https:\/\/lasentinelle.dz\/index.php\/wp-json\/wp\/v2\/posts"}],"about":[{"href":"https:\/\/lasentinelle.dz\/index.php\/wp-json\/wp\/v2\/types\/post"}],"author":[{"embeddable":true,"href":"https:\/\/lasentinelle.dz\/index.php\/wp-json\/wp\/v2\/users\/3"}],"replies":[{"embeddable":true,"href":"https:\/\/lasentinelle.dz\/index.php\/wp-json\/wp\/v2\/comments?post=53525"}],"version-history":[{"count":1,"href":"https:\/\/lasentinelle.dz\/index.php\/wp-json\/wp\/v2\/posts\/53525\/revisions"}],"predecessor-version":[{"id":53527,"href":"https:\/\/lasentinelle.dz\/index.php\/wp-json\/wp\/v2\/posts\/53525\/revisions\/53527"}],"wp:featuredmedia":[{"embeddable":true,"href":"https:\/\/lasentinelle.dz\/index.php\/wp-json\/wp\/v2\/media\/53526"}],"wp:attachment":[{"href":"https:\/\/lasentinelle.dz\/index.php\/wp-json\/wp\/v2\/media?parent=53525"}],"wp:term":[{"taxonomy":"category","embeddable":true,"href":"https:\/\/lasentinelle.dz\/index.php\/wp-json\/wp\/v2\/categories?post=53525"},{"taxonomy":"post_tag","embeddable":true,"href":"https:\/\/lasentinelle.dz\/index.php\/wp-json\/wp\/v2\/tags?post=53525"}],"curies":[{"name":"wp","href":"https:\/\/api.w.org\/{rel}","templated":true}]}}