{"id":53528,"date":"2024-06-20T15:57:00","date_gmt":"2024-06-20T14:57:00","guid":{"rendered":"https:\/\/lasentinelle.dz\/?p=53528"},"modified":"2024-06-22T15:59:11","modified_gmt":"2024-06-22T14:59:11","slug":"chaabi-a-paris-hamid-achaibou-chante-au-cca","status":"publish","type":"post","link":"https:\/\/lasentinelle.dz\/index.php\/2024\/06\/20\/chaabi-a-paris-hamid-achaibou-chante-au-cca\/","title":{"rendered":"Cha\u00e2bi \u00e0 Paris: Hamid Achaibou chante au CCA"},"content":{"rendered":"\n<p>Hamid Achaibou qui donnera un concert le samedi 29 juin au centre culturel alg\u00e9rien \u00e0 Paris est chanteur, compositeur, chef d\u2019orchestre et professeur.<\/p>\n\n\n\n<p>Dans tous les genres de musique, il y a des chanteurs qui ne courent pas vers la c\u00e9l\u00e9brit\u00e9 en enregistrant des chansons \u00e0 succ\u00e8s mais qui chantent pour leur plaisir et pour les connaisseurs. Hamid Achaibou est de cette trempe. Pass\u00e9 par le conservatoire, il a su profiter du savoir de plusieurs professeurs et maitres de la chanson andalouse, Hawzi et Cha\u00e2bi notamment Mustapha Boutriche, El-Hadj Mamed Benchaouche, Arezki Harbit, Zoubir Kerkachi, Abdelaziz Babaya, Mohamed Rachid, Sid-Ahmed Benmerad et Mohamed Selmi qui \u00e9tait surnomm\u00e9 Ziryab et qui fut l\u2019une des plus belles voix de la chanson andalouse. Hamid Achaibou qui donnera un concert le samedi 29 juin au centre culturel alg\u00e9rien \u00e0 Paris est chanteur, compositeur, chef d\u2019orchestre et professeur.&nbsp; Achaibou qui sait passer de l\u2019andalou au Cha\u00e2bi en passant par le Hawzi saura emmener en voyage musical les invit\u00e9s du CCA. Pour rappel ce chanteur qui est pass\u00e9 par le conservatoire par plusieurs associations andalouses notamment El Fekhardjia avait d\u00e8s 1985, enregistr\u00e9 \u00e0 la t\u00e9l\u00e9vision deux Noubas alors que l\u2019orchestre \u00e9tait dirig\u00e9 par le grand pianiste Mustapha Skandrani. Vu son exp\u00e9rience, Hamid Achaibou peut ais\u00e9ment passer du pur andalou au Cha\u00e2bi en passant par le Hawzi. Ce chanteur et musicien qui a d\u00e9j\u00e0 une belle carri\u00e8re derri\u00e8re lui a c\u00f4toy\u00e9 les plus grands musiciens notamment le maitre du violon Abdelghani Belkaid, Alilou, Boudjem\u00e2a Ferguene et Skandrani. Il a chant\u00e9 des paroles de Mohamed El Badji et avant qu\u2019il ne d\u00e9c\u00e8de, le grand Mahboub Bati lui avait \u00e9crit et compos\u00e9 six chansons. Le concert du CCA est organis\u00e9 en partenariat avec l\u2019association Au fil des cultures.<\/p>\n\n\n\n<p><strong>Bari S.<\/strong><\/p>\n","protected":false},"excerpt":{"rendered":"<p>Hamid Achaibou qui donnera un concert le samedi 29 juin au centre culturel alg\u00e9rien \u00e0 Paris est chanteur, compositeur, chef<\/p>\n","protected":false},"author":3,"featured_media":53529,"comment_status":"open","ping_status":"closed","sticky":false,"template":"","format":"standard","meta":{"colormag_page_container_layout":"default_layout","colormag_page_sidebar_layout":"default_layout","om_disable_all_campaigns":false,"_monsterinsights_skip_tracking":false,"_monsterinsights_sitenote_active":false,"_monsterinsights_sitenote_note":"","_monsterinsights_sitenote_category":0,"footnotes":"","_wpscppro_dont_share_socialmedia":false,"_wpscppro_custom_social_share_image":0,"_facebook_share_type":"default","_twitter_share_type":"default","_linkedin_share_type":"default","_pinterest_share_type":"default","_linkedin_share_type_page":"","_instagram_share_type":"default","_medium_share_type":"","_threads_share_type":"","_google_business_share_type":"","_selected_social_profile":[],"_wpsp_enable_custom_social_template":false,"_wpsp_social_scheduling":{"enabled":false,"datetime":null,"platforms":[],"status":"template_only","dateOption":"today","timeOption":"now","customDays":"","customHours":"","customDate":"","customTime":"","schedulingType":"absolute"},"_wpsp_active_default_template":true},"categories":[36],"tags":[],"class_list":["post-53528","post","type-post","status-publish","format-standard","has-post-thumbnail","hentry","category-culture"],"aioseo_notices":[],"yoast_head":"<!-- This site is optimized with the Yoast SEO plugin v27.5 - https:\/\/yoast.com\/product\/yoast-seo-wordpress\/ -->\n<title>Cha\u00e2bi \u00e0 Paris: Hamid Achaibou chante au CCA - La Sentinelle<\/title>\n<meta name=\"robots\" content=\"index, follow, max-snippet:-1, max-image-preview:large, max-video-preview:-1\" \/>\n<link rel=\"canonical\" href=\"https:\/\/lasentinelle.dz\/index.php\/2024\/06\/20\/chaabi-a-paris-hamid-achaibou-chante-au-cca\/\" \/>\n<meta property=\"og:locale\" content=\"fr_FR\" \/>\n<meta property=\"og:type\" content=\"article\" \/>\n<meta property=\"og:title\" content=\"Cha\u00e2bi \u00e0 Paris: Hamid Achaibou chante au CCA - La Sentinelle\" \/>\n<meta property=\"og:description\" content=\"Hamid Achaibou qui donnera un concert le samedi 29 juin au centre culturel alg\u00e9rien \u00e0 Paris est chanteur, compositeur, chef\" \/>\n<meta property=\"og:url\" content=\"https:\/\/lasentinelle.dz\/index.php\/2024\/06\/20\/chaabi-a-paris-hamid-achaibou-chante-au-cca\/\" \/>\n<meta property=\"og:site_name\" content=\"La Sentinelle\" \/>\n<meta property=\"article:publisher\" content=\"https:\/\/www.facebook.com\/La-Sentinelle-104059864394773\" \/>\n<meta property=\"article:published_time\" content=\"2024-06-20T14:57:00+00:00\" \/>\n<meta property=\"article:modified_time\" content=\"2024-06-22T14:59:11+00:00\" \/>\n<meta property=\"og:image\" content=\"https:\/\/lasentinelle.dz\/wp-content\/uploads\/2024\/06\/Hamid-Achaibou-.jpeg\" \/>\n\t<meta property=\"og:image:width\" content=\"966\" \/>\n\t<meta property=\"og:image:height\" content=\"545\" \/>\n\t<meta property=\"og:image:type\" content=\"image\/jpeg\" \/>\n<meta name=\"author\" content=\"La Sentinelle\" \/>\n<meta name=\"twitter:card\" content=\"summary_large_image\" \/>\n<meta name=\"twitter:label1\" content=\"\u00c9crit par\" \/>\n\t<meta name=\"twitter:data1\" content=\"La Sentinelle\" \/>\n\t<meta name=\"twitter:label2\" content=\"Dur\u00e9e de lecture estim\u00e9e\" \/>\n\t<meta name=\"twitter:data2\" content=\"2 minutes\" \/>\n<script type=\"application\/ld+json\" class=\"yoast-schema-graph\">{\"@context\":\"https:\\\/\\\/schema.org\",\"@graph\":[{\"@type\":\"Article\",\"@id\":\"https:\\\/\\\/lasentinelle.dz\\\/index.php\\\/2024\\\/06\\\/20\\\/chaabi-a-paris-hamid-achaibou-chante-au-cca\\\/#article\",\"isPartOf\":{\"@id\":\"https:\\\/\\\/lasentinelle.dz\\\/index.php\\\/2024\\\/06\\\/20\\\/chaabi-a-paris-hamid-achaibou-chante-au-cca\\\/\"},\"author\":{\"name\":\"La Sentinelle\",\"@id\":\"https:\\\/\\\/lasentinelle.dz\\\/#\\\/schema\\\/person\\\/d865044e22e70a75174ce8bcad3acfb3\"},\"headline\":\"Cha\u00e2bi \u00e0 Paris: Hamid Achaibou chante au CCA\",\"datePublished\":\"2024-06-20T14:57:00+00:00\",\"dateModified\":\"2024-06-22T14:59:11+00:00\",\"mainEntityOfPage\":{\"@id\":\"https:\\\/\\\/lasentinelle.dz\\\/index.php\\\/2024\\\/06\\\/20\\\/chaabi-a-paris-hamid-achaibou-chante-au-cca\\\/\"},\"wordCount\":321,\"commentCount\":0,\"publisher\":{\"@id\":\"https:\\\/\\\/lasentinelle.dz\\\/#organization\"},\"image\":{\"@id\":\"https:\\\/\\\/lasentinelle.dz\\\/index.php\\\/2024\\\/06\\\/20\\\/chaabi-a-paris-hamid-achaibou-chante-au-cca\\\/#primaryimage\"},\"thumbnailUrl\":\"https:\\\/\\\/lasentinelle.dz\\\/wp-content\\\/uploads\\\/2024\\\/06\\\/Hamid-Achaibou-.jpeg\",\"articleSection\":[\"Culture\"],\"inLanguage\":\"fr-FR\",\"potentialAction\":[{\"@type\":\"CommentAction\",\"name\":\"Comment\",\"target\":[\"https:\\\/\\\/lasentinelle.dz\\\/index.php\\\/2024\\\/06\\\/20\\\/chaabi-a-paris-hamid-achaibou-chante-au-cca\\\/#respond\"]}]},{\"@type\":\"WebPage\",\"@id\":\"https:\\\/\\\/lasentinelle.dz\\\/index.php\\\/2024\\\/06\\\/20\\\/chaabi-a-paris-hamid-achaibou-chante-au-cca\\\/\",\"url\":\"https:\\\/\\\/lasentinelle.dz\\\/index.php\\\/2024\\\/06\\\/20\\\/chaabi-a-paris-hamid-achaibou-chante-au-cca\\\/\",\"name\":\"Cha\u00e2bi \u00e0 Paris: Hamid Achaibou chante au CCA - La Sentinelle\",\"isPartOf\":{\"@id\":\"https:\\\/\\\/lasentinelle.dz\\\/#website\"},\"primaryImageOfPage\":{\"@id\":\"https:\\\/\\\/lasentinelle.dz\\\/index.php\\\/2024\\\/06\\\/20\\\/chaabi-a-paris-hamid-achaibou-chante-au-cca\\\/#primaryimage\"},\"image\":{\"@id\":\"https:\\\/\\\/lasentinelle.dz\\\/index.php\\\/2024\\\/06\\\/20\\\/chaabi-a-paris-hamid-achaibou-chante-au-cca\\\/#primaryimage\"},\"thumbnailUrl\":\"https:\\\/\\\/lasentinelle.dz\\\/wp-content\\\/uploads\\\/2024\\\/06\\\/Hamid-Achaibou-.jpeg\",\"datePublished\":\"2024-06-20T14:57:00+00:00\",\"dateModified\":\"2024-06-22T14:59:11+00:00\",\"breadcrumb\":{\"@id\":\"https:\\\/\\\/lasentinelle.dz\\\/index.php\\\/2024\\\/06\\\/20\\\/chaabi-a-paris-hamid-achaibou-chante-au-cca\\\/#breadcrumb\"},\"inLanguage\":\"fr-FR\",\"potentialAction\":[{\"@type\":\"ReadAction\",\"target\":[\"https:\\\/\\\/lasentinelle.dz\\\/index.php\\\/2024\\\/06\\\/20\\\/chaabi-a-paris-hamid-achaibou-chante-au-cca\\\/\"]}]},{\"@type\":\"ImageObject\",\"inLanguage\":\"fr-FR\",\"@id\":\"https:\\\/\\\/lasentinelle.dz\\\/index.php\\\/2024\\\/06\\\/20\\\/chaabi-a-paris-hamid-achaibou-chante-au-cca\\\/#primaryimage\",\"url\":\"https:\\\/\\\/lasentinelle.dz\\\/wp-content\\\/uploads\\\/2024\\\/06\\\/Hamid-Achaibou-.jpeg\",\"contentUrl\":\"https:\\\/\\\/lasentinelle.dz\\\/wp-content\\\/uploads\\\/2024\\\/06\\\/Hamid-Achaibou-.jpeg\",\"width\":966,\"height\":545},{\"@type\":\"BreadcrumbList\",\"@id\":\"https:\\\/\\\/lasentinelle.dz\\\/index.php\\\/2024\\\/06\\\/20\\\/chaabi-a-paris-hamid-achaibou-chante-au-cca\\\/#breadcrumb\",\"itemListElement\":[{\"@type\":\"ListItem\",\"position\":1,\"name\":\"Accueil\",\"item\":\"https:\\\/\\\/lasentinelle.dz\\\/\"},{\"@type\":\"ListItem\",\"position\":2,\"name\":\"Cha\u00e2bi \u00e0 Paris: Hamid Achaibou chante au CCA\"}]},{\"@type\":\"WebSite\",\"@id\":\"https:\\\/\\\/lasentinelle.dz\\\/#website\",\"url\":\"https:\\\/\\\/lasentinelle.dz\\\/\",\"name\":\"La Sentinelle\",\"description\":\"Quotidien national d&#039;information\",\"publisher\":{\"@id\":\"https:\\\/\\\/lasentinelle.dz\\\/#organization\"},\"potentialAction\":[{\"@type\":\"SearchAction\",\"target\":{\"@type\":\"EntryPoint\",\"urlTemplate\":\"https:\\\/\\\/lasentinelle.dz\\\/?s={search_term_string}\"},\"query-input\":{\"@type\":\"PropertyValueSpecification\",\"valueRequired\":true,\"valueName\":\"search_term_string\"}}],\"inLanguage\":\"fr-FR\"},{\"@type\":\"Organization\",\"@id\":\"https:\\\/\\\/lasentinelle.dz\\\/#organization\",\"name\":\"Quotidien La Sentinelle\",\"url\":\"https:\\\/\\\/lasentinelle.dz\\\/\",\"logo\":{\"@type\":\"ImageObject\",\"inLanguage\":\"fr-FR\",\"@id\":\"https:\\\/\\\/lasentinelle.dz\\\/#\\\/schema\\\/logo\\\/image\\\/\",\"url\":\"https:\\\/\\\/lasentinelle.dz\\\/wp-content\\\/uploads\\\/2021\\\/09\\\/logo-sentinelleSLOGAN-1.png\",\"contentUrl\":\"https:\\\/\\\/lasentinelle.dz\\\/wp-content\\\/uploads\\\/2021\\\/09\\\/logo-sentinelleSLOGAN-1.png\",\"width\":615,\"height\":142,\"caption\":\"Quotidien La Sentinelle\"},\"image\":{\"@id\":\"https:\\\/\\\/lasentinelle.dz\\\/#\\\/schema\\\/logo\\\/image\\\/\"},\"sameAs\":[\"https:\\\/\\\/www.facebook.com\\\/La-Sentinelle-104059864394773\"]},{\"@type\":\"Person\",\"@id\":\"https:\\\/\\\/lasentinelle.dz\\\/#\\\/schema\\\/person\\\/d865044e22e70a75174ce8bcad3acfb3\",\"name\":\"La Sentinelle\",\"image\":{\"@type\":\"ImageObject\",\"inLanguage\":\"fr-FR\",\"@id\":\"https:\\\/\\\/secure.gravatar.com\\\/avatar\\\/57de8e5d4b15d43fb361a71fbb36338450fe67865b528a43dd10ef7c51a20392?s=96&d=mm&r=g\",\"url\":\"https:\\\/\\\/secure.gravatar.com\\\/avatar\\\/57de8e5d4b15d43fb361a71fbb36338450fe67865b528a43dd10ef7c51a20392?s=96&d=mm&r=g\",\"contentUrl\":\"https:\\\/\\\/secure.gravatar.com\\\/avatar\\\/57de8e5d4b15d43fb361a71fbb36338450fe67865b528a43dd10ef7c51a20392?s=96&d=mm&r=g\",\"caption\":\"La Sentinelle\"},\"sameAs\":[\"http:\\\/\\\/www.lasentinelle.dz\"],\"url\":\"https:\\\/\\\/lasentinelle.dz\\\/author\\\/redaction\\\/\"}]}<\/script>\n<!-- \/ Yoast SEO plugin. -->","yoast_head_json":{"title":"Cha\u00e2bi \u00e0 Paris: Hamid Achaibou chante au CCA - La Sentinelle","robots":{"index":"index","follow":"follow","max-snippet":"max-snippet:-1","max-image-preview":"max-image-preview:large","max-video-preview":"max-video-preview:-1"},"canonical":"https:\/\/lasentinelle.dz\/index.php\/2024\/06\/20\/chaabi-a-paris-hamid-achaibou-chante-au-cca\/","og_locale":"fr_FR","og_type":"article","og_title":"Cha\u00e2bi \u00e0 Paris: Hamid Achaibou chante au CCA - La Sentinelle","og_description":"Hamid Achaibou qui donnera un concert le samedi 29 juin au centre culturel alg\u00e9rien \u00e0 Paris est chanteur, compositeur, chef","og_url":"https:\/\/lasentinelle.dz\/index.php\/2024\/06\/20\/chaabi-a-paris-hamid-achaibou-chante-au-cca\/","og_site_name":"La Sentinelle","article_publisher":"https:\/\/www.facebook.com\/La-Sentinelle-104059864394773","article_published_time":"2024-06-20T14:57:00+00:00","article_modified_time":"2024-06-22T14:59:11+00:00","og_image":[{"width":966,"height":545,"url":"https:\/\/lasentinelle.dz\/wp-content\/uploads\/2024\/06\/Hamid-Achaibou-.jpeg","type":"image\/jpeg"}],"author":"La Sentinelle","twitter_card":"summary_large_image","twitter_misc":{"\u00c9crit par":"La Sentinelle","Dur\u00e9e de lecture estim\u00e9e":"2 minutes"},"schema":{"@context":"https:\/\/schema.org","@graph":[{"@type":"Article","@id":"https:\/\/lasentinelle.dz\/index.php\/2024\/06\/20\/chaabi-a-paris-hamid-achaibou-chante-au-cca\/#article","isPartOf":{"@id":"https:\/\/lasentinelle.dz\/index.php\/2024\/06\/20\/chaabi-a-paris-hamid-achaibou-chante-au-cca\/"},"author":{"name":"La Sentinelle","@id":"https:\/\/lasentinelle.dz\/#\/schema\/person\/d865044e22e70a75174ce8bcad3acfb3"},"headline":"Cha\u00e2bi \u00e0 Paris: Hamid Achaibou chante au CCA","datePublished":"2024-06-20T14:57:00+00:00","dateModified":"2024-06-22T14:59:11+00:00","mainEntityOfPage":{"@id":"https:\/\/lasentinelle.dz\/index.php\/2024\/06\/20\/chaabi-a-paris-hamid-achaibou-chante-au-cca\/"},"wordCount":321,"commentCount":0,"publisher":{"@id":"https:\/\/lasentinelle.dz\/#organization"},"image":{"@id":"https:\/\/lasentinelle.dz\/index.php\/2024\/06\/20\/chaabi-a-paris-hamid-achaibou-chante-au-cca\/#primaryimage"},"thumbnailUrl":"https:\/\/lasentinelle.dz\/wp-content\/uploads\/2024\/06\/Hamid-Achaibou-.jpeg","articleSection":["Culture"],"inLanguage":"fr-FR","potentialAction":[{"@type":"CommentAction","name":"Comment","target":["https:\/\/lasentinelle.dz\/index.php\/2024\/06\/20\/chaabi-a-paris-hamid-achaibou-chante-au-cca\/#respond"]}]},{"@type":"WebPage","@id":"https:\/\/lasentinelle.dz\/index.php\/2024\/06\/20\/chaabi-a-paris-hamid-achaibou-chante-au-cca\/","url":"https:\/\/lasentinelle.dz\/index.php\/2024\/06\/20\/chaabi-a-paris-hamid-achaibou-chante-au-cca\/","name":"Cha\u00e2bi \u00e0 Paris: Hamid Achaibou chante au CCA - La Sentinelle","isPartOf":{"@id":"https:\/\/lasentinelle.dz\/#website"},"primaryImageOfPage":{"@id":"https:\/\/lasentinelle.dz\/index.php\/2024\/06\/20\/chaabi-a-paris-hamid-achaibou-chante-au-cca\/#primaryimage"},"image":{"@id":"https:\/\/lasentinelle.dz\/index.php\/2024\/06\/20\/chaabi-a-paris-hamid-achaibou-chante-au-cca\/#primaryimage"},"thumbnailUrl":"https:\/\/lasentinelle.dz\/wp-content\/uploads\/2024\/06\/Hamid-Achaibou-.jpeg","datePublished":"2024-06-20T14:57:00+00:00","dateModified":"2024-06-22T14:59:11+00:00","breadcrumb":{"@id":"https:\/\/lasentinelle.dz\/index.php\/2024\/06\/20\/chaabi-a-paris-hamid-achaibou-chante-au-cca\/#breadcrumb"},"inLanguage":"fr-FR","potentialAction":[{"@type":"ReadAction","target":["https:\/\/lasentinelle.dz\/index.php\/2024\/06\/20\/chaabi-a-paris-hamid-achaibou-chante-au-cca\/"]}]},{"@type":"ImageObject","inLanguage":"fr-FR","@id":"https:\/\/lasentinelle.dz\/index.php\/2024\/06\/20\/chaabi-a-paris-hamid-achaibou-chante-au-cca\/#primaryimage","url":"https:\/\/lasentinelle.dz\/wp-content\/uploads\/2024\/06\/Hamid-Achaibou-.jpeg","contentUrl":"https:\/\/lasentinelle.dz\/wp-content\/uploads\/2024\/06\/Hamid-Achaibou-.jpeg","width":966,"height":545},{"@type":"BreadcrumbList","@id":"https:\/\/lasentinelle.dz\/index.php\/2024\/06\/20\/chaabi-a-paris-hamid-achaibou-chante-au-cca\/#breadcrumb","itemListElement":[{"@type":"ListItem","position":1,"name":"Accueil","item":"https:\/\/lasentinelle.dz\/"},{"@type":"ListItem","position":2,"name":"Cha\u00e2bi \u00e0 Paris: Hamid Achaibou chante au CCA"}]},{"@type":"WebSite","@id":"https:\/\/lasentinelle.dz\/#website","url":"https:\/\/lasentinelle.dz\/","name":"La Sentinelle","description":"Quotidien national d&#039;information","publisher":{"@id":"https:\/\/lasentinelle.dz\/#organization"},"potentialAction":[{"@type":"SearchAction","target":{"@type":"EntryPoint","urlTemplate":"https:\/\/lasentinelle.dz\/?s={search_term_string}"},"query-input":{"@type":"PropertyValueSpecification","valueRequired":true,"valueName":"search_term_string"}}],"inLanguage":"fr-FR"},{"@type":"Organization","@id":"https:\/\/lasentinelle.dz\/#organization","name":"Quotidien La Sentinelle","url":"https:\/\/lasentinelle.dz\/","logo":{"@type":"ImageObject","inLanguage":"fr-FR","@id":"https:\/\/lasentinelle.dz\/#\/schema\/logo\/image\/","url":"https:\/\/lasentinelle.dz\/wp-content\/uploads\/2021\/09\/logo-sentinelleSLOGAN-1.png","contentUrl":"https:\/\/lasentinelle.dz\/wp-content\/uploads\/2021\/09\/logo-sentinelleSLOGAN-1.png","width":615,"height":142,"caption":"Quotidien La Sentinelle"},"image":{"@id":"https:\/\/lasentinelle.dz\/#\/schema\/logo\/image\/"},"sameAs":["https:\/\/www.facebook.com\/La-Sentinelle-104059864394773"]},{"@type":"Person","@id":"https:\/\/lasentinelle.dz\/#\/schema\/person\/d865044e22e70a75174ce8bcad3acfb3","name":"La Sentinelle","image":{"@type":"ImageObject","inLanguage":"fr-FR","@id":"https:\/\/secure.gravatar.com\/avatar\/57de8e5d4b15d43fb361a71fbb36338450fe67865b528a43dd10ef7c51a20392?s=96&d=mm&r=g","url":"https:\/\/secure.gravatar.com\/avatar\/57de8e5d4b15d43fb361a71fbb36338450fe67865b528a43dd10ef7c51a20392?s=96&d=mm&r=g","contentUrl":"https:\/\/secure.gravatar.com\/avatar\/57de8e5d4b15d43fb361a71fbb36338450fe67865b528a43dd10ef7c51a20392?s=96&d=mm&r=g","caption":"La Sentinelle"},"sameAs":["http:\/\/www.lasentinelle.dz"],"url":"https:\/\/lasentinelle.dz\/author\/redaction\/"}]}},"_links":{"self":[{"href":"https:\/\/lasentinelle.dz\/index.php\/wp-json\/wp\/v2\/posts\/53528","targetHints":{"allow":["GET"]}}],"collection":[{"href":"https:\/\/lasentinelle.dz\/index.php\/wp-json\/wp\/v2\/posts"}],"about":[{"href":"https:\/\/lasentinelle.dz\/index.php\/wp-json\/wp\/v2\/types\/post"}],"author":[{"embeddable":true,"href":"https:\/\/lasentinelle.dz\/index.php\/wp-json\/wp\/v2\/users\/3"}],"replies":[{"embeddable":true,"href":"https:\/\/lasentinelle.dz\/index.php\/wp-json\/wp\/v2\/comments?post=53528"}],"version-history":[{"count":1,"href":"https:\/\/lasentinelle.dz\/index.php\/wp-json\/wp\/v2\/posts\/53528\/revisions"}],"predecessor-version":[{"id":53530,"href":"https:\/\/lasentinelle.dz\/index.php\/wp-json\/wp\/v2\/posts\/53528\/revisions\/53530"}],"wp:featuredmedia":[{"embeddable":true,"href":"https:\/\/lasentinelle.dz\/index.php\/wp-json\/wp\/v2\/media\/53529"}],"wp:attachment":[{"href":"https:\/\/lasentinelle.dz\/index.php\/wp-json\/wp\/v2\/media?parent=53528"}],"wp:term":[{"taxonomy":"category","embeddable":true,"href":"https:\/\/lasentinelle.dz\/index.php\/wp-json\/wp\/v2\/categories?post=53528"},{"taxonomy":"post_tag","embeddable":true,"href":"https:\/\/lasentinelle.dz\/index.php\/wp-json\/wp\/v2\/tags?post=53528"}],"curies":[{"name":"wp","href":"https:\/\/api.w.org\/{rel}","templated":true}]}}