{"id":53546,"date":"2024-06-20T16:17:00","date_gmt":"2024-06-20T15:17:00","guid":{"rendered":"https:\/\/lasentinelle.dz\/?p=53546"},"modified":"2024-06-22T16:19:25","modified_gmt":"2024-06-22T15:19:25","slug":"le-rapport-accablant-du-conseil-des-droits-de-lhomme","status":"publish","type":"post","link":"https:\/\/lasentinelle.dz\/index.php\/2024\/06\/20\/le-rapport-accablant-du-conseil-des-droits-de-lhomme\/","title":{"rendered":"Le rapport accablant du Conseil des droits de l&rsquo;Homme"},"content":{"rendered":"\n<p>L&rsquo;enqu\u00eate initi\u00e9e par le Conseil des droits de l&rsquo;ONU a d\u00e9montr\u00e9 que l&rsquo;entit\u00e9 sioniste a commis de graves crimes de guerre et crimes contre l&rsquo;humanit\u00e9 \u00e0 Ghaza, de m\u00eame qu&rsquo;elle a tu\u00e9 et mutil\u00e9\u00a0\u00bb des dizaines de milliers d&rsquo;enfants.<\/p>\n\n\n\n<p>La Pr\u00e9sidente de la Commission d\u2019enqu\u00eate sur les territoires palestiniens occup\u00e9s, initi\u00e9e par le Conseil des droits de l&rsquo;ONU, Navi Pillay, a indiqu\u00e9 hier lors d&rsquo;une r\u00e9union sur le rapport de la commission onusienne en marge de la 56e session du Conseil des droits de l&rsquo;homme des Nations unies dans la ville suisse de Gen\u00e8ve que l&rsquo;entit\u00e9 sioniste avait \u00ab\u00a0tu\u00e9 et mutil\u00e9\u00a0\u00bb des dizaines de milliers d&rsquo;enfants dans la bande de Ghaza. Pillay a ajout\u00e9: \u00ab\u00a0Il est \u00e9galement possible que des milliers d&rsquo;enfants se trouvent sous les d\u00e9combres \u00e0 la suite des raids men\u00e9s par l&rsquo;arm\u00e9e (de l&rsquo;occupation) sur Ghaza\u00a0\u00bb. Elle a not\u00e9 que l&rsquo;agression sioniste \u00ab\u00a0a gravement affect\u00e9 les infrastructures n\u00e9cessaires au bien-\u00eatre des enfants, notamment les h\u00f4pitaux, les \u00e9coles et les services de base\u00a0\u00bb dans l&rsquo;enclave palestinienne assi\u00e9g\u00e9e.<\/p>\n\n\n\n<p>\u00ab En ce qui concerne les op\u00e9rations militaires et les attaques d&rsquo;Isra\u00ebl \u00e0 Gaza \u00e0 partir du 7 octobre, nous concluons que les autorit\u00e9s isra\u00e9liennes sont responsables de crimes de guerre, de crimes contre l&rsquo;humanit\u00e9 et de violations du droit international humanitaire et des droits de l&rsquo;homme \u00bb, a d\u00e9clar\u00e9 Pillay.<\/p>\n\n\n\n<p>Ces crimes comprennent \u00ab l&rsquo;extermination, le fait de diriger intentionnellement des attaques contre des civils et des biens \u00e0 caract\u00e8re civil, le meurtre ou l&rsquo;homicide volontaire, l&rsquo;utilisation de la famine comme arme de guerre, le transfert forc\u00e9, la pers\u00e9cution sexiste visant les hommes et les gar\u00e7ons palestiniens, la violence sexuelle et sexiste assimilable \u00e0 la torture, et les traitements cruels ou inhumains \u00bb.<\/p>\n\n\n\n<p>Dans un rapport pr\u00e9sent\u00e9 au Conseil des droits de l&rsquo;homme, la pr\u00e9sidente de la commission d&rsquo;enqu\u00eate des Nations unies sur les territoires palestiniens occup\u00e9s a d\u00e9clar\u00e9 que le monde \u00e9tait confront\u00e9 au plus grand risque d&rsquo;impunit\u00e9 pour les violations du droit international, \u00e0 moins que les auteurs ne soient tenus de rendre des comptes et que justice ne soit rendue \u00e0 toutes les victimes. \u00ab L&rsquo;attaque du 7 octobre en Isra\u00ebl et l&rsquo;op\u00e9ration militaire isra\u00e9lienne qui s&rsquo;en est suivie \u00e0 Ghaza, ne sont pas venues de nulle part. Elles ont \u00e9t\u00e9 pr\u00e9c\u00e9d\u00e9es par des d\u00e9cennies de violence et de repr\u00e9sailles, de spoliation, d&rsquo;occupation ill\u00e9gale et de d\u00e9ni du droit des Palestiniens \u00e0 l&rsquo;autod\u00e9termination \u00bb, a d\u00e9clar\u00e9 Pillay. La Pr\u00e9sidente de la Commission d\u2019enqu\u00eate sur les territoires palestiniens occup\u00e9s a indiqu\u00e9 que son rapport serait pr\u00e9sent\u00e9 \u00e0 l&rsquo;Assembl\u00e9e g\u00e9n\u00e9rale des Nations unies en octobre.<\/p>\n\n\n\n<p>La commission dirig\u00e9e par Pillay a constat\u00e9 que le nombre consid\u00e9rable de victimes civiles \u00e0 Ghaza et la destruction g\u00e9n\u00e9ralis\u00e9e de biens et d&rsquo;infrastructures civils, \u00e9taient le r\u00e9sultat in\u00e9vitable d&rsquo;une strat\u00e9gie intentionnelle visant \u00e0 causer un maximum de d\u00e9g\u00e2ts. \u00ab Isra\u00ebl a \u00e9galement transf\u00e9r\u00e9 de force la quasi-totalit\u00e9 de la population dans de petits espaces qui ne sont ni s\u00e9curis\u00e9s ni habitables \u00bb, a d\u00e9clar\u00e9 Pillay. \u00ab L&rsquo;utilisation d\u00e9lib\u00e9r\u00e9e d&rsquo;armes lourdes \u00e0 grande capacit\u00e9 de destruction dans des zones dens\u00e9ment peupl\u00e9es constitue une attaque intentionnelle et directe contre la population civile \u00bb, a-t-elle conclu.<\/p>\n\n\n\n<p>De son c\u00f4t\u00e9, le Programme des Nations Unies pour l&rsquo;environnement (PNUE) a indiqu\u00e9 dans un rapport publi\u00e9 mardi que les attaques sionistes contre les zones r\u00e9sidentielles de la bande de Ghaza depuis le 7 octobre ont g\u00e9n\u00e9r\u00e9 39 millions de tonnes de d\u00e9bris. Cette quantit\u00e9 de d\u00e9bris, explique le PNUE, \u00e9quivaut \u00e0 107 kilogrammes de d\u00e9combres par m\u00e8tre carr\u00e9. Le programme a indiqu\u00e9 qu&rsquo;il avait pr\u00e9par\u00e9 le rapport \u00e0 distance en utilisant les informations obtenues lors des activit\u00e9s de l&rsquo;ONU sur le terrain, en raison de la situation s\u00e9curitaire et des restrictions d&rsquo;acc\u00e8s dans la zone. Il a not\u00e9 que \u00ab\u00a0les travaux sur le terrain seront men\u00e9s lorsque les conditions de s\u00e9curit\u00e9 le permettront\u00a0\u00bb. Le PNUE a soulign\u00e9 que les impacts environnementaux de l&rsquo;agression contre Ghaza \u00ab\u00a0ont atteint des niveaux sans pr\u00e9c\u00e9dent. Les Palestiniens du territoire sont confront\u00e9s aux dangers de la pollution du sol, de l\u2019eau et de l\u2019air, qui ont tous caus\u00e9 des dommages irr\u00e9versibles aux \u00e9cosyst\u00e8mes naturels\u00a0\u00bb. Le rapport appelle \u00e0 un cessez-le-feu imm\u00e9diat afin de prot\u00e9ger les vies et r\u00e9duire l&rsquo;impact sur l&rsquo;environnement. Il a soulign\u00e9 que \u00ab\u00a0presque tous les syst\u00e8mes d&rsquo;eau, d&rsquo;assainissement et d&rsquo;hygi\u00e8ne ont \u00e9t\u00e9 d\u00e9truits \u00e0 Ghaza\u00a0\u00bb, et averti que \u00ab\u00a0les eaux us\u00e9es se m\u00e9langent \u00e0 l&rsquo;eau de mer, au sol, \u00e0 l&rsquo;eau potable et m\u00eame \u00e0 la nourriture. Les sols et les sources d&rsquo;eau sont pollu\u00e9s et il existe des risques importants de fuites de m\u00e9taux lourds en raison des dommages caus\u00e9s aux panneaux solaires\u00a0\u00bb. &nbsp;Le bilan de l&rsquo;agression g\u00e9nocidaire sioniste contre la bande de Ghaza s&rsquo;est alourdi \u00e0 37.396 martyrs et 85.523 bless\u00e9s. Selon la les autorit\u00e9s sanitaires palestiniennes, l&rsquo;arm\u00e9e d&rsquo;occupation sioniste a commis 3 massacres au cours des derni\u00e8res 24 heures dans la bande de Ghaza, faisant 24 martyrs et 71 bless\u00e9s.<\/p>\n\n\n\n<p>Lyes Saidi<\/p>\n","protected":false},"excerpt":{"rendered":"<p>L&rsquo;enqu\u00eate initi\u00e9e par le Conseil des droits de l&rsquo;ONU a d\u00e9montr\u00e9 que l&rsquo;entit\u00e9 sioniste a commis de graves crimes de<\/p>\n","protected":false},"author":3,"featured_media":53547,"comment_status":"open","ping_status":"closed","sticky":false,"template":"","format":"standard","meta":{"colormag_page_container_layout":"default_layout","colormag_page_sidebar_layout":"default_layout","om_disable_all_campaigns":false,"_monsterinsights_skip_tracking":false,"_monsterinsights_sitenote_active":false,"_monsterinsights_sitenote_note":"","_monsterinsights_sitenote_category":0,"footnotes":"","_wpscppro_dont_share_socialmedia":false,"_wpscppro_custom_social_share_image":0,"_facebook_share_type":"default","_twitter_share_type":"default","_linkedin_share_type":"default","_pinterest_share_type":"default","_linkedin_share_type_page":"","_instagram_share_type":"default","_medium_share_type":"","_threads_share_type":"","_google_business_share_type":"","_selected_social_profile":[],"_wpsp_enable_custom_social_template":false,"_wpsp_social_scheduling":{"enabled":false,"datetime":null,"platforms":[],"status":"template_only","dateOption":"today","timeOption":"now","customDays":"","customHours":"","customDate":"","customTime":"","schedulingType":"absolute"},"_wpsp_active_default_template":true},"categories":[52,27],"tags":[],"class_list":["post-53546","post","type-post","status-publish","format-standard","has-post-thumbnail","hentry","category-a-la-une","category-actualite"],"aioseo_notices":[],"yoast_head":"<!-- This site is optimized with the Yoast SEO plugin v27.5 - https:\/\/yoast.com\/product\/yoast-seo-wordpress\/ -->\n<title>Le rapport accablant du Conseil des droits de l&rsquo;Homme - La Sentinelle<\/title>\n<meta name=\"robots\" content=\"index, follow, max-snippet:-1, max-image-preview:large, max-video-preview:-1\" \/>\n<link rel=\"canonical\" href=\"https:\/\/lasentinelle.dz\/index.php\/2024\/06\/20\/le-rapport-accablant-du-conseil-des-droits-de-lhomme\/\" \/>\n<meta property=\"og:locale\" content=\"fr_FR\" \/>\n<meta property=\"og:type\" content=\"article\" \/>\n<meta property=\"og:title\" content=\"Le rapport accablant du Conseil des droits de l&rsquo;Homme - La Sentinelle\" \/>\n<meta property=\"og:description\" content=\"L&rsquo;enqu\u00eate initi\u00e9e par le Conseil des droits de l&rsquo;ONU a d\u00e9montr\u00e9 que l&rsquo;entit\u00e9 sioniste a commis de graves crimes de\" \/>\n<meta property=\"og:url\" content=\"https:\/\/lasentinelle.dz\/index.php\/2024\/06\/20\/le-rapport-accablant-du-conseil-des-droits-de-lhomme\/\" \/>\n<meta property=\"og:site_name\" content=\"La Sentinelle\" \/>\n<meta property=\"article:publisher\" content=\"https:\/\/www.facebook.com\/La-Sentinelle-104059864394773\" \/>\n<meta property=\"article:published_time\" content=\"2024-06-20T15:17:00+00:00\" \/>\n<meta property=\"article:modified_time\" content=\"2024-06-22T15:19:25+00:00\" \/>\n<meta property=\"og:image\" content=\"https:\/\/lasentinelle.dz\/wp-content\/uploads\/2024\/06\/Navi-Pillay.jpeg\" \/>\n\t<meta property=\"og:image:width\" content=\"1024\" \/>\n\t<meta property=\"og:image:height\" content=\"682\" \/>\n\t<meta property=\"og:image:type\" content=\"image\/jpeg\" \/>\n<meta name=\"author\" content=\"La Sentinelle\" \/>\n<meta name=\"twitter:card\" content=\"summary_large_image\" \/>\n<meta name=\"twitter:label1\" content=\"\u00c9crit par\" \/>\n\t<meta name=\"twitter:data1\" content=\"La Sentinelle\" \/>\n\t<meta name=\"twitter:label2\" content=\"Dur\u00e9e de lecture estim\u00e9e\" \/>\n\t<meta name=\"twitter:data2\" content=\"5 minutes\" \/>\n<script type=\"application\/ld+json\" class=\"yoast-schema-graph\">{\"@context\":\"https:\\\/\\\/schema.org\",\"@graph\":[{\"@type\":\"Article\",\"@id\":\"https:\\\/\\\/lasentinelle.dz\\\/index.php\\\/2024\\\/06\\\/20\\\/le-rapport-accablant-du-conseil-des-droits-de-lhomme\\\/#article\",\"isPartOf\":{\"@id\":\"https:\\\/\\\/lasentinelle.dz\\\/index.php\\\/2024\\\/06\\\/20\\\/le-rapport-accablant-du-conseil-des-droits-de-lhomme\\\/\"},\"author\":{\"name\":\"La Sentinelle\",\"@id\":\"https:\\\/\\\/lasentinelle.dz\\\/#\\\/schema\\\/person\\\/d865044e22e70a75174ce8bcad3acfb3\"},\"headline\":\"Le rapport accablant du Conseil des droits de l&rsquo;Homme\",\"datePublished\":\"2024-06-20T15:17:00+00:00\",\"dateModified\":\"2024-06-22T15:19:25+00:00\",\"mainEntityOfPage\":{\"@id\":\"https:\\\/\\\/lasentinelle.dz\\\/index.php\\\/2024\\\/06\\\/20\\\/le-rapport-accablant-du-conseil-des-droits-de-lhomme\\\/\"},\"wordCount\":946,\"commentCount\":0,\"publisher\":{\"@id\":\"https:\\\/\\\/lasentinelle.dz\\\/#organization\"},\"image\":{\"@id\":\"https:\\\/\\\/lasentinelle.dz\\\/index.php\\\/2024\\\/06\\\/20\\\/le-rapport-accablant-du-conseil-des-droits-de-lhomme\\\/#primaryimage\"},\"thumbnailUrl\":\"https:\\\/\\\/lasentinelle.dz\\\/wp-content\\\/uploads\\\/2024\\\/06\\\/Navi-Pillay.jpeg\",\"articleSection\":[\"\u00c0 la Une\",\"Actualit\u00e9\"],\"inLanguage\":\"fr-FR\",\"potentialAction\":[{\"@type\":\"CommentAction\",\"name\":\"Comment\",\"target\":[\"https:\\\/\\\/lasentinelle.dz\\\/index.php\\\/2024\\\/06\\\/20\\\/le-rapport-accablant-du-conseil-des-droits-de-lhomme\\\/#respond\"]}]},{\"@type\":\"WebPage\",\"@id\":\"https:\\\/\\\/lasentinelle.dz\\\/index.php\\\/2024\\\/06\\\/20\\\/le-rapport-accablant-du-conseil-des-droits-de-lhomme\\\/\",\"url\":\"https:\\\/\\\/lasentinelle.dz\\\/index.php\\\/2024\\\/06\\\/20\\\/le-rapport-accablant-du-conseil-des-droits-de-lhomme\\\/\",\"name\":\"Le rapport accablant du Conseil des droits de l&rsquo;Homme - La Sentinelle\",\"isPartOf\":{\"@id\":\"https:\\\/\\\/lasentinelle.dz\\\/#website\"},\"primaryImageOfPage\":{\"@id\":\"https:\\\/\\\/lasentinelle.dz\\\/index.php\\\/2024\\\/06\\\/20\\\/le-rapport-accablant-du-conseil-des-droits-de-lhomme\\\/#primaryimage\"},\"image\":{\"@id\":\"https:\\\/\\\/lasentinelle.dz\\\/index.php\\\/2024\\\/06\\\/20\\\/le-rapport-accablant-du-conseil-des-droits-de-lhomme\\\/#primaryimage\"},\"thumbnailUrl\":\"https:\\\/\\\/lasentinelle.dz\\\/wp-content\\\/uploads\\\/2024\\\/06\\\/Navi-Pillay.jpeg\",\"datePublished\":\"2024-06-20T15:17:00+00:00\",\"dateModified\":\"2024-06-22T15:19:25+00:00\",\"breadcrumb\":{\"@id\":\"https:\\\/\\\/lasentinelle.dz\\\/index.php\\\/2024\\\/06\\\/20\\\/le-rapport-accablant-du-conseil-des-droits-de-lhomme\\\/#breadcrumb\"},\"inLanguage\":\"fr-FR\",\"potentialAction\":[{\"@type\":\"ReadAction\",\"target\":[\"https:\\\/\\\/lasentinelle.dz\\\/index.php\\\/2024\\\/06\\\/20\\\/le-rapport-accablant-du-conseil-des-droits-de-lhomme\\\/\"]}]},{\"@type\":\"ImageObject\",\"inLanguage\":\"fr-FR\",\"@id\":\"https:\\\/\\\/lasentinelle.dz\\\/index.php\\\/2024\\\/06\\\/20\\\/le-rapport-accablant-du-conseil-des-droits-de-lhomme\\\/#primaryimage\",\"url\":\"https:\\\/\\\/lasentinelle.dz\\\/wp-content\\\/uploads\\\/2024\\\/06\\\/Navi-Pillay.jpeg\",\"contentUrl\":\"https:\\\/\\\/lasentinelle.dz\\\/wp-content\\\/uploads\\\/2024\\\/06\\\/Navi-Pillay.jpeg\",\"width\":1024,\"height\":682},{\"@type\":\"BreadcrumbList\",\"@id\":\"https:\\\/\\\/lasentinelle.dz\\\/index.php\\\/2024\\\/06\\\/20\\\/le-rapport-accablant-du-conseil-des-droits-de-lhomme\\\/#breadcrumb\",\"itemListElement\":[{\"@type\":\"ListItem\",\"position\":1,\"name\":\"Accueil\",\"item\":\"https:\\\/\\\/lasentinelle.dz\\\/\"},{\"@type\":\"ListItem\",\"position\":2,\"name\":\"Le rapport accablant du Conseil des droits de l&rsquo;Homme\"}]},{\"@type\":\"WebSite\",\"@id\":\"https:\\\/\\\/lasentinelle.dz\\\/#website\",\"url\":\"https:\\\/\\\/lasentinelle.dz\\\/\",\"name\":\"La Sentinelle\",\"description\":\"Quotidien national d&#039;information\",\"publisher\":{\"@id\":\"https:\\\/\\\/lasentinelle.dz\\\/#organization\"},\"potentialAction\":[{\"@type\":\"SearchAction\",\"target\":{\"@type\":\"EntryPoint\",\"urlTemplate\":\"https:\\\/\\\/lasentinelle.dz\\\/?s={search_term_string}\"},\"query-input\":{\"@type\":\"PropertyValueSpecification\",\"valueRequired\":true,\"valueName\":\"search_term_string\"}}],\"inLanguage\":\"fr-FR\"},{\"@type\":\"Organization\",\"@id\":\"https:\\\/\\\/lasentinelle.dz\\\/#organization\",\"name\":\"Quotidien La Sentinelle\",\"url\":\"https:\\\/\\\/lasentinelle.dz\\\/\",\"logo\":{\"@type\":\"ImageObject\",\"inLanguage\":\"fr-FR\",\"@id\":\"https:\\\/\\\/lasentinelle.dz\\\/#\\\/schema\\\/logo\\\/image\\\/\",\"url\":\"https:\\\/\\\/lasentinelle.dz\\\/wp-content\\\/uploads\\\/2021\\\/09\\\/logo-sentinelleSLOGAN-1.png\",\"contentUrl\":\"https:\\\/\\\/lasentinelle.dz\\\/wp-content\\\/uploads\\\/2021\\\/09\\\/logo-sentinelleSLOGAN-1.png\",\"width\":615,\"height\":142,\"caption\":\"Quotidien La Sentinelle\"},\"image\":{\"@id\":\"https:\\\/\\\/lasentinelle.dz\\\/#\\\/schema\\\/logo\\\/image\\\/\"},\"sameAs\":[\"https:\\\/\\\/www.facebook.com\\\/La-Sentinelle-104059864394773\"]},{\"@type\":\"Person\",\"@id\":\"https:\\\/\\\/lasentinelle.dz\\\/#\\\/schema\\\/person\\\/d865044e22e70a75174ce8bcad3acfb3\",\"name\":\"La Sentinelle\",\"image\":{\"@type\":\"ImageObject\",\"inLanguage\":\"fr-FR\",\"@id\":\"https:\\\/\\\/secure.gravatar.com\\\/avatar\\\/57de8e5d4b15d43fb361a71fbb36338450fe67865b528a43dd10ef7c51a20392?s=96&d=mm&r=g\",\"url\":\"https:\\\/\\\/secure.gravatar.com\\\/avatar\\\/57de8e5d4b15d43fb361a71fbb36338450fe67865b528a43dd10ef7c51a20392?s=96&d=mm&r=g\",\"contentUrl\":\"https:\\\/\\\/secure.gravatar.com\\\/avatar\\\/57de8e5d4b15d43fb361a71fbb36338450fe67865b528a43dd10ef7c51a20392?s=96&d=mm&r=g\",\"caption\":\"La Sentinelle\"},\"sameAs\":[\"http:\\\/\\\/www.lasentinelle.dz\"],\"url\":\"https:\\\/\\\/lasentinelle.dz\\\/author\\\/redaction\\\/\"}]}<\/script>\n<!-- \/ Yoast SEO plugin. -->","yoast_head_json":{"title":"Le rapport accablant du Conseil des droits de l&rsquo;Homme - La Sentinelle","robots":{"index":"index","follow":"follow","max-snippet":"max-snippet:-1","max-image-preview":"max-image-preview:large","max-video-preview":"max-video-preview:-1"},"canonical":"https:\/\/lasentinelle.dz\/index.php\/2024\/06\/20\/le-rapport-accablant-du-conseil-des-droits-de-lhomme\/","og_locale":"fr_FR","og_type":"article","og_title":"Le rapport accablant du Conseil des droits de l&rsquo;Homme - La Sentinelle","og_description":"L&rsquo;enqu\u00eate initi\u00e9e par le Conseil des droits de l&rsquo;ONU a d\u00e9montr\u00e9 que l&rsquo;entit\u00e9 sioniste a commis de graves crimes de","og_url":"https:\/\/lasentinelle.dz\/index.php\/2024\/06\/20\/le-rapport-accablant-du-conseil-des-droits-de-lhomme\/","og_site_name":"La Sentinelle","article_publisher":"https:\/\/www.facebook.com\/La-Sentinelle-104059864394773","article_published_time":"2024-06-20T15:17:00+00:00","article_modified_time":"2024-06-22T15:19:25+00:00","og_image":[{"width":1024,"height":682,"url":"https:\/\/lasentinelle.dz\/wp-content\/uploads\/2024\/06\/Navi-Pillay.jpeg","type":"image\/jpeg"}],"author":"La Sentinelle","twitter_card":"summary_large_image","twitter_misc":{"\u00c9crit par":"La Sentinelle","Dur\u00e9e de lecture estim\u00e9e":"5 minutes"},"schema":{"@context":"https:\/\/schema.org","@graph":[{"@type":"Article","@id":"https:\/\/lasentinelle.dz\/index.php\/2024\/06\/20\/le-rapport-accablant-du-conseil-des-droits-de-lhomme\/#article","isPartOf":{"@id":"https:\/\/lasentinelle.dz\/index.php\/2024\/06\/20\/le-rapport-accablant-du-conseil-des-droits-de-lhomme\/"},"author":{"name":"La Sentinelle","@id":"https:\/\/lasentinelle.dz\/#\/schema\/person\/d865044e22e70a75174ce8bcad3acfb3"},"headline":"Le rapport accablant du Conseil des droits de l&rsquo;Homme","datePublished":"2024-06-20T15:17:00+00:00","dateModified":"2024-06-22T15:19:25+00:00","mainEntityOfPage":{"@id":"https:\/\/lasentinelle.dz\/index.php\/2024\/06\/20\/le-rapport-accablant-du-conseil-des-droits-de-lhomme\/"},"wordCount":946,"commentCount":0,"publisher":{"@id":"https:\/\/lasentinelle.dz\/#organization"},"image":{"@id":"https:\/\/lasentinelle.dz\/index.php\/2024\/06\/20\/le-rapport-accablant-du-conseil-des-droits-de-lhomme\/#primaryimage"},"thumbnailUrl":"https:\/\/lasentinelle.dz\/wp-content\/uploads\/2024\/06\/Navi-Pillay.jpeg","articleSection":["\u00c0 la Une","Actualit\u00e9"],"inLanguage":"fr-FR","potentialAction":[{"@type":"CommentAction","name":"Comment","target":["https:\/\/lasentinelle.dz\/index.php\/2024\/06\/20\/le-rapport-accablant-du-conseil-des-droits-de-lhomme\/#respond"]}]},{"@type":"WebPage","@id":"https:\/\/lasentinelle.dz\/index.php\/2024\/06\/20\/le-rapport-accablant-du-conseil-des-droits-de-lhomme\/","url":"https:\/\/lasentinelle.dz\/index.php\/2024\/06\/20\/le-rapport-accablant-du-conseil-des-droits-de-lhomme\/","name":"Le rapport accablant du Conseil des droits de l&rsquo;Homme - La Sentinelle","isPartOf":{"@id":"https:\/\/lasentinelle.dz\/#website"},"primaryImageOfPage":{"@id":"https:\/\/lasentinelle.dz\/index.php\/2024\/06\/20\/le-rapport-accablant-du-conseil-des-droits-de-lhomme\/#primaryimage"},"image":{"@id":"https:\/\/lasentinelle.dz\/index.php\/2024\/06\/20\/le-rapport-accablant-du-conseil-des-droits-de-lhomme\/#primaryimage"},"thumbnailUrl":"https:\/\/lasentinelle.dz\/wp-content\/uploads\/2024\/06\/Navi-Pillay.jpeg","datePublished":"2024-06-20T15:17:00+00:00","dateModified":"2024-06-22T15:19:25+00:00","breadcrumb":{"@id":"https:\/\/lasentinelle.dz\/index.php\/2024\/06\/20\/le-rapport-accablant-du-conseil-des-droits-de-lhomme\/#breadcrumb"},"inLanguage":"fr-FR","potentialAction":[{"@type":"ReadAction","target":["https:\/\/lasentinelle.dz\/index.php\/2024\/06\/20\/le-rapport-accablant-du-conseil-des-droits-de-lhomme\/"]}]},{"@type":"ImageObject","inLanguage":"fr-FR","@id":"https:\/\/lasentinelle.dz\/index.php\/2024\/06\/20\/le-rapport-accablant-du-conseil-des-droits-de-lhomme\/#primaryimage","url":"https:\/\/lasentinelle.dz\/wp-content\/uploads\/2024\/06\/Navi-Pillay.jpeg","contentUrl":"https:\/\/lasentinelle.dz\/wp-content\/uploads\/2024\/06\/Navi-Pillay.jpeg","width":1024,"height":682},{"@type":"BreadcrumbList","@id":"https:\/\/lasentinelle.dz\/index.php\/2024\/06\/20\/le-rapport-accablant-du-conseil-des-droits-de-lhomme\/#breadcrumb","itemListElement":[{"@type":"ListItem","position":1,"name":"Accueil","item":"https:\/\/lasentinelle.dz\/"},{"@type":"ListItem","position":2,"name":"Le rapport accablant du Conseil des droits de l&rsquo;Homme"}]},{"@type":"WebSite","@id":"https:\/\/lasentinelle.dz\/#website","url":"https:\/\/lasentinelle.dz\/","name":"La Sentinelle","description":"Quotidien national d&#039;information","publisher":{"@id":"https:\/\/lasentinelle.dz\/#organization"},"potentialAction":[{"@type":"SearchAction","target":{"@type":"EntryPoint","urlTemplate":"https:\/\/lasentinelle.dz\/?s={search_term_string}"},"query-input":{"@type":"PropertyValueSpecification","valueRequired":true,"valueName":"search_term_string"}}],"inLanguage":"fr-FR"},{"@type":"Organization","@id":"https:\/\/lasentinelle.dz\/#organization","name":"Quotidien La Sentinelle","url":"https:\/\/lasentinelle.dz\/","logo":{"@type":"ImageObject","inLanguage":"fr-FR","@id":"https:\/\/lasentinelle.dz\/#\/schema\/logo\/image\/","url":"https:\/\/lasentinelle.dz\/wp-content\/uploads\/2021\/09\/logo-sentinelleSLOGAN-1.png","contentUrl":"https:\/\/lasentinelle.dz\/wp-content\/uploads\/2021\/09\/logo-sentinelleSLOGAN-1.png","width":615,"height":142,"caption":"Quotidien La Sentinelle"},"image":{"@id":"https:\/\/lasentinelle.dz\/#\/schema\/logo\/image\/"},"sameAs":["https:\/\/www.facebook.com\/La-Sentinelle-104059864394773"]},{"@type":"Person","@id":"https:\/\/lasentinelle.dz\/#\/schema\/person\/d865044e22e70a75174ce8bcad3acfb3","name":"La Sentinelle","image":{"@type":"ImageObject","inLanguage":"fr-FR","@id":"https:\/\/secure.gravatar.com\/avatar\/57de8e5d4b15d43fb361a71fbb36338450fe67865b528a43dd10ef7c51a20392?s=96&d=mm&r=g","url":"https:\/\/secure.gravatar.com\/avatar\/57de8e5d4b15d43fb361a71fbb36338450fe67865b528a43dd10ef7c51a20392?s=96&d=mm&r=g","contentUrl":"https:\/\/secure.gravatar.com\/avatar\/57de8e5d4b15d43fb361a71fbb36338450fe67865b528a43dd10ef7c51a20392?s=96&d=mm&r=g","caption":"La Sentinelle"},"sameAs":["http:\/\/www.lasentinelle.dz"],"url":"https:\/\/lasentinelle.dz\/author\/redaction\/"}]}},"_links":{"self":[{"href":"https:\/\/lasentinelle.dz\/index.php\/wp-json\/wp\/v2\/posts\/53546","targetHints":{"allow":["GET"]}}],"collection":[{"href":"https:\/\/lasentinelle.dz\/index.php\/wp-json\/wp\/v2\/posts"}],"about":[{"href":"https:\/\/lasentinelle.dz\/index.php\/wp-json\/wp\/v2\/types\/post"}],"author":[{"embeddable":true,"href":"https:\/\/lasentinelle.dz\/index.php\/wp-json\/wp\/v2\/users\/3"}],"replies":[{"embeddable":true,"href":"https:\/\/lasentinelle.dz\/index.php\/wp-json\/wp\/v2\/comments?post=53546"}],"version-history":[{"count":2,"href":"https:\/\/lasentinelle.dz\/index.php\/wp-json\/wp\/v2\/posts\/53546\/revisions"}],"predecessor-version":[{"id":53551,"href":"https:\/\/lasentinelle.dz\/index.php\/wp-json\/wp\/v2\/posts\/53546\/revisions\/53551"}],"wp:featuredmedia":[{"embeddable":true,"href":"https:\/\/lasentinelle.dz\/index.php\/wp-json\/wp\/v2\/media\/53547"}],"wp:attachment":[{"href":"https:\/\/lasentinelle.dz\/index.php\/wp-json\/wp\/v2\/media?parent=53546"}],"wp:term":[{"taxonomy":"category","embeddable":true,"href":"https:\/\/lasentinelle.dz\/index.php\/wp-json\/wp\/v2\/categories?post=53546"},{"taxonomy":"post_tag","embeddable":true,"href":"https:\/\/lasentinelle.dz\/index.php\/wp-json\/wp\/v2\/tags?post=53546"}],"curies":[{"name":"wp","href":"https:\/\/api.w.org\/{rel}","templated":true}]}}