{"id":53582,"date":"2024-06-22T20:04:58","date_gmt":"2024-06-22T19:04:58","guid":{"rendered":"https:\/\/lasentinelle.dz\/?p=53582"},"modified":"2024-06-22T20:05:05","modified_gmt":"2024-06-22T19:05:05","slug":"renforcement-des-capacites-de-stockage-de-cereales-la-realisation-de-350-centres-de-proximite-lancee","status":"publish","type":"post","link":"https:\/\/lasentinelle.dz\/index.php\/2024\/06\/22\/renforcement-des-capacites-de-stockage-de-cereales-la-realisation-de-350-centres-de-proximite-lancee\/","title":{"rendered":"Renforcement des capacit\u00e9s de stockage de c\u00e9r\u00e9ales: La r\u00e9alisation de 350 centres de proximit\u00e9 lanc\u00e9e"},"content":{"rendered":"\n<p>Le ministre de l\u2019Int\u00e9rieur, des Collectivit\u00e9s locales et de l\u2019Am\u00e9nagement du territoire, Brahim Merad a annonc\u00e9, hier lors d&rsquo;une visite \u00e0 Mostaganem \u00e0 l&rsquo;occasion du coup d&rsquo;envoi de la saison estivale, le lancement de la r\u00e9alisation de 350 centres de proximit\u00e9 de stockage interm\u00e9diaire de c\u00e9r\u00e9ales \u00e0 travers le pays. Le ministre qui a mis \u00e0 profit cette visite pour poser de la premi\u00e8re pierre du projet de r\u00e9alisation du premier centre de proximit\u00e9 de stockage de c\u00e9r\u00e9ales dans la commune de Oued El Kheir, a expliqu\u00e9 que la r\u00e9alisation de ces structures \u00e0 travers 34 wilayas est intervenue en application des instructions du pr\u00e9sident de la R\u00e9publique, M. Abdelmadjid Tebboune, visant \u00e0 r\u00e9aliser la s\u00e9curit\u00e9 alimentaire nationale. Il est utile de rappeler dans ce contexte que la r\u00e9alisation de ces centres de proximit\u00e9 entre dans le cadre d&rsquo;un programme nationale global destin\u00e9 \u00e0 renforcer les capacit\u00e9s de stockage des c\u00e9r\u00e9ales et les porter \u00e0 9 millions de tonnes. Ce programme pr\u00e9voit la r\u00e9alisation de 350 centres de proximit\u00e9 de stockage de c\u00e9r\u00e9ales \u00e0 l&rsquo;\u00e9chelle nationale d&rsquo;une capacit\u00e9 de 50 000 \u00e0 70 000 quintaux, de 36 silos de stockage de c\u00e9r\u00e9ales d&rsquo;une capacit\u00e9 de 250 000 quintaux par unit\u00e9 de stockage et de la relance de 16 silos dont la r\u00e9alisation a \u00e9t\u00e9 gel\u00e9e en 2016. &nbsp;Rappelons dans ce contexte que le pr\u00e9sident de la R\u00e9publique a ordonn\u00e9 lors d&rsquo;un conseil des ministres tenu au mois de d\u00e9cembre dernier, le transfert des projets des silos de stockage des c\u00e9r\u00e9ales aux walis de la R\u00e9publique, soulignant que l&rsquo;\u00e9largissement des capacit\u00e9s de stockage s&rsquo;inscrivait dans le cadre de la nouvelle politique et de la vision prospective de l&rsquo;Etat concernant la question de la s\u00e9curit\u00e9 alimentaire. \u00c0 ce propos, le ministre de l&rsquo;Int\u00e9rieur a soulign\u00e9 hier que les walis s\u2019att\u00e8lent actuellement \u00e0 l\u2019ach\u00e8vement des proc\u00e9dures relatives \u00e0 la r\u00e9alisation de ces infrastructures devant permettre de renforcer les capacit\u00e9s nationales de stockage. Notons que le centre de Oued El Kheir dont les travaux devraient s\u2019achever dans six mois pour qu&rsquo;il soit op\u00e9rationnel lors de la campagne moisson-battage de la saison agricole prochaine dispose d\u2019une capacit\u00e9 de 5.000 tonnes de c\u00e9r\u00e9ales et constitue l\u2019un des cinq centres au niveau de la wilaya de Mostaganem qui sont proches des zones productives et extensibles. Le co\u00fbt de r\u00e9alisation des cinq centres implant\u00e9s dans les sites de Oued El Kheir, Bouguirat, Stidia, Sidi Ali et Sidi Belattar est estim\u00e9 \u00e0 plus de 1,264 milliard DA, selon les explications fournies sur place.<\/p>\n\n\n\n<p><strong>Sabrina Aziouez<\/strong><\/p>\n","protected":false},"excerpt":{"rendered":"<p>Le ministre de l\u2019Int\u00e9rieur, des Collectivit\u00e9s locales et de l\u2019Am\u00e9nagement du territoire, Brahim Merad a annonc\u00e9, hier lors d&rsquo;une visite<\/p>\n","protected":false},"author":3,"featured_media":24551,"comment_status":"open","ping_status":"closed","sticky":false,"template":"","format":"standard","meta":{"colormag_page_container_layout":"default_layout","colormag_page_sidebar_layout":"default_layout","om_disable_all_campaigns":false,"_monsterinsights_skip_tracking":false,"_monsterinsights_sitenote_active":false,"_monsterinsights_sitenote_note":"","_monsterinsights_sitenote_category":0,"footnotes":"","_wpscppro_dont_share_socialmedia":false,"_wpscppro_custom_social_share_image":0,"_facebook_share_type":"default","_twitter_share_type":"default","_linkedin_share_type":"default","_pinterest_share_type":"default","_linkedin_share_type_page":"","_instagram_share_type":"default","_medium_share_type":"","_threads_share_type":"","_google_business_share_type":"","_selected_social_profile":[],"_wpsp_enable_custom_social_template":false,"_wpsp_social_scheduling":{"enabled":false,"datetime":null,"platforms":[],"status":"template_only","dateOption":"today","timeOption":"now","customDays":"","customHours":"","customDate":"","customTime":"","schedulingType":"absolute"},"_wpsp_active_default_template":true},"categories":[29],"tags":[],"class_list":["post-53582","post","type-post","status-publish","format-standard","has-post-thumbnail","hentry","category-economie"],"aioseo_notices":[],"yoast_head":"<!-- This site is optimized with the Yoast SEO plugin v27.5 - https:\/\/yoast.com\/product\/yoast-seo-wordpress\/ -->\n<title>Renforcement des capacit\u00e9s de stockage de c\u00e9r\u00e9ales: La r\u00e9alisation de 350 centres de proximit\u00e9 lanc\u00e9e - La Sentinelle<\/title>\n<meta name=\"robots\" content=\"index, follow, max-snippet:-1, max-image-preview:large, max-video-preview:-1\" \/>\n<link rel=\"canonical\" href=\"https:\/\/lasentinelle.dz\/index.php\/2024\/06\/22\/renforcement-des-capacites-de-stockage-de-cereales-la-realisation-de-350-centres-de-proximite-lancee\/\" \/>\n<meta property=\"og:locale\" content=\"fr_FR\" \/>\n<meta property=\"og:type\" content=\"article\" \/>\n<meta property=\"og:title\" content=\"Renforcement des capacit\u00e9s de stockage de c\u00e9r\u00e9ales: La r\u00e9alisation de 350 centres de proximit\u00e9 lanc\u00e9e - La Sentinelle\" \/>\n<meta property=\"og:description\" content=\"Le ministre de l\u2019Int\u00e9rieur, des Collectivit\u00e9s locales et de l\u2019Am\u00e9nagement du territoire, Brahim Merad a annonc\u00e9, hier lors d&rsquo;une visite\" \/>\n<meta property=\"og:url\" content=\"https:\/\/lasentinelle.dz\/index.php\/2024\/06\/22\/renforcement-des-capacites-de-stockage-de-cereales-la-realisation-de-350-centres-de-proximite-lancee\/\" \/>\n<meta property=\"og:site_name\" content=\"La Sentinelle\" \/>\n<meta property=\"article:publisher\" content=\"https:\/\/www.facebook.com\/La-Sentinelle-104059864394773\" \/>\n<meta property=\"article:published_time\" content=\"2024-06-22T19:04:58+00:00\" \/>\n<meta property=\"article:modified_time\" content=\"2024-06-22T19:05:05+00:00\" \/>\n<meta property=\"og:image\" content=\"https:\/\/lasentinelle.dz\/wp-content\/uploads\/2022\/07\/cereales-ukraine.png\" \/>\n\t<meta property=\"og:image:width\" content=\"1355\" \/>\n\t<meta property=\"og:image:height\" content=\"900\" \/>\n\t<meta property=\"og:image:type\" content=\"image\/png\" \/>\n<meta name=\"author\" content=\"La Sentinelle\" \/>\n<meta name=\"twitter:card\" content=\"summary_large_image\" \/>\n<meta name=\"twitter:label1\" content=\"\u00c9crit par\" \/>\n\t<meta name=\"twitter:data1\" content=\"La Sentinelle\" \/>\n\t<meta name=\"twitter:label2\" content=\"Dur\u00e9e de lecture estim\u00e9e\" \/>\n\t<meta name=\"twitter:data2\" content=\"3 minutes\" \/>\n<script type=\"application\/ld+json\" class=\"yoast-schema-graph\">{\"@context\":\"https:\\\/\\\/schema.org\",\"@graph\":[{\"@type\":\"Article\",\"@id\":\"https:\\\/\\\/lasentinelle.dz\\\/index.php\\\/2024\\\/06\\\/22\\\/renforcement-des-capacites-de-stockage-de-cereales-la-realisation-de-350-centres-de-proximite-lancee\\\/#article\",\"isPartOf\":{\"@id\":\"https:\\\/\\\/lasentinelle.dz\\\/index.php\\\/2024\\\/06\\\/22\\\/renforcement-des-capacites-de-stockage-de-cereales-la-realisation-de-350-centres-de-proximite-lancee\\\/\"},\"author\":{\"name\":\"La Sentinelle\",\"@id\":\"https:\\\/\\\/lasentinelle.dz\\\/#\\\/schema\\\/person\\\/d865044e22e70a75174ce8bcad3acfb3\"},\"headline\":\"Renforcement des capacit\u00e9s de stockage de c\u00e9r\u00e9ales: La r\u00e9alisation de 350 centres de proximit\u00e9 lanc\u00e9e\",\"datePublished\":\"2024-06-22T19:04:58+00:00\",\"dateModified\":\"2024-06-22T19:05:05+00:00\",\"mainEntityOfPage\":{\"@id\":\"https:\\\/\\\/lasentinelle.dz\\\/index.php\\\/2024\\\/06\\\/22\\\/renforcement-des-capacites-de-stockage-de-cereales-la-realisation-de-350-centres-de-proximite-lancee\\\/\"},\"wordCount\":475,\"commentCount\":0,\"publisher\":{\"@id\":\"https:\\\/\\\/lasentinelle.dz\\\/#organization\"},\"image\":{\"@id\":\"https:\\\/\\\/lasentinelle.dz\\\/index.php\\\/2024\\\/06\\\/22\\\/renforcement-des-capacites-de-stockage-de-cereales-la-realisation-de-350-centres-de-proximite-lancee\\\/#primaryimage\"},\"thumbnailUrl\":\"https:\\\/\\\/lasentinelle.dz\\\/wp-content\\\/uploads\\\/2022\\\/07\\\/cereales-ukraine.png\",\"articleSection\":[\"\u00c9conomie\"],\"inLanguage\":\"fr-FR\",\"potentialAction\":[{\"@type\":\"CommentAction\",\"name\":\"Comment\",\"target\":[\"https:\\\/\\\/lasentinelle.dz\\\/index.php\\\/2024\\\/06\\\/22\\\/renforcement-des-capacites-de-stockage-de-cereales-la-realisation-de-350-centres-de-proximite-lancee\\\/#respond\"]}]},{\"@type\":\"WebPage\",\"@id\":\"https:\\\/\\\/lasentinelle.dz\\\/index.php\\\/2024\\\/06\\\/22\\\/renforcement-des-capacites-de-stockage-de-cereales-la-realisation-de-350-centres-de-proximite-lancee\\\/\",\"url\":\"https:\\\/\\\/lasentinelle.dz\\\/index.php\\\/2024\\\/06\\\/22\\\/renforcement-des-capacites-de-stockage-de-cereales-la-realisation-de-350-centres-de-proximite-lancee\\\/\",\"name\":\"Renforcement des capacit\u00e9s de stockage de c\u00e9r\u00e9ales: La r\u00e9alisation de 350 centres de proximit\u00e9 lanc\u00e9e - La Sentinelle\",\"isPartOf\":{\"@id\":\"https:\\\/\\\/lasentinelle.dz\\\/#website\"},\"primaryImageOfPage\":{\"@id\":\"https:\\\/\\\/lasentinelle.dz\\\/index.php\\\/2024\\\/06\\\/22\\\/renforcement-des-capacites-de-stockage-de-cereales-la-realisation-de-350-centres-de-proximite-lancee\\\/#primaryimage\"},\"image\":{\"@id\":\"https:\\\/\\\/lasentinelle.dz\\\/index.php\\\/2024\\\/06\\\/22\\\/renforcement-des-capacites-de-stockage-de-cereales-la-realisation-de-350-centres-de-proximite-lancee\\\/#primaryimage\"},\"thumbnailUrl\":\"https:\\\/\\\/lasentinelle.dz\\\/wp-content\\\/uploads\\\/2022\\\/07\\\/cereales-ukraine.png\",\"datePublished\":\"2024-06-22T19:04:58+00:00\",\"dateModified\":\"2024-06-22T19:05:05+00:00\",\"breadcrumb\":{\"@id\":\"https:\\\/\\\/lasentinelle.dz\\\/index.php\\\/2024\\\/06\\\/22\\\/renforcement-des-capacites-de-stockage-de-cereales-la-realisation-de-350-centres-de-proximite-lancee\\\/#breadcrumb\"},\"inLanguage\":\"fr-FR\",\"potentialAction\":[{\"@type\":\"ReadAction\",\"target\":[\"https:\\\/\\\/lasentinelle.dz\\\/index.php\\\/2024\\\/06\\\/22\\\/renforcement-des-capacites-de-stockage-de-cereales-la-realisation-de-350-centres-de-proximite-lancee\\\/\"]}]},{\"@type\":\"ImageObject\",\"inLanguage\":\"fr-FR\",\"@id\":\"https:\\\/\\\/lasentinelle.dz\\\/index.php\\\/2024\\\/06\\\/22\\\/renforcement-des-capacites-de-stockage-de-cereales-la-realisation-de-350-centres-de-proximite-lancee\\\/#primaryimage\",\"url\":\"https:\\\/\\\/lasentinelle.dz\\\/wp-content\\\/uploads\\\/2022\\\/07\\\/cereales-ukraine.png\",\"contentUrl\":\"https:\\\/\\\/lasentinelle.dz\\\/wp-content\\\/uploads\\\/2022\\\/07\\\/cereales-ukraine.png\",\"width\":1355,\"height\":900},{\"@type\":\"BreadcrumbList\",\"@id\":\"https:\\\/\\\/lasentinelle.dz\\\/index.php\\\/2024\\\/06\\\/22\\\/renforcement-des-capacites-de-stockage-de-cereales-la-realisation-de-350-centres-de-proximite-lancee\\\/#breadcrumb\",\"itemListElement\":[{\"@type\":\"ListItem\",\"position\":1,\"name\":\"Accueil\",\"item\":\"https:\\\/\\\/lasentinelle.dz\\\/\"},{\"@type\":\"ListItem\",\"position\":2,\"name\":\"Renforcement des capacit\u00e9s de stockage de c\u00e9r\u00e9ales: La r\u00e9alisation de 350 centres de proximit\u00e9 lanc\u00e9e\"}]},{\"@type\":\"WebSite\",\"@id\":\"https:\\\/\\\/lasentinelle.dz\\\/#website\",\"url\":\"https:\\\/\\\/lasentinelle.dz\\\/\",\"name\":\"La Sentinelle\",\"description\":\"Quotidien national d&#039;information\",\"publisher\":{\"@id\":\"https:\\\/\\\/lasentinelle.dz\\\/#organization\"},\"potentialAction\":[{\"@type\":\"SearchAction\",\"target\":{\"@type\":\"EntryPoint\",\"urlTemplate\":\"https:\\\/\\\/lasentinelle.dz\\\/?s={search_term_string}\"},\"query-input\":{\"@type\":\"PropertyValueSpecification\",\"valueRequired\":true,\"valueName\":\"search_term_string\"}}],\"inLanguage\":\"fr-FR\"},{\"@type\":\"Organization\",\"@id\":\"https:\\\/\\\/lasentinelle.dz\\\/#organization\",\"name\":\"Quotidien La Sentinelle\",\"url\":\"https:\\\/\\\/lasentinelle.dz\\\/\",\"logo\":{\"@type\":\"ImageObject\",\"inLanguage\":\"fr-FR\",\"@id\":\"https:\\\/\\\/lasentinelle.dz\\\/#\\\/schema\\\/logo\\\/image\\\/\",\"url\":\"https:\\\/\\\/lasentinelle.dz\\\/wp-content\\\/uploads\\\/2021\\\/09\\\/logo-sentinelleSLOGAN-1.png\",\"contentUrl\":\"https:\\\/\\\/lasentinelle.dz\\\/wp-content\\\/uploads\\\/2021\\\/09\\\/logo-sentinelleSLOGAN-1.png\",\"width\":615,\"height\":142,\"caption\":\"Quotidien La Sentinelle\"},\"image\":{\"@id\":\"https:\\\/\\\/lasentinelle.dz\\\/#\\\/schema\\\/logo\\\/image\\\/\"},\"sameAs\":[\"https:\\\/\\\/www.facebook.com\\\/La-Sentinelle-104059864394773\"]},{\"@type\":\"Person\",\"@id\":\"https:\\\/\\\/lasentinelle.dz\\\/#\\\/schema\\\/person\\\/d865044e22e70a75174ce8bcad3acfb3\",\"name\":\"La Sentinelle\",\"image\":{\"@type\":\"ImageObject\",\"inLanguage\":\"fr-FR\",\"@id\":\"https:\\\/\\\/secure.gravatar.com\\\/avatar\\\/57de8e5d4b15d43fb361a71fbb36338450fe67865b528a43dd10ef7c51a20392?s=96&d=mm&r=g\",\"url\":\"https:\\\/\\\/secure.gravatar.com\\\/avatar\\\/57de8e5d4b15d43fb361a71fbb36338450fe67865b528a43dd10ef7c51a20392?s=96&d=mm&r=g\",\"contentUrl\":\"https:\\\/\\\/secure.gravatar.com\\\/avatar\\\/57de8e5d4b15d43fb361a71fbb36338450fe67865b528a43dd10ef7c51a20392?s=96&d=mm&r=g\",\"caption\":\"La Sentinelle\"},\"sameAs\":[\"http:\\\/\\\/www.lasentinelle.dz\"],\"url\":\"https:\\\/\\\/lasentinelle.dz\\\/author\\\/redaction\\\/\"}]}<\/script>\n<!-- \/ Yoast SEO plugin. -->","yoast_head_json":{"title":"Renforcement des capacit\u00e9s de stockage de c\u00e9r\u00e9ales: La r\u00e9alisation de 350 centres de proximit\u00e9 lanc\u00e9e - La Sentinelle","robots":{"index":"index","follow":"follow","max-snippet":"max-snippet:-1","max-image-preview":"max-image-preview:large","max-video-preview":"max-video-preview:-1"},"canonical":"https:\/\/lasentinelle.dz\/index.php\/2024\/06\/22\/renforcement-des-capacites-de-stockage-de-cereales-la-realisation-de-350-centres-de-proximite-lancee\/","og_locale":"fr_FR","og_type":"article","og_title":"Renforcement des capacit\u00e9s de stockage de c\u00e9r\u00e9ales: La r\u00e9alisation de 350 centres de proximit\u00e9 lanc\u00e9e - La Sentinelle","og_description":"Le ministre de l\u2019Int\u00e9rieur, des Collectivit\u00e9s locales et de l\u2019Am\u00e9nagement du territoire, Brahim Merad a annonc\u00e9, hier lors d&rsquo;une visite","og_url":"https:\/\/lasentinelle.dz\/index.php\/2024\/06\/22\/renforcement-des-capacites-de-stockage-de-cereales-la-realisation-de-350-centres-de-proximite-lancee\/","og_site_name":"La Sentinelle","article_publisher":"https:\/\/www.facebook.com\/La-Sentinelle-104059864394773","article_published_time":"2024-06-22T19:04:58+00:00","article_modified_time":"2024-06-22T19:05:05+00:00","og_image":[{"width":1355,"height":900,"url":"https:\/\/lasentinelle.dz\/wp-content\/uploads\/2022\/07\/cereales-ukraine.png","type":"image\/png"}],"author":"La Sentinelle","twitter_card":"summary_large_image","twitter_misc":{"\u00c9crit par":"La Sentinelle","Dur\u00e9e de lecture estim\u00e9e":"3 minutes"},"schema":{"@context":"https:\/\/schema.org","@graph":[{"@type":"Article","@id":"https:\/\/lasentinelle.dz\/index.php\/2024\/06\/22\/renforcement-des-capacites-de-stockage-de-cereales-la-realisation-de-350-centres-de-proximite-lancee\/#article","isPartOf":{"@id":"https:\/\/lasentinelle.dz\/index.php\/2024\/06\/22\/renforcement-des-capacites-de-stockage-de-cereales-la-realisation-de-350-centres-de-proximite-lancee\/"},"author":{"name":"La Sentinelle","@id":"https:\/\/lasentinelle.dz\/#\/schema\/person\/d865044e22e70a75174ce8bcad3acfb3"},"headline":"Renforcement des capacit\u00e9s de stockage de c\u00e9r\u00e9ales: La r\u00e9alisation de 350 centres de proximit\u00e9 lanc\u00e9e","datePublished":"2024-06-22T19:04:58+00:00","dateModified":"2024-06-22T19:05:05+00:00","mainEntityOfPage":{"@id":"https:\/\/lasentinelle.dz\/index.php\/2024\/06\/22\/renforcement-des-capacites-de-stockage-de-cereales-la-realisation-de-350-centres-de-proximite-lancee\/"},"wordCount":475,"commentCount":0,"publisher":{"@id":"https:\/\/lasentinelle.dz\/#organization"},"image":{"@id":"https:\/\/lasentinelle.dz\/index.php\/2024\/06\/22\/renforcement-des-capacites-de-stockage-de-cereales-la-realisation-de-350-centres-de-proximite-lancee\/#primaryimage"},"thumbnailUrl":"https:\/\/lasentinelle.dz\/wp-content\/uploads\/2022\/07\/cereales-ukraine.png","articleSection":["\u00c9conomie"],"inLanguage":"fr-FR","potentialAction":[{"@type":"CommentAction","name":"Comment","target":["https:\/\/lasentinelle.dz\/index.php\/2024\/06\/22\/renforcement-des-capacites-de-stockage-de-cereales-la-realisation-de-350-centres-de-proximite-lancee\/#respond"]}]},{"@type":"WebPage","@id":"https:\/\/lasentinelle.dz\/index.php\/2024\/06\/22\/renforcement-des-capacites-de-stockage-de-cereales-la-realisation-de-350-centres-de-proximite-lancee\/","url":"https:\/\/lasentinelle.dz\/index.php\/2024\/06\/22\/renforcement-des-capacites-de-stockage-de-cereales-la-realisation-de-350-centres-de-proximite-lancee\/","name":"Renforcement des capacit\u00e9s de stockage de c\u00e9r\u00e9ales: La r\u00e9alisation de 350 centres de proximit\u00e9 lanc\u00e9e - La Sentinelle","isPartOf":{"@id":"https:\/\/lasentinelle.dz\/#website"},"primaryImageOfPage":{"@id":"https:\/\/lasentinelle.dz\/index.php\/2024\/06\/22\/renforcement-des-capacites-de-stockage-de-cereales-la-realisation-de-350-centres-de-proximite-lancee\/#primaryimage"},"image":{"@id":"https:\/\/lasentinelle.dz\/index.php\/2024\/06\/22\/renforcement-des-capacites-de-stockage-de-cereales-la-realisation-de-350-centres-de-proximite-lancee\/#primaryimage"},"thumbnailUrl":"https:\/\/lasentinelle.dz\/wp-content\/uploads\/2022\/07\/cereales-ukraine.png","datePublished":"2024-06-22T19:04:58+00:00","dateModified":"2024-06-22T19:05:05+00:00","breadcrumb":{"@id":"https:\/\/lasentinelle.dz\/index.php\/2024\/06\/22\/renforcement-des-capacites-de-stockage-de-cereales-la-realisation-de-350-centres-de-proximite-lancee\/#breadcrumb"},"inLanguage":"fr-FR","potentialAction":[{"@type":"ReadAction","target":["https:\/\/lasentinelle.dz\/index.php\/2024\/06\/22\/renforcement-des-capacites-de-stockage-de-cereales-la-realisation-de-350-centres-de-proximite-lancee\/"]}]},{"@type":"ImageObject","inLanguage":"fr-FR","@id":"https:\/\/lasentinelle.dz\/index.php\/2024\/06\/22\/renforcement-des-capacites-de-stockage-de-cereales-la-realisation-de-350-centres-de-proximite-lancee\/#primaryimage","url":"https:\/\/lasentinelle.dz\/wp-content\/uploads\/2022\/07\/cereales-ukraine.png","contentUrl":"https:\/\/lasentinelle.dz\/wp-content\/uploads\/2022\/07\/cereales-ukraine.png","width":1355,"height":900},{"@type":"BreadcrumbList","@id":"https:\/\/lasentinelle.dz\/index.php\/2024\/06\/22\/renforcement-des-capacites-de-stockage-de-cereales-la-realisation-de-350-centres-de-proximite-lancee\/#breadcrumb","itemListElement":[{"@type":"ListItem","position":1,"name":"Accueil","item":"https:\/\/lasentinelle.dz\/"},{"@type":"ListItem","position":2,"name":"Renforcement des capacit\u00e9s de stockage de c\u00e9r\u00e9ales: La r\u00e9alisation de 350 centres de proximit\u00e9 lanc\u00e9e"}]},{"@type":"WebSite","@id":"https:\/\/lasentinelle.dz\/#website","url":"https:\/\/lasentinelle.dz\/","name":"La Sentinelle","description":"Quotidien national d&#039;information","publisher":{"@id":"https:\/\/lasentinelle.dz\/#organization"},"potentialAction":[{"@type":"SearchAction","target":{"@type":"EntryPoint","urlTemplate":"https:\/\/lasentinelle.dz\/?s={search_term_string}"},"query-input":{"@type":"PropertyValueSpecification","valueRequired":true,"valueName":"search_term_string"}}],"inLanguage":"fr-FR"},{"@type":"Organization","@id":"https:\/\/lasentinelle.dz\/#organization","name":"Quotidien La Sentinelle","url":"https:\/\/lasentinelle.dz\/","logo":{"@type":"ImageObject","inLanguage":"fr-FR","@id":"https:\/\/lasentinelle.dz\/#\/schema\/logo\/image\/","url":"https:\/\/lasentinelle.dz\/wp-content\/uploads\/2021\/09\/logo-sentinelleSLOGAN-1.png","contentUrl":"https:\/\/lasentinelle.dz\/wp-content\/uploads\/2021\/09\/logo-sentinelleSLOGAN-1.png","width":615,"height":142,"caption":"Quotidien La Sentinelle"},"image":{"@id":"https:\/\/lasentinelle.dz\/#\/schema\/logo\/image\/"},"sameAs":["https:\/\/www.facebook.com\/La-Sentinelle-104059864394773"]},{"@type":"Person","@id":"https:\/\/lasentinelle.dz\/#\/schema\/person\/d865044e22e70a75174ce8bcad3acfb3","name":"La Sentinelle","image":{"@type":"ImageObject","inLanguage":"fr-FR","@id":"https:\/\/secure.gravatar.com\/avatar\/57de8e5d4b15d43fb361a71fbb36338450fe67865b528a43dd10ef7c51a20392?s=96&d=mm&r=g","url":"https:\/\/secure.gravatar.com\/avatar\/57de8e5d4b15d43fb361a71fbb36338450fe67865b528a43dd10ef7c51a20392?s=96&d=mm&r=g","contentUrl":"https:\/\/secure.gravatar.com\/avatar\/57de8e5d4b15d43fb361a71fbb36338450fe67865b528a43dd10ef7c51a20392?s=96&d=mm&r=g","caption":"La Sentinelle"},"sameAs":["http:\/\/www.lasentinelle.dz"],"url":"https:\/\/lasentinelle.dz\/author\/redaction\/"}]}},"_links":{"self":[{"href":"https:\/\/lasentinelle.dz\/index.php\/wp-json\/wp\/v2\/posts\/53582","targetHints":{"allow":["GET"]}}],"collection":[{"href":"https:\/\/lasentinelle.dz\/index.php\/wp-json\/wp\/v2\/posts"}],"about":[{"href":"https:\/\/lasentinelle.dz\/index.php\/wp-json\/wp\/v2\/types\/post"}],"author":[{"embeddable":true,"href":"https:\/\/lasentinelle.dz\/index.php\/wp-json\/wp\/v2\/users\/3"}],"replies":[{"embeddable":true,"href":"https:\/\/lasentinelle.dz\/index.php\/wp-json\/wp\/v2\/comments?post=53582"}],"version-history":[{"count":1,"href":"https:\/\/lasentinelle.dz\/index.php\/wp-json\/wp\/v2\/posts\/53582\/revisions"}],"predecessor-version":[{"id":53583,"href":"https:\/\/lasentinelle.dz\/index.php\/wp-json\/wp\/v2\/posts\/53582\/revisions\/53583"}],"wp:featuredmedia":[{"embeddable":true,"href":"https:\/\/lasentinelle.dz\/index.php\/wp-json\/wp\/v2\/media\/24551"}],"wp:attachment":[{"href":"https:\/\/lasentinelle.dz\/index.php\/wp-json\/wp\/v2\/media?parent=53582"}],"wp:term":[{"taxonomy":"category","embeddable":true,"href":"https:\/\/lasentinelle.dz\/index.php\/wp-json\/wp\/v2\/categories?post=53582"},{"taxonomy":"post_tag","embeddable":true,"href":"https:\/\/lasentinelle.dz\/index.php\/wp-json\/wp\/v2\/tags?post=53582"}],"curies":[{"name":"wp","href":"https:\/\/api.w.org\/{rel}","templated":true}]}}