{"id":53603,"date":"2024-06-22T20:16:01","date_gmt":"2024-06-22T19:16:01","guid":{"rendered":"https:\/\/lasentinelle.dz\/?p=53603"},"modified":"2024-06-22T20:16:13","modified_gmt":"2024-06-22T19:16:13","slug":"hassani-cherif-nous-sommes-determines-a-se-lancer-dans-la-course-avec-combativite","status":"publish","type":"post","link":"https:\/\/lasentinelle.dz\/index.php\/2024\/06\/22\/hassani-cherif-nous-sommes-determines-a-se-lancer-dans-la-course-avec-combativite\/","title":{"rendered":"Hassani Cherif : \u00ab\u00a0Nous sommes d\u00e9termin\u00e9s \u00e0 se lancer dans la course avec combativit\u00e9\u00a0\u00bb"},"content":{"rendered":"\n<p>Le pr\u00e9sident du Mouvement de la soci\u00e9t\u00e9 pour la paix (MSP), Abdelaali Hassani Cherif, a affirm\u00e9, vendredi soir depuis Blida, que sa formation politique \u00e9tait d\u00e9termin\u00e9e \u00e0 se lancer dans la course \u00e0 la Pr\u00e9sidentielle avec combativit\u00e9. Pr\u00e9sidant la c\u00e9r\u00e9monie de comm\u00e9moration du 21e anniversaire de la disparition du fondateur du Mouvement de la soci\u00e9t\u00e9 pour la paix, cheikh Mahfoud Nahnah, M. Hassani Cherif a assur\u00e9 que sa formation politique participera \u00e0 la prochaine \u00e9lection pr\u00e9sidentielle \u00ab\u00a0avec combativit\u00e9\u00a0\u00bb en proposant aux Alg\u00e9riens un projet \u00ab\u00a0de nature \u00e0 apporter des solutions \u00e0 leurs probl\u00e8mes et de rendre l&rsquo;Alg\u00e9rie encore plus prosp\u00e8re\u00a0\u00bb. Le MSP \u00ab\u00a0pr\u00f4ne l&rsquo;alternance pacifique au pouvoir, la transition d\u00e9mocratique, la pr\u00e9servation des libert\u00e9s et des valeurs et la r\u00e9forme socio\u00e9conomique et rejette les pratiques susceptibles de d\u00e9stabiliser le pays\u00a0\u00bb, a-t-il soutenu. Et de pr\u00e9ciser que la m\u00e9thodologie et la vision politique de sa formation \u00ab\u00a0\u00e9voluent d&rsquo;une \u00e9tape \u00e0 l&rsquo;autre, selon les circonstances, les mutations et la situation politique\u00a0\u00bb. La c\u00e9r\u00e9monie, qui a \u00e9t\u00e9 l&rsquo;occasion de se rem\u00e9morer les qualit\u00e9s du fondateurs du MSP, cheikh Mahfoud Nahnah, a vu la pr\u00e9sence des dirigeants et de militants du Mouvement, ainsi que du Secr\u00e9taire g\u00e9n\u00e9ral du Mouvement Ennahda, Mohamed Douibi, qui a affirm\u00e9 que le soutien de sa formation politique \u00e0 la candidature du pr\u00e9sident du MSP \u00e0 la Pr\u00e9sidentielle du 7 septembre prochain \u00ab\u00a0d\u00e9coule d&rsquo;une volont\u00e9 sinc\u00e8re et participe de l&rsquo;ind\u00e9pendance d\u00e9cisionnelle\u00a0\u00bb. Le Conseil national de la Choura du Mouvement de la soci\u00e9t\u00e9 pour la paix, r\u00e9uni en session extraordinaire les 24 et 25 mai 2024, avait, rappelle-t-on, propos\u00e9 la candidature du pr\u00e9sident du MSP, Abdelaali Hassani Cherif, \u00e0 la prochaine \u00e9lection pr\u00e9sidentielle.<\/p>\n\n\n\n<p>APS<\/p>\n","protected":false},"excerpt":{"rendered":"<p>Le pr\u00e9sident du Mouvement de la soci\u00e9t\u00e9 pour la paix (MSP), Abdelaali Hassani Cherif, a affirm\u00e9, vendredi soir depuis Blida,<\/p>\n","protected":false},"author":3,"featured_media":38029,"comment_status":"open","ping_status":"closed","sticky":false,"template":"","format":"standard","meta":{"colormag_page_container_layout":"default_layout","colormag_page_sidebar_layout":"default_layout","om_disable_all_campaigns":false,"_monsterinsights_skip_tracking":false,"_monsterinsights_sitenote_active":false,"_monsterinsights_sitenote_note":"","_monsterinsights_sitenote_category":0,"footnotes":"","_wpscppro_dont_share_socialmedia":false,"_wpscppro_custom_social_share_image":0,"_facebook_share_type":"default","_twitter_share_type":"default","_linkedin_share_type":"default","_pinterest_share_type":"default","_linkedin_share_type_page":"","_instagram_share_type":"default","_medium_share_type":"","_threads_share_type":"","_google_business_share_type":"","_selected_social_profile":[],"_wpsp_enable_custom_social_template":false,"_wpsp_social_scheduling":{"enabled":false,"datetime":null,"platforms":[],"status":"template_only","dateOption":"today","timeOption":"now","customDays":"","customHours":"","customDate":"","customTime":"","schedulingType":"absolute"},"_wpsp_active_default_template":true},"categories":[27,28],"tags":[],"class_list":["post-53603","post","type-post","status-publish","format-standard","has-post-thumbnail","hentry","category-actualite","category-politique"],"aioseo_notices":[],"yoast_head":"<!-- This site is optimized with the Yoast SEO plugin v27.5 - https:\/\/yoast.com\/product\/yoast-seo-wordpress\/ -->\n<title>Hassani Cherif : \u00ab\u00a0Nous sommes d\u00e9termin\u00e9s \u00e0 se lancer dans la course avec combativit\u00e9\u00a0\u00bb - La Sentinelle<\/title>\n<meta name=\"robots\" content=\"index, follow, max-snippet:-1, max-image-preview:large, max-video-preview:-1\" \/>\n<link rel=\"canonical\" href=\"https:\/\/lasentinelle.dz\/index.php\/2024\/06\/22\/hassani-cherif-nous-sommes-determines-a-se-lancer-dans-la-course-avec-combativite\/\" \/>\n<meta property=\"og:locale\" content=\"fr_FR\" \/>\n<meta property=\"og:type\" content=\"article\" \/>\n<meta property=\"og:title\" content=\"Hassani Cherif : \u00ab\u00a0Nous sommes d\u00e9termin\u00e9s \u00e0 se lancer dans la course avec combativit\u00e9\u00a0\u00bb - La Sentinelle\" \/>\n<meta property=\"og:description\" content=\"Le pr\u00e9sident du Mouvement de la soci\u00e9t\u00e9 pour la paix (MSP), Abdelaali Hassani Cherif, a affirm\u00e9, vendredi soir depuis Blida,\" \/>\n<meta property=\"og:url\" content=\"https:\/\/lasentinelle.dz\/index.php\/2024\/06\/22\/hassani-cherif-nous-sommes-determines-a-se-lancer-dans-la-course-avec-combativite\/\" \/>\n<meta property=\"og:site_name\" content=\"La Sentinelle\" \/>\n<meta property=\"article:publisher\" content=\"https:\/\/www.facebook.com\/La-Sentinelle-104059864394773\" \/>\n<meta property=\"article:published_time\" content=\"2024-06-22T19:16:01+00:00\" \/>\n<meta property=\"article:modified_time\" content=\"2024-06-22T19:16:13+00:00\" \/>\n<meta property=\"og:image\" content=\"https:\/\/lasentinelle.dz\/wp-content\/uploads\/2023\/03\/hassani.png\" \/>\n\t<meta property=\"og:image:width\" content=\"1351\" \/>\n\t<meta property=\"og:image:height\" content=\"900\" \/>\n\t<meta property=\"og:image:type\" content=\"image\/png\" \/>\n<meta name=\"author\" content=\"La Sentinelle\" \/>\n<meta name=\"twitter:card\" content=\"summary_large_image\" \/>\n<meta name=\"twitter:label1\" content=\"\u00c9crit par\" \/>\n\t<meta name=\"twitter:data1\" content=\"La Sentinelle\" \/>\n\t<meta name=\"twitter:label2\" content=\"Dur\u00e9e de lecture estim\u00e9e\" \/>\n\t<meta name=\"twitter:data2\" content=\"2 minutes\" \/>\n<script type=\"application\/ld+json\" class=\"yoast-schema-graph\">{\"@context\":\"https:\\\/\\\/schema.org\",\"@graph\":[{\"@type\":\"Article\",\"@id\":\"https:\\\/\\\/lasentinelle.dz\\\/index.php\\\/2024\\\/06\\\/22\\\/hassani-cherif-nous-sommes-determines-a-se-lancer-dans-la-course-avec-combativite\\\/#article\",\"isPartOf\":{\"@id\":\"https:\\\/\\\/lasentinelle.dz\\\/index.php\\\/2024\\\/06\\\/22\\\/hassani-cherif-nous-sommes-determines-a-se-lancer-dans-la-course-avec-combativite\\\/\"},\"author\":{\"name\":\"La Sentinelle\",\"@id\":\"https:\\\/\\\/lasentinelle.dz\\\/#\\\/schema\\\/person\\\/d865044e22e70a75174ce8bcad3acfb3\"},\"headline\":\"Hassani Cherif : \u00ab\u00a0Nous sommes d\u00e9termin\u00e9s \u00e0 se lancer dans la course avec combativit\u00e9\u00a0\u00bb\",\"datePublished\":\"2024-06-22T19:16:01+00:00\",\"dateModified\":\"2024-06-22T19:16:13+00:00\",\"mainEntityOfPage\":{\"@id\":\"https:\\\/\\\/lasentinelle.dz\\\/index.php\\\/2024\\\/06\\\/22\\\/hassani-cherif-nous-sommes-determines-a-se-lancer-dans-la-course-avec-combativite\\\/\"},\"wordCount\":323,\"commentCount\":0,\"publisher\":{\"@id\":\"https:\\\/\\\/lasentinelle.dz\\\/#organization\"},\"image\":{\"@id\":\"https:\\\/\\\/lasentinelle.dz\\\/index.php\\\/2024\\\/06\\\/22\\\/hassani-cherif-nous-sommes-determines-a-se-lancer-dans-la-course-avec-combativite\\\/#primaryimage\"},\"thumbnailUrl\":\"https:\\\/\\\/lasentinelle.dz\\\/wp-content\\\/uploads\\\/2023\\\/03\\\/hassani.png\",\"articleSection\":[\"Actualit\u00e9\",\"Politique\"],\"inLanguage\":\"fr-FR\",\"potentialAction\":[{\"@type\":\"CommentAction\",\"name\":\"Comment\",\"target\":[\"https:\\\/\\\/lasentinelle.dz\\\/index.php\\\/2024\\\/06\\\/22\\\/hassani-cherif-nous-sommes-determines-a-se-lancer-dans-la-course-avec-combativite\\\/#respond\"]}]},{\"@type\":\"WebPage\",\"@id\":\"https:\\\/\\\/lasentinelle.dz\\\/index.php\\\/2024\\\/06\\\/22\\\/hassani-cherif-nous-sommes-determines-a-se-lancer-dans-la-course-avec-combativite\\\/\",\"url\":\"https:\\\/\\\/lasentinelle.dz\\\/index.php\\\/2024\\\/06\\\/22\\\/hassani-cherif-nous-sommes-determines-a-se-lancer-dans-la-course-avec-combativite\\\/\",\"name\":\"Hassani Cherif : \u00ab\u00a0Nous sommes d\u00e9termin\u00e9s \u00e0 se lancer dans la course avec combativit\u00e9\u00a0\u00bb - La Sentinelle\",\"isPartOf\":{\"@id\":\"https:\\\/\\\/lasentinelle.dz\\\/#website\"},\"primaryImageOfPage\":{\"@id\":\"https:\\\/\\\/lasentinelle.dz\\\/index.php\\\/2024\\\/06\\\/22\\\/hassani-cherif-nous-sommes-determines-a-se-lancer-dans-la-course-avec-combativite\\\/#primaryimage\"},\"image\":{\"@id\":\"https:\\\/\\\/lasentinelle.dz\\\/index.php\\\/2024\\\/06\\\/22\\\/hassani-cherif-nous-sommes-determines-a-se-lancer-dans-la-course-avec-combativite\\\/#primaryimage\"},\"thumbnailUrl\":\"https:\\\/\\\/lasentinelle.dz\\\/wp-content\\\/uploads\\\/2023\\\/03\\\/hassani.png\",\"datePublished\":\"2024-06-22T19:16:01+00:00\",\"dateModified\":\"2024-06-22T19:16:13+00:00\",\"breadcrumb\":{\"@id\":\"https:\\\/\\\/lasentinelle.dz\\\/index.php\\\/2024\\\/06\\\/22\\\/hassani-cherif-nous-sommes-determines-a-se-lancer-dans-la-course-avec-combativite\\\/#breadcrumb\"},\"inLanguage\":\"fr-FR\",\"potentialAction\":[{\"@type\":\"ReadAction\",\"target\":[\"https:\\\/\\\/lasentinelle.dz\\\/index.php\\\/2024\\\/06\\\/22\\\/hassani-cherif-nous-sommes-determines-a-se-lancer-dans-la-course-avec-combativite\\\/\"]}]},{\"@type\":\"ImageObject\",\"inLanguage\":\"fr-FR\",\"@id\":\"https:\\\/\\\/lasentinelle.dz\\\/index.php\\\/2024\\\/06\\\/22\\\/hassani-cherif-nous-sommes-determines-a-se-lancer-dans-la-course-avec-combativite\\\/#primaryimage\",\"url\":\"https:\\\/\\\/lasentinelle.dz\\\/wp-content\\\/uploads\\\/2023\\\/03\\\/hassani.png\",\"contentUrl\":\"https:\\\/\\\/lasentinelle.dz\\\/wp-content\\\/uploads\\\/2023\\\/03\\\/hassani.png\",\"width\":1351,\"height\":900},{\"@type\":\"BreadcrumbList\",\"@id\":\"https:\\\/\\\/lasentinelle.dz\\\/index.php\\\/2024\\\/06\\\/22\\\/hassani-cherif-nous-sommes-determines-a-se-lancer-dans-la-course-avec-combativite\\\/#breadcrumb\",\"itemListElement\":[{\"@type\":\"ListItem\",\"position\":1,\"name\":\"Accueil\",\"item\":\"https:\\\/\\\/lasentinelle.dz\\\/\"},{\"@type\":\"ListItem\",\"position\":2,\"name\":\"Hassani Cherif : \u00ab\u00a0Nous sommes d\u00e9termin\u00e9s \u00e0 se lancer dans la course avec combativit\u00e9\u00a0\u00bb\"}]},{\"@type\":\"WebSite\",\"@id\":\"https:\\\/\\\/lasentinelle.dz\\\/#website\",\"url\":\"https:\\\/\\\/lasentinelle.dz\\\/\",\"name\":\"La Sentinelle\",\"description\":\"Quotidien national d&#039;information\",\"publisher\":{\"@id\":\"https:\\\/\\\/lasentinelle.dz\\\/#organization\"},\"potentialAction\":[{\"@type\":\"SearchAction\",\"target\":{\"@type\":\"EntryPoint\",\"urlTemplate\":\"https:\\\/\\\/lasentinelle.dz\\\/?s={search_term_string}\"},\"query-input\":{\"@type\":\"PropertyValueSpecification\",\"valueRequired\":true,\"valueName\":\"search_term_string\"}}],\"inLanguage\":\"fr-FR\"},{\"@type\":\"Organization\",\"@id\":\"https:\\\/\\\/lasentinelle.dz\\\/#organization\",\"name\":\"Quotidien La Sentinelle\",\"url\":\"https:\\\/\\\/lasentinelle.dz\\\/\",\"logo\":{\"@type\":\"ImageObject\",\"inLanguage\":\"fr-FR\",\"@id\":\"https:\\\/\\\/lasentinelle.dz\\\/#\\\/schema\\\/logo\\\/image\\\/\",\"url\":\"https:\\\/\\\/lasentinelle.dz\\\/wp-content\\\/uploads\\\/2021\\\/09\\\/logo-sentinelleSLOGAN-1.png\",\"contentUrl\":\"https:\\\/\\\/lasentinelle.dz\\\/wp-content\\\/uploads\\\/2021\\\/09\\\/logo-sentinelleSLOGAN-1.png\",\"width\":615,\"height\":142,\"caption\":\"Quotidien La Sentinelle\"},\"image\":{\"@id\":\"https:\\\/\\\/lasentinelle.dz\\\/#\\\/schema\\\/logo\\\/image\\\/\"},\"sameAs\":[\"https:\\\/\\\/www.facebook.com\\\/La-Sentinelle-104059864394773\"]},{\"@type\":\"Person\",\"@id\":\"https:\\\/\\\/lasentinelle.dz\\\/#\\\/schema\\\/person\\\/d865044e22e70a75174ce8bcad3acfb3\",\"name\":\"La Sentinelle\",\"image\":{\"@type\":\"ImageObject\",\"inLanguage\":\"fr-FR\",\"@id\":\"https:\\\/\\\/secure.gravatar.com\\\/avatar\\\/57de8e5d4b15d43fb361a71fbb36338450fe67865b528a43dd10ef7c51a20392?s=96&d=mm&r=g\",\"url\":\"https:\\\/\\\/secure.gravatar.com\\\/avatar\\\/57de8e5d4b15d43fb361a71fbb36338450fe67865b528a43dd10ef7c51a20392?s=96&d=mm&r=g\",\"contentUrl\":\"https:\\\/\\\/secure.gravatar.com\\\/avatar\\\/57de8e5d4b15d43fb361a71fbb36338450fe67865b528a43dd10ef7c51a20392?s=96&d=mm&r=g\",\"caption\":\"La Sentinelle\"},\"sameAs\":[\"http:\\\/\\\/www.lasentinelle.dz\"],\"url\":\"https:\\\/\\\/lasentinelle.dz\\\/author\\\/redaction\\\/\"}]}<\/script>\n<!-- \/ Yoast SEO plugin. -->","yoast_head_json":{"title":"Hassani Cherif : \u00ab\u00a0Nous sommes d\u00e9termin\u00e9s \u00e0 se lancer dans la course avec combativit\u00e9\u00a0\u00bb - La Sentinelle","robots":{"index":"index","follow":"follow","max-snippet":"max-snippet:-1","max-image-preview":"max-image-preview:large","max-video-preview":"max-video-preview:-1"},"canonical":"https:\/\/lasentinelle.dz\/index.php\/2024\/06\/22\/hassani-cherif-nous-sommes-determines-a-se-lancer-dans-la-course-avec-combativite\/","og_locale":"fr_FR","og_type":"article","og_title":"Hassani Cherif : \u00ab\u00a0Nous sommes d\u00e9termin\u00e9s \u00e0 se lancer dans la course avec combativit\u00e9\u00a0\u00bb - La Sentinelle","og_description":"Le pr\u00e9sident du Mouvement de la soci\u00e9t\u00e9 pour la paix (MSP), Abdelaali Hassani Cherif, a affirm\u00e9, vendredi soir depuis Blida,","og_url":"https:\/\/lasentinelle.dz\/index.php\/2024\/06\/22\/hassani-cherif-nous-sommes-determines-a-se-lancer-dans-la-course-avec-combativite\/","og_site_name":"La Sentinelle","article_publisher":"https:\/\/www.facebook.com\/La-Sentinelle-104059864394773","article_published_time":"2024-06-22T19:16:01+00:00","article_modified_time":"2024-06-22T19:16:13+00:00","og_image":[{"width":1351,"height":900,"url":"https:\/\/lasentinelle.dz\/wp-content\/uploads\/2023\/03\/hassani.png","type":"image\/png"}],"author":"La Sentinelle","twitter_card":"summary_large_image","twitter_misc":{"\u00c9crit par":"La Sentinelle","Dur\u00e9e de lecture estim\u00e9e":"2 minutes"},"schema":{"@context":"https:\/\/schema.org","@graph":[{"@type":"Article","@id":"https:\/\/lasentinelle.dz\/index.php\/2024\/06\/22\/hassani-cherif-nous-sommes-determines-a-se-lancer-dans-la-course-avec-combativite\/#article","isPartOf":{"@id":"https:\/\/lasentinelle.dz\/index.php\/2024\/06\/22\/hassani-cherif-nous-sommes-determines-a-se-lancer-dans-la-course-avec-combativite\/"},"author":{"name":"La Sentinelle","@id":"https:\/\/lasentinelle.dz\/#\/schema\/person\/d865044e22e70a75174ce8bcad3acfb3"},"headline":"Hassani Cherif : \u00ab\u00a0Nous sommes d\u00e9termin\u00e9s \u00e0 se lancer dans la course avec combativit\u00e9\u00a0\u00bb","datePublished":"2024-06-22T19:16:01+00:00","dateModified":"2024-06-22T19:16:13+00:00","mainEntityOfPage":{"@id":"https:\/\/lasentinelle.dz\/index.php\/2024\/06\/22\/hassani-cherif-nous-sommes-determines-a-se-lancer-dans-la-course-avec-combativite\/"},"wordCount":323,"commentCount":0,"publisher":{"@id":"https:\/\/lasentinelle.dz\/#organization"},"image":{"@id":"https:\/\/lasentinelle.dz\/index.php\/2024\/06\/22\/hassani-cherif-nous-sommes-determines-a-se-lancer-dans-la-course-avec-combativite\/#primaryimage"},"thumbnailUrl":"https:\/\/lasentinelle.dz\/wp-content\/uploads\/2023\/03\/hassani.png","articleSection":["Actualit\u00e9","Politique"],"inLanguage":"fr-FR","potentialAction":[{"@type":"CommentAction","name":"Comment","target":["https:\/\/lasentinelle.dz\/index.php\/2024\/06\/22\/hassani-cherif-nous-sommes-determines-a-se-lancer-dans-la-course-avec-combativite\/#respond"]}]},{"@type":"WebPage","@id":"https:\/\/lasentinelle.dz\/index.php\/2024\/06\/22\/hassani-cherif-nous-sommes-determines-a-se-lancer-dans-la-course-avec-combativite\/","url":"https:\/\/lasentinelle.dz\/index.php\/2024\/06\/22\/hassani-cherif-nous-sommes-determines-a-se-lancer-dans-la-course-avec-combativite\/","name":"Hassani Cherif : \u00ab\u00a0Nous sommes d\u00e9termin\u00e9s \u00e0 se lancer dans la course avec combativit\u00e9\u00a0\u00bb - La Sentinelle","isPartOf":{"@id":"https:\/\/lasentinelle.dz\/#website"},"primaryImageOfPage":{"@id":"https:\/\/lasentinelle.dz\/index.php\/2024\/06\/22\/hassani-cherif-nous-sommes-determines-a-se-lancer-dans-la-course-avec-combativite\/#primaryimage"},"image":{"@id":"https:\/\/lasentinelle.dz\/index.php\/2024\/06\/22\/hassani-cherif-nous-sommes-determines-a-se-lancer-dans-la-course-avec-combativite\/#primaryimage"},"thumbnailUrl":"https:\/\/lasentinelle.dz\/wp-content\/uploads\/2023\/03\/hassani.png","datePublished":"2024-06-22T19:16:01+00:00","dateModified":"2024-06-22T19:16:13+00:00","breadcrumb":{"@id":"https:\/\/lasentinelle.dz\/index.php\/2024\/06\/22\/hassani-cherif-nous-sommes-determines-a-se-lancer-dans-la-course-avec-combativite\/#breadcrumb"},"inLanguage":"fr-FR","potentialAction":[{"@type":"ReadAction","target":["https:\/\/lasentinelle.dz\/index.php\/2024\/06\/22\/hassani-cherif-nous-sommes-determines-a-se-lancer-dans-la-course-avec-combativite\/"]}]},{"@type":"ImageObject","inLanguage":"fr-FR","@id":"https:\/\/lasentinelle.dz\/index.php\/2024\/06\/22\/hassani-cherif-nous-sommes-determines-a-se-lancer-dans-la-course-avec-combativite\/#primaryimage","url":"https:\/\/lasentinelle.dz\/wp-content\/uploads\/2023\/03\/hassani.png","contentUrl":"https:\/\/lasentinelle.dz\/wp-content\/uploads\/2023\/03\/hassani.png","width":1351,"height":900},{"@type":"BreadcrumbList","@id":"https:\/\/lasentinelle.dz\/index.php\/2024\/06\/22\/hassani-cherif-nous-sommes-determines-a-se-lancer-dans-la-course-avec-combativite\/#breadcrumb","itemListElement":[{"@type":"ListItem","position":1,"name":"Accueil","item":"https:\/\/lasentinelle.dz\/"},{"@type":"ListItem","position":2,"name":"Hassani Cherif : \u00ab\u00a0Nous sommes d\u00e9termin\u00e9s \u00e0 se lancer dans la course avec combativit\u00e9\u00a0\u00bb"}]},{"@type":"WebSite","@id":"https:\/\/lasentinelle.dz\/#website","url":"https:\/\/lasentinelle.dz\/","name":"La Sentinelle","description":"Quotidien national d&#039;information","publisher":{"@id":"https:\/\/lasentinelle.dz\/#organization"},"potentialAction":[{"@type":"SearchAction","target":{"@type":"EntryPoint","urlTemplate":"https:\/\/lasentinelle.dz\/?s={search_term_string}"},"query-input":{"@type":"PropertyValueSpecification","valueRequired":true,"valueName":"search_term_string"}}],"inLanguage":"fr-FR"},{"@type":"Organization","@id":"https:\/\/lasentinelle.dz\/#organization","name":"Quotidien La Sentinelle","url":"https:\/\/lasentinelle.dz\/","logo":{"@type":"ImageObject","inLanguage":"fr-FR","@id":"https:\/\/lasentinelle.dz\/#\/schema\/logo\/image\/","url":"https:\/\/lasentinelle.dz\/wp-content\/uploads\/2021\/09\/logo-sentinelleSLOGAN-1.png","contentUrl":"https:\/\/lasentinelle.dz\/wp-content\/uploads\/2021\/09\/logo-sentinelleSLOGAN-1.png","width":615,"height":142,"caption":"Quotidien La Sentinelle"},"image":{"@id":"https:\/\/lasentinelle.dz\/#\/schema\/logo\/image\/"},"sameAs":["https:\/\/www.facebook.com\/La-Sentinelle-104059864394773"]},{"@type":"Person","@id":"https:\/\/lasentinelle.dz\/#\/schema\/person\/d865044e22e70a75174ce8bcad3acfb3","name":"La Sentinelle","image":{"@type":"ImageObject","inLanguage":"fr-FR","@id":"https:\/\/secure.gravatar.com\/avatar\/57de8e5d4b15d43fb361a71fbb36338450fe67865b528a43dd10ef7c51a20392?s=96&d=mm&r=g","url":"https:\/\/secure.gravatar.com\/avatar\/57de8e5d4b15d43fb361a71fbb36338450fe67865b528a43dd10ef7c51a20392?s=96&d=mm&r=g","contentUrl":"https:\/\/secure.gravatar.com\/avatar\/57de8e5d4b15d43fb361a71fbb36338450fe67865b528a43dd10ef7c51a20392?s=96&d=mm&r=g","caption":"La Sentinelle"},"sameAs":["http:\/\/www.lasentinelle.dz"],"url":"https:\/\/lasentinelle.dz\/author\/redaction\/"}]}},"_links":{"self":[{"href":"https:\/\/lasentinelle.dz\/index.php\/wp-json\/wp\/v2\/posts\/53603","targetHints":{"allow":["GET"]}}],"collection":[{"href":"https:\/\/lasentinelle.dz\/index.php\/wp-json\/wp\/v2\/posts"}],"about":[{"href":"https:\/\/lasentinelle.dz\/index.php\/wp-json\/wp\/v2\/types\/post"}],"author":[{"embeddable":true,"href":"https:\/\/lasentinelle.dz\/index.php\/wp-json\/wp\/v2\/users\/3"}],"replies":[{"embeddable":true,"href":"https:\/\/lasentinelle.dz\/index.php\/wp-json\/wp\/v2\/comments?post=53603"}],"version-history":[{"count":2,"href":"https:\/\/lasentinelle.dz\/index.php\/wp-json\/wp\/v2\/posts\/53603\/revisions"}],"predecessor-version":[{"id":53605,"href":"https:\/\/lasentinelle.dz\/index.php\/wp-json\/wp\/v2\/posts\/53603\/revisions\/53605"}],"wp:featuredmedia":[{"embeddable":true,"href":"https:\/\/lasentinelle.dz\/index.php\/wp-json\/wp\/v2\/media\/38029"}],"wp:attachment":[{"href":"https:\/\/lasentinelle.dz\/index.php\/wp-json\/wp\/v2\/media?parent=53603"}],"wp:term":[{"taxonomy":"category","embeddable":true,"href":"https:\/\/lasentinelle.dz\/index.php\/wp-json\/wp\/v2\/categories?post=53603"},{"taxonomy":"post_tag","embeddable":true,"href":"https:\/\/lasentinelle.dz\/index.php\/wp-json\/wp\/v2\/tags?post=53603"}],"curies":[{"name":"wp","href":"https:\/\/api.w.org\/{rel}","templated":true}]}}