{"id":5362,"date":"2021-08-26T00:01:00","date_gmt":"2021-08-25T23:01:00","guid":{"rendered":"https:\/\/lasentinelle.dz\/?p=5362"},"modified":"2021-08-25T15:43:36","modified_gmt":"2021-08-25T14:43:36","slug":"ligue-1-las-ainmlila-dernier-relegue","status":"publish","type":"post","link":"https:\/\/lasentinelle.dz\/index.php\/2021\/08\/26\/ligue-1-las-ainmlila-dernier-relegue\/","title":{"rendered":"Ligue 1 : L\u2019AS A\u00efnM\u2019lila dernier rel\u00e9gu\u00e9"},"content":{"rendered":"\n<p><strong>la JS Saoura a jou\u00e9 le jeu jusqu\u2019au bout pour battre l\u2019AS Ain-M\u2019lila et l\u2019envoyer en Ligue 2, \u00e0 l\u2019issue de la derni\u00e8re journ\u00e9e du championnat de Ligue 1.<\/strong><\/p>\n\n\n\n<p>L\u2019AS Ain-M\u2019lila est le quatri\u00e8me club rel\u00e9gu\u00e9 cette saison et accompagne la JSM Skikda, le CA Bordj-Bou-Arreridj et l\u2019USM Bel-Abb\u00e8s en Ligue 2 amateur. Les M\u2019lilis ont perdu le match qu\u2019il ne fallait pas \u00e0 B\u00e9char face \u00e0 l\u2019\u00e9quipe de la JS Saoura. Cette derni\u00e8re a pris la rencontre en main d\u00e8s la premi\u00e8re mi-temps avec le tripl\u00e9 de Saad, qui a mis \u00e0 genoux l\u2019\u00e9quipe visiteuse. R\u00e9duisant le score \u00e0 3-1, les visiteurs encaissent un quatri\u00e8me&nbsp; but par Hammia, qui an\u00e9anti d\u00e9finitivement leurs espoirs. Pendant ce temps, l\u2019ASO Chlef a sauv\u00e9 sa peau en prenant le meilleur sur le Rapid de Relizane (2-1). Idem pour le Widad de Tlemcen, qui a fait ce qu\u2019il fallait face \u00e0 l\u2019Entente de S\u00e9tif en l\u2019emportant par 1 but \u00e0 0.Les gars de Tlemcen \u00e9taient dans une situation peu confortable, d\u2019autant plus qu\u2019ils ont jou\u00e9 \u00e0 17h30 alors que ses deux concurrents ont jou\u00e9 dans la soir\u00e9e. Cela a mis ses dirigeants en col\u00e8re, notamment le pr\u00e9sident Meliani, qui a tir\u00e9 \u00e0 boulets rouges sur la Ligue de football professionnelle et sa programmation. \u00ab&nbsp;C\u2019est la justice divine&nbsp;\u00bb, a-t-il d\u00e9clar\u00e9 apr\u00e8s avoir vu son \u00e9quipe se sauver du spectre de la rel\u00e9gation. Les M\u2019ili, quant \u00e0 eux, ils payent cher leur baisse de forme dans la seconde partie de la saison, apr\u00e8s des d\u00e9buts en fanfare. Ils \u00e9taient, faut-il le dire, parmi les r\u00e9v\u00e9lations de la phase Aller avant de chuter et se retrouver en Ligue 2. Pour sa part, le CR Belouizdad a \u00e9trenn\u00e9 son titre de champion en battant l\u2019US Biskra par 4 \u00e0 2. L\u2019USM Alger est all\u00e9 gagner \u00e0 Skikda par 3 \u00e0 0. La JS Kabylie est all\u00e9e battre le Parado<a><\/a>u AC 1 \u00e0 0. Le CA Bordj-Bou-Arreridj et l\u2019O M\u00e9d\u00e9a n\u2019ont pu se d\u00e9partager (2-2). Match poursuite entre le MC Alger et le NA Hussein-Dey, qui s\u2019est achev\u00e9 sur le score de 4 buts partout. Belle&nbsp; victoire du Nadjm de Magra, qui est all\u00e9 faire mordre la poussi\u00e8re au MC Oran (2-1). Le CS Constantine a gagn\u00e9 \u00e0 Sidi Bel-Abb\u00e8s, face \u00e0 une formation de l\u2019USMBA d\u00e9j\u00e0 d\u00e9mobilis\u00e9e. La saison 2020\/2021 se termine, donc, apr\u00e8s un marathon et les \u00e9quipes de cette Ligue 1 n\u2019auront pas assez de temps de r\u00e9pit, puisqu\u2019ils ne tarderont pas \u00e0 reprendre, d\u2019autant plus que la nouvelle saison ne tardera pas \u00e0 commencer.<\/p>\n\n\n\n<p><strong>R. S.<\/strong><\/p>\n\n\n\n<p><strong>R\u00e9sultats<\/strong><\/p>\n\n\n\n<p>CA Bordj Bou Arreridj 2 \u2013 OM\u00e9d\u00e9a 2<\/p>\n\n\n\n<p>WA Tlemcen 1 \u2013 ES S\u00e9tif 0<\/p>\n\n\n\n<p>MC Alger 4 \u2013 NA Hussein Dey 4<\/p>\n\n\n\n<p>CR Belouizdad4 \u2013 US Biskra 2<\/p>\n\n\n\n<p>JSM Skikda0 &nbsp;-USM Alger 3<\/p>\n\n\n\n<p>Paradou AC 0 \u2013 JS Kabylie 1<\/p>\n\n\n\n<p>JS Saoura 4 \u2013 ASA\u00efnM\u2019lila 1<\/p>\n\n\n\n<p>ASO Chlef 2 \u2013 RCRelizane 1<\/p>\n\n\n\n<p>MC Oran 1 \u2013 NCMagra 2<\/p>\n\n\n\n<p>USM Bel Abb\u00e8s 0 \u2013 CS Constantine 1<\/p>\n","protected":false},"excerpt":{"rendered":"<p>la JS Saoura a jou\u00e9 le jeu jusqu\u2019au bout pour battre l\u2019AS Ain-M\u2019lila et l\u2019envoyer en Ligue 2, \u00e0 l\u2019issue<\/p>\n","protected":false},"author":3,"featured_media":5366,"comment_status":"open","ping_status":"closed","sticky":false,"template":"","format":"standard","meta":{"colormag_page_container_layout":"default_layout","colormag_page_sidebar_layout":"default_layout","om_disable_all_campaigns":false,"_monsterinsights_skip_tracking":false,"_monsterinsights_sitenote_active":false,"_monsterinsights_sitenote_note":"","_monsterinsights_sitenote_category":0,"footnotes":"","_wpscppro_dont_share_socialmedia":false,"_wpscppro_custom_social_share_image":0,"_facebook_share_type":"","_twitter_share_type":"","_linkedin_share_type":"","_pinterest_share_type":"","_linkedin_share_type_page":"","_instagram_share_type":"","_medium_share_type":"","_threads_share_type":"","_google_business_share_type":"","_selected_social_profile":[],"_wpsp_enable_custom_social_template":false,"_wpsp_social_scheduling":{"enabled":false,"datetime":null,"platforms":[],"status":"template_only","dateOption":"today","timeOption":"now","customDays":"","customHours":"","customDate":"","customTime":"","schedulingType":"absolute"},"_wpsp_active_default_template":true},"categories":[33],"tags":[],"class_list":["post-5362","post","type-post","status-publish","format-standard","has-post-thumbnail","hentry","category-sports"],"aioseo_notices":[],"yoast_head":"<!-- This site is optimized with the Yoast SEO plugin v27.5 - https:\/\/yoast.com\/product\/yoast-seo-wordpress\/ -->\n<title>Ligue 1 : L\u2019AS A\u00efnM\u2019lila dernier rel\u00e9gu\u00e9 - La Sentinelle<\/title>\n<meta name=\"robots\" content=\"index, follow, max-snippet:-1, max-image-preview:large, max-video-preview:-1\" \/>\n<link rel=\"canonical\" href=\"https:\/\/lasentinelle.dz\/index.php\/2021\/08\/26\/ligue-1-las-ainmlila-dernier-relegue\/\" \/>\n<meta property=\"og:locale\" content=\"fr_FR\" \/>\n<meta property=\"og:type\" content=\"article\" \/>\n<meta property=\"og:title\" content=\"Ligue 1 : L\u2019AS A\u00efnM\u2019lila dernier rel\u00e9gu\u00e9 - La Sentinelle\" \/>\n<meta property=\"og:description\" content=\"la JS Saoura a jou\u00e9 le jeu jusqu\u2019au bout pour battre l\u2019AS Ain-M\u2019lila et l\u2019envoyer en Ligue 2, \u00e0 l\u2019issue\" \/>\n<meta property=\"og:url\" content=\"https:\/\/lasentinelle.dz\/index.php\/2021\/08\/26\/ligue-1-las-ainmlila-dernier-relegue\/\" \/>\n<meta property=\"og:site_name\" content=\"La Sentinelle\" \/>\n<meta property=\"article:publisher\" content=\"https:\/\/www.facebook.com\/La-Sentinelle-104059864394773\" \/>\n<meta property=\"article:published_time\" content=\"2021-08-25T23:01:00+00:00\" \/>\n<meta property=\"og:image\" content=\"https:\/\/lasentinelle.dz\/wp-content\/uploads\/2021\/08\/ASAM.jpg\" \/>\n\t<meta property=\"og:image:width\" content=\"1080\" \/>\n\t<meta property=\"og:image:height\" content=\"720\" \/>\n\t<meta property=\"og:image:type\" content=\"image\/jpeg\" \/>\n<meta name=\"author\" content=\"La Sentinelle\" \/>\n<meta name=\"twitter:card\" content=\"summary_large_image\" \/>\n<meta name=\"twitter:label1\" content=\"\u00c9crit par\" \/>\n\t<meta name=\"twitter:data1\" content=\"La Sentinelle\" \/>\n\t<meta name=\"twitter:label2\" content=\"Dur\u00e9e de lecture estim\u00e9e\" \/>\n\t<meta name=\"twitter:data2\" content=\"3 minutes\" \/>\n<script type=\"application\/ld+json\" class=\"yoast-schema-graph\">{\"@context\":\"https:\\\/\\\/schema.org\",\"@graph\":[{\"@type\":\"Article\",\"@id\":\"https:\\\/\\\/lasentinelle.dz\\\/index.php\\\/2021\\\/08\\\/26\\\/ligue-1-las-ainmlila-dernier-relegue\\\/#article\",\"isPartOf\":{\"@id\":\"https:\\\/\\\/lasentinelle.dz\\\/index.php\\\/2021\\\/08\\\/26\\\/ligue-1-las-ainmlila-dernier-relegue\\\/\"},\"author\":{\"name\":\"La Sentinelle\",\"@id\":\"https:\\\/\\\/lasentinelle.dz\\\/#\\\/schema\\\/person\\\/d865044e22e70a75174ce8bcad3acfb3\"},\"headline\":\"Ligue 1 : L\u2019AS A\u00efnM\u2019lila dernier rel\u00e9gu\u00e9\",\"datePublished\":\"2021-08-25T23:01:00+00:00\",\"mainEntityOfPage\":{\"@id\":\"https:\\\/\\\/lasentinelle.dz\\\/index.php\\\/2021\\\/08\\\/26\\\/ligue-1-las-ainmlila-dernier-relegue\\\/\"},\"wordCount\":516,\"commentCount\":0,\"publisher\":{\"@id\":\"https:\\\/\\\/lasentinelle.dz\\\/#organization\"},\"image\":{\"@id\":\"https:\\\/\\\/lasentinelle.dz\\\/index.php\\\/2021\\\/08\\\/26\\\/ligue-1-las-ainmlila-dernier-relegue\\\/#primaryimage\"},\"thumbnailUrl\":\"https:\\\/\\\/lasentinelle.dz\\\/wp-content\\\/uploads\\\/2021\\\/08\\\/ASAM.jpg\",\"articleSection\":[\"Sports\"],\"inLanguage\":\"fr-FR\",\"potentialAction\":[{\"@type\":\"CommentAction\",\"name\":\"Comment\",\"target\":[\"https:\\\/\\\/lasentinelle.dz\\\/index.php\\\/2021\\\/08\\\/26\\\/ligue-1-las-ainmlila-dernier-relegue\\\/#respond\"]}]},{\"@type\":\"WebPage\",\"@id\":\"https:\\\/\\\/lasentinelle.dz\\\/index.php\\\/2021\\\/08\\\/26\\\/ligue-1-las-ainmlila-dernier-relegue\\\/\",\"url\":\"https:\\\/\\\/lasentinelle.dz\\\/index.php\\\/2021\\\/08\\\/26\\\/ligue-1-las-ainmlila-dernier-relegue\\\/\",\"name\":\"Ligue 1 : L\u2019AS A\u00efnM\u2019lila dernier rel\u00e9gu\u00e9 - La Sentinelle\",\"isPartOf\":{\"@id\":\"https:\\\/\\\/lasentinelle.dz\\\/#website\"},\"primaryImageOfPage\":{\"@id\":\"https:\\\/\\\/lasentinelle.dz\\\/index.php\\\/2021\\\/08\\\/26\\\/ligue-1-las-ainmlila-dernier-relegue\\\/#primaryimage\"},\"image\":{\"@id\":\"https:\\\/\\\/lasentinelle.dz\\\/index.php\\\/2021\\\/08\\\/26\\\/ligue-1-las-ainmlila-dernier-relegue\\\/#primaryimage\"},\"thumbnailUrl\":\"https:\\\/\\\/lasentinelle.dz\\\/wp-content\\\/uploads\\\/2021\\\/08\\\/ASAM.jpg\",\"datePublished\":\"2021-08-25T23:01:00+00:00\",\"breadcrumb\":{\"@id\":\"https:\\\/\\\/lasentinelle.dz\\\/index.php\\\/2021\\\/08\\\/26\\\/ligue-1-las-ainmlila-dernier-relegue\\\/#breadcrumb\"},\"inLanguage\":\"fr-FR\",\"potentialAction\":[{\"@type\":\"ReadAction\",\"target\":[\"https:\\\/\\\/lasentinelle.dz\\\/index.php\\\/2021\\\/08\\\/26\\\/ligue-1-las-ainmlila-dernier-relegue\\\/\"]}]},{\"@type\":\"ImageObject\",\"inLanguage\":\"fr-FR\",\"@id\":\"https:\\\/\\\/lasentinelle.dz\\\/index.php\\\/2021\\\/08\\\/26\\\/ligue-1-las-ainmlila-dernier-relegue\\\/#primaryimage\",\"url\":\"https:\\\/\\\/lasentinelle.dz\\\/wp-content\\\/uploads\\\/2021\\\/08\\\/ASAM.jpg\",\"contentUrl\":\"https:\\\/\\\/lasentinelle.dz\\\/wp-content\\\/uploads\\\/2021\\\/08\\\/ASAM.jpg\",\"width\":1080,\"height\":720},{\"@type\":\"BreadcrumbList\",\"@id\":\"https:\\\/\\\/lasentinelle.dz\\\/index.php\\\/2021\\\/08\\\/26\\\/ligue-1-las-ainmlila-dernier-relegue\\\/#breadcrumb\",\"itemListElement\":[{\"@type\":\"ListItem\",\"position\":1,\"name\":\"Accueil\",\"item\":\"https:\\\/\\\/lasentinelle.dz\\\/\"},{\"@type\":\"ListItem\",\"position\":2,\"name\":\"Ligue 1 : L\u2019AS A\u00efnM\u2019lila dernier rel\u00e9gu\u00e9\"}]},{\"@type\":\"WebSite\",\"@id\":\"https:\\\/\\\/lasentinelle.dz\\\/#website\",\"url\":\"https:\\\/\\\/lasentinelle.dz\\\/\",\"name\":\"La Sentinelle\",\"description\":\"Quotidien national d&#039;information\",\"publisher\":{\"@id\":\"https:\\\/\\\/lasentinelle.dz\\\/#organization\"},\"potentialAction\":[{\"@type\":\"SearchAction\",\"target\":{\"@type\":\"EntryPoint\",\"urlTemplate\":\"https:\\\/\\\/lasentinelle.dz\\\/?s={search_term_string}\"},\"query-input\":{\"@type\":\"PropertyValueSpecification\",\"valueRequired\":true,\"valueName\":\"search_term_string\"}}],\"inLanguage\":\"fr-FR\"},{\"@type\":\"Organization\",\"@id\":\"https:\\\/\\\/lasentinelle.dz\\\/#organization\",\"name\":\"Quotidien La Sentinelle\",\"url\":\"https:\\\/\\\/lasentinelle.dz\\\/\",\"logo\":{\"@type\":\"ImageObject\",\"inLanguage\":\"fr-FR\",\"@id\":\"https:\\\/\\\/lasentinelle.dz\\\/#\\\/schema\\\/logo\\\/image\\\/\",\"url\":\"https:\\\/\\\/lasentinelle.dz\\\/wp-content\\\/uploads\\\/2021\\\/09\\\/logo-sentinelleSLOGAN-1.png\",\"contentUrl\":\"https:\\\/\\\/lasentinelle.dz\\\/wp-content\\\/uploads\\\/2021\\\/09\\\/logo-sentinelleSLOGAN-1.png\",\"width\":615,\"height\":142,\"caption\":\"Quotidien La Sentinelle\"},\"image\":{\"@id\":\"https:\\\/\\\/lasentinelle.dz\\\/#\\\/schema\\\/logo\\\/image\\\/\"},\"sameAs\":[\"https:\\\/\\\/www.facebook.com\\\/La-Sentinelle-104059864394773\"]},{\"@type\":\"Person\",\"@id\":\"https:\\\/\\\/lasentinelle.dz\\\/#\\\/schema\\\/person\\\/d865044e22e70a75174ce8bcad3acfb3\",\"name\":\"La Sentinelle\",\"image\":{\"@type\":\"ImageObject\",\"inLanguage\":\"fr-FR\",\"@id\":\"https:\\\/\\\/secure.gravatar.com\\\/avatar\\\/57de8e5d4b15d43fb361a71fbb36338450fe67865b528a43dd10ef7c51a20392?s=96&d=mm&r=g\",\"url\":\"https:\\\/\\\/secure.gravatar.com\\\/avatar\\\/57de8e5d4b15d43fb361a71fbb36338450fe67865b528a43dd10ef7c51a20392?s=96&d=mm&r=g\",\"contentUrl\":\"https:\\\/\\\/secure.gravatar.com\\\/avatar\\\/57de8e5d4b15d43fb361a71fbb36338450fe67865b528a43dd10ef7c51a20392?s=96&d=mm&r=g\",\"caption\":\"La Sentinelle\"},\"sameAs\":[\"http:\\\/\\\/www.lasentinelle.dz\"],\"url\":\"https:\\\/\\\/lasentinelle.dz\\\/author\\\/redaction\\\/\"}]}<\/script>\n<!-- \/ Yoast SEO plugin. -->","yoast_head_json":{"title":"Ligue 1 : L\u2019AS A\u00efnM\u2019lila dernier rel\u00e9gu\u00e9 - La Sentinelle","robots":{"index":"index","follow":"follow","max-snippet":"max-snippet:-1","max-image-preview":"max-image-preview:large","max-video-preview":"max-video-preview:-1"},"canonical":"https:\/\/lasentinelle.dz\/index.php\/2021\/08\/26\/ligue-1-las-ainmlila-dernier-relegue\/","og_locale":"fr_FR","og_type":"article","og_title":"Ligue 1 : L\u2019AS A\u00efnM\u2019lila dernier rel\u00e9gu\u00e9 - La Sentinelle","og_description":"la JS Saoura a jou\u00e9 le jeu jusqu\u2019au bout pour battre l\u2019AS Ain-M\u2019lila et l\u2019envoyer en Ligue 2, \u00e0 l\u2019issue","og_url":"https:\/\/lasentinelle.dz\/index.php\/2021\/08\/26\/ligue-1-las-ainmlila-dernier-relegue\/","og_site_name":"La Sentinelle","article_publisher":"https:\/\/www.facebook.com\/La-Sentinelle-104059864394773","article_published_time":"2021-08-25T23:01:00+00:00","og_image":[{"width":1080,"height":720,"url":"https:\/\/lasentinelle.dz\/wp-content\/uploads\/2021\/08\/ASAM.jpg","type":"image\/jpeg"}],"author":"La Sentinelle","twitter_card":"summary_large_image","twitter_misc":{"\u00c9crit par":"La Sentinelle","Dur\u00e9e de lecture estim\u00e9e":"3 minutes"},"schema":{"@context":"https:\/\/schema.org","@graph":[{"@type":"Article","@id":"https:\/\/lasentinelle.dz\/index.php\/2021\/08\/26\/ligue-1-las-ainmlila-dernier-relegue\/#article","isPartOf":{"@id":"https:\/\/lasentinelle.dz\/index.php\/2021\/08\/26\/ligue-1-las-ainmlila-dernier-relegue\/"},"author":{"name":"La Sentinelle","@id":"https:\/\/lasentinelle.dz\/#\/schema\/person\/d865044e22e70a75174ce8bcad3acfb3"},"headline":"Ligue 1 : L\u2019AS A\u00efnM\u2019lila dernier rel\u00e9gu\u00e9","datePublished":"2021-08-25T23:01:00+00:00","mainEntityOfPage":{"@id":"https:\/\/lasentinelle.dz\/index.php\/2021\/08\/26\/ligue-1-las-ainmlila-dernier-relegue\/"},"wordCount":516,"commentCount":0,"publisher":{"@id":"https:\/\/lasentinelle.dz\/#organization"},"image":{"@id":"https:\/\/lasentinelle.dz\/index.php\/2021\/08\/26\/ligue-1-las-ainmlila-dernier-relegue\/#primaryimage"},"thumbnailUrl":"https:\/\/lasentinelle.dz\/wp-content\/uploads\/2021\/08\/ASAM.jpg","articleSection":["Sports"],"inLanguage":"fr-FR","potentialAction":[{"@type":"CommentAction","name":"Comment","target":["https:\/\/lasentinelle.dz\/index.php\/2021\/08\/26\/ligue-1-las-ainmlila-dernier-relegue\/#respond"]}]},{"@type":"WebPage","@id":"https:\/\/lasentinelle.dz\/index.php\/2021\/08\/26\/ligue-1-las-ainmlila-dernier-relegue\/","url":"https:\/\/lasentinelle.dz\/index.php\/2021\/08\/26\/ligue-1-las-ainmlila-dernier-relegue\/","name":"Ligue 1 : L\u2019AS A\u00efnM\u2019lila dernier rel\u00e9gu\u00e9 - La Sentinelle","isPartOf":{"@id":"https:\/\/lasentinelle.dz\/#website"},"primaryImageOfPage":{"@id":"https:\/\/lasentinelle.dz\/index.php\/2021\/08\/26\/ligue-1-las-ainmlila-dernier-relegue\/#primaryimage"},"image":{"@id":"https:\/\/lasentinelle.dz\/index.php\/2021\/08\/26\/ligue-1-las-ainmlila-dernier-relegue\/#primaryimage"},"thumbnailUrl":"https:\/\/lasentinelle.dz\/wp-content\/uploads\/2021\/08\/ASAM.jpg","datePublished":"2021-08-25T23:01:00+00:00","breadcrumb":{"@id":"https:\/\/lasentinelle.dz\/index.php\/2021\/08\/26\/ligue-1-las-ainmlila-dernier-relegue\/#breadcrumb"},"inLanguage":"fr-FR","potentialAction":[{"@type":"ReadAction","target":["https:\/\/lasentinelle.dz\/index.php\/2021\/08\/26\/ligue-1-las-ainmlila-dernier-relegue\/"]}]},{"@type":"ImageObject","inLanguage":"fr-FR","@id":"https:\/\/lasentinelle.dz\/index.php\/2021\/08\/26\/ligue-1-las-ainmlila-dernier-relegue\/#primaryimage","url":"https:\/\/lasentinelle.dz\/wp-content\/uploads\/2021\/08\/ASAM.jpg","contentUrl":"https:\/\/lasentinelle.dz\/wp-content\/uploads\/2021\/08\/ASAM.jpg","width":1080,"height":720},{"@type":"BreadcrumbList","@id":"https:\/\/lasentinelle.dz\/index.php\/2021\/08\/26\/ligue-1-las-ainmlila-dernier-relegue\/#breadcrumb","itemListElement":[{"@type":"ListItem","position":1,"name":"Accueil","item":"https:\/\/lasentinelle.dz\/"},{"@type":"ListItem","position":2,"name":"Ligue 1 : L\u2019AS A\u00efnM\u2019lila dernier rel\u00e9gu\u00e9"}]},{"@type":"WebSite","@id":"https:\/\/lasentinelle.dz\/#website","url":"https:\/\/lasentinelle.dz\/","name":"La Sentinelle","description":"Quotidien national d&#039;information","publisher":{"@id":"https:\/\/lasentinelle.dz\/#organization"},"potentialAction":[{"@type":"SearchAction","target":{"@type":"EntryPoint","urlTemplate":"https:\/\/lasentinelle.dz\/?s={search_term_string}"},"query-input":{"@type":"PropertyValueSpecification","valueRequired":true,"valueName":"search_term_string"}}],"inLanguage":"fr-FR"},{"@type":"Organization","@id":"https:\/\/lasentinelle.dz\/#organization","name":"Quotidien La Sentinelle","url":"https:\/\/lasentinelle.dz\/","logo":{"@type":"ImageObject","inLanguage":"fr-FR","@id":"https:\/\/lasentinelle.dz\/#\/schema\/logo\/image\/","url":"https:\/\/lasentinelle.dz\/wp-content\/uploads\/2021\/09\/logo-sentinelleSLOGAN-1.png","contentUrl":"https:\/\/lasentinelle.dz\/wp-content\/uploads\/2021\/09\/logo-sentinelleSLOGAN-1.png","width":615,"height":142,"caption":"Quotidien La Sentinelle"},"image":{"@id":"https:\/\/lasentinelle.dz\/#\/schema\/logo\/image\/"},"sameAs":["https:\/\/www.facebook.com\/La-Sentinelle-104059864394773"]},{"@type":"Person","@id":"https:\/\/lasentinelle.dz\/#\/schema\/person\/d865044e22e70a75174ce8bcad3acfb3","name":"La Sentinelle","image":{"@type":"ImageObject","inLanguage":"fr-FR","@id":"https:\/\/secure.gravatar.com\/avatar\/57de8e5d4b15d43fb361a71fbb36338450fe67865b528a43dd10ef7c51a20392?s=96&d=mm&r=g","url":"https:\/\/secure.gravatar.com\/avatar\/57de8e5d4b15d43fb361a71fbb36338450fe67865b528a43dd10ef7c51a20392?s=96&d=mm&r=g","contentUrl":"https:\/\/secure.gravatar.com\/avatar\/57de8e5d4b15d43fb361a71fbb36338450fe67865b528a43dd10ef7c51a20392?s=96&d=mm&r=g","caption":"La Sentinelle"},"sameAs":["http:\/\/www.lasentinelle.dz"],"url":"https:\/\/lasentinelle.dz\/author\/redaction\/"}]}},"_links":{"self":[{"href":"https:\/\/lasentinelle.dz\/index.php\/wp-json\/wp\/v2\/posts\/5362","targetHints":{"allow":["GET"]}}],"collection":[{"href":"https:\/\/lasentinelle.dz\/index.php\/wp-json\/wp\/v2\/posts"}],"about":[{"href":"https:\/\/lasentinelle.dz\/index.php\/wp-json\/wp\/v2\/types\/post"}],"author":[{"embeddable":true,"href":"https:\/\/lasentinelle.dz\/index.php\/wp-json\/wp\/v2\/users\/3"}],"replies":[{"embeddable":true,"href":"https:\/\/lasentinelle.dz\/index.php\/wp-json\/wp\/v2\/comments?post=5362"}],"version-history":[{"count":1,"href":"https:\/\/lasentinelle.dz\/index.php\/wp-json\/wp\/v2\/posts\/5362\/revisions"}],"predecessor-version":[{"id":5367,"href":"https:\/\/lasentinelle.dz\/index.php\/wp-json\/wp\/v2\/posts\/5362\/revisions\/5367"}],"wp:featuredmedia":[{"embeddable":true,"href":"https:\/\/lasentinelle.dz\/index.php\/wp-json\/wp\/v2\/media\/5366"}],"wp:attachment":[{"href":"https:\/\/lasentinelle.dz\/index.php\/wp-json\/wp\/v2\/media?parent=5362"}],"wp:term":[{"taxonomy":"category","embeddable":true,"href":"https:\/\/lasentinelle.dz\/index.php\/wp-json\/wp\/v2\/categories?post=5362"},{"taxonomy":"post_tag","embeddable":true,"href":"https:\/\/lasentinelle.dz\/index.php\/wp-json\/wp\/v2\/tags?post=5362"}],"curies":[{"name":"wp","href":"https:\/\/api.w.org\/{rel}","templated":true}]}}