{"id":53633,"date":"2024-06-24T08:23:00","date_gmt":"2024-06-24T07:23:00","guid":{"rendered":"https:\/\/lasentinelle.dz\/?p=53633"},"modified":"2024-06-24T16:24:11","modified_gmt":"2024-06-24T15:24:11","slug":"algerie-tunisie-le-train-transfrontalier-reprendra-du-service-cet-ete","status":"publish","type":"post","link":"https:\/\/lasentinelle.dz\/index.php\/2024\/06\/24\/algerie-tunisie-le-train-transfrontalier-reprendra-du-service-cet-ete\/","title":{"rendered":"Alg\u00e9rie-Tunisie: Le train transfrontalier reprendra du service cet \u00e9t\u00e9"},"content":{"rendered":"\n<p>Le train transfrontalier reliant la ville d&rsquo;Annaba \u00e0 la capitale tunisienne Tunis reprend du service. Apr\u00e8s les essais techniques et un premier voyage d&rsquo;essai organis\u00e9 il y a quelques jours, les dessertes en train entre l&rsquo;Alg\u00e9rie et la Tunisie devraient reprendre cet \u00e9t\u00e9. C&rsquo;est ce qu&rsquo;a annonc\u00e9 hier, lors d&rsquo;une intervention sur les ondes de la Radio alg\u00e9rienne, le le contr\u00f4leur g\u00e9n\u00e9ral \u00e0 la direction de la s\u00e9curit\u00e9 et des op\u00e9rations des \u00e9quipes \u00e0 la Direction g\u00e9n\u00e9rale des Douanes, Abdenacer Khentout. Il a dans expliqu\u00e9 que dans cette perspective, les services des Douanes alg\u00e9riennes ont achev\u00e9 les pr\u00e9parations en coordination avec les diff\u00e9rents intervenants des services de la police des fronti\u00e8res et de la Soci\u00e9t\u00e9 nationale des transports ferroviaires, afin de garantir des conditions ad\u00e9quates pour le passage des voyageurs \u00e0 la station de Souk Ahras, agr\u00e9\u00e9e pour le traitement douanier des mouvements de voyageurs se rendant en Tunisie par voie ferr\u00e9e.<\/p>\n\n\n\n<p>Dans ce contexte, le responsable des Douanes alg\u00e9riennes a mis en avant les moyens logistiques fournis par l\u2019administration des douanes au niveau des fronti\u00e8res terrestres et postes fronti\u00e8res a\u00e9riennes et maritimes pour la saison estivale, pour assurer le contr\u00f4le et le suivi et faire face \u00e0 toute tentative de fraude ou de contrebande qui pourrait se produire \u00e0 ces points de passage frontaliers. Il a indiqu\u00e9 dans ce sens que tous les moyens ont \u00e9t\u00e9 mis en place pour r\u00e9duire les d\u00e9lais de contr\u00f4le aux fronti\u00e8res avec l\u2019augmentation du nombre d\u2019agents pr\u00e9sents \u00e0 ces points de passage frontaliers, tout en veillant \u00e0 fournir les moyens logistiques n\u00e9cessaires tels que les scanners. Le responsable des Douanes a expliqu\u00e9 que \u00ab\u00a0des mesures sp\u00e9ciales ont \u00e9t\u00e9 prises pour r\u00e9duire les d\u00e9lais de traitement douanier des proc\u00e9dures de passage des voyageurs, notamment au niveau des ports et a\u00e9roports ou des points de passage frontaliers terrestres, tout en veillant \u00e0 donner la priorit\u00e9 aux familles, aux malades, aux personnes \u00e2g\u00e9es et aux personnes \u00e0 besoins sp\u00e9cifiques\u00a0\u00bb.<\/p>\n\n\n\n<p>Chokri Hafed<\/p>\n","protected":false},"excerpt":{"rendered":"<p>Le train transfrontalier reliant la ville d&rsquo;Annaba \u00e0 la capitale tunisienne Tunis reprend du service. Apr\u00e8s les essais techniques et<\/p>\n","protected":false},"author":3,"featured_media":49761,"comment_status":"open","ping_status":"closed","sticky":false,"template":"","format":"standard","meta":{"colormag_page_container_layout":"default_layout","colormag_page_sidebar_layout":"default_layout","om_disable_all_campaigns":false,"_monsterinsights_skip_tracking":false,"_monsterinsights_sitenote_active":false,"_monsterinsights_sitenote_note":"","_monsterinsights_sitenote_category":0,"footnotes":"","_wpscppro_dont_share_socialmedia":false,"_wpscppro_custom_social_share_image":0,"_facebook_share_type":"default","_twitter_share_type":"default","_linkedin_share_type":"default","_pinterest_share_type":"default","_linkedin_share_type_page":"","_instagram_share_type":"default","_medium_share_type":"","_threads_share_type":"","_google_business_share_type":"","_selected_social_profile":[],"_wpsp_enable_custom_social_template":false,"_wpsp_social_scheduling":{"enabled":false,"datetime":null,"platforms":[],"status":"template_only","dateOption":"today","timeOption":"now","customDays":"","customHours":"","customDate":"","customTime":"","schedulingType":"absolute"},"_wpsp_active_default_template":true},"categories":[27],"tags":[],"class_list":["post-53633","post","type-post","status-publish","format-standard","has-post-thumbnail","hentry","category-actualite"],"aioseo_notices":[],"yoast_head":"<!-- This site is optimized with the Yoast SEO plugin v27.5 - https:\/\/yoast.com\/product\/yoast-seo-wordpress\/ -->\n<title>Alg\u00e9rie-Tunisie: Le train transfrontalier reprendra du service cet \u00e9t\u00e9 - La Sentinelle<\/title>\n<meta name=\"robots\" content=\"index, follow, max-snippet:-1, max-image-preview:large, max-video-preview:-1\" \/>\n<link rel=\"canonical\" href=\"https:\/\/lasentinelle.dz\/index.php\/2024\/06\/24\/algerie-tunisie-le-train-transfrontalier-reprendra-du-service-cet-ete\/\" \/>\n<meta property=\"og:locale\" content=\"fr_FR\" \/>\n<meta property=\"og:type\" content=\"article\" \/>\n<meta property=\"og:title\" content=\"Alg\u00e9rie-Tunisie: Le train transfrontalier reprendra du service cet \u00e9t\u00e9 - La Sentinelle\" \/>\n<meta property=\"og:description\" content=\"Le train transfrontalier reliant la ville d&rsquo;Annaba \u00e0 la capitale tunisienne Tunis reprend du service. Apr\u00e8s les essais techniques et\" \/>\n<meta property=\"og:url\" content=\"https:\/\/lasentinelle.dz\/index.php\/2024\/06\/24\/algerie-tunisie-le-train-transfrontalier-reprendra-du-service-cet-ete\/\" \/>\n<meta property=\"og:site_name\" content=\"La Sentinelle\" \/>\n<meta property=\"article:publisher\" content=\"https:\/\/www.facebook.com\/La-Sentinelle-104059864394773\" \/>\n<meta property=\"article:published_time\" content=\"2024-06-24T07:23:00+00:00\" \/>\n<meta property=\"article:modified_time\" content=\"2024-06-24T15:24:11+00:00\" \/>\n<meta property=\"og:image\" content=\"https:\/\/lasentinelle.dz\/wp-content\/uploads\/2024\/02\/SNTF.jpeg\" \/>\n\t<meta property=\"og:image:width\" content=\"848\" \/>\n\t<meta property=\"og:image:height\" content=\"480\" \/>\n\t<meta property=\"og:image:type\" content=\"image\/jpeg\" \/>\n<meta name=\"author\" content=\"La Sentinelle\" \/>\n<meta name=\"twitter:card\" content=\"summary_large_image\" \/>\n<meta name=\"twitter:label1\" content=\"\u00c9crit par\" \/>\n\t<meta name=\"twitter:data1\" content=\"La Sentinelle\" \/>\n\t<meta name=\"twitter:label2\" content=\"Dur\u00e9e de lecture estim\u00e9e\" \/>\n\t<meta name=\"twitter:data2\" content=\"2 minutes\" \/>\n<script type=\"application\/ld+json\" class=\"yoast-schema-graph\">{\"@context\":\"https:\\\/\\\/schema.org\",\"@graph\":[{\"@type\":\"Article\",\"@id\":\"https:\\\/\\\/lasentinelle.dz\\\/index.php\\\/2024\\\/06\\\/24\\\/algerie-tunisie-le-train-transfrontalier-reprendra-du-service-cet-ete\\\/#article\",\"isPartOf\":{\"@id\":\"https:\\\/\\\/lasentinelle.dz\\\/index.php\\\/2024\\\/06\\\/24\\\/algerie-tunisie-le-train-transfrontalier-reprendra-du-service-cet-ete\\\/\"},\"author\":{\"name\":\"La Sentinelle\",\"@id\":\"https:\\\/\\\/lasentinelle.dz\\\/#\\\/schema\\\/person\\\/d865044e22e70a75174ce8bcad3acfb3\"},\"headline\":\"Alg\u00e9rie-Tunisie: Le train transfrontalier reprendra du service cet \u00e9t\u00e9\",\"datePublished\":\"2024-06-24T07:23:00+00:00\",\"dateModified\":\"2024-06-24T15:24:11+00:00\",\"mainEntityOfPage\":{\"@id\":\"https:\\\/\\\/lasentinelle.dz\\\/index.php\\\/2024\\\/06\\\/24\\\/algerie-tunisie-le-train-transfrontalier-reprendra-du-service-cet-ete\\\/\"},\"wordCount\":370,\"commentCount\":0,\"publisher\":{\"@id\":\"https:\\\/\\\/lasentinelle.dz\\\/#organization\"},\"image\":{\"@id\":\"https:\\\/\\\/lasentinelle.dz\\\/index.php\\\/2024\\\/06\\\/24\\\/algerie-tunisie-le-train-transfrontalier-reprendra-du-service-cet-ete\\\/#primaryimage\"},\"thumbnailUrl\":\"https:\\\/\\\/lasentinelle.dz\\\/wp-content\\\/uploads\\\/2024\\\/02\\\/SNTF.jpeg\",\"articleSection\":[\"Actualit\u00e9\"],\"inLanguage\":\"fr-FR\",\"potentialAction\":[{\"@type\":\"CommentAction\",\"name\":\"Comment\",\"target\":[\"https:\\\/\\\/lasentinelle.dz\\\/index.php\\\/2024\\\/06\\\/24\\\/algerie-tunisie-le-train-transfrontalier-reprendra-du-service-cet-ete\\\/#respond\"]}]},{\"@type\":\"WebPage\",\"@id\":\"https:\\\/\\\/lasentinelle.dz\\\/index.php\\\/2024\\\/06\\\/24\\\/algerie-tunisie-le-train-transfrontalier-reprendra-du-service-cet-ete\\\/\",\"url\":\"https:\\\/\\\/lasentinelle.dz\\\/index.php\\\/2024\\\/06\\\/24\\\/algerie-tunisie-le-train-transfrontalier-reprendra-du-service-cet-ete\\\/\",\"name\":\"Alg\u00e9rie-Tunisie: Le train transfrontalier reprendra du service cet \u00e9t\u00e9 - La Sentinelle\",\"isPartOf\":{\"@id\":\"https:\\\/\\\/lasentinelle.dz\\\/#website\"},\"primaryImageOfPage\":{\"@id\":\"https:\\\/\\\/lasentinelle.dz\\\/index.php\\\/2024\\\/06\\\/24\\\/algerie-tunisie-le-train-transfrontalier-reprendra-du-service-cet-ete\\\/#primaryimage\"},\"image\":{\"@id\":\"https:\\\/\\\/lasentinelle.dz\\\/index.php\\\/2024\\\/06\\\/24\\\/algerie-tunisie-le-train-transfrontalier-reprendra-du-service-cet-ete\\\/#primaryimage\"},\"thumbnailUrl\":\"https:\\\/\\\/lasentinelle.dz\\\/wp-content\\\/uploads\\\/2024\\\/02\\\/SNTF.jpeg\",\"datePublished\":\"2024-06-24T07:23:00+00:00\",\"dateModified\":\"2024-06-24T15:24:11+00:00\",\"breadcrumb\":{\"@id\":\"https:\\\/\\\/lasentinelle.dz\\\/index.php\\\/2024\\\/06\\\/24\\\/algerie-tunisie-le-train-transfrontalier-reprendra-du-service-cet-ete\\\/#breadcrumb\"},\"inLanguage\":\"fr-FR\",\"potentialAction\":[{\"@type\":\"ReadAction\",\"target\":[\"https:\\\/\\\/lasentinelle.dz\\\/index.php\\\/2024\\\/06\\\/24\\\/algerie-tunisie-le-train-transfrontalier-reprendra-du-service-cet-ete\\\/\"]}]},{\"@type\":\"ImageObject\",\"inLanguage\":\"fr-FR\",\"@id\":\"https:\\\/\\\/lasentinelle.dz\\\/index.php\\\/2024\\\/06\\\/24\\\/algerie-tunisie-le-train-transfrontalier-reprendra-du-service-cet-ete\\\/#primaryimage\",\"url\":\"https:\\\/\\\/lasentinelle.dz\\\/wp-content\\\/uploads\\\/2024\\\/02\\\/SNTF.jpeg\",\"contentUrl\":\"https:\\\/\\\/lasentinelle.dz\\\/wp-content\\\/uploads\\\/2024\\\/02\\\/SNTF.jpeg\",\"width\":848,\"height\":480},{\"@type\":\"BreadcrumbList\",\"@id\":\"https:\\\/\\\/lasentinelle.dz\\\/index.php\\\/2024\\\/06\\\/24\\\/algerie-tunisie-le-train-transfrontalier-reprendra-du-service-cet-ete\\\/#breadcrumb\",\"itemListElement\":[{\"@type\":\"ListItem\",\"position\":1,\"name\":\"Accueil\",\"item\":\"https:\\\/\\\/lasentinelle.dz\\\/\"},{\"@type\":\"ListItem\",\"position\":2,\"name\":\"Alg\u00e9rie-Tunisie: Le train transfrontalier reprendra du service cet \u00e9t\u00e9\"}]},{\"@type\":\"WebSite\",\"@id\":\"https:\\\/\\\/lasentinelle.dz\\\/#website\",\"url\":\"https:\\\/\\\/lasentinelle.dz\\\/\",\"name\":\"La Sentinelle\",\"description\":\"Quotidien national d&#039;information\",\"publisher\":{\"@id\":\"https:\\\/\\\/lasentinelle.dz\\\/#organization\"},\"potentialAction\":[{\"@type\":\"SearchAction\",\"target\":{\"@type\":\"EntryPoint\",\"urlTemplate\":\"https:\\\/\\\/lasentinelle.dz\\\/?s={search_term_string}\"},\"query-input\":{\"@type\":\"PropertyValueSpecification\",\"valueRequired\":true,\"valueName\":\"search_term_string\"}}],\"inLanguage\":\"fr-FR\"},{\"@type\":\"Organization\",\"@id\":\"https:\\\/\\\/lasentinelle.dz\\\/#organization\",\"name\":\"Quotidien La Sentinelle\",\"url\":\"https:\\\/\\\/lasentinelle.dz\\\/\",\"logo\":{\"@type\":\"ImageObject\",\"inLanguage\":\"fr-FR\",\"@id\":\"https:\\\/\\\/lasentinelle.dz\\\/#\\\/schema\\\/logo\\\/image\\\/\",\"url\":\"https:\\\/\\\/lasentinelle.dz\\\/wp-content\\\/uploads\\\/2021\\\/09\\\/logo-sentinelleSLOGAN-1.png\",\"contentUrl\":\"https:\\\/\\\/lasentinelle.dz\\\/wp-content\\\/uploads\\\/2021\\\/09\\\/logo-sentinelleSLOGAN-1.png\",\"width\":615,\"height\":142,\"caption\":\"Quotidien La Sentinelle\"},\"image\":{\"@id\":\"https:\\\/\\\/lasentinelle.dz\\\/#\\\/schema\\\/logo\\\/image\\\/\"},\"sameAs\":[\"https:\\\/\\\/www.facebook.com\\\/La-Sentinelle-104059864394773\"]},{\"@type\":\"Person\",\"@id\":\"https:\\\/\\\/lasentinelle.dz\\\/#\\\/schema\\\/person\\\/d865044e22e70a75174ce8bcad3acfb3\",\"name\":\"La Sentinelle\",\"image\":{\"@type\":\"ImageObject\",\"inLanguage\":\"fr-FR\",\"@id\":\"https:\\\/\\\/secure.gravatar.com\\\/avatar\\\/57de8e5d4b15d43fb361a71fbb36338450fe67865b528a43dd10ef7c51a20392?s=96&d=mm&r=g\",\"url\":\"https:\\\/\\\/secure.gravatar.com\\\/avatar\\\/57de8e5d4b15d43fb361a71fbb36338450fe67865b528a43dd10ef7c51a20392?s=96&d=mm&r=g\",\"contentUrl\":\"https:\\\/\\\/secure.gravatar.com\\\/avatar\\\/57de8e5d4b15d43fb361a71fbb36338450fe67865b528a43dd10ef7c51a20392?s=96&d=mm&r=g\",\"caption\":\"La Sentinelle\"},\"sameAs\":[\"http:\\\/\\\/www.lasentinelle.dz\"],\"url\":\"https:\\\/\\\/lasentinelle.dz\\\/author\\\/redaction\\\/\"}]}<\/script>\n<!-- \/ Yoast SEO plugin. -->","yoast_head_json":{"title":"Alg\u00e9rie-Tunisie: Le train transfrontalier reprendra du service cet \u00e9t\u00e9 - La Sentinelle","robots":{"index":"index","follow":"follow","max-snippet":"max-snippet:-1","max-image-preview":"max-image-preview:large","max-video-preview":"max-video-preview:-1"},"canonical":"https:\/\/lasentinelle.dz\/index.php\/2024\/06\/24\/algerie-tunisie-le-train-transfrontalier-reprendra-du-service-cet-ete\/","og_locale":"fr_FR","og_type":"article","og_title":"Alg\u00e9rie-Tunisie: Le train transfrontalier reprendra du service cet \u00e9t\u00e9 - La Sentinelle","og_description":"Le train transfrontalier reliant la ville d&rsquo;Annaba \u00e0 la capitale tunisienne Tunis reprend du service. Apr\u00e8s les essais techniques et","og_url":"https:\/\/lasentinelle.dz\/index.php\/2024\/06\/24\/algerie-tunisie-le-train-transfrontalier-reprendra-du-service-cet-ete\/","og_site_name":"La Sentinelle","article_publisher":"https:\/\/www.facebook.com\/La-Sentinelle-104059864394773","article_published_time":"2024-06-24T07:23:00+00:00","article_modified_time":"2024-06-24T15:24:11+00:00","og_image":[{"width":848,"height":480,"url":"https:\/\/lasentinelle.dz\/wp-content\/uploads\/2024\/02\/SNTF.jpeg","type":"image\/jpeg"}],"author":"La Sentinelle","twitter_card":"summary_large_image","twitter_misc":{"\u00c9crit par":"La Sentinelle","Dur\u00e9e de lecture estim\u00e9e":"2 minutes"},"schema":{"@context":"https:\/\/schema.org","@graph":[{"@type":"Article","@id":"https:\/\/lasentinelle.dz\/index.php\/2024\/06\/24\/algerie-tunisie-le-train-transfrontalier-reprendra-du-service-cet-ete\/#article","isPartOf":{"@id":"https:\/\/lasentinelle.dz\/index.php\/2024\/06\/24\/algerie-tunisie-le-train-transfrontalier-reprendra-du-service-cet-ete\/"},"author":{"name":"La Sentinelle","@id":"https:\/\/lasentinelle.dz\/#\/schema\/person\/d865044e22e70a75174ce8bcad3acfb3"},"headline":"Alg\u00e9rie-Tunisie: Le train transfrontalier reprendra du service cet \u00e9t\u00e9","datePublished":"2024-06-24T07:23:00+00:00","dateModified":"2024-06-24T15:24:11+00:00","mainEntityOfPage":{"@id":"https:\/\/lasentinelle.dz\/index.php\/2024\/06\/24\/algerie-tunisie-le-train-transfrontalier-reprendra-du-service-cet-ete\/"},"wordCount":370,"commentCount":0,"publisher":{"@id":"https:\/\/lasentinelle.dz\/#organization"},"image":{"@id":"https:\/\/lasentinelle.dz\/index.php\/2024\/06\/24\/algerie-tunisie-le-train-transfrontalier-reprendra-du-service-cet-ete\/#primaryimage"},"thumbnailUrl":"https:\/\/lasentinelle.dz\/wp-content\/uploads\/2024\/02\/SNTF.jpeg","articleSection":["Actualit\u00e9"],"inLanguage":"fr-FR","potentialAction":[{"@type":"CommentAction","name":"Comment","target":["https:\/\/lasentinelle.dz\/index.php\/2024\/06\/24\/algerie-tunisie-le-train-transfrontalier-reprendra-du-service-cet-ete\/#respond"]}]},{"@type":"WebPage","@id":"https:\/\/lasentinelle.dz\/index.php\/2024\/06\/24\/algerie-tunisie-le-train-transfrontalier-reprendra-du-service-cet-ete\/","url":"https:\/\/lasentinelle.dz\/index.php\/2024\/06\/24\/algerie-tunisie-le-train-transfrontalier-reprendra-du-service-cet-ete\/","name":"Alg\u00e9rie-Tunisie: Le train transfrontalier reprendra du service cet \u00e9t\u00e9 - La Sentinelle","isPartOf":{"@id":"https:\/\/lasentinelle.dz\/#website"},"primaryImageOfPage":{"@id":"https:\/\/lasentinelle.dz\/index.php\/2024\/06\/24\/algerie-tunisie-le-train-transfrontalier-reprendra-du-service-cet-ete\/#primaryimage"},"image":{"@id":"https:\/\/lasentinelle.dz\/index.php\/2024\/06\/24\/algerie-tunisie-le-train-transfrontalier-reprendra-du-service-cet-ete\/#primaryimage"},"thumbnailUrl":"https:\/\/lasentinelle.dz\/wp-content\/uploads\/2024\/02\/SNTF.jpeg","datePublished":"2024-06-24T07:23:00+00:00","dateModified":"2024-06-24T15:24:11+00:00","breadcrumb":{"@id":"https:\/\/lasentinelle.dz\/index.php\/2024\/06\/24\/algerie-tunisie-le-train-transfrontalier-reprendra-du-service-cet-ete\/#breadcrumb"},"inLanguage":"fr-FR","potentialAction":[{"@type":"ReadAction","target":["https:\/\/lasentinelle.dz\/index.php\/2024\/06\/24\/algerie-tunisie-le-train-transfrontalier-reprendra-du-service-cet-ete\/"]}]},{"@type":"ImageObject","inLanguage":"fr-FR","@id":"https:\/\/lasentinelle.dz\/index.php\/2024\/06\/24\/algerie-tunisie-le-train-transfrontalier-reprendra-du-service-cet-ete\/#primaryimage","url":"https:\/\/lasentinelle.dz\/wp-content\/uploads\/2024\/02\/SNTF.jpeg","contentUrl":"https:\/\/lasentinelle.dz\/wp-content\/uploads\/2024\/02\/SNTF.jpeg","width":848,"height":480},{"@type":"BreadcrumbList","@id":"https:\/\/lasentinelle.dz\/index.php\/2024\/06\/24\/algerie-tunisie-le-train-transfrontalier-reprendra-du-service-cet-ete\/#breadcrumb","itemListElement":[{"@type":"ListItem","position":1,"name":"Accueil","item":"https:\/\/lasentinelle.dz\/"},{"@type":"ListItem","position":2,"name":"Alg\u00e9rie-Tunisie: Le train transfrontalier reprendra du service cet \u00e9t\u00e9"}]},{"@type":"WebSite","@id":"https:\/\/lasentinelle.dz\/#website","url":"https:\/\/lasentinelle.dz\/","name":"La Sentinelle","description":"Quotidien national d&#039;information","publisher":{"@id":"https:\/\/lasentinelle.dz\/#organization"},"potentialAction":[{"@type":"SearchAction","target":{"@type":"EntryPoint","urlTemplate":"https:\/\/lasentinelle.dz\/?s={search_term_string}"},"query-input":{"@type":"PropertyValueSpecification","valueRequired":true,"valueName":"search_term_string"}}],"inLanguage":"fr-FR"},{"@type":"Organization","@id":"https:\/\/lasentinelle.dz\/#organization","name":"Quotidien La Sentinelle","url":"https:\/\/lasentinelle.dz\/","logo":{"@type":"ImageObject","inLanguage":"fr-FR","@id":"https:\/\/lasentinelle.dz\/#\/schema\/logo\/image\/","url":"https:\/\/lasentinelle.dz\/wp-content\/uploads\/2021\/09\/logo-sentinelleSLOGAN-1.png","contentUrl":"https:\/\/lasentinelle.dz\/wp-content\/uploads\/2021\/09\/logo-sentinelleSLOGAN-1.png","width":615,"height":142,"caption":"Quotidien La Sentinelle"},"image":{"@id":"https:\/\/lasentinelle.dz\/#\/schema\/logo\/image\/"},"sameAs":["https:\/\/www.facebook.com\/La-Sentinelle-104059864394773"]},{"@type":"Person","@id":"https:\/\/lasentinelle.dz\/#\/schema\/person\/d865044e22e70a75174ce8bcad3acfb3","name":"La Sentinelle","image":{"@type":"ImageObject","inLanguage":"fr-FR","@id":"https:\/\/secure.gravatar.com\/avatar\/57de8e5d4b15d43fb361a71fbb36338450fe67865b528a43dd10ef7c51a20392?s=96&d=mm&r=g","url":"https:\/\/secure.gravatar.com\/avatar\/57de8e5d4b15d43fb361a71fbb36338450fe67865b528a43dd10ef7c51a20392?s=96&d=mm&r=g","contentUrl":"https:\/\/secure.gravatar.com\/avatar\/57de8e5d4b15d43fb361a71fbb36338450fe67865b528a43dd10ef7c51a20392?s=96&d=mm&r=g","caption":"La Sentinelle"},"sameAs":["http:\/\/www.lasentinelle.dz"],"url":"https:\/\/lasentinelle.dz\/author\/redaction\/"}]}},"_links":{"self":[{"href":"https:\/\/lasentinelle.dz\/index.php\/wp-json\/wp\/v2\/posts\/53633","targetHints":{"allow":["GET"]}}],"collection":[{"href":"https:\/\/lasentinelle.dz\/index.php\/wp-json\/wp\/v2\/posts"}],"about":[{"href":"https:\/\/lasentinelle.dz\/index.php\/wp-json\/wp\/v2\/types\/post"}],"author":[{"embeddable":true,"href":"https:\/\/lasentinelle.dz\/index.php\/wp-json\/wp\/v2\/users\/3"}],"replies":[{"embeddable":true,"href":"https:\/\/lasentinelle.dz\/index.php\/wp-json\/wp\/v2\/comments?post=53633"}],"version-history":[{"count":1,"href":"https:\/\/lasentinelle.dz\/index.php\/wp-json\/wp\/v2\/posts\/53633\/revisions"}],"predecessor-version":[{"id":53634,"href":"https:\/\/lasentinelle.dz\/index.php\/wp-json\/wp\/v2\/posts\/53633\/revisions\/53634"}],"wp:featuredmedia":[{"embeddable":true,"href":"https:\/\/lasentinelle.dz\/index.php\/wp-json\/wp\/v2\/media\/49761"}],"wp:attachment":[{"href":"https:\/\/lasentinelle.dz\/index.php\/wp-json\/wp\/v2\/media?parent=53633"}],"wp:term":[{"taxonomy":"category","embeddable":true,"href":"https:\/\/lasentinelle.dz\/index.php\/wp-json\/wp\/v2\/categories?post=53633"},{"taxonomy":"post_tag","embeddable":true,"href":"https:\/\/lasentinelle.dz\/index.php\/wp-json\/wp\/v2\/tags?post=53633"}],"curies":[{"name":"wp","href":"https:\/\/api.w.org\/{rel}","templated":true}]}}