{"id":53638,"date":"2024-06-24T07:26:00","date_gmt":"2024-06-24T06:26:00","guid":{"rendered":"https:\/\/lasentinelle.dz\/?p=53638"},"modified":"2024-06-24T16:28:37","modified_gmt":"2024-06-24T15:28:37","slug":"mohamed-vi-dans-loeil-du-cyclone","status":"publish","type":"post","link":"https:\/\/lasentinelle.dz\/index.php\/2024\/06\/24\/mohamed-vi-dans-loeil-du-cyclone\/","title":{"rendered":"Mohamed VI dans l&rsquo;oeil du cyclone"},"content":{"rendered":"\n<p>La complicit\u00e9 du Makhzen avec l&rsquo;entit\u00e9 d&rsquo;occupation sioniste fait scandale et attise la col\u00e8re populaire au Maroc. Le r\u00e9gime marocain a en effet autoris\u00e9 un navire de guerre de l&rsquo;entit\u00e9 sioniste \u00e0 accoster au port de Tanger, le 6 juin dernier, se rendant ainsi complice des crimes de l&rsquo;occupation isra\u00e9lienne en Cisjordanie et surtout \u00e0 Ghaza en violation flagrante des r\u00e9solutions onusiennes exigeant un cessez-le-feu.<\/p>\n\n\n\n<p>Ce nouvel incident qui enfonce un peu plus le r\u00e9gime marocain qui se rend complice des crimes contre l&rsquo;humanit\u00e9 \u00e0 Ghaza ne passa pas au Maroc. Le navire de guerre isra\u00e9lienne &nbsp;l\u2019INS Komemiyut a en effet fait escale pour se ravitailler en carburant et en provisions avant de continuer sa route vers le port de Ha\u00effa en Palestine occup\u00e9e. Un accueil que le r\u00e9gime marocain essaie de justifier par l&rsquo;argument des accords de \u00ab\u00a0coop\u00e9ration militaire\u00a0\u00bb sign\u00e9s sous le couvert de la normalisation. Un argument qui peine \u00e0 convaincre dans la mesure o\u00f9 l&rsquo;Espagne a refus\u00e9 auparavant l&rsquo;accostage au niveau de ses ports d&rsquo;un navire qui transportait des armements en direction de l&rsquo;entit\u00e9 sioniste. Ce nouvel acte d&rsquo;ignominie de la part du r\u00e9gime du Makhzen a d&rsquo;ailleurs suscit\u00e9 la col\u00e8re des Marocains. Ainsi, le \u00ab Front marocain de soutien \u00e0 la Palestine et contre la normalisation \u00bb a vivement protest\u00e9 contre l&rsquo;attitude du Makhen et a soulign\u00e9 que cette derni\u00e8re action du r\u00e9gime du Makhen repose la question du positionnement du roi Mohammed VI dans le conflit en Palestine occup\u00e9e. Le \u00ab Front marocain de soutien \u00e0 la Palestine et contre la normalisation \u00bb avait d\u00e9j\u00e0 mis en garde, le 1er juin, contre le passage de navires transportant des armes \u00e0 destination de l&rsquo;entit\u00e9 sionistedans les eaux marocaines.<\/p>\n\n\n\n<p>L\u2019ONG a qualifi\u00e9 les actions des autorit\u00e9s de \u00ab&nbsp;dangereuses, honteuses et l\u00e2ches&nbsp;\u00bb, affirmant qu\u2019elles repr\u00e9sentent \u00ab&nbsp;un abandon de la souverainet\u00e9 nationale, une violation flagrante de la constitution, un m\u00e9pris et une insulte aux sentiments des Marocains, et une attaque flagrante contre leur patrimoine culturel et historique.&nbsp;\u00bb<\/p>\n\n\n\n<p>Ils ont soulign\u00e9 que cette action constitue une complicit\u00e9 et une participation des autorit\u00e9s marocaines avec l&rsquo;entit\u00e9 sioniste dans son agression contre le peuple palestinien et la profanation des sanctit\u00e9s du peuple marocain et des nations arabe et islamique.<\/p>\n\n\n\n<p>En outre, ils ont insist\u00e9 sur le fait que cela constitue une violation de la Charte des Nations Unies, de la r\u00e9solution de l\u2019Assembl\u00e9e g\u00e9n\u00e9rale de l\u2019ONU, des r\u00e9centes d\u00e9cisions de la Cour internationale de Justice, de la Cour p\u00e9nale internationale et du rapport du Conseil des droits de l\u2019homme des Nations Unies. Le groupe a demand\u00e9 une enqu\u00eate urgente pour d\u00e9terminer les responsabilit\u00e9s et punir ceux qui sont jug\u00e9s responsables de cette action. Le \u00ab Front marocain de soutien \u00e0 la Palestine et contre la normalisation \u00bb pr\u00e9voit d\u2019inclure cette question dans ses prochaines manifestations, avec un accent particulier \u00e0 Tanger, afin de mobiliser l\u2019opinion publique contre la coop\u00e9ration militaire avec l&rsquo;entit\u00e9 sioniste. De son c\u00f4t\u00e9, le Groupe d&rsquo;action pour la Palestine, a d\u00e9nonc\u00e9 le\u00a0\u00bbm\u00e9pris et l\u2019humiliation des sentiments des Marocains et une agression flagrante contre leurs valeurs civilisationnelles et culturelles, une complicit\u00e9 et une participation dans les massacres contre le peuple palestinien, un abandon de la souverainet\u00e9 nationale et une violation des r\u00e9solutions internationales\u00a0\u00bb. Pour cette ONG, cette escale intervient alors que \u00ab\u00a0le peuple et l\u2019arm\u00e9e y\u00e9m\u00e9nite m\u00e8nent une guerre pour emp\u00eacher le passage des navires des forces d\u2019occupation par le d\u00e9troit de Bab el Mandeb et que les autorit\u00e9s espagnoles emp\u00eachent l\u2019accostage de navires isra\u00e9liens\u00a0\u00bb.<\/p>\n\n\n\n<p>Il faut dire que cette nouvelle action du r\u00e9gime marocain suscite une vive d\u00e9nonciation notamment au regard du contraste avec la position espagnole. En effet, l\u2019Espagne a refus\u00e9 de ravitailler le 19 mai le bateau Marianne Danica, transportant des armes destin\u00e9es \u00e0 l&rsquo;entit\u00e9 sioniste.<\/p>\n\n\n\n<p>Le refus espagnol a \u00e9t\u00e9 per\u00e7u comme une prise de position contre l\u2019escalade militaire sioniste contrastant fortement avec la d\u00e9cision du Maroc de permettre au navire de guerre INS Komemiyut de se ravitailler \u00e0 Tanger. Ce double discours de Mohammed VI, pr\u00e9sident du Comit\u00e9 Al-Qods, charg\u00e9 de d\u00e9fendre les int\u00e9r\u00eats du peuple palestinien, mais en m\u00eame temps au centre du rapprochement entre son pays et l&rsquo;entit\u00e9 sioniste a d\u00e9clench\u00e9 une vive pol\u00e9mique et des manifestations au Maroc\u200b.<\/p>\n\n\n\n<p>Mohammed VI est vivement critiqu\u00e9 pour ne pas soutenir ouvertement et fermement la Palestine et pour sa proximit\u00e9 avec l&rsquo;occupant sioniste. Des manifestations et des protestations massives pour d\u00e9noncer la normalisation secouent le Maroc depuis plusieurs mois. Des manifestations qui sont d&rsquo;ailleurs violemment r\u00e9prim\u00e9es par le r\u00e9gime marocain.<\/p>\n\n\n\n<p>Lyes Sa\u00efd<\/p>\n","protected":false},"excerpt":{"rendered":"<p>La complicit\u00e9 du Makhzen avec l&rsquo;entit\u00e9 d&rsquo;occupation sioniste fait scandale et attise la col\u00e8re populaire au Maroc. Le r\u00e9gime marocain<\/p>\n","protected":false},"author":3,"featured_media":53639,"comment_status":"open","ping_status":"closed","sticky":false,"template":"","format":"standard","meta":{"colormag_page_container_layout":"default_layout","colormag_page_sidebar_layout":"default_layout","om_disable_all_campaigns":false,"_monsterinsights_skip_tracking":false,"_monsterinsights_sitenote_active":false,"_monsterinsights_sitenote_note":"","_monsterinsights_sitenote_category":0,"footnotes":"","_wpscppro_dont_share_socialmedia":false,"_wpscppro_custom_social_share_image":0,"_facebook_share_type":"default","_twitter_share_type":"default","_linkedin_share_type":"default","_pinterest_share_type":"default","_linkedin_share_type_page":"","_instagram_share_type":"default","_medium_share_type":"","_threads_share_type":"","_google_business_share_type":"","_selected_social_profile":[],"_wpsp_enable_custom_social_template":false,"_wpsp_social_scheduling":{"enabled":false,"datetime":null,"platforms":[],"status":"template_only","dateOption":"today","timeOption":"now","customDays":"","customHours":"","customDate":"","customTime":"","schedulingType":"absolute"},"_wpsp_active_default_template":true},"categories":[52,27],"tags":[],"class_list":["post-53638","post","type-post","status-publish","format-standard","has-post-thumbnail","hentry","category-a-la-une","category-actualite"],"aioseo_notices":[],"yoast_head":"<!-- This site is optimized with the Yoast SEO plugin v27.5 - https:\/\/yoast.com\/product\/yoast-seo-wordpress\/ -->\n<title>Mohamed VI dans l&rsquo;oeil du cyclone - La Sentinelle<\/title>\n<meta name=\"robots\" content=\"index, follow, max-snippet:-1, max-image-preview:large, max-video-preview:-1\" \/>\n<link rel=\"canonical\" href=\"https:\/\/lasentinelle.dz\/index.php\/2024\/06\/24\/mohamed-vi-dans-loeil-du-cyclone\/\" \/>\n<meta property=\"og:locale\" content=\"fr_FR\" \/>\n<meta property=\"og:type\" content=\"article\" \/>\n<meta property=\"og:title\" content=\"Mohamed VI dans l&rsquo;oeil du cyclone - La Sentinelle\" \/>\n<meta property=\"og:description\" content=\"La complicit\u00e9 du Makhzen avec l&rsquo;entit\u00e9 d&rsquo;occupation sioniste fait scandale et attise la col\u00e8re populaire au Maroc. Le r\u00e9gime marocain\" \/>\n<meta property=\"og:url\" content=\"https:\/\/lasentinelle.dz\/index.php\/2024\/06\/24\/mohamed-vi-dans-loeil-du-cyclone\/\" \/>\n<meta property=\"og:site_name\" content=\"La Sentinelle\" \/>\n<meta property=\"article:publisher\" content=\"https:\/\/www.facebook.com\/La-Sentinelle-104059864394773\" \/>\n<meta property=\"article:published_time\" content=\"2024-06-24T06:26:00+00:00\" \/>\n<meta property=\"article:modified_time\" content=\"2024-06-24T15:28:37+00:00\" \/>\n<meta property=\"og:image\" content=\"https:\/\/lasentinelle.dz\/wp-content\/uploads\/2024\/06\/Mohamed-VI.jpg\" \/>\n\t<meta property=\"og:image:width\" content=\"1200\" \/>\n\t<meta property=\"og:image:height\" content=\"733\" \/>\n\t<meta property=\"og:image:type\" content=\"image\/jpeg\" \/>\n<meta name=\"author\" content=\"La Sentinelle\" \/>\n<meta name=\"twitter:card\" content=\"summary_large_image\" \/>\n<meta name=\"twitter:label1\" content=\"\u00c9crit par\" \/>\n\t<meta name=\"twitter:data1\" content=\"La Sentinelle\" \/>\n\t<meta name=\"twitter:label2\" content=\"Dur\u00e9e de lecture estim\u00e9e\" \/>\n\t<meta name=\"twitter:data2\" content=\"4 minutes\" \/>\n<script type=\"application\/ld+json\" class=\"yoast-schema-graph\">{\"@context\":\"https:\\\/\\\/schema.org\",\"@graph\":[{\"@type\":\"Article\",\"@id\":\"https:\\\/\\\/lasentinelle.dz\\\/index.php\\\/2024\\\/06\\\/24\\\/mohamed-vi-dans-loeil-du-cyclone\\\/#article\",\"isPartOf\":{\"@id\":\"https:\\\/\\\/lasentinelle.dz\\\/index.php\\\/2024\\\/06\\\/24\\\/mohamed-vi-dans-loeil-du-cyclone\\\/\"},\"author\":{\"name\":\"La Sentinelle\",\"@id\":\"https:\\\/\\\/lasentinelle.dz\\\/#\\\/schema\\\/person\\\/d865044e22e70a75174ce8bcad3acfb3\"},\"headline\":\"Mohamed VI dans l&rsquo;oeil du cyclone\",\"datePublished\":\"2024-06-24T06:26:00+00:00\",\"dateModified\":\"2024-06-24T15:28:37+00:00\",\"mainEntityOfPage\":{\"@id\":\"https:\\\/\\\/lasentinelle.dz\\\/index.php\\\/2024\\\/06\\\/24\\\/mohamed-vi-dans-loeil-du-cyclone\\\/\"},\"wordCount\":842,\"commentCount\":0,\"publisher\":{\"@id\":\"https:\\\/\\\/lasentinelle.dz\\\/#organization\"},\"image\":{\"@id\":\"https:\\\/\\\/lasentinelle.dz\\\/index.php\\\/2024\\\/06\\\/24\\\/mohamed-vi-dans-loeil-du-cyclone\\\/#primaryimage\"},\"thumbnailUrl\":\"https:\\\/\\\/lasentinelle.dz\\\/wp-content\\\/uploads\\\/2024\\\/06\\\/Mohamed-VI.jpg\",\"articleSection\":[\"\u00c0 la Une\",\"Actualit\u00e9\"],\"inLanguage\":\"fr-FR\",\"potentialAction\":[{\"@type\":\"CommentAction\",\"name\":\"Comment\",\"target\":[\"https:\\\/\\\/lasentinelle.dz\\\/index.php\\\/2024\\\/06\\\/24\\\/mohamed-vi-dans-loeil-du-cyclone\\\/#respond\"]}]},{\"@type\":\"WebPage\",\"@id\":\"https:\\\/\\\/lasentinelle.dz\\\/index.php\\\/2024\\\/06\\\/24\\\/mohamed-vi-dans-loeil-du-cyclone\\\/\",\"url\":\"https:\\\/\\\/lasentinelle.dz\\\/index.php\\\/2024\\\/06\\\/24\\\/mohamed-vi-dans-loeil-du-cyclone\\\/\",\"name\":\"Mohamed VI dans l&rsquo;oeil du cyclone - La Sentinelle\",\"isPartOf\":{\"@id\":\"https:\\\/\\\/lasentinelle.dz\\\/#website\"},\"primaryImageOfPage\":{\"@id\":\"https:\\\/\\\/lasentinelle.dz\\\/index.php\\\/2024\\\/06\\\/24\\\/mohamed-vi-dans-loeil-du-cyclone\\\/#primaryimage\"},\"image\":{\"@id\":\"https:\\\/\\\/lasentinelle.dz\\\/index.php\\\/2024\\\/06\\\/24\\\/mohamed-vi-dans-loeil-du-cyclone\\\/#primaryimage\"},\"thumbnailUrl\":\"https:\\\/\\\/lasentinelle.dz\\\/wp-content\\\/uploads\\\/2024\\\/06\\\/Mohamed-VI.jpg\",\"datePublished\":\"2024-06-24T06:26:00+00:00\",\"dateModified\":\"2024-06-24T15:28:37+00:00\",\"breadcrumb\":{\"@id\":\"https:\\\/\\\/lasentinelle.dz\\\/index.php\\\/2024\\\/06\\\/24\\\/mohamed-vi-dans-loeil-du-cyclone\\\/#breadcrumb\"},\"inLanguage\":\"fr-FR\",\"potentialAction\":[{\"@type\":\"ReadAction\",\"target\":[\"https:\\\/\\\/lasentinelle.dz\\\/index.php\\\/2024\\\/06\\\/24\\\/mohamed-vi-dans-loeil-du-cyclone\\\/\"]}]},{\"@type\":\"ImageObject\",\"inLanguage\":\"fr-FR\",\"@id\":\"https:\\\/\\\/lasentinelle.dz\\\/index.php\\\/2024\\\/06\\\/24\\\/mohamed-vi-dans-loeil-du-cyclone\\\/#primaryimage\",\"url\":\"https:\\\/\\\/lasentinelle.dz\\\/wp-content\\\/uploads\\\/2024\\\/06\\\/Mohamed-VI.jpg\",\"contentUrl\":\"https:\\\/\\\/lasentinelle.dz\\\/wp-content\\\/uploads\\\/2024\\\/06\\\/Mohamed-VI.jpg\",\"width\":1200,\"height\":733,\"caption\":\"Screenshot\"},{\"@type\":\"BreadcrumbList\",\"@id\":\"https:\\\/\\\/lasentinelle.dz\\\/index.php\\\/2024\\\/06\\\/24\\\/mohamed-vi-dans-loeil-du-cyclone\\\/#breadcrumb\",\"itemListElement\":[{\"@type\":\"ListItem\",\"position\":1,\"name\":\"Accueil\",\"item\":\"https:\\\/\\\/lasentinelle.dz\\\/\"},{\"@type\":\"ListItem\",\"position\":2,\"name\":\"Mohamed VI dans l&rsquo;oeil du cyclone\"}]},{\"@type\":\"WebSite\",\"@id\":\"https:\\\/\\\/lasentinelle.dz\\\/#website\",\"url\":\"https:\\\/\\\/lasentinelle.dz\\\/\",\"name\":\"La Sentinelle\",\"description\":\"Quotidien national d&#039;information\",\"publisher\":{\"@id\":\"https:\\\/\\\/lasentinelle.dz\\\/#organization\"},\"potentialAction\":[{\"@type\":\"SearchAction\",\"target\":{\"@type\":\"EntryPoint\",\"urlTemplate\":\"https:\\\/\\\/lasentinelle.dz\\\/?s={search_term_string}\"},\"query-input\":{\"@type\":\"PropertyValueSpecification\",\"valueRequired\":true,\"valueName\":\"search_term_string\"}}],\"inLanguage\":\"fr-FR\"},{\"@type\":\"Organization\",\"@id\":\"https:\\\/\\\/lasentinelle.dz\\\/#organization\",\"name\":\"Quotidien La Sentinelle\",\"url\":\"https:\\\/\\\/lasentinelle.dz\\\/\",\"logo\":{\"@type\":\"ImageObject\",\"inLanguage\":\"fr-FR\",\"@id\":\"https:\\\/\\\/lasentinelle.dz\\\/#\\\/schema\\\/logo\\\/image\\\/\",\"url\":\"https:\\\/\\\/lasentinelle.dz\\\/wp-content\\\/uploads\\\/2021\\\/09\\\/logo-sentinelleSLOGAN-1.png\",\"contentUrl\":\"https:\\\/\\\/lasentinelle.dz\\\/wp-content\\\/uploads\\\/2021\\\/09\\\/logo-sentinelleSLOGAN-1.png\",\"width\":615,\"height\":142,\"caption\":\"Quotidien La Sentinelle\"},\"image\":{\"@id\":\"https:\\\/\\\/lasentinelle.dz\\\/#\\\/schema\\\/logo\\\/image\\\/\"},\"sameAs\":[\"https:\\\/\\\/www.facebook.com\\\/La-Sentinelle-104059864394773\"]},{\"@type\":\"Person\",\"@id\":\"https:\\\/\\\/lasentinelle.dz\\\/#\\\/schema\\\/person\\\/d865044e22e70a75174ce8bcad3acfb3\",\"name\":\"La Sentinelle\",\"image\":{\"@type\":\"ImageObject\",\"inLanguage\":\"fr-FR\",\"@id\":\"https:\\\/\\\/secure.gravatar.com\\\/avatar\\\/57de8e5d4b15d43fb361a71fbb36338450fe67865b528a43dd10ef7c51a20392?s=96&d=mm&r=g\",\"url\":\"https:\\\/\\\/secure.gravatar.com\\\/avatar\\\/57de8e5d4b15d43fb361a71fbb36338450fe67865b528a43dd10ef7c51a20392?s=96&d=mm&r=g\",\"contentUrl\":\"https:\\\/\\\/secure.gravatar.com\\\/avatar\\\/57de8e5d4b15d43fb361a71fbb36338450fe67865b528a43dd10ef7c51a20392?s=96&d=mm&r=g\",\"caption\":\"La Sentinelle\"},\"sameAs\":[\"http:\\\/\\\/www.lasentinelle.dz\"],\"url\":\"https:\\\/\\\/lasentinelle.dz\\\/author\\\/redaction\\\/\"}]}<\/script>\n<!-- \/ Yoast SEO plugin. -->","yoast_head_json":{"title":"Mohamed VI dans l&rsquo;oeil du cyclone - La Sentinelle","robots":{"index":"index","follow":"follow","max-snippet":"max-snippet:-1","max-image-preview":"max-image-preview:large","max-video-preview":"max-video-preview:-1"},"canonical":"https:\/\/lasentinelle.dz\/index.php\/2024\/06\/24\/mohamed-vi-dans-loeil-du-cyclone\/","og_locale":"fr_FR","og_type":"article","og_title":"Mohamed VI dans l&rsquo;oeil du cyclone - La Sentinelle","og_description":"La complicit\u00e9 du Makhzen avec l&rsquo;entit\u00e9 d&rsquo;occupation sioniste fait scandale et attise la col\u00e8re populaire au Maroc. Le r\u00e9gime marocain","og_url":"https:\/\/lasentinelle.dz\/index.php\/2024\/06\/24\/mohamed-vi-dans-loeil-du-cyclone\/","og_site_name":"La Sentinelle","article_publisher":"https:\/\/www.facebook.com\/La-Sentinelle-104059864394773","article_published_time":"2024-06-24T06:26:00+00:00","article_modified_time":"2024-06-24T15:28:37+00:00","og_image":[{"width":1200,"height":733,"url":"https:\/\/lasentinelle.dz\/wp-content\/uploads\/2024\/06\/Mohamed-VI.jpg","type":"image\/jpeg"}],"author":"La Sentinelle","twitter_card":"summary_large_image","twitter_misc":{"\u00c9crit par":"La Sentinelle","Dur\u00e9e de lecture estim\u00e9e":"4 minutes"},"schema":{"@context":"https:\/\/schema.org","@graph":[{"@type":"Article","@id":"https:\/\/lasentinelle.dz\/index.php\/2024\/06\/24\/mohamed-vi-dans-loeil-du-cyclone\/#article","isPartOf":{"@id":"https:\/\/lasentinelle.dz\/index.php\/2024\/06\/24\/mohamed-vi-dans-loeil-du-cyclone\/"},"author":{"name":"La Sentinelle","@id":"https:\/\/lasentinelle.dz\/#\/schema\/person\/d865044e22e70a75174ce8bcad3acfb3"},"headline":"Mohamed VI dans l&rsquo;oeil du cyclone","datePublished":"2024-06-24T06:26:00+00:00","dateModified":"2024-06-24T15:28:37+00:00","mainEntityOfPage":{"@id":"https:\/\/lasentinelle.dz\/index.php\/2024\/06\/24\/mohamed-vi-dans-loeil-du-cyclone\/"},"wordCount":842,"commentCount":0,"publisher":{"@id":"https:\/\/lasentinelle.dz\/#organization"},"image":{"@id":"https:\/\/lasentinelle.dz\/index.php\/2024\/06\/24\/mohamed-vi-dans-loeil-du-cyclone\/#primaryimage"},"thumbnailUrl":"https:\/\/lasentinelle.dz\/wp-content\/uploads\/2024\/06\/Mohamed-VI.jpg","articleSection":["\u00c0 la Une","Actualit\u00e9"],"inLanguage":"fr-FR","potentialAction":[{"@type":"CommentAction","name":"Comment","target":["https:\/\/lasentinelle.dz\/index.php\/2024\/06\/24\/mohamed-vi-dans-loeil-du-cyclone\/#respond"]}]},{"@type":"WebPage","@id":"https:\/\/lasentinelle.dz\/index.php\/2024\/06\/24\/mohamed-vi-dans-loeil-du-cyclone\/","url":"https:\/\/lasentinelle.dz\/index.php\/2024\/06\/24\/mohamed-vi-dans-loeil-du-cyclone\/","name":"Mohamed VI dans l&rsquo;oeil du cyclone - La Sentinelle","isPartOf":{"@id":"https:\/\/lasentinelle.dz\/#website"},"primaryImageOfPage":{"@id":"https:\/\/lasentinelle.dz\/index.php\/2024\/06\/24\/mohamed-vi-dans-loeil-du-cyclone\/#primaryimage"},"image":{"@id":"https:\/\/lasentinelle.dz\/index.php\/2024\/06\/24\/mohamed-vi-dans-loeil-du-cyclone\/#primaryimage"},"thumbnailUrl":"https:\/\/lasentinelle.dz\/wp-content\/uploads\/2024\/06\/Mohamed-VI.jpg","datePublished":"2024-06-24T06:26:00+00:00","dateModified":"2024-06-24T15:28:37+00:00","breadcrumb":{"@id":"https:\/\/lasentinelle.dz\/index.php\/2024\/06\/24\/mohamed-vi-dans-loeil-du-cyclone\/#breadcrumb"},"inLanguage":"fr-FR","potentialAction":[{"@type":"ReadAction","target":["https:\/\/lasentinelle.dz\/index.php\/2024\/06\/24\/mohamed-vi-dans-loeil-du-cyclone\/"]}]},{"@type":"ImageObject","inLanguage":"fr-FR","@id":"https:\/\/lasentinelle.dz\/index.php\/2024\/06\/24\/mohamed-vi-dans-loeil-du-cyclone\/#primaryimage","url":"https:\/\/lasentinelle.dz\/wp-content\/uploads\/2024\/06\/Mohamed-VI.jpg","contentUrl":"https:\/\/lasentinelle.dz\/wp-content\/uploads\/2024\/06\/Mohamed-VI.jpg","width":1200,"height":733,"caption":"Screenshot"},{"@type":"BreadcrumbList","@id":"https:\/\/lasentinelle.dz\/index.php\/2024\/06\/24\/mohamed-vi-dans-loeil-du-cyclone\/#breadcrumb","itemListElement":[{"@type":"ListItem","position":1,"name":"Accueil","item":"https:\/\/lasentinelle.dz\/"},{"@type":"ListItem","position":2,"name":"Mohamed VI dans l&rsquo;oeil du cyclone"}]},{"@type":"WebSite","@id":"https:\/\/lasentinelle.dz\/#website","url":"https:\/\/lasentinelle.dz\/","name":"La Sentinelle","description":"Quotidien national d&#039;information","publisher":{"@id":"https:\/\/lasentinelle.dz\/#organization"},"potentialAction":[{"@type":"SearchAction","target":{"@type":"EntryPoint","urlTemplate":"https:\/\/lasentinelle.dz\/?s={search_term_string}"},"query-input":{"@type":"PropertyValueSpecification","valueRequired":true,"valueName":"search_term_string"}}],"inLanguage":"fr-FR"},{"@type":"Organization","@id":"https:\/\/lasentinelle.dz\/#organization","name":"Quotidien La Sentinelle","url":"https:\/\/lasentinelle.dz\/","logo":{"@type":"ImageObject","inLanguage":"fr-FR","@id":"https:\/\/lasentinelle.dz\/#\/schema\/logo\/image\/","url":"https:\/\/lasentinelle.dz\/wp-content\/uploads\/2021\/09\/logo-sentinelleSLOGAN-1.png","contentUrl":"https:\/\/lasentinelle.dz\/wp-content\/uploads\/2021\/09\/logo-sentinelleSLOGAN-1.png","width":615,"height":142,"caption":"Quotidien La Sentinelle"},"image":{"@id":"https:\/\/lasentinelle.dz\/#\/schema\/logo\/image\/"},"sameAs":["https:\/\/www.facebook.com\/La-Sentinelle-104059864394773"]},{"@type":"Person","@id":"https:\/\/lasentinelle.dz\/#\/schema\/person\/d865044e22e70a75174ce8bcad3acfb3","name":"La Sentinelle","image":{"@type":"ImageObject","inLanguage":"fr-FR","@id":"https:\/\/secure.gravatar.com\/avatar\/57de8e5d4b15d43fb361a71fbb36338450fe67865b528a43dd10ef7c51a20392?s=96&d=mm&r=g","url":"https:\/\/secure.gravatar.com\/avatar\/57de8e5d4b15d43fb361a71fbb36338450fe67865b528a43dd10ef7c51a20392?s=96&d=mm&r=g","contentUrl":"https:\/\/secure.gravatar.com\/avatar\/57de8e5d4b15d43fb361a71fbb36338450fe67865b528a43dd10ef7c51a20392?s=96&d=mm&r=g","caption":"La Sentinelle"},"sameAs":["http:\/\/www.lasentinelle.dz"],"url":"https:\/\/lasentinelle.dz\/author\/redaction\/"}]}},"_links":{"self":[{"href":"https:\/\/lasentinelle.dz\/index.php\/wp-json\/wp\/v2\/posts\/53638","targetHints":{"allow":["GET"]}}],"collection":[{"href":"https:\/\/lasentinelle.dz\/index.php\/wp-json\/wp\/v2\/posts"}],"about":[{"href":"https:\/\/lasentinelle.dz\/index.php\/wp-json\/wp\/v2\/types\/post"}],"author":[{"embeddable":true,"href":"https:\/\/lasentinelle.dz\/index.php\/wp-json\/wp\/v2\/users\/3"}],"replies":[{"embeddable":true,"href":"https:\/\/lasentinelle.dz\/index.php\/wp-json\/wp\/v2\/comments?post=53638"}],"version-history":[{"count":2,"href":"https:\/\/lasentinelle.dz\/index.php\/wp-json\/wp\/v2\/posts\/53638\/revisions"}],"predecessor-version":[{"id":53641,"href":"https:\/\/lasentinelle.dz\/index.php\/wp-json\/wp\/v2\/posts\/53638\/revisions\/53641"}],"wp:featuredmedia":[{"embeddable":true,"href":"https:\/\/lasentinelle.dz\/index.php\/wp-json\/wp\/v2\/media\/53639"}],"wp:attachment":[{"href":"https:\/\/lasentinelle.dz\/index.php\/wp-json\/wp\/v2\/media?parent=53638"}],"wp:term":[{"taxonomy":"category","embeddable":true,"href":"https:\/\/lasentinelle.dz\/index.php\/wp-json\/wp\/v2\/categories?post=53638"},{"taxonomy":"post_tag","embeddable":true,"href":"https:\/\/lasentinelle.dz\/index.php\/wp-json\/wp\/v2\/tags?post=53638"}],"curies":[{"name":"wp","href":"https:\/\/api.w.org\/{rel}","templated":true}]}}