{"id":53680,"date":"2024-06-25T15:29:18","date_gmt":"2024-06-25T14:29:18","guid":{"rendered":"https:\/\/lasentinelle.dz\/?p=53680"},"modified":"2024-06-25T15:29:30","modified_gmt":"2024-06-25T14:29:30","slug":"cooperation-algero-coreenne-le-cerefe-signe-un-memorandum-dentente-avec-la-kea","status":"publish","type":"post","link":"https:\/\/lasentinelle.dz\/index.php\/2024\/06\/25\/cooperation-algero-coreenne-le-cerefe-signe-un-memorandum-dentente-avec-la-kea\/","title":{"rendered":"Coop\u00e9ration alg\u00e9ro-cor\u00e9enne : Le CEREFE signe un m\u00e9morandum d&rsquo;entente avec la KEA"},"content":{"rendered":"\n<p>Le Commissariat aux \u00e9nergies renouvelables et \u00e0 l&rsquo;efficacit\u00e9 \u00e9nerg\u00e9tique (CEREFE), a sign\u00e9 hier en marge du 1er Forum alg\u00e9ro-cor\u00e9en sur l&rsquo;efficacit\u00e9 \u00e9nerg\u00e9tique tenu \u00e0 Alger, un m\u00e9morandum d&rsquo;entente avec l&rsquo;Agence cor\u00e9enne de l&rsquo;\u00e9nergie (KEA), dans le but de renforcer la coop\u00e9ration technique dans les domaines de l&rsquo;efficacit\u00e9 \u00e9nerg\u00e9tique, des \u00e9nergies renouvelables et de l&rsquo;hydrog\u00e8ne vert. Le Commissaire aux \u00e9nergies renouvelables et \u00e0 l&rsquo;efficacit\u00e9 \u00e9nerg\u00e9tique, Noureddine Yassaa, a soulign\u00e9 \u00e0 l&rsquo;occasion que la signature de ce m\u00e9morandum constitue \u00ab\u00a0un outil important de rapprochement institutionnel visant \u00e0 asseoir un partenariat durable et b\u00e9n\u00e9fique pour les deux parties\u00a0\u00bb. Et d&rsquo;ajouter que ce document contribuera au renforcement de la coop\u00e9ration technique entre le CEREFE et la KEA, en plus de favoriser l&rsquo;\u00e9change d&rsquo;expertises et de connaissances en mati\u00e8re d&rsquo;efficacit\u00e9 \u00e9nerg\u00e9tique et dans les domaines des \u00e9nergies renouvelables, de l&rsquo;hydrog\u00e8ne vert et de la mobilit\u00e9 propre. Il a ajout\u00e9 que la coop\u00e9ration avec la KEA sera particuli\u00e8rement focalis\u00e9e sur l&rsquo;\u00e9change d&rsquo;informations concernant les politiques et r\u00e9solutions de l&rsquo;efficacit\u00e9 \u00e9nerg\u00e9tique, l&rsquo;infrastructure de la qualit\u00e9 pour le contr\u00f4le des appareils \u00e9lectrom\u00e9nagers, la contribution des nouvelles technologies et des solutions innovantes de l&rsquo;efficacit\u00e9 \u00e9nerg\u00e9tique et l&rsquo;\u00e9laboration d&rsquo;\u00e9tudes conjointes dans les domaines y aff\u00e9rents. De son c\u00f4t\u00e9, le vice-pr\u00e9sident de l&rsquo;Agence cor\u00e9enne de l&rsquo;\u00e9nergie a soulign\u00e9 que ce m\u00e9morandum permettra de partager les diff\u00e9rentes expertises li\u00e9es \u00e0 l&rsquo;efficacit\u00e9 \u00e9nerg\u00e9tique acquises par l&rsquo;Agence cor\u00e9enne dans ce domaine. L&rsquo;ambassadeur de la Cor\u00e9e du Sud en Alg\u00e9rie, You Ki-Jun, a affirm\u00e9 pour sa part que le m\u00e9morandum d&rsquo;entente ouvrait la voie \u00e0 un large \u00e9ventail d&rsquo;activit\u00e9s de coop\u00e9ration, notamment l&rsquo;\u00e9change d&rsquo;experts, les visites de d\u00e9l\u00e9gations, les s\u00e9minaires, les r\u00e9unions, et les ateliers, outre la promotion de diff\u00e9rentes formes de coop\u00e9ration entre les organisations, les entreprises priv\u00e9es et les soci\u00e9t\u00e9s. L&rsquo;ambassadeur cor\u00e9en a soulign\u00e9, dans ce sens, que le partenariat entre les deux pays b\u00e9n\u00e9ficie d&rsquo;un \u00e9norme potentiel et offre de nombreuses opportunit\u00e9s \u00e0 explorer en int\u00e9grant l&rsquo;expertise technique et les approches novatrices de l&rsquo;Agence cor\u00e9enne de l&rsquo;\u00e9nergie avec les connaissances locales et les initiatives strat\u00e9giques propos\u00e9es par le Commissariat aux \u00e9nergies renouvelables et \u00e0 l&rsquo;efficacit\u00e9 \u00e9nerg\u00e9tique (CEREFE). Le m\u00eame intervenant a \u00e9galement soulign\u00e9 que \u00ab\u00a0les efforts de coop\u00e9ration conjoints permettront non seulement de r\u00e9duire la consommation d&rsquo;\u00e9nergie et les \u00e9missions de gaz \u00e0 effet de serre, mais contribueront \u00e9galement de mani\u00e8re significative \u00e0 promouvoir le d\u00e9veloppement durable et la croissance \u00e9conomique dans les deux pays\u00a0\u00bb.<\/p>\n\n\n\n<p>R.E.<\/p>\n","protected":false},"excerpt":{"rendered":"<p>Le Commissariat aux \u00e9nergies renouvelables et \u00e0 l&rsquo;efficacit\u00e9 \u00e9nerg\u00e9tique (CEREFE), a sign\u00e9 hier en marge du 1er Forum alg\u00e9ro-cor\u00e9en sur<\/p>\n","protected":false},"author":3,"featured_media":53681,"comment_status":"open","ping_status":"closed","sticky":false,"template":"","format":"standard","meta":{"colormag_page_container_layout":"default_layout","colormag_page_sidebar_layout":"default_layout","om_disable_all_campaigns":false,"_monsterinsights_skip_tracking":false,"_monsterinsights_sitenote_active":false,"_monsterinsights_sitenote_note":"","_monsterinsights_sitenote_category":0,"footnotes":"","_wpscppro_dont_share_socialmedia":false,"_wpscppro_custom_social_share_image":0,"_facebook_share_type":"default","_twitter_share_type":"default","_linkedin_share_type":"default","_pinterest_share_type":"default","_linkedin_share_type_page":"","_instagram_share_type":"default","_medium_share_type":"","_threads_share_type":"","_google_business_share_type":"","_selected_social_profile":[],"_wpsp_enable_custom_social_template":false,"_wpsp_social_scheduling":{"enabled":false,"datetime":null,"platforms":[],"status":"template_only","dateOption":"today","timeOption":"now","customDays":"","customHours":"","customDate":"","customTime":"","schedulingType":"absolute"},"_wpsp_active_default_template":true},"categories":[29],"tags":[],"class_list":["post-53680","post","type-post","status-publish","format-standard","has-post-thumbnail","hentry","category-economie"],"aioseo_notices":[],"yoast_head":"<!-- This site is optimized with the Yoast SEO plugin v27.5 - https:\/\/yoast.com\/product\/yoast-seo-wordpress\/ -->\n<title>Coop\u00e9ration alg\u00e9ro-cor\u00e9enne : Le CEREFE signe un m\u00e9morandum d&rsquo;entente avec la KEA - La Sentinelle<\/title>\n<meta name=\"robots\" content=\"index, follow, max-snippet:-1, max-image-preview:large, max-video-preview:-1\" \/>\n<link rel=\"canonical\" href=\"https:\/\/lasentinelle.dz\/index.php\/2024\/06\/25\/cooperation-algero-coreenne-le-cerefe-signe-un-memorandum-dentente-avec-la-kea\/\" \/>\n<meta property=\"og:locale\" content=\"fr_FR\" \/>\n<meta property=\"og:type\" content=\"article\" \/>\n<meta property=\"og:title\" content=\"Coop\u00e9ration alg\u00e9ro-cor\u00e9enne : Le CEREFE signe un m\u00e9morandum d&rsquo;entente avec la KEA - La Sentinelle\" \/>\n<meta property=\"og:description\" content=\"Le Commissariat aux \u00e9nergies renouvelables et \u00e0 l&rsquo;efficacit\u00e9 \u00e9nerg\u00e9tique (CEREFE), a sign\u00e9 hier en marge du 1er Forum alg\u00e9ro-cor\u00e9en sur\" \/>\n<meta property=\"og:url\" content=\"https:\/\/lasentinelle.dz\/index.php\/2024\/06\/25\/cooperation-algero-coreenne-le-cerefe-signe-un-memorandum-dentente-avec-la-kea\/\" \/>\n<meta property=\"og:site_name\" content=\"La Sentinelle\" \/>\n<meta property=\"article:publisher\" content=\"https:\/\/www.facebook.com\/La-Sentinelle-104059864394773\" \/>\n<meta property=\"article:published_time\" content=\"2024-06-25T14:29:18+00:00\" \/>\n<meta property=\"article:modified_time\" content=\"2024-06-25T14:29:30+00:00\" \/>\n<meta property=\"og:image\" content=\"https:\/\/lasentinelle.dz\/wp-content\/uploads\/2024\/06\/CEREF.jpeg\" \/>\n\t<meta property=\"og:image:width\" content=\"2048\" \/>\n\t<meta property=\"og:image:height\" content=\"1542\" \/>\n\t<meta property=\"og:image:type\" content=\"image\/jpeg\" \/>\n<meta name=\"author\" content=\"La Sentinelle\" \/>\n<meta name=\"twitter:card\" content=\"summary_large_image\" \/>\n<meta name=\"twitter:label1\" content=\"\u00c9crit par\" \/>\n\t<meta name=\"twitter:data1\" content=\"La Sentinelle\" \/>\n\t<meta name=\"twitter:label2\" content=\"Dur\u00e9e de lecture estim\u00e9e\" \/>\n\t<meta name=\"twitter:data2\" content=\"3 minutes\" \/>\n<script type=\"application\/ld+json\" class=\"yoast-schema-graph\">{\"@context\":\"https:\\\/\\\/schema.org\",\"@graph\":[{\"@type\":\"Article\",\"@id\":\"https:\\\/\\\/lasentinelle.dz\\\/index.php\\\/2024\\\/06\\\/25\\\/cooperation-algero-coreenne-le-cerefe-signe-un-memorandum-dentente-avec-la-kea\\\/#article\",\"isPartOf\":{\"@id\":\"https:\\\/\\\/lasentinelle.dz\\\/index.php\\\/2024\\\/06\\\/25\\\/cooperation-algero-coreenne-le-cerefe-signe-un-memorandum-dentente-avec-la-kea\\\/\"},\"author\":{\"name\":\"La Sentinelle\",\"@id\":\"https:\\\/\\\/lasentinelle.dz\\\/#\\\/schema\\\/person\\\/d865044e22e70a75174ce8bcad3acfb3\"},\"headline\":\"Coop\u00e9ration alg\u00e9ro-cor\u00e9enne : Le CEREFE signe un m\u00e9morandum d&rsquo;entente avec la KEA\",\"datePublished\":\"2024-06-25T14:29:18+00:00\",\"dateModified\":\"2024-06-25T14:29:30+00:00\",\"mainEntityOfPage\":{\"@id\":\"https:\\\/\\\/lasentinelle.dz\\\/index.php\\\/2024\\\/06\\\/25\\\/cooperation-algero-coreenne-le-cerefe-signe-un-memorandum-dentente-avec-la-kea\\\/\"},\"wordCount\":500,\"commentCount\":0,\"publisher\":{\"@id\":\"https:\\\/\\\/lasentinelle.dz\\\/#organization\"},\"image\":{\"@id\":\"https:\\\/\\\/lasentinelle.dz\\\/index.php\\\/2024\\\/06\\\/25\\\/cooperation-algero-coreenne-le-cerefe-signe-un-memorandum-dentente-avec-la-kea\\\/#primaryimage\"},\"thumbnailUrl\":\"https:\\\/\\\/lasentinelle.dz\\\/wp-content\\\/uploads\\\/2024\\\/06\\\/CEREF.jpeg\",\"articleSection\":[\"\u00c9conomie\"],\"inLanguage\":\"fr-FR\",\"potentialAction\":[{\"@type\":\"CommentAction\",\"name\":\"Comment\",\"target\":[\"https:\\\/\\\/lasentinelle.dz\\\/index.php\\\/2024\\\/06\\\/25\\\/cooperation-algero-coreenne-le-cerefe-signe-un-memorandum-dentente-avec-la-kea\\\/#respond\"]}]},{\"@type\":\"WebPage\",\"@id\":\"https:\\\/\\\/lasentinelle.dz\\\/index.php\\\/2024\\\/06\\\/25\\\/cooperation-algero-coreenne-le-cerefe-signe-un-memorandum-dentente-avec-la-kea\\\/\",\"url\":\"https:\\\/\\\/lasentinelle.dz\\\/index.php\\\/2024\\\/06\\\/25\\\/cooperation-algero-coreenne-le-cerefe-signe-un-memorandum-dentente-avec-la-kea\\\/\",\"name\":\"Coop\u00e9ration alg\u00e9ro-cor\u00e9enne : Le CEREFE signe un m\u00e9morandum d&rsquo;entente avec la KEA - La Sentinelle\",\"isPartOf\":{\"@id\":\"https:\\\/\\\/lasentinelle.dz\\\/#website\"},\"primaryImageOfPage\":{\"@id\":\"https:\\\/\\\/lasentinelle.dz\\\/index.php\\\/2024\\\/06\\\/25\\\/cooperation-algero-coreenne-le-cerefe-signe-un-memorandum-dentente-avec-la-kea\\\/#primaryimage\"},\"image\":{\"@id\":\"https:\\\/\\\/lasentinelle.dz\\\/index.php\\\/2024\\\/06\\\/25\\\/cooperation-algero-coreenne-le-cerefe-signe-un-memorandum-dentente-avec-la-kea\\\/#primaryimage\"},\"thumbnailUrl\":\"https:\\\/\\\/lasentinelle.dz\\\/wp-content\\\/uploads\\\/2024\\\/06\\\/CEREF.jpeg\",\"datePublished\":\"2024-06-25T14:29:18+00:00\",\"dateModified\":\"2024-06-25T14:29:30+00:00\",\"breadcrumb\":{\"@id\":\"https:\\\/\\\/lasentinelle.dz\\\/index.php\\\/2024\\\/06\\\/25\\\/cooperation-algero-coreenne-le-cerefe-signe-un-memorandum-dentente-avec-la-kea\\\/#breadcrumb\"},\"inLanguage\":\"fr-FR\",\"potentialAction\":[{\"@type\":\"ReadAction\",\"target\":[\"https:\\\/\\\/lasentinelle.dz\\\/index.php\\\/2024\\\/06\\\/25\\\/cooperation-algero-coreenne-le-cerefe-signe-un-memorandum-dentente-avec-la-kea\\\/\"]}]},{\"@type\":\"ImageObject\",\"inLanguage\":\"fr-FR\",\"@id\":\"https:\\\/\\\/lasentinelle.dz\\\/index.php\\\/2024\\\/06\\\/25\\\/cooperation-algero-coreenne-le-cerefe-signe-un-memorandum-dentente-avec-la-kea\\\/#primaryimage\",\"url\":\"https:\\\/\\\/lasentinelle.dz\\\/wp-content\\\/uploads\\\/2024\\\/06\\\/CEREF.jpeg\",\"contentUrl\":\"https:\\\/\\\/lasentinelle.dz\\\/wp-content\\\/uploads\\\/2024\\\/06\\\/CEREF.jpeg\",\"width\":2048,\"height\":1542},{\"@type\":\"BreadcrumbList\",\"@id\":\"https:\\\/\\\/lasentinelle.dz\\\/index.php\\\/2024\\\/06\\\/25\\\/cooperation-algero-coreenne-le-cerefe-signe-un-memorandum-dentente-avec-la-kea\\\/#breadcrumb\",\"itemListElement\":[{\"@type\":\"ListItem\",\"position\":1,\"name\":\"Accueil\",\"item\":\"https:\\\/\\\/lasentinelle.dz\\\/\"},{\"@type\":\"ListItem\",\"position\":2,\"name\":\"Coop\u00e9ration alg\u00e9ro-cor\u00e9enne : Le CEREFE signe un m\u00e9morandum d&rsquo;entente avec la KEA\"}]},{\"@type\":\"WebSite\",\"@id\":\"https:\\\/\\\/lasentinelle.dz\\\/#website\",\"url\":\"https:\\\/\\\/lasentinelle.dz\\\/\",\"name\":\"La Sentinelle\",\"description\":\"Quotidien national d&#039;information\",\"publisher\":{\"@id\":\"https:\\\/\\\/lasentinelle.dz\\\/#organization\"},\"potentialAction\":[{\"@type\":\"SearchAction\",\"target\":{\"@type\":\"EntryPoint\",\"urlTemplate\":\"https:\\\/\\\/lasentinelle.dz\\\/?s={search_term_string}\"},\"query-input\":{\"@type\":\"PropertyValueSpecification\",\"valueRequired\":true,\"valueName\":\"search_term_string\"}}],\"inLanguage\":\"fr-FR\"},{\"@type\":\"Organization\",\"@id\":\"https:\\\/\\\/lasentinelle.dz\\\/#organization\",\"name\":\"Quotidien La Sentinelle\",\"url\":\"https:\\\/\\\/lasentinelle.dz\\\/\",\"logo\":{\"@type\":\"ImageObject\",\"inLanguage\":\"fr-FR\",\"@id\":\"https:\\\/\\\/lasentinelle.dz\\\/#\\\/schema\\\/logo\\\/image\\\/\",\"url\":\"https:\\\/\\\/lasentinelle.dz\\\/wp-content\\\/uploads\\\/2021\\\/09\\\/logo-sentinelleSLOGAN-1.png\",\"contentUrl\":\"https:\\\/\\\/lasentinelle.dz\\\/wp-content\\\/uploads\\\/2021\\\/09\\\/logo-sentinelleSLOGAN-1.png\",\"width\":615,\"height\":142,\"caption\":\"Quotidien La Sentinelle\"},\"image\":{\"@id\":\"https:\\\/\\\/lasentinelle.dz\\\/#\\\/schema\\\/logo\\\/image\\\/\"},\"sameAs\":[\"https:\\\/\\\/www.facebook.com\\\/La-Sentinelle-104059864394773\"]},{\"@type\":\"Person\",\"@id\":\"https:\\\/\\\/lasentinelle.dz\\\/#\\\/schema\\\/person\\\/d865044e22e70a75174ce8bcad3acfb3\",\"name\":\"La Sentinelle\",\"image\":{\"@type\":\"ImageObject\",\"inLanguage\":\"fr-FR\",\"@id\":\"https:\\\/\\\/secure.gravatar.com\\\/avatar\\\/57de8e5d4b15d43fb361a71fbb36338450fe67865b528a43dd10ef7c51a20392?s=96&d=mm&r=g\",\"url\":\"https:\\\/\\\/secure.gravatar.com\\\/avatar\\\/57de8e5d4b15d43fb361a71fbb36338450fe67865b528a43dd10ef7c51a20392?s=96&d=mm&r=g\",\"contentUrl\":\"https:\\\/\\\/secure.gravatar.com\\\/avatar\\\/57de8e5d4b15d43fb361a71fbb36338450fe67865b528a43dd10ef7c51a20392?s=96&d=mm&r=g\",\"caption\":\"La Sentinelle\"},\"sameAs\":[\"http:\\\/\\\/www.lasentinelle.dz\"],\"url\":\"https:\\\/\\\/lasentinelle.dz\\\/author\\\/redaction\\\/\"}]}<\/script>\n<!-- \/ Yoast SEO plugin. -->","yoast_head_json":{"title":"Coop\u00e9ration alg\u00e9ro-cor\u00e9enne : Le CEREFE signe un m\u00e9morandum d&rsquo;entente avec la KEA - La Sentinelle","robots":{"index":"index","follow":"follow","max-snippet":"max-snippet:-1","max-image-preview":"max-image-preview:large","max-video-preview":"max-video-preview:-1"},"canonical":"https:\/\/lasentinelle.dz\/index.php\/2024\/06\/25\/cooperation-algero-coreenne-le-cerefe-signe-un-memorandum-dentente-avec-la-kea\/","og_locale":"fr_FR","og_type":"article","og_title":"Coop\u00e9ration alg\u00e9ro-cor\u00e9enne : Le CEREFE signe un m\u00e9morandum d&rsquo;entente avec la KEA - La Sentinelle","og_description":"Le Commissariat aux \u00e9nergies renouvelables et \u00e0 l&rsquo;efficacit\u00e9 \u00e9nerg\u00e9tique (CEREFE), a sign\u00e9 hier en marge du 1er Forum alg\u00e9ro-cor\u00e9en sur","og_url":"https:\/\/lasentinelle.dz\/index.php\/2024\/06\/25\/cooperation-algero-coreenne-le-cerefe-signe-un-memorandum-dentente-avec-la-kea\/","og_site_name":"La Sentinelle","article_publisher":"https:\/\/www.facebook.com\/La-Sentinelle-104059864394773","article_published_time":"2024-06-25T14:29:18+00:00","article_modified_time":"2024-06-25T14:29:30+00:00","og_image":[{"width":2048,"height":1542,"url":"https:\/\/lasentinelle.dz\/wp-content\/uploads\/2024\/06\/CEREF.jpeg","type":"image\/jpeg"}],"author":"La Sentinelle","twitter_card":"summary_large_image","twitter_misc":{"\u00c9crit par":"La Sentinelle","Dur\u00e9e de lecture estim\u00e9e":"3 minutes"},"schema":{"@context":"https:\/\/schema.org","@graph":[{"@type":"Article","@id":"https:\/\/lasentinelle.dz\/index.php\/2024\/06\/25\/cooperation-algero-coreenne-le-cerefe-signe-un-memorandum-dentente-avec-la-kea\/#article","isPartOf":{"@id":"https:\/\/lasentinelle.dz\/index.php\/2024\/06\/25\/cooperation-algero-coreenne-le-cerefe-signe-un-memorandum-dentente-avec-la-kea\/"},"author":{"name":"La Sentinelle","@id":"https:\/\/lasentinelle.dz\/#\/schema\/person\/d865044e22e70a75174ce8bcad3acfb3"},"headline":"Coop\u00e9ration alg\u00e9ro-cor\u00e9enne : Le CEREFE signe un m\u00e9morandum d&rsquo;entente avec la KEA","datePublished":"2024-06-25T14:29:18+00:00","dateModified":"2024-06-25T14:29:30+00:00","mainEntityOfPage":{"@id":"https:\/\/lasentinelle.dz\/index.php\/2024\/06\/25\/cooperation-algero-coreenne-le-cerefe-signe-un-memorandum-dentente-avec-la-kea\/"},"wordCount":500,"commentCount":0,"publisher":{"@id":"https:\/\/lasentinelle.dz\/#organization"},"image":{"@id":"https:\/\/lasentinelle.dz\/index.php\/2024\/06\/25\/cooperation-algero-coreenne-le-cerefe-signe-un-memorandum-dentente-avec-la-kea\/#primaryimage"},"thumbnailUrl":"https:\/\/lasentinelle.dz\/wp-content\/uploads\/2024\/06\/CEREF.jpeg","articleSection":["\u00c9conomie"],"inLanguage":"fr-FR","potentialAction":[{"@type":"CommentAction","name":"Comment","target":["https:\/\/lasentinelle.dz\/index.php\/2024\/06\/25\/cooperation-algero-coreenne-le-cerefe-signe-un-memorandum-dentente-avec-la-kea\/#respond"]}]},{"@type":"WebPage","@id":"https:\/\/lasentinelle.dz\/index.php\/2024\/06\/25\/cooperation-algero-coreenne-le-cerefe-signe-un-memorandum-dentente-avec-la-kea\/","url":"https:\/\/lasentinelle.dz\/index.php\/2024\/06\/25\/cooperation-algero-coreenne-le-cerefe-signe-un-memorandum-dentente-avec-la-kea\/","name":"Coop\u00e9ration alg\u00e9ro-cor\u00e9enne : Le CEREFE signe un m\u00e9morandum d&rsquo;entente avec la KEA - La Sentinelle","isPartOf":{"@id":"https:\/\/lasentinelle.dz\/#website"},"primaryImageOfPage":{"@id":"https:\/\/lasentinelle.dz\/index.php\/2024\/06\/25\/cooperation-algero-coreenne-le-cerefe-signe-un-memorandum-dentente-avec-la-kea\/#primaryimage"},"image":{"@id":"https:\/\/lasentinelle.dz\/index.php\/2024\/06\/25\/cooperation-algero-coreenne-le-cerefe-signe-un-memorandum-dentente-avec-la-kea\/#primaryimage"},"thumbnailUrl":"https:\/\/lasentinelle.dz\/wp-content\/uploads\/2024\/06\/CEREF.jpeg","datePublished":"2024-06-25T14:29:18+00:00","dateModified":"2024-06-25T14:29:30+00:00","breadcrumb":{"@id":"https:\/\/lasentinelle.dz\/index.php\/2024\/06\/25\/cooperation-algero-coreenne-le-cerefe-signe-un-memorandum-dentente-avec-la-kea\/#breadcrumb"},"inLanguage":"fr-FR","potentialAction":[{"@type":"ReadAction","target":["https:\/\/lasentinelle.dz\/index.php\/2024\/06\/25\/cooperation-algero-coreenne-le-cerefe-signe-un-memorandum-dentente-avec-la-kea\/"]}]},{"@type":"ImageObject","inLanguage":"fr-FR","@id":"https:\/\/lasentinelle.dz\/index.php\/2024\/06\/25\/cooperation-algero-coreenne-le-cerefe-signe-un-memorandum-dentente-avec-la-kea\/#primaryimage","url":"https:\/\/lasentinelle.dz\/wp-content\/uploads\/2024\/06\/CEREF.jpeg","contentUrl":"https:\/\/lasentinelle.dz\/wp-content\/uploads\/2024\/06\/CEREF.jpeg","width":2048,"height":1542},{"@type":"BreadcrumbList","@id":"https:\/\/lasentinelle.dz\/index.php\/2024\/06\/25\/cooperation-algero-coreenne-le-cerefe-signe-un-memorandum-dentente-avec-la-kea\/#breadcrumb","itemListElement":[{"@type":"ListItem","position":1,"name":"Accueil","item":"https:\/\/lasentinelle.dz\/"},{"@type":"ListItem","position":2,"name":"Coop\u00e9ration alg\u00e9ro-cor\u00e9enne : Le CEREFE signe un m\u00e9morandum d&rsquo;entente avec la KEA"}]},{"@type":"WebSite","@id":"https:\/\/lasentinelle.dz\/#website","url":"https:\/\/lasentinelle.dz\/","name":"La Sentinelle","description":"Quotidien national d&#039;information","publisher":{"@id":"https:\/\/lasentinelle.dz\/#organization"},"potentialAction":[{"@type":"SearchAction","target":{"@type":"EntryPoint","urlTemplate":"https:\/\/lasentinelle.dz\/?s={search_term_string}"},"query-input":{"@type":"PropertyValueSpecification","valueRequired":true,"valueName":"search_term_string"}}],"inLanguage":"fr-FR"},{"@type":"Organization","@id":"https:\/\/lasentinelle.dz\/#organization","name":"Quotidien La Sentinelle","url":"https:\/\/lasentinelle.dz\/","logo":{"@type":"ImageObject","inLanguage":"fr-FR","@id":"https:\/\/lasentinelle.dz\/#\/schema\/logo\/image\/","url":"https:\/\/lasentinelle.dz\/wp-content\/uploads\/2021\/09\/logo-sentinelleSLOGAN-1.png","contentUrl":"https:\/\/lasentinelle.dz\/wp-content\/uploads\/2021\/09\/logo-sentinelleSLOGAN-1.png","width":615,"height":142,"caption":"Quotidien La Sentinelle"},"image":{"@id":"https:\/\/lasentinelle.dz\/#\/schema\/logo\/image\/"},"sameAs":["https:\/\/www.facebook.com\/La-Sentinelle-104059864394773"]},{"@type":"Person","@id":"https:\/\/lasentinelle.dz\/#\/schema\/person\/d865044e22e70a75174ce8bcad3acfb3","name":"La Sentinelle","image":{"@type":"ImageObject","inLanguage":"fr-FR","@id":"https:\/\/secure.gravatar.com\/avatar\/57de8e5d4b15d43fb361a71fbb36338450fe67865b528a43dd10ef7c51a20392?s=96&d=mm&r=g","url":"https:\/\/secure.gravatar.com\/avatar\/57de8e5d4b15d43fb361a71fbb36338450fe67865b528a43dd10ef7c51a20392?s=96&d=mm&r=g","contentUrl":"https:\/\/secure.gravatar.com\/avatar\/57de8e5d4b15d43fb361a71fbb36338450fe67865b528a43dd10ef7c51a20392?s=96&d=mm&r=g","caption":"La Sentinelle"},"sameAs":["http:\/\/www.lasentinelle.dz"],"url":"https:\/\/lasentinelle.dz\/author\/redaction\/"}]}},"_links":{"self":[{"href":"https:\/\/lasentinelle.dz\/index.php\/wp-json\/wp\/v2\/posts\/53680","targetHints":{"allow":["GET"]}}],"collection":[{"href":"https:\/\/lasentinelle.dz\/index.php\/wp-json\/wp\/v2\/posts"}],"about":[{"href":"https:\/\/lasentinelle.dz\/index.php\/wp-json\/wp\/v2\/types\/post"}],"author":[{"embeddable":true,"href":"https:\/\/lasentinelle.dz\/index.php\/wp-json\/wp\/v2\/users\/3"}],"replies":[{"embeddable":true,"href":"https:\/\/lasentinelle.dz\/index.php\/wp-json\/wp\/v2\/comments?post=53680"}],"version-history":[{"count":2,"href":"https:\/\/lasentinelle.dz\/index.php\/wp-json\/wp\/v2\/posts\/53680\/revisions"}],"predecessor-version":[{"id":53683,"href":"https:\/\/lasentinelle.dz\/index.php\/wp-json\/wp\/v2\/posts\/53680\/revisions\/53683"}],"wp:featuredmedia":[{"embeddable":true,"href":"https:\/\/lasentinelle.dz\/index.php\/wp-json\/wp\/v2\/media\/53681"}],"wp:attachment":[{"href":"https:\/\/lasentinelle.dz\/index.php\/wp-json\/wp\/v2\/media?parent=53680"}],"wp:term":[{"taxonomy":"category","embeddable":true,"href":"https:\/\/lasentinelle.dz\/index.php\/wp-json\/wp\/v2\/categories?post=53680"},{"taxonomy":"post_tag","embeddable":true,"href":"https:\/\/lasentinelle.dz\/index.php\/wp-json\/wp\/v2\/tags?post=53680"}],"curies":[{"name":"wp","href":"https:\/\/api.w.org\/{rel}","templated":true}]}}