{"id":53737,"date":"2024-06-25T20:11:29","date_gmt":"2024-06-25T19:11:29","guid":{"rendered":"https:\/\/lasentinelle.dz\/?p=53737"},"modified":"2024-06-25T20:11:31","modified_gmt":"2024-06-25T19:11:31","slug":"agriculture-une-contribution-de-35-milliards-de-dollars-au-pib","status":"publish","type":"post","link":"https:\/\/lasentinelle.dz\/index.php\/2024\/06\/25\/agriculture-une-contribution-de-35-milliards-de-dollars-au-pib\/","title":{"rendered":"Agriculture: Une contribution de 35 milliards de dollars au PIB"},"content":{"rendered":"\n<p>Le ministre de l&rsquo;Agriculture et du D\u00e9veloppement rural, Youcef Cherfa, a soulign\u00e9 hier lors d&rsquo;une visite \u00e0 Skikda, \u00e0 l&rsquo;occasion du lancement de la campagne moissons-battages dans cette wilaya, que le secteur de l&rsquo;agriculture est le second plus gros contributeur au Produit int\u00e9rieur brut apr\u00e8s celui des hydrocarbures. Lors d&rsquo;une rencontre avec les \u00e9lus locaux et les cadres du secteur au si\u00e8ge de la wilaya, le ministre a soulign\u00e9 que le secteur agricole contribue annuellement \u00e0 hauteur de 35 milliards de dollars au produit int\u00e9rieur brut, se pla\u00e7ant directement apr\u00e8s le secteur des hydrocarbures en termes de revenus. Le ministre a d&rsquo;ailleurs mis en avant l&rsquo;importance que rev\u00eat le plan national de d\u00e9veloppement des cultures strat\u00e9giques, notamment du d\u00e9veloppement de la c\u00e9r\u00e9aliculture. Il a dans ce sens rappel\u00e9 les orientations du Pr\u00e9sident de la R\u00e9publique, Abdelmadjid Tebboune lors du dernier Conseil des ministres et lequel a donn\u00e9 des instructions pour l&rsquo;\u00e9largissement des surfaces cultiv\u00e9es dans le Grand Sud au cours des trois prochaines ann\u00e9es, avec une extension de 500 000 hectares. Il s&rsquo;agit aussi de la hausse des rendements \u00e0 l&rsquo;hectare en mati\u00e8re de c\u00e9r\u00e9aliculture lesquels devront atteindre au moins 55 quintaux par hectare. Notons que lors du coup d&rsquo;envoi de la campagne moissons-battages, dans la commune d&rsquo;El-Harrouch, le ministre a appel\u00e9 les agriculteurs \u00e0 s&rsquo;impliquer dans le plan national pour les cultures strat\u00e9giques, soulignant que cela \u00ab\u00a0contribuera \u00e0 renforcer la production nationale strat\u00e9gique de c\u00e9r\u00e9ales et de l\u00e9gumineuses et \u00e0 atteindre l&rsquo;autosuffisance.\u00a0\u00bb<\/p>\n\n\n\n<p>Sur place, il a \u00e9galement soulign\u00e9 \u00ab\u00a0la n\u00e9cessit\u00e9 de r\u00e9ussir cette campagne au niveau national en raison de son importance cruciale de r\u00e9aliser l&rsquo;autosuffisance en c\u00e9r\u00e9ales\u00a0\u00bb, ajoutant que \u00ab\u00a0la quantit\u00e9 de c\u00e9r\u00e9ales pr\u00e9vue pour cette saison agricole est le fruit des d\u00e9cisions du Pr\u00e9sident de la R\u00e9publique, M. Abdelmadjid Tebboune, visant \u00e0 soutenir le secteur agricole et \u00e0 accompagner les agriculteurs en leur fournissant gratuitement des engrais et des semences.\u00a0\u00bb Rappelons dans ce contexte que le pr\u00e9sident de la R\u00e9publique a salu\u00e9 dimanche en Conseil des ministres, les r\u00e9sultats de la campagne actuelle en mati\u00e8re de c\u00e9r\u00e9aliculture soulignant que l&rsquo;autosuffisance est proche, dans la mesure o\u00f9 la production nationale de bl\u00e9 dur couvre d\u00e9j\u00e0 80% des besoins nationaux en la mati\u00e8re. Lors de ce Conseil le ministre de l&rsquo;Agriculture avait mis en avant dans un expos\u00e9 une hausse sensible de la production c\u00e9r\u00e9ali\u00e8re qui permettra une \u00e9conomie de 1,2 milliards de dollars sur la facture \u00e0 l&rsquo;import.<\/p>\n\n\n\n<p>Hier \u00e0 Skikda, Youcef Cherfa s&rsquo;est dit satisfait de la quantit\u00e9 de c\u00e9r\u00e9ales attendue dans la wilaya, estim\u00e9e \u00e0 900 000 quintaux sur une superficie cultiv\u00e9e de plus de 34 000 hectares, o\u00f9 le bl\u00e9 dur occupe la part du lion avec plus de 24 500 hectares. Il a pr\u00e9cis\u00e9 que cette wilaya est leader dans la multiplication des semences, se classant premi\u00e8re au niveau national.<\/p>\n\n\n\n<p>Le Ministre a \u00e9galement pos\u00e9 la premi\u00e8re pierre pour la r\u00e9alisation de deux centres de stockage de c\u00e9r\u00e9ales de proximit\u00e9, dans le cadre du programme national visant \u00e0 renforcer les capacit\u00e9s de stockage des c\u00e9r\u00e9ales \u00e0 travers 52 wilayas, incluant la construction de 350 centres de proximit\u00e9 et 30 silos strat\u00e9giques, avec un budget total de 2 milliards de dollars.<\/p>\n\n\n\n<p>Sabrina Aziouez<\/p>\n","protected":false},"excerpt":{"rendered":"<p>Le ministre de l&rsquo;Agriculture et du D\u00e9veloppement rural, Youcef Cherfa, a soulign\u00e9 hier lors d&rsquo;une visite \u00e0 Skikda, \u00e0 l&rsquo;occasion<\/p>\n","protected":false},"author":3,"featured_media":47704,"comment_status":"open","ping_status":"closed","sticky":false,"template":"","format":"standard","meta":{"colormag_page_container_layout":"default_layout","colormag_page_sidebar_layout":"default_layout","om_disable_all_campaigns":false,"_monsterinsights_skip_tracking":false,"_monsterinsights_sitenote_active":false,"_monsterinsights_sitenote_note":"","_monsterinsights_sitenote_category":0,"footnotes":"","_wpscppro_dont_share_socialmedia":false,"_wpscppro_custom_social_share_image":0,"_facebook_share_type":"default","_twitter_share_type":"default","_linkedin_share_type":"default","_pinterest_share_type":"default","_linkedin_share_type_page":"","_instagram_share_type":"default","_medium_share_type":"","_threads_share_type":"","_google_business_share_type":"","_selected_social_profile":[],"_wpsp_enable_custom_social_template":false,"_wpsp_social_scheduling":{"enabled":false,"datetime":null,"platforms":[],"status":"template_only","dateOption":"today","timeOption":"now","customDays":"","customHours":"","customDate":"","customTime":"","schedulingType":"absolute"},"_wpsp_active_default_template":true},"categories":[29],"tags":[],"class_list":["post-53737","post","type-post","status-publish","format-standard","has-post-thumbnail","hentry","category-economie"],"aioseo_notices":[],"yoast_head":"<!-- This site is optimized with the Yoast SEO plugin v27.5 - https:\/\/yoast.com\/product\/yoast-seo-wordpress\/ -->\n<title>Agriculture: Une contribution de 35 milliards de dollars au PIB - La Sentinelle<\/title>\n<meta name=\"robots\" content=\"index, follow, max-snippet:-1, max-image-preview:large, max-video-preview:-1\" \/>\n<link rel=\"canonical\" href=\"https:\/\/lasentinelle.dz\/index.php\/2024\/06\/25\/agriculture-une-contribution-de-35-milliards-de-dollars-au-pib\/\" \/>\n<meta property=\"og:locale\" content=\"fr_FR\" \/>\n<meta property=\"og:type\" content=\"article\" \/>\n<meta property=\"og:title\" content=\"Agriculture: Une contribution de 35 milliards de dollars au PIB - La Sentinelle\" \/>\n<meta property=\"og:description\" content=\"Le ministre de l&rsquo;Agriculture et du D\u00e9veloppement rural, Youcef Cherfa, a soulign\u00e9 hier lors d&rsquo;une visite \u00e0 Skikda, \u00e0 l&rsquo;occasion\" \/>\n<meta property=\"og:url\" content=\"https:\/\/lasentinelle.dz\/index.php\/2024\/06\/25\/agriculture-une-contribution-de-35-milliards-de-dollars-au-pib\/\" \/>\n<meta property=\"og:site_name\" content=\"La Sentinelle\" \/>\n<meta property=\"article:publisher\" content=\"https:\/\/www.facebook.com\/La-Sentinelle-104059864394773\" \/>\n<meta property=\"article:published_time\" content=\"2024-06-25T19:11:29+00:00\" \/>\n<meta property=\"article:modified_time\" content=\"2024-06-25T19:11:31+00:00\" \/>\n<meta property=\"og:image\" content=\"https:\/\/lasentinelle.dz\/wp-content\/uploads\/2023\/12\/agriculture.jpeg\" \/>\n\t<meta property=\"og:image:width\" content=\"720\" \/>\n\t<meta property=\"og:image:height\" content=\"400\" \/>\n\t<meta property=\"og:image:type\" content=\"image\/jpeg\" \/>\n<meta name=\"author\" content=\"La Sentinelle\" \/>\n<meta name=\"twitter:card\" content=\"summary_large_image\" \/>\n<meta name=\"twitter:label1\" content=\"\u00c9crit par\" \/>\n\t<meta name=\"twitter:data1\" content=\"La Sentinelle\" \/>\n\t<meta name=\"twitter:label2\" content=\"Dur\u00e9e de lecture estim\u00e9e\" \/>\n\t<meta name=\"twitter:data2\" content=\"3 minutes\" \/>\n<script type=\"application\/ld+json\" class=\"yoast-schema-graph\">{\"@context\":\"https:\\\/\\\/schema.org\",\"@graph\":[{\"@type\":\"Article\",\"@id\":\"https:\\\/\\\/lasentinelle.dz\\\/index.php\\\/2024\\\/06\\\/25\\\/agriculture-une-contribution-de-35-milliards-de-dollars-au-pib\\\/#article\",\"isPartOf\":{\"@id\":\"https:\\\/\\\/lasentinelle.dz\\\/index.php\\\/2024\\\/06\\\/25\\\/agriculture-une-contribution-de-35-milliards-de-dollars-au-pib\\\/\"},\"author\":{\"name\":\"La Sentinelle\",\"@id\":\"https:\\\/\\\/lasentinelle.dz\\\/#\\\/schema\\\/person\\\/d865044e22e70a75174ce8bcad3acfb3\"},\"headline\":\"Agriculture: Une contribution de 35 milliards de dollars au PIB\",\"datePublished\":\"2024-06-25T19:11:29+00:00\",\"dateModified\":\"2024-06-25T19:11:31+00:00\",\"mainEntityOfPage\":{\"@id\":\"https:\\\/\\\/lasentinelle.dz\\\/index.php\\\/2024\\\/06\\\/25\\\/agriculture-une-contribution-de-35-milliards-de-dollars-au-pib\\\/\"},\"wordCount\":587,\"commentCount\":0,\"publisher\":{\"@id\":\"https:\\\/\\\/lasentinelle.dz\\\/#organization\"},\"image\":{\"@id\":\"https:\\\/\\\/lasentinelle.dz\\\/index.php\\\/2024\\\/06\\\/25\\\/agriculture-une-contribution-de-35-milliards-de-dollars-au-pib\\\/#primaryimage\"},\"thumbnailUrl\":\"https:\\\/\\\/lasentinelle.dz\\\/wp-content\\\/uploads\\\/2023\\\/12\\\/agriculture.jpeg\",\"articleSection\":[\"\u00c9conomie\"],\"inLanguage\":\"fr-FR\",\"potentialAction\":[{\"@type\":\"CommentAction\",\"name\":\"Comment\",\"target\":[\"https:\\\/\\\/lasentinelle.dz\\\/index.php\\\/2024\\\/06\\\/25\\\/agriculture-une-contribution-de-35-milliards-de-dollars-au-pib\\\/#respond\"]}]},{\"@type\":\"WebPage\",\"@id\":\"https:\\\/\\\/lasentinelle.dz\\\/index.php\\\/2024\\\/06\\\/25\\\/agriculture-une-contribution-de-35-milliards-de-dollars-au-pib\\\/\",\"url\":\"https:\\\/\\\/lasentinelle.dz\\\/index.php\\\/2024\\\/06\\\/25\\\/agriculture-une-contribution-de-35-milliards-de-dollars-au-pib\\\/\",\"name\":\"Agriculture: Une contribution de 35 milliards de dollars au PIB - La Sentinelle\",\"isPartOf\":{\"@id\":\"https:\\\/\\\/lasentinelle.dz\\\/#website\"},\"primaryImageOfPage\":{\"@id\":\"https:\\\/\\\/lasentinelle.dz\\\/index.php\\\/2024\\\/06\\\/25\\\/agriculture-une-contribution-de-35-milliards-de-dollars-au-pib\\\/#primaryimage\"},\"image\":{\"@id\":\"https:\\\/\\\/lasentinelle.dz\\\/index.php\\\/2024\\\/06\\\/25\\\/agriculture-une-contribution-de-35-milliards-de-dollars-au-pib\\\/#primaryimage\"},\"thumbnailUrl\":\"https:\\\/\\\/lasentinelle.dz\\\/wp-content\\\/uploads\\\/2023\\\/12\\\/agriculture.jpeg\",\"datePublished\":\"2024-06-25T19:11:29+00:00\",\"dateModified\":\"2024-06-25T19:11:31+00:00\",\"breadcrumb\":{\"@id\":\"https:\\\/\\\/lasentinelle.dz\\\/index.php\\\/2024\\\/06\\\/25\\\/agriculture-une-contribution-de-35-milliards-de-dollars-au-pib\\\/#breadcrumb\"},\"inLanguage\":\"fr-FR\",\"potentialAction\":[{\"@type\":\"ReadAction\",\"target\":[\"https:\\\/\\\/lasentinelle.dz\\\/index.php\\\/2024\\\/06\\\/25\\\/agriculture-une-contribution-de-35-milliards-de-dollars-au-pib\\\/\"]}]},{\"@type\":\"ImageObject\",\"inLanguage\":\"fr-FR\",\"@id\":\"https:\\\/\\\/lasentinelle.dz\\\/index.php\\\/2024\\\/06\\\/25\\\/agriculture-une-contribution-de-35-milliards-de-dollars-au-pib\\\/#primaryimage\",\"url\":\"https:\\\/\\\/lasentinelle.dz\\\/wp-content\\\/uploads\\\/2023\\\/12\\\/agriculture.jpeg\",\"contentUrl\":\"https:\\\/\\\/lasentinelle.dz\\\/wp-content\\\/uploads\\\/2023\\\/12\\\/agriculture.jpeg\",\"width\":720,\"height\":400},{\"@type\":\"BreadcrumbList\",\"@id\":\"https:\\\/\\\/lasentinelle.dz\\\/index.php\\\/2024\\\/06\\\/25\\\/agriculture-une-contribution-de-35-milliards-de-dollars-au-pib\\\/#breadcrumb\",\"itemListElement\":[{\"@type\":\"ListItem\",\"position\":1,\"name\":\"Accueil\",\"item\":\"https:\\\/\\\/lasentinelle.dz\\\/\"},{\"@type\":\"ListItem\",\"position\":2,\"name\":\"Agriculture: Une contribution de 35 milliards de dollars au PIB\"}]},{\"@type\":\"WebSite\",\"@id\":\"https:\\\/\\\/lasentinelle.dz\\\/#website\",\"url\":\"https:\\\/\\\/lasentinelle.dz\\\/\",\"name\":\"La Sentinelle\",\"description\":\"Quotidien national d&#039;information\",\"publisher\":{\"@id\":\"https:\\\/\\\/lasentinelle.dz\\\/#organization\"},\"potentialAction\":[{\"@type\":\"SearchAction\",\"target\":{\"@type\":\"EntryPoint\",\"urlTemplate\":\"https:\\\/\\\/lasentinelle.dz\\\/?s={search_term_string}\"},\"query-input\":{\"@type\":\"PropertyValueSpecification\",\"valueRequired\":true,\"valueName\":\"search_term_string\"}}],\"inLanguage\":\"fr-FR\"},{\"@type\":\"Organization\",\"@id\":\"https:\\\/\\\/lasentinelle.dz\\\/#organization\",\"name\":\"Quotidien La Sentinelle\",\"url\":\"https:\\\/\\\/lasentinelle.dz\\\/\",\"logo\":{\"@type\":\"ImageObject\",\"inLanguage\":\"fr-FR\",\"@id\":\"https:\\\/\\\/lasentinelle.dz\\\/#\\\/schema\\\/logo\\\/image\\\/\",\"url\":\"https:\\\/\\\/lasentinelle.dz\\\/wp-content\\\/uploads\\\/2021\\\/09\\\/logo-sentinelleSLOGAN-1.png\",\"contentUrl\":\"https:\\\/\\\/lasentinelle.dz\\\/wp-content\\\/uploads\\\/2021\\\/09\\\/logo-sentinelleSLOGAN-1.png\",\"width\":615,\"height\":142,\"caption\":\"Quotidien La Sentinelle\"},\"image\":{\"@id\":\"https:\\\/\\\/lasentinelle.dz\\\/#\\\/schema\\\/logo\\\/image\\\/\"},\"sameAs\":[\"https:\\\/\\\/www.facebook.com\\\/La-Sentinelle-104059864394773\"]},{\"@type\":\"Person\",\"@id\":\"https:\\\/\\\/lasentinelle.dz\\\/#\\\/schema\\\/person\\\/d865044e22e70a75174ce8bcad3acfb3\",\"name\":\"La Sentinelle\",\"image\":{\"@type\":\"ImageObject\",\"inLanguage\":\"fr-FR\",\"@id\":\"https:\\\/\\\/secure.gravatar.com\\\/avatar\\\/57de8e5d4b15d43fb361a71fbb36338450fe67865b528a43dd10ef7c51a20392?s=96&d=mm&r=g\",\"url\":\"https:\\\/\\\/secure.gravatar.com\\\/avatar\\\/57de8e5d4b15d43fb361a71fbb36338450fe67865b528a43dd10ef7c51a20392?s=96&d=mm&r=g\",\"contentUrl\":\"https:\\\/\\\/secure.gravatar.com\\\/avatar\\\/57de8e5d4b15d43fb361a71fbb36338450fe67865b528a43dd10ef7c51a20392?s=96&d=mm&r=g\",\"caption\":\"La Sentinelle\"},\"sameAs\":[\"http:\\\/\\\/www.lasentinelle.dz\"],\"url\":\"https:\\\/\\\/lasentinelle.dz\\\/author\\\/redaction\\\/\"}]}<\/script>\n<!-- \/ Yoast SEO plugin. -->","yoast_head_json":{"title":"Agriculture: Une contribution de 35 milliards de dollars au PIB - La Sentinelle","robots":{"index":"index","follow":"follow","max-snippet":"max-snippet:-1","max-image-preview":"max-image-preview:large","max-video-preview":"max-video-preview:-1"},"canonical":"https:\/\/lasentinelle.dz\/index.php\/2024\/06\/25\/agriculture-une-contribution-de-35-milliards-de-dollars-au-pib\/","og_locale":"fr_FR","og_type":"article","og_title":"Agriculture: Une contribution de 35 milliards de dollars au PIB - La Sentinelle","og_description":"Le ministre de l&rsquo;Agriculture et du D\u00e9veloppement rural, Youcef Cherfa, a soulign\u00e9 hier lors d&rsquo;une visite \u00e0 Skikda, \u00e0 l&rsquo;occasion","og_url":"https:\/\/lasentinelle.dz\/index.php\/2024\/06\/25\/agriculture-une-contribution-de-35-milliards-de-dollars-au-pib\/","og_site_name":"La Sentinelle","article_publisher":"https:\/\/www.facebook.com\/La-Sentinelle-104059864394773","article_published_time":"2024-06-25T19:11:29+00:00","article_modified_time":"2024-06-25T19:11:31+00:00","og_image":[{"width":720,"height":400,"url":"https:\/\/lasentinelle.dz\/wp-content\/uploads\/2023\/12\/agriculture.jpeg","type":"image\/jpeg"}],"author":"La Sentinelle","twitter_card":"summary_large_image","twitter_misc":{"\u00c9crit par":"La Sentinelle","Dur\u00e9e de lecture estim\u00e9e":"3 minutes"},"schema":{"@context":"https:\/\/schema.org","@graph":[{"@type":"Article","@id":"https:\/\/lasentinelle.dz\/index.php\/2024\/06\/25\/agriculture-une-contribution-de-35-milliards-de-dollars-au-pib\/#article","isPartOf":{"@id":"https:\/\/lasentinelle.dz\/index.php\/2024\/06\/25\/agriculture-une-contribution-de-35-milliards-de-dollars-au-pib\/"},"author":{"name":"La Sentinelle","@id":"https:\/\/lasentinelle.dz\/#\/schema\/person\/d865044e22e70a75174ce8bcad3acfb3"},"headline":"Agriculture: Une contribution de 35 milliards de dollars au PIB","datePublished":"2024-06-25T19:11:29+00:00","dateModified":"2024-06-25T19:11:31+00:00","mainEntityOfPage":{"@id":"https:\/\/lasentinelle.dz\/index.php\/2024\/06\/25\/agriculture-une-contribution-de-35-milliards-de-dollars-au-pib\/"},"wordCount":587,"commentCount":0,"publisher":{"@id":"https:\/\/lasentinelle.dz\/#organization"},"image":{"@id":"https:\/\/lasentinelle.dz\/index.php\/2024\/06\/25\/agriculture-une-contribution-de-35-milliards-de-dollars-au-pib\/#primaryimage"},"thumbnailUrl":"https:\/\/lasentinelle.dz\/wp-content\/uploads\/2023\/12\/agriculture.jpeg","articleSection":["\u00c9conomie"],"inLanguage":"fr-FR","potentialAction":[{"@type":"CommentAction","name":"Comment","target":["https:\/\/lasentinelle.dz\/index.php\/2024\/06\/25\/agriculture-une-contribution-de-35-milliards-de-dollars-au-pib\/#respond"]}]},{"@type":"WebPage","@id":"https:\/\/lasentinelle.dz\/index.php\/2024\/06\/25\/agriculture-une-contribution-de-35-milliards-de-dollars-au-pib\/","url":"https:\/\/lasentinelle.dz\/index.php\/2024\/06\/25\/agriculture-une-contribution-de-35-milliards-de-dollars-au-pib\/","name":"Agriculture: Une contribution de 35 milliards de dollars au PIB - La Sentinelle","isPartOf":{"@id":"https:\/\/lasentinelle.dz\/#website"},"primaryImageOfPage":{"@id":"https:\/\/lasentinelle.dz\/index.php\/2024\/06\/25\/agriculture-une-contribution-de-35-milliards-de-dollars-au-pib\/#primaryimage"},"image":{"@id":"https:\/\/lasentinelle.dz\/index.php\/2024\/06\/25\/agriculture-une-contribution-de-35-milliards-de-dollars-au-pib\/#primaryimage"},"thumbnailUrl":"https:\/\/lasentinelle.dz\/wp-content\/uploads\/2023\/12\/agriculture.jpeg","datePublished":"2024-06-25T19:11:29+00:00","dateModified":"2024-06-25T19:11:31+00:00","breadcrumb":{"@id":"https:\/\/lasentinelle.dz\/index.php\/2024\/06\/25\/agriculture-une-contribution-de-35-milliards-de-dollars-au-pib\/#breadcrumb"},"inLanguage":"fr-FR","potentialAction":[{"@type":"ReadAction","target":["https:\/\/lasentinelle.dz\/index.php\/2024\/06\/25\/agriculture-une-contribution-de-35-milliards-de-dollars-au-pib\/"]}]},{"@type":"ImageObject","inLanguage":"fr-FR","@id":"https:\/\/lasentinelle.dz\/index.php\/2024\/06\/25\/agriculture-une-contribution-de-35-milliards-de-dollars-au-pib\/#primaryimage","url":"https:\/\/lasentinelle.dz\/wp-content\/uploads\/2023\/12\/agriculture.jpeg","contentUrl":"https:\/\/lasentinelle.dz\/wp-content\/uploads\/2023\/12\/agriculture.jpeg","width":720,"height":400},{"@type":"BreadcrumbList","@id":"https:\/\/lasentinelle.dz\/index.php\/2024\/06\/25\/agriculture-une-contribution-de-35-milliards-de-dollars-au-pib\/#breadcrumb","itemListElement":[{"@type":"ListItem","position":1,"name":"Accueil","item":"https:\/\/lasentinelle.dz\/"},{"@type":"ListItem","position":2,"name":"Agriculture: Une contribution de 35 milliards de dollars au PIB"}]},{"@type":"WebSite","@id":"https:\/\/lasentinelle.dz\/#website","url":"https:\/\/lasentinelle.dz\/","name":"La Sentinelle","description":"Quotidien national d&#039;information","publisher":{"@id":"https:\/\/lasentinelle.dz\/#organization"},"potentialAction":[{"@type":"SearchAction","target":{"@type":"EntryPoint","urlTemplate":"https:\/\/lasentinelle.dz\/?s={search_term_string}"},"query-input":{"@type":"PropertyValueSpecification","valueRequired":true,"valueName":"search_term_string"}}],"inLanguage":"fr-FR"},{"@type":"Organization","@id":"https:\/\/lasentinelle.dz\/#organization","name":"Quotidien La Sentinelle","url":"https:\/\/lasentinelle.dz\/","logo":{"@type":"ImageObject","inLanguage":"fr-FR","@id":"https:\/\/lasentinelle.dz\/#\/schema\/logo\/image\/","url":"https:\/\/lasentinelle.dz\/wp-content\/uploads\/2021\/09\/logo-sentinelleSLOGAN-1.png","contentUrl":"https:\/\/lasentinelle.dz\/wp-content\/uploads\/2021\/09\/logo-sentinelleSLOGAN-1.png","width":615,"height":142,"caption":"Quotidien La Sentinelle"},"image":{"@id":"https:\/\/lasentinelle.dz\/#\/schema\/logo\/image\/"},"sameAs":["https:\/\/www.facebook.com\/La-Sentinelle-104059864394773"]},{"@type":"Person","@id":"https:\/\/lasentinelle.dz\/#\/schema\/person\/d865044e22e70a75174ce8bcad3acfb3","name":"La Sentinelle","image":{"@type":"ImageObject","inLanguage":"fr-FR","@id":"https:\/\/secure.gravatar.com\/avatar\/57de8e5d4b15d43fb361a71fbb36338450fe67865b528a43dd10ef7c51a20392?s=96&d=mm&r=g","url":"https:\/\/secure.gravatar.com\/avatar\/57de8e5d4b15d43fb361a71fbb36338450fe67865b528a43dd10ef7c51a20392?s=96&d=mm&r=g","contentUrl":"https:\/\/secure.gravatar.com\/avatar\/57de8e5d4b15d43fb361a71fbb36338450fe67865b528a43dd10ef7c51a20392?s=96&d=mm&r=g","caption":"La Sentinelle"},"sameAs":["http:\/\/www.lasentinelle.dz"],"url":"https:\/\/lasentinelle.dz\/author\/redaction\/"}]}},"_links":{"self":[{"href":"https:\/\/lasentinelle.dz\/index.php\/wp-json\/wp\/v2\/posts\/53737","targetHints":{"allow":["GET"]}}],"collection":[{"href":"https:\/\/lasentinelle.dz\/index.php\/wp-json\/wp\/v2\/posts"}],"about":[{"href":"https:\/\/lasentinelle.dz\/index.php\/wp-json\/wp\/v2\/types\/post"}],"author":[{"embeddable":true,"href":"https:\/\/lasentinelle.dz\/index.php\/wp-json\/wp\/v2\/users\/3"}],"replies":[{"embeddable":true,"href":"https:\/\/lasentinelle.dz\/index.php\/wp-json\/wp\/v2\/comments?post=53737"}],"version-history":[{"count":1,"href":"https:\/\/lasentinelle.dz\/index.php\/wp-json\/wp\/v2\/posts\/53737\/revisions"}],"predecessor-version":[{"id":53738,"href":"https:\/\/lasentinelle.dz\/index.php\/wp-json\/wp\/v2\/posts\/53737\/revisions\/53738"}],"wp:featuredmedia":[{"embeddable":true,"href":"https:\/\/lasentinelle.dz\/index.php\/wp-json\/wp\/v2\/media\/47704"}],"wp:attachment":[{"href":"https:\/\/lasentinelle.dz\/index.php\/wp-json\/wp\/v2\/media?parent=53737"}],"wp:term":[{"taxonomy":"category","embeddable":true,"href":"https:\/\/lasentinelle.dz\/index.php\/wp-json\/wp\/v2\/categories?post=53737"},{"taxonomy":"post_tag","embeddable":true,"href":"https:\/\/lasentinelle.dz\/index.php\/wp-json\/wp\/v2\/tags?post=53737"}],"curies":[{"name":"wp","href":"https:\/\/api.w.org\/{rel}","templated":true}]}}