{"id":53779,"date":"2024-06-26T20:14:11","date_gmt":"2024-06-26T19:14:11","guid":{"rendered":"https:\/\/lasentinelle.dz\/?p=53779"},"modified":"2024-06-26T20:14:14","modified_gmt":"2024-06-26T19:14:14","slug":"festival-europeen-de-musique-en-algerie-rendez-vous-au-tna-du-27-juin-au-3-juillet","status":"publish","type":"post","link":"https:\/\/lasentinelle.dz\/index.php\/2024\/06\/26\/festival-europeen-de-musique-en-algerie-rendez-vous-au-tna-du-27-juin-au-3-juillet\/","title":{"rendered":"Festival europ\u00e9en de Musique en Alg\u00e9rie : Rendez-vous au TNA du 27 juin au 3 juillet"},"content":{"rendered":"\n<p>La 24e \u00e9dition du Festival europ\u00e9en de Musique en Alg\u00e9rie se d\u00e9roulera du 27 juin au 3 juillet au Th\u00e9\u00e2tre national alg\u00e9rien Mahieddine-Bachtarzi (TNA), sous le th\u00e8me \u00ab\u00a0Europ&rsquo;Africa\u00a0\u00bb, avec au menu des spectacles de musique et de danse refl\u00e9tant la diversit\u00e9 culturelle des pays m\u00e9diterran\u00e9ens et africains, ont annonc\u00e9 mardi \u00e0 Alger les organisateurs lors d&rsquo;une conf\u00e9rence de presse.<\/p>\n\n\n\n<p>La 24e \u00e9dition du Festival europ\u00e9en de musique en Alg\u00e9rie verra la participation de \u00ab\u00a013 pays de l&rsquo;UE qui pr\u00e9senteront un riche programme de spectacles de musique et de danse\u00a0\u00bb, a r\u00e9v\u00e9l\u00e9 l&rsquo;Ambassadeur, Chef de la d\u00e9l\u00e9gation de l&rsquo;Union Europ\u00e9enne aupr\u00e8s de l&rsquo;Alg\u00e9rie, Thomas Eckert, soulignant que \u00ab\u00a0cet \u00e9v\u00e8nement annuel organis\u00e9 par la d\u00e9l\u00e9gation de l&rsquo;UE en Alg\u00e9rie, depuis un quart de si\u00e8cle, est devenu une c\u00e9l\u00e9bration unique des liens entre l&rsquo;UE et l&rsquo;Alg\u00e9rie\u00a0\u00bb. Le choix du th\u00e8me \u00ab\u00a0Europ&rsquo;Africa\u00a0\u00bb \u00ab\u00a0est le reflet des liens ind\u00e9fectibles unissant l&rsquo;Europe et l&rsquo;Afrique\u00a0\u00bb, a-t-il ajout\u00e9, pr\u00e9cisant que \u00ab\u00a0les artistes europ\u00e9ens qui animeront les sept soir\u00e9es du Festival sont soit d&rsquo;origine africaine, soit ils entretiennent un lien tr\u00e8s fort avec l&rsquo;Afrique et sa musique vibrante et vari\u00e9e\u00a0\u00bb. L&rsquo;organisation d&rsquo;un festival de \u00ab\u00a0cette envergure en Alg\u00e9rie, un pays au carrefour de l&rsquo;Europe et de l&rsquo;Afrique, est une opportunit\u00e9 pr\u00e9cieuse de renforcer les ponts culturels entre les deux rives de la M\u00e9diterran\u00e9e. C&rsquo;est, \u00e9galement, une occasion de c\u00e9l\u00e9brer ensemble la richesse des m\u00e9tissages et des influences r\u00e9ciproques qui enrichissent nos patrimoines respectifs\u00a0\u00bb, a affirm\u00e9 M. Eckert. Treize pays participeront \u00e0 cet \u00e9v\u00e8nement culturel dont la Belgique, la Finlande, l&rsquo;Allemagne, la Hongrie, l&rsquo;Italie et la Slov\u00e9nie qui participe pour la premi\u00e8re fois. Le programme pr\u00e9voit 14 spectacles rassemblant plusieurs genres musicaux \u00e0 savoir le Jazz, l&rsquo;afrobeat, le flamenco, le tergui blues, la pop, le RnB, le rock, le Hip hop ou encore la musique \u00e9lectronique. La soir\u00e9e inaugurale sera anim\u00e9e par le groupe alg\u00e9rien \u00ab\u00a0Tikoubaouine\u00a0\u00bb qui incarne un genre musical singulier appel\u00e9 \u00ab\u00a0le blues du d\u00e9sert\u00a0\u00bb. Le concert d&rsquo;ouverture sera marqu\u00e9 par la pr\u00e9sence de la Belgique, en sa qualit\u00e9 de pr\u00e9sidente du Conseil de l&rsquo;Union europ\u00e9enne. La Belgique sera repr\u00e9sent\u00e9e par la Koriste belgo-cam\u00e9rounaise, Lubiana. La derni\u00e8re soir\u00e9e sera d\u00e9di\u00e9e \u00e0 la musique rock, hip hop, RnB et RAP avec le groupe allemand \u00ab\u00a0Lilia x Rio\u00e9\u00a0\u00bb. A son tour le chanteur pop RAP tch\u00e8que d&rsquo;origine alg\u00e9rienne, Sofiane Medjmedj se produira \u00e0 cette soir\u00e9e. Ce rendez-vous annuel organis\u00e9 depuis l&rsquo;ann\u00e9e 2000 par la d\u00e9l\u00e9gation de l&rsquo;UE en Alg\u00e9rie en collaboration en collaboration avec le minist\u00e8re de la Culture et des Arts, l&rsquo;Office national de la Culture et de l&rsquo;Information ainsi que le Th\u00e9\u00e2tre national Alg\u00e9rien (TNA) dans l&rsquo;objectif de renforcer le dialogue interculturel.<\/p>\n\n\n\n<p>APS<\/p>\n","protected":false},"excerpt":{"rendered":"<p>La 24e \u00e9dition du Festival europ\u00e9en de Musique en Alg\u00e9rie se d\u00e9roulera du 27 juin au 3 juillet au Th\u00e9\u00e2tre<\/p>\n","protected":false},"author":3,"featured_media":53780,"comment_status":"open","ping_status":"closed","sticky":false,"template":"","format":"standard","meta":{"colormag_page_container_layout":"default_layout","colormag_page_sidebar_layout":"default_layout","om_disable_all_campaigns":false,"_monsterinsights_skip_tracking":false,"_monsterinsights_sitenote_active":false,"_monsterinsights_sitenote_note":"","_monsterinsights_sitenote_category":0,"footnotes":"","_wpscppro_dont_share_socialmedia":false,"_wpscppro_custom_social_share_image":0,"_facebook_share_type":"default","_twitter_share_type":"default","_linkedin_share_type":"default","_pinterest_share_type":"default","_linkedin_share_type_page":"","_instagram_share_type":"default","_medium_share_type":"","_threads_share_type":"","_google_business_share_type":"","_selected_social_profile":[],"_wpsp_enable_custom_social_template":false,"_wpsp_social_scheduling":{"enabled":false,"datetime":null,"platforms":[],"status":"template_only","dateOption":"today","timeOption":"now","customDays":"","customHours":"","customDate":"","customTime":"","schedulingType":"absolute"},"_wpsp_active_default_template":true},"categories":[36],"tags":[],"class_list":["post-53779","post","type-post","status-publish","format-standard","has-post-thumbnail","hentry","category-culture"],"aioseo_notices":[],"yoast_head":"<!-- This site is optimized with the Yoast SEO plugin v27.5 - https:\/\/yoast.com\/product\/yoast-seo-wordpress\/ -->\n<title>Festival europ\u00e9en de Musique en Alg\u00e9rie : Rendez-vous au TNA du 27 juin au 3 juillet - La Sentinelle<\/title>\n<meta name=\"robots\" content=\"index, follow, max-snippet:-1, max-image-preview:large, max-video-preview:-1\" \/>\n<link rel=\"canonical\" href=\"https:\/\/lasentinelle.dz\/index.php\/2024\/06\/26\/festival-europeen-de-musique-en-algerie-rendez-vous-au-tna-du-27-juin-au-3-juillet\/\" \/>\n<meta property=\"og:locale\" content=\"fr_FR\" \/>\n<meta property=\"og:type\" content=\"article\" \/>\n<meta property=\"og:title\" content=\"Festival europ\u00e9en de Musique en Alg\u00e9rie : Rendez-vous au TNA du 27 juin au 3 juillet - La Sentinelle\" \/>\n<meta property=\"og:description\" content=\"La 24e \u00e9dition du Festival europ\u00e9en de Musique en Alg\u00e9rie se d\u00e9roulera du 27 juin au 3 juillet au Th\u00e9\u00e2tre\" \/>\n<meta property=\"og:url\" content=\"https:\/\/lasentinelle.dz\/index.php\/2024\/06\/26\/festival-europeen-de-musique-en-algerie-rendez-vous-au-tna-du-27-juin-au-3-juillet\/\" \/>\n<meta property=\"og:site_name\" content=\"La Sentinelle\" \/>\n<meta property=\"article:publisher\" content=\"https:\/\/www.facebook.com\/La-Sentinelle-104059864394773\" \/>\n<meta property=\"article:published_time\" content=\"2024-06-26T19:14:11+00:00\" \/>\n<meta property=\"article:modified_time\" content=\"2024-06-26T19:14:14+00:00\" \/>\n<meta property=\"og:image\" content=\"https:\/\/lasentinelle.dz\/wp-content\/uploads\/2024\/06\/TNA.jpeg\" \/>\n\t<meta property=\"og:image:width\" content=\"1000\" \/>\n\t<meta property=\"og:image:height\" content=\"613\" \/>\n\t<meta property=\"og:image:type\" content=\"image\/jpeg\" \/>\n<meta name=\"author\" content=\"La Sentinelle\" \/>\n<meta name=\"twitter:card\" content=\"summary_large_image\" \/>\n<meta name=\"twitter:label1\" content=\"\u00c9crit par\" \/>\n\t<meta name=\"twitter:data1\" content=\"La Sentinelle\" \/>\n\t<meta name=\"twitter:label2\" content=\"Dur\u00e9e de lecture estim\u00e9e\" \/>\n\t<meta name=\"twitter:data2\" content=\"3 minutes\" \/>\n<script type=\"application\/ld+json\" class=\"yoast-schema-graph\">{\"@context\":\"https:\\\/\\\/schema.org\",\"@graph\":[{\"@type\":\"Article\",\"@id\":\"https:\\\/\\\/lasentinelle.dz\\\/index.php\\\/2024\\\/06\\\/26\\\/festival-europeen-de-musique-en-algerie-rendez-vous-au-tna-du-27-juin-au-3-juillet\\\/#article\",\"isPartOf\":{\"@id\":\"https:\\\/\\\/lasentinelle.dz\\\/index.php\\\/2024\\\/06\\\/26\\\/festival-europeen-de-musique-en-algerie-rendez-vous-au-tna-du-27-juin-au-3-juillet\\\/\"},\"author\":{\"name\":\"La Sentinelle\",\"@id\":\"https:\\\/\\\/lasentinelle.dz\\\/#\\\/schema\\\/person\\\/d865044e22e70a75174ce8bcad3acfb3\"},\"headline\":\"Festival europ\u00e9en de Musique en Alg\u00e9rie : Rendez-vous au TNA du 27 juin au 3 juillet\",\"datePublished\":\"2024-06-26T19:14:11+00:00\",\"dateModified\":\"2024-06-26T19:14:14+00:00\",\"mainEntityOfPage\":{\"@id\":\"https:\\\/\\\/lasentinelle.dz\\\/index.php\\\/2024\\\/06\\\/26\\\/festival-europeen-de-musique-en-algerie-rendez-vous-au-tna-du-27-juin-au-3-juillet\\\/\"},\"wordCount\":541,\"commentCount\":0,\"publisher\":{\"@id\":\"https:\\\/\\\/lasentinelle.dz\\\/#organization\"},\"image\":{\"@id\":\"https:\\\/\\\/lasentinelle.dz\\\/index.php\\\/2024\\\/06\\\/26\\\/festival-europeen-de-musique-en-algerie-rendez-vous-au-tna-du-27-juin-au-3-juillet\\\/#primaryimage\"},\"thumbnailUrl\":\"https:\\\/\\\/lasentinelle.dz\\\/wp-content\\\/uploads\\\/2024\\\/06\\\/TNA.jpeg\",\"articleSection\":[\"Culture\"],\"inLanguage\":\"fr-FR\",\"potentialAction\":[{\"@type\":\"CommentAction\",\"name\":\"Comment\",\"target\":[\"https:\\\/\\\/lasentinelle.dz\\\/index.php\\\/2024\\\/06\\\/26\\\/festival-europeen-de-musique-en-algerie-rendez-vous-au-tna-du-27-juin-au-3-juillet\\\/#respond\"]}]},{\"@type\":\"WebPage\",\"@id\":\"https:\\\/\\\/lasentinelle.dz\\\/index.php\\\/2024\\\/06\\\/26\\\/festival-europeen-de-musique-en-algerie-rendez-vous-au-tna-du-27-juin-au-3-juillet\\\/\",\"url\":\"https:\\\/\\\/lasentinelle.dz\\\/index.php\\\/2024\\\/06\\\/26\\\/festival-europeen-de-musique-en-algerie-rendez-vous-au-tna-du-27-juin-au-3-juillet\\\/\",\"name\":\"Festival europ\u00e9en de Musique en Alg\u00e9rie : Rendez-vous au TNA du 27 juin au 3 juillet - La Sentinelle\",\"isPartOf\":{\"@id\":\"https:\\\/\\\/lasentinelle.dz\\\/#website\"},\"primaryImageOfPage\":{\"@id\":\"https:\\\/\\\/lasentinelle.dz\\\/index.php\\\/2024\\\/06\\\/26\\\/festival-europeen-de-musique-en-algerie-rendez-vous-au-tna-du-27-juin-au-3-juillet\\\/#primaryimage\"},\"image\":{\"@id\":\"https:\\\/\\\/lasentinelle.dz\\\/index.php\\\/2024\\\/06\\\/26\\\/festival-europeen-de-musique-en-algerie-rendez-vous-au-tna-du-27-juin-au-3-juillet\\\/#primaryimage\"},\"thumbnailUrl\":\"https:\\\/\\\/lasentinelle.dz\\\/wp-content\\\/uploads\\\/2024\\\/06\\\/TNA.jpeg\",\"datePublished\":\"2024-06-26T19:14:11+00:00\",\"dateModified\":\"2024-06-26T19:14:14+00:00\",\"breadcrumb\":{\"@id\":\"https:\\\/\\\/lasentinelle.dz\\\/index.php\\\/2024\\\/06\\\/26\\\/festival-europeen-de-musique-en-algerie-rendez-vous-au-tna-du-27-juin-au-3-juillet\\\/#breadcrumb\"},\"inLanguage\":\"fr-FR\",\"potentialAction\":[{\"@type\":\"ReadAction\",\"target\":[\"https:\\\/\\\/lasentinelle.dz\\\/index.php\\\/2024\\\/06\\\/26\\\/festival-europeen-de-musique-en-algerie-rendez-vous-au-tna-du-27-juin-au-3-juillet\\\/\"]}]},{\"@type\":\"ImageObject\",\"inLanguage\":\"fr-FR\",\"@id\":\"https:\\\/\\\/lasentinelle.dz\\\/index.php\\\/2024\\\/06\\\/26\\\/festival-europeen-de-musique-en-algerie-rendez-vous-au-tna-du-27-juin-au-3-juillet\\\/#primaryimage\",\"url\":\"https:\\\/\\\/lasentinelle.dz\\\/wp-content\\\/uploads\\\/2024\\\/06\\\/TNA.jpeg\",\"contentUrl\":\"https:\\\/\\\/lasentinelle.dz\\\/wp-content\\\/uploads\\\/2024\\\/06\\\/TNA.jpeg\",\"width\":1000,\"height\":613},{\"@type\":\"BreadcrumbList\",\"@id\":\"https:\\\/\\\/lasentinelle.dz\\\/index.php\\\/2024\\\/06\\\/26\\\/festival-europeen-de-musique-en-algerie-rendez-vous-au-tna-du-27-juin-au-3-juillet\\\/#breadcrumb\",\"itemListElement\":[{\"@type\":\"ListItem\",\"position\":1,\"name\":\"Accueil\",\"item\":\"https:\\\/\\\/lasentinelle.dz\\\/\"},{\"@type\":\"ListItem\",\"position\":2,\"name\":\"Festival europ\u00e9en de Musique en Alg\u00e9rie : Rendez-vous au TNA du 27 juin au 3 juillet\"}]},{\"@type\":\"WebSite\",\"@id\":\"https:\\\/\\\/lasentinelle.dz\\\/#website\",\"url\":\"https:\\\/\\\/lasentinelle.dz\\\/\",\"name\":\"La Sentinelle\",\"description\":\"Quotidien national d&#039;information\",\"publisher\":{\"@id\":\"https:\\\/\\\/lasentinelle.dz\\\/#organization\"},\"potentialAction\":[{\"@type\":\"SearchAction\",\"target\":{\"@type\":\"EntryPoint\",\"urlTemplate\":\"https:\\\/\\\/lasentinelle.dz\\\/?s={search_term_string}\"},\"query-input\":{\"@type\":\"PropertyValueSpecification\",\"valueRequired\":true,\"valueName\":\"search_term_string\"}}],\"inLanguage\":\"fr-FR\"},{\"@type\":\"Organization\",\"@id\":\"https:\\\/\\\/lasentinelle.dz\\\/#organization\",\"name\":\"Quotidien La Sentinelle\",\"url\":\"https:\\\/\\\/lasentinelle.dz\\\/\",\"logo\":{\"@type\":\"ImageObject\",\"inLanguage\":\"fr-FR\",\"@id\":\"https:\\\/\\\/lasentinelle.dz\\\/#\\\/schema\\\/logo\\\/image\\\/\",\"url\":\"https:\\\/\\\/lasentinelle.dz\\\/wp-content\\\/uploads\\\/2021\\\/09\\\/logo-sentinelleSLOGAN-1.png\",\"contentUrl\":\"https:\\\/\\\/lasentinelle.dz\\\/wp-content\\\/uploads\\\/2021\\\/09\\\/logo-sentinelleSLOGAN-1.png\",\"width\":615,\"height\":142,\"caption\":\"Quotidien La Sentinelle\"},\"image\":{\"@id\":\"https:\\\/\\\/lasentinelle.dz\\\/#\\\/schema\\\/logo\\\/image\\\/\"},\"sameAs\":[\"https:\\\/\\\/www.facebook.com\\\/La-Sentinelle-104059864394773\"]},{\"@type\":\"Person\",\"@id\":\"https:\\\/\\\/lasentinelle.dz\\\/#\\\/schema\\\/person\\\/d865044e22e70a75174ce8bcad3acfb3\",\"name\":\"La Sentinelle\",\"image\":{\"@type\":\"ImageObject\",\"inLanguage\":\"fr-FR\",\"@id\":\"https:\\\/\\\/secure.gravatar.com\\\/avatar\\\/57de8e5d4b15d43fb361a71fbb36338450fe67865b528a43dd10ef7c51a20392?s=96&d=mm&r=g\",\"url\":\"https:\\\/\\\/secure.gravatar.com\\\/avatar\\\/57de8e5d4b15d43fb361a71fbb36338450fe67865b528a43dd10ef7c51a20392?s=96&d=mm&r=g\",\"contentUrl\":\"https:\\\/\\\/secure.gravatar.com\\\/avatar\\\/57de8e5d4b15d43fb361a71fbb36338450fe67865b528a43dd10ef7c51a20392?s=96&d=mm&r=g\",\"caption\":\"La Sentinelle\"},\"sameAs\":[\"http:\\\/\\\/www.lasentinelle.dz\"],\"url\":\"https:\\\/\\\/lasentinelle.dz\\\/author\\\/redaction\\\/\"}]}<\/script>\n<!-- \/ Yoast SEO plugin. -->","yoast_head_json":{"title":"Festival europ\u00e9en de Musique en Alg\u00e9rie : Rendez-vous au TNA du 27 juin au 3 juillet - La Sentinelle","robots":{"index":"index","follow":"follow","max-snippet":"max-snippet:-1","max-image-preview":"max-image-preview:large","max-video-preview":"max-video-preview:-1"},"canonical":"https:\/\/lasentinelle.dz\/index.php\/2024\/06\/26\/festival-europeen-de-musique-en-algerie-rendez-vous-au-tna-du-27-juin-au-3-juillet\/","og_locale":"fr_FR","og_type":"article","og_title":"Festival europ\u00e9en de Musique en Alg\u00e9rie : Rendez-vous au TNA du 27 juin au 3 juillet - La Sentinelle","og_description":"La 24e \u00e9dition du Festival europ\u00e9en de Musique en Alg\u00e9rie se d\u00e9roulera du 27 juin au 3 juillet au Th\u00e9\u00e2tre","og_url":"https:\/\/lasentinelle.dz\/index.php\/2024\/06\/26\/festival-europeen-de-musique-en-algerie-rendez-vous-au-tna-du-27-juin-au-3-juillet\/","og_site_name":"La Sentinelle","article_publisher":"https:\/\/www.facebook.com\/La-Sentinelle-104059864394773","article_published_time":"2024-06-26T19:14:11+00:00","article_modified_time":"2024-06-26T19:14:14+00:00","og_image":[{"width":1000,"height":613,"url":"https:\/\/lasentinelle.dz\/wp-content\/uploads\/2024\/06\/TNA.jpeg","type":"image\/jpeg"}],"author":"La Sentinelle","twitter_card":"summary_large_image","twitter_misc":{"\u00c9crit par":"La Sentinelle","Dur\u00e9e de lecture estim\u00e9e":"3 minutes"},"schema":{"@context":"https:\/\/schema.org","@graph":[{"@type":"Article","@id":"https:\/\/lasentinelle.dz\/index.php\/2024\/06\/26\/festival-europeen-de-musique-en-algerie-rendez-vous-au-tna-du-27-juin-au-3-juillet\/#article","isPartOf":{"@id":"https:\/\/lasentinelle.dz\/index.php\/2024\/06\/26\/festival-europeen-de-musique-en-algerie-rendez-vous-au-tna-du-27-juin-au-3-juillet\/"},"author":{"name":"La Sentinelle","@id":"https:\/\/lasentinelle.dz\/#\/schema\/person\/d865044e22e70a75174ce8bcad3acfb3"},"headline":"Festival europ\u00e9en de Musique en Alg\u00e9rie : Rendez-vous au TNA du 27 juin au 3 juillet","datePublished":"2024-06-26T19:14:11+00:00","dateModified":"2024-06-26T19:14:14+00:00","mainEntityOfPage":{"@id":"https:\/\/lasentinelle.dz\/index.php\/2024\/06\/26\/festival-europeen-de-musique-en-algerie-rendez-vous-au-tna-du-27-juin-au-3-juillet\/"},"wordCount":541,"commentCount":0,"publisher":{"@id":"https:\/\/lasentinelle.dz\/#organization"},"image":{"@id":"https:\/\/lasentinelle.dz\/index.php\/2024\/06\/26\/festival-europeen-de-musique-en-algerie-rendez-vous-au-tna-du-27-juin-au-3-juillet\/#primaryimage"},"thumbnailUrl":"https:\/\/lasentinelle.dz\/wp-content\/uploads\/2024\/06\/TNA.jpeg","articleSection":["Culture"],"inLanguage":"fr-FR","potentialAction":[{"@type":"CommentAction","name":"Comment","target":["https:\/\/lasentinelle.dz\/index.php\/2024\/06\/26\/festival-europeen-de-musique-en-algerie-rendez-vous-au-tna-du-27-juin-au-3-juillet\/#respond"]}]},{"@type":"WebPage","@id":"https:\/\/lasentinelle.dz\/index.php\/2024\/06\/26\/festival-europeen-de-musique-en-algerie-rendez-vous-au-tna-du-27-juin-au-3-juillet\/","url":"https:\/\/lasentinelle.dz\/index.php\/2024\/06\/26\/festival-europeen-de-musique-en-algerie-rendez-vous-au-tna-du-27-juin-au-3-juillet\/","name":"Festival europ\u00e9en de Musique en Alg\u00e9rie : Rendez-vous au TNA du 27 juin au 3 juillet - La Sentinelle","isPartOf":{"@id":"https:\/\/lasentinelle.dz\/#website"},"primaryImageOfPage":{"@id":"https:\/\/lasentinelle.dz\/index.php\/2024\/06\/26\/festival-europeen-de-musique-en-algerie-rendez-vous-au-tna-du-27-juin-au-3-juillet\/#primaryimage"},"image":{"@id":"https:\/\/lasentinelle.dz\/index.php\/2024\/06\/26\/festival-europeen-de-musique-en-algerie-rendez-vous-au-tna-du-27-juin-au-3-juillet\/#primaryimage"},"thumbnailUrl":"https:\/\/lasentinelle.dz\/wp-content\/uploads\/2024\/06\/TNA.jpeg","datePublished":"2024-06-26T19:14:11+00:00","dateModified":"2024-06-26T19:14:14+00:00","breadcrumb":{"@id":"https:\/\/lasentinelle.dz\/index.php\/2024\/06\/26\/festival-europeen-de-musique-en-algerie-rendez-vous-au-tna-du-27-juin-au-3-juillet\/#breadcrumb"},"inLanguage":"fr-FR","potentialAction":[{"@type":"ReadAction","target":["https:\/\/lasentinelle.dz\/index.php\/2024\/06\/26\/festival-europeen-de-musique-en-algerie-rendez-vous-au-tna-du-27-juin-au-3-juillet\/"]}]},{"@type":"ImageObject","inLanguage":"fr-FR","@id":"https:\/\/lasentinelle.dz\/index.php\/2024\/06\/26\/festival-europeen-de-musique-en-algerie-rendez-vous-au-tna-du-27-juin-au-3-juillet\/#primaryimage","url":"https:\/\/lasentinelle.dz\/wp-content\/uploads\/2024\/06\/TNA.jpeg","contentUrl":"https:\/\/lasentinelle.dz\/wp-content\/uploads\/2024\/06\/TNA.jpeg","width":1000,"height":613},{"@type":"BreadcrumbList","@id":"https:\/\/lasentinelle.dz\/index.php\/2024\/06\/26\/festival-europeen-de-musique-en-algerie-rendez-vous-au-tna-du-27-juin-au-3-juillet\/#breadcrumb","itemListElement":[{"@type":"ListItem","position":1,"name":"Accueil","item":"https:\/\/lasentinelle.dz\/"},{"@type":"ListItem","position":2,"name":"Festival europ\u00e9en de Musique en Alg\u00e9rie : Rendez-vous au TNA du 27 juin au 3 juillet"}]},{"@type":"WebSite","@id":"https:\/\/lasentinelle.dz\/#website","url":"https:\/\/lasentinelle.dz\/","name":"La Sentinelle","description":"Quotidien national d&#039;information","publisher":{"@id":"https:\/\/lasentinelle.dz\/#organization"},"potentialAction":[{"@type":"SearchAction","target":{"@type":"EntryPoint","urlTemplate":"https:\/\/lasentinelle.dz\/?s={search_term_string}"},"query-input":{"@type":"PropertyValueSpecification","valueRequired":true,"valueName":"search_term_string"}}],"inLanguage":"fr-FR"},{"@type":"Organization","@id":"https:\/\/lasentinelle.dz\/#organization","name":"Quotidien La Sentinelle","url":"https:\/\/lasentinelle.dz\/","logo":{"@type":"ImageObject","inLanguage":"fr-FR","@id":"https:\/\/lasentinelle.dz\/#\/schema\/logo\/image\/","url":"https:\/\/lasentinelle.dz\/wp-content\/uploads\/2021\/09\/logo-sentinelleSLOGAN-1.png","contentUrl":"https:\/\/lasentinelle.dz\/wp-content\/uploads\/2021\/09\/logo-sentinelleSLOGAN-1.png","width":615,"height":142,"caption":"Quotidien La Sentinelle"},"image":{"@id":"https:\/\/lasentinelle.dz\/#\/schema\/logo\/image\/"},"sameAs":["https:\/\/www.facebook.com\/La-Sentinelle-104059864394773"]},{"@type":"Person","@id":"https:\/\/lasentinelle.dz\/#\/schema\/person\/d865044e22e70a75174ce8bcad3acfb3","name":"La Sentinelle","image":{"@type":"ImageObject","inLanguage":"fr-FR","@id":"https:\/\/secure.gravatar.com\/avatar\/57de8e5d4b15d43fb361a71fbb36338450fe67865b528a43dd10ef7c51a20392?s=96&d=mm&r=g","url":"https:\/\/secure.gravatar.com\/avatar\/57de8e5d4b15d43fb361a71fbb36338450fe67865b528a43dd10ef7c51a20392?s=96&d=mm&r=g","contentUrl":"https:\/\/secure.gravatar.com\/avatar\/57de8e5d4b15d43fb361a71fbb36338450fe67865b528a43dd10ef7c51a20392?s=96&d=mm&r=g","caption":"La Sentinelle"},"sameAs":["http:\/\/www.lasentinelle.dz"],"url":"https:\/\/lasentinelle.dz\/author\/redaction\/"}]}},"_links":{"self":[{"href":"https:\/\/lasentinelle.dz\/index.php\/wp-json\/wp\/v2\/posts\/53779","targetHints":{"allow":["GET"]}}],"collection":[{"href":"https:\/\/lasentinelle.dz\/index.php\/wp-json\/wp\/v2\/posts"}],"about":[{"href":"https:\/\/lasentinelle.dz\/index.php\/wp-json\/wp\/v2\/types\/post"}],"author":[{"embeddable":true,"href":"https:\/\/lasentinelle.dz\/index.php\/wp-json\/wp\/v2\/users\/3"}],"replies":[{"embeddable":true,"href":"https:\/\/lasentinelle.dz\/index.php\/wp-json\/wp\/v2\/comments?post=53779"}],"version-history":[{"count":1,"href":"https:\/\/lasentinelle.dz\/index.php\/wp-json\/wp\/v2\/posts\/53779\/revisions"}],"predecessor-version":[{"id":53781,"href":"https:\/\/lasentinelle.dz\/index.php\/wp-json\/wp\/v2\/posts\/53779\/revisions\/53781"}],"wp:featuredmedia":[{"embeddable":true,"href":"https:\/\/lasentinelle.dz\/index.php\/wp-json\/wp\/v2\/media\/53780"}],"wp:attachment":[{"href":"https:\/\/lasentinelle.dz\/index.php\/wp-json\/wp\/v2\/media?parent=53779"}],"wp:term":[{"taxonomy":"category","embeddable":true,"href":"https:\/\/lasentinelle.dz\/index.php\/wp-json\/wp\/v2\/categories?post=53779"},{"taxonomy":"post_tag","embeddable":true,"href":"https:\/\/lasentinelle.dz\/index.php\/wp-json\/wp\/v2\/tags?post=53779"}],"curies":[{"name":"wp","href":"https:\/\/api.w.org\/{rel}","templated":true}]}}