{"id":53787,"date":"2024-06-26T20:19:56","date_gmt":"2024-06-26T19:19:56","guid":{"rendered":"https:\/\/lasentinelle.dz\/?p=53787"},"modified":"2024-06-26T20:19:58","modified_gmt":"2024-06-26T19:19:58","slug":"tomate-industrielle-a-annaba-une-saison-avec-des-hauts-et-des-bas","status":"publish","type":"post","link":"https:\/\/lasentinelle.dz\/index.php\/2024\/06\/26\/tomate-industrielle-a-annaba-une-saison-avec-des-hauts-et-des-bas\/","title":{"rendered":"Tomate industrielle \u00e0 Annaba: Une saison avec des hauts et des bas"},"content":{"rendered":"\n<p>Bien que la fili\u00e8re de la tomate industrielle \u00e0 Annaba soit quelque peu perturb\u00e9e, il n&rsquo;en demeure n\u00e9anmoins que la saison est \u00e0 la hauteur des attentes. La commission technique mixte de la direction des services agricoles (DSA) et l&rsquo;Office interprofessionnel des fruits et l\u00e9gumes, ont amorc\u00e9, une s\u00e9rie de visite, afin d\u2019effectuer une estimation provisoire de la production du concentr\u00e9 de tomate \u00e0 travers les unit\u00e9s de transformation de la wilaya d\u2019Annaba. Cette op\u00e9ration s\u2019\u00e9talera sur les mois de juin et de juillet, ce qui permet d&rsquo;\u00e9tablir un bilan chiffr\u00e9 de la production. \u00c0 noter que la fili\u00e8re de la tomate industrielle est impact\u00e9e par le manque de stabilit\u00e9 occasionn\u00e9 par les arr\u00eats d&rsquo;activit\u00e9 des unit\u00e9s de transformations et des producteurs. Une situation retenue \u00e0 l\u2019actif des fluctuations de production d&rsquo;une saison \u00e0 l&rsquo;autre qui entra\u00eenent d\u2019une part une p\u00e9nurie, et d\u2019autre part une saturation en mati\u00e8re premi\u00e8re. Autre probl\u00e8me, celui des primes fix\u00e9es par kilo de tomate et qui devraient \u00eatre revers\u00e9es aux agriculteurs. Or, jusqu\u2019\u00e0 la mise sous presse, aucune prime n\u2019a \u00e9t\u00e9 vers\u00e9e par les transformateurs, dans le compte des agriculteurs de la tomate industrielle. Ce qui explique la tension et l\u2019agitation au sein des professionnels de la fili\u00e8re. Un \u00e9tat donnant le plus souvent lieu \u00e0 des affrontements entre ses acteurs agriculteurs et transformateurs. Cette situation qui perdure depuis des ann\u00e9es a souvent n\u00e9cessit\u00e9 l&rsquo;intervention de la tutelle pour assurer une relative stabilit\u00e9 de la production. Par ailleurs, en raison du d\u00e9clin de la production de la tomate industrielle dans la wilaya d\u2019Annaba, il a \u00e9t\u00e9 proc\u00e9d\u00e9 \u00e0 la mise en place, en f\u00e9vrier dernier, d\u2019une cellule de suivi charg\u00e9e de superviser chaque \u00e9tape du processus de la culture de la tomate industrielle et de rester proche des agriculteurs. La mission de cette cellule \u00e9tait d\u2019accompagner, d\u2019orienter et de former les agriculteurs en tout ce qui concerne les modes d\u2019irrigation, les soins culturels, la lutte phytosanitaire, les m\u00e9thodes de fertilisation des tomates, ainsi que les techniques de r\u00e9colte. Aux termes de toutes ses orientations, les objectifs semblent avoir \u00e9t\u00e9 atteints, puisque malgr\u00e9 les hauts les bas qui ont caract\u00e9ris\u00e9 la fili\u00e8re cette ann\u00e9e, les professionnels de cette fili\u00e8re strat\u00e9gique pr\u00e9conisent des r\u00e9sultats \u00e0 la hauteur des attentes.<\/p>\n\n\n\n<p><strong>S. Chahine<\/strong><\/p>\n","protected":false},"excerpt":{"rendered":"<p>Bien que la fili\u00e8re de la tomate industrielle \u00e0 Annaba soit quelque peu perturb\u00e9e, il n&rsquo;en demeure n\u00e9anmoins que la<\/p>\n","protected":false},"author":3,"featured_media":19254,"comment_status":"open","ping_status":"closed","sticky":false,"template":"","format":"standard","meta":{"colormag_page_container_layout":"default_layout","colormag_page_sidebar_layout":"default_layout","om_disable_all_campaigns":false,"_monsterinsights_skip_tracking":false,"_monsterinsights_sitenote_active":false,"_monsterinsights_sitenote_note":"","_monsterinsights_sitenote_category":0,"footnotes":"","_wpscppro_dont_share_socialmedia":false,"_wpscppro_custom_social_share_image":0,"_facebook_share_type":"default","_twitter_share_type":"default","_linkedin_share_type":"default","_pinterest_share_type":"default","_linkedin_share_type_page":"","_instagram_share_type":"default","_medium_share_type":"","_threads_share_type":"","_google_business_share_type":"","_selected_social_profile":[],"_wpsp_enable_custom_social_template":false,"_wpsp_social_scheduling":{"enabled":false,"datetime":null,"platforms":[],"status":"template_only","dateOption":"today","timeOption":"now","customDays":"","customHours":"","customDate":"","customTime":"","schedulingType":"absolute"},"_wpsp_active_default_template":true},"categories":[31],"tags":[],"class_list":["post-53787","post","type-post","status-publish","format-standard","has-post-thumbnail","hentry","category-regions"],"aioseo_notices":[],"yoast_head":"<!-- This site is optimized with the Yoast SEO plugin v27.5 - https:\/\/yoast.com\/product\/yoast-seo-wordpress\/ -->\n<title>Tomate industrielle \u00e0 Annaba: Une saison avec des hauts et des bas - La Sentinelle<\/title>\n<meta name=\"robots\" content=\"index, follow, max-snippet:-1, max-image-preview:large, max-video-preview:-1\" \/>\n<link rel=\"canonical\" href=\"https:\/\/lasentinelle.dz\/index.php\/2024\/06\/26\/tomate-industrielle-a-annaba-une-saison-avec-des-hauts-et-des-bas\/\" \/>\n<meta property=\"og:locale\" content=\"fr_FR\" \/>\n<meta property=\"og:type\" content=\"article\" \/>\n<meta property=\"og:title\" content=\"Tomate industrielle \u00e0 Annaba: Une saison avec des hauts et des bas - La Sentinelle\" \/>\n<meta property=\"og:description\" content=\"Bien que la fili\u00e8re de la tomate industrielle \u00e0 Annaba soit quelque peu perturb\u00e9e, il n&rsquo;en demeure n\u00e9anmoins que la\" \/>\n<meta property=\"og:url\" content=\"https:\/\/lasentinelle.dz\/index.php\/2024\/06\/26\/tomate-industrielle-a-annaba-une-saison-avec-des-hauts-et-des-bas\/\" \/>\n<meta property=\"og:site_name\" content=\"La Sentinelle\" \/>\n<meta property=\"article:publisher\" content=\"https:\/\/www.facebook.com\/La-Sentinelle-104059864394773\" \/>\n<meta property=\"article:published_time\" content=\"2024-06-26T19:19:56+00:00\" \/>\n<meta property=\"article:modified_time\" content=\"2024-06-26T19:19:58+00:00\" \/>\n<meta property=\"og:image\" content=\"https:\/\/lasentinelle.dz\/wp-content\/uploads\/2022\/04\/tomate-industrielle.png\" \/>\n\t<meta property=\"og:image:width\" content=\"1491\" \/>\n\t<meta property=\"og:image:height\" content=\"900\" \/>\n\t<meta property=\"og:image:type\" content=\"image\/png\" \/>\n<meta name=\"author\" content=\"La Sentinelle\" \/>\n<meta name=\"twitter:card\" content=\"summary_large_image\" \/>\n<meta name=\"twitter:label1\" content=\"\u00c9crit par\" \/>\n\t<meta name=\"twitter:data1\" content=\"La Sentinelle\" \/>\n\t<meta name=\"twitter:label2\" content=\"Dur\u00e9e de lecture estim\u00e9e\" \/>\n\t<meta name=\"twitter:data2\" content=\"3 minutes\" \/>\n<script type=\"application\/ld+json\" class=\"yoast-schema-graph\">{\"@context\":\"https:\\\/\\\/schema.org\",\"@graph\":[{\"@type\":\"Article\",\"@id\":\"https:\\\/\\\/lasentinelle.dz\\\/index.php\\\/2024\\\/06\\\/26\\\/tomate-industrielle-a-annaba-une-saison-avec-des-hauts-et-des-bas\\\/#article\",\"isPartOf\":{\"@id\":\"https:\\\/\\\/lasentinelle.dz\\\/index.php\\\/2024\\\/06\\\/26\\\/tomate-industrielle-a-annaba-une-saison-avec-des-hauts-et-des-bas\\\/\"},\"author\":{\"name\":\"La Sentinelle\",\"@id\":\"https:\\\/\\\/lasentinelle.dz\\\/#\\\/schema\\\/person\\\/d865044e22e70a75174ce8bcad3acfb3\"},\"headline\":\"Tomate industrielle \u00e0 Annaba: Une saison avec des hauts et des bas\",\"datePublished\":\"2024-06-26T19:19:56+00:00\",\"dateModified\":\"2024-06-26T19:19:58+00:00\",\"mainEntityOfPage\":{\"@id\":\"https:\\\/\\\/lasentinelle.dz\\\/index.php\\\/2024\\\/06\\\/26\\\/tomate-industrielle-a-annaba-une-saison-avec-des-hauts-et-des-bas\\\/\"},\"wordCount\":431,\"commentCount\":0,\"publisher\":{\"@id\":\"https:\\\/\\\/lasentinelle.dz\\\/#organization\"},\"image\":{\"@id\":\"https:\\\/\\\/lasentinelle.dz\\\/index.php\\\/2024\\\/06\\\/26\\\/tomate-industrielle-a-annaba-une-saison-avec-des-hauts-et-des-bas\\\/#primaryimage\"},\"thumbnailUrl\":\"https:\\\/\\\/lasentinelle.dz\\\/wp-content\\\/uploads\\\/2022\\\/04\\\/tomate-industrielle.png\",\"articleSection\":[\"R\u00e9gions\"],\"inLanguage\":\"fr-FR\",\"potentialAction\":[{\"@type\":\"CommentAction\",\"name\":\"Comment\",\"target\":[\"https:\\\/\\\/lasentinelle.dz\\\/index.php\\\/2024\\\/06\\\/26\\\/tomate-industrielle-a-annaba-une-saison-avec-des-hauts-et-des-bas\\\/#respond\"]}]},{\"@type\":\"WebPage\",\"@id\":\"https:\\\/\\\/lasentinelle.dz\\\/index.php\\\/2024\\\/06\\\/26\\\/tomate-industrielle-a-annaba-une-saison-avec-des-hauts-et-des-bas\\\/\",\"url\":\"https:\\\/\\\/lasentinelle.dz\\\/index.php\\\/2024\\\/06\\\/26\\\/tomate-industrielle-a-annaba-une-saison-avec-des-hauts-et-des-bas\\\/\",\"name\":\"Tomate industrielle \u00e0 Annaba: Une saison avec des hauts et des bas - La Sentinelle\",\"isPartOf\":{\"@id\":\"https:\\\/\\\/lasentinelle.dz\\\/#website\"},\"primaryImageOfPage\":{\"@id\":\"https:\\\/\\\/lasentinelle.dz\\\/index.php\\\/2024\\\/06\\\/26\\\/tomate-industrielle-a-annaba-une-saison-avec-des-hauts-et-des-bas\\\/#primaryimage\"},\"image\":{\"@id\":\"https:\\\/\\\/lasentinelle.dz\\\/index.php\\\/2024\\\/06\\\/26\\\/tomate-industrielle-a-annaba-une-saison-avec-des-hauts-et-des-bas\\\/#primaryimage\"},\"thumbnailUrl\":\"https:\\\/\\\/lasentinelle.dz\\\/wp-content\\\/uploads\\\/2022\\\/04\\\/tomate-industrielle.png\",\"datePublished\":\"2024-06-26T19:19:56+00:00\",\"dateModified\":\"2024-06-26T19:19:58+00:00\",\"breadcrumb\":{\"@id\":\"https:\\\/\\\/lasentinelle.dz\\\/index.php\\\/2024\\\/06\\\/26\\\/tomate-industrielle-a-annaba-une-saison-avec-des-hauts-et-des-bas\\\/#breadcrumb\"},\"inLanguage\":\"fr-FR\",\"potentialAction\":[{\"@type\":\"ReadAction\",\"target\":[\"https:\\\/\\\/lasentinelle.dz\\\/index.php\\\/2024\\\/06\\\/26\\\/tomate-industrielle-a-annaba-une-saison-avec-des-hauts-et-des-bas\\\/\"]}]},{\"@type\":\"ImageObject\",\"inLanguage\":\"fr-FR\",\"@id\":\"https:\\\/\\\/lasentinelle.dz\\\/index.php\\\/2024\\\/06\\\/26\\\/tomate-industrielle-a-annaba-une-saison-avec-des-hauts-et-des-bas\\\/#primaryimage\",\"url\":\"https:\\\/\\\/lasentinelle.dz\\\/wp-content\\\/uploads\\\/2022\\\/04\\\/tomate-industrielle.png\",\"contentUrl\":\"https:\\\/\\\/lasentinelle.dz\\\/wp-content\\\/uploads\\\/2022\\\/04\\\/tomate-industrielle.png\",\"width\":1491,\"height\":900},{\"@type\":\"BreadcrumbList\",\"@id\":\"https:\\\/\\\/lasentinelle.dz\\\/index.php\\\/2024\\\/06\\\/26\\\/tomate-industrielle-a-annaba-une-saison-avec-des-hauts-et-des-bas\\\/#breadcrumb\",\"itemListElement\":[{\"@type\":\"ListItem\",\"position\":1,\"name\":\"Accueil\",\"item\":\"https:\\\/\\\/lasentinelle.dz\\\/\"},{\"@type\":\"ListItem\",\"position\":2,\"name\":\"Tomate industrielle \u00e0 Annaba: Une saison avec des hauts et des bas\"}]},{\"@type\":\"WebSite\",\"@id\":\"https:\\\/\\\/lasentinelle.dz\\\/#website\",\"url\":\"https:\\\/\\\/lasentinelle.dz\\\/\",\"name\":\"La Sentinelle\",\"description\":\"Quotidien national d&#039;information\",\"publisher\":{\"@id\":\"https:\\\/\\\/lasentinelle.dz\\\/#organization\"},\"potentialAction\":[{\"@type\":\"SearchAction\",\"target\":{\"@type\":\"EntryPoint\",\"urlTemplate\":\"https:\\\/\\\/lasentinelle.dz\\\/?s={search_term_string}\"},\"query-input\":{\"@type\":\"PropertyValueSpecification\",\"valueRequired\":true,\"valueName\":\"search_term_string\"}}],\"inLanguage\":\"fr-FR\"},{\"@type\":\"Organization\",\"@id\":\"https:\\\/\\\/lasentinelle.dz\\\/#organization\",\"name\":\"Quotidien La Sentinelle\",\"url\":\"https:\\\/\\\/lasentinelle.dz\\\/\",\"logo\":{\"@type\":\"ImageObject\",\"inLanguage\":\"fr-FR\",\"@id\":\"https:\\\/\\\/lasentinelle.dz\\\/#\\\/schema\\\/logo\\\/image\\\/\",\"url\":\"https:\\\/\\\/lasentinelle.dz\\\/wp-content\\\/uploads\\\/2021\\\/09\\\/logo-sentinelleSLOGAN-1.png\",\"contentUrl\":\"https:\\\/\\\/lasentinelle.dz\\\/wp-content\\\/uploads\\\/2021\\\/09\\\/logo-sentinelleSLOGAN-1.png\",\"width\":615,\"height\":142,\"caption\":\"Quotidien La Sentinelle\"},\"image\":{\"@id\":\"https:\\\/\\\/lasentinelle.dz\\\/#\\\/schema\\\/logo\\\/image\\\/\"},\"sameAs\":[\"https:\\\/\\\/www.facebook.com\\\/La-Sentinelle-104059864394773\"]},{\"@type\":\"Person\",\"@id\":\"https:\\\/\\\/lasentinelle.dz\\\/#\\\/schema\\\/person\\\/d865044e22e70a75174ce8bcad3acfb3\",\"name\":\"La Sentinelle\",\"image\":{\"@type\":\"ImageObject\",\"inLanguage\":\"fr-FR\",\"@id\":\"https:\\\/\\\/secure.gravatar.com\\\/avatar\\\/57de8e5d4b15d43fb361a71fbb36338450fe67865b528a43dd10ef7c51a20392?s=96&d=mm&r=g\",\"url\":\"https:\\\/\\\/secure.gravatar.com\\\/avatar\\\/57de8e5d4b15d43fb361a71fbb36338450fe67865b528a43dd10ef7c51a20392?s=96&d=mm&r=g\",\"contentUrl\":\"https:\\\/\\\/secure.gravatar.com\\\/avatar\\\/57de8e5d4b15d43fb361a71fbb36338450fe67865b528a43dd10ef7c51a20392?s=96&d=mm&r=g\",\"caption\":\"La Sentinelle\"},\"sameAs\":[\"http:\\\/\\\/www.lasentinelle.dz\"],\"url\":\"https:\\\/\\\/lasentinelle.dz\\\/author\\\/redaction\\\/\"}]}<\/script>\n<!-- \/ Yoast SEO plugin. -->","yoast_head_json":{"title":"Tomate industrielle \u00e0 Annaba: Une saison avec des hauts et des bas - La Sentinelle","robots":{"index":"index","follow":"follow","max-snippet":"max-snippet:-1","max-image-preview":"max-image-preview:large","max-video-preview":"max-video-preview:-1"},"canonical":"https:\/\/lasentinelle.dz\/index.php\/2024\/06\/26\/tomate-industrielle-a-annaba-une-saison-avec-des-hauts-et-des-bas\/","og_locale":"fr_FR","og_type":"article","og_title":"Tomate industrielle \u00e0 Annaba: Une saison avec des hauts et des bas - La Sentinelle","og_description":"Bien que la fili\u00e8re de la tomate industrielle \u00e0 Annaba soit quelque peu perturb\u00e9e, il n&rsquo;en demeure n\u00e9anmoins que la","og_url":"https:\/\/lasentinelle.dz\/index.php\/2024\/06\/26\/tomate-industrielle-a-annaba-une-saison-avec-des-hauts-et-des-bas\/","og_site_name":"La Sentinelle","article_publisher":"https:\/\/www.facebook.com\/La-Sentinelle-104059864394773","article_published_time":"2024-06-26T19:19:56+00:00","article_modified_time":"2024-06-26T19:19:58+00:00","og_image":[{"width":1491,"height":900,"url":"https:\/\/lasentinelle.dz\/wp-content\/uploads\/2022\/04\/tomate-industrielle.png","type":"image\/png"}],"author":"La Sentinelle","twitter_card":"summary_large_image","twitter_misc":{"\u00c9crit par":"La Sentinelle","Dur\u00e9e de lecture estim\u00e9e":"3 minutes"},"schema":{"@context":"https:\/\/schema.org","@graph":[{"@type":"Article","@id":"https:\/\/lasentinelle.dz\/index.php\/2024\/06\/26\/tomate-industrielle-a-annaba-une-saison-avec-des-hauts-et-des-bas\/#article","isPartOf":{"@id":"https:\/\/lasentinelle.dz\/index.php\/2024\/06\/26\/tomate-industrielle-a-annaba-une-saison-avec-des-hauts-et-des-bas\/"},"author":{"name":"La Sentinelle","@id":"https:\/\/lasentinelle.dz\/#\/schema\/person\/d865044e22e70a75174ce8bcad3acfb3"},"headline":"Tomate industrielle \u00e0 Annaba: Une saison avec des hauts et des bas","datePublished":"2024-06-26T19:19:56+00:00","dateModified":"2024-06-26T19:19:58+00:00","mainEntityOfPage":{"@id":"https:\/\/lasentinelle.dz\/index.php\/2024\/06\/26\/tomate-industrielle-a-annaba-une-saison-avec-des-hauts-et-des-bas\/"},"wordCount":431,"commentCount":0,"publisher":{"@id":"https:\/\/lasentinelle.dz\/#organization"},"image":{"@id":"https:\/\/lasentinelle.dz\/index.php\/2024\/06\/26\/tomate-industrielle-a-annaba-une-saison-avec-des-hauts-et-des-bas\/#primaryimage"},"thumbnailUrl":"https:\/\/lasentinelle.dz\/wp-content\/uploads\/2022\/04\/tomate-industrielle.png","articleSection":["R\u00e9gions"],"inLanguage":"fr-FR","potentialAction":[{"@type":"CommentAction","name":"Comment","target":["https:\/\/lasentinelle.dz\/index.php\/2024\/06\/26\/tomate-industrielle-a-annaba-une-saison-avec-des-hauts-et-des-bas\/#respond"]}]},{"@type":"WebPage","@id":"https:\/\/lasentinelle.dz\/index.php\/2024\/06\/26\/tomate-industrielle-a-annaba-une-saison-avec-des-hauts-et-des-bas\/","url":"https:\/\/lasentinelle.dz\/index.php\/2024\/06\/26\/tomate-industrielle-a-annaba-une-saison-avec-des-hauts-et-des-bas\/","name":"Tomate industrielle \u00e0 Annaba: Une saison avec des hauts et des bas - La Sentinelle","isPartOf":{"@id":"https:\/\/lasentinelle.dz\/#website"},"primaryImageOfPage":{"@id":"https:\/\/lasentinelle.dz\/index.php\/2024\/06\/26\/tomate-industrielle-a-annaba-une-saison-avec-des-hauts-et-des-bas\/#primaryimage"},"image":{"@id":"https:\/\/lasentinelle.dz\/index.php\/2024\/06\/26\/tomate-industrielle-a-annaba-une-saison-avec-des-hauts-et-des-bas\/#primaryimage"},"thumbnailUrl":"https:\/\/lasentinelle.dz\/wp-content\/uploads\/2022\/04\/tomate-industrielle.png","datePublished":"2024-06-26T19:19:56+00:00","dateModified":"2024-06-26T19:19:58+00:00","breadcrumb":{"@id":"https:\/\/lasentinelle.dz\/index.php\/2024\/06\/26\/tomate-industrielle-a-annaba-une-saison-avec-des-hauts-et-des-bas\/#breadcrumb"},"inLanguage":"fr-FR","potentialAction":[{"@type":"ReadAction","target":["https:\/\/lasentinelle.dz\/index.php\/2024\/06\/26\/tomate-industrielle-a-annaba-une-saison-avec-des-hauts-et-des-bas\/"]}]},{"@type":"ImageObject","inLanguage":"fr-FR","@id":"https:\/\/lasentinelle.dz\/index.php\/2024\/06\/26\/tomate-industrielle-a-annaba-une-saison-avec-des-hauts-et-des-bas\/#primaryimage","url":"https:\/\/lasentinelle.dz\/wp-content\/uploads\/2022\/04\/tomate-industrielle.png","contentUrl":"https:\/\/lasentinelle.dz\/wp-content\/uploads\/2022\/04\/tomate-industrielle.png","width":1491,"height":900},{"@type":"BreadcrumbList","@id":"https:\/\/lasentinelle.dz\/index.php\/2024\/06\/26\/tomate-industrielle-a-annaba-une-saison-avec-des-hauts-et-des-bas\/#breadcrumb","itemListElement":[{"@type":"ListItem","position":1,"name":"Accueil","item":"https:\/\/lasentinelle.dz\/"},{"@type":"ListItem","position":2,"name":"Tomate industrielle \u00e0 Annaba: Une saison avec des hauts et des bas"}]},{"@type":"WebSite","@id":"https:\/\/lasentinelle.dz\/#website","url":"https:\/\/lasentinelle.dz\/","name":"La Sentinelle","description":"Quotidien national d&#039;information","publisher":{"@id":"https:\/\/lasentinelle.dz\/#organization"},"potentialAction":[{"@type":"SearchAction","target":{"@type":"EntryPoint","urlTemplate":"https:\/\/lasentinelle.dz\/?s={search_term_string}"},"query-input":{"@type":"PropertyValueSpecification","valueRequired":true,"valueName":"search_term_string"}}],"inLanguage":"fr-FR"},{"@type":"Organization","@id":"https:\/\/lasentinelle.dz\/#organization","name":"Quotidien La Sentinelle","url":"https:\/\/lasentinelle.dz\/","logo":{"@type":"ImageObject","inLanguage":"fr-FR","@id":"https:\/\/lasentinelle.dz\/#\/schema\/logo\/image\/","url":"https:\/\/lasentinelle.dz\/wp-content\/uploads\/2021\/09\/logo-sentinelleSLOGAN-1.png","contentUrl":"https:\/\/lasentinelle.dz\/wp-content\/uploads\/2021\/09\/logo-sentinelleSLOGAN-1.png","width":615,"height":142,"caption":"Quotidien La Sentinelle"},"image":{"@id":"https:\/\/lasentinelle.dz\/#\/schema\/logo\/image\/"},"sameAs":["https:\/\/www.facebook.com\/La-Sentinelle-104059864394773"]},{"@type":"Person","@id":"https:\/\/lasentinelle.dz\/#\/schema\/person\/d865044e22e70a75174ce8bcad3acfb3","name":"La Sentinelle","image":{"@type":"ImageObject","inLanguage":"fr-FR","@id":"https:\/\/secure.gravatar.com\/avatar\/57de8e5d4b15d43fb361a71fbb36338450fe67865b528a43dd10ef7c51a20392?s=96&d=mm&r=g","url":"https:\/\/secure.gravatar.com\/avatar\/57de8e5d4b15d43fb361a71fbb36338450fe67865b528a43dd10ef7c51a20392?s=96&d=mm&r=g","contentUrl":"https:\/\/secure.gravatar.com\/avatar\/57de8e5d4b15d43fb361a71fbb36338450fe67865b528a43dd10ef7c51a20392?s=96&d=mm&r=g","caption":"La Sentinelle"},"sameAs":["http:\/\/www.lasentinelle.dz"],"url":"https:\/\/lasentinelle.dz\/author\/redaction\/"}]}},"_links":{"self":[{"href":"https:\/\/lasentinelle.dz\/index.php\/wp-json\/wp\/v2\/posts\/53787","targetHints":{"allow":["GET"]}}],"collection":[{"href":"https:\/\/lasentinelle.dz\/index.php\/wp-json\/wp\/v2\/posts"}],"about":[{"href":"https:\/\/lasentinelle.dz\/index.php\/wp-json\/wp\/v2\/types\/post"}],"author":[{"embeddable":true,"href":"https:\/\/lasentinelle.dz\/index.php\/wp-json\/wp\/v2\/users\/3"}],"replies":[{"embeddable":true,"href":"https:\/\/lasentinelle.dz\/index.php\/wp-json\/wp\/v2\/comments?post=53787"}],"version-history":[{"count":1,"href":"https:\/\/lasentinelle.dz\/index.php\/wp-json\/wp\/v2\/posts\/53787\/revisions"}],"predecessor-version":[{"id":53788,"href":"https:\/\/lasentinelle.dz\/index.php\/wp-json\/wp\/v2\/posts\/53787\/revisions\/53788"}],"wp:featuredmedia":[{"embeddable":true,"href":"https:\/\/lasentinelle.dz\/index.php\/wp-json\/wp\/v2\/media\/19254"}],"wp:attachment":[{"href":"https:\/\/lasentinelle.dz\/index.php\/wp-json\/wp\/v2\/media?parent=53787"}],"wp:term":[{"taxonomy":"category","embeddable":true,"href":"https:\/\/lasentinelle.dz\/index.php\/wp-json\/wp\/v2\/categories?post=53787"},{"taxonomy":"post_tag","embeddable":true,"href":"https:\/\/lasentinelle.dz\/index.php\/wp-json\/wp\/v2\/tags?post=53787"}],"curies":[{"name":"wp","href":"https:\/\/api.w.org\/{rel}","templated":true}]}}