{"id":5379,"date":"2021-08-26T00:01:00","date_gmt":"2021-08-25T23:01:00","guid":{"rendered":"https:\/\/lasentinelle.dz\/?p=5379"},"modified":"2021-08-25T15:55:44","modified_gmt":"2021-08-25T14:55:44","slug":"cisjordanie-occupee-les-agressions-israeliennes-se-multiplient","status":"publish","type":"post","link":"https:\/\/lasentinelle.dz\/index.php\/2021\/08\/26\/cisjordanie-occupee-les-agressions-israeliennes-se-multiplient\/","title":{"rendered":"Cisjordanie occup\u00e9e : Les agressions isra\u00e9liennes se multiplient"},"content":{"rendered":"\n<p>Les soldats de l\u2019arm\u00e9e d\u2019occupation ont commis hier plusieurs violations dans diff\u00e9rentes provinces de la Cisjordanie occup\u00e9e, \u00e0 travers des d\u00e9molitions de maisons palestiniennes et des balayages des terres des Palestiniens ainsi que le d\u00e9racinement d\u2019oliviers centenaires.<\/p>\n\n\n\n<p>Selon l\u2019agence de presse palestinienne Wafa, les forces de l\u2019occupation ont d\u00e9truit une maison palestinienne dans la localit\u00e9 \u2018Al-Walaja\u2019 au nord-ouest de Bethl\u00e9em. Cette r\u00e9gion est soumise \u00e0 une politique agressive d\u2019acc\u00e9l\u00e9ration du d\u00e9ploiement des colonies ill\u00e9gales.<\/p>\n\n\n\n<p>Dans la province de Bethl\u00e9em, les bulldozers de l\u2019occupation ont ras\u00e9 des habitations palestiniennes dans la localit\u00e9 de \u2018Kissan\u2019 en faveur d\u2019un projet colonial, sachant que cette localit\u00e9 est cibl\u00e9e par l\u2019occupation et ses colons pour resserrer la vie des Palestiniens et les poussant \u00e0 quitter leurs terres.<\/p>\n\n\n\n<p>De plus, les l\u2019occupation a d\u00e9truit une maison en construction dans la localit\u00e9 de \u2018Silwan\u2019 dans la ville d\u2019El Qods occup\u00e9e.Dans la province d\u2019Hebron, les bolldozers israeliens ont balayee des terres palestiniennes et ont deracinee 400 oliviers dans la region \u2018Birin\u2019 \u00e0 l\u2019est de la ville d\u2019Hebron.<\/p>\n\n\n\n<p>Les colons ont intensifi\u00e9 r\u00e9cemment leurs attaques contre les Palestiniens et leurs propri\u00e9t\u00e9s \u00e0 travers la Cisjordanie occup\u00e9e.<\/p>\n\n\n\n<p>Les forces d\u2019occupation et les colons ont d\u00e9racin\u00e9 pendant le mois dernier 1.200 oliviers, des arbres et des plants.Le mois de janvier dernier, les colons ont d\u00e9racin\u00e9 plus de 50 oliviers et ont incendi\u00e9 de vastes \u00e9tendues de terres plant\u00e9es d\u2019arbres en Cisjordanie occup\u00e9e, causant d\u2019importants d\u00e9g\u00e2ts mat\u00e9riels aux agriculteurs palestiniens.Depuis 2010, les colons isra\u00e9liens ont d\u00e9racin\u00e9, br\u00fbl\u00e9 et empoisonn\u00e9 chimiquement plus de 100.000 arbres, causant des pertes estim\u00e9es \u00e0 des millions de dollars aux agriculteurs palestiniens.<\/p>\n\n\n\n<p>R.I.<\/p>\n","protected":false},"excerpt":{"rendered":"<p>Les soldats de l\u2019arm\u00e9e d\u2019occupation ont commis hier plusieurs violations dans diff\u00e9rentes provinces de la Cisjordanie occup\u00e9e, \u00e0 travers des<\/p>\n","protected":false},"author":3,"featured_media":5383,"comment_status":"open","ping_status":"closed","sticky":false,"template":"","format":"standard","meta":{"colormag_page_container_layout":"default_layout","colormag_page_sidebar_layout":"default_layout","om_disable_all_campaigns":false,"_monsterinsights_skip_tracking":false,"_monsterinsights_sitenote_active":false,"_monsterinsights_sitenote_note":"","_monsterinsights_sitenote_category":0,"footnotes":"","_wpscppro_dont_share_socialmedia":false,"_wpscppro_custom_social_share_image":0,"_facebook_share_type":"","_twitter_share_type":"","_linkedin_share_type":"","_pinterest_share_type":"","_linkedin_share_type_page":"","_instagram_share_type":"","_medium_share_type":"","_threads_share_type":"","_google_business_share_type":"","_selected_social_profile":[],"_wpsp_enable_custom_social_template":false,"_wpsp_social_scheduling":{"enabled":false,"datetime":null,"platforms":[],"status":"template_only","dateOption":"today","timeOption":"now","customDays":"","customHours":"","customDate":"","customTime":"","schedulingType":"absolute"},"_wpsp_active_default_template":true},"categories":[37],"tags":[],"class_list":["post-5379","post","type-post","status-publish","format-standard","has-post-thumbnail","hentry","category-monde"],"aioseo_notices":[],"yoast_head":"<!-- This site is optimized with the Yoast SEO plugin v27.5 - https:\/\/yoast.com\/product\/yoast-seo-wordpress\/ -->\n<title>Cisjordanie occup\u00e9e : Les agressions isra\u00e9liennes se multiplient - La Sentinelle<\/title>\n<meta name=\"robots\" content=\"index, follow, max-snippet:-1, max-image-preview:large, max-video-preview:-1\" \/>\n<link rel=\"canonical\" href=\"https:\/\/lasentinelle.dz\/index.php\/2021\/08\/26\/cisjordanie-occupee-les-agressions-israeliennes-se-multiplient\/\" \/>\n<meta property=\"og:locale\" content=\"fr_FR\" \/>\n<meta property=\"og:type\" content=\"article\" \/>\n<meta property=\"og:title\" content=\"Cisjordanie occup\u00e9e : Les agressions isra\u00e9liennes se multiplient - La Sentinelle\" \/>\n<meta property=\"og:description\" content=\"Les soldats de l\u2019arm\u00e9e d\u2019occupation ont commis hier plusieurs violations dans diff\u00e9rentes provinces de la Cisjordanie occup\u00e9e, \u00e0 travers des\" \/>\n<meta property=\"og:url\" content=\"https:\/\/lasentinelle.dz\/index.php\/2021\/08\/26\/cisjordanie-occupee-les-agressions-israeliennes-se-multiplient\/\" \/>\n<meta property=\"og:site_name\" content=\"La Sentinelle\" \/>\n<meta property=\"article:publisher\" content=\"https:\/\/www.facebook.com\/La-Sentinelle-104059864394773\" \/>\n<meta property=\"article:published_time\" content=\"2021-08-25T23:01:00+00:00\" \/>\n<meta property=\"og:image\" content=\"https:\/\/lasentinelle.dz\/wp-content\/uploads\/2021\/08\/image_2021-08-25_155537.png\" \/>\n\t<meta property=\"og:image:width\" content=\"615\" \/>\n\t<meta property=\"og:image:height\" content=\"330\" \/>\n\t<meta property=\"og:image:type\" content=\"image\/png\" \/>\n<meta name=\"author\" content=\"La Sentinelle\" \/>\n<meta name=\"twitter:card\" content=\"summary_large_image\" \/>\n<meta name=\"twitter:label1\" content=\"\u00c9crit par\" \/>\n\t<meta name=\"twitter:data1\" content=\"La Sentinelle\" \/>\n\t<meta name=\"twitter:label2\" content=\"Dur\u00e9e de lecture estim\u00e9e\" \/>\n\t<meta name=\"twitter:data2\" content=\"2 minutes\" \/>\n<script type=\"application\/ld+json\" class=\"yoast-schema-graph\">{\"@context\":\"https:\\\/\\\/schema.org\",\"@graph\":[{\"@type\":\"Article\",\"@id\":\"https:\\\/\\\/lasentinelle.dz\\\/index.php\\\/2021\\\/08\\\/26\\\/cisjordanie-occupee-les-agressions-israeliennes-se-multiplient\\\/#article\",\"isPartOf\":{\"@id\":\"https:\\\/\\\/lasentinelle.dz\\\/index.php\\\/2021\\\/08\\\/26\\\/cisjordanie-occupee-les-agressions-israeliennes-se-multiplient\\\/\"},\"author\":{\"name\":\"La Sentinelle\",\"@id\":\"https:\\\/\\\/lasentinelle.dz\\\/#\\\/schema\\\/person\\\/d865044e22e70a75174ce8bcad3acfb3\"},\"headline\":\"Cisjordanie occup\u00e9e : Les agressions isra\u00e9liennes se multiplient\",\"datePublished\":\"2021-08-25T23:01:00+00:00\",\"mainEntityOfPage\":{\"@id\":\"https:\\\/\\\/lasentinelle.dz\\\/index.php\\\/2021\\\/08\\\/26\\\/cisjordanie-occupee-les-agressions-israeliennes-se-multiplient\\\/\"},\"wordCount\":315,\"commentCount\":0,\"publisher\":{\"@id\":\"https:\\\/\\\/lasentinelle.dz\\\/#organization\"},\"image\":{\"@id\":\"https:\\\/\\\/lasentinelle.dz\\\/index.php\\\/2021\\\/08\\\/26\\\/cisjordanie-occupee-les-agressions-israeliennes-se-multiplient\\\/#primaryimage\"},\"thumbnailUrl\":\"https:\\\/\\\/lasentinelle.dz\\\/wp-content\\\/uploads\\\/2021\\\/08\\\/image_2021-08-25_155537.png\",\"articleSection\":[\"Monde\"],\"inLanguage\":\"fr-FR\",\"potentialAction\":[{\"@type\":\"CommentAction\",\"name\":\"Comment\",\"target\":[\"https:\\\/\\\/lasentinelle.dz\\\/index.php\\\/2021\\\/08\\\/26\\\/cisjordanie-occupee-les-agressions-israeliennes-se-multiplient\\\/#respond\"]}]},{\"@type\":\"WebPage\",\"@id\":\"https:\\\/\\\/lasentinelle.dz\\\/index.php\\\/2021\\\/08\\\/26\\\/cisjordanie-occupee-les-agressions-israeliennes-se-multiplient\\\/\",\"url\":\"https:\\\/\\\/lasentinelle.dz\\\/index.php\\\/2021\\\/08\\\/26\\\/cisjordanie-occupee-les-agressions-israeliennes-se-multiplient\\\/\",\"name\":\"Cisjordanie occup\u00e9e : Les agressions isra\u00e9liennes se multiplient - La Sentinelle\",\"isPartOf\":{\"@id\":\"https:\\\/\\\/lasentinelle.dz\\\/#website\"},\"primaryImageOfPage\":{\"@id\":\"https:\\\/\\\/lasentinelle.dz\\\/index.php\\\/2021\\\/08\\\/26\\\/cisjordanie-occupee-les-agressions-israeliennes-se-multiplient\\\/#primaryimage\"},\"image\":{\"@id\":\"https:\\\/\\\/lasentinelle.dz\\\/index.php\\\/2021\\\/08\\\/26\\\/cisjordanie-occupee-les-agressions-israeliennes-se-multiplient\\\/#primaryimage\"},\"thumbnailUrl\":\"https:\\\/\\\/lasentinelle.dz\\\/wp-content\\\/uploads\\\/2021\\\/08\\\/image_2021-08-25_155537.png\",\"datePublished\":\"2021-08-25T23:01:00+00:00\",\"breadcrumb\":{\"@id\":\"https:\\\/\\\/lasentinelle.dz\\\/index.php\\\/2021\\\/08\\\/26\\\/cisjordanie-occupee-les-agressions-israeliennes-se-multiplient\\\/#breadcrumb\"},\"inLanguage\":\"fr-FR\",\"potentialAction\":[{\"@type\":\"ReadAction\",\"target\":[\"https:\\\/\\\/lasentinelle.dz\\\/index.php\\\/2021\\\/08\\\/26\\\/cisjordanie-occupee-les-agressions-israeliennes-se-multiplient\\\/\"]}]},{\"@type\":\"ImageObject\",\"inLanguage\":\"fr-FR\",\"@id\":\"https:\\\/\\\/lasentinelle.dz\\\/index.php\\\/2021\\\/08\\\/26\\\/cisjordanie-occupee-les-agressions-israeliennes-se-multiplient\\\/#primaryimage\",\"url\":\"https:\\\/\\\/lasentinelle.dz\\\/wp-content\\\/uploads\\\/2021\\\/08\\\/image_2021-08-25_155537.png\",\"contentUrl\":\"https:\\\/\\\/lasentinelle.dz\\\/wp-content\\\/uploads\\\/2021\\\/08\\\/image_2021-08-25_155537.png\",\"width\":615,\"height\":330},{\"@type\":\"BreadcrumbList\",\"@id\":\"https:\\\/\\\/lasentinelle.dz\\\/index.php\\\/2021\\\/08\\\/26\\\/cisjordanie-occupee-les-agressions-israeliennes-se-multiplient\\\/#breadcrumb\",\"itemListElement\":[{\"@type\":\"ListItem\",\"position\":1,\"name\":\"Accueil\",\"item\":\"https:\\\/\\\/lasentinelle.dz\\\/\"},{\"@type\":\"ListItem\",\"position\":2,\"name\":\"Cisjordanie occup\u00e9e : Les agressions isra\u00e9liennes se multiplient\"}]},{\"@type\":\"WebSite\",\"@id\":\"https:\\\/\\\/lasentinelle.dz\\\/#website\",\"url\":\"https:\\\/\\\/lasentinelle.dz\\\/\",\"name\":\"La Sentinelle\",\"description\":\"Quotidien national d&#039;information\",\"publisher\":{\"@id\":\"https:\\\/\\\/lasentinelle.dz\\\/#organization\"},\"potentialAction\":[{\"@type\":\"SearchAction\",\"target\":{\"@type\":\"EntryPoint\",\"urlTemplate\":\"https:\\\/\\\/lasentinelle.dz\\\/?s={search_term_string}\"},\"query-input\":{\"@type\":\"PropertyValueSpecification\",\"valueRequired\":true,\"valueName\":\"search_term_string\"}}],\"inLanguage\":\"fr-FR\"},{\"@type\":\"Organization\",\"@id\":\"https:\\\/\\\/lasentinelle.dz\\\/#organization\",\"name\":\"Quotidien La Sentinelle\",\"url\":\"https:\\\/\\\/lasentinelle.dz\\\/\",\"logo\":{\"@type\":\"ImageObject\",\"inLanguage\":\"fr-FR\",\"@id\":\"https:\\\/\\\/lasentinelle.dz\\\/#\\\/schema\\\/logo\\\/image\\\/\",\"url\":\"https:\\\/\\\/lasentinelle.dz\\\/wp-content\\\/uploads\\\/2021\\\/09\\\/logo-sentinelleSLOGAN-1.png\",\"contentUrl\":\"https:\\\/\\\/lasentinelle.dz\\\/wp-content\\\/uploads\\\/2021\\\/09\\\/logo-sentinelleSLOGAN-1.png\",\"width\":615,\"height\":142,\"caption\":\"Quotidien La Sentinelle\"},\"image\":{\"@id\":\"https:\\\/\\\/lasentinelle.dz\\\/#\\\/schema\\\/logo\\\/image\\\/\"},\"sameAs\":[\"https:\\\/\\\/www.facebook.com\\\/La-Sentinelle-104059864394773\"]},{\"@type\":\"Person\",\"@id\":\"https:\\\/\\\/lasentinelle.dz\\\/#\\\/schema\\\/person\\\/d865044e22e70a75174ce8bcad3acfb3\",\"name\":\"La Sentinelle\",\"image\":{\"@type\":\"ImageObject\",\"inLanguage\":\"fr-FR\",\"@id\":\"https:\\\/\\\/secure.gravatar.com\\\/avatar\\\/57de8e5d4b15d43fb361a71fbb36338450fe67865b528a43dd10ef7c51a20392?s=96&d=mm&r=g\",\"url\":\"https:\\\/\\\/secure.gravatar.com\\\/avatar\\\/57de8e5d4b15d43fb361a71fbb36338450fe67865b528a43dd10ef7c51a20392?s=96&d=mm&r=g\",\"contentUrl\":\"https:\\\/\\\/secure.gravatar.com\\\/avatar\\\/57de8e5d4b15d43fb361a71fbb36338450fe67865b528a43dd10ef7c51a20392?s=96&d=mm&r=g\",\"caption\":\"La Sentinelle\"},\"sameAs\":[\"http:\\\/\\\/www.lasentinelle.dz\"],\"url\":\"https:\\\/\\\/lasentinelle.dz\\\/author\\\/redaction\\\/\"}]}<\/script>\n<!-- \/ Yoast SEO plugin. -->","yoast_head_json":{"title":"Cisjordanie occup\u00e9e : Les agressions isra\u00e9liennes se multiplient - La Sentinelle","robots":{"index":"index","follow":"follow","max-snippet":"max-snippet:-1","max-image-preview":"max-image-preview:large","max-video-preview":"max-video-preview:-1"},"canonical":"https:\/\/lasentinelle.dz\/index.php\/2021\/08\/26\/cisjordanie-occupee-les-agressions-israeliennes-se-multiplient\/","og_locale":"fr_FR","og_type":"article","og_title":"Cisjordanie occup\u00e9e : Les agressions isra\u00e9liennes se multiplient - La Sentinelle","og_description":"Les soldats de l\u2019arm\u00e9e d\u2019occupation ont commis hier plusieurs violations dans diff\u00e9rentes provinces de la Cisjordanie occup\u00e9e, \u00e0 travers des","og_url":"https:\/\/lasentinelle.dz\/index.php\/2021\/08\/26\/cisjordanie-occupee-les-agressions-israeliennes-se-multiplient\/","og_site_name":"La Sentinelle","article_publisher":"https:\/\/www.facebook.com\/La-Sentinelle-104059864394773","article_published_time":"2021-08-25T23:01:00+00:00","og_image":[{"width":615,"height":330,"url":"https:\/\/lasentinelle.dz\/wp-content\/uploads\/2021\/08\/image_2021-08-25_155537.png","type":"image\/png"}],"author":"La Sentinelle","twitter_card":"summary_large_image","twitter_misc":{"\u00c9crit par":"La Sentinelle","Dur\u00e9e de lecture estim\u00e9e":"2 minutes"},"schema":{"@context":"https:\/\/schema.org","@graph":[{"@type":"Article","@id":"https:\/\/lasentinelle.dz\/index.php\/2021\/08\/26\/cisjordanie-occupee-les-agressions-israeliennes-se-multiplient\/#article","isPartOf":{"@id":"https:\/\/lasentinelle.dz\/index.php\/2021\/08\/26\/cisjordanie-occupee-les-agressions-israeliennes-se-multiplient\/"},"author":{"name":"La Sentinelle","@id":"https:\/\/lasentinelle.dz\/#\/schema\/person\/d865044e22e70a75174ce8bcad3acfb3"},"headline":"Cisjordanie occup\u00e9e : Les agressions isra\u00e9liennes se multiplient","datePublished":"2021-08-25T23:01:00+00:00","mainEntityOfPage":{"@id":"https:\/\/lasentinelle.dz\/index.php\/2021\/08\/26\/cisjordanie-occupee-les-agressions-israeliennes-se-multiplient\/"},"wordCount":315,"commentCount":0,"publisher":{"@id":"https:\/\/lasentinelle.dz\/#organization"},"image":{"@id":"https:\/\/lasentinelle.dz\/index.php\/2021\/08\/26\/cisjordanie-occupee-les-agressions-israeliennes-se-multiplient\/#primaryimage"},"thumbnailUrl":"https:\/\/lasentinelle.dz\/wp-content\/uploads\/2021\/08\/image_2021-08-25_155537.png","articleSection":["Monde"],"inLanguage":"fr-FR","potentialAction":[{"@type":"CommentAction","name":"Comment","target":["https:\/\/lasentinelle.dz\/index.php\/2021\/08\/26\/cisjordanie-occupee-les-agressions-israeliennes-se-multiplient\/#respond"]}]},{"@type":"WebPage","@id":"https:\/\/lasentinelle.dz\/index.php\/2021\/08\/26\/cisjordanie-occupee-les-agressions-israeliennes-se-multiplient\/","url":"https:\/\/lasentinelle.dz\/index.php\/2021\/08\/26\/cisjordanie-occupee-les-agressions-israeliennes-se-multiplient\/","name":"Cisjordanie occup\u00e9e : Les agressions isra\u00e9liennes se multiplient - La Sentinelle","isPartOf":{"@id":"https:\/\/lasentinelle.dz\/#website"},"primaryImageOfPage":{"@id":"https:\/\/lasentinelle.dz\/index.php\/2021\/08\/26\/cisjordanie-occupee-les-agressions-israeliennes-se-multiplient\/#primaryimage"},"image":{"@id":"https:\/\/lasentinelle.dz\/index.php\/2021\/08\/26\/cisjordanie-occupee-les-agressions-israeliennes-se-multiplient\/#primaryimage"},"thumbnailUrl":"https:\/\/lasentinelle.dz\/wp-content\/uploads\/2021\/08\/image_2021-08-25_155537.png","datePublished":"2021-08-25T23:01:00+00:00","breadcrumb":{"@id":"https:\/\/lasentinelle.dz\/index.php\/2021\/08\/26\/cisjordanie-occupee-les-agressions-israeliennes-se-multiplient\/#breadcrumb"},"inLanguage":"fr-FR","potentialAction":[{"@type":"ReadAction","target":["https:\/\/lasentinelle.dz\/index.php\/2021\/08\/26\/cisjordanie-occupee-les-agressions-israeliennes-se-multiplient\/"]}]},{"@type":"ImageObject","inLanguage":"fr-FR","@id":"https:\/\/lasentinelle.dz\/index.php\/2021\/08\/26\/cisjordanie-occupee-les-agressions-israeliennes-se-multiplient\/#primaryimage","url":"https:\/\/lasentinelle.dz\/wp-content\/uploads\/2021\/08\/image_2021-08-25_155537.png","contentUrl":"https:\/\/lasentinelle.dz\/wp-content\/uploads\/2021\/08\/image_2021-08-25_155537.png","width":615,"height":330},{"@type":"BreadcrumbList","@id":"https:\/\/lasentinelle.dz\/index.php\/2021\/08\/26\/cisjordanie-occupee-les-agressions-israeliennes-se-multiplient\/#breadcrumb","itemListElement":[{"@type":"ListItem","position":1,"name":"Accueil","item":"https:\/\/lasentinelle.dz\/"},{"@type":"ListItem","position":2,"name":"Cisjordanie occup\u00e9e : Les agressions isra\u00e9liennes se multiplient"}]},{"@type":"WebSite","@id":"https:\/\/lasentinelle.dz\/#website","url":"https:\/\/lasentinelle.dz\/","name":"La Sentinelle","description":"Quotidien national d&#039;information","publisher":{"@id":"https:\/\/lasentinelle.dz\/#organization"},"potentialAction":[{"@type":"SearchAction","target":{"@type":"EntryPoint","urlTemplate":"https:\/\/lasentinelle.dz\/?s={search_term_string}"},"query-input":{"@type":"PropertyValueSpecification","valueRequired":true,"valueName":"search_term_string"}}],"inLanguage":"fr-FR"},{"@type":"Organization","@id":"https:\/\/lasentinelle.dz\/#organization","name":"Quotidien La Sentinelle","url":"https:\/\/lasentinelle.dz\/","logo":{"@type":"ImageObject","inLanguage":"fr-FR","@id":"https:\/\/lasentinelle.dz\/#\/schema\/logo\/image\/","url":"https:\/\/lasentinelle.dz\/wp-content\/uploads\/2021\/09\/logo-sentinelleSLOGAN-1.png","contentUrl":"https:\/\/lasentinelle.dz\/wp-content\/uploads\/2021\/09\/logo-sentinelleSLOGAN-1.png","width":615,"height":142,"caption":"Quotidien La Sentinelle"},"image":{"@id":"https:\/\/lasentinelle.dz\/#\/schema\/logo\/image\/"},"sameAs":["https:\/\/www.facebook.com\/La-Sentinelle-104059864394773"]},{"@type":"Person","@id":"https:\/\/lasentinelle.dz\/#\/schema\/person\/d865044e22e70a75174ce8bcad3acfb3","name":"La Sentinelle","image":{"@type":"ImageObject","inLanguage":"fr-FR","@id":"https:\/\/secure.gravatar.com\/avatar\/57de8e5d4b15d43fb361a71fbb36338450fe67865b528a43dd10ef7c51a20392?s=96&d=mm&r=g","url":"https:\/\/secure.gravatar.com\/avatar\/57de8e5d4b15d43fb361a71fbb36338450fe67865b528a43dd10ef7c51a20392?s=96&d=mm&r=g","contentUrl":"https:\/\/secure.gravatar.com\/avatar\/57de8e5d4b15d43fb361a71fbb36338450fe67865b528a43dd10ef7c51a20392?s=96&d=mm&r=g","caption":"La Sentinelle"},"sameAs":["http:\/\/www.lasentinelle.dz"],"url":"https:\/\/lasentinelle.dz\/author\/redaction\/"}]}},"_links":{"self":[{"href":"https:\/\/lasentinelle.dz\/index.php\/wp-json\/wp\/v2\/posts\/5379","targetHints":{"allow":["GET"]}}],"collection":[{"href":"https:\/\/lasentinelle.dz\/index.php\/wp-json\/wp\/v2\/posts"}],"about":[{"href":"https:\/\/lasentinelle.dz\/index.php\/wp-json\/wp\/v2\/types\/post"}],"author":[{"embeddable":true,"href":"https:\/\/lasentinelle.dz\/index.php\/wp-json\/wp\/v2\/users\/3"}],"replies":[{"embeddable":true,"href":"https:\/\/lasentinelle.dz\/index.php\/wp-json\/wp\/v2\/comments?post=5379"}],"version-history":[{"count":1,"href":"https:\/\/lasentinelle.dz\/index.php\/wp-json\/wp\/v2\/posts\/5379\/revisions"}],"predecessor-version":[{"id":5384,"href":"https:\/\/lasentinelle.dz\/index.php\/wp-json\/wp\/v2\/posts\/5379\/revisions\/5384"}],"wp:featuredmedia":[{"embeddable":true,"href":"https:\/\/lasentinelle.dz\/index.php\/wp-json\/wp\/v2\/media\/5383"}],"wp:attachment":[{"href":"https:\/\/lasentinelle.dz\/index.php\/wp-json\/wp\/v2\/media?parent=5379"}],"wp:term":[{"taxonomy":"category","embeddable":true,"href":"https:\/\/lasentinelle.dz\/index.php\/wp-json\/wp\/v2\/categories?post=5379"},{"taxonomy":"post_tag","embeddable":true,"href":"https:\/\/lasentinelle.dz\/index.php\/wp-json\/wp\/v2\/tags?post=5379"}],"curies":[{"name":"wp","href":"https:\/\/api.w.org\/{rel}","templated":true}]}}