{"id":53852,"date":"2024-06-29T20:39:09","date_gmt":"2024-06-29T19:39:09","guid":{"rendered":"https:\/\/lasentinelle.dz\/?p=53852"},"modified":"2024-06-29T20:39:10","modified_gmt":"2024-06-29T19:39:10","slug":"merad-salue-la-politique-du-president-de-la-republique-en-faveur-des-jeunes-des-mesures-aux-resultats-tangibles","status":"publish","type":"post","link":"https:\/\/lasentinelle.dz\/index.php\/2024\/06\/29\/merad-salue-la-politique-du-president-de-la-republique-en-faveur-des-jeunes-des-mesures-aux-resultats-tangibles\/","title":{"rendered":"Merad salue la politique du pr\u00e9sident de la R\u00e9publique en faveur des jeunes : Des mesures aux r\u00e9sultats tangibles"},"content":{"rendered":"\n<p>Le ministre de l&rsquo;Int\u00e9rieur, des Collectivit\u00e9s locales et de l&rsquo;Am\u00e9nagement du territoire, Brahim Merad a soulign\u00e9 hier que la politique du pr\u00e9sident de la R\u00e9publique, Abdelmadjid Tebboune, en faveur des jeunes avait donn\u00e9 des r\u00e9sultats tangibles sur le terrain. Des r\u00e9sultats qui refl\u00e8tent, ajoute-il, l&rsquo;int\u00e9r\u00eat qu&rsquo;accorde le pr\u00e9sident de la R\u00e9publique aux jeunes.<\/p>\n\n\n\n<p>Le ministre de l&rsquo;Int\u00e9rieur, des Collectivit\u00e9s locales et de l&rsquo;Am\u00e9nagement du territoire, Brahim Merad, a effectu\u00e9 hier une visite de terrain qui lui a permis de s&rsquo;enqu\u00e9rir des infrastructures de jeunesse et de loisir Alger en ce d\u00e9but de saison estivale. Une visite qui lui a \u00e9galement permis de faire le point sur les dispositifs de pr\u00e9ventions des risques li\u00e9s \u00e0 l&rsquo;\u00e9t\u00e9, et notamment en ce qui concerne la lutte contre les incendies. Une visite qui lui a d&rsquo;ailleurs permis d&rsquo;inaugurer de nouvelles structures. L&rsquo;occasion aussi de revenir sur les principales r\u00e9alisations dans le secteur de la jeunesse. Merad a ainsi soulign\u00e9 que \u00ab\u00a0les r\u00e9alisations concr\u00e9tis\u00e9es sur le terrain en termes de structures sportives et de loisirs et de programmes destin\u00e9s aux jeunes refl\u00e8tent l&rsquo;int\u00e9r\u00eat qu&rsquo;accorde le pr\u00e9sident de la R\u00e9publique \u00e0 cette cat\u00e9gorie et \u00e0 la prise en charge optimale de ses pr\u00e9occupations\u00a0\u00bb, soutenant que la politique du pr\u00e9sident de la R\u00e9publique envers cette cat\u00e9gorie avait donn\u00e9 des \u00ab\u00a0r\u00e9sultats tangibles sur le terrain\u00a0\u00bb. A cette occasion, le ministre de l&rsquo;Int\u00e9rieur a appel\u00e9 les jeunes \u00e0 poursuivre leurs efforts pour hisser haut l&#8217;embl\u00e8me national et faire honneur au pays dans les fora internationaux, notamment les rendez-vous sportifs. Notons qu&rsquo;\u00c0 l&rsquo;entame de cette visite, Merad a suivi, en compagnie du ministre de la Jeunesse et des Sports, Abderrahmane Hammad, un expos\u00e9 sur les mesures prises dans le cadre des pr\u00e9paratifs de la saison estivale et les moyens mat\u00e9riels et humains mobilis\u00e9s dans ce cadre, \u00ab\u00a0avec notamment l&rsquo;am\u00e9nagement de 61 plages autoris\u00e9es \u00e0 la baignade, des parcs de loisirs, des for\u00eats, des piscines et des structures pour jeunes\u00a0\u00bb. Le ministre de l&rsquo;Int\u00e9rieur a \u00e9galement \u00e9cout\u00e9 une pr\u00e9sentation sur \u00ab\u00a0le programme d&rsquo;animation mis en place pour la saison estivale, qui pr\u00e9voit l&rsquo;organisation de festivals culturels, de caravanes de jeunes, d&rsquo;ateliers artistiques et d&rsquo;\u00e9v\u00e9nements sportifs\u00a0\u00bb. Inspectant un camp de jeunes r\u00e9am\u00e9nag\u00e9 r\u00e9cemment et la for\u00eat et la plage d&rsquo;El-Kadous dans la commune de Heraoua, M. Merad a insist\u00e9 sur \u00ab\u00a0la g\u00e9n\u00e9ralisation des activit\u00e9s sportives et r\u00e9cr\u00e9atives et l&rsquo;entretien r\u00e9gulier des structures et des \u00e9quipements\u00a0\u00bb. Il a \u00e9galement mis l&rsquo;accent sur \u00ab\u00a0l&rsquo;accompagnement des personnes aux besoins sp\u00e9cifiques au niveau de toutes les structures touristiques, notamment les for\u00eats, les plages et les espaces de d\u00e9tente\u00a0\u00bb. Echangeant avec des membres de la Protection civile charg\u00e9s de prot\u00e9ger les citoyens au niveau de ces espaces, le ministre a appel\u00e9 \u00e0 \u00ab\u00a0hisser le niveau d&rsquo;op\u00e9rabilit\u00e9 et de vigilance\u00a0\u00bb pour une saison estivale sans accidents. Le ministre a ensuite \u00e9cout\u00e9 un expos\u00e9 sur les projets de r\u00e9alisation d&rsquo;autres piscines dans les communes de Heuraoua, A\u00efn Taya, Gu\u00e9 de Constantine, Sidi M&rsquo;Hamed, Ouled Chebel, Sidi Moussa et Souidania. M. Merad s&rsquo;est f\u00e9licit\u00e9, \u00e0 cette occasion, de \u00ab\u00a0la dynamique\u00a0\u00bb enregistr\u00e9e au niveau des diff\u00e9rentes structures de d\u00e9veloppement destin\u00e9es aux jeunes, notamment les stades, les piscines de proximit\u00e9 et les espaces de loisirs. Le ministre de l&rsquo;Int\u00e9rieur a achev\u00e9 sa visite par l&rsquo;inspection de la promenade \u00ab\u00a0Marina des Sablettes\u00a0\u00bb, o\u00f9 il a suivi un expos\u00e9 sur les activit\u00e9s sportives et de loisirs propos\u00e9es, notamment les sports nautiques qui suscitent l&rsquo;engouement des jeunes des diff\u00e9rentes wilayas du pays et des membres de la communaut\u00e9 nationale \u00e9tablis \u00e0 l&rsquo;\u00e9tranger.<\/p>\n\n\n\n<p>Samir Benisid<\/p>\n","protected":false},"excerpt":{"rendered":"<p>Le ministre de l&rsquo;Int\u00e9rieur, des Collectivit\u00e9s locales et de l&rsquo;Am\u00e9nagement du territoire, Brahim Merad a soulign\u00e9 hier que la politique<\/p>\n","protected":false},"author":3,"featured_media":53853,"comment_status":"open","ping_status":"closed","sticky":false,"template":"","format":"standard","meta":{"colormag_page_container_layout":"default_layout","colormag_page_sidebar_layout":"default_layout","om_disable_all_campaigns":false,"_monsterinsights_skip_tracking":false,"_monsterinsights_sitenote_active":false,"_monsterinsights_sitenote_note":"","_monsterinsights_sitenote_category":0,"footnotes":"","_wpscppro_dont_share_socialmedia":false,"_wpscppro_custom_social_share_image":0,"_facebook_share_type":"default","_twitter_share_type":"default","_linkedin_share_type":"default","_pinterest_share_type":"default","_linkedin_share_type_page":"","_instagram_share_type":"default","_medium_share_type":"","_threads_share_type":"","_google_business_share_type":"","_selected_social_profile":[],"_wpsp_enable_custom_social_template":false,"_wpsp_social_scheduling":{"enabled":false,"datetime":null,"platforms":[],"status":"template_only","dateOption":"today","timeOption":"now","customDays":"","customHours":"","customDate":"","customTime":"","schedulingType":"absolute"},"_wpsp_active_default_template":true},"categories":[52,27],"tags":[],"class_list":["post-53852","post","type-post","status-publish","format-standard","has-post-thumbnail","hentry","category-a-la-une","category-actualite"],"aioseo_notices":[],"yoast_head":"<!-- This site is optimized with the Yoast SEO plugin v27.5 - https:\/\/yoast.com\/product\/yoast-seo-wordpress\/ -->\n<title>Merad salue la politique du pr\u00e9sident de la R\u00e9publique en faveur des jeunes : Des mesures aux r\u00e9sultats tangibles - La Sentinelle<\/title>\n<meta name=\"robots\" content=\"index, follow, max-snippet:-1, max-image-preview:large, max-video-preview:-1\" \/>\n<link rel=\"canonical\" href=\"https:\/\/lasentinelle.dz\/index.php\/2024\/06\/29\/merad-salue-la-politique-du-president-de-la-republique-en-faveur-des-jeunes-des-mesures-aux-resultats-tangibles\/\" \/>\n<meta property=\"og:locale\" content=\"fr_FR\" \/>\n<meta property=\"og:type\" content=\"article\" \/>\n<meta property=\"og:title\" content=\"Merad salue la politique du pr\u00e9sident de la R\u00e9publique en faveur des jeunes : Des mesures aux r\u00e9sultats tangibles - La Sentinelle\" \/>\n<meta property=\"og:description\" content=\"Le ministre de l&rsquo;Int\u00e9rieur, des Collectivit\u00e9s locales et de l&rsquo;Am\u00e9nagement du territoire, Brahim Merad a soulign\u00e9 hier que la politique\" \/>\n<meta property=\"og:url\" content=\"https:\/\/lasentinelle.dz\/index.php\/2024\/06\/29\/merad-salue-la-politique-du-president-de-la-republique-en-faveur-des-jeunes-des-mesures-aux-resultats-tangibles\/\" \/>\n<meta property=\"og:site_name\" content=\"La Sentinelle\" \/>\n<meta property=\"article:publisher\" content=\"https:\/\/www.facebook.com\/La-Sentinelle-104059864394773\" \/>\n<meta property=\"article:published_time\" content=\"2024-06-29T19:39:09+00:00\" \/>\n<meta property=\"article:modified_time\" content=\"2024-06-29T19:39:10+00:00\" \/>\n<meta property=\"og:image\" content=\"https:\/\/lasentinelle.dz\/wp-content\/uploads\/2024\/06\/merad.jpeg\" \/>\n\t<meta property=\"og:image:width\" content=\"1620\" \/>\n\t<meta property=\"og:image:height\" content=\"1080\" \/>\n\t<meta property=\"og:image:type\" content=\"image\/jpeg\" \/>\n<meta name=\"author\" content=\"La Sentinelle\" \/>\n<meta name=\"twitter:card\" content=\"summary_large_image\" \/>\n<meta name=\"twitter:label1\" content=\"\u00c9crit par\" \/>\n\t<meta name=\"twitter:data1\" content=\"La Sentinelle\" \/>\n\t<meta name=\"twitter:label2\" content=\"Dur\u00e9e de lecture estim\u00e9e\" \/>\n\t<meta name=\"twitter:data2\" content=\"3 minutes\" \/>\n<script type=\"application\/ld+json\" class=\"yoast-schema-graph\">{\"@context\":\"https:\\\/\\\/schema.org\",\"@graph\":[{\"@type\":\"Article\",\"@id\":\"https:\\\/\\\/lasentinelle.dz\\\/index.php\\\/2024\\\/06\\\/29\\\/merad-salue-la-politique-du-president-de-la-republique-en-faveur-des-jeunes-des-mesures-aux-resultats-tangibles\\\/#article\",\"isPartOf\":{\"@id\":\"https:\\\/\\\/lasentinelle.dz\\\/index.php\\\/2024\\\/06\\\/29\\\/merad-salue-la-politique-du-president-de-la-republique-en-faveur-des-jeunes-des-mesures-aux-resultats-tangibles\\\/\"},\"author\":{\"name\":\"La Sentinelle\",\"@id\":\"https:\\\/\\\/lasentinelle.dz\\\/#\\\/schema\\\/person\\\/d865044e22e70a75174ce8bcad3acfb3\"},\"headline\":\"Merad salue la politique du pr\u00e9sident de la R\u00e9publique en faveur des jeunes : Des mesures aux r\u00e9sultats tangibles\",\"datePublished\":\"2024-06-29T19:39:09+00:00\",\"dateModified\":\"2024-06-29T19:39:10+00:00\",\"mainEntityOfPage\":{\"@id\":\"https:\\\/\\\/lasentinelle.dz\\\/index.php\\\/2024\\\/06\\\/29\\\/merad-salue-la-politique-du-president-de-la-republique-en-faveur-des-jeunes-des-mesures-aux-resultats-tangibles\\\/\"},\"wordCount\":699,\"commentCount\":0,\"publisher\":{\"@id\":\"https:\\\/\\\/lasentinelle.dz\\\/#organization\"},\"image\":{\"@id\":\"https:\\\/\\\/lasentinelle.dz\\\/index.php\\\/2024\\\/06\\\/29\\\/merad-salue-la-politique-du-president-de-la-republique-en-faveur-des-jeunes-des-mesures-aux-resultats-tangibles\\\/#primaryimage\"},\"thumbnailUrl\":\"https:\\\/\\\/lasentinelle.dz\\\/wp-content\\\/uploads\\\/2024\\\/06\\\/merad.jpeg\",\"articleSection\":[\"\u00c0 la Une\",\"Actualit\u00e9\"],\"inLanguage\":\"fr-FR\",\"potentialAction\":[{\"@type\":\"CommentAction\",\"name\":\"Comment\",\"target\":[\"https:\\\/\\\/lasentinelle.dz\\\/index.php\\\/2024\\\/06\\\/29\\\/merad-salue-la-politique-du-president-de-la-republique-en-faveur-des-jeunes-des-mesures-aux-resultats-tangibles\\\/#respond\"]}]},{\"@type\":\"WebPage\",\"@id\":\"https:\\\/\\\/lasentinelle.dz\\\/index.php\\\/2024\\\/06\\\/29\\\/merad-salue-la-politique-du-president-de-la-republique-en-faveur-des-jeunes-des-mesures-aux-resultats-tangibles\\\/\",\"url\":\"https:\\\/\\\/lasentinelle.dz\\\/index.php\\\/2024\\\/06\\\/29\\\/merad-salue-la-politique-du-president-de-la-republique-en-faveur-des-jeunes-des-mesures-aux-resultats-tangibles\\\/\",\"name\":\"Merad salue la politique du pr\u00e9sident de la R\u00e9publique en faveur des jeunes : Des mesures aux r\u00e9sultats tangibles - La Sentinelle\",\"isPartOf\":{\"@id\":\"https:\\\/\\\/lasentinelle.dz\\\/#website\"},\"primaryImageOfPage\":{\"@id\":\"https:\\\/\\\/lasentinelle.dz\\\/index.php\\\/2024\\\/06\\\/29\\\/merad-salue-la-politique-du-president-de-la-republique-en-faveur-des-jeunes-des-mesures-aux-resultats-tangibles\\\/#primaryimage\"},\"image\":{\"@id\":\"https:\\\/\\\/lasentinelle.dz\\\/index.php\\\/2024\\\/06\\\/29\\\/merad-salue-la-politique-du-president-de-la-republique-en-faveur-des-jeunes-des-mesures-aux-resultats-tangibles\\\/#primaryimage\"},\"thumbnailUrl\":\"https:\\\/\\\/lasentinelle.dz\\\/wp-content\\\/uploads\\\/2024\\\/06\\\/merad.jpeg\",\"datePublished\":\"2024-06-29T19:39:09+00:00\",\"dateModified\":\"2024-06-29T19:39:10+00:00\",\"breadcrumb\":{\"@id\":\"https:\\\/\\\/lasentinelle.dz\\\/index.php\\\/2024\\\/06\\\/29\\\/merad-salue-la-politique-du-president-de-la-republique-en-faveur-des-jeunes-des-mesures-aux-resultats-tangibles\\\/#breadcrumb\"},\"inLanguage\":\"fr-FR\",\"potentialAction\":[{\"@type\":\"ReadAction\",\"target\":[\"https:\\\/\\\/lasentinelle.dz\\\/index.php\\\/2024\\\/06\\\/29\\\/merad-salue-la-politique-du-president-de-la-republique-en-faveur-des-jeunes-des-mesures-aux-resultats-tangibles\\\/\"]}]},{\"@type\":\"ImageObject\",\"inLanguage\":\"fr-FR\",\"@id\":\"https:\\\/\\\/lasentinelle.dz\\\/index.php\\\/2024\\\/06\\\/29\\\/merad-salue-la-politique-du-president-de-la-republique-en-faveur-des-jeunes-des-mesures-aux-resultats-tangibles\\\/#primaryimage\",\"url\":\"https:\\\/\\\/lasentinelle.dz\\\/wp-content\\\/uploads\\\/2024\\\/06\\\/merad.jpeg\",\"contentUrl\":\"https:\\\/\\\/lasentinelle.dz\\\/wp-content\\\/uploads\\\/2024\\\/06\\\/merad.jpeg\",\"width\":1620,\"height\":1080},{\"@type\":\"BreadcrumbList\",\"@id\":\"https:\\\/\\\/lasentinelle.dz\\\/index.php\\\/2024\\\/06\\\/29\\\/merad-salue-la-politique-du-president-de-la-republique-en-faveur-des-jeunes-des-mesures-aux-resultats-tangibles\\\/#breadcrumb\",\"itemListElement\":[{\"@type\":\"ListItem\",\"position\":1,\"name\":\"Accueil\",\"item\":\"https:\\\/\\\/lasentinelle.dz\\\/\"},{\"@type\":\"ListItem\",\"position\":2,\"name\":\"Merad salue la politique du pr\u00e9sident de la R\u00e9publique en faveur des jeunes : Des mesures aux r\u00e9sultats tangibles\"}]},{\"@type\":\"WebSite\",\"@id\":\"https:\\\/\\\/lasentinelle.dz\\\/#website\",\"url\":\"https:\\\/\\\/lasentinelle.dz\\\/\",\"name\":\"La Sentinelle\",\"description\":\"Quotidien national d&#039;information\",\"publisher\":{\"@id\":\"https:\\\/\\\/lasentinelle.dz\\\/#organization\"},\"potentialAction\":[{\"@type\":\"SearchAction\",\"target\":{\"@type\":\"EntryPoint\",\"urlTemplate\":\"https:\\\/\\\/lasentinelle.dz\\\/?s={search_term_string}\"},\"query-input\":{\"@type\":\"PropertyValueSpecification\",\"valueRequired\":true,\"valueName\":\"search_term_string\"}}],\"inLanguage\":\"fr-FR\"},{\"@type\":\"Organization\",\"@id\":\"https:\\\/\\\/lasentinelle.dz\\\/#organization\",\"name\":\"Quotidien La Sentinelle\",\"url\":\"https:\\\/\\\/lasentinelle.dz\\\/\",\"logo\":{\"@type\":\"ImageObject\",\"inLanguage\":\"fr-FR\",\"@id\":\"https:\\\/\\\/lasentinelle.dz\\\/#\\\/schema\\\/logo\\\/image\\\/\",\"url\":\"https:\\\/\\\/lasentinelle.dz\\\/wp-content\\\/uploads\\\/2021\\\/09\\\/logo-sentinelleSLOGAN-1.png\",\"contentUrl\":\"https:\\\/\\\/lasentinelle.dz\\\/wp-content\\\/uploads\\\/2021\\\/09\\\/logo-sentinelleSLOGAN-1.png\",\"width\":615,\"height\":142,\"caption\":\"Quotidien La Sentinelle\"},\"image\":{\"@id\":\"https:\\\/\\\/lasentinelle.dz\\\/#\\\/schema\\\/logo\\\/image\\\/\"},\"sameAs\":[\"https:\\\/\\\/www.facebook.com\\\/La-Sentinelle-104059864394773\"]},{\"@type\":\"Person\",\"@id\":\"https:\\\/\\\/lasentinelle.dz\\\/#\\\/schema\\\/person\\\/d865044e22e70a75174ce8bcad3acfb3\",\"name\":\"La Sentinelle\",\"image\":{\"@type\":\"ImageObject\",\"inLanguage\":\"fr-FR\",\"@id\":\"https:\\\/\\\/secure.gravatar.com\\\/avatar\\\/57de8e5d4b15d43fb361a71fbb36338450fe67865b528a43dd10ef7c51a20392?s=96&d=mm&r=g\",\"url\":\"https:\\\/\\\/secure.gravatar.com\\\/avatar\\\/57de8e5d4b15d43fb361a71fbb36338450fe67865b528a43dd10ef7c51a20392?s=96&d=mm&r=g\",\"contentUrl\":\"https:\\\/\\\/secure.gravatar.com\\\/avatar\\\/57de8e5d4b15d43fb361a71fbb36338450fe67865b528a43dd10ef7c51a20392?s=96&d=mm&r=g\",\"caption\":\"La Sentinelle\"},\"sameAs\":[\"http:\\\/\\\/www.lasentinelle.dz\"],\"url\":\"https:\\\/\\\/lasentinelle.dz\\\/author\\\/redaction\\\/\"}]}<\/script>\n<!-- \/ Yoast SEO plugin. -->","yoast_head_json":{"title":"Merad salue la politique du pr\u00e9sident de la R\u00e9publique en faveur des jeunes : Des mesures aux r\u00e9sultats tangibles - La Sentinelle","robots":{"index":"index","follow":"follow","max-snippet":"max-snippet:-1","max-image-preview":"max-image-preview:large","max-video-preview":"max-video-preview:-1"},"canonical":"https:\/\/lasentinelle.dz\/index.php\/2024\/06\/29\/merad-salue-la-politique-du-president-de-la-republique-en-faveur-des-jeunes-des-mesures-aux-resultats-tangibles\/","og_locale":"fr_FR","og_type":"article","og_title":"Merad salue la politique du pr\u00e9sident de la R\u00e9publique en faveur des jeunes : Des mesures aux r\u00e9sultats tangibles - La Sentinelle","og_description":"Le ministre de l&rsquo;Int\u00e9rieur, des Collectivit\u00e9s locales et de l&rsquo;Am\u00e9nagement du territoire, Brahim Merad a soulign\u00e9 hier que la politique","og_url":"https:\/\/lasentinelle.dz\/index.php\/2024\/06\/29\/merad-salue-la-politique-du-president-de-la-republique-en-faveur-des-jeunes-des-mesures-aux-resultats-tangibles\/","og_site_name":"La Sentinelle","article_publisher":"https:\/\/www.facebook.com\/La-Sentinelle-104059864394773","article_published_time":"2024-06-29T19:39:09+00:00","article_modified_time":"2024-06-29T19:39:10+00:00","og_image":[{"width":1620,"height":1080,"url":"https:\/\/lasentinelle.dz\/wp-content\/uploads\/2024\/06\/merad.jpeg","type":"image\/jpeg"}],"author":"La Sentinelle","twitter_card":"summary_large_image","twitter_misc":{"\u00c9crit par":"La Sentinelle","Dur\u00e9e de lecture estim\u00e9e":"3 minutes"},"schema":{"@context":"https:\/\/schema.org","@graph":[{"@type":"Article","@id":"https:\/\/lasentinelle.dz\/index.php\/2024\/06\/29\/merad-salue-la-politique-du-president-de-la-republique-en-faveur-des-jeunes-des-mesures-aux-resultats-tangibles\/#article","isPartOf":{"@id":"https:\/\/lasentinelle.dz\/index.php\/2024\/06\/29\/merad-salue-la-politique-du-president-de-la-republique-en-faveur-des-jeunes-des-mesures-aux-resultats-tangibles\/"},"author":{"name":"La Sentinelle","@id":"https:\/\/lasentinelle.dz\/#\/schema\/person\/d865044e22e70a75174ce8bcad3acfb3"},"headline":"Merad salue la politique du pr\u00e9sident de la R\u00e9publique en faveur des jeunes : Des mesures aux r\u00e9sultats tangibles","datePublished":"2024-06-29T19:39:09+00:00","dateModified":"2024-06-29T19:39:10+00:00","mainEntityOfPage":{"@id":"https:\/\/lasentinelle.dz\/index.php\/2024\/06\/29\/merad-salue-la-politique-du-president-de-la-republique-en-faveur-des-jeunes-des-mesures-aux-resultats-tangibles\/"},"wordCount":699,"commentCount":0,"publisher":{"@id":"https:\/\/lasentinelle.dz\/#organization"},"image":{"@id":"https:\/\/lasentinelle.dz\/index.php\/2024\/06\/29\/merad-salue-la-politique-du-president-de-la-republique-en-faveur-des-jeunes-des-mesures-aux-resultats-tangibles\/#primaryimage"},"thumbnailUrl":"https:\/\/lasentinelle.dz\/wp-content\/uploads\/2024\/06\/merad.jpeg","articleSection":["\u00c0 la Une","Actualit\u00e9"],"inLanguage":"fr-FR","potentialAction":[{"@type":"CommentAction","name":"Comment","target":["https:\/\/lasentinelle.dz\/index.php\/2024\/06\/29\/merad-salue-la-politique-du-president-de-la-republique-en-faveur-des-jeunes-des-mesures-aux-resultats-tangibles\/#respond"]}]},{"@type":"WebPage","@id":"https:\/\/lasentinelle.dz\/index.php\/2024\/06\/29\/merad-salue-la-politique-du-president-de-la-republique-en-faveur-des-jeunes-des-mesures-aux-resultats-tangibles\/","url":"https:\/\/lasentinelle.dz\/index.php\/2024\/06\/29\/merad-salue-la-politique-du-president-de-la-republique-en-faveur-des-jeunes-des-mesures-aux-resultats-tangibles\/","name":"Merad salue la politique du pr\u00e9sident de la R\u00e9publique en faveur des jeunes : Des mesures aux r\u00e9sultats tangibles - La Sentinelle","isPartOf":{"@id":"https:\/\/lasentinelle.dz\/#website"},"primaryImageOfPage":{"@id":"https:\/\/lasentinelle.dz\/index.php\/2024\/06\/29\/merad-salue-la-politique-du-president-de-la-republique-en-faveur-des-jeunes-des-mesures-aux-resultats-tangibles\/#primaryimage"},"image":{"@id":"https:\/\/lasentinelle.dz\/index.php\/2024\/06\/29\/merad-salue-la-politique-du-president-de-la-republique-en-faveur-des-jeunes-des-mesures-aux-resultats-tangibles\/#primaryimage"},"thumbnailUrl":"https:\/\/lasentinelle.dz\/wp-content\/uploads\/2024\/06\/merad.jpeg","datePublished":"2024-06-29T19:39:09+00:00","dateModified":"2024-06-29T19:39:10+00:00","breadcrumb":{"@id":"https:\/\/lasentinelle.dz\/index.php\/2024\/06\/29\/merad-salue-la-politique-du-president-de-la-republique-en-faveur-des-jeunes-des-mesures-aux-resultats-tangibles\/#breadcrumb"},"inLanguage":"fr-FR","potentialAction":[{"@type":"ReadAction","target":["https:\/\/lasentinelle.dz\/index.php\/2024\/06\/29\/merad-salue-la-politique-du-president-de-la-republique-en-faveur-des-jeunes-des-mesures-aux-resultats-tangibles\/"]}]},{"@type":"ImageObject","inLanguage":"fr-FR","@id":"https:\/\/lasentinelle.dz\/index.php\/2024\/06\/29\/merad-salue-la-politique-du-president-de-la-republique-en-faveur-des-jeunes-des-mesures-aux-resultats-tangibles\/#primaryimage","url":"https:\/\/lasentinelle.dz\/wp-content\/uploads\/2024\/06\/merad.jpeg","contentUrl":"https:\/\/lasentinelle.dz\/wp-content\/uploads\/2024\/06\/merad.jpeg","width":1620,"height":1080},{"@type":"BreadcrumbList","@id":"https:\/\/lasentinelle.dz\/index.php\/2024\/06\/29\/merad-salue-la-politique-du-president-de-la-republique-en-faveur-des-jeunes-des-mesures-aux-resultats-tangibles\/#breadcrumb","itemListElement":[{"@type":"ListItem","position":1,"name":"Accueil","item":"https:\/\/lasentinelle.dz\/"},{"@type":"ListItem","position":2,"name":"Merad salue la politique du pr\u00e9sident de la R\u00e9publique en faveur des jeunes : Des mesures aux r\u00e9sultats tangibles"}]},{"@type":"WebSite","@id":"https:\/\/lasentinelle.dz\/#website","url":"https:\/\/lasentinelle.dz\/","name":"La Sentinelle","description":"Quotidien national d&#039;information","publisher":{"@id":"https:\/\/lasentinelle.dz\/#organization"},"potentialAction":[{"@type":"SearchAction","target":{"@type":"EntryPoint","urlTemplate":"https:\/\/lasentinelle.dz\/?s={search_term_string}"},"query-input":{"@type":"PropertyValueSpecification","valueRequired":true,"valueName":"search_term_string"}}],"inLanguage":"fr-FR"},{"@type":"Organization","@id":"https:\/\/lasentinelle.dz\/#organization","name":"Quotidien La Sentinelle","url":"https:\/\/lasentinelle.dz\/","logo":{"@type":"ImageObject","inLanguage":"fr-FR","@id":"https:\/\/lasentinelle.dz\/#\/schema\/logo\/image\/","url":"https:\/\/lasentinelle.dz\/wp-content\/uploads\/2021\/09\/logo-sentinelleSLOGAN-1.png","contentUrl":"https:\/\/lasentinelle.dz\/wp-content\/uploads\/2021\/09\/logo-sentinelleSLOGAN-1.png","width":615,"height":142,"caption":"Quotidien La Sentinelle"},"image":{"@id":"https:\/\/lasentinelle.dz\/#\/schema\/logo\/image\/"},"sameAs":["https:\/\/www.facebook.com\/La-Sentinelle-104059864394773"]},{"@type":"Person","@id":"https:\/\/lasentinelle.dz\/#\/schema\/person\/d865044e22e70a75174ce8bcad3acfb3","name":"La Sentinelle","image":{"@type":"ImageObject","inLanguage":"fr-FR","@id":"https:\/\/secure.gravatar.com\/avatar\/57de8e5d4b15d43fb361a71fbb36338450fe67865b528a43dd10ef7c51a20392?s=96&d=mm&r=g","url":"https:\/\/secure.gravatar.com\/avatar\/57de8e5d4b15d43fb361a71fbb36338450fe67865b528a43dd10ef7c51a20392?s=96&d=mm&r=g","contentUrl":"https:\/\/secure.gravatar.com\/avatar\/57de8e5d4b15d43fb361a71fbb36338450fe67865b528a43dd10ef7c51a20392?s=96&d=mm&r=g","caption":"La Sentinelle"},"sameAs":["http:\/\/www.lasentinelle.dz"],"url":"https:\/\/lasentinelle.dz\/author\/redaction\/"}]}},"_links":{"self":[{"href":"https:\/\/lasentinelle.dz\/index.php\/wp-json\/wp\/v2\/posts\/53852","targetHints":{"allow":["GET"]}}],"collection":[{"href":"https:\/\/lasentinelle.dz\/index.php\/wp-json\/wp\/v2\/posts"}],"about":[{"href":"https:\/\/lasentinelle.dz\/index.php\/wp-json\/wp\/v2\/types\/post"}],"author":[{"embeddable":true,"href":"https:\/\/lasentinelle.dz\/index.php\/wp-json\/wp\/v2\/users\/3"}],"replies":[{"embeddable":true,"href":"https:\/\/lasentinelle.dz\/index.php\/wp-json\/wp\/v2\/comments?post=53852"}],"version-history":[{"count":1,"href":"https:\/\/lasentinelle.dz\/index.php\/wp-json\/wp\/v2\/posts\/53852\/revisions"}],"predecessor-version":[{"id":53854,"href":"https:\/\/lasentinelle.dz\/index.php\/wp-json\/wp\/v2\/posts\/53852\/revisions\/53854"}],"wp:featuredmedia":[{"embeddable":true,"href":"https:\/\/lasentinelle.dz\/index.php\/wp-json\/wp\/v2\/media\/53853"}],"wp:attachment":[{"href":"https:\/\/lasentinelle.dz\/index.php\/wp-json\/wp\/v2\/media?parent=53852"}],"wp:term":[{"taxonomy":"category","embeddable":true,"href":"https:\/\/lasentinelle.dz\/index.php\/wp-json\/wp\/v2\/categories?post=53852"},{"taxonomy":"post_tag","embeddable":true,"href":"https:\/\/lasentinelle.dz\/index.php\/wp-json\/wp\/v2\/tags?post=53852"}],"curies":[{"name":"wp","href":"https:\/\/api.w.org\/{rel}","templated":true}]}}