{"id":53875,"date":"2024-06-30T13:21:53","date_gmt":"2024-06-30T12:21:53","guid":{"rendered":"https:\/\/lasentinelle.dz\/?p=53875"},"modified":"2024-06-30T14:53:30","modified_gmt":"2024-06-30T13:53:30","slug":"lextreme-droite-favorite-des-legislatives-en-france-quel-impact-sur-les-relations-franco-algeriennes","status":"publish","type":"post","link":"https:\/\/lasentinelle.dz\/index.php\/2024\/06\/30\/lextreme-droite-favorite-des-legislatives-en-france-quel-impact-sur-les-relations-franco-algeriennes\/","title":{"rendered":"L&rsquo;extr\u00eame droite favorite des l\u00e9gislatives en France : Quel impact sur les relations franco-alg\u00e9riennes ?"},"content":{"rendered":"\n<p>Les Fran\u00e7ais sont appel\u00e9s aux urnes aujourd&rsquo;hui pour le premier tour des \u00e9lections l\u00e9gislatives anticip\u00e9es convoqu\u00e9es par le pr\u00e9sident fran\u00e7ais Emmanuel Macron. Des \u00e9lections que l&rsquo;extr\u00eame droite est pressentie de remporter. Si l&rsquo;enjeu premier du scrutin est \u00e9conomique, les th\u00e8mes li\u00e9s \u00e0 l&rsquo;immigration, principaux arguments de campagne du patron du RN, Jordan Bardella lequel se dit pr\u00eat \u00e0 prendre les r\u00eanes du gouvernement, risque de peser sur la gouvernance \u00e0 Matignon, mais aussi sur la diplomatie fran\u00e7aise. Une question se pose d\u00e8s lors, une possible accession du RN, h\u00e9ritier de la pens\u00e9e Lep\u00e9niste et des nostalgiques de l&rsquo;Alg\u00e9rie fran\u00e7aise, et aux franches positions anti alg\u00e9riennes risque-t-elle de peser sur les relations franco-alg\u00e9riennes, o\u00f9 un gouvernement Bardella devra composer avec les imp\u00e9ratifs de la real politique et du pragmatisme \u00e9conomique.<\/p>\n\n\n\n<p>Donn\u00e9, par les sondages, vainqueur des \u00e9lections l\u00e9gislatives dont le premier tour se d\u00e9roule aujourd&rsquo;hui et se voyant prendre d\u2019assaut l&rsquo;H\u00f4tel de Matignon, le RN semble avoir le vent en poupe et fait de l\u2019Alg\u00e9rie et de son immigration le point de mire de sa campagne \u00e9lectorale. Jordan Bardella, le chef du nouveau FN pour qui l\u2019immigration est la source de tous les maux en France, promet d\u2019affranchir les Fran\u00e7ais de cette \u00ab&nbsp;tare&nbsp;\u00bb et d\u2019expulser tous les sans-papiers, les fich\u00e9s \u00ab&nbsp;S&nbsp;\u00bb, de revoir les Accords de 1968, de r\u00e9duire encore plus le nombre de visa, de rendre caducs la question M\u00e9morielle et d\u2019abroger le droit du sol s\u2019il venait \u00e0 \u00eatre nomm\u00e9 Premier ministre. Un discours \u00e9rod\u00e9 que l\u2019on a d\u00e9j\u00e0 test\u00e9 sans r\u00e9sultats tant les choses sont imbriqu\u00e9es entre les deux rives. Alors que la France s\u2019enlise dans une crise sans pr\u00e9c\u00e9dent et perd peu \u00e0 peu son aura \u00e0 l\u2019international, l&rsquo;enjeu de l&rsquo;\u00e9lection sera \u00e9conomique. Le d\u00e9ficit public de la France qui s&rsquo;\u00e9tablit en 2023 \u00e0 quelque 154 milliards d&rsquo;euros et un taux de ch\u00f4mage de plus 7,5 % au premier trimestre 2024 risquent d\u2019augmenter compte tenu d\u2019abord de la crise de gouvernance et surtout des cons\u00e9quences du soutien de la France \u00e0 l\u2019Ukraine en guerre contre la Russie.<\/p>\n\n\n\n<p>Bardella et ses mentors peuvent-ils se permettre de scier la branche sur laquelle la France est assise&nbsp;? Peut-il mettre un terme \u00e0 plus d\u2019un si\u00e8cle et demi de relations tumultueuses entre la France et l\u2019Alg\u00e9rie d\u2019un seul claquement des doigts ? Pas si s\u00fbr tant l\u2019impact sur les relations franco-alg\u00e9riennes risque d\u2019\u00eatre consid\u00e9rable particuli\u00e8rement pour la partie fran\u00e7aise qui est de plus en plus isol\u00e9e et ind\u00e9sir\u00e9e dans les lointaines contr\u00e9es africaines. Cela risque de profiter \u00e0 d\u2019autres pays europ\u00e9ens de la rive nord \u00e0 l\u2019image de l\u2019Italie, de l\u2019Espagne et m\u00eame de l\u2019Allemagne.&nbsp;<\/p>\n\n\n\n<p>Entre promesses \u00e9lectorales, real politique et pragmatisme \u00e9conomique, la France est tenue de choisir la voie de la raison et mettre de l\u2019eau dans son vin. Le prochain gouvernement, f\u00fbt-il issu de l\u2019extr\u00eame droite risque de mettre de c\u00f4t\u00e9 ses ambitions anti-immigration mais surtout anti-alg\u00e9rienne et regarder la r\u00e9alit\u00e9 en face. Une r\u00e9alit\u00e9 que m\u00eame le tr\u00e8s pressenti Jordan Bardella, grand favori aux \u00e9lections l\u00e9gislatives qui d\u00e9buteront ce matin, ne doit pas occulter. Le RN aussi bien que les autres formations politiques hostiles \u00e0 l\u2019Alg\u00e9rie ind\u00e9pendante buteront fatalement sur les r\u00e9cifs de 132 ans de colonisation. Trop d\u2019int\u00e9r\u00eats lient le pays de Marianne \u00e0 notre pays et ne lui laissent aucun choix sinon de composer avec la rive sud de la M\u00e9diterran\u00e9e. La crise qui s\u00e9vit en France et risque de mener ce pays \u00e0 une confrontation populaire arm\u00e9e comme le pr\u00e9disent certains hommes politiques fran\u00e7ais r\u00e9duit l\u2019ancienne puissance coloniale \u00e9conomiquement. La perte des pays du Sahel et son \u00e9jection de ses anciennes colonies africaines met la France dos au mur sur le plan de ressources mini\u00e8res mais surtout en termes de s\u00e9curit\u00e9 nationale que seule l\u2019Alg\u00e9rie, un rempart naturel, est en mesure de cerner et de maitriser.&nbsp; Au-del\u00e0 de la question m\u00e9morielle qui envenime les relations bilat\u00e9rales, r\u00e9side celle concernant l\u2019immigration, cette autre th\u00e9matique sur laquelle semble surfer le camp Bardella qui s\u2019\u00e9vertue dans un discours \u00e9lectoraliste et populiste \u00e0 mettre en avant promettant de mettre \u00ab&nbsp;dehors&nbsp;\u00bb tous les immigr\u00e9s en oubliant qu\u2019il existe en France quelque deux millions de binationaux, fran\u00e7ais d\u2019origine alg\u00e9rienne et autant de r\u00e9sidents rien qu\u2019en hexagone.<\/p>\n\n\n\n<p>Bardella Premier ministre se rendra compte une fois l\u2019euphorie de la victoire d\u00e9pass\u00e9e que la real politique et le pragmatisme \u00e9conomique ainsi que le besoin s\u00e9curitaire doivent l\u2019emporter sur le populisme si cher au clan Le Pen et \u00e0 l\u2019extr\u00eame droite. Une r\u00e9alit\u00e9 que son pressenti futur chef de la diplomatie, le subite tr\u00e8s virulent anti-alg\u00e9rien Xavier Driencourt, qui a su tout au long de son s\u00e9jours diplomatique alg\u00e9rien faire pale mine et courber l\u2019\u00e9chine car sachant que les int\u00e9r\u00eats de la France se trouvent en Alg\u00e9rie et que la bonne s\u00e9ance voudrait qu\u2019il taise ses animosit\u00e9s envers ce pays sources de beaucoup de bien \u00eatre, conna\u00eet bien que trop bien.<\/p>\n\n\n\n<p>Azzedine Belferag<\/p>\n","protected":false},"excerpt":{"rendered":"<p>Les Fran\u00e7ais sont appel\u00e9s aux urnes aujourd&rsquo;hui pour le premier tour des \u00e9lections l\u00e9gislatives anticip\u00e9es convoqu\u00e9es par le pr\u00e9sident fran\u00e7ais<\/p>\n","protected":false},"author":3,"featured_media":53876,"comment_status":"open","ping_status":"closed","sticky":false,"template":"","format":"standard","meta":{"colormag_page_container_layout":"default_layout","colormag_page_sidebar_layout":"default_layout","om_disable_all_campaigns":false,"_monsterinsights_skip_tracking":false,"_monsterinsights_sitenote_active":false,"_monsterinsights_sitenote_note":"","_monsterinsights_sitenote_category":0,"footnotes":"","_wpscppro_dont_share_socialmedia":false,"_wpscppro_custom_social_share_image":0,"_facebook_share_type":"default","_twitter_share_type":"default","_linkedin_share_type":"default","_pinterest_share_type":"default","_linkedin_share_type_page":"","_instagram_share_type":"default","_medium_share_type":"","_threads_share_type":"","_google_business_share_type":"","_selected_social_profile":[],"_wpsp_enable_custom_social_template":false,"_wpsp_social_scheduling":{"enabled":false,"datetime":null,"platforms":[],"status":"template_only","dateOption":"today","timeOption":"now","customDays":"","customHours":"","customDate":"","customTime":"","schedulingType":"absolute"},"_wpsp_active_default_template":true},"categories":[52,27],"tags":[],"class_list":["post-53875","post","type-post","status-publish","format-standard","has-post-thumbnail","hentry","category-a-la-une","category-actualite"],"aioseo_notices":[],"yoast_head":"<!-- This site is optimized with the Yoast SEO plugin v27.5 - https:\/\/yoast.com\/product\/yoast-seo-wordpress\/ -->\n<title>L&rsquo;extr\u00eame droite favorite des l\u00e9gislatives en France : Quel impact sur les relations franco-alg\u00e9riennes ? - La Sentinelle<\/title>\n<meta name=\"robots\" content=\"index, follow, max-snippet:-1, max-image-preview:large, max-video-preview:-1\" \/>\n<link rel=\"canonical\" href=\"https:\/\/lasentinelle.dz\/index.php\/2024\/06\/30\/lextreme-droite-favorite-des-legislatives-en-france-quel-impact-sur-les-relations-franco-algeriennes\/\" \/>\n<meta property=\"og:locale\" content=\"fr_FR\" \/>\n<meta property=\"og:type\" content=\"article\" \/>\n<meta property=\"og:title\" content=\"L&rsquo;extr\u00eame droite favorite des l\u00e9gislatives en France : Quel impact sur les relations franco-alg\u00e9riennes ? - La Sentinelle\" \/>\n<meta property=\"og:description\" content=\"Les Fran\u00e7ais sont appel\u00e9s aux urnes aujourd&rsquo;hui pour le premier tour des \u00e9lections l\u00e9gislatives anticip\u00e9es convoqu\u00e9es par le pr\u00e9sident fran\u00e7ais\" \/>\n<meta property=\"og:url\" content=\"https:\/\/lasentinelle.dz\/index.php\/2024\/06\/30\/lextreme-droite-favorite-des-legislatives-en-france-quel-impact-sur-les-relations-franco-algeriennes\/\" \/>\n<meta property=\"og:site_name\" content=\"La Sentinelle\" \/>\n<meta property=\"article:publisher\" content=\"https:\/\/www.facebook.com\/La-Sentinelle-104059864394773\" \/>\n<meta property=\"article:published_time\" content=\"2024-06-30T12:21:53+00:00\" \/>\n<meta property=\"article:modified_time\" content=\"2024-06-30T13:53:30+00:00\" \/>\n<meta property=\"og:image\" content=\"https:\/\/lasentinelle.dz\/wp-content\/uploads\/2024\/06\/RN.webp\" \/>\n\t<meta property=\"og:image:width\" content=\"1200\" \/>\n\t<meta property=\"og:image:height\" content=\"675\" \/>\n\t<meta property=\"og:image:type\" content=\"image\/webp\" \/>\n<meta name=\"author\" content=\"La Sentinelle\" \/>\n<meta name=\"twitter:card\" content=\"summary_large_image\" \/>\n<meta name=\"twitter:label1\" content=\"\u00c9crit par\" \/>\n\t<meta name=\"twitter:data1\" content=\"La Sentinelle\" \/>\n\t<meta name=\"twitter:label2\" content=\"Dur\u00e9e de lecture estim\u00e9e\" \/>\n\t<meta name=\"twitter:data2\" content=\"5 minutes\" \/>\n<script type=\"application\/ld+json\" class=\"yoast-schema-graph\">{\"@context\":\"https:\\\/\\\/schema.org\",\"@graph\":[{\"@type\":\"Article\",\"@id\":\"https:\\\/\\\/lasentinelle.dz\\\/index.php\\\/2024\\\/06\\\/30\\\/lextreme-droite-favorite-des-legislatives-en-france-quel-impact-sur-les-relations-franco-algeriennes\\\/#article\",\"isPartOf\":{\"@id\":\"https:\\\/\\\/lasentinelle.dz\\\/index.php\\\/2024\\\/06\\\/30\\\/lextreme-droite-favorite-des-legislatives-en-france-quel-impact-sur-les-relations-franco-algeriennes\\\/\"},\"author\":{\"name\":\"La Sentinelle\",\"@id\":\"https:\\\/\\\/lasentinelle.dz\\\/#\\\/schema\\\/person\\\/d865044e22e70a75174ce8bcad3acfb3\"},\"headline\":\"L&rsquo;extr\u00eame droite favorite des l\u00e9gislatives en France : Quel impact sur les relations franco-alg\u00e9riennes ?\",\"datePublished\":\"2024-06-30T12:21:53+00:00\",\"dateModified\":\"2024-06-30T13:53:30+00:00\",\"mainEntityOfPage\":{\"@id\":\"https:\\\/\\\/lasentinelle.dz\\\/index.php\\\/2024\\\/06\\\/30\\\/lextreme-droite-favorite-des-legislatives-en-france-quel-impact-sur-les-relations-franco-algeriennes\\\/\"},\"wordCount\":961,\"commentCount\":0,\"publisher\":{\"@id\":\"https:\\\/\\\/lasentinelle.dz\\\/#organization\"},\"image\":{\"@id\":\"https:\\\/\\\/lasentinelle.dz\\\/index.php\\\/2024\\\/06\\\/30\\\/lextreme-droite-favorite-des-legislatives-en-france-quel-impact-sur-les-relations-franco-algeriennes\\\/#primaryimage\"},\"thumbnailUrl\":\"https:\\\/\\\/lasentinelle.dz\\\/wp-content\\\/uploads\\\/2024\\\/06\\\/RN.webp\",\"articleSection\":[\"\u00c0 la Une\",\"Actualit\u00e9\"],\"inLanguage\":\"fr-FR\",\"potentialAction\":[{\"@type\":\"CommentAction\",\"name\":\"Comment\",\"target\":[\"https:\\\/\\\/lasentinelle.dz\\\/index.php\\\/2024\\\/06\\\/30\\\/lextreme-droite-favorite-des-legislatives-en-france-quel-impact-sur-les-relations-franco-algeriennes\\\/#respond\"]}]},{\"@type\":\"WebPage\",\"@id\":\"https:\\\/\\\/lasentinelle.dz\\\/index.php\\\/2024\\\/06\\\/30\\\/lextreme-droite-favorite-des-legislatives-en-france-quel-impact-sur-les-relations-franco-algeriennes\\\/\",\"url\":\"https:\\\/\\\/lasentinelle.dz\\\/index.php\\\/2024\\\/06\\\/30\\\/lextreme-droite-favorite-des-legislatives-en-france-quel-impact-sur-les-relations-franco-algeriennes\\\/\",\"name\":\"L&rsquo;extr\u00eame droite favorite des l\u00e9gislatives en France : Quel impact sur les relations franco-alg\u00e9riennes ? - La Sentinelle\",\"isPartOf\":{\"@id\":\"https:\\\/\\\/lasentinelle.dz\\\/#website\"},\"primaryImageOfPage\":{\"@id\":\"https:\\\/\\\/lasentinelle.dz\\\/index.php\\\/2024\\\/06\\\/30\\\/lextreme-droite-favorite-des-legislatives-en-france-quel-impact-sur-les-relations-franco-algeriennes\\\/#primaryimage\"},\"image\":{\"@id\":\"https:\\\/\\\/lasentinelle.dz\\\/index.php\\\/2024\\\/06\\\/30\\\/lextreme-droite-favorite-des-legislatives-en-france-quel-impact-sur-les-relations-franco-algeriennes\\\/#primaryimage\"},\"thumbnailUrl\":\"https:\\\/\\\/lasentinelle.dz\\\/wp-content\\\/uploads\\\/2024\\\/06\\\/RN.webp\",\"datePublished\":\"2024-06-30T12:21:53+00:00\",\"dateModified\":\"2024-06-30T13:53:30+00:00\",\"breadcrumb\":{\"@id\":\"https:\\\/\\\/lasentinelle.dz\\\/index.php\\\/2024\\\/06\\\/30\\\/lextreme-droite-favorite-des-legislatives-en-france-quel-impact-sur-les-relations-franco-algeriennes\\\/#breadcrumb\"},\"inLanguage\":\"fr-FR\",\"potentialAction\":[{\"@type\":\"ReadAction\",\"target\":[\"https:\\\/\\\/lasentinelle.dz\\\/index.php\\\/2024\\\/06\\\/30\\\/lextreme-droite-favorite-des-legislatives-en-france-quel-impact-sur-les-relations-franco-algeriennes\\\/\"]}]},{\"@type\":\"ImageObject\",\"inLanguage\":\"fr-FR\",\"@id\":\"https:\\\/\\\/lasentinelle.dz\\\/index.php\\\/2024\\\/06\\\/30\\\/lextreme-droite-favorite-des-legislatives-en-france-quel-impact-sur-les-relations-franco-algeriennes\\\/#primaryimage\",\"url\":\"https:\\\/\\\/lasentinelle.dz\\\/wp-content\\\/uploads\\\/2024\\\/06\\\/RN.webp\",\"contentUrl\":\"https:\\\/\\\/lasentinelle.dz\\\/wp-content\\\/uploads\\\/2024\\\/06\\\/RN.webp\",\"width\":1200,\"height\":675},{\"@type\":\"BreadcrumbList\",\"@id\":\"https:\\\/\\\/lasentinelle.dz\\\/index.php\\\/2024\\\/06\\\/30\\\/lextreme-droite-favorite-des-legislatives-en-france-quel-impact-sur-les-relations-franco-algeriennes\\\/#breadcrumb\",\"itemListElement\":[{\"@type\":\"ListItem\",\"position\":1,\"name\":\"Accueil\",\"item\":\"https:\\\/\\\/lasentinelle.dz\\\/\"},{\"@type\":\"ListItem\",\"position\":2,\"name\":\"L&rsquo;extr\u00eame droite favorite des l\u00e9gislatives en France : Quel impact sur les relations franco-alg\u00e9riennes ?\"}]},{\"@type\":\"WebSite\",\"@id\":\"https:\\\/\\\/lasentinelle.dz\\\/#website\",\"url\":\"https:\\\/\\\/lasentinelle.dz\\\/\",\"name\":\"La Sentinelle\",\"description\":\"Quotidien national d&#039;information\",\"publisher\":{\"@id\":\"https:\\\/\\\/lasentinelle.dz\\\/#organization\"},\"potentialAction\":[{\"@type\":\"SearchAction\",\"target\":{\"@type\":\"EntryPoint\",\"urlTemplate\":\"https:\\\/\\\/lasentinelle.dz\\\/?s={search_term_string}\"},\"query-input\":{\"@type\":\"PropertyValueSpecification\",\"valueRequired\":true,\"valueName\":\"search_term_string\"}}],\"inLanguage\":\"fr-FR\"},{\"@type\":\"Organization\",\"@id\":\"https:\\\/\\\/lasentinelle.dz\\\/#organization\",\"name\":\"Quotidien La Sentinelle\",\"url\":\"https:\\\/\\\/lasentinelle.dz\\\/\",\"logo\":{\"@type\":\"ImageObject\",\"inLanguage\":\"fr-FR\",\"@id\":\"https:\\\/\\\/lasentinelle.dz\\\/#\\\/schema\\\/logo\\\/image\\\/\",\"url\":\"https:\\\/\\\/lasentinelle.dz\\\/wp-content\\\/uploads\\\/2021\\\/09\\\/logo-sentinelleSLOGAN-1.png\",\"contentUrl\":\"https:\\\/\\\/lasentinelle.dz\\\/wp-content\\\/uploads\\\/2021\\\/09\\\/logo-sentinelleSLOGAN-1.png\",\"width\":615,\"height\":142,\"caption\":\"Quotidien La Sentinelle\"},\"image\":{\"@id\":\"https:\\\/\\\/lasentinelle.dz\\\/#\\\/schema\\\/logo\\\/image\\\/\"},\"sameAs\":[\"https:\\\/\\\/www.facebook.com\\\/La-Sentinelle-104059864394773\"]},{\"@type\":\"Person\",\"@id\":\"https:\\\/\\\/lasentinelle.dz\\\/#\\\/schema\\\/person\\\/d865044e22e70a75174ce8bcad3acfb3\",\"name\":\"La Sentinelle\",\"image\":{\"@type\":\"ImageObject\",\"inLanguage\":\"fr-FR\",\"@id\":\"https:\\\/\\\/secure.gravatar.com\\\/avatar\\\/57de8e5d4b15d43fb361a71fbb36338450fe67865b528a43dd10ef7c51a20392?s=96&d=mm&r=g\",\"url\":\"https:\\\/\\\/secure.gravatar.com\\\/avatar\\\/57de8e5d4b15d43fb361a71fbb36338450fe67865b528a43dd10ef7c51a20392?s=96&d=mm&r=g\",\"contentUrl\":\"https:\\\/\\\/secure.gravatar.com\\\/avatar\\\/57de8e5d4b15d43fb361a71fbb36338450fe67865b528a43dd10ef7c51a20392?s=96&d=mm&r=g\",\"caption\":\"La Sentinelle\"},\"sameAs\":[\"http:\\\/\\\/www.lasentinelle.dz\"],\"url\":\"https:\\\/\\\/lasentinelle.dz\\\/author\\\/redaction\\\/\"}]}<\/script>\n<!-- \/ Yoast SEO plugin. -->","yoast_head_json":{"title":"L&rsquo;extr\u00eame droite favorite des l\u00e9gislatives en France : Quel impact sur les relations franco-alg\u00e9riennes ? - La Sentinelle","robots":{"index":"index","follow":"follow","max-snippet":"max-snippet:-1","max-image-preview":"max-image-preview:large","max-video-preview":"max-video-preview:-1"},"canonical":"https:\/\/lasentinelle.dz\/index.php\/2024\/06\/30\/lextreme-droite-favorite-des-legislatives-en-france-quel-impact-sur-les-relations-franco-algeriennes\/","og_locale":"fr_FR","og_type":"article","og_title":"L&rsquo;extr\u00eame droite favorite des l\u00e9gislatives en France : Quel impact sur les relations franco-alg\u00e9riennes ? - La Sentinelle","og_description":"Les Fran\u00e7ais sont appel\u00e9s aux urnes aujourd&rsquo;hui pour le premier tour des \u00e9lections l\u00e9gislatives anticip\u00e9es convoqu\u00e9es par le pr\u00e9sident fran\u00e7ais","og_url":"https:\/\/lasentinelle.dz\/index.php\/2024\/06\/30\/lextreme-droite-favorite-des-legislatives-en-france-quel-impact-sur-les-relations-franco-algeriennes\/","og_site_name":"La Sentinelle","article_publisher":"https:\/\/www.facebook.com\/La-Sentinelle-104059864394773","article_published_time":"2024-06-30T12:21:53+00:00","article_modified_time":"2024-06-30T13:53:30+00:00","og_image":[{"width":1200,"height":675,"url":"https:\/\/lasentinelle.dz\/wp-content\/uploads\/2024\/06\/RN.webp","type":"image\/webp"}],"author":"La Sentinelle","twitter_card":"summary_large_image","twitter_misc":{"\u00c9crit par":"La Sentinelle","Dur\u00e9e de lecture estim\u00e9e":"5 minutes"},"schema":{"@context":"https:\/\/schema.org","@graph":[{"@type":"Article","@id":"https:\/\/lasentinelle.dz\/index.php\/2024\/06\/30\/lextreme-droite-favorite-des-legislatives-en-france-quel-impact-sur-les-relations-franco-algeriennes\/#article","isPartOf":{"@id":"https:\/\/lasentinelle.dz\/index.php\/2024\/06\/30\/lextreme-droite-favorite-des-legislatives-en-france-quel-impact-sur-les-relations-franco-algeriennes\/"},"author":{"name":"La Sentinelle","@id":"https:\/\/lasentinelle.dz\/#\/schema\/person\/d865044e22e70a75174ce8bcad3acfb3"},"headline":"L&rsquo;extr\u00eame droite favorite des l\u00e9gislatives en France : Quel impact sur les relations franco-alg\u00e9riennes ?","datePublished":"2024-06-30T12:21:53+00:00","dateModified":"2024-06-30T13:53:30+00:00","mainEntityOfPage":{"@id":"https:\/\/lasentinelle.dz\/index.php\/2024\/06\/30\/lextreme-droite-favorite-des-legislatives-en-france-quel-impact-sur-les-relations-franco-algeriennes\/"},"wordCount":961,"commentCount":0,"publisher":{"@id":"https:\/\/lasentinelle.dz\/#organization"},"image":{"@id":"https:\/\/lasentinelle.dz\/index.php\/2024\/06\/30\/lextreme-droite-favorite-des-legislatives-en-france-quel-impact-sur-les-relations-franco-algeriennes\/#primaryimage"},"thumbnailUrl":"https:\/\/lasentinelle.dz\/wp-content\/uploads\/2024\/06\/RN.webp","articleSection":["\u00c0 la Une","Actualit\u00e9"],"inLanguage":"fr-FR","potentialAction":[{"@type":"CommentAction","name":"Comment","target":["https:\/\/lasentinelle.dz\/index.php\/2024\/06\/30\/lextreme-droite-favorite-des-legislatives-en-france-quel-impact-sur-les-relations-franco-algeriennes\/#respond"]}]},{"@type":"WebPage","@id":"https:\/\/lasentinelle.dz\/index.php\/2024\/06\/30\/lextreme-droite-favorite-des-legislatives-en-france-quel-impact-sur-les-relations-franco-algeriennes\/","url":"https:\/\/lasentinelle.dz\/index.php\/2024\/06\/30\/lextreme-droite-favorite-des-legislatives-en-france-quel-impact-sur-les-relations-franco-algeriennes\/","name":"L&rsquo;extr\u00eame droite favorite des l\u00e9gislatives en France : Quel impact sur les relations franco-alg\u00e9riennes ? - La Sentinelle","isPartOf":{"@id":"https:\/\/lasentinelle.dz\/#website"},"primaryImageOfPage":{"@id":"https:\/\/lasentinelle.dz\/index.php\/2024\/06\/30\/lextreme-droite-favorite-des-legislatives-en-france-quel-impact-sur-les-relations-franco-algeriennes\/#primaryimage"},"image":{"@id":"https:\/\/lasentinelle.dz\/index.php\/2024\/06\/30\/lextreme-droite-favorite-des-legislatives-en-france-quel-impact-sur-les-relations-franco-algeriennes\/#primaryimage"},"thumbnailUrl":"https:\/\/lasentinelle.dz\/wp-content\/uploads\/2024\/06\/RN.webp","datePublished":"2024-06-30T12:21:53+00:00","dateModified":"2024-06-30T13:53:30+00:00","breadcrumb":{"@id":"https:\/\/lasentinelle.dz\/index.php\/2024\/06\/30\/lextreme-droite-favorite-des-legislatives-en-france-quel-impact-sur-les-relations-franco-algeriennes\/#breadcrumb"},"inLanguage":"fr-FR","potentialAction":[{"@type":"ReadAction","target":["https:\/\/lasentinelle.dz\/index.php\/2024\/06\/30\/lextreme-droite-favorite-des-legislatives-en-france-quel-impact-sur-les-relations-franco-algeriennes\/"]}]},{"@type":"ImageObject","inLanguage":"fr-FR","@id":"https:\/\/lasentinelle.dz\/index.php\/2024\/06\/30\/lextreme-droite-favorite-des-legislatives-en-france-quel-impact-sur-les-relations-franco-algeriennes\/#primaryimage","url":"https:\/\/lasentinelle.dz\/wp-content\/uploads\/2024\/06\/RN.webp","contentUrl":"https:\/\/lasentinelle.dz\/wp-content\/uploads\/2024\/06\/RN.webp","width":1200,"height":675},{"@type":"BreadcrumbList","@id":"https:\/\/lasentinelle.dz\/index.php\/2024\/06\/30\/lextreme-droite-favorite-des-legislatives-en-france-quel-impact-sur-les-relations-franco-algeriennes\/#breadcrumb","itemListElement":[{"@type":"ListItem","position":1,"name":"Accueil","item":"https:\/\/lasentinelle.dz\/"},{"@type":"ListItem","position":2,"name":"L&rsquo;extr\u00eame droite favorite des l\u00e9gislatives en France : Quel impact sur les relations franco-alg\u00e9riennes ?"}]},{"@type":"WebSite","@id":"https:\/\/lasentinelle.dz\/#website","url":"https:\/\/lasentinelle.dz\/","name":"La Sentinelle","description":"Quotidien national d&#039;information","publisher":{"@id":"https:\/\/lasentinelle.dz\/#organization"},"potentialAction":[{"@type":"SearchAction","target":{"@type":"EntryPoint","urlTemplate":"https:\/\/lasentinelle.dz\/?s={search_term_string}"},"query-input":{"@type":"PropertyValueSpecification","valueRequired":true,"valueName":"search_term_string"}}],"inLanguage":"fr-FR"},{"@type":"Organization","@id":"https:\/\/lasentinelle.dz\/#organization","name":"Quotidien La Sentinelle","url":"https:\/\/lasentinelle.dz\/","logo":{"@type":"ImageObject","inLanguage":"fr-FR","@id":"https:\/\/lasentinelle.dz\/#\/schema\/logo\/image\/","url":"https:\/\/lasentinelle.dz\/wp-content\/uploads\/2021\/09\/logo-sentinelleSLOGAN-1.png","contentUrl":"https:\/\/lasentinelle.dz\/wp-content\/uploads\/2021\/09\/logo-sentinelleSLOGAN-1.png","width":615,"height":142,"caption":"Quotidien La Sentinelle"},"image":{"@id":"https:\/\/lasentinelle.dz\/#\/schema\/logo\/image\/"},"sameAs":["https:\/\/www.facebook.com\/La-Sentinelle-104059864394773"]},{"@type":"Person","@id":"https:\/\/lasentinelle.dz\/#\/schema\/person\/d865044e22e70a75174ce8bcad3acfb3","name":"La Sentinelle","image":{"@type":"ImageObject","inLanguage":"fr-FR","@id":"https:\/\/secure.gravatar.com\/avatar\/57de8e5d4b15d43fb361a71fbb36338450fe67865b528a43dd10ef7c51a20392?s=96&d=mm&r=g","url":"https:\/\/secure.gravatar.com\/avatar\/57de8e5d4b15d43fb361a71fbb36338450fe67865b528a43dd10ef7c51a20392?s=96&d=mm&r=g","contentUrl":"https:\/\/secure.gravatar.com\/avatar\/57de8e5d4b15d43fb361a71fbb36338450fe67865b528a43dd10ef7c51a20392?s=96&d=mm&r=g","caption":"La Sentinelle"},"sameAs":["http:\/\/www.lasentinelle.dz"],"url":"https:\/\/lasentinelle.dz\/author\/redaction\/"}]}},"_links":{"self":[{"href":"https:\/\/lasentinelle.dz\/index.php\/wp-json\/wp\/v2\/posts\/53875","targetHints":{"allow":["GET"]}}],"collection":[{"href":"https:\/\/lasentinelle.dz\/index.php\/wp-json\/wp\/v2\/posts"}],"about":[{"href":"https:\/\/lasentinelle.dz\/index.php\/wp-json\/wp\/v2\/types\/post"}],"author":[{"embeddable":true,"href":"https:\/\/lasentinelle.dz\/index.php\/wp-json\/wp\/v2\/users\/3"}],"replies":[{"embeddable":true,"href":"https:\/\/lasentinelle.dz\/index.php\/wp-json\/wp\/v2\/comments?post=53875"}],"version-history":[{"count":3,"href":"https:\/\/lasentinelle.dz\/index.php\/wp-json\/wp\/v2\/posts\/53875\/revisions"}],"predecessor-version":[{"id":53880,"href":"https:\/\/lasentinelle.dz\/index.php\/wp-json\/wp\/v2\/posts\/53875\/revisions\/53880"}],"wp:featuredmedia":[{"embeddable":true,"href":"https:\/\/lasentinelle.dz\/index.php\/wp-json\/wp\/v2\/media\/53876"}],"wp:attachment":[{"href":"https:\/\/lasentinelle.dz\/index.php\/wp-json\/wp\/v2\/media?parent=53875"}],"wp:term":[{"taxonomy":"category","embeddable":true,"href":"https:\/\/lasentinelle.dz\/index.php\/wp-json\/wp\/v2\/categories?post=53875"},{"taxonomy":"post_tag","embeddable":true,"href":"https:\/\/lasentinelle.dz\/index.php\/wp-json\/wp\/v2\/tags?post=53875"}],"curies":[{"name":"wp","href":"https:\/\/api.w.org\/{rel}","templated":true}]}}