{"id":5389,"date":"2021-08-26T00:01:00","date_gmt":"2021-08-25T23:01:00","guid":{"rendered":"https:\/\/lasentinelle.dz\/?p=5389"},"modified":"2021-08-25T17:04:45","modified_gmt":"2021-08-25T16:04:45","slug":"la-strategie-de-lalgerie-presentee-aux-cadres-de-linstitut-nigerian-des-etudes-strategiques","status":"publish","type":"post","link":"https:\/\/lasentinelle.dz\/index.php\/2021\/08\/26\/la-strategie-de-lalgerie-presentee-aux-cadres-de-linstitut-nigerian-des-etudes-strategiques\/","title":{"rendered":"La strat\u00e9gie de l&rsquo;Alg\u00e9rie pr\u00e9sent\u00e9e aux cadres de l&rsquo;Institut nig\u00e9rian des \u00e9tudes strat\u00e9giques"},"content":{"rendered":"\n<p>La strat\u00e9gie de l&rsquo;Alg\u00e9rie dans les secteurs de l&rsquo;Int\u00e9rieur, des Collectivit\u00e9s locales et de l&rsquo;Am\u00e9nagement du territoire, de l&rsquo;Enseignement sup\u00e9rieur et de la Recherche scientifique, de l&rsquo;\u00c9ducation nationale et de la Sant\u00e9 a \u00e9t\u00e9 pr\u00e9sent\u00e9e, mercredi \u00e0 l&rsquo;Ecole nationale d&rsquo;administration (ENA) \u00e0 Alger, \u00e0 une d\u00e9l\u00e9gation de cadres de l&rsquo;Institut national des \u00e9tudes politiques et strat\u00e9giques nig\u00e9rian (NIPSS), qui effectue depuis lundi dernier une visite en Alg\u00e9rie.Lors de cette rencontre, les deux repr\u00e9sentants du minist\u00e8re de l&rsquo;Int\u00e9rieur ont soulign\u00e9 l&rsquo;importance du Sch\u00e9ma national d&rsquo;am\u00e9nagement du territoire (SNAT) dans la mise au point des politiques de d\u00e9veloppement dans diff\u00e9rents secteurs, mettant en exergue la strat\u00e9gie de l&rsquo;Alg\u00e9rie dans la prise en charge des zones d&rsquo;ombre depuis 2019, auxquelles a \u00e9t\u00e9 allou\u00e9e une enveloppe financi\u00e8re de 915 milliards DA pour la prise en charge des besoins de 8 millions d&rsquo;habitants de ces zones.De son c\u00f4t\u00e9, le repr\u00e9sentant du minist\u00e8re de l&rsquo;Enseignement sup\u00e9rieur et de la Recherche scientifique, BoualemSaidani a relev\u00e9 \u00ab\u00a0l&rsquo;int\u00e9r\u00eat particulier\u00a0\u00bb accord\u00e9 par l&rsquo;Alg\u00e9rie \u00e0 ce secteur strat\u00e9gique\u00a0\u00bb, citant \u00e0 titre d&rsquo;exemple \u00ab\u00a0l&rsquo;accueil par les \u00e9tablissements universitaires de 300.000 nouveaux \u00e9tudiants chaque ann\u00e9e\u00a0\u00bb, avant d&rsquo;affirmer que l&rsquo;Alg\u00e9rie \u00ab\u00a0accorde un int\u00e9r\u00eat au partenariat avec le Nig\u00e9ria en la mati\u00e8re.La pr\u00e9sentation de la strat\u00e9gie de l&rsquo;Alg\u00e9rie visait \u00e0 permettre aux start-up nig\u00e9rianes dans ce secteur de \u00ab\u00a0b\u00e9n\u00e9ficier de l&rsquo;exp\u00e9rience alg\u00e9rienne\u00a0\u00bb et de \u00ab\u00a0chercher et d\u00e9velopper des projets de partenariat entre les deux pays\u00a0\u00bb.Compos\u00e9e de 17 cadres sup\u00e9rieurs sp\u00e9cialis\u00e9s dans les domaines politique, \u00e9conomique, social et militaire, la d\u00e9l\u00e9gation nig\u00e9riane effectuera plusieurs activit\u00e9s \u00e0 caract\u00e8re scientifique et culturel et visitera plusieurs organismes. Des visites aux institutions alg\u00e9riennes seront \u00e9galement au programme de la d\u00e9l\u00e9gation en vue de conna\u00eetre et de tirer profit de l&rsquo;exp\u00e9rience alg\u00e9rienne dans diff\u00e9rents domaines.La d\u00e9l\u00e9gation nig\u00e9riane se rendra dans six wilayas (Tipasa, Annaba, Souk Ahras, Laghouat, Oran et Tindouf) o\u00f9 des visites \u00e0 plusieurs micro-entreprises, startup, coop\u00e9ratives agricoles, complexes et centres de recherche (Centre de recherche en anthropologie sociale et culturelle et Unit\u00e9 de recherche en \u00e9nergies renouvelables) sont au programme.La question sahraouie sera \u00e9galement abord\u00e9e et une visite dans un camp de r\u00e9fugi\u00e9s sahraouis est programm\u00e9e pour les membres de la d\u00e9l\u00e9gation.<\/p>\n\n\n\n<p>APS<\/p>\n","protected":false},"excerpt":{"rendered":"<p>La strat\u00e9gie de l&rsquo;Alg\u00e9rie dans les secteurs de l&rsquo;Int\u00e9rieur, des Collectivit\u00e9s locales et de l&rsquo;Am\u00e9nagement du territoire, de l&rsquo;Enseignement sup\u00e9rieur<\/p>\n","protected":false},"author":3,"featured_media":5403,"comment_status":"open","ping_status":"closed","sticky":false,"template":"","format":"standard","meta":{"colormag_page_container_layout":"default_layout","colormag_page_sidebar_layout":"default_layout","om_disable_all_campaigns":false,"_monsterinsights_skip_tracking":false,"_monsterinsights_sitenote_active":false,"_monsterinsights_sitenote_note":"","_monsterinsights_sitenote_category":0,"footnotes":"","_wpscppro_dont_share_socialmedia":false,"_wpscppro_custom_social_share_image":0,"_facebook_share_type":"","_twitter_share_type":"","_linkedin_share_type":"","_pinterest_share_type":"","_linkedin_share_type_page":"","_instagram_share_type":"","_medium_share_type":"","_threads_share_type":"","_google_business_share_type":"","_selected_social_profile":[],"_wpsp_enable_custom_social_template":false,"_wpsp_social_scheduling":{"enabled":false,"datetime":null,"platforms":[],"status":"template_only","dateOption":"today","timeOption":"now","customDays":"","customHours":"","customDate":"","customTime":"","schedulingType":"absolute"},"_wpsp_active_default_template":true},"categories":[27],"tags":[],"class_list":["post-5389","post","type-post","status-publish","format-standard","has-post-thumbnail","hentry","category-actualite"],"aioseo_notices":[],"yoast_head":"<!-- This site is optimized with the Yoast SEO plugin v27.5 - https:\/\/yoast.com\/product\/yoast-seo-wordpress\/ -->\n<title>La strat\u00e9gie de l&#039;Alg\u00e9rie pr\u00e9sent\u00e9e aux cadres de l&#039;Institut nig\u00e9rian des \u00e9tudes strat\u00e9giques - La Sentinelle<\/title>\n<meta name=\"robots\" content=\"index, follow, max-snippet:-1, max-image-preview:large, max-video-preview:-1\" \/>\n<link rel=\"canonical\" href=\"https:\/\/lasentinelle.dz\/index.php\/2021\/08\/26\/la-strategie-de-lalgerie-presentee-aux-cadres-de-linstitut-nigerian-des-etudes-strategiques\/\" \/>\n<meta property=\"og:locale\" content=\"fr_FR\" \/>\n<meta property=\"og:type\" content=\"article\" \/>\n<meta property=\"og:title\" content=\"La strat\u00e9gie de l&#039;Alg\u00e9rie pr\u00e9sent\u00e9e aux cadres de l&#039;Institut nig\u00e9rian des \u00e9tudes strat\u00e9giques - La Sentinelle\" \/>\n<meta property=\"og:description\" content=\"La strat\u00e9gie de l&rsquo;Alg\u00e9rie dans les secteurs de l&rsquo;Int\u00e9rieur, des Collectivit\u00e9s locales et de l&rsquo;Am\u00e9nagement du territoire, de l&rsquo;Enseignement sup\u00e9rieur\" \/>\n<meta property=\"og:url\" content=\"https:\/\/lasentinelle.dz\/index.php\/2021\/08\/26\/la-strategie-de-lalgerie-presentee-aux-cadres-de-linstitut-nigerian-des-etudes-strategiques\/\" \/>\n<meta property=\"og:site_name\" content=\"La Sentinelle\" \/>\n<meta property=\"article:publisher\" content=\"https:\/\/www.facebook.com\/La-Sentinelle-104059864394773\" \/>\n<meta property=\"article:published_time\" content=\"2021-08-25T23:01:00+00:00\" \/>\n<meta property=\"og:image\" content=\"https:\/\/lasentinelle.dz\/wp-content\/uploads\/2021\/08\/image_2021-08-25_170436.png\" \/>\n\t<meta property=\"og:image:width\" content=\"580\" \/>\n\t<meta property=\"og:image:height\" content=\"350\" \/>\n\t<meta property=\"og:image:type\" content=\"image\/png\" \/>\n<meta name=\"author\" content=\"La Sentinelle\" \/>\n<meta name=\"twitter:card\" content=\"summary_large_image\" \/>\n<meta name=\"twitter:label1\" content=\"\u00c9crit par\" \/>\n\t<meta name=\"twitter:data1\" content=\"La Sentinelle\" \/>\n\t<meta name=\"twitter:label2\" content=\"Dur\u00e9e de lecture estim\u00e9e\" \/>\n\t<meta name=\"twitter:data2\" content=\"2 minutes\" \/>\n<script type=\"application\/ld+json\" class=\"yoast-schema-graph\">{\"@context\":\"https:\\\/\\\/schema.org\",\"@graph\":[{\"@type\":\"Article\",\"@id\":\"https:\\\/\\\/lasentinelle.dz\\\/index.php\\\/2021\\\/08\\\/26\\\/la-strategie-de-lalgerie-presentee-aux-cadres-de-linstitut-nigerian-des-etudes-strategiques\\\/#article\",\"isPartOf\":{\"@id\":\"https:\\\/\\\/lasentinelle.dz\\\/index.php\\\/2021\\\/08\\\/26\\\/la-strategie-de-lalgerie-presentee-aux-cadres-de-linstitut-nigerian-des-etudes-strategiques\\\/\"},\"author\":{\"name\":\"La Sentinelle\",\"@id\":\"https:\\\/\\\/lasentinelle.dz\\\/#\\\/schema\\\/person\\\/d865044e22e70a75174ce8bcad3acfb3\"},\"headline\":\"La strat\u00e9gie de l&rsquo;Alg\u00e9rie pr\u00e9sent\u00e9e aux cadres de l&rsquo;Institut nig\u00e9rian des \u00e9tudes strat\u00e9giques\",\"datePublished\":\"2021-08-25T23:01:00+00:00\",\"mainEntityOfPage\":{\"@id\":\"https:\\\/\\\/lasentinelle.dz\\\/index.php\\\/2021\\\/08\\\/26\\\/la-strategie-de-lalgerie-presentee-aux-cadres-de-linstitut-nigerian-des-etudes-strategiques\\\/\"},\"wordCount\":465,\"commentCount\":0,\"publisher\":{\"@id\":\"https:\\\/\\\/lasentinelle.dz\\\/#organization\"},\"image\":{\"@id\":\"https:\\\/\\\/lasentinelle.dz\\\/index.php\\\/2021\\\/08\\\/26\\\/la-strategie-de-lalgerie-presentee-aux-cadres-de-linstitut-nigerian-des-etudes-strategiques\\\/#primaryimage\"},\"thumbnailUrl\":\"https:\\\/\\\/lasentinelle.dz\\\/wp-content\\\/uploads\\\/2021\\\/08\\\/image_2021-08-25_170436.png\",\"articleSection\":[\"Actualit\u00e9\"],\"inLanguage\":\"fr-FR\",\"potentialAction\":[{\"@type\":\"CommentAction\",\"name\":\"Comment\",\"target\":[\"https:\\\/\\\/lasentinelle.dz\\\/index.php\\\/2021\\\/08\\\/26\\\/la-strategie-de-lalgerie-presentee-aux-cadres-de-linstitut-nigerian-des-etudes-strategiques\\\/#respond\"]}]},{\"@type\":\"WebPage\",\"@id\":\"https:\\\/\\\/lasentinelle.dz\\\/index.php\\\/2021\\\/08\\\/26\\\/la-strategie-de-lalgerie-presentee-aux-cadres-de-linstitut-nigerian-des-etudes-strategiques\\\/\",\"url\":\"https:\\\/\\\/lasentinelle.dz\\\/index.php\\\/2021\\\/08\\\/26\\\/la-strategie-de-lalgerie-presentee-aux-cadres-de-linstitut-nigerian-des-etudes-strategiques\\\/\",\"name\":\"La strat\u00e9gie de l'Alg\u00e9rie pr\u00e9sent\u00e9e aux cadres de l'Institut nig\u00e9rian des \u00e9tudes strat\u00e9giques - La Sentinelle\",\"isPartOf\":{\"@id\":\"https:\\\/\\\/lasentinelle.dz\\\/#website\"},\"primaryImageOfPage\":{\"@id\":\"https:\\\/\\\/lasentinelle.dz\\\/index.php\\\/2021\\\/08\\\/26\\\/la-strategie-de-lalgerie-presentee-aux-cadres-de-linstitut-nigerian-des-etudes-strategiques\\\/#primaryimage\"},\"image\":{\"@id\":\"https:\\\/\\\/lasentinelle.dz\\\/index.php\\\/2021\\\/08\\\/26\\\/la-strategie-de-lalgerie-presentee-aux-cadres-de-linstitut-nigerian-des-etudes-strategiques\\\/#primaryimage\"},\"thumbnailUrl\":\"https:\\\/\\\/lasentinelle.dz\\\/wp-content\\\/uploads\\\/2021\\\/08\\\/image_2021-08-25_170436.png\",\"datePublished\":\"2021-08-25T23:01:00+00:00\",\"breadcrumb\":{\"@id\":\"https:\\\/\\\/lasentinelle.dz\\\/index.php\\\/2021\\\/08\\\/26\\\/la-strategie-de-lalgerie-presentee-aux-cadres-de-linstitut-nigerian-des-etudes-strategiques\\\/#breadcrumb\"},\"inLanguage\":\"fr-FR\",\"potentialAction\":[{\"@type\":\"ReadAction\",\"target\":[\"https:\\\/\\\/lasentinelle.dz\\\/index.php\\\/2021\\\/08\\\/26\\\/la-strategie-de-lalgerie-presentee-aux-cadres-de-linstitut-nigerian-des-etudes-strategiques\\\/\"]}]},{\"@type\":\"ImageObject\",\"inLanguage\":\"fr-FR\",\"@id\":\"https:\\\/\\\/lasentinelle.dz\\\/index.php\\\/2021\\\/08\\\/26\\\/la-strategie-de-lalgerie-presentee-aux-cadres-de-linstitut-nigerian-des-etudes-strategiques\\\/#primaryimage\",\"url\":\"https:\\\/\\\/lasentinelle.dz\\\/wp-content\\\/uploads\\\/2021\\\/08\\\/image_2021-08-25_170436.png\",\"contentUrl\":\"https:\\\/\\\/lasentinelle.dz\\\/wp-content\\\/uploads\\\/2021\\\/08\\\/image_2021-08-25_170436.png\",\"width\":580,\"height\":350},{\"@type\":\"BreadcrumbList\",\"@id\":\"https:\\\/\\\/lasentinelle.dz\\\/index.php\\\/2021\\\/08\\\/26\\\/la-strategie-de-lalgerie-presentee-aux-cadres-de-linstitut-nigerian-des-etudes-strategiques\\\/#breadcrumb\",\"itemListElement\":[{\"@type\":\"ListItem\",\"position\":1,\"name\":\"Accueil\",\"item\":\"https:\\\/\\\/lasentinelle.dz\\\/\"},{\"@type\":\"ListItem\",\"position\":2,\"name\":\"La strat\u00e9gie de l&rsquo;Alg\u00e9rie pr\u00e9sent\u00e9e aux cadres de l&rsquo;Institut nig\u00e9rian des \u00e9tudes strat\u00e9giques\"}]},{\"@type\":\"WebSite\",\"@id\":\"https:\\\/\\\/lasentinelle.dz\\\/#website\",\"url\":\"https:\\\/\\\/lasentinelle.dz\\\/\",\"name\":\"La Sentinelle\",\"description\":\"Quotidien national d&#039;information\",\"publisher\":{\"@id\":\"https:\\\/\\\/lasentinelle.dz\\\/#organization\"},\"potentialAction\":[{\"@type\":\"SearchAction\",\"target\":{\"@type\":\"EntryPoint\",\"urlTemplate\":\"https:\\\/\\\/lasentinelle.dz\\\/?s={search_term_string}\"},\"query-input\":{\"@type\":\"PropertyValueSpecification\",\"valueRequired\":true,\"valueName\":\"search_term_string\"}}],\"inLanguage\":\"fr-FR\"},{\"@type\":\"Organization\",\"@id\":\"https:\\\/\\\/lasentinelle.dz\\\/#organization\",\"name\":\"Quotidien La Sentinelle\",\"url\":\"https:\\\/\\\/lasentinelle.dz\\\/\",\"logo\":{\"@type\":\"ImageObject\",\"inLanguage\":\"fr-FR\",\"@id\":\"https:\\\/\\\/lasentinelle.dz\\\/#\\\/schema\\\/logo\\\/image\\\/\",\"url\":\"https:\\\/\\\/lasentinelle.dz\\\/wp-content\\\/uploads\\\/2021\\\/09\\\/logo-sentinelleSLOGAN-1.png\",\"contentUrl\":\"https:\\\/\\\/lasentinelle.dz\\\/wp-content\\\/uploads\\\/2021\\\/09\\\/logo-sentinelleSLOGAN-1.png\",\"width\":615,\"height\":142,\"caption\":\"Quotidien La Sentinelle\"},\"image\":{\"@id\":\"https:\\\/\\\/lasentinelle.dz\\\/#\\\/schema\\\/logo\\\/image\\\/\"},\"sameAs\":[\"https:\\\/\\\/www.facebook.com\\\/La-Sentinelle-104059864394773\"]},{\"@type\":\"Person\",\"@id\":\"https:\\\/\\\/lasentinelle.dz\\\/#\\\/schema\\\/person\\\/d865044e22e70a75174ce8bcad3acfb3\",\"name\":\"La Sentinelle\",\"image\":{\"@type\":\"ImageObject\",\"inLanguage\":\"fr-FR\",\"@id\":\"https:\\\/\\\/secure.gravatar.com\\\/avatar\\\/57de8e5d4b15d43fb361a71fbb36338450fe67865b528a43dd10ef7c51a20392?s=96&d=mm&r=g\",\"url\":\"https:\\\/\\\/secure.gravatar.com\\\/avatar\\\/57de8e5d4b15d43fb361a71fbb36338450fe67865b528a43dd10ef7c51a20392?s=96&d=mm&r=g\",\"contentUrl\":\"https:\\\/\\\/secure.gravatar.com\\\/avatar\\\/57de8e5d4b15d43fb361a71fbb36338450fe67865b528a43dd10ef7c51a20392?s=96&d=mm&r=g\",\"caption\":\"La Sentinelle\"},\"sameAs\":[\"http:\\\/\\\/www.lasentinelle.dz\"],\"url\":\"https:\\\/\\\/lasentinelle.dz\\\/author\\\/redaction\\\/\"}]}<\/script>\n<!-- \/ Yoast SEO plugin. -->","yoast_head_json":{"title":"La strat\u00e9gie de l'Alg\u00e9rie pr\u00e9sent\u00e9e aux cadres de l'Institut nig\u00e9rian des \u00e9tudes strat\u00e9giques - La Sentinelle","robots":{"index":"index","follow":"follow","max-snippet":"max-snippet:-1","max-image-preview":"max-image-preview:large","max-video-preview":"max-video-preview:-1"},"canonical":"https:\/\/lasentinelle.dz\/index.php\/2021\/08\/26\/la-strategie-de-lalgerie-presentee-aux-cadres-de-linstitut-nigerian-des-etudes-strategiques\/","og_locale":"fr_FR","og_type":"article","og_title":"La strat\u00e9gie de l'Alg\u00e9rie pr\u00e9sent\u00e9e aux cadres de l'Institut nig\u00e9rian des \u00e9tudes strat\u00e9giques - La Sentinelle","og_description":"La strat\u00e9gie de l&rsquo;Alg\u00e9rie dans les secteurs de l&rsquo;Int\u00e9rieur, des Collectivit\u00e9s locales et de l&rsquo;Am\u00e9nagement du territoire, de l&rsquo;Enseignement sup\u00e9rieur","og_url":"https:\/\/lasentinelle.dz\/index.php\/2021\/08\/26\/la-strategie-de-lalgerie-presentee-aux-cadres-de-linstitut-nigerian-des-etudes-strategiques\/","og_site_name":"La Sentinelle","article_publisher":"https:\/\/www.facebook.com\/La-Sentinelle-104059864394773","article_published_time":"2021-08-25T23:01:00+00:00","og_image":[{"width":580,"height":350,"url":"https:\/\/lasentinelle.dz\/wp-content\/uploads\/2021\/08\/image_2021-08-25_170436.png","type":"image\/png"}],"author":"La Sentinelle","twitter_card":"summary_large_image","twitter_misc":{"\u00c9crit par":"La Sentinelle","Dur\u00e9e de lecture estim\u00e9e":"2 minutes"},"schema":{"@context":"https:\/\/schema.org","@graph":[{"@type":"Article","@id":"https:\/\/lasentinelle.dz\/index.php\/2021\/08\/26\/la-strategie-de-lalgerie-presentee-aux-cadres-de-linstitut-nigerian-des-etudes-strategiques\/#article","isPartOf":{"@id":"https:\/\/lasentinelle.dz\/index.php\/2021\/08\/26\/la-strategie-de-lalgerie-presentee-aux-cadres-de-linstitut-nigerian-des-etudes-strategiques\/"},"author":{"name":"La Sentinelle","@id":"https:\/\/lasentinelle.dz\/#\/schema\/person\/d865044e22e70a75174ce8bcad3acfb3"},"headline":"La strat\u00e9gie de l&rsquo;Alg\u00e9rie pr\u00e9sent\u00e9e aux cadres de l&rsquo;Institut nig\u00e9rian des \u00e9tudes strat\u00e9giques","datePublished":"2021-08-25T23:01:00+00:00","mainEntityOfPage":{"@id":"https:\/\/lasentinelle.dz\/index.php\/2021\/08\/26\/la-strategie-de-lalgerie-presentee-aux-cadres-de-linstitut-nigerian-des-etudes-strategiques\/"},"wordCount":465,"commentCount":0,"publisher":{"@id":"https:\/\/lasentinelle.dz\/#organization"},"image":{"@id":"https:\/\/lasentinelle.dz\/index.php\/2021\/08\/26\/la-strategie-de-lalgerie-presentee-aux-cadres-de-linstitut-nigerian-des-etudes-strategiques\/#primaryimage"},"thumbnailUrl":"https:\/\/lasentinelle.dz\/wp-content\/uploads\/2021\/08\/image_2021-08-25_170436.png","articleSection":["Actualit\u00e9"],"inLanguage":"fr-FR","potentialAction":[{"@type":"CommentAction","name":"Comment","target":["https:\/\/lasentinelle.dz\/index.php\/2021\/08\/26\/la-strategie-de-lalgerie-presentee-aux-cadres-de-linstitut-nigerian-des-etudes-strategiques\/#respond"]}]},{"@type":"WebPage","@id":"https:\/\/lasentinelle.dz\/index.php\/2021\/08\/26\/la-strategie-de-lalgerie-presentee-aux-cadres-de-linstitut-nigerian-des-etudes-strategiques\/","url":"https:\/\/lasentinelle.dz\/index.php\/2021\/08\/26\/la-strategie-de-lalgerie-presentee-aux-cadres-de-linstitut-nigerian-des-etudes-strategiques\/","name":"La strat\u00e9gie de l'Alg\u00e9rie pr\u00e9sent\u00e9e aux cadres de l'Institut nig\u00e9rian des \u00e9tudes strat\u00e9giques - La Sentinelle","isPartOf":{"@id":"https:\/\/lasentinelle.dz\/#website"},"primaryImageOfPage":{"@id":"https:\/\/lasentinelle.dz\/index.php\/2021\/08\/26\/la-strategie-de-lalgerie-presentee-aux-cadres-de-linstitut-nigerian-des-etudes-strategiques\/#primaryimage"},"image":{"@id":"https:\/\/lasentinelle.dz\/index.php\/2021\/08\/26\/la-strategie-de-lalgerie-presentee-aux-cadres-de-linstitut-nigerian-des-etudes-strategiques\/#primaryimage"},"thumbnailUrl":"https:\/\/lasentinelle.dz\/wp-content\/uploads\/2021\/08\/image_2021-08-25_170436.png","datePublished":"2021-08-25T23:01:00+00:00","breadcrumb":{"@id":"https:\/\/lasentinelle.dz\/index.php\/2021\/08\/26\/la-strategie-de-lalgerie-presentee-aux-cadres-de-linstitut-nigerian-des-etudes-strategiques\/#breadcrumb"},"inLanguage":"fr-FR","potentialAction":[{"@type":"ReadAction","target":["https:\/\/lasentinelle.dz\/index.php\/2021\/08\/26\/la-strategie-de-lalgerie-presentee-aux-cadres-de-linstitut-nigerian-des-etudes-strategiques\/"]}]},{"@type":"ImageObject","inLanguage":"fr-FR","@id":"https:\/\/lasentinelle.dz\/index.php\/2021\/08\/26\/la-strategie-de-lalgerie-presentee-aux-cadres-de-linstitut-nigerian-des-etudes-strategiques\/#primaryimage","url":"https:\/\/lasentinelle.dz\/wp-content\/uploads\/2021\/08\/image_2021-08-25_170436.png","contentUrl":"https:\/\/lasentinelle.dz\/wp-content\/uploads\/2021\/08\/image_2021-08-25_170436.png","width":580,"height":350},{"@type":"BreadcrumbList","@id":"https:\/\/lasentinelle.dz\/index.php\/2021\/08\/26\/la-strategie-de-lalgerie-presentee-aux-cadres-de-linstitut-nigerian-des-etudes-strategiques\/#breadcrumb","itemListElement":[{"@type":"ListItem","position":1,"name":"Accueil","item":"https:\/\/lasentinelle.dz\/"},{"@type":"ListItem","position":2,"name":"La strat\u00e9gie de l&rsquo;Alg\u00e9rie pr\u00e9sent\u00e9e aux cadres de l&rsquo;Institut nig\u00e9rian des \u00e9tudes strat\u00e9giques"}]},{"@type":"WebSite","@id":"https:\/\/lasentinelle.dz\/#website","url":"https:\/\/lasentinelle.dz\/","name":"La Sentinelle","description":"Quotidien national d&#039;information","publisher":{"@id":"https:\/\/lasentinelle.dz\/#organization"},"potentialAction":[{"@type":"SearchAction","target":{"@type":"EntryPoint","urlTemplate":"https:\/\/lasentinelle.dz\/?s={search_term_string}"},"query-input":{"@type":"PropertyValueSpecification","valueRequired":true,"valueName":"search_term_string"}}],"inLanguage":"fr-FR"},{"@type":"Organization","@id":"https:\/\/lasentinelle.dz\/#organization","name":"Quotidien La Sentinelle","url":"https:\/\/lasentinelle.dz\/","logo":{"@type":"ImageObject","inLanguage":"fr-FR","@id":"https:\/\/lasentinelle.dz\/#\/schema\/logo\/image\/","url":"https:\/\/lasentinelle.dz\/wp-content\/uploads\/2021\/09\/logo-sentinelleSLOGAN-1.png","contentUrl":"https:\/\/lasentinelle.dz\/wp-content\/uploads\/2021\/09\/logo-sentinelleSLOGAN-1.png","width":615,"height":142,"caption":"Quotidien La Sentinelle"},"image":{"@id":"https:\/\/lasentinelle.dz\/#\/schema\/logo\/image\/"},"sameAs":["https:\/\/www.facebook.com\/La-Sentinelle-104059864394773"]},{"@type":"Person","@id":"https:\/\/lasentinelle.dz\/#\/schema\/person\/d865044e22e70a75174ce8bcad3acfb3","name":"La Sentinelle","image":{"@type":"ImageObject","inLanguage":"fr-FR","@id":"https:\/\/secure.gravatar.com\/avatar\/57de8e5d4b15d43fb361a71fbb36338450fe67865b528a43dd10ef7c51a20392?s=96&d=mm&r=g","url":"https:\/\/secure.gravatar.com\/avatar\/57de8e5d4b15d43fb361a71fbb36338450fe67865b528a43dd10ef7c51a20392?s=96&d=mm&r=g","contentUrl":"https:\/\/secure.gravatar.com\/avatar\/57de8e5d4b15d43fb361a71fbb36338450fe67865b528a43dd10ef7c51a20392?s=96&d=mm&r=g","caption":"La Sentinelle"},"sameAs":["http:\/\/www.lasentinelle.dz"],"url":"https:\/\/lasentinelle.dz\/author\/redaction\/"}]}},"_links":{"self":[{"href":"https:\/\/lasentinelle.dz\/index.php\/wp-json\/wp\/v2\/posts\/5389","targetHints":{"allow":["GET"]}}],"collection":[{"href":"https:\/\/lasentinelle.dz\/index.php\/wp-json\/wp\/v2\/posts"}],"about":[{"href":"https:\/\/lasentinelle.dz\/index.php\/wp-json\/wp\/v2\/types\/post"}],"author":[{"embeddable":true,"href":"https:\/\/lasentinelle.dz\/index.php\/wp-json\/wp\/v2\/users\/3"}],"replies":[{"embeddable":true,"href":"https:\/\/lasentinelle.dz\/index.php\/wp-json\/wp\/v2\/comments?post=5389"}],"version-history":[{"count":1,"href":"https:\/\/lasentinelle.dz\/index.php\/wp-json\/wp\/v2\/posts\/5389\/revisions"}],"predecessor-version":[{"id":5404,"href":"https:\/\/lasentinelle.dz\/index.php\/wp-json\/wp\/v2\/posts\/5389\/revisions\/5404"}],"wp:featuredmedia":[{"embeddable":true,"href":"https:\/\/lasentinelle.dz\/index.php\/wp-json\/wp\/v2\/media\/5403"}],"wp:attachment":[{"href":"https:\/\/lasentinelle.dz\/index.php\/wp-json\/wp\/v2\/media?parent=5389"}],"wp:term":[{"taxonomy":"category","embeddable":true,"href":"https:\/\/lasentinelle.dz\/index.php\/wp-json\/wp\/v2\/categories?post=5389"},{"taxonomy":"post_tag","embeddable":true,"href":"https:\/\/lasentinelle.dz\/index.php\/wp-json\/wp\/v2\/tags?post=5389"}],"curies":[{"name":"wp","href":"https:\/\/api.w.org\/{rel}","templated":true}]}}